{"id":27956,"date":"2023-05-20T14:50:00","date_gmt":"2023-05-20T13:50:00","guid":{"rendered":"https:\/\/algarve7.pt\/?p=27956"},"modified":"2023-05-19T19:52:40","modified_gmt":"2023-05-19T18:52:40","slug":"programa-de-capacitacao-e-formacao-dos-trabalhadores-da-administracao-publica-etica-na-gestao-publica","status":"publish","type":"post","link":"https:\/\/algarve7.pt\/index.php\/2023\/05\/programa-de-capacitacao-e-formacao-dos-trabalhadores-da-administracao-publica-etica-na-gestao-publica\/atualidade\/14\/50\/","title":{"rendered":"Programa de Capacita\u00e7\u00e3o e Forma\u00e7\u00e3o dos Trabalhadores da Administra\u00e7\u00e3o P\u00fablica \u00a0\u00c9tica na Gest\u00e3o P\u00fablica"},"content":{"rendered":"\n<p>A Comiss\u00e3o de Coordena\u00e7\u00e3o e Desenvolvimento Regional (CCDR) do Algarve promover\u00e1, em parceria com o INA \u2013 Instituto Nacional de Administra\u00e7\u00e3o I.P., nos dias 22 e 23 de maio, uma a\u00e7\u00e3o de forma\u00e7\u00e3o presencial, em mat\u00e9ria de \u00c9tica e Cultura de Integridade na Gest\u00e3o P\u00fablica e Preven\u00e7\u00e3o de Riscos de Fraude e Corrup\u00e7\u00e3o.<\/p>\n\n\n\n<p>Esta forma\u00e7\u00e3o ser\u00e1 ministrada por Ant\u00f3nio Maia, formador do INA, docente do Instituto Superior de Ci\u00eancias Sociais e Pol\u00edticas da Universidade de Lisboa e quadro do Tribunal de Contas, com vasto curr\u00edculo e experi\u00eancia nas \u00e1reas em apre\u00e7o.<\/p>\n\n\n\n<p>A a\u00e7\u00e3o, de cariz te\u00f3rico-pr\u00e1tico, abordar\u00e1, nomeadamente, as seguintes tem\u00e1ticas: \u00e9tica e integridade nas organiza\u00e7\u00f5es; \u00e9tica e gest\u00e3o p\u00fablica \u2013 conflitos de interesses, fraude e corrup\u00e7\u00e3o; riscos de fraude e corrup\u00e7\u00e3o \u2013 promo\u00e7\u00e3o da \u00e9tica, da integridade e preven\u00e7\u00e3o de riscos e cuidados metodol\u00f3gicos na elabora\u00e7\u00e3o de planos de preven\u00e7\u00e3o de riscos de corrup\u00e7\u00e3o e infra\u00e7\u00f5es conexas.<\/p>\n\n\n\n<p>Num quadro de trabalho colaborativo e em rede levado a cabo pela CCDR Algarve, participar\u00e3o nesta a\u00e7\u00e3o de forma\u00e7\u00e3o cerca de quarenta trabalhadores em fun\u00e7\u00f5es p\u00fablicas oriundos das diversas unidades org\u00e2nicas da CCDR Algarve, bem como de servi\u00e7os da administra\u00e7\u00e3o p\u00fablica desconcentrada com o objetivo de refor\u00e7ar as suas qualifica\u00e7\u00f5es e compet\u00eancias.<\/p>\n\n\n\n<p>Esta a\u00e7\u00e3o \u00e9 realizada pela CCDR Algarve, no \u00e2mbito do seu Programa de Forma\u00e7\u00e3o e Capacita\u00e7\u00e3o da Administra\u00e7\u00e3o P\u00fablica, o qual \u00e9 cofinanciado pelo Programa Operacional do Algarve \u2013 CRESC ALGARVE 2020.<\/p>\n","protected":false},"excerpt":{"rendered":"<p>A Comiss\u00e3o de Coordena\u00e7\u00e3o e Desenvolvimento Regional (CCDR) do Algarve promover\u00e1, em parceria com o INA \u2013 Instituto Nacional de<\/p>\n","protected":false},"author":1,"featured_media":27957,"comment_status":"closed","ping_status":"open","sticky":false,"template":"","format":"standard","meta":{"colormag_page_container_layout":"default_layout","colormag_page_sidebar_layout":"default_layout","_monsterinsights_skip_tracking":false,"_monsterinsights_sitenote_active":false,"_monsterinsights_sitenote_note":"","_monsterinsights_sitenote_category":0,"jetpack_post_was_ever_published":false,"_jetpack_newsletter_access":"","_jetpack_dont_email_post_to_subs":false,"_jetpack_newsletter_tier_id":0,"_jetpack_memberships_contains_paywalled_content":false,"_jetpack_memberships_contains_paid_content":false,"footnotes":"","jetpack_publicize_message":"","jetpack_publicize_feature_enabled":true,"jetpack_social_post_already_shared":true,"jetpack_social_options":{"image_generator_settings":{"template":"highway","default_image_id":0,"font":"","enabled":false},"version":2}},"categories":[11],"tags":[36,62,143,360],"class_list":["post-27956","post","type-post","status-publish","format-standard","has-post-thumbnail","hentry","category-atualidade","tag-algarve","tag-atualidade","tag-ccdr-algarve","tag-formacao"],"yoast_head":"<!-- This site is optimized with the Yoast SEO plugin v27.5 - https:\/\/yoast.com\/product\/yoast-seo-wordpress\/ -->\n<title>Programa de Capacita\u00e7\u00e3o e Forma\u00e7\u00e3o dos Trabalhadores da Administra\u00e7\u00e3o P\u00fablica \u00a0\u00c9tica na Gest\u00e3o P\u00fablica - Algarve 7<\/title>\n<meta name=\"description\" content=\"Programa de Capacita\u00e7\u00e3o e Forma\u00e7\u00e3o dos Trabalhadores da Administra\u00e7\u00e3o P\u00fablica \u00a0\u00c9tica na Gest\u00e3o P\u00fablica Atualidade\" \/>\n<meta name=\"robots\" content=\"index, follow, max-snippet:-1, max-image-preview:large, max-video-preview:-1\" \/>\n<link rel=\"canonical\" href=\"https:\/\/algarve7.pt\/index.php\/2023\/05\/programa-de-capacitacao-e-formacao-dos-trabalhadores-da-administracao-publica-etica-na-gestao-publica\/atualidade\/14\/50\/\" \/>\n<meta property=\"og:locale\" content=\"pt_PT\" \/>\n<meta property=\"og:type\" content=\"article\" \/>\n<meta property=\"og:title\" content=\"Programa de Capacita\u00e7\u00e3o e Forma\u00e7\u00e3o dos Trabalhadores da Administra\u00e7\u00e3o P\u00fablica \u00a0\u00c9tica na Gest\u00e3o P\u00fablica - Algarve 7\" \/>\n<meta property=\"og:description\" content=\"Programa de Capacita\u00e7\u00e3o e Forma\u00e7\u00e3o dos Trabalhadores da Administra\u00e7\u00e3o P\u00fablica \u00a0\u00c9tica na Gest\u00e3o P\u00fablica Atualidade\" \/>\n<meta property=\"og:url\" content=\"https:\/\/algarve7.pt\/index.php\/2023\/05\/programa-de-capacitacao-e-formacao-dos-trabalhadores-da-administracao-publica-etica-na-gestao-publica\/atualidade\/14\/50\/\" \/>\n<meta property=\"og:site_name\" content=\"Algarve 7\" \/>\n<meta property=\"article:publisher\" content=\"https:\/\/www.facebook.com\/algarve7\" \/>\n<meta property=\"article:author\" content=\"https:\/\/www.facebook.com\/algarve7\" \/>\n<meta property=\"article:published_time\" content=\"2023-05-20T13:50:00+00:00\" \/>\n<meta property=\"og:image\" content=\"https:\/\/algarve7.pt\/wp-content\/uploads\/2023\/05\/Captura-de-ecra-2023-05-19-as-19.49.29.png\" \/>\n\t<meta property=\"og:image:width\" content=\"1024\" \/>\n\t<meta property=\"og:image:height\" content=\"579\" \/>\n\t<meta property=\"og:image:type\" content=\"image\/png\" \/>\n<meta name=\"author\" content=\"Algarve 7\" \/>\n<meta name=\"twitter:card\" content=\"summary_large_image\" \/>\n<meta name=\"twitter:creator\" content=\"@Algarvesete\" \/>\n<meta name=\"twitter:site\" content=\"@Algarvesete\" \/>\n<meta name=\"twitter:label1\" content=\"Escrito por\" \/>\n\t<meta name=\"twitter:data1\" content=\"Algarve 7\" \/>\n\t<meta name=\"twitter:label2\" content=\"Tempo estimado de leitura\" \/>\n\t<meta name=\"twitter:data2\" content=\"2 minutos\" \/>\n<script type=\"application\/ld+json\" class=\"yoast-schema-graph\">{\"@context\":\"https:\\\/\\\/schema.org\",\"@graph\":[{\"@type\":\"Article\",\"@id\":\"https:\\\/\\\/algarve7.pt\\\/index.php\\\/2023\\\/05\\\/programa-de-capacitacao-e-formacao-dos-trabalhadores-da-administracao-publica-etica-na-gestao-publica\\\/atualidade\\\/14\\\/50\\\/#article\",\"isPartOf\":{\"@id\":\"https:\\\/\\\/algarve7.pt\\\/index.php\\\/2023\\\/05\\\/programa-de-capacitacao-e-formacao-dos-trabalhadores-da-administracao-publica-etica-na-gestao-publica\\\/atualidade\\\/14\\\/50\\\/\"},\"author\":{\"name\":\"Algarve 7\",\"@id\":\"https:\\\/\\\/algarve7.pt\\\/#\\\/schema\\\/person\\\/23fa70681308e7b319a3204bcea45e0c\"},\"headline\":\"Programa de Capacita\u00e7\u00e3o e Forma\u00e7\u00e3o dos Trabalhadores da Administra\u00e7\u00e3o P\u00fablica \u00a0\u00c9tica na Gest\u00e3o P\u00fablica\",\"datePublished\":\"2023-05-20T13:50:00+00:00\",\"mainEntityOfPage\":{\"@id\":\"https:\\\/\\\/algarve7.pt\\\/index.php\\\/2023\\\/05\\\/programa-de-capacitacao-e-formacao-dos-trabalhadores-da-administracao-publica-etica-na-gestao-publica\\\/atualidade\\\/14\\\/50\\\/\"},\"wordCount\":294,\"publisher\":{\"@id\":\"https:\\\/\\\/algarve7.pt\\\/#organization\"},\"image\":{\"@id\":\"https:\\\/\\\/algarve7.pt\\\/index.php\\\/2023\\\/05\\\/programa-de-capacitacao-e-formacao-dos-trabalhadores-da-administracao-publica-etica-na-gestao-publica\\\/atualidade\\\/14\\\/50\\\/#primaryimage\"},\"thumbnailUrl\":\"https:\\\/\\\/algarve7.pt\\\/wp-content\\\/uploads\\\/2023\\\/05\\\/Captura-de-ecra-2023-05-19-as-19.49.29.png\",\"keywords\":[\"Algarve\",\"Atualidade\",\"CCDR Algarve\",\"Forma\u00e7\u00e3o\"],\"articleSection\":[\"Atualidade\"],\"inLanguage\":\"pt-PT\"},{\"@type\":\"WebPage\",\"@id\":\"https:\\\/\\\/algarve7.pt\\\/index.php\\\/2023\\\/05\\\/programa-de-capacitacao-e-formacao-dos-trabalhadores-da-administracao-publica-etica-na-gestao-publica\\\/atualidade\\\/14\\\/50\\\/\",\"url\":\"https:\\\/\\\/algarve7.pt\\\/index.php\\\/2023\\\/05\\\/programa-de-capacitacao-e-formacao-dos-trabalhadores-da-administracao-publica-etica-na-gestao-publica\\\/atualidade\\\/14\\\/50\\\/\",\"name\":\"Programa de Capacita\u00e7\u00e3o e Forma\u00e7\u00e3o dos Trabalhadores da Administra\u00e7\u00e3o P\u00fablica \u00a0\u00c9tica na Gest\u00e3o P\u00fablica - Algarve 7\",\"isPartOf\":{\"@id\":\"https:\\\/\\\/algarve7.pt\\\/#website\"},\"primaryImageOfPage\":{\"@id\":\"https:\\\/\\\/algarve7.pt\\\/index.php\\\/2023\\\/05\\\/programa-de-capacitacao-e-formacao-dos-trabalhadores-da-administracao-publica-etica-na-gestao-publica\\\/atualidade\\\/14\\\/50\\\/#primaryimage\"},\"image\":{\"@id\":\"https:\\\/\\\/algarve7.pt\\\/index.php\\\/2023\\\/05\\\/programa-de-capacitacao-e-formacao-dos-trabalhadores-da-administracao-publica-etica-na-gestao-publica\\\/atualidade\\\/14\\\/50\\\/#primaryimage\"},\"thumbnailUrl\":\"https:\\\/\\\/algarve7.pt\\\/wp-content\\\/uploads\\\/2023\\\/05\\\/Captura-de-ecra-2023-05-19-as-19.49.29.png\",\"datePublished\":\"2023-05-20T13:50:00+00:00\",\"description\":\"Programa de Capacita\u00e7\u00e3o e Forma\u00e7\u00e3o dos Trabalhadores da Administra\u00e7\u00e3o P\u00fablica \u00a0\u00c9tica na Gest\u00e3o P\u00fablica Atualidade\",\"breadcrumb\":{\"@id\":\"https:\\\/\\\/algarve7.pt\\\/index.php\\\/2023\\\/05\\\/programa-de-capacitacao-e-formacao-dos-trabalhadores-da-administracao-publica-etica-na-gestao-publica\\\/atualidade\\\/14\\\/50\\\/#breadcrumb\"},\"inLanguage\":\"pt-PT\",\"potentialAction\":[{\"@type\":\"ReadAction\",\"target\":[\"https:\\\/\\\/algarve7.pt\\\/index.php\\\/2023\\\/05\\\/programa-de-capacitacao-e-formacao-dos-trabalhadores-da-administracao-publica-etica-na-gestao-publica\\\/atualidade\\\/14\\\/50\\\/\"]}]},{\"@type\":\"ImageObject\",\"inLanguage\":\"pt-PT\",\"@id\":\"https:\\\/\\\/algarve7.pt\\\/index.php\\\/2023\\\/05\\\/programa-de-capacitacao-e-formacao-dos-trabalhadores-da-administracao-publica-etica-na-gestao-publica\\\/atualidade\\\/14\\\/50\\\/#primaryimage\",\"url\":\"https:\\\/\\\/algarve7.pt\\\/wp-content\\\/uploads\\\/2023\\\/05\\\/Captura-de-ecra-2023-05-19-as-19.49.29.png\",\"contentUrl\":\"https:\\\/\\\/algarve7.pt\\\/wp-content\\\/uploads\\\/2023\\\/05\\\/Captura-de-ecra-2023-05-19-as-19.49.29.png\",\"width\":1024,\"height\":579},{\"@type\":\"BreadcrumbList\",\"@id\":\"https:\\\/\\\/algarve7.pt\\\/index.php\\\/2023\\\/05\\\/programa-de-capacitacao-e-formacao-dos-trabalhadores-da-administracao-publica-etica-na-gestao-publica\\\/atualidade\\\/14\\\/50\\\/#breadcrumb\",\"itemListElement\":[{\"@type\":\"ListItem\",\"position\":1,\"name\":\"In\u00edcio\",\"item\":\"https:\\\/\\\/algarve7.pt\\\/\"},{\"@type\":\"ListItem\",\"position\":2,\"name\":\"Programa de Capacita\u00e7\u00e3o e Forma\u00e7\u00e3o dos Trabalhadores da Administra\u00e7\u00e3o P\u00fablica \u00a0\u00c9tica na Gest\u00e3o P\u00fablica\"}]},{\"@type\":\"WebSite\",\"@id\":\"https:\\\/\\\/algarve7.pt\\\/#website\",\"url\":\"https:\\\/\\\/algarve7.pt\\\/\",\"name\":\"Algarve 7\",\"description\":\"Informa\u00e7\u00e3o sobre o Algarve\",\"publisher\":{\"@id\":\"https:\\\/\\\/algarve7.pt\\\/#organization\"},\"potentialAction\":[{\"@type\":\"SearchAction\",\"target\":{\"@type\":\"EntryPoint\",\"urlTemplate\":\"https:\\\/\\\/algarve7.pt\\\/?s={search_term_string}\"},\"query-input\":{\"@type\":\"PropertyValueSpecification\",\"valueRequired\":true,\"valueName\":\"search_term_string\"}}],\"inLanguage\":\"pt-PT\"},{\"@type\":\"Organization\",\"@id\":\"https:\\\/\\\/algarve7.pt\\\/#organization\",\"name\":\"Algarve 7\",\"url\":\"https:\\\/\\\/algarve7.pt\\\/\",\"logo\":{\"@type\":\"ImageObject\",\"inLanguage\":\"pt-PT\",\"@id\":\"https:\\\/\\\/algarve7.pt\\\/#\\\/schema\\\/logo\\\/image\\\/\",\"url\":\"https:\\\/\\\/algarve7.pt\\\/wp-content\\\/uploads\\\/2020\\\/10\\\/Logo-8.jpg\",\"contentUrl\":\"https:\\\/\\\/algarve7.pt\\\/wp-content\\\/uploads\\\/2020\\\/10\\\/Logo-8.jpg\",\"width\":1680,\"height\":1186,\"caption\":\"Algarve 7\"},\"image\":{\"@id\":\"https:\\\/\\\/algarve7.pt\\\/#\\\/schema\\\/logo\\\/image\\\/\"},\"sameAs\":[\"https:\\\/\\\/www.facebook.com\\\/algarve7\",\"https:\\\/\\\/x.com\\\/Algarvesete\",\"https:\\\/\\\/www.instagram.com\\\/jornalalgarve7\\\/\",\"https:\\\/\\\/www.linkedin.com\\\/company\\\/algarve7\",\"https:\\\/\\\/www.pinterest.pt\\\/geral0939\\\/_created\\\/\"]},{\"@type\":\"Person\",\"@id\":\"https:\\\/\\\/algarve7.pt\\\/#\\\/schema\\\/person\\\/23fa70681308e7b319a3204bcea45e0c\",\"name\":\"Algarve 7\",\"sameAs\":[\"https:\\\/\\\/algarve7.pt\",\"https:\\\/\\\/www.facebook.com\\\/algarve7\"],\"url\":\"https:\\\/\\\/algarve7.pt\\\/index.php\\\/author\\\/geralalgarve7-pt\\\/\"}]}<\/script>\n<!-- \/ Yoast SEO plugin. -->","yoast_head_json":{"title":"Programa de Capacita\u00e7\u00e3o e Forma\u00e7\u00e3o dos Trabalhadores da Administra\u00e7\u00e3o P\u00fablica \u00a0\u00c9tica na Gest\u00e3o P\u00fablica - Algarve 7","description":"Programa de Capacita\u00e7\u00e3o e Forma\u00e7\u00e3o dos Trabalhadores da Administra\u00e7\u00e3o P\u00fablica \u00a0\u00c9tica na Gest\u00e3o P\u00fablica Atualidade","robots":{"index":"index","follow":"follow","max-snippet":"max-snippet:-1","max-image-preview":"max-image-preview:large","max-video-preview":"max-video-preview:-1"},"canonical":"https:\/\/algarve7.pt\/index.php\/2023\/05\/programa-de-capacitacao-e-formacao-dos-trabalhadores-da-administracao-publica-etica-na-gestao-publica\/atualidade\/14\/50\/","og_locale":"pt_PT","og_type":"article","og_title":"Programa de Capacita\u00e7\u00e3o e Forma\u00e7\u00e3o dos Trabalhadores da Administra\u00e7\u00e3o P\u00fablica \u00a0\u00c9tica na Gest\u00e3o P\u00fablica - Algarve 7","og_description":"Programa de Capacita\u00e7\u00e3o e Forma\u00e7\u00e3o dos Trabalhadores da Administra\u00e7\u00e3o P\u00fablica \u00a0\u00c9tica na Gest\u00e3o P\u00fablica Atualidade","og_url":"https:\/\/algarve7.pt\/index.php\/2023\/05\/programa-de-capacitacao-e-formacao-dos-trabalhadores-da-administracao-publica-etica-na-gestao-publica\/atualidade\/14\/50\/","og_site_name":"Algarve 7","article_publisher":"https:\/\/www.facebook.com\/algarve7","article_author":"https:\/\/www.facebook.com\/algarve7","article_published_time":"2023-05-20T13:50:00+00:00","og_image":[{"width":1024,"height":579,"url":"https:\/\/algarve7.pt\/wp-content\/uploads\/2023\/05\/Captura-de-ecra-2023-05-19-as-19.49.29.png","type":"image\/png"}],"author":"Algarve 7","twitter_card":"summary_large_image","twitter_creator":"@Algarvesete","twitter_site":"@Algarvesete","twitter_misc":{"Escrito por":"Algarve 7","Tempo estimado de leitura":"2 minutos"},"schema":{"@context":"https:\/\/schema.org","@graph":[{"@type":"Article","@id":"https:\/\/algarve7.pt\/index.php\/2023\/05\/programa-de-capacitacao-e-formacao-dos-trabalhadores-da-administracao-publica-etica-na-gestao-publica\/atualidade\/14\/50\/#article","isPartOf":{"@id":"https:\/\/algarve7.pt\/index.php\/2023\/05\/programa-de-capacitacao-e-formacao-dos-trabalhadores-da-administracao-publica-etica-na-gestao-publica\/atualidade\/14\/50\/"},"author":{"name":"Algarve 7","@id":"https:\/\/algarve7.pt\/#\/schema\/person\/23fa70681308e7b319a3204bcea45e0c"},"headline":"Programa de Capacita\u00e7\u00e3o e Forma\u00e7\u00e3o dos Trabalhadores da Administra\u00e7\u00e3o P\u00fablica \u00a0\u00c9tica na Gest\u00e3o P\u00fablica","datePublished":"2023-05-20T13:50:00+00:00","mainEntityOfPage":{"@id":"https:\/\/algarve7.pt\/index.php\/2023\/05\/programa-de-capacitacao-e-formacao-dos-trabalhadores-da-administracao-publica-etica-na-gestao-publica\/atualidade\/14\/50\/"},"wordCount":294,"publisher":{"@id":"https:\/\/algarve7.pt\/#organization"},"image":{"@id":"https:\/\/algarve7.pt\/index.php\/2023\/05\/programa-de-capacitacao-e-formacao-dos-trabalhadores-da-administracao-publica-etica-na-gestao-publica\/atualidade\/14\/50\/#primaryimage"},"thumbnailUrl":"https:\/\/algarve7.pt\/wp-content\/uploads\/2023\/05\/Captura-de-ecra-2023-05-19-as-19.49.29.png","keywords":["Algarve","Atualidade","CCDR Algarve","Forma\u00e7\u00e3o"],"articleSection":["Atualidade"],"inLanguage":"pt-PT"},{"@type":"WebPage","@id":"https:\/\/algarve7.pt\/index.php\/2023\/05\/programa-de-capacitacao-e-formacao-dos-trabalhadores-da-administracao-publica-etica-na-gestao-publica\/atualidade\/14\/50\/","url":"https:\/\/algarve7.pt\/index.php\/2023\/05\/programa-de-capacitacao-e-formacao-dos-trabalhadores-da-administracao-publica-etica-na-gestao-publica\/atualidade\/14\/50\/","name":"Programa de Capacita\u00e7\u00e3o e Forma\u00e7\u00e3o dos Trabalhadores da Administra\u00e7\u00e3o P\u00fablica \u00a0\u00c9tica na Gest\u00e3o P\u00fablica - Algarve 7","isPartOf":{"@id":"https:\/\/algarve7.pt\/#website"},"primaryImageOfPage":{"@id":"https:\/\/algarve7.pt\/index.php\/2023\/05\/programa-de-capacitacao-e-formacao-dos-trabalhadores-da-administracao-publica-etica-na-gestao-publica\/atualidade\/14\/50\/#primaryimage"},"image":{"@id":"https:\/\/algarve7.pt\/index.php\/2023\/05\/programa-de-capacitacao-e-formacao-dos-trabalhadores-da-administracao-publica-etica-na-gestao-publica\/atualidade\/14\/50\/#primaryimage"},"thumbnailUrl":"https:\/\/algarve7.pt\/wp-content\/uploads\/2023\/05\/Captura-de-ecra-2023-05-19-as-19.49.29.png","datePublished":"2023-05-20T13:50:00+00:00","description":"Programa de Capacita\u00e7\u00e3o e Forma\u00e7\u00e3o dos Trabalhadores da Administra\u00e7\u00e3o P\u00fablica \u00a0\u00c9tica na Gest\u00e3o P\u00fablica Atualidade","breadcrumb":{"@id":"https:\/\/algarve7.pt\/index.php\/2023\/05\/programa-de-capacitacao-e-formacao-dos-trabalhadores-da-administracao-publica-etica-na-gestao-publica\/atualidade\/14\/50\/#breadcrumb"},"inLanguage":"pt-PT","potentialAction":[{"@type":"ReadAction","target":["https:\/\/algarve7.pt\/index.php\/2023\/05\/programa-de-capacitacao-e-formacao-dos-trabalhadores-da-administracao-publica-etica-na-gestao-publica\/atualidade\/14\/50\/"]}]},{"@type":"ImageObject","inLanguage":"pt-PT","@id":"https:\/\/algarve7.pt\/index.php\/2023\/05\/programa-de-capacitacao-e-formacao-dos-trabalhadores-da-administracao-publica-etica-na-gestao-publica\/atualidade\/14\/50\/#primaryimage","url":"https:\/\/algarve7.pt\/wp-content\/uploads\/2023\/05\/Captura-de-ecra-2023-05-19-as-19.49.29.png","contentUrl":"https:\/\/algarve7.pt\/wp-content\/uploads\/2023\/05\/Captura-de-ecra-2023-05-19-as-19.49.29.png","width":1024,"height":579},{"@type":"BreadcrumbList","@id":"https:\/\/algarve7.pt\/index.php\/2023\/05\/programa-de-capacitacao-e-formacao-dos-trabalhadores-da-administracao-publica-etica-na-gestao-publica\/atualidade\/14\/50\/#breadcrumb","itemListElement":[{"@type":"ListItem","position":1,"name":"In\u00edcio","item":"https:\/\/algarve7.pt\/"},{"@type":"ListItem","position":2,"name":"Programa de Capacita\u00e7\u00e3o e Forma\u00e7\u00e3o dos Trabalhadores da Administra\u00e7\u00e3o P\u00fablica \u00a0\u00c9tica na Gest\u00e3o P\u00fablica"}]},{"@type":"WebSite","@id":"https:\/\/algarve7.pt\/#website","url":"https:\/\/algarve7.pt\/","name":"Algarve 7","description":"Informa\u00e7\u00e3o sobre o Algarve","publisher":{"@id":"https:\/\/algarve7.pt\/#organization"},"potentialAction":[{"@type":"SearchAction","target":{"@type":"EntryPoint","urlTemplate":"https:\/\/algarve7.pt\/?s={search_term_string}"},"query-input":{"@type":"PropertyValueSpecification","valueRequired":true,"valueName":"search_term_string"}}],"inLanguage":"pt-PT"},{"@type":"Organization","@id":"https:\/\/algarve7.pt\/#organization","name":"Algarve 7","url":"https:\/\/algarve7.pt\/","logo":{"@type":"ImageObject","inLanguage":"pt-PT","@id":"https:\/\/algarve7.pt\/#\/schema\/logo\/image\/","url":"https:\/\/algarve7.pt\/wp-content\/uploads\/2020\/10\/Logo-8.jpg","contentUrl":"https:\/\/algarve7.pt\/wp-content\/uploads\/2020\/10\/Logo-8.jpg","width":1680,"height":1186,"caption":"Algarve 7"},"image":{"@id":"https:\/\/algarve7.pt\/#\/schema\/logo\/image\/"},"sameAs":["https:\/\/www.facebook.com\/algarve7","https:\/\/x.com\/Algarvesete","https:\/\/www.instagram.com\/jornalalgarve7\/","https:\/\/www.linkedin.com\/company\/algarve7","https:\/\/www.pinterest.pt\/geral0939\/_created\/"]},{"@type":"Person","@id":"https:\/\/algarve7.pt\/#\/schema\/person\/23fa70681308e7b319a3204bcea45e0c","name":"Algarve 7","sameAs":["https:\/\/algarve7.pt","https:\/\/www.facebook.com\/algarve7"],"url":"https:\/\/algarve7.pt\/index.php\/author\/geralalgarve7-pt\/"}]}},"jetpack_publicize_connections":[],"jetpack_featured_media_url":"https:\/\/algarve7.pt\/wp-content\/uploads\/2023\/05\/Captura-de-ecra-2023-05-19-as-19.49.29.png","jetpack_shortlink":"https:\/\/wp.me\/pcezmW-7gU","jetpack_sharing_enabled":true,"_links":{"self":[{"href":"https:\/\/algarve7.pt\/index.php\/wp-json\/wp\/v2\/posts\/27956","targetHints":{"allow":["GET"]}}],"collection":[{"href":"https:\/\/algarve7.pt\/index.php\/wp-json\/wp\/v2\/posts"}],"about":[{"href":"https:\/\/algarve7.pt\/index.php\/wp-json\/wp\/v2\/types\/post"}],"author":[{"embeddable":true,"href":"https:\/\/algarve7.pt\/index.php\/wp-json\/wp\/v2\/users\/1"}],"replies":[{"embeddable":true,"href":"https:\/\/algarve7.pt\/index.php\/wp-json\/wp\/v2\/comments?post=27956"}],"version-history":[{"count":0,"href":"https:\/\/algarve7.pt\/index.php\/wp-json\/wp\/v2\/posts\/27956\/revisions"}],"wp:featuredmedia":[{"embeddable":true,"href":"https:\/\/algarve7.pt\/index.php\/wp-json\/wp\/v2\/media\/27957"}],"wp:attachment":[{"href":"https:\/\/algarve7.pt\/index.php\/wp-json\/wp\/v2\/media?parent=27956"}],"wp:term":[{"taxonomy":"category","embeddable":true,"href":"https:\/\/algarve7.pt\/index.php\/wp-json\/wp\/v2\/categories?post=27956"},{"taxonomy":"post_tag","embeddable":true,"href":"https:\/\/algarve7.pt\/index.php\/wp-json\/wp\/v2\/tags?post=27956"}],"curies":[{"name":"wp","href":"https:\/\/api.w.org\/{rel}","templated":true}]}}