{"id":27943,"date":"2023-05-21T13:00:00","date_gmt":"2023-05-21T12:00:00","guid":{"rendered":"https:\/\/algarve7.pt\/?p=27943"},"modified":"2023-05-19T18:58:56","modified_gmt":"2023-05-19T17:58:56","slug":"noventa-empresas-de-albufeira-reconhecidas-com-selo-pme-lider-e-pme-excelencia","status":"publish","type":"post","link":"https:\/\/algarve7.pt\/index.php\/2023\/05\/noventa-empresas-de-albufeira-reconhecidas-com-selo-pme-lider-e-pme-excelencia\/atualidade\/13\/00\/","title":{"rendered":"Noventa empresas de Albufeira reconhecidas com selo \u201cPME l\u00edder\u201d e \u201cPME excel\u00eancia\u201d"},"content":{"rendered":"\n<p>Em clima de grande satisfa\u00e7\u00e3o, decorreu no passado dia 17 no Hotel Al\u00edsios a 7.\u00aa edi\u00e7\u00e3o da Cerim\u00f3nia de Distin\u00e7\u00e3o das PME\u2019s L\u00edder e PME\u2019s Excel\u00eancia, relativa ao ano econ\u00f3mico de 2021, um ato concebido pelo Munic\u00edpio de Albufeira que visa enaltecer a excel\u00eancia empresarial e motivar as pequenas e m\u00e9dias empresas do concelho. Ao todo, foram distinguidas 90 empresas, estando presentes 53 representantes das mesmas. Refira-se que dessas 90 empresas, 36 classificaram-se como PME Excel\u00eancia. Trata-se de um selo de qualidade atribu\u00eddo pelo IAPMEI e pelo Turismo de Portugal \u00e0s empresas que mais contribu\u00edram para a competitividade e para o desenvolvimento da economia nacional.<\/p>\n\n\n\n<p>A cerim\u00f3nia come\u00e7ou com uma homenagem a Jos\u00e9 Gomes Leandro, propriet\u00e1rio do local onde decorreu a cerim\u00f3nia, conhecido como um decano do Turismo em Albufeira, sendo um dos primeiros empres\u00e1rios do pa\u00eds a apostar na moderniza\u00e7\u00e3o e efic\u00e1cia energ\u00e9tica. Com uma intensa atividade empresarial ligada \u00e0 hotelaria e um vasto curr\u00edculo na \u00e1rea tur\u00edstica e associativa, Jos\u00e9 Carlos Rolo fez quest\u00e3o de completar o seu perfil: \u201cJos\u00e9 Leandro espalha humanismo, cultiva a amizade e pratica a dedica\u00e7\u00e3o a Albufeira\u201d. Emocionado com a homenagem que o Munic\u00edpio lhe prestou (refira-se que j\u00e1 anteriormente lhe tinha sido entregue pelo Munic\u00edpio a ins\u00edgnia de Medalha de Grau Ouro), o empres\u00e1rio albufeirense projeta agora para Paderne um empreendimento tur\u00edstico de 5 estrelas a partir da ideia da sustentabilidade, com base nos recursos da Natureza, designado Hotel Vale do Tempo. \u201cTudo o que aconteceu at\u00e9 agora, teve uma raz\u00e3o de existir. Tudo quanto eu fiz, partiu sempre de um pensar nos outros, relegando-me sempre para o final\u201d, referiu o empres\u00e1rio, sem deixar de fazer refer\u00eancia ao seu novo projeto: \u201cResta-me cumprir ainda apenas um sonho, o do Hotel Vale do Tempo, um hotel rural para homenagear os meus antepassados\u201d. O futuro hotel localiza-se em Vale de Pegas, inserindo-se no Barrocal Algarvio, marcado pela ruralidade e pela baixa densidade populacional.<\/p>\n\n\n\n<p>O vice-presidente da Autarquia e respons\u00e1vel pelo pelouro do Empreendedorismo, Cristiano Cabrita n\u00e3o poupou as palavras para expressar o \u201corgulho\u201d nas empresas que demonstraram \u201cum bom desempenho\u201d no ano de 2021. \u201cServe esta cerim\u00f3nia para reconhecer a excel\u00eancia do vosso desempenho para que em un\u00edssono possamos fazer de Albufeira o melhor s\u00edtio do mundo para viver, bem como o melhor destino tur\u00edstico. Sintam por esta Autarquia, o mesmo carinho que a Autarquia sente pelo vosso trabalho\u201d, disse aquele respons\u00e1vel.<\/p>\n","protected":false},"excerpt":{"rendered":"<p>Em clima de grande satisfa\u00e7\u00e3o, decorreu no passado dia 17 no Hotel Al\u00edsios a 7.\u00aa edi\u00e7\u00e3o da Cerim\u00f3nia de Distin\u00e7\u00e3o<\/p>\n","protected":false},"author":1,"featured_media":27944,"comment_status":"closed","ping_status":"open","sticky":false,"template":"","format":"standard","meta":{"colormag_page_container_layout":"default_layout","colormag_page_sidebar_layout":"default_layout","_monsterinsights_skip_tracking":false,"_monsterinsights_sitenote_active":false,"_monsterinsights_sitenote_note":"","_monsterinsights_sitenote_category":0,"jetpack_post_was_ever_published":false,"_jetpack_newsletter_access":"","_jetpack_dont_email_post_to_subs":false,"_jetpack_newsletter_tier_id":0,"_jetpack_memberships_contains_paywalled_content":false,"_jetpack_memberships_contains_paid_content":false,"footnotes":"","jetpack_publicize_message":"","jetpack_publicize_feature_enabled":true,"jetpack_social_post_already_shared":true,"jetpack_social_options":{"image_generator_settings":{"template":"highway","default_image_id":0,"font":"","enabled":false},"version":2}},"categories":[11],"tags":[155,36,62,547],"class_list":["post-27943","post","type-post","status-publish","format-standard","has-post-thumbnail","hentry","category-atualidade","tag-albufeira","tag-algarve","tag-atualidade","tag-pme"],"yoast_head":"<!-- This site is optimized with the Yoast SEO plugin v27.5 - https:\/\/yoast.com\/product\/yoast-seo-wordpress\/ -->\n<title>Noventa empresas de Albufeira reconhecidas com selo \u201cPME l\u00edder\u201d e \u201cPME excel\u00eancia\u201d - Algarve 7<\/title>\n<meta name=\"description\" content=\"Noventa empresas de Albufeira reconhecidas com selo \u201cPME l\u00edder\u201d e \u201cPME excel\u00eancia\u201d Atualidade\" \/>\n<meta name=\"robots\" content=\"index, follow, max-snippet:-1, max-image-preview:large, max-video-preview:-1\" \/>\n<link rel=\"canonical\" href=\"https:\/\/algarve7.pt\/index.php\/2023\/05\/noventa-empresas-de-albufeira-reconhecidas-com-selo-pme-lider-e-pme-excelencia\/atualidade\/13\/00\/\" \/>\n<meta property=\"og:locale\" content=\"pt_PT\" \/>\n<meta property=\"og:type\" content=\"article\" \/>\n<meta property=\"og:title\" content=\"Noventa empresas de Albufeira reconhecidas com selo \u201cPME l\u00edder\u201d e \u201cPME excel\u00eancia\u201d - Algarve 7\" \/>\n<meta property=\"og:description\" content=\"Noventa empresas de Albufeira reconhecidas com selo \u201cPME l\u00edder\u201d e \u201cPME excel\u00eancia\u201d Atualidade\" \/>\n<meta property=\"og:url\" content=\"https:\/\/algarve7.pt\/index.php\/2023\/05\/noventa-empresas-de-albufeira-reconhecidas-com-selo-pme-lider-e-pme-excelencia\/atualidade\/13\/00\/\" \/>\n<meta property=\"og:site_name\" content=\"Algarve 7\" \/>\n<meta property=\"article:publisher\" content=\"https:\/\/www.facebook.com\/algarve7\" \/>\n<meta property=\"article:author\" content=\"https:\/\/www.facebook.com\/algarve7\" \/>\n<meta property=\"article:published_time\" content=\"2023-05-21T12:00:00+00:00\" \/>\n<meta property=\"og:image\" content=\"https:\/\/algarve7.pt\/wp-content\/uploads\/2023\/05\/1-CMA\u00a9RuiGregorio_12221.jpg\" \/>\n\t<meta property=\"og:image:width\" content=\"1024\" \/>\n\t<meta property=\"og:image:height\" content=\"627\" \/>\n\t<meta property=\"og:image:type\" content=\"image\/jpeg\" \/>\n<meta name=\"author\" content=\"Algarve 7\" \/>\n<meta name=\"twitter:card\" content=\"summary_large_image\" \/>\n<meta name=\"twitter:creator\" content=\"@Algarvesete\" \/>\n<meta name=\"twitter:site\" content=\"@Algarvesete\" \/>\n<meta name=\"twitter:label1\" content=\"Escrito por\" \/>\n\t<meta name=\"twitter:data1\" content=\"Algarve 7\" \/>\n\t<meta name=\"twitter:label2\" content=\"Tempo estimado de leitura\" \/>\n\t<meta name=\"twitter:data2\" content=\"3 minutos\" \/>\n<script type=\"application\/ld+json\" class=\"yoast-schema-graph\">{\"@context\":\"https:\\\/\\\/schema.org\",\"@graph\":[{\"@type\":\"Article\",\"@id\":\"https:\\\/\\\/algarve7.pt\\\/index.php\\\/2023\\\/05\\\/noventa-empresas-de-albufeira-reconhecidas-com-selo-pme-lider-e-pme-excelencia\\\/atualidade\\\/13\\\/00\\\/#article\",\"isPartOf\":{\"@id\":\"https:\\\/\\\/algarve7.pt\\\/index.php\\\/2023\\\/05\\\/noventa-empresas-de-albufeira-reconhecidas-com-selo-pme-lider-e-pme-excelencia\\\/atualidade\\\/13\\\/00\\\/\"},\"author\":{\"name\":\"Algarve 7\",\"@id\":\"https:\\\/\\\/algarve7.pt\\\/#\\\/schema\\\/person\\\/23fa70681308e7b319a3204bcea45e0c\"},\"headline\":\"Noventa empresas de Albufeira reconhecidas com selo \u201cPME l\u00edder\u201d e \u201cPME excel\u00eancia\u201d\",\"datePublished\":\"2023-05-21T12:00:00+00:00\",\"mainEntityOfPage\":{\"@id\":\"https:\\\/\\\/algarve7.pt\\\/index.php\\\/2023\\\/05\\\/noventa-empresas-de-albufeira-reconhecidas-com-selo-pme-lider-e-pme-excelencia\\\/atualidade\\\/13\\\/00\\\/\"},\"wordCount\":447,\"publisher\":{\"@id\":\"https:\\\/\\\/algarve7.pt\\\/#organization\"},\"image\":{\"@id\":\"https:\\\/\\\/algarve7.pt\\\/index.php\\\/2023\\\/05\\\/noventa-empresas-de-albufeira-reconhecidas-com-selo-pme-lider-e-pme-excelencia\\\/atualidade\\\/13\\\/00\\\/#primaryimage\"},\"thumbnailUrl\":\"https:\\\/\\\/algarve7.pt\\\/wp-content\\\/uploads\\\/2023\\\/05\\\/1-CMA\u00a9RuiGregorio_12221.jpg\",\"keywords\":[\"Albufeira\",\"Algarve\",\"Atualidade\",\"PME\"],\"articleSection\":[\"Atualidade\"],\"inLanguage\":\"pt-PT\"},{\"@type\":\"WebPage\",\"@id\":\"https:\\\/\\\/algarve7.pt\\\/index.php\\\/2023\\\/05\\\/noventa-empresas-de-albufeira-reconhecidas-com-selo-pme-lider-e-pme-excelencia\\\/atualidade\\\/13\\\/00\\\/\",\"url\":\"https:\\\/\\\/algarve7.pt\\\/index.php\\\/2023\\\/05\\\/noventa-empresas-de-albufeira-reconhecidas-com-selo-pme-lider-e-pme-excelencia\\\/atualidade\\\/13\\\/00\\\/\",\"name\":\"Noventa empresas de Albufeira reconhecidas com selo \u201cPME l\u00edder\u201d e \u201cPME excel\u00eancia\u201d - Algarve 7\",\"isPartOf\":{\"@id\":\"https:\\\/\\\/algarve7.pt\\\/#website\"},\"primaryImageOfPage\":{\"@id\":\"https:\\\/\\\/algarve7.pt\\\/index.php\\\/2023\\\/05\\\/noventa-empresas-de-albufeira-reconhecidas-com-selo-pme-lider-e-pme-excelencia\\\/atualidade\\\/13\\\/00\\\/#primaryimage\"},\"image\":{\"@id\":\"https:\\\/\\\/algarve7.pt\\\/index.php\\\/2023\\\/05\\\/noventa-empresas-de-albufeira-reconhecidas-com-selo-pme-lider-e-pme-excelencia\\\/atualidade\\\/13\\\/00\\\/#primaryimage\"},\"thumbnailUrl\":\"https:\\\/\\\/algarve7.pt\\\/wp-content\\\/uploads\\\/2023\\\/05\\\/1-CMA\u00a9RuiGregorio_12221.jpg\",\"datePublished\":\"2023-05-21T12:00:00+00:00\",\"description\":\"Noventa empresas de Albufeira reconhecidas com selo \u201cPME l\u00edder\u201d e \u201cPME excel\u00eancia\u201d Atualidade\",\"breadcrumb\":{\"@id\":\"https:\\\/\\\/algarve7.pt\\\/index.php\\\/2023\\\/05\\\/noventa-empresas-de-albufeira-reconhecidas-com-selo-pme-lider-e-pme-excelencia\\\/atualidade\\\/13\\\/00\\\/#breadcrumb\"},\"inLanguage\":\"pt-PT\",\"potentialAction\":[{\"@type\":\"ReadAction\",\"target\":[\"https:\\\/\\\/algarve7.pt\\\/index.php\\\/2023\\\/05\\\/noventa-empresas-de-albufeira-reconhecidas-com-selo-pme-lider-e-pme-excelencia\\\/atualidade\\\/13\\\/00\\\/\"]}]},{\"@type\":\"ImageObject\",\"inLanguage\":\"pt-PT\",\"@id\":\"https:\\\/\\\/algarve7.pt\\\/index.php\\\/2023\\\/05\\\/noventa-empresas-de-albufeira-reconhecidas-com-selo-pme-lider-e-pme-excelencia\\\/atualidade\\\/13\\\/00\\\/#primaryimage\",\"url\":\"https:\\\/\\\/algarve7.pt\\\/wp-content\\\/uploads\\\/2023\\\/05\\\/1-CMA\u00a9RuiGregorio_12221.jpg\",\"contentUrl\":\"https:\\\/\\\/algarve7.pt\\\/wp-content\\\/uploads\\\/2023\\\/05\\\/1-CMA\u00a9RuiGregorio_12221.jpg\",\"width\":1024,\"height\":627},{\"@type\":\"BreadcrumbList\",\"@id\":\"https:\\\/\\\/algarve7.pt\\\/index.php\\\/2023\\\/05\\\/noventa-empresas-de-albufeira-reconhecidas-com-selo-pme-lider-e-pme-excelencia\\\/atualidade\\\/13\\\/00\\\/#breadcrumb\",\"itemListElement\":[{\"@type\":\"ListItem\",\"position\":1,\"name\":\"In\u00edcio\",\"item\":\"https:\\\/\\\/algarve7.pt\\\/\"},{\"@type\":\"ListItem\",\"position\":2,\"name\":\"Noventa empresas de Albufeira reconhecidas com selo \u201cPME l\u00edder\u201d e \u201cPME excel\u00eancia\u201d\"}]},{\"@type\":\"WebSite\",\"@id\":\"https:\\\/\\\/algarve7.pt\\\/#website\",\"url\":\"https:\\\/\\\/algarve7.pt\\\/\",\"name\":\"Algarve 7\",\"description\":\"Informa\u00e7\u00e3o sobre o Algarve\",\"publisher\":{\"@id\":\"https:\\\/\\\/algarve7.pt\\\/#organization\"},\"potentialAction\":[{\"@type\":\"SearchAction\",\"target\":{\"@type\":\"EntryPoint\",\"urlTemplate\":\"https:\\\/\\\/algarve7.pt\\\/?s={search_term_string}\"},\"query-input\":{\"@type\":\"PropertyValueSpecification\",\"valueRequired\":true,\"valueName\":\"search_term_string\"}}],\"inLanguage\":\"pt-PT\"},{\"@type\":\"Organization\",\"@id\":\"https:\\\/\\\/algarve7.pt\\\/#organization\",\"name\":\"Algarve 7\",\"url\":\"https:\\\/\\\/algarve7.pt\\\/\",\"logo\":{\"@type\":\"ImageObject\",\"inLanguage\":\"pt-PT\",\"@id\":\"https:\\\/\\\/algarve7.pt\\\/#\\\/schema\\\/logo\\\/image\\\/\",\"url\":\"https:\\\/\\\/algarve7.pt\\\/wp-content\\\/uploads\\\/2020\\\/10\\\/Logo-8.jpg\",\"contentUrl\":\"https:\\\/\\\/algarve7.pt\\\/wp-content\\\/uploads\\\/2020\\\/10\\\/Logo-8.jpg\",\"width\":1680,\"height\":1186,\"caption\":\"Algarve 7\"},\"image\":{\"@id\":\"https:\\\/\\\/algarve7.pt\\\/#\\\/schema\\\/logo\\\/image\\\/\"},\"sameAs\":[\"https:\\\/\\\/www.facebook.com\\\/algarve7\",\"https:\\\/\\\/x.com\\\/Algarvesete\",\"https:\\\/\\\/www.instagram.com\\\/jornalalgarve7\\\/\",\"https:\\\/\\\/www.linkedin.com\\\/company\\\/algarve7\",\"https:\\\/\\\/www.pinterest.pt\\\/geral0939\\\/_created\\\/\"]},{\"@type\":\"Person\",\"@id\":\"https:\\\/\\\/algarve7.pt\\\/#\\\/schema\\\/person\\\/23fa70681308e7b319a3204bcea45e0c\",\"name\":\"Algarve 7\",\"sameAs\":[\"https:\\\/\\\/algarve7.pt\",\"https:\\\/\\\/www.facebook.com\\\/algarve7\"],\"url\":\"https:\\\/\\\/algarve7.pt\\\/index.php\\\/author\\\/geralalgarve7-pt\\\/\"}]}<\/script>\n<!-- \/ Yoast SEO plugin. -->","yoast_head_json":{"title":"Noventa empresas de Albufeira reconhecidas com selo \u201cPME l\u00edder\u201d e \u201cPME excel\u00eancia\u201d - Algarve 7","description":"Noventa empresas de Albufeira reconhecidas com selo \u201cPME l\u00edder\u201d e \u201cPME excel\u00eancia\u201d Atualidade","robots":{"index":"index","follow":"follow","max-snippet":"max-snippet:-1","max-image-preview":"max-image-preview:large","max-video-preview":"max-video-preview:-1"},"canonical":"https:\/\/algarve7.pt\/index.php\/2023\/05\/noventa-empresas-de-albufeira-reconhecidas-com-selo-pme-lider-e-pme-excelencia\/atualidade\/13\/00\/","og_locale":"pt_PT","og_type":"article","og_title":"Noventa empresas de Albufeira reconhecidas com selo \u201cPME l\u00edder\u201d e \u201cPME excel\u00eancia\u201d - Algarve 7","og_description":"Noventa empresas de Albufeira reconhecidas com selo \u201cPME l\u00edder\u201d e \u201cPME excel\u00eancia\u201d Atualidade","og_url":"https:\/\/algarve7.pt\/index.php\/2023\/05\/noventa-empresas-de-albufeira-reconhecidas-com-selo-pme-lider-e-pme-excelencia\/atualidade\/13\/00\/","og_site_name":"Algarve 7","article_publisher":"https:\/\/www.facebook.com\/algarve7","article_author":"https:\/\/www.facebook.com\/algarve7","article_published_time":"2023-05-21T12:00:00+00:00","og_image":[{"width":1024,"height":627,"url":"https:\/\/algarve7.pt\/wp-content\/uploads\/2023\/05\/1-CMA\u00a9RuiGregorio_12221.jpg","type":"image\/jpeg"}],"author":"Algarve 7","twitter_card":"summary_large_image","twitter_creator":"@Algarvesete","twitter_site":"@Algarvesete","twitter_misc":{"Escrito por":"Algarve 7","Tempo estimado de leitura":"3 minutos"},"schema":{"@context":"https:\/\/schema.org","@graph":[{"@type":"Article","@id":"https:\/\/algarve7.pt\/index.php\/2023\/05\/noventa-empresas-de-albufeira-reconhecidas-com-selo-pme-lider-e-pme-excelencia\/atualidade\/13\/00\/#article","isPartOf":{"@id":"https:\/\/algarve7.pt\/index.php\/2023\/05\/noventa-empresas-de-albufeira-reconhecidas-com-selo-pme-lider-e-pme-excelencia\/atualidade\/13\/00\/"},"author":{"name":"Algarve 7","@id":"https:\/\/algarve7.pt\/#\/schema\/person\/23fa70681308e7b319a3204bcea45e0c"},"headline":"Noventa empresas de Albufeira reconhecidas com selo \u201cPME l\u00edder\u201d e \u201cPME excel\u00eancia\u201d","datePublished":"2023-05-21T12:00:00+00:00","mainEntityOfPage":{"@id":"https:\/\/algarve7.pt\/index.php\/2023\/05\/noventa-empresas-de-albufeira-reconhecidas-com-selo-pme-lider-e-pme-excelencia\/atualidade\/13\/00\/"},"wordCount":447,"publisher":{"@id":"https:\/\/algarve7.pt\/#organization"},"image":{"@id":"https:\/\/algarve7.pt\/index.php\/2023\/05\/noventa-empresas-de-albufeira-reconhecidas-com-selo-pme-lider-e-pme-excelencia\/atualidade\/13\/00\/#primaryimage"},"thumbnailUrl":"https:\/\/algarve7.pt\/wp-content\/uploads\/2023\/05\/1-CMA\u00a9RuiGregorio_12221.jpg","keywords":["Albufeira","Algarve","Atualidade","PME"],"articleSection":["Atualidade"],"inLanguage":"pt-PT"},{"@type":"WebPage","@id":"https:\/\/algarve7.pt\/index.php\/2023\/05\/noventa-empresas-de-albufeira-reconhecidas-com-selo-pme-lider-e-pme-excelencia\/atualidade\/13\/00\/","url":"https:\/\/algarve7.pt\/index.php\/2023\/05\/noventa-empresas-de-albufeira-reconhecidas-com-selo-pme-lider-e-pme-excelencia\/atualidade\/13\/00\/","name":"Noventa empresas de Albufeira reconhecidas com selo \u201cPME l\u00edder\u201d e \u201cPME excel\u00eancia\u201d - Algarve 7","isPartOf":{"@id":"https:\/\/algarve7.pt\/#website"},"primaryImageOfPage":{"@id":"https:\/\/algarve7.pt\/index.php\/2023\/05\/noventa-empresas-de-albufeira-reconhecidas-com-selo-pme-lider-e-pme-excelencia\/atualidade\/13\/00\/#primaryimage"},"image":{"@id":"https:\/\/algarve7.pt\/index.php\/2023\/05\/noventa-empresas-de-albufeira-reconhecidas-com-selo-pme-lider-e-pme-excelencia\/atualidade\/13\/00\/#primaryimage"},"thumbnailUrl":"https:\/\/algarve7.pt\/wp-content\/uploads\/2023\/05\/1-CMA\u00a9RuiGregorio_12221.jpg","datePublished":"2023-05-21T12:00:00+00:00","description":"Noventa empresas de Albufeira reconhecidas com selo \u201cPME l\u00edder\u201d e \u201cPME excel\u00eancia\u201d Atualidade","breadcrumb":{"@id":"https:\/\/algarve7.pt\/index.php\/2023\/05\/noventa-empresas-de-albufeira-reconhecidas-com-selo-pme-lider-e-pme-excelencia\/atualidade\/13\/00\/#breadcrumb"},"inLanguage":"pt-PT","potentialAction":[{"@type":"ReadAction","target":["https:\/\/algarve7.pt\/index.php\/2023\/05\/noventa-empresas-de-albufeira-reconhecidas-com-selo-pme-lider-e-pme-excelencia\/atualidade\/13\/00\/"]}]},{"@type":"ImageObject","inLanguage":"pt-PT","@id":"https:\/\/algarve7.pt\/index.php\/2023\/05\/noventa-empresas-de-albufeira-reconhecidas-com-selo-pme-lider-e-pme-excelencia\/atualidade\/13\/00\/#primaryimage","url":"https:\/\/algarve7.pt\/wp-content\/uploads\/2023\/05\/1-CMA\u00a9RuiGregorio_12221.jpg","contentUrl":"https:\/\/algarve7.pt\/wp-content\/uploads\/2023\/05\/1-CMA\u00a9RuiGregorio_12221.jpg","width":1024,"height":627},{"@type":"BreadcrumbList","@id":"https:\/\/algarve7.pt\/index.php\/2023\/05\/noventa-empresas-de-albufeira-reconhecidas-com-selo-pme-lider-e-pme-excelencia\/atualidade\/13\/00\/#breadcrumb","itemListElement":[{"@type":"ListItem","position":1,"name":"In\u00edcio","item":"https:\/\/algarve7.pt\/"},{"@type":"ListItem","position":2,"name":"Noventa empresas de Albufeira reconhecidas com selo \u201cPME l\u00edder\u201d e \u201cPME excel\u00eancia\u201d"}]},{"@type":"WebSite","@id":"https:\/\/algarve7.pt\/#website","url":"https:\/\/algarve7.pt\/","name":"Algarve 7","description":"Informa\u00e7\u00e3o sobre o Algarve","publisher":{"@id":"https:\/\/algarve7.pt\/#organization"},"potentialAction":[{"@type":"SearchAction","target":{"@type":"EntryPoint","urlTemplate":"https:\/\/algarve7.pt\/?s={search_term_string}"},"query-input":{"@type":"PropertyValueSpecification","valueRequired":true,"valueName":"search_term_string"}}],"inLanguage":"pt-PT"},{"@type":"Organization","@id":"https:\/\/algarve7.pt\/#organization","name":"Algarve 7","url":"https:\/\/algarve7.pt\/","logo":{"@type":"ImageObject","inLanguage":"pt-PT","@id":"https:\/\/algarve7.pt\/#\/schema\/logo\/image\/","url":"https:\/\/algarve7.pt\/wp-content\/uploads\/2020\/10\/Logo-8.jpg","contentUrl":"https:\/\/algarve7.pt\/wp-content\/uploads\/2020\/10\/Logo-8.jpg","width":1680,"height":1186,"caption":"Algarve 7"},"image":{"@id":"https:\/\/algarve7.pt\/#\/schema\/logo\/image\/"},"sameAs":["https:\/\/www.facebook.com\/algarve7","https:\/\/x.com\/Algarvesete","https:\/\/www.instagram.com\/jornalalgarve7\/","https:\/\/www.linkedin.com\/company\/algarve7","https:\/\/www.pinterest.pt\/geral0939\/_created\/"]},{"@type":"Person","@id":"https:\/\/algarve7.pt\/#\/schema\/person\/23fa70681308e7b319a3204bcea45e0c","name":"Algarve 7","sameAs":["https:\/\/algarve7.pt","https:\/\/www.facebook.com\/algarve7"],"url":"https:\/\/algarve7.pt\/index.php\/author\/geralalgarve7-pt\/"}]}},"jetpack_publicize_connections":[],"jetpack_featured_media_url":"https:\/\/algarve7.pt\/wp-content\/uploads\/2023\/05\/1-CMA\u00a9RuiGregorio_12221.jpg","jetpack_shortlink":"https:\/\/wp.me\/pcezmW-7gH","jetpack_sharing_enabled":true,"_links":{"self":[{"href":"https:\/\/algarve7.pt\/index.php\/wp-json\/wp\/v2\/posts\/27943","targetHints":{"allow":["GET"]}}],"collection":[{"href":"https:\/\/algarve7.pt\/index.php\/wp-json\/wp\/v2\/posts"}],"about":[{"href":"https:\/\/algarve7.pt\/index.php\/wp-json\/wp\/v2\/types\/post"}],"author":[{"embeddable":true,"href":"https:\/\/algarve7.pt\/index.php\/wp-json\/wp\/v2\/users\/1"}],"replies":[{"embeddable":true,"href":"https:\/\/algarve7.pt\/index.php\/wp-json\/wp\/v2\/comments?post=27943"}],"version-history":[{"count":0,"href":"https:\/\/algarve7.pt\/index.php\/wp-json\/wp\/v2\/posts\/27943\/revisions"}],"wp:featuredmedia":[{"embeddable":true,"href":"https:\/\/algarve7.pt\/index.php\/wp-json\/wp\/v2\/media\/27944"}],"wp:attachment":[{"href":"https:\/\/algarve7.pt\/index.php\/wp-json\/wp\/v2\/media?parent=27943"}],"wp:term":[{"taxonomy":"category","embeddable":true,"href":"https:\/\/algarve7.pt\/index.php\/wp-json\/wp\/v2\/categories?post=27943"},{"taxonomy":"post_tag","embeddable":true,"href":"https:\/\/algarve7.pt\/index.php\/wp-json\/wp\/v2\/tags?post=27943"}],"curies":[{"name":"wp","href":"https:\/\/api.w.org\/{rel}","templated":true}]}}