{"id":27927,"date":"2023-05-21T09:34:00","date_gmt":"2023-05-21T08:34:00","guid":{"rendered":"https:\/\/algarve7.pt\/?p=27927"},"modified":"2023-05-19T18:40:34","modified_gmt":"2023-05-19T17:40:34","slug":"chua-vai-ter-novo-servico-de-medicina-nuclear","status":"publish","type":"post","link":"https:\/\/algarve7.pt\/index.php\/2023\/05\/chua-vai-ter-novo-servico-de-medicina-nuclear\/saude\/09\/34\/","title":{"rendered":"CHUA vai ter novo Servi\u00e7o de Medicina Nuclear"},"content":{"rendered":"\n<p>O Centro Hospitalar Universit\u00e1rio do Algarve (CHUA) procedeu no passado, 17 de maio, ao ato de lan\u00e7amento da obra de adapta\u00e7\u00e3o e instala\u00e7\u00e3o do equipamento do novo servi\u00e7o de Medicina Nuclear, bem como a apresenta\u00e7\u00e3o do diretor e da equipa que integra esta nova val\u00eancia.<\/p>\n\n\n\n<p>De acordo com El\u00edsio Sousa, diretor do novo Servi\u00e7o de Medicina Nuclear, este equipamento vem \u201cdotar o Algarve, servindo ainda as regi\u00f5es lim\u00edtrofes, de um servi\u00e7o com equipamento de ponta que vem suprir uma defici\u00eancia assistencial nesta regi\u00e3o do Pa\u00eds, contribuindo de forma significativa para a sa\u00fade da popula\u00e7\u00e3o, atrav\u00e9s de um adequado e precoce diagn\u00f3stico e tratamento de m\u00faltiplas patologias, abrangendo elevado n\u00famero de doentes que, deste modo, ir\u00e3o ter aumentados o tempo e a qualidade de vida\u201d.<\/p>\n\n\n\n<p>Este novo equipamento que representa um investimento de um milh\u00e3o e meio de euros e tem um prazo de execu\u00e7\u00e3o de 120 dias vem agora dar resposta a uma \u00e1rea at\u00e9 agora inexistente na regi\u00e3o algarvia. \u201cEste \u00e9 um equipamento de alta tecnologia, que foi lan\u00e7ado h\u00e1 cerca de um ano atr\u00e1s e ser\u00e1 o terceiro a n\u00edvel nacional. N\u00e3o havia nenhum abaixo do rio Tejo, portanto isto mostra muito o compromisso que n\u00f3s temos para que este projeto corra bem, e dada a sua complexidade, ajude a melhorar os cuidados de sa\u00fade na regi\u00e3o\u201d, disse Jorge Oliveira, diretor geral da Siemens, empresa que ir\u00e1 fornecer o equipamento.<\/p>\n\n\n\n<p>A presidente do Conselho de Administra\u00e7\u00e3o, Ana Varges Gomes, agradeceu \u00e0 equipa do CHUA e a todos aqueles que trabalharam para levar a bom porto a candidatura deste projeto. \u201cEste \u00e9 mais um passo para termos um centro hospitalar universit\u00e1rio com cada vez mais possibilidades de atrair outros profissionais para trabalharem connosco, terem a qualidade que necessitam nos equipamentos e nos ajudem a fazer os seus diagn\u00f3sticos, atraindo assim mais gente que se possa fixar na nossa regi\u00e3o\u201d, afirmou, salientando a certeza que \u201cos nossos doentes v\u00e3o ser muito melhor diagnosticados e tratados\u201d.<\/p>\n\n\n\n<p>Hor\u00e1cio Guerreiro, diretor cl\u00ednico do Conselho de Administra\u00e7\u00e3o do CHUA, evidenciou o rumo e o projeto designado e prosseguido pelo Conselho de Administra\u00e7\u00e3o, que tem vindo a investir e a dotar os hospitais da regi\u00e3o de equipamentos, apesar de todos os constrangimentos.<\/p>\n\n\n\n<p>\u201cO que est\u00e1 aqui em causa \u00e9 investir na qualidade do sistema de sa\u00fade, investir em investiga\u00e7\u00e3o e desenvolvimento porque certamente isso trar\u00e1 retorno no futuro. Essa \u00e9 a melhor forma de garantir maior competitividade a longo prazo para a nossa regi\u00e3o\u201d, referiu Jos\u00e9 Apolin\u00e1rio, presidente da Comiss\u00e3o de Coordena\u00e7\u00e3o e Desenvolvimento Regional do Algarve (CCDR Algarve).<\/p>\n\n\n\n<p>Estiveram ainda presentes nesta sess\u00e3o os vogais executivos do Conselho de Administra\u00e7\u00e3o Patr\u00edcia Rego e Paulo Neves e a enfermeira diretora Mariana Santos, assim como v\u00e1rios diretores de servi\u00e7o e profissionais do CHUA.<\/p>\n\n\n\n<p>No final da sess\u00e3o de apresenta\u00e7\u00e3o, realizada no audit\u00f3rio da Unidade Hospitalar de Portim\u00e3o, Ana Varges Gomes anunciou ainda a publica\u00e7\u00e3o em Di\u00e1rio da Rep\u00fablica da obra para o Centro Oncol\u00f3gico da Regi\u00e3o Sul, que ir\u00e1 ser uma mais-valia para os doentes oncol\u00f3gicos das regi\u00f5es do Algarve e Alentejo, permitindo um melhor acompanhamento dos doentes e a realiza\u00e7\u00e3o de todos os exames de estadiamento no mesmo local.<\/p>\n","protected":false},"excerpt":{"rendered":"<p>O Centro Hospitalar Universit\u00e1rio do Algarve (CHUA) procedeu no passado, 17 de maio, ao ato de lan\u00e7amento da obra de<\/p>\n","protected":false},"author":1,"featured_media":27928,"comment_status":"closed","ping_status":"open","sticky":false,"template":"","format":"standard","meta":{"colormag_page_container_layout":"default_layout","colormag_page_sidebar_layout":"default_layout","_monsterinsights_skip_tracking":false,"_monsterinsights_sitenote_active":false,"_monsterinsights_sitenote_note":"","_monsterinsights_sitenote_category":0,"jetpack_post_was_ever_published":false,"_jetpack_newsletter_access":"","_jetpack_dont_email_post_to_subs":false,"_jetpack_newsletter_tier_id":0,"_jetpack_memberships_contains_paywalled_content":false,"_jetpack_memberships_contains_paid_content":false,"footnotes":"","jetpack_publicize_message":"","jetpack_publicize_feature_enabled":true,"jetpack_social_post_already_shared":true,"jetpack_social_options":{"image_generator_settings":{"template":"highway","default_image_id":0,"font":"","enabled":false},"version":2}},"categories":[59],"tags":[36,181,72,58],"class_list":["post-27927","post","type-post","status-publish","format-standard","has-post-thumbnail","hentry","category-saude","tag-algarve","tag-chua","tag-portimao","tag-saude"],"yoast_head":"<!-- This site is optimized with the Yoast SEO plugin v27.5 - https:\/\/yoast.com\/product\/yoast-seo-wordpress\/ -->\n<title>CHUA vai ter novo Servi\u00e7o de Medicina Nuclear - Algarve 7<\/title>\n<meta name=\"description\" content=\"CHUA vai ter novo Servi\u00e7o de Medicina Nuclear Sa\u00fade\" \/>\n<meta name=\"robots\" content=\"index, follow, max-snippet:-1, max-image-preview:large, max-video-preview:-1\" \/>\n<link rel=\"canonical\" href=\"https:\/\/algarve7.pt\/index.php\/2023\/05\/chua-vai-ter-novo-servico-de-medicina-nuclear\/saude\/09\/34\/\" \/>\n<meta property=\"og:locale\" content=\"pt_PT\" \/>\n<meta property=\"og:type\" content=\"article\" \/>\n<meta property=\"og:title\" content=\"CHUA vai ter novo Servi\u00e7o de Medicina Nuclear - Algarve 7\" \/>\n<meta property=\"og:description\" content=\"CHUA vai ter novo Servi\u00e7o de Medicina Nuclear Sa\u00fade\" \/>\n<meta property=\"og:url\" content=\"https:\/\/algarve7.pt\/index.php\/2023\/05\/chua-vai-ter-novo-servico-de-medicina-nuclear\/saude\/09\/34\/\" \/>\n<meta property=\"og:site_name\" content=\"Algarve 7\" \/>\n<meta property=\"article:publisher\" content=\"https:\/\/www.facebook.com\/algarve7\" \/>\n<meta property=\"article:author\" content=\"https:\/\/www.facebook.com\/algarve7\" \/>\n<meta property=\"article:published_time\" content=\"2023-05-21T08:34:00+00:00\" \/>\n<meta property=\"og:image\" content=\"https:\/\/algarve7.pt\/wp-content\/uploads\/2023\/05\/medicina-nuclear-4.jpg\" \/>\n\t<meta property=\"og:image:width\" content=\"1024\" \/>\n\t<meta property=\"og:image:height\" content=\"683\" \/>\n\t<meta property=\"og:image:type\" content=\"image\/jpeg\" \/>\n<meta name=\"author\" content=\"Algarve 7\" \/>\n<meta name=\"twitter:card\" content=\"summary_large_image\" \/>\n<meta name=\"twitter:creator\" content=\"@Algarvesete\" \/>\n<meta name=\"twitter:site\" content=\"@Algarvesete\" \/>\n<meta name=\"twitter:label1\" content=\"Escrito por\" \/>\n\t<meta name=\"twitter:data1\" content=\"Algarve 7\" \/>\n\t<meta name=\"twitter:label2\" content=\"Tempo estimado de leitura\" \/>\n\t<meta name=\"twitter:data2\" content=\"3 minutos\" \/>\n<script type=\"application\/ld+json\" class=\"yoast-schema-graph\">{\"@context\":\"https:\\\/\\\/schema.org\",\"@graph\":[{\"@type\":\"Article\",\"@id\":\"https:\\\/\\\/algarve7.pt\\\/index.php\\\/2023\\\/05\\\/chua-vai-ter-novo-servico-de-medicina-nuclear\\\/saude\\\/09\\\/34\\\/#article\",\"isPartOf\":{\"@id\":\"https:\\\/\\\/algarve7.pt\\\/index.php\\\/2023\\\/05\\\/chua-vai-ter-novo-servico-de-medicina-nuclear\\\/saude\\\/09\\\/34\\\/\"},\"author\":{\"name\":\"Algarve 7\",\"@id\":\"https:\\\/\\\/algarve7.pt\\\/#\\\/schema\\\/person\\\/23fa70681308e7b319a3204bcea45e0c\"},\"headline\":\"CHUA vai ter novo Servi\u00e7o de Medicina Nuclear\",\"datePublished\":\"2023-05-21T08:34:00+00:00\",\"mainEntityOfPage\":{\"@id\":\"https:\\\/\\\/algarve7.pt\\\/index.php\\\/2023\\\/05\\\/chua-vai-ter-novo-servico-de-medicina-nuclear\\\/saude\\\/09\\\/34\\\/\"},\"wordCount\":591,\"publisher\":{\"@id\":\"https:\\\/\\\/algarve7.pt\\\/#organization\"},\"image\":{\"@id\":\"https:\\\/\\\/algarve7.pt\\\/index.php\\\/2023\\\/05\\\/chua-vai-ter-novo-servico-de-medicina-nuclear\\\/saude\\\/09\\\/34\\\/#primaryimage\"},\"thumbnailUrl\":\"https:\\\/\\\/algarve7.pt\\\/wp-content\\\/uploads\\\/2023\\\/05\\\/medicina-nuclear-4.jpg\",\"keywords\":[\"Algarve\",\"CHUA\",\"Portim\u00e3o\",\"Sa\u00fade\"],\"articleSection\":[\"Sa\u00fade\"],\"inLanguage\":\"pt-PT\"},{\"@type\":\"WebPage\",\"@id\":\"https:\\\/\\\/algarve7.pt\\\/index.php\\\/2023\\\/05\\\/chua-vai-ter-novo-servico-de-medicina-nuclear\\\/saude\\\/09\\\/34\\\/\",\"url\":\"https:\\\/\\\/algarve7.pt\\\/index.php\\\/2023\\\/05\\\/chua-vai-ter-novo-servico-de-medicina-nuclear\\\/saude\\\/09\\\/34\\\/\",\"name\":\"CHUA vai ter novo Servi\u00e7o de Medicina Nuclear - Algarve 7\",\"isPartOf\":{\"@id\":\"https:\\\/\\\/algarve7.pt\\\/#website\"},\"primaryImageOfPage\":{\"@id\":\"https:\\\/\\\/algarve7.pt\\\/index.php\\\/2023\\\/05\\\/chua-vai-ter-novo-servico-de-medicina-nuclear\\\/saude\\\/09\\\/34\\\/#primaryimage\"},\"image\":{\"@id\":\"https:\\\/\\\/algarve7.pt\\\/index.php\\\/2023\\\/05\\\/chua-vai-ter-novo-servico-de-medicina-nuclear\\\/saude\\\/09\\\/34\\\/#primaryimage\"},\"thumbnailUrl\":\"https:\\\/\\\/algarve7.pt\\\/wp-content\\\/uploads\\\/2023\\\/05\\\/medicina-nuclear-4.jpg\",\"datePublished\":\"2023-05-21T08:34:00+00:00\",\"description\":\"CHUA vai ter novo Servi\u00e7o de Medicina Nuclear Sa\u00fade\",\"breadcrumb\":{\"@id\":\"https:\\\/\\\/algarve7.pt\\\/index.php\\\/2023\\\/05\\\/chua-vai-ter-novo-servico-de-medicina-nuclear\\\/saude\\\/09\\\/34\\\/#breadcrumb\"},\"inLanguage\":\"pt-PT\",\"potentialAction\":[{\"@type\":\"ReadAction\",\"target\":[\"https:\\\/\\\/algarve7.pt\\\/index.php\\\/2023\\\/05\\\/chua-vai-ter-novo-servico-de-medicina-nuclear\\\/saude\\\/09\\\/34\\\/\"]}]},{\"@type\":\"ImageObject\",\"inLanguage\":\"pt-PT\",\"@id\":\"https:\\\/\\\/algarve7.pt\\\/index.php\\\/2023\\\/05\\\/chua-vai-ter-novo-servico-de-medicina-nuclear\\\/saude\\\/09\\\/34\\\/#primaryimage\",\"url\":\"https:\\\/\\\/algarve7.pt\\\/wp-content\\\/uploads\\\/2023\\\/05\\\/medicina-nuclear-4.jpg\",\"contentUrl\":\"https:\\\/\\\/algarve7.pt\\\/wp-content\\\/uploads\\\/2023\\\/05\\\/medicina-nuclear-4.jpg\",\"width\":1024,\"height\":683},{\"@type\":\"BreadcrumbList\",\"@id\":\"https:\\\/\\\/algarve7.pt\\\/index.php\\\/2023\\\/05\\\/chua-vai-ter-novo-servico-de-medicina-nuclear\\\/saude\\\/09\\\/34\\\/#breadcrumb\",\"itemListElement\":[{\"@type\":\"ListItem\",\"position\":1,\"name\":\"In\u00edcio\",\"item\":\"https:\\\/\\\/algarve7.pt\\\/\"},{\"@type\":\"ListItem\",\"position\":2,\"name\":\"CHUA vai ter novo Servi\u00e7o de Medicina Nuclear\"}]},{\"@type\":\"WebSite\",\"@id\":\"https:\\\/\\\/algarve7.pt\\\/#website\",\"url\":\"https:\\\/\\\/algarve7.pt\\\/\",\"name\":\"Algarve 7\",\"description\":\"Informa\u00e7\u00e3o sobre o Algarve\",\"publisher\":{\"@id\":\"https:\\\/\\\/algarve7.pt\\\/#organization\"},\"potentialAction\":[{\"@type\":\"SearchAction\",\"target\":{\"@type\":\"EntryPoint\",\"urlTemplate\":\"https:\\\/\\\/algarve7.pt\\\/?s={search_term_string}\"},\"query-input\":{\"@type\":\"PropertyValueSpecification\",\"valueRequired\":true,\"valueName\":\"search_term_string\"}}],\"inLanguage\":\"pt-PT\"},{\"@type\":\"Organization\",\"@id\":\"https:\\\/\\\/algarve7.pt\\\/#organization\",\"name\":\"Algarve 7\",\"url\":\"https:\\\/\\\/algarve7.pt\\\/\",\"logo\":{\"@type\":\"ImageObject\",\"inLanguage\":\"pt-PT\",\"@id\":\"https:\\\/\\\/algarve7.pt\\\/#\\\/schema\\\/logo\\\/image\\\/\",\"url\":\"https:\\\/\\\/algarve7.pt\\\/wp-content\\\/uploads\\\/2020\\\/10\\\/Logo-8.jpg\",\"contentUrl\":\"https:\\\/\\\/algarve7.pt\\\/wp-content\\\/uploads\\\/2020\\\/10\\\/Logo-8.jpg\",\"width\":1680,\"height\":1186,\"caption\":\"Algarve 7\"},\"image\":{\"@id\":\"https:\\\/\\\/algarve7.pt\\\/#\\\/schema\\\/logo\\\/image\\\/\"},\"sameAs\":[\"https:\\\/\\\/www.facebook.com\\\/algarve7\",\"https:\\\/\\\/x.com\\\/Algarvesete\",\"https:\\\/\\\/www.instagram.com\\\/jornalalgarve7\\\/\",\"https:\\\/\\\/www.linkedin.com\\\/company\\\/algarve7\",\"https:\\\/\\\/www.pinterest.pt\\\/geral0939\\\/_created\\\/\"]},{\"@type\":\"Person\",\"@id\":\"https:\\\/\\\/algarve7.pt\\\/#\\\/schema\\\/person\\\/23fa70681308e7b319a3204bcea45e0c\",\"name\":\"Algarve 7\",\"sameAs\":[\"https:\\\/\\\/algarve7.pt\",\"https:\\\/\\\/www.facebook.com\\\/algarve7\"],\"url\":\"https:\\\/\\\/algarve7.pt\\\/index.php\\\/author\\\/geralalgarve7-pt\\\/\"}]}<\/script>\n<!-- \/ Yoast SEO plugin. -->","yoast_head_json":{"title":"CHUA vai ter novo Servi\u00e7o de Medicina Nuclear - Algarve 7","description":"CHUA vai ter novo Servi\u00e7o de Medicina Nuclear Sa\u00fade","robots":{"index":"index","follow":"follow","max-snippet":"max-snippet:-1","max-image-preview":"max-image-preview:large","max-video-preview":"max-video-preview:-1"},"canonical":"https:\/\/algarve7.pt\/index.php\/2023\/05\/chua-vai-ter-novo-servico-de-medicina-nuclear\/saude\/09\/34\/","og_locale":"pt_PT","og_type":"article","og_title":"CHUA vai ter novo Servi\u00e7o de Medicina Nuclear - Algarve 7","og_description":"CHUA vai ter novo Servi\u00e7o de Medicina Nuclear Sa\u00fade","og_url":"https:\/\/algarve7.pt\/index.php\/2023\/05\/chua-vai-ter-novo-servico-de-medicina-nuclear\/saude\/09\/34\/","og_site_name":"Algarve 7","article_publisher":"https:\/\/www.facebook.com\/algarve7","article_author":"https:\/\/www.facebook.com\/algarve7","article_published_time":"2023-05-21T08:34:00+00:00","og_image":[{"width":1024,"height":683,"url":"https:\/\/algarve7.pt\/wp-content\/uploads\/2023\/05\/medicina-nuclear-4.jpg","type":"image\/jpeg"}],"author":"Algarve 7","twitter_card":"summary_large_image","twitter_creator":"@Algarvesete","twitter_site":"@Algarvesete","twitter_misc":{"Escrito por":"Algarve 7","Tempo estimado de leitura":"3 minutos"},"schema":{"@context":"https:\/\/schema.org","@graph":[{"@type":"Article","@id":"https:\/\/algarve7.pt\/index.php\/2023\/05\/chua-vai-ter-novo-servico-de-medicina-nuclear\/saude\/09\/34\/#article","isPartOf":{"@id":"https:\/\/algarve7.pt\/index.php\/2023\/05\/chua-vai-ter-novo-servico-de-medicina-nuclear\/saude\/09\/34\/"},"author":{"name":"Algarve 7","@id":"https:\/\/algarve7.pt\/#\/schema\/person\/23fa70681308e7b319a3204bcea45e0c"},"headline":"CHUA vai ter novo Servi\u00e7o de Medicina Nuclear","datePublished":"2023-05-21T08:34:00+00:00","mainEntityOfPage":{"@id":"https:\/\/algarve7.pt\/index.php\/2023\/05\/chua-vai-ter-novo-servico-de-medicina-nuclear\/saude\/09\/34\/"},"wordCount":591,"publisher":{"@id":"https:\/\/algarve7.pt\/#organization"},"image":{"@id":"https:\/\/algarve7.pt\/index.php\/2023\/05\/chua-vai-ter-novo-servico-de-medicina-nuclear\/saude\/09\/34\/#primaryimage"},"thumbnailUrl":"https:\/\/algarve7.pt\/wp-content\/uploads\/2023\/05\/medicina-nuclear-4.jpg","keywords":["Algarve","CHUA","Portim\u00e3o","Sa\u00fade"],"articleSection":["Sa\u00fade"],"inLanguage":"pt-PT"},{"@type":"WebPage","@id":"https:\/\/algarve7.pt\/index.php\/2023\/05\/chua-vai-ter-novo-servico-de-medicina-nuclear\/saude\/09\/34\/","url":"https:\/\/algarve7.pt\/index.php\/2023\/05\/chua-vai-ter-novo-servico-de-medicina-nuclear\/saude\/09\/34\/","name":"CHUA vai ter novo Servi\u00e7o de Medicina Nuclear - Algarve 7","isPartOf":{"@id":"https:\/\/algarve7.pt\/#website"},"primaryImageOfPage":{"@id":"https:\/\/algarve7.pt\/index.php\/2023\/05\/chua-vai-ter-novo-servico-de-medicina-nuclear\/saude\/09\/34\/#primaryimage"},"image":{"@id":"https:\/\/algarve7.pt\/index.php\/2023\/05\/chua-vai-ter-novo-servico-de-medicina-nuclear\/saude\/09\/34\/#primaryimage"},"thumbnailUrl":"https:\/\/algarve7.pt\/wp-content\/uploads\/2023\/05\/medicina-nuclear-4.jpg","datePublished":"2023-05-21T08:34:00+00:00","description":"CHUA vai ter novo Servi\u00e7o de Medicina Nuclear Sa\u00fade","breadcrumb":{"@id":"https:\/\/algarve7.pt\/index.php\/2023\/05\/chua-vai-ter-novo-servico-de-medicina-nuclear\/saude\/09\/34\/#breadcrumb"},"inLanguage":"pt-PT","potentialAction":[{"@type":"ReadAction","target":["https:\/\/algarve7.pt\/index.php\/2023\/05\/chua-vai-ter-novo-servico-de-medicina-nuclear\/saude\/09\/34\/"]}]},{"@type":"ImageObject","inLanguage":"pt-PT","@id":"https:\/\/algarve7.pt\/index.php\/2023\/05\/chua-vai-ter-novo-servico-de-medicina-nuclear\/saude\/09\/34\/#primaryimage","url":"https:\/\/algarve7.pt\/wp-content\/uploads\/2023\/05\/medicina-nuclear-4.jpg","contentUrl":"https:\/\/algarve7.pt\/wp-content\/uploads\/2023\/05\/medicina-nuclear-4.jpg","width":1024,"height":683},{"@type":"BreadcrumbList","@id":"https:\/\/algarve7.pt\/index.php\/2023\/05\/chua-vai-ter-novo-servico-de-medicina-nuclear\/saude\/09\/34\/#breadcrumb","itemListElement":[{"@type":"ListItem","position":1,"name":"In\u00edcio","item":"https:\/\/algarve7.pt\/"},{"@type":"ListItem","position":2,"name":"CHUA vai ter novo Servi\u00e7o de Medicina Nuclear"}]},{"@type":"WebSite","@id":"https:\/\/algarve7.pt\/#website","url":"https:\/\/algarve7.pt\/","name":"Algarve 7","description":"Informa\u00e7\u00e3o sobre o Algarve","publisher":{"@id":"https:\/\/algarve7.pt\/#organization"},"potentialAction":[{"@type":"SearchAction","target":{"@type":"EntryPoint","urlTemplate":"https:\/\/algarve7.pt\/?s={search_term_string}"},"query-input":{"@type":"PropertyValueSpecification","valueRequired":true,"valueName":"search_term_string"}}],"inLanguage":"pt-PT"},{"@type":"Organization","@id":"https:\/\/algarve7.pt\/#organization","name":"Algarve 7","url":"https:\/\/algarve7.pt\/","logo":{"@type":"ImageObject","inLanguage":"pt-PT","@id":"https:\/\/algarve7.pt\/#\/schema\/logo\/image\/","url":"https:\/\/algarve7.pt\/wp-content\/uploads\/2020\/10\/Logo-8.jpg","contentUrl":"https:\/\/algarve7.pt\/wp-content\/uploads\/2020\/10\/Logo-8.jpg","width":1680,"height":1186,"caption":"Algarve 7"},"image":{"@id":"https:\/\/algarve7.pt\/#\/schema\/logo\/image\/"},"sameAs":["https:\/\/www.facebook.com\/algarve7","https:\/\/x.com\/Algarvesete","https:\/\/www.instagram.com\/jornalalgarve7\/","https:\/\/www.linkedin.com\/company\/algarve7","https:\/\/www.pinterest.pt\/geral0939\/_created\/"]},{"@type":"Person","@id":"https:\/\/algarve7.pt\/#\/schema\/person\/23fa70681308e7b319a3204bcea45e0c","name":"Algarve 7","sameAs":["https:\/\/algarve7.pt","https:\/\/www.facebook.com\/algarve7"],"url":"https:\/\/algarve7.pt\/index.php\/author\/geralalgarve7-pt\/"}]}},"jetpack_publicize_connections":[],"jetpack_featured_media_url":"https:\/\/algarve7.pt\/wp-content\/uploads\/2023\/05\/medicina-nuclear-4.jpg","jetpack_shortlink":"https:\/\/wp.me\/pcezmW-7gr","jetpack_sharing_enabled":true,"_links":{"self":[{"href":"https:\/\/algarve7.pt\/index.php\/wp-json\/wp\/v2\/posts\/27927","targetHints":{"allow":["GET"]}}],"collection":[{"href":"https:\/\/algarve7.pt\/index.php\/wp-json\/wp\/v2\/posts"}],"about":[{"href":"https:\/\/algarve7.pt\/index.php\/wp-json\/wp\/v2\/types\/post"}],"author":[{"embeddable":true,"href":"https:\/\/algarve7.pt\/index.php\/wp-json\/wp\/v2\/users\/1"}],"replies":[{"embeddable":true,"href":"https:\/\/algarve7.pt\/index.php\/wp-json\/wp\/v2\/comments?post=27927"}],"version-history":[{"count":0,"href":"https:\/\/algarve7.pt\/index.php\/wp-json\/wp\/v2\/posts\/27927\/revisions"}],"wp:featuredmedia":[{"embeddable":true,"href":"https:\/\/algarve7.pt\/index.php\/wp-json\/wp\/v2\/media\/27928"}],"wp:attachment":[{"href":"https:\/\/algarve7.pt\/index.php\/wp-json\/wp\/v2\/media?parent=27927"}],"wp:term":[{"taxonomy":"category","embeddable":true,"href":"https:\/\/algarve7.pt\/index.php\/wp-json\/wp\/v2\/categories?post=27927"},{"taxonomy":"post_tag","embeddable":true,"href":"https:\/\/algarve7.pt\/index.php\/wp-json\/wp\/v2\/tags?post=27927"}],"curies":[{"name":"wp","href":"https:\/\/api.w.org\/{rel}","templated":true}]}}