{"id":2786,"date":"2020-10-21T13:42:01","date_gmt":"2020-10-21T12:42:01","guid":{"rendered":"https:\/\/algarve7.pt\/?p=2786"},"modified":"2020-10-21T13:42:01","modified_gmt":"2020-10-21T12:42:01","slug":"camara-de-portimao-estabelece-parcerias-e-garante-desconcentracao-da-vacinacao-com-a-gripe-sazonal","status":"publish","type":"post","link":"https:\/\/algarve7.pt\/index.php\/2020\/10\/camara-de-portimao-estabelece-parcerias-e-garante-desconcentracao-da-vacinacao-com-a-gripe-sazonal\/saude\/13\/42\/","title":{"rendered":"C\u00e2mara de Portim\u00e3o estabelece parcerias e garante desconcentra\u00e7\u00e3o da vacina\u00e7\u00e3o com a gripe sazonal"},"content":{"rendered":"\n<p><strong>Pessoas com mais de 65 anos podem escolher ir \u00e0s farm\u00e1cias, \u00e0 unidade de sa\u00fade m\u00f3vel nas suas freguesias ou ao Centro de Sa\u00fade.<\/strong><strong><\/strong><\/p>\n\n\n\n<p>Dois projetos v\u00e3o permitir vacinar a partir desta quarta-feira, 21 de outubro, o maior n\u00famero de pessoas com mais de 65 anos contra a gripe sazonal no concelho de Portim\u00e3o, de acordo com a norma&nbsp;016\/2020 da Dire\u00e7\u00e3o-Geral da Sa\u00fade, relativa aos grupos priorit\u00e1rios&nbsp;e destinada a evitar aglomerados nos centros de sa\u00fade numa \u00e9poca de pandemia por covid-19.&nbsp;<\/p>\n\n\n\n<p>J\u00e1 este m\u00eas, arrancou no terreno o primeiro projeto, intitulado \u201cVacinar \u00e9 salvar\u201d, em parceria com a UCC Dunas e as juntas de freguesia do concelho, atrav\u00e9s da Unidade Sa\u00fade M\u00f3vel. A partir de hoje, e em parceria com a Dignitude e a Associa\u00e7\u00e3o Nacional de Farm\u00e1cias, come\u00e7a o programa&nbsp;\u201cVacina\u00e7\u00e3o SNS local\u201d.&nbsp;&nbsp;&nbsp;<\/p>\n\n\n\n<p>\u201cVacinar \u00e9 Salvar\u201d \u00e9 uma iniciativa de sa\u00fade comunit\u00e1ria, que permite a vacina\u00e7\u00e3o atrav\u00e9s da Unidade de Sa\u00fade M\u00f3vel, sendo dinamizada, desde 19 de outubro, pelo projeto \u201c+ Proximidade + Sa\u00fade\u201d, da equipa da UCC Dunas do Aces Algarve II-Barlavento, em parceria com a C\u00e2mara Municipal de Portim\u00e3o e as juntas de freguesia do concelho. &nbsp;<\/p>\n\n\n\n<p>Na freguesia de Portim\u00e3o, esta forma de \u201cdescentraliza\u00e7\u00e3o\u201d do processo de administra\u00e7\u00e3o das vacinas arrancou no passado dia 19 no Porto de Lagos,&nbsp;percorrendo durante todo o m\u00eas de outubro v\u00e1rias \u00e1reas, a saber: dia&nbsp;&nbsp;21 em Portim\u00e3o, junto \u00e0 Associa\u00e7\u00e3o de Dadores de Sangue do Barlavento Algarvio; dia 22&nbsp;&nbsp;junto \u00e0 Piscina Municipal de Portim\u00e3o; dia 23 junto aos Balne\u00e1rios Municipais; dia 26 Junto ao Clube Desportivo da Pedra Mourinha; dia 28 Junto ao Clube Recreativo da Aldeia da Companheira; e dia 30 na Alameda da Rep\u00fablica, em pleno centro da cidade.<\/p>\n\n\n\n<p>Em novembro, a Unidade de Sa\u00fade M\u00f3vel ir\u00e1 repartir-se entre as freguesias de Alvor e da Mexilhoeira Grande do seguinte modo: dia 2 na Junta de Freguesia da Mexilhoeira Grande; dia 3 nos Montes de Cima, junto ao antigo caf\u00e9 Ant\u00f3nio L\u00facio; dia 4 na Senhora do Verde, junto \u00e1 antiga Escola Prim\u00e1ria; dia 5 na Pereira, junto ao Caf\u00e9 Jos\u00e9 Gon\u00e7alves; dia 6 no Ar\u00e3o, junto ao Caf\u00e9 Manuel Cansado; dias 16, 17 e 18&nbsp;nos Montes de Alvor, junto ao Posto de Correios; e dias 19 e 20 junto ao Centro Comunit\u00e1rio de Alvor.&nbsp;<\/p>\n\n\n\n<p>De referir que aquela Unidade estar\u00e1 nas tr\u00eas freguesias do concelho de Portim\u00e3o durante o hor\u00e1rio 10h00 &#8211; 16h00, de outubro corrente at\u00e9 fevereiro de 2021, com calendariza\u00e7\u00e3o faseada, que pode ser consultada no site da autarquia e em cartazes informativos.<\/p>\n\n\n\n<p>Para al\u00e9m desta iniciativa, a autarquia acaba de aprovar a celebra\u00e7\u00e3o de um protocolo entre o Munic\u00edpio de Portim\u00e3o, a Dignitude e a Associa\u00e7\u00e3o Nacional de Farm\u00e1cias, em que o primeiro ir\u00e1 assegurar uma comparticipa\u00e7\u00e3o financeira no valor de 4.050 euros, correspondente \u00e0 disponibiliza\u00e7\u00e3o de 1.800 vacinas,&nbsp;&nbsp;no \u00e2mbito do programa&nbsp;\u201cVacina\u00e7\u00e3o SNS Local\u201d,&nbsp;as quais estar\u00e3o dispon\u00edveis, de forma gratuita, nas farm\u00e1cias comunit\u00e1rias que aderiram: Farm\u00e1cia Carvalho, Farm\u00e1cia da Pedra Mourinha, Farm\u00e1cia Central, Farm\u00e1cia Moderna, Farm\u00e1cia Portim\u00e3o Villa, Farm\u00e1cia Rosa Nunes, Farm\u00e1cia Amparo e Farm\u00e1cia Arade.<\/p>\n\n\n\n<p>Deste modo, e no&nbsp;desenvolvimento das estrat\u00e9gias locais de vacina\u00e7\u00e3o, a C\u00e2mara de Portim\u00e3o cria uma rede municipal de vacina\u00e7\u00e3o com maior capacidade e acessibilidade, por via do aumento do n\u00famero de locais e de hor\u00e1rios dispon\u00edveis, com inclus\u00e3o das farm\u00e1cias comunit\u00e1rias e da Unidade de Sa\u00fade M\u00f3vel, em complemento com a Unidades de Cuidados de Sa\u00fade Prim\u00e1rios.<\/p>\n","protected":false},"excerpt":{"rendered":"<p>C\u00e2mara de Portim\u00e3o estabelece parcerias e garante desconcentra\u00e7\u00e3o da vacina\u00e7\u00e3o com a gripe sazonal<\/p>\n","protected":false},"author":1,"featured_media":2787,"comment_status":"closed","ping_status":"open","sticky":false,"template":"","format":"standard","meta":{"colormag_page_container_layout":"default_layout","colormag_page_sidebar_layout":"default_layout","_monsterinsights_skip_tracking":false,"_monsterinsights_sitenote_active":false,"_monsterinsights_sitenote_note":"","_monsterinsights_sitenote_category":0,"jetpack_post_was_ever_published":false,"_jetpack_newsletter_access":"","_jetpack_dont_email_post_to_subs":false,"_jetpack_newsletter_tier_id":0,"_jetpack_memberships_contains_paywalled_content":false,"_jetpack_memberships_contains_paid_content":false,"footnotes":"","jetpack_publicize_message":"","jetpack_publicize_feature_enabled":true,"jetpack_social_post_already_shared":true,"jetpack_social_options":{"image_generator_settings":{"template":"highway","default_image_id":0,"font":"","enabled":false},"version":2}},"categories":[59],"tags":[36,168,72,58],"class_list":["post-2786","post","type-post","status-publish","format-standard","has-post-thumbnail","hentry","category-saude","tag-algarve","tag-gripe","tag-portimao","tag-saude"],"yoast_head":"<!-- This site is optimized with the Yoast SEO plugin v27.5 - https:\/\/yoast.com\/product\/yoast-seo-wordpress\/ -->\n<title>C\u00e2mara de Portim\u00e3o estabelece parcerias e garante desconcentra\u00e7\u00e3o da vacina\u00e7\u00e3o com a gripe sazonal - Algarve 7<\/title>\n<meta name=\"description\" content=\"C\u00e2mara de Portim\u00e3o estabelece parcerias e garante desconcentra\u00e7\u00e3o da vacina\u00e7\u00e3o com a gripe sazonal.\" \/>\n<meta name=\"robots\" content=\"index, follow, max-snippet:-1, max-image-preview:large, max-video-preview:-1\" \/>\n<link rel=\"canonical\" href=\"https:\/\/algarve7.pt\/index.php\/2020\/10\/camara-de-portimao-estabelece-parcerias-e-garante-desconcentracao-da-vacinacao-com-a-gripe-sazonal\/saude\/13\/42\/\" \/>\n<meta property=\"og:locale\" content=\"pt_PT\" \/>\n<meta property=\"og:type\" content=\"article\" \/>\n<meta property=\"og:title\" content=\"C\u00e2mara de Portim\u00e3o estabelece parcerias e garante desconcentra\u00e7\u00e3o da vacina\u00e7\u00e3o com a gripe sazonal - Algarve 7\" \/>\n<meta property=\"og:description\" content=\"C\u00e2mara de Portim\u00e3o estabelece parcerias e garante desconcentra\u00e7\u00e3o da vacina\u00e7\u00e3o com a gripe sazonal.\" \/>\n<meta property=\"og:url\" content=\"https:\/\/algarve7.pt\/index.php\/2020\/10\/camara-de-portimao-estabelece-parcerias-e-garante-desconcentracao-da-vacinacao-com-a-gripe-sazonal\/saude\/13\/42\/\" \/>\n<meta property=\"og:site_name\" content=\"Algarve 7\" \/>\n<meta property=\"article:publisher\" content=\"https:\/\/www.facebook.com\/algarve7\" \/>\n<meta property=\"article:author\" content=\"https:\/\/www.facebook.com\/algarve7\" \/>\n<meta property=\"article:published_time\" content=\"2020-10-21T12:42:01+00:00\" \/>\n<meta property=\"og:image\" content=\"https:\/\/algarve7.pt\/wp-content\/uploads\/2020\/10\/C69B4180a-saude-movel.jpg\" \/>\n\t<meta property=\"og:image:width\" content=\"1280\" \/>\n\t<meta property=\"og:image:height\" content=\"853\" \/>\n\t<meta property=\"og:image:type\" content=\"image\/jpeg\" \/>\n<meta name=\"author\" content=\"Algarve 7\" \/>\n<meta name=\"twitter:card\" content=\"summary_large_image\" \/>\n<meta name=\"twitter:creator\" content=\"@Algarvesete\" \/>\n<meta name=\"twitter:site\" content=\"@Algarvesete\" \/>\n<meta name=\"twitter:label1\" content=\"Escrito por\" \/>\n\t<meta name=\"twitter:data1\" content=\"Algarve 7\" \/>\n\t<meta name=\"twitter:label2\" content=\"Tempo estimado de leitura\" \/>\n\t<meta name=\"twitter:data2\" content=\"3 minutos\" \/>\n<script type=\"application\/ld+json\" class=\"yoast-schema-graph\">{\"@context\":\"https:\\\/\\\/schema.org\",\"@graph\":[{\"@type\":\"Article\",\"@id\":\"https:\\\/\\\/algarve7.pt\\\/index.php\\\/2020\\\/10\\\/camara-de-portimao-estabelece-parcerias-e-garante-desconcentracao-da-vacinacao-com-a-gripe-sazonal\\\/saude\\\/13\\\/42\\\/#article\",\"isPartOf\":{\"@id\":\"https:\\\/\\\/algarve7.pt\\\/index.php\\\/2020\\\/10\\\/camara-de-portimao-estabelece-parcerias-e-garante-desconcentracao-da-vacinacao-com-a-gripe-sazonal\\\/saude\\\/13\\\/42\\\/\"},\"author\":{\"name\":\"Algarve 7\",\"@id\":\"https:\\\/\\\/algarve7.pt\\\/#\\\/schema\\\/person\\\/23fa70681308e7b319a3204bcea45e0c\"},\"headline\":\"C\u00e2mara de Portim\u00e3o estabelece parcerias e garante desconcentra\u00e7\u00e3o da vacina\u00e7\u00e3o com a gripe sazonal\",\"datePublished\":\"2020-10-21T12:42:01+00:00\",\"mainEntityOfPage\":{\"@id\":\"https:\\\/\\\/algarve7.pt\\\/index.php\\\/2020\\\/10\\\/camara-de-portimao-estabelece-parcerias-e-garante-desconcentracao-da-vacinacao-com-a-gripe-sazonal\\\/saude\\\/13\\\/42\\\/\"},\"wordCount\":656,\"publisher\":{\"@id\":\"https:\\\/\\\/algarve7.pt\\\/#organization\"},\"image\":{\"@id\":\"https:\\\/\\\/algarve7.pt\\\/index.php\\\/2020\\\/10\\\/camara-de-portimao-estabelece-parcerias-e-garante-desconcentracao-da-vacinacao-com-a-gripe-sazonal\\\/saude\\\/13\\\/42\\\/#primaryimage\"},\"thumbnailUrl\":\"https:\\\/\\\/algarve7.pt\\\/wp-content\\\/uploads\\\/2020\\\/10\\\/C69B4180a-saude-movel.jpg\",\"keywords\":[\"Algarve\",\"Gripe\",\"Portim\u00e3o\",\"Sa\u00fade\"],\"articleSection\":[\"Sa\u00fade\"],\"inLanguage\":\"pt-PT\"},{\"@type\":\"WebPage\",\"@id\":\"https:\\\/\\\/algarve7.pt\\\/index.php\\\/2020\\\/10\\\/camara-de-portimao-estabelece-parcerias-e-garante-desconcentracao-da-vacinacao-com-a-gripe-sazonal\\\/saude\\\/13\\\/42\\\/\",\"url\":\"https:\\\/\\\/algarve7.pt\\\/index.php\\\/2020\\\/10\\\/camara-de-portimao-estabelece-parcerias-e-garante-desconcentracao-da-vacinacao-com-a-gripe-sazonal\\\/saude\\\/13\\\/42\\\/\",\"name\":\"C\u00e2mara de Portim\u00e3o estabelece parcerias e garante desconcentra\u00e7\u00e3o da vacina\u00e7\u00e3o com a gripe sazonal - Algarve 7\",\"isPartOf\":{\"@id\":\"https:\\\/\\\/algarve7.pt\\\/#website\"},\"primaryImageOfPage\":{\"@id\":\"https:\\\/\\\/algarve7.pt\\\/index.php\\\/2020\\\/10\\\/camara-de-portimao-estabelece-parcerias-e-garante-desconcentracao-da-vacinacao-com-a-gripe-sazonal\\\/saude\\\/13\\\/42\\\/#primaryimage\"},\"image\":{\"@id\":\"https:\\\/\\\/algarve7.pt\\\/index.php\\\/2020\\\/10\\\/camara-de-portimao-estabelece-parcerias-e-garante-desconcentracao-da-vacinacao-com-a-gripe-sazonal\\\/saude\\\/13\\\/42\\\/#primaryimage\"},\"thumbnailUrl\":\"https:\\\/\\\/algarve7.pt\\\/wp-content\\\/uploads\\\/2020\\\/10\\\/C69B4180a-saude-movel.jpg\",\"datePublished\":\"2020-10-21T12:42:01+00:00\",\"description\":\"C\u00e2mara de Portim\u00e3o estabelece parcerias e garante desconcentra\u00e7\u00e3o da vacina\u00e7\u00e3o com a gripe sazonal.\",\"breadcrumb\":{\"@id\":\"https:\\\/\\\/algarve7.pt\\\/index.php\\\/2020\\\/10\\\/camara-de-portimao-estabelece-parcerias-e-garante-desconcentracao-da-vacinacao-com-a-gripe-sazonal\\\/saude\\\/13\\\/42\\\/#breadcrumb\"},\"inLanguage\":\"pt-PT\",\"potentialAction\":[{\"@type\":\"ReadAction\",\"target\":[\"https:\\\/\\\/algarve7.pt\\\/index.php\\\/2020\\\/10\\\/camara-de-portimao-estabelece-parcerias-e-garante-desconcentracao-da-vacinacao-com-a-gripe-sazonal\\\/saude\\\/13\\\/42\\\/\"]}]},{\"@type\":\"ImageObject\",\"inLanguage\":\"pt-PT\",\"@id\":\"https:\\\/\\\/algarve7.pt\\\/index.php\\\/2020\\\/10\\\/camara-de-portimao-estabelece-parcerias-e-garante-desconcentracao-da-vacinacao-com-a-gripe-sazonal\\\/saude\\\/13\\\/42\\\/#primaryimage\",\"url\":\"https:\\\/\\\/algarve7.pt\\\/wp-content\\\/uploads\\\/2020\\\/10\\\/C69B4180a-saude-movel.jpg\",\"contentUrl\":\"https:\\\/\\\/algarve7.pt\\\/wp-content\\\/uploads\\\/2020\\\/10\\\/C69B4180a-saude-movel.jpg\",\"width\":1280,\"height\":853},{\"@type\":\"BreadcrumbList\",\"@id\":\"https:\\\/\\\/algarve7.pt\\\/index.php\\\/2020\\\/10\\\/camara-de-portimao-estabelece-parcerias-e-garante-desconcentracao-da-vacinacao-com-a-gripe-sazonal\\\/saude\\\/13\\\/42\\\/#breadcrumb\",\"itemListElement\":[{\"@type\":\"ListItem\",\"position\":1,\"name\":\"In\u00edcio\",\"item\":\"https:\\\/\\\/algarve7.pt\\\/\"},{\"@type\":\"ListItem\",\"position\":2,\"name\":\"C\u00e2mara de Portim\u00e3o estabelece parcerias e garante desconcentra\u00e7\u00e3o da vacina\u00e7\u00e3o com a gripe sazonal\"}]},{\"@type\":\"WebSite\",\"@id\":\"https:\\\/\\\/algarve7.pt\\\/#website\",\"url\":\"https:\\\/\\\/algarve7.pt\\\/\",\"name\":\"Algarve 7\",\"description\":\"Informa\u00e7\u00e3o sobre o Algarve\",\"publisher\":{\"@id\":\"https:\\\/\\\/algarve7.pt\\\/#organization\"},\"potentialAction\":[{\"@type\":\"SearchAction\",\"target\":{\"@type\":\"EntryPoint\",\"urlTemplate\":\"https:\\\/\\\/algarve7.pt\\\/?s={search_term_string}\"},\"query-input\":{\"@type\":\"PropertyValueSpecification\",\"valueRequired\":true,\"valueName\":\"search_term_string\"}}],\"inLanguage\":\"pt-PT\"},{\"@type\":\"Organization\",\"@id\":\"https:\\\/\\\/algarve7.pt\\\/#organization\",\"name\":\"Algarve 7\",\"url\":\"https:\\\/\\\/algarve7.pt\\\/\",\"logo\":{\"@type\":\"ImageObject\",\"inLanguage\":\"pt-PT\",\"@id\":\"https:\\\/\\\/algarve7.pt\\\/#\\\/schema\\\/logo\\\/image\\\/\",\"url\":\"https:\\\/\\\/algarve7.pt\\\/wp-content\\\/uploads\\\/2020\\\/10\\\/Logo-8.jpg\",\"contentUrl\":\"https:\\\/\\\/algarve7.pt\\\/wp-content\\\/uploads\\\/2020\\\/10\\\/Logo-8.jpg\",\"width\":1680,\"height\":1186,\"caption\":\"Algarve 7\"},\"image\":{\"@id\":\"https:\\\/\\\/algarve7.pt\\\/#\\\/schema\\\/logo\\\/image\\\/\"},\"sameAs\":[\"https:\\\/\\\/www.facebook.com\\\/algarve7\",\"https:\\\/\\\/x.com\\\/Algarvesete\",\"https:\\\/\\\/www.instagram.com\\\/jornalalgarve7\\\/\",\"https:\\\/\\\/www.linkedin.com\\\/company\\\/algarve7\",\"https:\\\/\\\/www.pinterest.pt\\\/geral0939\\\/_created\\\/\"]},{\"@type\":\"Person\",\"@id\":\"https:\\\/\\\/algarve7.pt\\\/#\\\/schema\\\/person\\\/23fa70681308e7b319a3204bcea45e0c\",\"name\":\"Algarve 7\",\"sameAs\":[\"https:\\\/\\\/algarve7.pt\",\"https:\\\/\\\/www.facebook.com\\\/algarve7\"],\"url\":\"https:\\\/\\\/algarve7.pt\\\/index.php\\\/author\\\/geralalgarve7-pt\\\/\"}]}<\/script>\n<!-- \/ Yoast SEO plugin. -->","yoast_head_json":{"title":"C\u00e2mara de Portim\u00e3o estabelece parcerias e garante desconcentra\u00e7\u00e3o da vacina\u00e7\u00e3o com a gripe sazonal - Algarve 7","description":"C\u00e2mara de Portim\u00e3o estabelece parcerias e garante desconcentra\u00e7\u00e3o da vacina\u00e7\u00e3o com a gripe sazonal.","robots":{"index":"index","follow":"follow","max-snippet":"max-snippet:-1","max-image-preview":"max-image-preview:large","max-video-preview":"max-video-preview:-1"},"canonical":"https:\/\/algarve7.pt\/index.php\/2020\/10\/camara-de-portimao-estabelece-parcerias-e-garante-desconcentracao-da-vacinacao-com-a-gripe-sazonal\/saude\/13\/42\/","og_locale":"pt_PT","og_type":"article","og_title":"C\u00e2mara de Portim\u00e3o estabelece parcerias e garante desconcentra\u00e7\u00e3o da vacina\u00e7\u00e3o com a gripe sazonal - Algarve 7","og_description":"C\u00e2mara de Portim\u00e3o estabelece parcerias e garante desconcentra\u00e7\u00e3o da vacina\u00e7\u00e3o com a gripe sazonal.","og_url":"https:\/\/algarve7.pt\/index.php\/2020\/10\/camara-de-portimao-estabelece-parcerias-e-garante-desconcentracao-da-vacinacao-com-a-gripe-sazonal\/saude\/13\/42\/","og_site_name":"Algarve 7","article_publisher":"https:\/\/www.facebook.com\/algarve7","article_author":"https:\/\/www.facebook.com\/algarve7","article_published_time":"2020-10-21T12:42:01+00:00","og_image":[{"width":1280,"height":853,"url":"https:\/\/algarve7.pt\/wp-content\/uploads\/2020\/10\/C69B4180a-saude-movel.jpg","type":"image\/jpeg"}],"author":"Algarve 7","twitter_card":"summary_large_image","twitter_creator":"@Algarvesete","twitter_site":"@Algarvesete","twitter_misc":{"Escrito por":"Algarve 7","Tempo estimado de leitura":"3 minutos"},"schema":{"@context":"https:\/\/schema.org","@graph":[{"@type":"Article","@id":"https:\/\/algarve7.pt\/index.php\/2020\/10\/camara-de-portimao-estabelece-parcerias-e-garante-desconcentracao-da-vacinacao-com-a-gripe-sazonal\/saude\/13\/42\/#article","isPartOf":{"@id":"https:\/\/algarve7.pt\/index.php\/2020\/10\/camara-de-portimao-estabelece-parcerias-e-garante-desconcentracao-da-vacinacao-com-a-gripe-sazonal\/saude\/13\/42\/"},"author":{"name":"Algarve 7","@id":"https:\/\/algarve7.pt\/#\/schema\/person\/23fa70681308e7b319a3204bcea45e0c"},"headline":"C\u00e2mara de Portim\u00e3o estabelece parcerias e garante desconcentra\u00e7\u00e3o da vacina\u00e7\u00e3o com a gripe sazonal","datePublished":"2020-10-21T12:42:01+00:00","mainEntityOfPage":{"@id":"https:\/\/algarve7.pt\/index.php\/2020\/10\/camara-de-portimao-estabelece-parcerias-e-garante-desconcentracao-da-vacinacao-com-a-gripe-sazonal\/saude\/13\/42\/"},"wordCount":656,"publisher":{"@id":"https:\/\/algarve7.pt\/#organization"},"image":{"@id":"https:\/\/algarve7.pt\/index.php\/2020\/10\/camara-de-portimao-estabelece-parcerias-e-garante-desconcentracao-da-vacinacao-com-a-gripe-sazonal\/saude\/13\/42\/#primaryimage"},"thumbnailUrl":"https:\/\/algarve7.pt\/wp-content\/uploads\/2020\/10\/C69B4180a-saude-movel.jpg","keywords":["Algarve","Gripe","Portim\u00e3o","Sa\u00fade"],"articleSection":["Sa\u00fade"],"inLanguage":"pt-PT"},{"@type":"WebPage","@id":"https:\/\/algarve7.pt\/index.php\/2020\/10\/camara-de-portimao-estabelece-parcerias-e-garante-desconcentracao-da-vacinacao-com-a-gripe-sazonal\/saude\/13\/42\/","url":"https:\/\/algarve7.pt\/index.php\/2020\/10\/camara-de-portimao-estabelece-parcerias-e-garante-desconcentracao-da-vacinacao-com-a-gripe-sazonal\/saude\/13\/42\/","name":"C\u00e2mara de Portim\u00e3o estabelece parcerias e garante desconcentra\u00e7\u00e3o da vacina\u00e7\u00e3o com a gripe sazonal - Algarve 7","isPartOf":{"@id":"https:\/\/algarve7.pt\/#website"},"primaryImageOfPage":{"@id":"https:\/\/algarve7.pt\/index.php\/2020\/10\/camara-de-portimao-estabelece-parcerias-e-garante-desconcentracao-da-vacinacao-com-a-gripe-sazonal\/saude\/13\/42\/#primaryimage"},"image":{"@id":"https:\/\/algarve7.pt\/index.php\/2020\/10\/camara-de-portimao-estabelece-parcerias-e-garante-desconcentracao-da-vacinacao-com-a-gripe-sazonal\/saude\/13\/42\/#primaryimage"},"thumbnailUrl":"https:\/\/algarve7.pt\/wp-content\/uploads\/2020\/10\/C69B4180a-saude-movel.jpg","datePublished":"2020-10-21T12:42:01+00:00","description":"C\u00e2mara de Portim\u00e3o estabelece parcerias e garante desconcentra\u00e7\u00e3o da vacina\u00e7\u00e3o com a gripe sazonal.","breadcrumb":{"@id":"https:\/\/algarve7.pt\/index.php\/2020\/10\/camara-de-portimao-estabelece-parcerias-e-garante-desconcentracao-da-vacinacao-com-a-gripe-sazonal\/saude\/13\/42\/#breadcrumb"},"inLanguage":"pt-PT","potentialAction":[{"@type":"ReadAction","target":["https:\/\/algarve7.pt\/index.php\/2020\/10\/camara-de-portimao-estabelece-parcerias-e-garante-desconcentracao-da-vacinacao-com-a-gripe-sazonal\/saude\/13\/42\/"]}]},{"@type":"ImageObject","inLanguage":"pt-PT","@id":"https:\/\/algarve7.pt\/index.php\/2020\/10\/camara-de-portimao-estabelece-parcerias-e-garante-desconcentracao-da-vacinacao-com-a-gripe-sazonal\/saude\/13\/42\/#primaryimage","url":"https:\/\/algarve7.pt\/wp-content\/uploads\/2020\/10\/C69B4180a-saude-movel.jpg","contentUrl":"https:\/\/algarve7.pt\/wp-content\/uploads\/2020\/10\/C69B4180a-saude-movel.jpg","width":1280,"height":853},{"@type":"BreadcrumbList","@id":"https:\/\/algarve7.pt\/index.php\/2020\/10\/camara-de-portimao-estabelece-parcerias-e-garante-desconcentracao-da-vacinacao-com-a-gripe-sazonal\/saude\/13\/42\/#breadcrumb","itemListElement":[{"@type":"ListItem","position":1,"name":"In\u00edcio","item":"https:\/\/algarve7.pt\/"},{"@type":"ListItem","position":2,"name":"C\u00e2mara de Portim\u00e3o estabelece parcerias e garante desconcentra\u00e7\u00e3o da vacina\u00e7\u00e3o com a gripe sazonal"}]},{"@type":"WebSite","@id":"https:\/\/algarve7.pt\/#website","url":"https:\/\/algarve7.pt\/","name":"Algarve 7","description":"Informa\u00e7\u00e3o sobre o Algarve","publisher":{"@id":"https:\/\/algarve7.pt\/#organization"},"potentialAction":[{"@type":"SearchAction","target":{"@type":"EntryPoint","urlTemplate":"https:\/\/algarve7.pt\/?s={search_term_string}"},"query-input":{"@type":"PropertyValueSpecification","valueRequired":true,"valueName":"search_term_string"}}],"inLanguage":"pt-PT"},{"@type":"Organization","@id":"https:\/\/algarve7.pt\/#organization","name":"Algarve 7","url":"https:\/\/algarve7.pt\/","logo":{"@type":"ImageObject","inLanguage":"pt-PT","@id":"https:\/\/algarve7.pt\/#\/schema\/logo\/image\/","url":"https:\/\/algarve7.pt\/wp-content\/uploads\/2020\/10\/Logo-8.jpg","contentUrl":"https:\/\/algarve7.pt\/wp-content\/uploads\/2020\/10\/Logo-8.jpg","width":1680,"height":1186,"caption":"Algarve 7"},"image":{"@id":"https:\/\/algarve7.pt\/#\/schema\/logo\/image\/"},"sameAs":["https:\/\/www.facebook.com\/algarve7","https:\/\/x.com\/Algarvesete","https:\/\/www.instagram.com\/jornalalgarve7\/","https:\/\/www.linkedin.com\/company\/algarve7","https:\/\/www.pinterest.pt\/geral0939\/_created\/"]},{"@type":"Person","@id":"https:\/\/algarve7.pt\/#\/schema\/person\/23fa70681308e7b319a3204bcea45e0c","name":"Algarve 7","sameAs":["https:\/\/algarve7.pt","https:\/\/www.facebook.com\/algarve7"],"url":"https:\/\/algarve7.pt\/index.php\/author\/geralalgarve7-pt\/"}]}},"jetpack_publicize_connections":[],"jetpack_featured_media_url":"https:\/\/algarve7.pt\/wp-content\/uploads\/2020\/10\/C69B4180a-saude-movel.jpg","jetpack_shortlink":"https:\/\/wp.me\/pcezmW-IW","jetpack_sharing_enabled":true,"_links":{"self":[{"href":"https:\/\/algarve7.pt\/index.php\/wp-json\/wp\/v2\/posts\/2786","targetHints":{"allow":["GET"]}}],"collection":[{"href":"https:\/\/algarve7.pt\/index.php\/wp-json\/wp\/v2\/posts"}],"about":[{"href":"https:\/\/algarve7.pt\/index.php\/wp-json\/wp\/v2\/types\/post"}],"author":[{"embeddable":true,"href":"https:\/\/algarve7.pt\/index.php\/wp-json\/wp\/v2\/users\/1"}],"replies":[{"embeddable":true,"href":"https:\/\/algarve7.pt\/index.php\/wp-json\/wp\/v2\/comments?post=2786"}],"version-history":[{"count":0,"href":"https:\/\/algarve7.pt\/index.php\/wp-json\/wp\/v2\/posts\/2786\/revisions"}],"wp:featuredmedia":[{"embeddable":true,"href":"https:\/\/algarve7.pt\/index.php\/wp-json\/wp\/v2\/media\/2787"}],"wp:attachment":[{"href":"https:\/\/algarve7.pt\/index.php\/wp-json\/wp\/v2\/media?parent=2786"}],"wp:term":[{"taxonomy":"category","embeddable":true,"href":"https:\/\/algarve7.pt\/index.php\/wp-json\/wp\/v2\/categories?post=2786"},{"taxonomy":"post_tag","embeddable":true,"href":"https:\/\/algarve7.pt\/index.php\/wp-json\/wp\/v2\/tags?post=2786"}],"curies":[{"name":"wp","href":"https:\/\/api.w.org\/{rel}","templated":true}]}}