{"id":27856,"date":"2023-05-17T13:45:41","date_gmt":"2023-05-17T12:45:41","guid":{"rendered":"https:\/\/algarve7.pt\/?p=27856"},"modified":"2023-05-17T13:45:43","modified_gmt":"2023-05-17T12:45:43","slug":"espiga-inspira-3-dias-de-muita-festa-em-salir","status":"publish","type":"post","link":"https:\/\/algarve7.pt\/index.php\/2023\/05\/espiga-inspira-3-dias-de-muita-festa-em-salir\/cultura\/13\/45\/","title":{"rendered":"Espiga inspira 3 dias de muita Festa em Salir"},"content":{"rendered":"\n<p>A Espiga, ou apanha do Ramo da Espiga, que al\u00e9m da espiga de trigo \u00e9 composto por ramo de oliveira, papoila e alecrim entre outras flores, celebra-se por tradi\u00e7\u00e3o na Quinta-Feira da Ascens\u00e3o e \u00e9 o mote desde 1968 para uma festa muito genu\u00edna e que mostra a identidade de um povo, bem no interior algarvio, mais precisamente na vila de Salir.<\/p>\n\n\n\n<p>O programa que a Junta de Freguesia de Salir, em colabora\u00e7\u00e3o com a C\u00e2mara Municipal de Loul\u00e9, preparou para receber os in\u00fameros visitantes que, certamente mais um ano, v\u00e3o encher as ruas da vila, nomeadamente a Rua Jos\u00e9 Viegas Greg\u00f3rio, \u00e9 recheado de muitas atra\u00e7\u00f5es e ter\u00e1 entrada livre. Ao longo dos tr\u00eas dias de Festa da Espiga, haver\u00e1 muita gastronomia, nas tasquinhas distribu\u00eddas ao longo do recinto, muito artesanato local e produtos regionais, mas tamb\u00e9m muita anima\u00e7\u00e3o de rua com Filipe Rom\u00e3o, Luis Simenta e &nbsp;Diogo Ramos.<\/p>\n\n\n\n<p>Iniciando logo pela manh\u00e3 do dia 18 de Maio, feriado municipal no concelho de Loul\u00e9, o programa abre com o Passeio Pedestre e de BTT, onde os participantes podem inclusive apanhar e fazer o ramo da espiga, nos campos e trilhos por onde v\u00e3o passear.<\/p>\n\n\n\n<p>Mas um dos destaques deste primeiro dia vai para o hist\u00f3rico e interessante cortejo etnogr\u00e1fico que sobe a Rua Jos\u00e9 Viegas Greg\u00f3rio, pelas 16h00 e em frente \u00e0 tribuna presidencial, s\u00e3o declamados poemas de improviso para felicitar as entidades aut\u00e1rquicas por uma determinada obra ou ent\u00e3o reclamar ou lembrar uma outra interven\u00e7\u00e3o ou repara\u00e7\u00e3o que ainda se encontra por fazer. Este desfile marca a origem desta festa e integra mais de 20 tratores e para cima de 200 figurantes, onde cada galera apresenta-se superiormente decorada, representando s\u00edtios e lugares da freguesia de Salir, mas tamb\u00e9m in\u00fameras profiss\u00f5es que foram e ainda s\u00e3o o suporte econ\u00f3mico desta zona da Serra do Caldeir\u00e3o, entre elas, a tiragem da corti\u00e7a, a monda do trigo, o vinho da Nave do Bar\u00e3o, a destila\u00e7\u00e3o da aguardente de medronho, entre outras artes. De referir que este desfile voltar\u00e1 a ter lugar novamente no S\u00e1bado, dia 20 de Maio, pelas 19h30. Al\u00e9m da representa\u00e7\u00e3o etnogr\u00e1fica, haver\u00e1 tamb\u00e9m lugar ao folclore com as dan\u00e7as e cantares dos grupos da freguesia, nomeadamente o Rancho Folcl\u00f3rico \u201cAs Mondadeiras das Barrosas\u201d e o Grupo Etnogr\u00e1fico da Serra do Caldeir\u00e3o \u2013 Cortelha.<\/p>\n\n\n\n<p>Ao palco principal sobem na primeira noite, dia 18 de Maio, as sonoridades mais populares, com o Baile de Ruben Filipe e os ritmos \u201cCountry\u201d, mais conhecidos na m\u00fasica Norte-Americana e Brasileira, com o artista, sobejamente conhecido, Z\u00e9 Amaro.<\/p>\n\n\n\n<p>Na Sexta-Feira, dia 19 de Maio, haver\u00e1 durante a tarde um conv\u00edvio dedicado aos s\u00e9niores e utentes das institui\u00e7\u00f5es deste territ\u00f3rio. Mas \u00e9 \u00e0 noite que o cartaz chama a aten\u00e7\u00e3o da juventude, com a atua\u00e7\u00e3o dos D-String Band, pelas 22h00, e \u00e0s 23h30, haver\u00e1 muito Reggae e Hip-Hop com Jimmy P, a fechar a anima\u00e7\u00e3o deste segundo dia, sobe ao palco, pelas 01h00, uma das vozes mais conhecidas da R\u00e1dio em Portugal, mas que vem a Salir para passar m\u00fasica, o Dj Wilson Honrado.<\/p>\n\n\n\n<p>Na tarde do dia 20 de Maio, o Parque Desportivo de Salir enche-se para acolher os mais novos, com a Festa das Espiguinhas, onde n\u00e3o faltar\u00e1 um Torneio de Futebol, bem como insufl\u00e1veis, piscina, jogos tradicionais, pinturas faciais, trampolins e muita anima\u00e7\u00e3o. Neste dia, o palco principal ir\u00e1 receber pelas 23h30, a banda cabe\u00e7a de cartaz e nacionalmente conhecida, The Gift, mas antes pelas 22h00, atuam os Allcante. Para encerrar a edi\u00e7\u00e3o de 2023 da Festa da Espiga, o \u201cHouse Music\u201d chegar\u00e1 ao recinto, pelas m\u00e3os do Dj Sunlize, a partir das 01h00.<\/p>\n\n\n\n<p>O ano de 2023 marca a 56\u00aa edi\u00e7\u00e3o da Festa da Espiga, que surgiu em Salir em 1968, pela iniciativa do ent\u00e3o Presidente de Junta, Jos\u00e9 Viegas Greg\u00f3rio, evento que se assume hoje como um verdadeiro cartaz de promo\u00e7\u00e3o das tradi\u00e7\u00f5es mais genu\u00ednas do interior algarvio, dando a conhecer os usos e costumes da Serra do Caldeir\u00e3o.<\/p>\n","protected":false},"excerpt":{"rendered":"<p>A Espiga, ou apanha do Ramo da Espiga, que al\u00e9m da espiga de trigo \u00e9 composto por ramo de oliveira,<\/p>\n","protected":false},"author":1,"featured_media":27857,"comment_status":"closed","ping_status":"open","sticky":false,"template":"","format":"standard","meta":{"colormag_page_container_layout":"default_layout","colormag_page_sidebar_layout":"default_layout","_monsterinsights_skip_tracking":false,"_monsterinsights_sitenote_active":false,"_monsterinsights_sitenote_note":"","_monsterinsights_sitenote_category":0,"jetpack_post_was_ever_published":false,"_jetpack_newsletter_access":"","_jetpack_dont_email_post_to_subs":false,"_jetpack_newsletter_tier_id":0,"_jetpack_memberships_contains_paywalled_content":false,"_jetpack_memberships_contains_paid_content":false,"footnotes":"","jetpack_publicize_message":"","jetpack_publicize_feature_enabled":true,"jetpack_social_post_already_shared":true,"jetpack_social_options":{"image_generator_settings":{"template":"highway","default_image_id":0,"font":"","enabled":false},"version":2}},"categories":[14],"tags":[36,35,34],"class_list":["post-27856","post","type-post","status-publish","format-standard","has-post-thumbnail","hentry","category-cultura","tag-algarve","tag-cultura","tag-salir"],"yoast_head":"<!-- This site is optimized with the Yoast SEO plugin v27.4 - https:\/\/yoast.com\/product\/yoast-seo-wordpress\/ -->\n<title>Espiga inspira 3 dias de muita Festa em Salir - Algarve 7<\/title>\n<meta name=\"description\" content=\"Espiga inspira 3 dias de muita Festa em Salir Cultura\" \/>\n<meta name=\"robots\" content=\"index, follow, max-snippet:-1, max-image-preview:large, max-video-preview:-1\" \/>\n<link rel=\"canonical\" href=\"https:\/\/algarve7.pt\/index.php\/2023\/05\/espiga-inspira-3-dias-de-muita-festa-em-salir\/cultura\/13\/45\/\" \/>\n<meta property=\"og:locale\" content=\"pt_PT\" \/>\n<meta property=\"og:type\" content=\"article\" \/>\n<meta property=\"og:title\" content=\"Espiga inspira 3 dias de muita Festa em Salir - Algarve 7\" \/>\n<meta property=\"og:description\" content=\"Espiga inspira 3 dias de muita Festa em Salir Cultura\" \/>\n<meta property=\"og:url\" content=\"https:\/\/algarve7.pt\/index.php\/2023\/05\/espiga-inspira-3-dias-de-muita-festa-em-salir\/cultura\/13\/45\/\" \/>\n<meta property=\"og:site_name\" content=\"Algarve 7\" \/>\n<meta property=\"article:publisher\" content=\"https:\/\/www.facebook.com\/algarve7\" \/>\n<meta property=\"article:author\" content=\"https:\/\/www.facebook.com\/algarve7\" \/>\n<meta property=\"article:published_time\" content=\"2023-05-17T12:45:41+00:00\" \/>\n<meta property=\"article:modified_time\" content=\"2023-05-17T12:45:43+00:00\" \/>\n<meta property=\"og:image\" content=\"https:\/\/algarve7.pt\/wp-content\/uploads\/2023\/05\/FE4.jpg\" \/>\n\t<meta property=\"og:image:width\" content=\"1024\" \/>\n\t<meta property=\"og:image:height\" content=\"683\" \/>\n\t<meta property=\"og:image:type\" content=\"image\/jpeg\" \/>\n<meta name=\"author\" content=\"Algarve 7\" \/>\n<meta name=\"twitter:card\" content=\"summary_large_image\" \/>\n<meta name=\"twitter:creator\" content=\"@Algarvesete\" \/>\n<meta name=\"twitter:site\" content=\"@Algarvesete\" \/>\n<meta name=\"twitter:label1\" content=\"Escrito por\" \/>\n\t<meta name=\"twitter:data1\" content=\"Algarve 7\" \/>\n\t<meta name=\"twitter:label2\" content=\"Tempo estimado de leitura\" \/>\n\t<meta name=\"twitter:data2\" content=\"4 minutos\" \/>\n<script type=\"application\/ld+json\" class=\"yoast-schema-graph\">{\"@context\":\"https:\\\/\\\/schema.org\",\"@graph\":[{\"@type\":\"Article\",\"@id\":\"https:\\\/\\\/algarve7.pt\\\/index.php\\\/2023\\\/05\\\/espiga-inspira-3-dias-de-muita-festa-em-salir\\\/cultura\\\/13\\\/45\\\/#article\",\"isPartOf\":{\"@id\":\"https:\\\/\\\/algarve7.pt\\\/index.php\\\/2023\\\/05\\\/espiga-inspira-3-dias-de-muita-festa-em-salir\\\/cultura\\\/13\\\/45\\\/\"},\"author\":{\"name\":\"Algarve 7\",\"@id\":\"https:\\\/\\\/algarve7.pt\\\/#\\\/schema\\\/person\\\/23fa70681308e7b319a3204bcea45e0c\"},\"headline\":\"Espiga inspira 3 dias de muita Festa em Salir\",\"datePublished\":\"2023-05-17T12:45:41+00:00\",\"dateModified\":\"2023-05-17T12:45:43+00:00\",\"mainEntityOfPage\":{\"@id\":\"https:\\\/\\\/algarve7.pt\\\/index.php\\\/2023\\\/05\\\/espiga-inspira-3-dias-de-muita-festa-em-salir\\\/cultura\\\/13\\\/45\\\/\"},\"wordCount\":715,\"publisher\":{\"@id\":\"https:\\\/\\\/algarve7.pt\\\/#organization\"},\"image\":{\"@id\":\"https:\\\/\\\/algarve7.pt\\\/index.php\\\/2023\\\/05\\\/espiga-inspira-3-dias-de-muita-festa-em-salir\\\/cultura\\\/13\\\/45\\\/#primaryimage\"},\"thumbnailUrl\":\"https:\\\/\\\/algarve7.pt\\\/wp-content\\\/uploads\\\/2023\\\/05\\\/FE4.jpg\",\"keywords\":[\"Algarve\",\"Cultura\",\"Salir\"],\"articleSection\":[\"Cultura\"],\"inLanguage\":\"pt-PT\"},{\"@type\":\"WebPage\",\"@id\":\"https:\\\/\\\/algarve7.pt\\\/index.php\\\/2023\\\/05\\\/espiga-inspira-3-dias-de-muita-festa-em-salir\\\/cultura\\\/13\\\/45\\\/\",\"url\":\"https:\\\/\\\/algarve7.pt\\\/index.php\\\/2023\\\/05\\\/espiga-inspira-3-dias-de-muita-festa-em-salir\\\/cultura\\\/13\\\/45\\\/\",\"name\":\"Espiga inspira 3 dias de muita Festa em Salir - Algarve 7\",\"isPartOf\":{\"@id\":\"https:\\\/\\\/algarve7.pt\\\/#website\"},\"primaryImageOfPage\":{\"@id\":\"https:\\\/\\\/algarve7.pt\\\/index.php\\\/2023\\\/05\\\/espiga-inspira-3-dias-de-muita-festa-em-salir\\\/cultura\\\/13\\\/45\\\/#primaryimage\"},\"image\":{\"@id\":\"https:\\\/\\\/algarve7.pt\\\/index.php\\\/2023\\\/05\\\/espiga-inspira-3-dias-de-muita-festa-em-salir\\\/cultura\\\/13\\\/45\\\/#primaryimage\"},\"thumbnailUrl\":\"https:\\\/\\\/algarve7.pt\\\/wp-content\\\/uploads\\\/2023\\\/05\\\/FE4.jpg\",\"datePublished\":\"2023-05-17T12:45:41+00:00\",\"dateModified\":\"2023-05-17T12:45:43+00:00\",\"description\":\"Espiga inspira 3 dias de muita Festa em Salir Cultura\",\"breadcrumb\":{\"@id\":\"https:\\\/\\\/algarve7.pt\\\/index.php\\\/2023\\\/05\\\/espiga-inspira-3-dias-de-muita-festa-em-salir\\\/cultura\\\/13\\\/45\\\/#breadcrumb\"},\"inLanguage\":\"pt-PT\",\"potentialAction\":[{\"@type\":\"ReadAction\",\"target\":[\"https:\\\/\\\/algarve7.pt\\\/index.php\\\/2023\\\/05\\\/espiga-inspira-3-dias-de-muita-festa-em-salir\\\/cultura\\\/13\\\/45\\\/\"]}]},{\"@type\":\"ImageObject\",\"inLanguage\":\"pt-PT\",\"@id\":\"https:\\\/\\\/algarve7.pt\\\/index.php\\\/2023\\\/05\\\/espiga-inspira-3-dias-de-muita-festa-em-salir\\\/cultura\\\/13\\\/45\\\/#primaryimage\",\"url\":\"https:\\\/\\\/algarve7.pt\\\/wp-content\\\/uploads\\\/2023\\\/05\\\/FE4.jpg\",\"contentUrl\":\"https:\\\/\\\/algarve7.pt\\\/wp-content\\\/uploads\\\/2023\\\/05\\\/FE4.jpg\",\"width\":1024,\"height\":683},{\"@type\":\"BreadcrumbList\",\"@id\":\"https:\\\/\\\/algarve7.pt\\\/index.php\\\/2023\\\/05\\\/espiga-inspira-3-dias-de-muita-festa-em-salir\\\/cultura\\\/13\\\/45\\\/#breadcrumb\",\"itemListElement\":[{\"@type\":\"ListItem\",\"position\":1,\"name\":\"In\u00edcio\",\"item\":\"https:\\\/\\\/algarve7.pt\\\/\"},{\"@type\":\"ListItem\",\"position\":2,\"name\":\"Espiga inspira 3 dias de muita Festa em Salir\"}]},{\"@type\":\"WebSite\",\"@id\":\"https:\\\/\\\/algarve7.pt\\\/#website\",\"url\":\"https:\\\/\\\/algarve7.pt\\\/\",\"name\":\"Algarve 7\",\"description\":\"Informa\u00e7\u00e3o sobre o Algarve\",\"publisher\":{\"@id\":\"https:\\\/\\\/algarve7.pt\\\/#organization\"},\"potentialAction\":[{\"@type\":\"SearchAction\",\"target\":{\"@type\":\"EntryPoint\",\"urlTemplate\":\"https:\\\/\\\/algarve7.pt\\\/?s={search_term_string}\"},\"query-input\":{\"@type\":\"PropertyValueSpecification\",\"valueRequired\":true,\"valueName\":\"search_term_string\"}}],\"inLanguage\":\"pt-PT\"},{\"@type\":\"Organization\",\"@id\":\"https:\\\/\\\/algarve7.pt\\\/#organization\",\"name\":\"Algarve 7\",\"url\":\"https:\\\/\\\/algarve7.pt\\\/\",\"logo\":{\"@type\":\"ImageObject\",\"inLanguage\":\"pt-PT\",\"@id\":\"https:\\\/\\\/algarve7.pt\\\/#\\\/schema\\\/logo\\\/image\\\/\",\"url\":\"https:\\\/\\\/algarve7.pt\\\/wp-content\\\/uploads\\\/2020\\\/10\\\/Logo-8.jpg\",\"contentUrl\":\"https:\\\/\\\/algarve7.pt\\\/wp-content\\\/uploads\\\/2020\\\/10\\\/Logo-8.jpg\",\"width\":1680,\"height\":1186,\"caption\":\"Algarve 7\"},\"image\":{\"@id\":\"https:\\\/\\\/algarve7.pt\\\/#\\\/schema\\\/logo\\\/image\\\/\"},\"sameAs\":[\"https:\\\/\\\/www.facebook.com\\\/algarve7\",\"https:\\\/\\\/x.com\\\/Algarvesete\",\"https:\\\/\\\/www.instagram.com\\\/jornalalgarve7\\\/\",\"https:\\\/\\\/www.linkedin.com\\\/company\\\/algarve7\",\"https:\\\/\\\/www.pinterest.pt\\\/geral0939\\\/_created\\\/\"]},{\"@type\":\"Person\",\"@id\":\"https:\\\/\\\/algarve7.pt\\\/#\\\/schema\\\/person\\\/23fa70681308e7b319a3204bcea45e0c\",\"name\":\"Algarve 7\",\"sameAs\":[\"https:\\\/\\\/algarve7.pt\",\"https:\\\/\\\/www.facebook.com\\\/algarve7\"],\"url\":\"https:\\\/\\\/algarve7.pt\\\/index.php\\\/author\\\/geralalgarve7-pt\\\/\"}]}<\/script>\n<!-- \/ Yoast SEO plugin. -->","yoast_head_json":{"title":"Espiga inspira 3 dias de muita Festa em Salir - Algarve 7","description":"Espiga inspira 3 dias de muita Festa em Salir Cultura","robots":{"index":"index","follow":"follow","max-snippet":"max-snippet:-1","max-image-preview":"max-image-preview:large","max-video-preview":"max-video-preview:-1"},"canonical":"https:\/\/algarve7.pt\/index.php\/2023\/05\/espiga-inspira-3-dias-de-muita-festa-em-salir\/cultura\/13\/45\/","og_locale":"pt_PT","og_type":"article","og_title":"Espiga inspira 3 dias de muita Festa em Salir - Algarve 7","og_description":"Espiga inspira 3 dias de muita Festa em Salir Cultura","og_url":"https:\/\/algarve7.pt\/index.php\/2023\/05\/espiga-inspira-3-dias-de-muita-festa-em-salir\/cultura\/13\/45\/","og_site_name":"Algarve 7","article_publisher":"https:\/\/www.facebook.com\/algarve7","article_author":"https:\/\/www.facebook.com\/algarve7","article_published_time":"2023-05-17T12:45:41+00:00","article_modified_time":"2023-05-17T12:45:43+00:00","og_image":[{"width":1024,"height":683,"url":"https:\/\/algarve7.pt\/wp-content\/uploads\/2023\/05\/FE4.jpg","type":"image\/jpeg"}],"author":"Algarve 7","twitter_card":"summary_large_image","twitter_creator":"@Algarvesete","twitter_site":"@Algarvesete","twitter_misc":{"Escrito por":"Algarve 7","Tempo estimado de leitura":"4 minutos"},"schema":{"@context":"https:\/\/schema.org","@graph":[{"@type":"Article","@id":"https:\/\/algarve7.pt\/index.php\/2023\/05\/espiga-inspira-3-dias-de-muita-festa-em-salir\/cultura\/13\/45\/#article","isPartOf":{"@id":"https:\/\/algarve7.pt\/index.php\/2023\/05\/espiga-inspira-3-dias-de-muita-festa-em-salir\/cultura\/13\/45\/"},"author":{"name":"Algarve 7","@id":"https:\/\/algarve7.pt\/#\/schema\/person\/23fa70681308e7b319a3204bcea45e0c"},"headline":"Espiga inspira 3 dias de muita Festa em Salir","datePublished":"2023-05-17T12:45:41+00:00","dateModified":"2023-05-17T12:45:43+00:00","mainEntityOfPage":{"@id":"https:\/\/algarve7.pt\/index.php\/2023\/05\/espiga-inspira-3-dias-de-muita-festa-em-salir\/cultura\/13\/45\/"},"wordCount":715,"publisher":{"@id":"https:\/\/algarve7.pt\/#organization"},"image":{"@id":"https:\/\/algarve7.pt\/index.php\/2023\/05\/espiga-inspira-3-dias-de-muita-festa-em-salir\/cultura\/13\/45\/#primaryimage"},"thumbnailUrl":"https:\/\/algarve7.pt\/wp-content\/uploads\/2023\/05\/FE4.jpg","keywords":["Algarve","Cultura","Salir"],"articleSection":["Cultura"],"inLanguage":"pt-PT"},{"@type":"WebPage","@id":"https:\/\/algarve7.pt\/index.php\/2023\/05\/espiga-inspira-3-dias-de-muita-festa-em-salir\/cultura\/13\/45\/","url":"https:\/\/algarve7.pt\/index.php\/2023\/05\/espiga-inspira-3-dias-de-muita-festa-em-salir\/cultura\/13\/45\/","name":"Espiga inspira 3 dias de muita Festa em Salir - Algarve 7","isPartOf":{"@id":"https:\/\/algarve7.pt\/#website"},"primaryImageOfPage":{"@id":"https:\/\/algarve7.pt\/index.php\/2023\/05\/espiga-inspira-3-dias-de-muita-festa-em-salir\/cultura\/13\/45\/#primaryimage"},"image":{"@id":"https:\/\/algarve7.pt\/index.php\/2023\/05\/espiga-inspira-3-dias-de-muita-festa-em-salir\/cultura\/13\/45\/#primaryimage"},"thumbnailUrl":"https:\/\/algarve7.pt\/wp-content\/uploads\/2023\/05\/FE4.jpg","datePublished":"2023-05-17T12:45:41+00:00","dateModified":"2023-05-17T12:45:43+00:00","description":"Espiga inspira 3 dias de muita Festa em Salir Cultura","breadcrumb":{"@id":"https:\/\/algarve7.pt\/index.php\/2023\/05\/espiga-inspira-3-dias-de-muita-festa-em-salir\/cultura\/13\/45\/#breadcrumb"},"inLanguage":"pt-PT","potentialAction":[{"@type":"ReadAction","target":["https:\/\/algarve7.pt\/index.php\/2023\/05\/espiga-inspira-3-dias-de-muita-festa-em-salir\/cultura\/13\/45\/"]}]},{"@type":"ImageObject","inLanguage":"pt-PT","@id":"https:\/\/algarve7.pt\/index.php\/2023\/05\/espiga-inspira-3-dias-de-muita-festa-em-salir\/cultura\/13\/45\/#primaryimage","url":"https:\/\/algarve7.pt\/wp-content\/uploads\/2023\/05\/FE4.jpg","contentUrl":"https:\/\/algarve7.pt\/wp-content\/uploads\/2023\/05\/FE4.jpg","width":1024,"height":683},{"@type":"BreadcrumbList","@id":"https:\/\/algarve7.pt\/index.php\/2023\/05\/espiga-inspira-3-dias-de-muita-festa-em-salir\/cultura\/13\/45\/#breadcrumb","itemListElement":[{"@type":"ListItem","position":1,"name":"In\u00edcio","item":"https:\/\/algarve7.pt\/"},{"@type":"ListItem","position":2,"name":"Espiga inspira 3 dias de muita Festa em Salir"}]},{"@type":"WebSite","@id":"https:\/\/algarve7.pt\/#website","url":"https:\/\/algarve7.pt\/","name":"Algarve 7","description":"Informa\u00e7\u00e3o sobre o Algarve","publisher":{"@id":"https:\/\/algarve7.pt\/#organization"},"potentialAction":[{"@type":"SearchAction","target":{"@type":"EntryPoint","urlTemplate":"https:\/\/algarve7.pt\/?s={search_term_string}"},"query-input":{"@type":"PropertyValueSpecification","valueRequired":true,"valueName":"search_term_string"}}],"inLanguage":"pt-PT"},{"@type":"Organization","@id":"https:\/\/algarve7.pt\/#organization","name":"Algarve 7","url":"https:\/\/algarve7.pt\/","logo":{"@type":"ImageObject","inLanguage":"pt-PT","@id":"https:\/\/algarve7.pt\/#\/schema\/logo\/image\/","url":"https:\/\/algarve7.pt\/wp-content\/uploads\/2020\/10\/Logo-8.jpg","contentUrl":"https:\/\/algarve7.pt\/wp-content\/uploads\/2020\/10\/Logo-8.jpg","width":1680,"height":1186,"caption":"Algarve 7"},"image":{"@id":"https:\/\/algarve7.pt\/#\/schema\/logo\/image\/"},"sameAs":["https:\/\/www.facebook.com\/algarve7","https:\/\/x.com\/Algarvesete","https:\/\/www.instagram.com\/jornalalgarve7\/","https:\/\/www.linkedin.com\/company\/algarve7","https:\/\/www.pinterest.pt\/geral0939\/_created\/"]},{"@type":"Person","@id":"https:\/\/algarve7.pt\/#\/schema\/person\/23fa70681308e7b319a3204bcea45e0c","name":"Algarve 7","sameAs":["https:\/\/algarve7.pt","https:\/\/www.facebook.com\/algarve7"],"url":"https:\/\/algarve7.pt\/index.php\/author\/geralalgarve7-pt\/"}]}},"jetpack_publicize_connections":[],"jetpack_featured_media_url":"https:\/\/algarve7.pt\/wp-content\/uploads\/2023\/05\/FE4.jpg","jetpack_shortlink":"https:\/\/wp.me\/pcezmW-7fi","jetpack_sharing_enabled":true,"_links":{"self":[{"href":"https:\/\/algarve7.pt\/index.php\/wp-json\/wp\/v2\/posts\/27856","targetHints":{"allow":["GET"]}}],"collection":[{"href":"https:\/\/algarve7.pt\/index.php\/wp-json\/wp\/v2\/posts"}],"about":[{"href":"https:\/\/algarve7.pt\/index.php\/wp-json\/wp\/v2\/types\/post"}],"author":[{"embeddable":true,"href":"https:\/\/algarve7.pt\/index.php\/wp-json\/wp\/v2\/users\/1"}],"replies":[{"embeddable":true,"href":"https:\/\/algarve7.pt\/index.php\/wp-json\/wp\/v2\/comments?post=27856"}],"version-history":[{"count":0,"href":"https:\/\/algarve7.pt\/index.php\/wp-json\/wp\/v2\/posts\/27856\/revisions"}],"wp:featuredmedia":[{"embeddable":true,"href":"https:\/\/algarve7.pt\/index.php\/wp-json\/wp\/v2\/media\/27857"}],"wp:attachment":[{"href":"https:\/\/algarve7.pt\/index.php\/wp-json\/wp\/v2\/media?parent=27856"}],"wp:term":[{"taxonomy":"category","embeddable":true,"href":"https:\/\/algarve7.pt\/index.php\/wp-json\/wp\/v2\/categories?post=27856"},{"taxonomy":"post_tag","embeddable":true,"href":"https:\/\/algarve7.pt\/index.php\/wp-json\/wp\/v2\/tags?post=27856"}],"curies":[{"name":"wp","href":"https:\/\/api.w.org\/{rel}","templated":true}]}}