{"id":27853,"date":"2023-05-17T13:37:15","date_gmt":"2023-05-17T12:37:15","guid":{"rendered":"https:\/\/algarve7.pt\/?p=27853"},"modified":"2023-05-17T13:37:18","modified_gmt":"2023-05-17T12:37:18","slug":"centro-de-meios-aereos-de-sao-bras-de-alportel-entra-hoje-em-funcionamento","status":"publish","type":"post","link":"https:\/\/algarve7.pt\/index.php\/2023\/05\/centro-de-meios-aereos-de-sao-bras-de-alportel-entra-hoje-em-funcionamento\/atualidade\/13\/37\/","title":{"rendered":"Centro de Meios A\u00e9reos de S\u00e3o Br\u00e1s de Alportel entra hoje em funcionamento"},"content":{"rendered":"\n<p>Entrou hoje em funcionamento, dia 17 de maio, o Centro de Meios A\u00e9reos \u00a0de S\u00e3o Br\u00e1s de Alportel. Um investimento em seguran\u00e7a que visa operacionalizar uma resposta c\u00e9lere e eficaz em situa\u00e7\u00f5es de inc\u00eandio rural para toda a regi\u00e3o do Algarve.<br>No \u00e2mbito da miss\u00e3o priorit\u00e1ria de preven\u00e7\u00e3o e combate a inc\u00eandios rurais, a C\u00e2mara Municipal de S\u00e3o Br\u00e1s de Alportel, em parceria com o Comando Regional do Algarve da Autoridade Nacional de Emerg\u00eancia e Prote\u00e7\u00e3o Civil (ANEPC) e com o apoio do Instituto da Mobilidade e dos Transportes I.P (IMT) procedeu \u00e0s necess\u00e1rias interven\u00e7\u00f5es para dotar o espa\u00e7o do Parque de Manobras do IMT com as condi\u00e7\u00f5es necess\u00e1rias para acolher o novo Centro de Meios A\u00e9reos de S\u00e3o Br\u00e1s de Alportel. \u00a0Os trabalhos contaram ainda com o apoio do Munic\u00edpio de Loul\u00e9, Bombeiros Volunt\u00e1rios de S\u00e3o Br\u00e1s de Alportel e Clube de ca\u00e7a \u201cos vizinhos dos Machados\u201d.<\/p>\n\n\n\n<p>Um Centro Operacional de import\u00e2ncia estrat\u00e9gica essencial para fazer face \u00e0s necessidades decorrentes do combate aos inc\u00eandios rurais e proje\u00e7\u00e3o de for\u00e7as e meios de apoio, que ir\u00e1 manter-se ativo at\u00e9 dia 15 de outubro, aquando do t\u00e9rmino do per\u00edodo mais exigente do Dispositivo de Combate a Inc\u00eandios Rurais (DECIR).<\/p>\n\n\n\n<p>Trata-se de um projeto executado com o empenho de muitas equipas, elementos t\u00e9cnicos e operacionais do munic\u00edpio que em tempo recorde adaptaram o espa\u00e7o, que permitiu acolher desde j\u00e1 um helic\u00f3ptero ligeiro, a operar a partir de hoje, seguindo-se outras aeronaves a partir do dia 1 de junho com destaque para um helic\u00f3ptero bombardeiro pesado que passa a poder operar a partir desta infraestrutura, conferindo um incremento na rede estrat\u00e9gica de prote\u00e7\u00e3o civil da Regi\u00e3o, nomeadamente no que concerne a bases de opera\u00e7\u00e3o de meios a\u00e9reos e locais de concentra\u00e7\u00e3o de meios de combate terrestre.<\/p>\n\n\n\n<p>O Centro mereceu a aprova\u00e7\u00e3o pela Autoridade Nacional de Avia\u00e7\u00e3o Civil (ANAC) para operar meios de prote\u00e7\u00e3o civil e socorro, bem como pela Autoridade Nacional de Emerg\u00eancia e Prote\u00e7\u00e3o Civil, sob coordena\u00e7\u00e3o do Comando Regional.<\/p>\n\n\n\n<p>Este investimento, no \u00e2mbito do Dispositivo de Combate a Inc\u00eandios Rurais (DECIR), comprova uma vez mais a capacidade de articula\u00e7\u00e3o e trabalho em parceria das diferentes entidades envolvidas, na otimiza\u00e7\u00e3o de respostas \u00e0s necessidades dos territ\u00f3rios e suas popula\u00e7\u00f5es, sob a \u00e9gide do Sistema Integrado de Opera\u00e7\u00f5es de Prote\u00e7\u00e3o e Socorro (SIOPS).<\/p>\n","protected":false},"excerpt":{"rendered":"<p>Entrou hoje em funcionamento, dia 17 de maio, o Centro de Meios A\u00e9reos \u00a0de S\u00e3o Br\u00e1s de Alportel. Um investimento<\/p>\n","protected":false},"author":1,"featured_media":27854,"comment_status":"closed","ping_status":"open","sticky":false,"template":"","format":"standard","meta":{"colormag_page_container_layout":"default_layout","colormag_page_sidebar_layout":"default_layout","_monsterinsights_skip_tracking":false,"_monsterinsights_sitenote_active":false,"_monsterinsights_sitenote_note":"","_monsterinsights_sitenote_category":0,"jetpack_post_was_ever_published":false,"_jetpack_newsletter_access":"","_jetpack_dont_email_post_to_subs":false,"_jetpack_newsletter_tier_id":0,"_jetpack_memberships_contains_paywalled_content":false,"_jetpack_memberships_contains_paid_content":false,"footnotes":"","jetpack_publicize_message":"","jetpack_publicize_feature_enabled":true,"jetpack_social_post_already_shared":true,"jetpack_social_options":{"image_generator_settings":{"template":"highway","default_image_id":0,"font":"","enabled":false},"version":2}},"categories":[11],"tags":[36,62,363,63],"class_list":["post-27853","post","type-post","status-publish","format-standard","has-post-thumbnail","hentry","category-atualidade","tag-algarve","tag-atualidade","tag-heliporto","tag-sao-bras-de-alportel"],"yoast_head":"<!-- This site is optimized with the Yoast SEO plugin v27.4 - https:\/\/yoast.com\/product\/yoast-seo-wordpress\/ -->\n<title>Centro de Meios A\u00e9reos de S\u00e3o Br\u00e1s de Alportel entra hoje em funcionamento - Algarve 7<\/title>\n<meta name=\"description\" content=\"Centro de Meios A\u00e9reos de S\u00e3o Br\u00e1s de Alportel entra hoje em funcionamento Atualidade\" \/>\n<meta name=\"robots\" content=\"index, follow, max-snippet:-1, max-image-preview:large, max-video-preview:-1\" \/>\n<link rel=\"canonical\" href=\"https:\/\/algarve7.pt\/index.php\/2023\/05\/centro-de-meios-aereos-de-sao-bras-de-alportel-entra-hoje-em-funcionamento\/atualidade\/13\/37\/\" \/>\n<meta property=\"og:locale\" content=\"pt_PT\" \/>\n<meta property=\"og:type\" content=\"article\" \/>\n<meta property=\"og:title\" content=\"Centro de Meios A\u00e9reos de S\u00e3o Br\u00e1s de Alportel entra hoje em funcionamento - Algarve 7\" \/>\n<meta property=\"og:description\" content=\"Centro de Meios A\u00e9reos de S\u00e3o Br\u00e1s de Alportel entra hoje em funcionamento Atualidade\" \/>\n<meta property=\"og:url\" content=\"https:\/\/algarve7.pt\/index.php\/2023\/05\/centro-de-meios-aereos-de-sao-bras-de-alportel-entra-hoje-em-funcionamento\/atualidade\/13\/37\/\" \/>\n<meta property=\"og:site_name\" content=\"Algarve 7\" \/>\n<meta property=\"article:publisher\" content=\"https:\/\/www.facebook.com\/algarve7\" \/>\n<meta property=\"article:author\" content=\"https:\/\/www.facebook.com\/algarve7\" \/>\n<meta property=\"article:published_time\" content=\"2023-05-17T12:37:15+00:00\" \/>\n<meta property=\"article:modified_time\" content=\"2023-05-17T12:37:18+00:00\" \/>\n<meta property=\"og:image\" content=\"https:\/\/algarve7.pt\/wp-content\/uploads\/2023\/05\/CentroMeiosAereos_SBA_4-Large.jpg\" \/>\n\t<meta property=\"og:image:width\" content=\"1024\" \/>\n\t<meta property=\"og:image:height\" content=\"683\" \/>\n\t<meta property=\"og:image:type\" content=\"image\/jpeg\" \/>\n<meta name=\"author\" content=\"Algarve 7\" \/>\n<meta name=\"twitter:card\" content=\"summary_large_image\" \/>\n<meta name=\"twitter:creator\" content=\"@Algarvesete\" \/>\n<meta name=\"twitter:site\" content=\"@Algarvesete\" \/>\n<meta name=\"twitter:label1\" content=\"Escrito por\" \/>\n\t<meta name=\"twitter:data1\" content=\"Algarve 7\" \/>\n\t<meta name=\"twitter:label2\" content=\"Tempo estimado de leitura\" \/>\n\t<meta name=\"twitter:data2\" content=\"3 minutos\" \/>\n<script type=\"application\/ld+json\" class=\"yoast-schema-graph\">{\"@context\":\"https:\\\/\\\/schema.org\",\"@graph\":[{\"@type\":\"Article\",\"@id\":\"https:\\\/\\\/algarve7.pt\\\/index.php\\\/2023\\\/05\\\/centro-de-meios-aereos-de-sao-bras-de-alportel-entra-hoje-em-funcionamento\\\/atualidade\\\/13\\\/37\\\/#article\",\"isPartOf\":{\"@id\":\"https:\\\/\\\/algarve7.pt\\\/index.php\\\/2023\\\/05\\\/centro-de-meios-aereos-de-sao-bras-de-alportel-entra-hoje-em-funcionamento\\\/atualidade\\\/13\\\/37\\\/\"},\"author\":{\"name\":\"Algarve 7\",\"@id\":\"https:\\\/\\\/algarve7.pt\\\/#\\\/schema\\\/person\\\/23fa70681308e7b319a3204bcea45e0c\"},\"headline\":\"Centro de Meios A\u00e9reos de S\u00e3o Br\u00e1s de Alportel entra hoje em funcionamento\",\"datePublished\":\"2023-05-17T12:37:15+00:00\",\"dateModified\":\"2023-05-17T12:37:18+00:00\",\"mainEntityOfPage\":{\"@id\":\"https:\\\/\\\/algarve7.pt\\\/index.php\\\/2023\\\/05\\\/centro-de-meios-aereos-de-sao-bras-de-alportel-entra-hoje-em-funcionamento\\\/atualidade\\\/13\\\/37\\\/\"},\"wordCount\":456,\"publisher\":{\"@id\":\"https:\\\/\\\/algarve7.pt\\\/#organization\"},\"image\":{\"@id\":\"https:\\\/\\\/algarve7.pt\\\/index.php\\\/2023\\\/05\\\/centro-de-meios-aereos-de-sao-bras-de-alportel-entra-hoje-em-funcionamento\\\/atualidade\\\/13\\\/37\\\/#primaryimage\"},\"thumbnailUrl\":\"https:\\\/\\\/algarve7.pt\\\/wp-content\\\/uploads\\\/2023\\\/05\\\/CentroMeiosAereos_SBA_4-Large.jpg\",\"keywords\":[\"Algarve\",\"Atualidade\",\"Heliporto\",\"S\u00e3o Br\u00e1s de Alportel\"],\"articleSection\":[\"Atualidade\"],\"inLanguage\":\"pt-PT\"},{\"@type\":\"WebPage\",\"@id\":\"https:\\\/\\\/algarve7.pt\\\/index.php\\\/2023\\\/05\\\/centro-de-meios-aereos-de-sao-bras-de-alportel-entra-hoje-em-funcionamento\\\/atualidade\\\/13\\\/37\\\/\",\"url\":\"https:\\\/\\\/algarve7.pt\\\/index.php\\\/2023\\\/05\\\/centro-de-meios-aereos-de-sao-bras-de-alportel-entra-hoje-em-funcionamento\\\/atualidade\\\/13\\\/37\\\/\",\"name\":\"Centro de Meios A\u00e9reos de S\u00e3o Br\u00e1s de Alportel entra hoje em funcionamento - Algarve 7\",\"isPartOf\":{\"@id\":\"https:\\\/\\\/algarve7.pt\\\/#website\"},\"primaryImageOfPage\":{\"@id\":\"https:\\\/\\\/algarve7.pt\\\/index.php\\\/2023\\\/05\\\/centro-de-meios-aereos-de-sao-bras-de-alportel-entra-hoje-em-funcionamento\\\/atualidade\\\/13\\\/37\\\/#primaryimage\"},\"image\":{\"@id\":\"https:\\\/\\\/algarve7.pt\\\/index.php\\\/2023\\\/05\\\/centro-de-meios-aereos-de-sao-bras-de-alportel-entra-hoje-em-funcionamento\\\/atualidade\\\/13\\\/37\\\/#primaryimage\"},\"thumbnailUrl\":\"https:\\\/\\\/algarve7.pt\\\/wp-content\\\/uploads\\\/2023\\\/05\\\/CentroMeiosAereos_SBA_4-Large.jpg\",\"datePublished\":\"2023-05-17T12:37:15+00:00\",\"dateModified\":\"2023-05-17T12:37:18+00:00\",\"description\":\"Centro de Meios A\u00e9reos de S\u00e3o Br\u00e1s de Alportel entra hoje em funcionamento Atualidade\",\"breadcrumb\":{\"@id\":\"https:\\\/\\\/algarve7.pt\\\/index.php\\\/2023\\\/05\\\/centro-de-meios-aereos-de-sao-bras-de-alportel-entra-hoje-em-funcionamento\\\/atualidade\\\/13\\\/37\\\/#breadcrumb\"},\"inLanguage\":\"pt-PT\",\"potentialAction\":[{\"@type\":\"ReadAction\",\"target\":[\"https:\\\/\\\/algarve7.pt\\\/index.php\\\/2023\\\/05\\\/centro-de-meios-aereos-de-sao-bras-de-alportel-entra-hoje-em-funcionamento\\\/atualidade\\\/13\\\/37\\\/\"]}]},{\"@type\":\"ImageObject\",\"inLanguage\":\"pt-PT\",\"@id\":\"https:\\\/\\\/algarve7.pt\\\/index.php\\\/2023\\\/05\\\/centro-de-meios-aereos-de-sao-bras-de-alportel-entra-hoje-em-funcionamento\\\/atualidade\\\/13\\\/37\\\/#primaryimage\",\"url\":\"https:\\\/\\\/algarve7.pt\\\/wp-content\\\/uploads\\\/2023\\\/05\\\/CentroMeiosAereos_SBA_4-Large.jpg\",\"contentUrl\":\"https:\\\/\\\/algarve7.pt\\\/wp-content\\\/uploads\\\/2023\\\/05\\\/CentroMeiosAereos_SBA_4-Large.jpg\",\"width\":1024,\"height\":683},{\"@type\":\"BreadcrumbList\",\"@id\":\"https:\\\/\\\/algarve7.pt\\\/index.php\\\/2023\\\/05\\\/centro-de-meios-aereos-de-sao-bras-de-alportel-entra-hoje-em-funcionamento\\\/atualidade\\\/13\\\/37\\\/#breadcrumb\",\"itemListElement\":[{\"@type\":\"ListItem\",\"position\":1,\"name\":\"In\u00edcio\",\"item\":\"https:\\\/\\\/algarve7.pt\\\/\"},{\"@type\":\"ListItem\",\"position\":2,\"name\":\"Centro de Meios A\u00e9reos de S\u00e3o Br\u00e1s de Alportel entra hoje em funcionamento\"}]},{\"@type\":\"WebSite\",\"@id\":\"https:\\\/\\\/algarve7.pt\\\/#website\",\"url\":\"https:\\\/\\\/algarve7.pt\\\/\",\"name\":\"Algarve 7\",\"description\":\"Informa\u00e7\u00e3o sobre o Algarve\",\"publisher\":{\"@id\":\"https:\\\/\\\/algarve7.pt\\\/#organization\"},\"potentialAction\":[{\"@type\":\"SearchAction\",\"target\":{\"@type\":\"EntryPoint\",\"urlTemplate\":\"https:\\\/\\\/algarve7.pt\\\/?s={search_term_string}\"},\"query-input\":{\"@type\":\"PropertyValueSpecification\",\"valueRequired\":true,\"valueName\":\"search_term_string\"}}],\"inLanguage\":\"pt-PT\"},{\"@type\":\"Organization\",\"@id\":\"https:\\\/\\\/algarve7.pt\\\/#organization\",\"name\":\"Algarve 7\",\"url\":\"https:\\\/\\\/algarve7.pt\\\/\",\"logo\":{\"@type\":\"ImageObject\",\"inLanguage\":\"pt-PT\",\"@id\":\"https:\\\/\\\/algarve7.pt\\\/#\\\/schema\\\/logo\\\/image\\\/\",\"url\":\"https:\\\/\\\/algarve7.pt\\\/wp-content\\\/uploads\\\/2020\\\/10\\\/Logo-8.jpg\",\"contentUrl\":\"https:\\\/\\\/algarve7.pt\\\/wp-content\\\/uploads\\\/2020\\\/10\\\/Logo-8.jpg\",\"width\":1680,\"height\":1186,\"caption\":\"Algarve 7\"},\"image\":{\"@id\":\"https:\\\/\\\/algarve7.pt\\\/#\\\/schema\\\/logo\\\/image\\\/\"},\"sameAs\":[\"https:\\\/\\\/www.facebook.com\\\/algarve7\",\"https:\\\/\\\/x.com\\\/Algarvesete\",\"https:\\\/\\\/www.instagram.com\\\/jornalalgarve7\\\/\",\"https:\\\/\\\/www.linkedin.com\\\/company\\\/algarve7\",\"https:\\\/\\\/www.pinterest.pt\\\/geral0939\\\/_created\\\/\"]},{\"@type\":\"Person\",\"@id\":\"https:\\\/\\\/algarve7.pt\\\/#\\\/schema\\\/person\\\/23fa70681308e7b319a3204bcea45e0c\",\"name\":\"Algarve 7\",\"sameAs\":[\"https:\\\/\\\/algarve7.pt\",\"https:\\\/\\\/www.facebook.com\\\/algarve7\"],\"url\":\"https:\\\/\\\/algarve7.pt\\\/index.php\\\/author\\\/geralalgarve7-pt\\\/\"}]}<\/script>\n<!-- \/ Yoast SEO plugin. -->","yoast_head_json":{"title":"Centro de Meios A\u00e9reos de S\u00e3o Br\u00e1s de Alportel entra hoje em funcionamento - Algarve 7","description":"Centro de Meios A\u00e9reos de S\u00e3o Br\u00e1s de Alportel entra hoje em funcionamento Atualidade","robots":{"index":"index","follow":"follow","max-snippet":"max-snippet:-1","max-image-preview":"max-image-preview:large","max-video-preview":"max-video-preview:-1"},"canonical":"https:\/\/algarve7.pt\/index.php\/2023\/05\/centro-de-meios-aereos-de-sao-bras-de-alportel-entra-hoje-em-funcionamento\/atualidade\/13\/37\/","og_locale":"pt_PT","og_type":"article","og_title":"Centro de Meios A\u00e9reos de S\u00e3o Br\u00e1s de Alportel entra hoje em funcionamento - Algarve 7","og_description":"Centro de Meios A\u00e9reos de S\u00e3o Br\u00e1s de Alportel entra hoje em funcionamento Atualidade","og_url":"https:\/\/algarve7.pt\/index.php\/2023\/05\/centro-de-meios-aereos-de-sao-bras-de-alportel-entra-hoje-em-funcionamento\/atualidade\/13\/37\/","og_site_name":"Algarve 7","article_publisher":"https:\/\/www.facebook.com\/algarve7","article_author":"https:\/\/www.facebook.com\/algarve7","article_published_time":"2023-05-17T12:37:15+00:00","article_modified_time":"2023-05-17T12:37:18+00:00","og_image":[{"width":1024,"height":683,"url":"https:\/\/algarve7.pt\/wp-content\/uploads\/2023\/05\/CentroMeiosAereos_SBA_4-Large.jpg","type":"image\/jpeg"}],"author":"Algarve 7","twitter_card":"summary_large_image","twitter_creator":"@Algarvesete","twitter_site":"@Algarvesete","twitter_misc":{"Escrito por":"Algarve 7","Tempo estimado de leitura":"3 minutos"},"schema":{"@context":"https:\/\/schema.org","@graph":[{"@type":"Article","@id":"https:\/\/algarve7.pt\/index.php\/2023\/05\/centro-de-meios-aereos-de-sao-bras-de-alportel-entra-hoje-em-funcionamento\/atualidade\/13\/37\/#article","isPartOf":{"@id":"https:\/\/algarve7.pt\/index.php\/2023\/05\/centro-de-meios-aereos-de-sao-bras-de-alportel-entra-hoje-em-funcionamento\/atualidade\/13\/37\/"},"author":{"name":"Algarve 7","@id":"https:\/\/algarve7.pt\/#\/schema\/person\/23fa70681308e7b319a3204bcea45e0c"},"headline":"Centro de Meios A\u00e9reos de S\u00e3o Br\u00e1s de Alportel entra hoje em funcionamento","datePublished":"2023-05-17T12:37:15+00:00","dateModified":"2023-05-17T12:37:18+00:00","mainEntityOfPage":{"@id":"https:\/\/algarve7.pt\/index.php\/2023\/05\/centro-de-meios-aereos-de-sao-bras-de-alportel-entra-hoje-em-funcionamento\/atualidade\/13\/37\/"},"wordCount":456,"publisher":{"@id":"https:\/\/algarve7.pt\/#organization"},"image":{"@id":"https:\/\/algarve7.pt\/index.php\/2023\/05\/centro-de-meios-aereos-de-sao-bras-de-alportel-entra-hoje-em-funcionamento\/atualidade\/13\/37\/#primaryimage"},"thumbnailUrl":"https:\/\/algarve7.pt\/wp-content\/uploads\/2023\/05\/CentroMeiosAereos_SBA_4-Large.jpg","keywords":["Algarve","Atualidade","Heliporto","S\u00e3o Br\u00e1s de Alportel"],"articleSection":["Atualidade"],"inLanguage":"pt-PT"},{"@type":"WebPage","@id":"https:\/\/algarve7.pt\/index.php\/2023\/05\/centro-de-meios-aereos-de-sao-bras-de-alportel-entra-hoje-em-funcionamento\/atualidade\/13\/37\/","url":"https:\/\/algarve7.pt\/index.php\/2023\/05\/centro-de-meios-aereos-de-sao-bras-de-alportel-entra-hoje-em-funcionamento\/atualidade\/13\/37\/","name":"Centro de Meios A\u00e9reos de S\u00e3o Br\u00e1s de Alportel entra hoje em funcionamento - Algarve 7","isPartOf":{"@id":"https:\/\/algarve7.pt\/#website"},"primaryImageOfPage":{"@id":"https:\/\/algarve7.pt\/index.php\/2023\/05\/centro-de-meios-aereos-de-sao-bras-de-alportel-entra-hoje-em-funcionamento\/atualidade\/13\/37\/#primaryimage"},"image":{"@id":"https:\/\/algarve7.pt\/index.php\/2023\/05\/centro-de-meios-aereos-de-sao-bras-de-alportel-entra-hoje-em-funcionamento\/atualidade\/13\/37\/#primaryimage"},"thumbnailUrl":"https:\/\/algarve7.pt\/wp-content\/uploads\/2023\/05\/CentroMeiosAereos_SBA_4-Large.jpg","datePublished":"2023-05-17T12:37:15+00:00","dateModified":"2023-05-17T12:37:18+00:00","description":"Centro de Meios A\u00e9reos de S\u00e3o Br\u00e1s de Alportel entra hoje em funcionamento Atualidade","breadcrumb":{"@id":"https:\/\/algarve7.pt\/index.php\/2023\/05\/centro-de-meios-aereos-de-sao-bras-de-alportel-entra-hoje-em-funcionamento\/atualidade\/13\/37\/#breadcrumb"},"inLanguage":"pt-PT","potentialAction":[{"@type":"ReadAction","target":["https:\/\/algarve7.pt\/index.php\/2023\/05\/centro-de-meios-aereos-de-sao-bras-de-alportel-entra-hoje-em-funcionamento\/atualidade\/13\/37\/"]}]},{"@type":"ImageObject","inLanguage":"pt-PT","@id":"https:\/\/algarve7.pt\/index.php\/2023\/05\/centro-de-meios-aereos-de-sao-bras-de-alportel-entra-hoje-em-funcionamento\/atualidade\/13\/37\/#primaryimage","url":"https:\/\/algarve7.pt\/wp-content\/uploads\/2023\/05\/CentroMeiosAereos_SBA_4-Large.jpg","contentUrl":"https:\/\/algarve7.pt\/wp-content\/uploads\/2023\/05\/CentroMeiosAereos_SBA_4-Large.jpg","width":1024,"height":683},{"@type":"BreadcrumbList","@id":"https:\/\/algarve7.pt\/index.php\/2023\/05\/centro-de-meios-aereos-de-sao-bras-de-alportel-entra-hoje-em-funcionamento\/atualidade\/13\/37\/#breadcrumb","itemListElement":[{"@type":"ListItem","position":1,"name":"In\u00edcio","item":"https:\/\/algarve7.pt\/"},{"@type":"ListItem","position":2,"name":"Centro de Meios A\u00e9reos de S\u00e3o Br\u00e1s de Alportel entra hoje em funcionamento"}]},{"@type":"WebSite","@id":"https:\/\/algarve7.pt\/#website","url":"https:\/\/algarve7.pt\/","name":"Algarve 7","description":"Informa\u00e7\u00e3o sobre o Algarve","publisher":{"@id":"https:\/\/algarve7.pt\/#organization"},"potentialAction":[{"@type":"SearchAction","target":{"@type":"EntryPoint","urlTemplate":"https:\/\/algarve7.pt\/?s={search_term_string}"},"query-input":{"@type":"PropertyValueSpecification","valueRequired":true,"valueName":"search_term_string"}}],"inLanguage":"pt-PT"},{"@type":"Organization","@id":"https:\/\/algarve7.pt\/#organization","name":"Algarve 7","url":"https:\/\/algarve7.pt\/","logo":{"@type":"ImageObject","inLanguage":"pt-PT","@id":"https:\/\/algarve7.pt\/#\/schema\/logo\/image\/","url":"https:\/\/algarve7.pt\/wp-content\/uploads\/2020\/10\/Logo-8.jpg","contentUrl":"https:\/\/algarve7.pt\/wp-content\/uploads\/2020\/10\/Logo-8.jpg","width":1680,"height":1186,"caption":"Algarve 7"},"image":{"@id":"https:\/\/algarve7.pt\/#\/schema\/logo\/image\/"},"sameAs":["https:\/\/www.facebook.com\/algarve7","https:\/\/x.com\/Algarvesete","https:\/\/www.instagram.com\/jornalalgarve7\/","https:\/\/www.linkedin.com\/company\/algarve7","https:\/\/www.pinterest.pt\/geral0939\/_created\/"]},{"@type":"Person","@id":"https:\/\/algarve7.pt\/#\/schema\/person\/23fa70681308e7b319a3204bcea45e0c","name":"Algarve 7","sameAs":["https:\/\/algarve7.pt","https:\/\/www.facebook.com\/algarve7"],"url":"https:\/\/algarve7.pt\/index.php\/author\/geralalgarve7-pt\/"}]}},"jetpack_publicize_connections":[],"jetpack_featured_media_url":"https:\/\/algarve7.pt\/wp-content\/uploads\/2023\/05\/CentroMeiosAereos_SBA_4-Large.jpg","jetpack_shortlink":"https:\/\/wp.me\/pcezmW-7ff","jetpack_sharing_enabled":true,"_links":{"self":[{"href":"https:\/\/algarve7.pt\/index.php\/wp-json\/wp\/v2\/posts\/27853","targetHints":{"allow":["GET"]}}],"collection":[{"href":"https:\/\/algarve7.pt\/index.php\/wp-json\/wp\/v2\/posts"}],"about":[{"href":"https:\/\/algarve7.pt\/index.php\/wp-json\/wp\/v2\/types\/post"}],"author":[{"embeddable":true,"href":"https:\/\/algarve7.pt\/index.php\/wp-json\/wp\/v2\/users\/1"}],"replies":[{"embeddable":true,"href":"https:\/\/algarve7.pt\/index.php\/wp-json\/wp\/v2\/comments?post=27853"}],"version-history":[{"count":0,"href":"https:\/\/algarve7.pt\/index.php\/wp-json\/wp\/v2\/posts\/27853\/revisions"}],"wp:featuredmedia":[{"embeddable":true,"href":"https:\/\/algarve7.pt\/index.php\/wp-json\/wp\/v2\/media\/27854"}],"wp:attachment":[{"href":"https:\/\/algarve7.pt\/index.php\/wp-json\/wp\/v2\/media?parent=27853"}],"wp:term":[{"taxonomy":"category","embeddable":true,"href":"https:\/\/algarve7.pt\/index.php\/wp-json\/wp\/v2\/categories?post=27853"},{"taxonomy":"post_tag","embeddable":true,"href":"https:\/\/algarve7.pt\/index.php\/wp-json\/wp\/v2\/tags?post=27853"}],"curies":[{"name":"wp","href":"https:\/\/api.w.org\/{rel}","templated":true}]}}