{"id":2779,"date":"2020-10-21T12:44:16","date_gmt":"2020-10-21T11:44:16","guid":{"rendered":"https:\/\/algarve7.pt\/?p=2779"},"modified":"2020-10-21T12:44:17","modified_gmt":"2020-10-21T11:44:17","slug":"assinado-o-contrato-de-reabilitacao-do-bairro-horta-dr-padua","status":"publish","type":"post","link":"https:\/\/algarve7.pt\/index.php\/2020\/10\/assinado-o-contrato-de-reabilitacao-do-bairro-horta-dr-padua\/atualidade\/12\/44\/","title":{"rendered":"Foi assinado o contrato de reabilita\u00e7\u00e3o do bairro Horta Dr. P\u00e1dua"},"content":{"rendered":"\n<p>Foi assinado no passado dia 15 de outubro, entre a Fesnima e o empreiteiro S\u00e1 Machado, o contrato de adjudica\u00e7\u00e3o de reabilita\u00e7\u00e3o do Bairro Horta Dr. P\u00e1dua.<\/p>\n\n\n\n<p>Depois da requalifica\u00e7\u00e3o dos espa\u00e7os exteriores e do respetivo arranjo paisag\u00edstico, avan\u00e7a-se agora para uma interven\u00e7\u00e3o nos fogos propriamente ditos. Integrada no projeto mais vasto de reabilita\u00e7\u00e3o do parque habitacional municipal, que tem vindo a ser levada a cabo pela empresa municipal.<\/p>\n\n\n\n<p>A interven\u00e7\u00e3o, \u00e0 semelhan\u00e7a de outras anteriores, contemplar\u00e1 as pinturas exteriores, a substitui\u00e7\u00e3o de coberturas, caixilharias, estores e redes prediais de \u00e1guas e de esgotos, e a coloca\u00e7\u00e3o de portas de patim.<\/p>\n\n\n\n<p>As obras, um investimento municipal de 844 mil euros, arrancam no terreno j\u00e1 no primeiro trimestre de 2021, ap\u00f3s o respetivo visto do Tribunal de Contas.<\/p>\n","protected":false},"excerpt":{"rendered":"<p>Foi assinado o contrato de reabilita\u00e7\u00e3o do bairro Horta Dr. P\u00e1dua<\/p>\n","protected":false},"author":1,"featured_media":2780,"comment_status":"closed","ping_status":"open","sticky":false,"template":"","format":"standard","meta":{"colormag_page_container_layout":"default_layout","colormag_page_sidebar_layout":"default_layout","_monsterinsights_skip_tracking":false,"_monsterinsights_sitenote_active":false,"_monsterinsights_sitenote_note":"","_monsterinsights_sitenote_category":0,"jetpack_post_was_ever_published":false,"_jetpack_newsletter_access":"","_jetpack_dont_email_post_to_subs":false,"_jetpack_newsletter_tier_id":0,"_jetpack_memberships_contains_paywalled_content":false,"_jetpack_memberships_contains_paid_content":false,"footnotes":"","jetpack_publicize_message":"","jetpack_publicize_feature_enabled":true,"jetpack_social_post_already_shared":true,"jetpack_social_options":{"image_generator_settings":{"template":"highway","default_image_id":0,"font":"","enabled":false},"version":2}},"categories":[11],"tags":[36,62,99,37],"class_list":["post-2779","post","type-post","status-publish","format-standard","has-post-thumbnail","hentry","category-atualidade","tag-algarve","tag-atualidade","tag-obra","tag-olhao"],"yoast_head":"<!-- This site is optimized with the Yoast SEO plugin v27.5 - https:\/\/yoast.com\/product\/yoast-seo-wordpress\/ -->\n<title>Foi assinado o contrato de reabilita\u00e7\u00e3o do bairro Horta Dr. P\u00e1dua - Algarve 7<\/title>\n<meta name=\"description\" content=\"Foi assinado o contrato de reabilita\u00e7\u00e3o do bairro Horta Dr. P\u00e1dua em Olh\u00e3o\" \/>\n<meta name=\"robots\" content=\"index, follow, max-snippet:-1, max-image-preview:large, max-video-preview:-1\" \/>\n<link rel=\"canonical\" href=\"https:\/\/algarve7.pt\/index.php\/2020\/10\/assinado-o-contrato-de-reabilitacao-do-bairro-horta-dr-padua\/atualidade\/12\/44\/\" \/>\n<meta property=\"og:locale\" content=\"pt_PT\" \/>\n<meta property=\"og:type\" content=\"article\" \/>\n<meta property=\"og:title\" content=\"Foi assinado o contrato de reabilita\u00e7\u00e3o do bairro Horta Dr. P\u00e1dua - Algarve 7\" \/>\n<meta property=\"og:description\" content=\"Foi assinado o contrato de reabilita\u00e7\u00e3o do bairro Horta Dr. P\u00e1dua em Olh\u00e3o\" \/>\n<meta property=\"og:url\" content=\"https:\/\/algarve7.pt\/index.php\/2020\/10\/assinado-o-contrato-de-reabilitacao-do-bairro-horta-dr-padua\/atualidade\/12\/44\/\" \/>\n<meta property=\"og:site_name\" content=\"Algarve 7\" \/>\n<meta property=\"article:publisher\" content=\"https:\/\/www.facebook.com\/algarve7\" \/>\n<meta property=\"article:author\" content=\"https:\/\/www.facebook.com\/algarve7\" \/>\n<meta property=\"article:published_time\" content=\"2020-10-21T11:44:16+00:00\" \/>\n<meta property=\"article:modified_time\" content=\"2020-10-21T11:44:17+00:00\" \/>\n<meta property=\"og:image\" content=\"https:\/\/algarve7.pt\/wp-content\/uploads\/2020\/10\/2020-120-bairro-horta-dr-padua-01.jpg\" \/>\n\t<meta property=\"og:image:width\" content=\"1890\" \/>\n\t<meta property=\"og:image:height\" content=\"1260\" \/>\n\t<meta property=\"og:image:type\" content=\"image\/jpeg\" \/>\n<meta name=\"author\" content=\"Algarve 7\" \/>\n<meta name=\"twitter:card\" content=\"summary_large_image\" \/>\n<meta name=\"twitter:creator\" content=\"@Algarvesete\" \/>\n<meta name=\"twitter:site\" content=\"@Algarvesete\" \/>\n<meta name=\"twitter:label1\" content=\"Escrito por\" \/>\n\t<meta name=\"twitter:data1\" content=\"Algarve 7\" \/>\n\t<meta name=\"twitter:label2\" content=\"Tempo estimado de leitura\" \/>\n\t<meta name=\"twitter:data2\" content=\"1 minuto\" \/>\n<script type=\"application\/ld+json\" class=\"yoast-schema-graph\">{\"@context\":\"https:\\\/\\\/schema.org\",\"@graph\":[{\"@type\":\"Article\",\"@id\":\"https:\\\/\\\/algarve7.pt\\\/index.php\\\/2020\\\/10\\\/assinado-o-contrato-de-reabilitacao-do-bairro-horta-dr-padua\\\/atualidade\\\/12\\\/44\\\/#article\",\"isPartOf\":{\"@id\":\"https:\\\/\\\/algarve7.pt\\\/index.php\\\/2020\\\/10\\\/assinado-o-contrato-de-reabilitacao-do-bairro-horta-dr-padua\\\/atualidade\\\/12\\\/44\\\/\"},\"author\":{\"name\":\"Algarve 7\",\"@id\":\"https:\\\/\\\/algarve7.pt\\\/#\\\/schema\\\/person\\\/23fa70681308e7b319a3204bcea45e0c\"},\"headline\":\"Foi assinado o contrato de reabilita\u00e7\u00e3o do bairro Horta Dr. P\u00e1dua\",\"datePublished\":\"2020-10-21T11:44:16+00:00\",\"dateModified\":\"2020-10-21T11:44:17+00:00\",\"mainEntityOfPage\":{\"@id\":\"https:\\\/\\\/algarve7.pt\\\/index.php\\\/2020\\\/10\\\/assinado-o-contrato-de-reabilitacao-do-bairro-horta-dr-padua\\\/atualidade\\\/12\\\/44\\\/\"},\"wordCount\":150,\"publisher\":{\"@id\":\"https:\\\/\\\/algarve7.pt\\\/#organization\"},\"image\":{\"@id\":\"https:\\\/\\\/algarve7.pt\\\/index.php\\\/2020\\\/10\\\/assinado-o-contrato-de-reabilitacao-do-bairro-horta-dr-padua\\\/atualidade\\\/12\\\/44\\\/#primaryimage\"},\"thumbnailUrl\":\"https:\\\/\\\/algarve7.pt\\\/wp-content\\\/uploads\\\/2020\\\/10\\\/2020-120-bairro-horta-dr-padua-01.jpg\",\"keywords\":[\"Algarve\",\"Atualidade\",\"Obra\",\"Olh\u00e3o\"],\"articleSection\":[\"Atualidade\"],\"inLanguage\":\"pt-PT\"},{\"@type\":\"WebPage\",\"@id\":\"https:\\\/\\\/algarve7.pt\\\/index.php\\\/2020\\\/10\\\/assinado-o-contrato-de-reabilitacao-do-bairro-horta-dr-padua\\\/atualidade\\\/12\\\/44\\\/\",\"url\":\"https:\\\/\\\/algarve7.pt\\\/index.php\\\/2020\\\/10\\\/assinado-o-contrato-de-reabilitacao-do-bairro-horta-dr-padua\\\/atualidade\\\/12\\\/44\\\/\",\"name\":\"Foi assinado o contrato de reabilita\u00e7\u00e3o do bairro Horta Dr. P\u00e1dua - Algarve 7\",\"isPartOf\":{\"@id\":\"https:\\\/\\\/algarve7.pt\\\/#website\"},\"primaryImageOfPage\":{\"@id\":\"https:\\\/\\\/algarve7.pt\\\/index.php\\\/2020\\\/10\\\/assinado-o-contrato-de-reabilitacao-do-bairro-horta-dr-padua\\\/atualidade\\\/12\\\/44\\\/#primaryimage\"},\"image\":{\"@id\":\"https:\\\/\\\/algarve7.pt\\\/index.php\\\/2020\\\/10\\\/assinado-o-contrato-de-reabilitacao-do-bairro-horta-dr-padua\\\/atualidade\\\/12\\\/44\\\/#primaryimage\"},\"thumbnailUrl\":\"https:\\\/\\\/algarve7.pt\\\/wp-content\\\/uploads\\\/2020\\\/10\\\/2020-120-bairro-horta-dr-padua-01.jpg\",\"datePublished\":\"2020-10-21T11:44:16+00:00\",\"dateModified\":\"2020-10-21T11:44:17+00:00\",\"description\":\"Foi assinado o contrato de reabilita\u00e7\u00e3o do bairro Horta Dr. P\u00e1dua em Olh\u00e3o\",\"breadcrumb\":{\"@id\":\"https:\\\/\\\/algarve7.pt\\\/index.php\\\/2020\\\/10\\\/assinado-o-contrato-de-reabilitacao-do-bairro-horta-dr-padua\\\/atualidade\\\/12\\\/44\\\/#breadcrumb\"},\"inLanguage\":\"pt-PT\",\"potentialAction\":[{\"@type\":\"ReadAction\",\"target\":[\"https:\\\/\\\/algarve7.pt\\\/index.php\\\/2020\\\/10\\\/assinado-o-contrato-de-reabilitacao-do-bairro-horta-dr-padua\\\/atualidade\\\/12\\\/44\\\/\"]}]},{\"@type\":\"ImageObject\",\"inLanguage\":\"pt-PT\",\"@id\":\"https:\\\/\\\/algarve7.pt\\\/index.php\\\/2020\\\/10\\\/assinado-o-contrato-de-reabilitacao-do-bairro-horta-dr-padua\\\/atualidade\\\/12\\\/44\\\/#primaryimage\",\"url\":\"https:\\\/\\\/algarve7.pt\\\/wp-content\\\/uploads\\\/2020\\\/10\\\/2020-120-bairro-horta-dr-padua-01.jpg\",\"contentUrl\":\"https:\\\/\\\/algarve7.pt\\\/wp-content\\\/uploads\\\/2020\\\/10\\\/2020-120-bairro-horta-dr-padua-01.jpg\",\"width\":1890,\"height\":1260},{\"@type\":\"BreadcrumbList\",\"@id\":\"https:\\\/\\\/algarve7.pt\\\/index.php\\\/2020\\\/10\\\/assinado-o-contrato-de-reabilitacao-do-bairro-horta-dr-padua\\\/atualidade\\\/12\\\/44\\\/#breadcrumb\",\"itemListElement\":[{\"@type\":\"ListItem\",\"position\":1,\"name\":\"In\u00edcio\",\"item\":\"https:\\\/\\\/algarve7.pt\\\/\"},{\"@type\":\"ListItem\",\"position\":2,\"name\":\"Foi assinado o contrato de reabilita\u00e7\u00e3o do bairro Horta Dr. P\u00e1dua\"}]},{\"@type\":\"WebSite\",\"@id\":\"https:\\\/\\\/algarve7.pt\\\/#website\",\"url\":\"https:\\\/\\\/algarve7.pt\\\/\",\"name\":\"Algarve 7\",\"description\":\"Informa\u00e7\u00e3o sobre o Algarve\",\"publisher\":{\"@id\":\"https:\\\/\\\/algarve7.pt\\\/#organization\"},\"potentialAction\":[{\"@type\":\"SearchAction\",\"target\":{\"@type\":\"EntryPoint\",\"urlTemplate\":\"https:\\\/\\\/algarve7.pt\\\/?s={search_term_string}\"},\"query-input\":{\"@type\":\"PropertyValueSpecification\",\"valueRequired\":true,\"valueName\":\"search_term_string\"}}],\"inLanguage\":\"pt-PT\"},{\"@type\":\"Organization\",\"@id\":\"https:\\\/\\\/algarve7.pt\\\/#organization\",\"name\":\"Algarve 7\",\"url\":\"https:\\\/\\\/algarve7.pt\\\/\",\"logo\":{\"@type\":\"ImageObject\",\"inLanguage\":\"pt-PT\",\"@id\":\"https:\\\/\\\/algarve7.pt\\\/#\\\/schema\\\/logo\\\/image\\\/\",\"url\":\"https:\\\/\\\/algarve7.pt\\\/wp-content\\\/uploads\\\/2020\\\/10\\\/Logo-8.jpg\",\"contentUrl\":\"https:\\\/\\\/algarve7.pt\\\/wp-content\\\/uploads\\\/2020\\\/10\\\/Logo-8.jpg\",\"width\":1680,\"height\":1186,\"caption\":\"Algarve 7\"},\"image\":{\"@id\":\"https:\\\/\\\/algarve7.pt\\\/#\\\/schema\\\/logo\\\/image\\\/\"},\"sameAs\":[\"https:\\\/\\\/www.facebook.com\\\/algarve7\",\"https:\\\/\\\/x.com\\\/Algarvesete\",\"https:\\\/\\\/www.instagram.com\\\/jornalalgarve7\\\/\",\"https:\\\/\\\/www.linkedin.com\\\/company\\\/algarve7\",\"https:\\\/\\\/www.pinterest.pt\\\/geral0939\\\/_created\\\/\"]},{\"@type\":\"Person\",\"@id\":\"https:\\\/\\\/algarve7.pt\\\/#\\\/schema\\\/person\\\/23fa70681308e7b319a3204bcea45e0c\",\"name\":\"Algarve 7\",\"sameAs\":[\"https:\\\/\\\/algarve7.pt\",\"https:\\\/\\\/www.facebook.com\\\/algarve7\"],\"url\":\"https:\\\/\\\/algarve7.pt\\\/index.php\\\/author\\\/geralalgarve7-pt\\\/\"}]}<\/script>\n<!-- \/ Yoast SEO plugin. -->","yoast_head_json":{"title":"Foi assinado o contrato de reabilita\u00e7\u00e3o do bairro Horta Dr. P\u00e1dua - Algarve 7","description":"Foi assinado o contrato de reabilita\u00e7\u00e3o do bairro Horta Dr. P\u00e1dua em Olh\u00e3o","robots":{"index":"index","follow":"follow","max-snippet":"max-snippet:-1","max-image-preview":"max-image-preview:large","max-video-preview":"max-video-preview:-1"},"canonical":"https:\/\/algarve7.pt\/index.php\/2020\/10\/assinado-o-contrato-de-reabilitacao-do-bairro-horta-dr-padua\/atualidade\/12\/44\/","og_locale":"pt_PT","og_type":"article","og_title":"Foi assinado o contrato de reabilita\u00e7\u00e3o do bairro Horta Dr. P\u00e1dua - Algarve 7","og_description":"Foi assinado o contrato de reabilita\u00e7\u00e3o do bairro Horta Dr. P\u00e1dua em Olh\u00e3o","og_url":"https:\/\/algarve7.pt\/index.php\/2020\/10\/assinado-o-contrato-de-reabilitacao-do-bairro-horta-dr-padua\/atualidade\/12\/44\/","og_site_name":"Algarve 7","article_publisher":"https:\/\/www.facebook.com\/algarve7","article_author":"https:\/\/www.facebook.com\/algarve7","article_published_time":"2020-10-21T11:44:16+00:00","article_modified_time":"2020-10-21T11:44:17+00:00","og_image":[{"width":1890,"height":1260,"url":"https:\/\/algarve7.pt\/wp-content\/uploads\/2020\/10\/2020-120-bairro-horta-dr-padua-01.jpg","type":"image\/jpeg"}],"author":"Algarve 7","twitter_card":"summary_large_image","twitter_creator":"@Algarvesete","twitter_site":"@Algarvesete","twitter_misc":{"Escrito por":"Algarve 7","Tempo estimado de leitura":"1 minuto"},"schema":{"@context":"https:\/\/schema.org","@graph":[{"@type":"Article","@id":"https:\/\/algarve7.pt\/index.php\/2020\/10\/assinado-o-contrato-de-reabilitacao-do-bairro-horta-dr-padua\/atualidade\/12\/44\/#article","isPartOf":{"@id":"https:\/\/algarve7.pt\/index.php\/2020\/10\/assinado-o-contrato-de-reabilitacao-do-bairro-horta-dr-padua\/atualidade\/12\/44\/"},"author":{"name":"Algarve 7","@id":"https:\/\/algarve7.pt\/#\/schema\/person\/23fa70681308e7b319a3204bcea45e0c"},"headline":"Foi assinado o contrato de reabilita\u00e7\u00e3o do bairro Horta Dr. P\u00e1dua","datePublished":"2020-10-21T11:44:16+00:00","dateModified":"2020-10-21T11:44:17+00:00","mainEntityOfPage":{"@id":"https:\/\/algarve7.pt\/index.php\/2020\/10\/assinado-o-contrato-de-reabilitacao-do-bairro-horta-dr-padua\/atualidade\/12\/44\/"},"wordCount":150,"publisher":{"@id":"https:\/\/algarve7.pt\/#organization"},"image":{"@id":"https:\/\/algarve7.pt\/index.php\/2020\/10\/assinado-o-contrato-de-reabilitacao-do-bairro-horta-dr-padua\/atualidade\/12\/44\/#primaryimage"},"thumbnailUrl":"https:\/\/algarve7.pt\/wp-content\/uploads\/2020\/10\/2020-120-bairro-horta-dr-padua-01.jpg","keywords":["Algarve","Atualidade","Obra","Olh\u00e3o"],"articleSection":["Atualidade"],"inLanguage":"pt-PT"},{"@type":"WebPage","@id":"https:\/\/algarve7.pt\/index.php\/2020\/10\/assinado-o-contrato-de-reabilitacao-do-bairro-horta-dr-padua\/atualidade\/12\/44\/","url":"https:\/\/algarve7.pt\/index.php\/2020\/10\/assinado-o-contrato-de-reabilitacao-do-bairro-horta-dr-padua\/atualidade\/12\/44\/","name":"Foi assinado o contrato de reabilita\u00e7\u00e3o do bairro Horta Dr. P\u00e1dua - Algarve 7","isPartOf":{"@id":"https:\/\/algarve7.pt\/#website"},"primaryImageOfPage":{"@id":"https:\/\/algarve7.pt\/index.php\/2020\/10\/assinado-o-contrato-de-reabilitacao-do-bairro-horta-dr-padua\/atualidade\/12\/44\/#primaryimage"},"image":{"@id":"https:\/\/algarve7.pt\/index.php\/2020\/10\/assinado-o-contrato-de-reabilitacao-do-bairro-horta-dr-padua\/atualidade\/12\/44\/#primaryimage"},"thumbnailUrl":"https:\/\/algarve7.pt\/wp-content\/uploads\/2020\/10\/2020-120-bairro-horta-dr-padua-01.jpg","datePublished":"2020-10-21T11:44:16+00:00","dateModified":"2020-10-21T11:44:17+00:00","description":"Foi assinado o contrato de reabilita\u00e7\u00e3o do bairro Horta Dr. P\u00e1dua em Olh\u00e3o","breadcrumb":{"@id":"https:\/\/algarve7.pt\/index.php\/2020\/10\/assinado-o-contrato-de-reabilitacao-do-bairro-horta-dr-padua\/atualidade\/12\/44\/#breadcrumb"},"inLanguage":"pt-PT","potentialAction":[{"@type":"ReadAction","target":["https:\/\/algarve7.pt\/index.php\/2020\/10\/assinado-o-contrato-de-reabilitacao-do-bairro-horta-dr-padua\/atualidade\/12\/44\/"]}]},{"@type":"ImageObject","inLanguage":"pt-PT","@id":"https:\/\/algarve7.pt\/index.php\/2020\/10\/assinado-o-contrato-de-reabilitacao-do-bairro-horta-dr-padua\/atualidade\/12\/44\/#primaryimage","url":"https:\/\/algarve7.pt\/wp-content\/uploads\/2020\/10\/2020-120-bairro-horta-dr-padua-01.jpg","contentUrl":"https:\/\/algarve7.pt\/wp-content\/uploads\/2020\/10\/2020-120-bairro-horta-dr-padua-01.jpg","width":1890,"height":1260},{"@type":"BreadcrumbList","@id":"https:\/\/algarve7.pt\/index.php\/2020\/10\/assinado-o-contrato-de-reabilitacao-do-bairro-horta-dr-padua\/atualidade\/12\/44\/#breadcrumb","itemListElement":[{"@type":"ListItem","position":1,"name":"In\u00edcio","item":"https:\/\/algarve7.pt\/"},{"@type":"ListItem","position":2,"name":"Foi assinado o contrato de reabilita\u00e7\u00e3o do bairro Horta Dr. P\u00e1dua"}]},{"@type":"WebSite","@id":"https:\/\/algarve7.pt\/#website","url":"https:\/\/algarve7.pt\/","name":"Algarve 7","description":"Informa\u00e7\u00e3o sobre o Algarve","publisher":{"@id":"https:\/\/algarve7.pt\/#organization"},"potentialAction":[{"@type":"SearchAction","target":{"@type":"EntryPoint","urlTemplate":"https:\/\/algarve7.pt\/?s={search_term_string}"},"query-input":{"@type":"PropertyValueSpecification","valueRequired":true,"valueName":"search_term_string"}}],"inLanguage":"pt-PT"},{"@type":"Organization","@id":"https:\/\/algarve7.pt\/#organization","name":"Algarve 7","url":"https:\/\/algarve7.pt\/","logo":{"@type":"ImageObject","inLanguage":"pt-PT","@id":"https:\/\/algarve7.pt\/#\/schema\/logo\/image\/","url":"https:\/\/algarve7.pt\/wp-content\/uploads\/2020\/10\/Logo-8.jpg","contentUrl":"https:\/\/algarve7.pt\/wp-content\/uploads\/2020\/10\/Logo-8.jpg","width":1680,"height":1186,"caption":"Algarve 7"},"image":{"@id":"https:\/\/algarve7.pt\/#\/schema\/logo\/image\/"},"sameAs":["https:\/\/www.facebook.com\/algarve7","https:\/\/x.com\/Algarvesete","https:\/\/www.instagram.com\/jornalalgarve7\/","https:\/\/www.linkedin.com\/company\/algarve7","https:\/\/www.pinterest.pt\/geral0939\/_created\/"]},{"@type":"Person","@id":"https:\/\/algarve7.pt\/#\/schema\/person\/23fa70681308e7b319a3204bcea45e0c","name":"Algarve 7","sameAs":["https:\/\/algarve7.pt","https:\/\/www.facebook.com\/algarve7"],"url":"https:\/\/algarve7.pt\/index.php\/author\/geralalgarve7-pt\/"}]}},"jetpack_publicize_connections":[],"jetpack_featured_media_url":"https:\/\/algarve7.pt\/wp-content\/uploads\/2020\/10\/2020-120-bairro-horta-dr-padua-01.jpg","jetpack_shortlink":"https:\/\/wp.me\/pcezmW-IP","jetpack_sharing_enabled":true,"_links":{"self":[{"href":"https:\/\/algarve7.pt\/index.php\/wp-json\/wp\/v2\/posts\/2779","targetHints":{"allow":["GET"]}}],"collection":[{"href":"https:\/\/algarve7.pt\/index.php\/wp-json\/wp\/v2\/posts"}],"about":[{"href":"https:\/\/algarve7.pt\/index.php\/wp-json\/wp\/v2\/types\/post"}],"author":[{"embeddable":true,"href":"https:\/\/algarve7.pt\/index.php\/wp-json\/wp\/v2\/users\/1"}],"replies":[{"embeddable":true,"href":"https:\/\/algarve7.pt\/index.php\/wp-json\/wp\/v2\/comments?post=2779"}],"version-history":[{"count":0,"href":"https:\/\/algarve7.pt\/index.php\/wp-json\/wp\/v2\/posts\/2779\/revisions"}],"wp:featuredmedia":[{"embeddable":true,"href":"https:\/\/algarve7.pt\/index.php\/wp-json\/wp\/v2\/media\/2780"}],"wp:attachment":[{"href":"https:\/\/algarve7.pt\/index.php\/wp-json\/wp\/v2\/media?parent=2779"}],"wp:term":[{"taxonomy":"category","embeddable":true,"href":"https:\/\/algarve7.pt\/index.php\/wp-json\/wp\/v2\/categories?post=2779"},{"taxonomy":"post_tag","embeddable":true,"href":"https:\/\/algarve7.pt\/index.php\/wp-json\/wp\/v2\/tags?post=2779"}],"curies":[{"name":"wp","href":"https:\/\/api.w.org\/{rel}","templated":true}]}}