{"id":27756,"date":"2023-05-13T12:45:00","date_gmt":"2023-05-13T11:45:00","guid":{"rendered":"https:\/\/algarve7.pt\/?p=27756"},"modified":"2023-05-12T21:31:57","modified_gmt":"2023-05-12T20:31:57","slug":"ualg-e-convidada-de-honra-do-premio-moulay-hassan","status":"publish","type":"post","link":"https:\/\/algarve7.pt\/index.php\/2023\/05\/ualg-e-convidada-de-honra-do-premio-moulay-hassan\/desporto\/12\/45\/","title":{"rendered":"UAlg \u00e9 convidada de honra do Pr\u00e9mio Moulay Hassan"},"content":{"rendered":"\n<p>Entre os dias 8 e 11 de maio, a Universidade do Algarve \u00e9 uma das convidadas de honra do Pr\u00e9mio Moulay Hassan dos Grandes Jogos Universit\u00e1rios de Marrocos e do Congresso Nacional de Desporto. Sob o tema &#8220;O desporto como motor de desenvolvimento socioecon\u00f3mico&#8221;, com o Alto Patroc\u00ednio de Sua Majestade o Rei Mohammed VI, a organiza\u00e7\u00e3o est\u00e1 a cargo da Universidade Hassan I &#8211; Settat.<\/p>\n\n\n\n<p>A delega\u00e7\u00e3o portuguesa inclui cinco alunos do curso da licenciatura em Desporto: Guido Silvestre, Lucas Queiroz, Mariana Parreira, Raquel Ribeiro e Sofia Figueira, acompanhados pela docente Rosana Dur\u00e3o, da Escola Superior de Educa\u00e7\u00e3o e Comunica\u00e7\u00e3o (ESEC).<\/p>\n\n\n\n<p>Este prestigiado evento conta com a presen\u00e7a de mais de 500 alunos de diferentes escolas e universidades marroquinas e estrangeiras para participar em v\u00e1rias competi\u00e7\u00f5es desportivas, assim como personalidades da \u00e1rea do desporto em Marrocos.<\/p>\n\n\n\n<p>Durante quatro dias, a delega\u00e7\u00e3o portuguesa participar\u00e1 em v\u00e1rias modalidades desportivas coletivas como futebol, basquetebol, voleibol, bem como modalidades individuais como t\u00e9nis, atletismo e nata\u00e7\u00e3o.<\/p>\n\n\n\n<p>A participa\u00e7\u00e3o neste evento \u00e9 consequ\u00eancia das rela\u00e7\u00f5es entre as duas institui\u00e7\u00f5es que foram reafirmadas recentemente aquando da vinda \u00e0 UAlg dos reitores das universidades marroquinas. Por esta ocasi\u00e3o, foi assinado um novo protocolo de colabora\u00e7\u00e3o entre os reitores das duas universidades, Abdellatif Moukrim, da Universidade Hassan I, e Paulo \u00c1guas, da Universidade do Algarve.<\/p>\n","protected":false},"excerpt":{"rendered":"<p>Entre os dias 8 e 11 de maio, a Universidade do Algarve \u00e9 uma das convidadas de honra do Pr\u00e9mio<\/p>\n","protected":false},"author":1,"featured_media":27757,"comment_status":"closed","ping_status":"open","sticky":false,"template":"","format":"standard","meta":{"colormag_page_container_layout":"default_layout","colormag_page_sidebar_layout":"default_layout","_monsterinsights_skip_tracking":false,"_monsterinsights_sitenote_active":false,"_monsterinsights_sitenote_note":"","_monsterinsights_sitenote_category":0,"jetpack_post_was_ever_published":false,"_jetpack_newsletter_access":"","_jetpack_dont_email_post_to_subs":false,"_jetpack_newsletter_tier_id":0,"_jetpack_memberships_contains_paywalled_content":false,"_jetpack_memberships_contains_paid_content":false,"footnotes":"","jetpack_publicize_message":"","jetpack_publicize_feature_enabled":true,"jetpack_social_post_already_shared":true,"jetpack_social_options":{"image_generator_settings":{"template":"highway","default_image_id":0,"font":"","enabled":false},"version":2}},"categories":[15],"tags":[36,40,182],"class_list":["post-27756","post","type-post","status-publish","format-standard","has-post-thumbnail","hentry","category-desporto","tag-algarve","tag-desporto","tag-ualg"],"yoast_head":"<!-- This site is optimized with the Yoast SEO plugin v27.4 - https:\/\/yoast.com\/product\/yoast-seo-wordpress\/ -->\n<title>UAlg \u00e9 convidada de honra do Pr\u00e9mio Moulay Hassan - Algarve 7<\/title>\n<meta name=\"description\" content=\"UAlg \u00e9 convidada de honra do Pr\u00e9mio Moulay Hassan Desporto\" \/>\n<meta name=\"robots\" content=\"index, follow, max-snippet:-1, max-image-preview:large, max-video-preview:-1\" \/>\n<link rel=\"canonical\" href=\"https:\/\/algarve7.pt\/index.php\/2023\/05\/ualg-e-convidada-de-honra-do-premio-moulay-hassan\/desporto\/12\/45\/\" \/>\n<meta property=\"og:locale\" content=\"pt_PT\" \/>\n<meta property=\"og:type\" content=\"article\" \/>\n<meta property=\"og:title\" content=\"UAlg \u00e9 convidada de honra do Pr\u00e9mio Moulay Hassan - Algarve 7\" \/>\n<meta property=\"og:description\" content=\"UAlg \u00e9 convidada de honra do Pr\u00e9mio Moulay Hassan Desporto\" \/>\n<meta property=\"og:url\" content=\"https:\/\/algarve7.pt\/index.php\/2023\/05\/ualg-e-convidada-de-honra-do-premio-moulay-hassan\/desporto\/12\/45\/\" \/>\n<meta property=\"og:site_name\" content=\"Algarve 7\" \/>\n<meta property=\"article:publisher\" content=\"https:\/\/www.facebook.com\/algarve7\" \/>\n<meta property=\"article:author\" content=\"https:\/\/www.facebook.com\/algarve7\" \/>\n<meta property=\"article:published_time\" content=\"2023-05-13T11:45:00+00:00\" \/>\n<meta property=\"og:image\" content=\"https:\/\/algarve7.pt\/wp-content\/uploads\/2023\/05\/primage_67755.jpeg\" \/>\n\t<meta property=\"og:image:width\" content=\"1024\" \/>\n\t<meta property=\"og:image:height\" content=\"768\" \/>\n\t<meta property=\"og:image:type\" content=\"image\/jpeg\" \/>\n<meta name=\"author\" content=\"Algarve 7\" \/>\n<meta name=\"twitter:card\" content=\"summary_large_image\" \/>\n<meta name=\"twitter:creator\" content=\"@Algarvesete\" \/>\n<meta name=\"twitter:site\" content=\"@Algarvesete\" \/>\n<meta name=\"twitter:label1\" content=\"Escrito por\" \/>\n\t<meta name=\"twitter:data1\" content=\"Algarve 7\" \/>\n\t<meta name=\"twitter:label2\" content=\"Tempo estimado de leitura\" \/>\n\t<meta name=\"twitter:data2\" content=\"2 minutos\" \/>\n<script type=\"application\/ld+json\" class=\"yoast-schema-graph\">{\"@context\":\"https:\\\/\\\/schema.org\",\"@graph\":[{\"@type\":\"Article\",\"@id\":\"https:\\\/\\\/algarve7.pt\\\/index.php\\\/2023\\\/05\\\/ualg-e-convidada-de-honra-do-premio-moulay-hassan\\\/desporto\\\/12\\\/45\\\/#article\",\"isPartOf\":{\"@id\":\"https:\\\/\\\/algarve7.pt\\\/index.php\\\/2023\\\/05\\\/ualg-e-convidada-de-honra-do-premio-moulay-hassan\\\/desporto\\\/12\\\/45\\\/\"},\"author\":{\"name\":\"Algarve 7\",\"@id\":\"https:\\\/\\\/algarve7.pt\\\/#\\\/schema\\\/person\\\/23fa70681308e7b319a3204bcea45e0c\"},\"headline\":\"UAlg \u00e9 convidada de honra do Pr\u00e9mio Moulay Hassan\",\"datePublished\":\"2023-05-13T11:45:00+00:00\",\"mainEntityOfPage\":{\"@id\":\"https:\\\/\\\/algarve7.pt\\\/index.php\\\/2023\\\/05\\\/ualg-e-convidada-de-honra-do-premio-moulay-hassan\\\/desporto\\\/12\\\/45\\\/\"},\"wordCount\":242,\"publisher\":{\"@id\":\"https:\\\/\\\/algarve7.pt\\\/#organization\"},\"image\":{\"@id\":\"https:\\\/\\\/algarve7.pt\\\/index.php\\\/2023\\\/05\\\/ualg-e-convidada-de-honra-do-premio-moulay-hassan\\\/desporto\\\/12\\\/45\\\/#primaryimage\"},\"thumbnailUrl\":\"https:\\\/\\\/algarve7.pt\\\/wp-content\\\/uploads\\\/2023\\\/05\\\/primage_67755.jpeg\",\"keywords\":[\"Algarve\",\"Desporto\",\"UALG\"],\"articleSection\":[\"Desporto\"],\"inLanguage\":\"pt-PT\"},{\"@type\":\"WebPage\",\"@id\":\"https:\\\/\\\/algarve7.pt\\\/index.php\\\/2023\\\/05\\\/ualg-e-convidada-de-honra-do-premio-moulay-hassan\\\/desporto\\\/12\\\/45\\\/\",\"url\":\"https:\\\/\\\/algarve7.pt\\\/index.php\\\/2023\\\/05\\\/ualg-e-convidada-de-honra-do-premio-moulay-hassan\\\/desporto\\\/12\\\/45\\\/\",\"name\":\"UAlg \u00e9 convidada de honra do Pr\u00e9mio Moulay Hassan - Algarve 7\",\"isPartOf\":{\"@id\":\"https:\\\/\\\/algarve7.pt\\\/#website\"},\"primaryImageOfPage\":{\"@id\":\"https:\\\/\\\/algarve7.pt\\\/index.php\\\/2023\\\/05\\\/ualg-e-convidada-de-honra-do-premio-moulay-hassan\\\/desporto\\\/12\\\/45\\\/#primaryimage\"},\"image\":{\"@id\":\"https:\\\/\\\/algarve7.pt\\\/index.php\\\/2023\\\/05\\\/ualg-e-convidada-de-honra-do-premio-moulay-hassan\\\/desporto\\\/12\\\/45\\\/#primaryimage\"},\"thumbnailUrl\":\"https:\\\/\\\/algarve7.pt\\\/wp-content\\\/uploads\\\/2023\\\/05\\\/primage_67755.jpeg\",\"datePublished\":\"2023-05-13T11:45:00+00:00\",\"description\":\"UAlg \u00e9 convidada de honra do Pr\u00e9mio Moulay Hassan Desporto\",\"breadcrumb\":{\"@id\":\"https:\\\/\\\/algarve7.pt\\\/index.php\\\/2023\\\/05\\\/ualg-e-convidada-de-honra-do-premio-moulay-hassan\\\/desporto\\\/12\\\/45\\\/#breadcrumb\"},\"inLanguage\":\"pt-PT\",\"potentialAction\":[{\"@type\":\"ReadAction\",\"target\":[\"https:\\\/\\\/algarve7.pt\\\/index.php\\\/2023\\\/05\\\/ualg-e-convidada-de-honra-do-premio-moulay-hassan\\\/desporto\\\/12\\\/45\\\/\"]}]},{\"@type\":\"ImageObject\",\"inLanguage\":\"pt-PT\",\"@id\":\"https:\\\/\\\/algarve7.pt\\\/index.php\\\/2023\\\/05\\\/ualg-e-convidada-de-honra-do-premio-moulay-hassan\\\/desporto\\\/12\\\/45\\\/#primaryimage\",\"url\":\"https:\\\/\\\/algarve7.pt\\\/wp-content\\\/uploads\\\/2023\\\/05\\\/primage_67755.jpeg\",\"contentUrl\":\"https:\\\/\\\/algarve7.pt\\\/wp-content\\\/uploads\\\/2023\\\/05\\\/primage_67755.jpeg\",\"width\":1024,\"height\":768},{\"@type\":\"BreadcrumbList\",\"@id\":\"https:\\\/\\\/algarve7.pt\\\/index.php\\\/2023\\\/05\\\/ualg-e-convidada-de-honra-do-premio-moulay-hassan\\\/desporto\\\/12\\\/45\\\/#breadcrumb\",\"itemListElement\":[{\"@type\":\"ListItem\",\"position\":1,\"name\":\"In\u00edcio\",\"item\":\"https:\\\/\\\/algarve7.pt\\\/\"},{\"@type\":\"ListItem\",\"position\":2,\"name\":\"UAlg \u00e9 convidada de honra do Pr\u00e9mio Moulay Hassan\"}]},{\"@type\":\"WebSite\",\"@id\":\"https:\\\/\\\/algarve7.pt\\\/#website\",\"url\":\"https:\\\/\\\/algarve7.pt\\\/\",\"name\":\"Algarve 7\",\"description\":\"Informa\u00e7\u00e3o sobre o Algarve\",\"publisher\":{\"@id\":\"https:\\\/\\\/algarve7.pt\\\/#organization\"},\"potentialAction\":[{\"@type\":\"SearchAction\",\"target\":{\"@type\":\"EntryPoint\",\"urlTemplate\":\"https:\\\/\\\/algarve7.pt\\\/?s={search_term_string}\"},\"query-input\":{\"@type\":\"PropertyValueSpecification\",\"valueRequired\":true,\"valueName\":\"search_term_string\"}}],\"inLanguage\":\"pt-PT\"},{\"@type\":\"Organization\",\"@id\":\"https:\\\/\\\/algarve7.pt\\\/#organization\",\"name\":\"Algarve 7\",\"url\":\"https:\\\/\\\/algarve7.pt\\\/\",\"logo\":{\"@type\":\"ImageObject\",\"inLanguage\":\"pt-PT\",\"@id\":\"https:\\\/\\\/algarve7.pt\\\/#\\\/schema\\\/logo\\\/image\\\/\",\"url\":\"https:\\\/\\\/algarve7.pt\\\/wp-content\\\/uploads\\\/2020\\\/10\\\/Logo-8.jpg\",\"contentUrl\":\"https:\\\/\\\/algarve7.pt\\\/wp-content\\\/uploads\\\/2020\\\/10\\\/Logo-8.jpg\",\"width\":1680,\"height\":1186,\"caption\":\"Algarve 7\"},\"image\":{\"@id\":\"https:\\\/\\\/algarve7.pt\\\/#\\\/schema\\\/logo\\\/image\\\/\"},\"sameAs\":[\"https:\\\/\\\/www.facebook.com\\\/algarve7\",\"https:\\\/\\\/x.com\\\/Algarvesete\",\"https:\\\/\\\/www.instagram.com\\\/jornalalgarve7\\\/\",\"https:\\\/\\\/www.linkedin.com\\\/company\\\/algarve7\",\"https:\\\/\\\/www.pinterest.pt\\\/geral0939\\\/_created\\\/\"]},{\"@type\":\"Person\",\"@id\":\"https:\\\/\\\/algarve7.pt\\\/#\\\/schema\\\/person\\\/23fa70681308e7b319a3204bcea45e0c\",\"name\":\"Algarve 7\",\"sameAs\":[\"https:\\\/\\\/algarve7.pt\",\"https:\\\/\\\/www.facebook.com\\\/algarve7\"],\"url\":\"https:\\\/\\\/algarve7.pt\\\/index.php\\\/author\\\/geralalgarve7-pt\\\/\"}]}<\/script>\n<!-- \/ Yoast SEO plugin. -->","yoast_head_json":{"title":"UAlg \u00e9 convidada de honra do Pr\u00e9mio Moulay Hassan - Algarve 7","description":"UAlg \u00e9 convidada de honra do Pr\u00e9mio Moulay Hassan Desporto","robots":{"index":"index","follow":"follow","max-snippet":"max-snippet:-1","max-image-preview":"max-image-preview:large","max-video-preview":"max-video-preview:-1"},"canonical":"https:\/\/algarve7.pt\/index.php\/2023\/05\/ualg-e-convidada-de-honra-do-premio-moulay-hassan\/desporto\/12\/45\/","og_locale":"pt_PT","og_type":"article","og_title":"UAlg \u00e9 convidada de honra do Pr\u00e9mio Moulay Hassan - Algarve 7","og_description":"UAlg \u00e9 convidada de honra do Pr\u00e9mio Moulay Hassan Desporto","og_url":"https:\/\/algarve7.pt\/index.php\/2023\/05\/ualg-e-convidada-de-honra-do-premio-moulay-hassan\/desporto\/12\/45\/","og_site_name":"Algarve 7","article_publisher":"https:\/\/www.facebook.com\/algarve7","article_author":"https:\/\/www.facebook.com\/algarve7","article_published_time":"2023-05-13T11:45:00+00:00","og_image":[{"width":1024,"height":768,"url":"https:\/\/algarve7.pt\/wp-content\/uploads\/2023\/05\/primage_67755.jpeg","type":"image\/jpeg"}],"author":"Algarve 7","twitter_card":"summary_large_image","twitter_creator":"@Algarvesete","twitter_site":"@Algarvesete","twitter_misc":{"Escrito por":"Algarve 7","Tempo estimado de leitura":"2 minutos"},"schema":{"@context":"https:\/\/schema.org","@graph":[{"@type":"Article","@id":"https:\/\/algarve7.pt\/index.php\/2023\/05\/ualg-e-convidada-de-honra-do-premio-moulay-hassan\/desporto\/12\/45\/#article","isPartOf":{"@id":"https:\/\/algarve7.pt\/index.php\/2023\/05\/ualg-e-convidada-de-honra-do-premio-moulay-hassan\/desporto\/12\/45\/"},"author":{"name":"Algarve 7","@id":"https:\/\/algarve7.pt\/#\/schema\/person\/23fa70681308e7b319a3204bcea45e0c"},"headline":"UAlg \u00e9 convidada de honra do Pr\u00e9mio Moulay Hassan","datePublished":"2023-05-13T11:45:00+00:00","mainEntityOfPage":{"@id":"https:\/\/algarve7.pt\/index.php\/2023\/05\/ualg-e-convidada-de-honra-do-premio-moulay-hassan\/desporto\/12\/45\/"},"wordCount":242,"publisher":{"@id":"https:\/\/algarve7.pt\/#organization"},"image":{"@id":"https:\/\/algarve7.pt\/index.php\/2023\/05\/ualg-e-convidada-de-honra-do-premio-moulay-hassan\/desporto\/12\/45\/#primaryimage"},"thumbnailUrl":"https:\/\/algarve7.pt\/wp-content\/uploads\/2023\/05\/primage_67755.jpeg","keywords":["Algarve","Desporto","UALG"],"articleSection":["Desporto"],"inLanguage":"pt-PT"},{"@type":"WebPage","@id":"https:\/\/algarve7.pt\/index.php\/2023\/05\/ualg-e-convidada-de-honra-do-premio-moulay-hassan\/desporto\/12\/45\/","url":"https:\/\/algarve7.pt\/index.php\/2023\/05\/ualg-e-convidada-de-honra-do-premio-moulay-hassan\/desporto\/12\/45\/","name":"UAlg \u00e9 convidada de honra do Pr\u00e9mio Moulay Hassan - Algarve 7","isPartOf":{"@id":"https:\/\/algarve7.pt\/#website"},"primaryImageOfPage":{"@id":"https:\/\/algarve7.pt\/index.php\/2023\/05\/ualg-e-convidada-de-honra-do-premio-moulay-hassan\/desporto\/12\/45\/#primaryimage"},"image":{"@id":"https:\/\/algarve7.pt\/index.php\/2023\/05\/ualg-e-convidada-de-honra-do-premio-moulay-hassan\/desporto\/12\/45\/#primaryimage"},"thumbnailUrl":"https:\/\/algarve7.pt\/wp-content\/uploads\/2023\/05\/primage_67755.jpeg","datePublished":"2023-05-13T11:45:00+00:00","description":"UAlg \u00e9 convidada de honra do Pr\u00e9mio Moulay Hassan Desporto","breadcrumb":{"@id":"https:\/\/algarve7.pt\/index.php\/2023\/05\/ualg-e-convidada-de-honra-do-premio-moulay-hassan\/desporto\/12\/45\/#breadcrumb"},"inLanguage":"pt-PT","potentialAction":[{"@type":"ReadAction","target":["https:\/\/algarve7.pt\/index.php\/2023\/05\/ualg-e-convidada-de-honra-do-premio-moulay-hassan\/desporto\/12\/45\/"]}]},{"@type":"ImageObject","inLanguage":"pt-PT","@id":"https:\/\/algarve7.pt\/index.php\/2023\/05\/ualg-e-convidada-de-honra-do-premio-moulay-hassan\/desporto\/12\/45\/#primaryimage","url":"https:\/\/algarve7.pt\/wp-content\/uploads\/2023\/05\/primage_67755.jpeg","contentUrl":"https:\/\/algarve7.pt\/wp-content\/uploads\/2023\/05\/primage_67755.jpeg","width":1024,"height":768},{"@type":"BreadcrumbList","@id":"https:\/\/algarve7.pt\/index.php\/2023\/05\/ualg-e-convidada-de-honra-do-premio-moulay-hassan\/desporto\/12\/45\/#breadcrumb","itemListElement":[{"@type":"ListItem","position":1,"name":"In\u00edcio","item":"https:\/\/algarve7.pt\/"},{"@type":"ListItem","position":2,"name":"UAlg \u00e9 convidada de honra do Pr\u00e9mio Moulay Hassan"}]},{"@type":"WebSite","@id":"https:\/\/algarve7.pt\/#website","url":"https:\/\/algarve7.pt\/","name":"Algarve 7","description":"Informa\u00e7\u00e3o sobre o Algarve","publisher":{"@id":"https:\/\/algarve7.pt\/#organization"},"potentialAction":[{"@type":"SearchAction","target":{"@type":"EntryPoint","urlTemplate":"https:\/\/algarve7.pt\/?s={search_term_string}"},"query-input":{"@type":"PropertyValueSpecification","valueRequired":true,"valueName":"search_term_string"}}],"inLanguage":"pt-PT"},{"@type":"Organization","@id":"https:\/\/algarve7.pt\/#organization","name":"Algarve 7","url":"https:\/\/algarve7.pt\/","logo":{"@type":"ImageObject","inLanguage":"pt-PT","@id":"https:\/\/algarve7.pt\/#\/schema\/logo\/image\/","url":"https:\/\/algarve7.pt\/wp-content\/uploads\/2020\/10\/Logo-8.jpg","contentUrl":"https:\/\/algarve7.pt\/wp-content\/uploads\/2020\/10\/Logo-8.jpg","width":1680,"height":1186,"caption":"Algarve 7"},"image":{"@id":"https:\/\/algarve7.pt\/#\/schema\/logo\/image\/"},"sameAs":["https:\/\/www.facebook.com\/algarve7","https:\/\/x.com\/Algarvesete","https:\/\/www.instagram.com\/jornalalgarve7\/","https:\/\/www.linkedin.com\/company\/algarve7","https:\/\/www.pinterest.pt\/geral0939\/_created\/"]},{"@type":"Person","@id":"https:\/\/algarve7.pt\/#\/schema\/person\/23fa70681308e7b319a3204bcea45e0c","name":"Algarve 7","sameAs":["https:\/\/algarve7.pt","https:\/\/www.facebook.com\/algarve7"],"url":"https:\/\/algarve7.pt\/index.php\/author\/geralalgarve7-pt\/"}]}},"jetpack_publicize_connections":[],"jetpack_featured_media_url":"https:\/\/algarve7.pt\/wp-content\/uploads\/2023\/05\/primage_67755.jpeg","jetpack_shortlink":"https:\/\/wp.me\/pcezmW-7dG","jetpack_sharing_enabled":true,"_links":{"self":[{"href":"https:\/\/algarve7.pt\/index.php\/wp-json\/wp\/v2\/posts\/27756","targetHints":{"allow":["GET"]}}],"collection":[{"href":"https:\/\/algarve7.pt\/index.php\/wp-json\/wp\/v2\/posts"}],"about":[{"href":"https:\/\/algarve7.pt\/index.php\/wp-json\/wp\/v2\/types\/post"}],"author":[{"embeddable":true,"href":"https:\/\/algarve7.pt\/index.php\/wp-json\/wp\/v2\/users\/1"}],"replies":[{"embeddable":true,"href":"https:\/\/algarve7.pt\/index.php\/wp-json\/wp\/v2\/comments?post=27756"}],"version-history":[{"count":0,"href":"https:\/\/algarve7.pt\/index.php\/wp-json\/wp\/v2\/posts\/27756\/revisions"}],"wp:featuredmedia":[{"embeddable":true,"href":"https:\/\/algarve7.pt\/index.php\/wp-json\/wp\/v2\/media\/27757"}],"wp:attachment":[{"href":"https:\/\/algarve7.pt\/index.php\/wp-json\/wp\/v2\/media?parent=27756"}],"wp:term":[{"taxonomy":"category","embeddable":true,"href":"https:\/\/algarve7.pt\/index.php\/wp-json\/wp\/v2\/categories?post=27756"},{"taxonomy":"post_tag","embeddable":true,"href":"https:\/\/algarve7.pt\/index.php\/wp-json\/wp\/v2\/tags?post=27756"}],"curies":[{"name":"wp","href":"https:\/\/api.w.org\/{rel}","templated":true}]}}