{"id":27743,"date":"2023-05-14T09:15:00","date_gmt":"2023-05-14T08:15:00","guid":{"rendered":"https:\/\/algarve7.pt\/?p=27743"},"modified":"2023-05-12T20:23:50","modified_gmt":"2023-05-12T19:23:50","slug":"museu-de-portimao-festeja-15-anos-com-corrida-fotografica-e-viagem-ao-mundo-do-jazz-de-manuel-guerreiro","status":"publish","type":"post","link":"https:\/\/algarve7.pt\/index.php\/2023\/05\/museu-de-portimao-festeja-15-anos-com-corrida-fotografica-e-viagem-ao-mundo-do-jazz-de-manuel-guerreiro\/cultura\/09\/15\/","title":{"rendered":"Museu de Portim\u00e3o festeja 15 anos com Corrida Fotogr\u00e1fica e viagem ao mundo do jazz de Manuel Guerreiro"},"content":{"rendered":"\n<p>Ao longo deste m\u00eas de maio, o Museu de Portim\u00e3o est\u00e1 a assinalar 15 anos de exist\u00eancia ao servi\u00e7o da mem\u00f3ria e identidade local com um conjunto de atividades, das quais se destacam \u201cUm dia na Pr\u00e9-Hist\u00f3ria\u201d, marcada para o dia 13, a j\u00e1 tradicional Corrida Fotogr\u00e1fica e a exposi\u00e7\u00e3o \u201cManuel Guerreiro &#8211; O Homem do Jazz\u201d, ambas a ter lugar no pr\u00f3ximo dia 20.<\/p>\n\n\n\n<p>O primeiro dos momentos relevantes da efem\u00e9ride realiza-se no pr\u00f3ximo s\u00e1bado, 13 de maio, com mais uma recria\u00e7\u00e3o hist\u00f3rica \u201cUm Dia na Pr\u00e9-Hist\u00f3ria\u201d nos Monumentos Megal\u00edticos de Alcalar, na qual todos os interessados poder\u00e3o participar gratuitamente.<\/p>\n\n\n\n<p>Evento vocacionado para as fam\u00edlias, ao longo de um dia muito animado ser\u00e1 poss\u00edvel participar em ateli\u00eas pedag\u00f3gicos de prepara\u00e7\u00e3o e cozedura de alimentos, cerveja pr\u00e9-hist\u00f3rica, fabrico de ferramentas e instrumentos agr\u00edcolas, oficina de gravura, processos de talhe e adornos, ca\u00e7a, olaria, tecelagem, transporte de grandes mon\u00f3litos, moagem e outros rituais do quotidiano pr\u00e9-hist\u00f3rico do povoado e dos t\u00famulos funer\u00e1rios que constituem a necr\u00f3pole de Alcalar.<\/p>\n\n\n\n<p><strong>Visita noturna guiada <\/strong><strong><\/strong><\/p>\n\n\n\n<p>A partir das 21h00 do dia 17 de maio, data de anivers\u00e1rio do Museu de Portim\u00e3o, as portas ser\u00e3o abertas para revelar os bastidores deste equipamento cultural de refer\u00eancia, com uma visita guiada \u00e0s cole\u00e7\u00f5es em reservas e aos espa\u00e7os de trabalho, onde se restaura e conserva o esp\u00f3lio desta f\u00e1brica de hist\u00f3rias.<\/p>\n\n\n\n<p>A atividade \u00e9 gratuita, mas sujeita a inscri\u00e7\u00e3o pr\u00e9via at\u00e9 16 de maio, atrav\u00e9s dos contactos telef\u00f3nicos 282 405 230 \/ 282 248 594 ou pelo e-mail <a href=\"mailto:museu@cm-portimao.pt\" target=\"_blank\" rel=\"noreferrer noopener\">museu@cm-portimao.pt<\/a><\/p>\n\n\n\n<p>Durante este dia de anivers\u00e1rio, a entrada ser\u00e1 gratuita para todos os visitantes do Museu de Portim\u00e3o e dos Monumentos Megal\u00edticos de Alcalar, o mesmo sucedendo a 18 de maio, <a>Dia Internacional dos Museus<\/a>.<\/p>\n\n\n\n<p>Efem\u00e9ride celebrada em todo o mundo desde 1997 pelo ICOM &#8211; Conselho Internacional dos Museus, serve de inspira\u00e7\u00e3o para o 18 de maio deste ano o tema \u201cMuseus, Sustentabilidade e Bem-Estar\u201d, no sentido de incentivar todos os equipamentos museol\u00f3gicos a mostrarem o seu potencial transformador para o desenvolvimento sustent\u00e1vel, enquanto espa\u00e7os de bem-estar e de inclus\u00e3o para todos.<\/p>\n\n\n\n<p><strong>23<\/strong><strong>\u00aa Corrida Fotogr<\/strong><strong>\u00e1fica de Portim\u00e3o<\/strong><strong><\/strong><\/p>\n\n\n\n<p>No s\u00e1bado seguinte, 20 de maio, ser\u00e1 dada \u00e0s 9h00 partida para a edi\u00e7\u00e3o presencial da 23\u00aa Corrida Fotogr\u00e1fica de Portim\u00e3o, que decorrer\u00e1 at\u00e9 \u00e0s 21h00. Todos os participantes receber\u00e3o o respetivo \u201cpassaporte\u201d, bem como a informa\u00e7\u00e3o dos primeiros temas a fotografar e a localiza\u00e7\u00e3o do pr\u00f3ximo posto de controlo, \u00e0s 12h00.<\/p>\n\n\n\n<p>De referir que esta edi\u00e7\u00e3o conta novamente com a modalidade online, cujas inscri\u00e7\u00f5es podem ser efetuadas pelo link <a href=\"https:\/\/cutt.ly\/J7OrIQs\" target=\"_blank\" rel=\"noreferrer noopener\">https:\/\/cutt.ly\/J7OrIQs<\/a> at\u00e9 18 de junho, data em que terminar\u00e1 a rece\u00e7\u00e3o de imagens.<\/p>\n\n\n\n<p><strong>Exposi\u00e7\u00e3o tempor\u00e1ria \u201cManuel Guerreiro, O Homem do Jazz\u201d<\/strong><strong><\/strong><\/p>\n\n\n\n<p>Est\u00e1 agendada para as 17h00 de 20 de maio a inaugura\u00e7\u00e3o da exposi\u00e7\u00e3o tempor\u00e1ria \u201cManuel Guerreiro, O Homem do Jazz\u201d, que ficar\u00e1 patente no Museu de Portim\u00e3o at\u00e9 3 de setembro pr\u00f3ximo.<\/p>\n\n\n\n<p>Constituem a base desta mostra o amor pela m\u00fasica e a paix\u00e3o pelo jazz do portimonense Manuel Guerreiro (1932-2005), o seu relevante e criativo percurso musical e o reconhecimento de uma intensa atividade art\u00edstica, entre os seus e por todo o mundo.<\/p>\n\n\n\n<p>Para al\u00e9m de real\u00e7ar o forte desejo demonstrado por Manuel Guerreiro em partilhar e fomentar o gosto pela m\u00fasica nos clubes de jazz que criou (\u201cO Caldeir\u00e3o\u201d\/Ferragudo e o \u201cManoel\u2019s Jazz Club\u201d\/Monte Carvoeiro), a exposi\u00e7\u00e3o constitui uma merecida homenagem e um especial tributo \u00e0 sua inspiradora e din\u00e2mica vida.<\/p>\n\n\n\n<p>Por isso, a m\u00fasica pautar\u00e1 estes momentos, com a atua\u00e7\u00e3o do Duo de Piano e Voz, formado por Leo Vrillaud e Sara Afonso, da Orquestra de Jazz do Algarve, que em diversos momentos interpretar\u00e3o arranjos de temas de Jazz origin\u00e1rios de v\u00e1rias d\u00e9cadas, versando linguagens intimistas e espont\u00e2neas com movimento.<\/p>\n\n\n\n<p>Ap\u00f3s a inaugura\u00e7\u00e3o da exposi\u00e7\u00e3o sobre Manuel Guerreiro, os presentes poder\u00e3o degustar diferentes iguarias e sabores do mar, brindando ao 15\u00ba anivers\u00e1rio do Museu de Portim\u00e3o e provando um bolo muito especial.<\/p>\n\n\n\n<p><strong>Museu de Portim\u00e3o com v\u00e1rias distin\u00e7\u00f5es nacionais e internacionais<\/strong><strong><\/strong><\/p>\n\n\n\n<p>Inaugurado em maio de 2008, o Museu de Portim\u00e3o recebeu nesse ano uma men\u00e7\u00e3o honrosa na categoria \u201cMelhor Museu Portugu\u00eas\u201d, pela Associa\u00e7\u00e3o Portuguesa de Museologia, e no ano seguinte pelo Turismo de Portugal, na categoria \u201cNovo Evento P\u00fablico\u201d.<\/p>\n\n\n\n<p>Em 2010 foi distinguido internacionalmente com o prestigiante pr\u00e9mio \u201cMuseu Conselho da Europa\u201d e em 2011 com o pr\u00e9mio \u201cDASA &#8211; Mundo do Trabalho 2011\u201d.<\/p>\n\n\n\n<p>Ainda nesse ano foi premiado no Festival Tour Film Brazil, que teve lugar na cidade de Florian\u00f3polis, com a &#8220;Arara de Prata &#8211; Jovens Talentos&#8221;, devido ao filme &#8220;\u00c0 conversa com Manuel Teixeira Gomes&#8221;, realizado na sua Oficina Educativa.<\/p>\n\n\n\n<p>Em 2015 voltou a ser distinguido pela APOM &#8211; Associa\u00e7\u00e3o Portuguesa de Museologia, com o pr\u00e9mio \u201cInova\u00e7\u00e3o e Criatividade\u201d, pelo projeto &#8220;A nossa cultura sai \u00e0 rua\u201d e, em 2020, novamente pela APOM recebeu o \u201cPr\u00e9mio Men\u00e7\u00e3o Especial\u201d, na categoria \u201cInova\u00e7\u00e3o e Criatividade\u201d atrav\u00e9sdaexposi\u00e7\u00e3o da<strong> \u201cEdi\u00e7\u00e3o Especial COVID-19, da Corrida Fotogr\u00e1fica de Portim\u00e3o\u201d.<\/strong><strong><\/strong><\/p>\n\n\n\n<p><strong>De referir ainda que Portim\u00e3o e o seu museu ser\u00e3o palco no pr\u00f3ximo ano da Confer\u00eancia Europeia e da cerim\u00f3nia de entrega dos Pr\u00e9mios Museu Europeu do Ano EMYA 2024<\/strong>, no importante evento que integrar\u00e1 as comemora\u00e7\u00f5es dos 100 anos de eleva\u00e7\u00e3o da Vila Nova de Portim\u00e3o \u00e0 categoria de cidade.<\/p>\n\n\n\n<p><strong>F\u00e1brica de hist\u00f3rias<\/strong><strong><\/strong><\/p>\n\n\n\n<p>A festejar 15 anos no cumprimento da sua principal miss\u00e3o, o Museu de Portim\u00e3o assume-se como um permanente observat\u00f3rio social e laborat\u00f3rio de ideias e de hist\u00f3rias, uma ponte cultural entre passado e futuro e um decisivo ponto de encontro para a descoberta, o conhecimento e a frui\u00e7\u00e3o do patrim\u00f3nio local.<\/p>\n\n\n\n<p>Numa rela\u00e7\u00e3o de forte proximidade com a comunidade local, tamb\u00e9m se constitui como importante e din\u00e2mico laborat\u00f3rio de ideias e projetos para a afirma\u00e7\u00e3o do territ\u00f3rio do munic\u00edpio, revelando-se uma mais-valia tur\u00edstica para toda a regi\u00e3o algarvia.<strong><\/strong><\/p>\n\n\n\n<p>As comemora\u00e7\u00f5es do 15\u00ba anivers\u00e1rio s\u00e3o organizadas pela Munic\u00edpio de Portim\u00e3o em conjunto com o Museu de Portim\u00e3o, contando para o efeito com o apoio de diversas entidades, entre as quais a Dire\u00e7\u00e3o Regional de Cultura do Algarve, as Juntas de Freguesias de Portim\u00e3o, Alvor e Mexilhoeira-Grande, o Sul Informa\u00e7\u00e3o, o Grupo de Amigos do Museu de Portim\u00e3o, o Ocean Revival, o CLCC, o Restaurante Restinga e a Associa\u00e7\u00e3o &#8211; N\u00facleo Amigos Fot\u00f3grafos do Algarve.<\/p>\n","protected":false},"excerpt":{"rendered":"<p>Ao longo deste m\u00eas de maio, o Museu de Portim\u00e3o est\u00e1 a assinalar 15 anos de exist\u00eancia ao servi\u00e7o da<\/p>\n","protected":false},"author":1,"featured_media":24796,"comment_status":"closed","ping_status":"open","sticky":false,"template":"","format":"standard","meta":{"colormag_page_container_layout":"default_layout","colormag_page_sidebar_layout":"default_layout","_monsterinsights_skip_tracking":false,"_monsterinsights_sitenote_active":false,"_monsterinsights_sitenote_note":"","_monsterinsights_sitenote_category":0,"jetpack_post_was_ever_published":false,"_jetpack_newsletter_access":"","_jetpack_dont_email_post_to_subs":false,"_jetpack_newsletter_tier_id":0,"_jetpack_memberships_contains_paywalled_content":false,"_jetpack_memberships_contains_paid_content":false,"footnotes":"","jetpack_publicize_message":"","jetpack_publicize_feature_enabled":true,"jetpack_social_post_already_shared":true,"jetpack_social_options":{"image_generator_settings":{"template":"highway","default_image_id":0,"font":"","enabled":false},"version":2}},"categories":[14],"tags":[36,35,97,72],"class_list":["post-27743","post","type-post","status-publish","format-standard","has-post-thumbnail","hentry","category-cultura","tag-algarve","tag-cultura","tag-museu","tag-portimao"],"yoast_head":"<!-- This site is optimized with the Yoast SEO plugin v27.4 - https:\/\/yoast.com\/product\/yoast-seo-wordpress\/ -->\n<title>Museu de Portim\u00e3o festeja 15 anos com Corrida Fotogr\u00e1fica e viagem ao mundo do jazz de Manuel Guerreiro - Algarve 7<\/title>\n<meta name=\"description\" content=\"Museu de Portim\u00e3o festeja 15 anos com Corrida Fotogr\u00e1fica e viagem ao mundo do jazz de Manuel Guerreiro Cultura\" \/>\n<meta name=\"robots\" content=\"index, follow, max-snippet:-1, max-image-preview:large, max-video-preview:-1\" \/>\n<link rel=\"canonical\" href=\"https:\/\/algarve7.pt\/index.php\/2023\/05\/museu-de-portimao-festeja-15-anos-com-corrida-fotografica-e-viagem-ao-mundo-do-jazz-de-manuel-guerreiro\/cultura\/09\/15\/\" \/>\n<meta property=\"og:locale\" content=\"pt_PT\" \/>\n<meta property=\"og:type\" content=\"article\" \/>\n<meta property=\"og:title\" content=\"Museu de Portim\u00e3o festeja 15 anos com Corrida Fotogr\u00e1fica e viagem ao mundo do jazz de Manuel Guerreiro - Algarve 7\" \/>\n<meta property=\"og:description\" content=\"Museu de Portim\u00e3o festeja 15 anos com Corrida Fotogr\u00e1fica e viagem ao mundo do jazz de Manuel Guerreiro Cultura\" \/>\n<meta property=\"og:url\" content=\"https:\/\/algarve7.pt\/index.php\/2023\/05\/museu-de-portimao-festeja-15-anos-com-corrida-fotografica-e-viagem-ao-mundo-do-jazz-de-manuel-guerreiro\/cultura\/09\/15\/\" \/>\n<meta property=\"og:site_name\" content=\"Algarve 7\" \/>\n<meta property=\"article:publisher\" content=\"https:\/\/www.facebook.com\/algarve7\" \/>\n<meta property=\"article:author\" content=\"https:\/\/www.facebook.com\/algarve7\" \/>\n<meta property=\"article:published_time\" content=\"2023-05-14T08:15:00+00:00\" \/>\n<meta property=\"og:image\" content=\"https:\/\/algarve7.pt\/wp-content\/uploads\/2023\/01\/07-Fachada-Museu-actual.jpg\" \/>\n\t<meta property=\"og:image:width\" content=\"1024\" \/>\n\t<meta property=\"og:image:height\" content=\"688\" \/>\n\t<meta property=\"og:image:type\" content=\"image\/jpeg\" \/>\n<meta name=\"author\" content=\"Algarve 7\" \/>\n<meta name=\"twitter:card\" content=\"summary_large_image\" \/>\n<meta name=\"twitter:creator\" content=\"@Algarvesete\" \/>\n<meta name=\"twitter:site\" content=\"@Algarvesete\" \/>\n<meta name=\"twitter:label1\" content=\"Escrito por\" \/>\n\t<meta name=\"twitter:data1\" content=\"Algarve 7\" \/>\n\t<meta name=\"twitter:label2\" content=\"Tempo estimado de leitura\" \/>\n\t<meta name=\"twitter:data2\" content=\"6 minutos\" \/>\n<script type=\"application\/ld+json\" class=\"yoast-schema-graph\">{\"@context\":\"https:\\\/\\\/schema.org\",\"@graph\":[{\"@type\":\"Article\",\"@id\":\"https:\\\/\\\/algarve7.pt\\\/index.php\\\/2023\\\/05\\\/museu-de-portimao-festeja-15-anos-com-corrida-fotografica-e-viagem-ao-mundo-do-jazz-de-manuel-guerreiro\\\/cultura\\\/09\\\/15\\\/#article\",\"isPartOf\":{\"@id\":\"https:\\\/\\\/algarve7.pt\\\/index.php\\\/2023\\\/05\\\/museu-de-portimao-festeja-15-anos-com-corrida-fotografica-e-viagem-ao-mundo-do-jazz-de-manuel-guerreiro\\\/cultura\\\/09\\\/15\\\/\"},\"author\":{\"name\":\"Algarve 7\",\"@id\":\"https:\\\/\\\/algarve7.pt\\\/#\\\/schema\\\/person\\\/23fa70681308e7b319a3204bcea45e0c\"},\"headline\":\"Museu de Portim\u00e3o festeja 15 anos com Corrida Fotogr\u00e1fica e viagem ao mundo do jazz de Manuel Guerreiro\",\"datePublished\":\"2023-05-14T08:15:00+00:00\",\"mainEntityOfPage\":{\"@id\":\"https:\\\/\\\/algarve7.pt\\\/index.php\\\/2023\\\/05\\\/museu-de-portimao-festeja-15-anos-com-corrida-fotografica-e-viagem-ao-mundo-do-jazz-de-manuel-guerreiro\\\/cultura\\\/09\\\/15\\\/\"},\"wordCount\":1175,\"publisher\":{\"@id\":\"https:\\\/\\\/algarve7.pt\\\/#organization\"},\"image\":{\"@id\":\"https:\\\/\\\/algarve7.pt\\\/index.php\\\/2023\\\/05\\\/museu-de-portimao-festeja-15-anos-com-corrida-fotografica-e-viagem-ao-mundo-do-jazz-de-manuel-guerreiro\\\/cultura\\\/09\\\/15\\\/#primaryimage\"},\"thumbnailUrl\":\"https:\\\/\\\/algarve7.pt\\\/wp-content\\\/uploads\\\/2023\\\/01\\\/07-Fachada-Museu-actual.jpg\",\"keywords\":[\"Algarve\",\"Cultura\",\"Museu\",\"Portim\u00e3o\"],\"articleSection\":[\"Cultura\"],\"inLanguage\":\"pt-PT\"},{\"@type\":\"WebPage\",\"@id\":\"https:\\\/\\\/algarve7.pt\\\/index.php\\\/2023\\\/05\\\/museu-de-portimao-festeja-15-anos-com-corrida-fotografica-e-viagem-ao-mundo-do-jazz-de-manuel-guerreiro\\\/cultura\\\/09\\\/15\\\/\",\"url\":\"https:\\\/\\\/algarve7.pt\\\/index.php\\\/2023\\\/05\\\/museu-de-portimao-festeja-15-anos-com-corrida-fotografica-e-viagem-ao-mundo-do-jazz-de-manuel-guerreiro\\\/cultura\\\/09\\\/15\\\/\",\"name\":\"Museu de Portim\u00e3o festeja 15 anos com Corrida Fotogr\u00e1fica e viagem ao mundo do jazz de Manuel Guerreiro - Algarve 7\",\"isPartOf\":{\"@id\":\"https:\\\/\\\/algarve7.pt\\\/#website\"},\"primaryImageOfPage\":{\"@id\":\"https:\\\/\\\/algarve7.pt\\\/index.php\\\/2023\\\/05\\\/museu-de-portimao-festeja-15-anos-com-corrida-fotografica-e-viagem-ao-mundo-do-jazz-de-manuel-guerreiro\\\/cultura\\\/09\\\/15\\\/#primaryimage\"},\"image\":{\"@id\":\"https:\\\/\\\/algarve7.pt\\\/index.php\\\/2023\\\/05\\\/museu-de-portimao-festeja-15-anos-com-corrida-fotografica-e-viagem-ao-mundo-do-jazz-de-manuel-guerreiro\\\/cultura\\\/09\\\/15\\\/#primaryimage\"},\"thumbnailUrl\":\"https:\\\/\\\/algarve7.pt\\\/wp-content\\\/uploads\\\/2023\\\/01\\\/07-Fachada-Museu-actual.jpg\",\"datePublished\":\"2023-05-14T08:15:00+00:00\",\"description\":\"Museu de Portim\u00e3o festeja 15 anos com Corrida Fotogr\u00e1fica e viagem ao mundo do jazz de Manuel Guerreiro Cultura\",\"breadcrumb\":{\"@id\":\"https:\\\/\\\/algarve7.pt\\\/index.php\\\/2023\\\/05\\\/museu-de-portimao-festeja-15-anos-com-corrida-fotografica-e-viagem-ao-mundo-do-jazz-de-manuel-guerreiro\\\/cultura\\\/09\\\/15\\\/#breadcrumb\"},\"inLanguage\":\"pt-PT\",\"potentialAction\":[{\"@type\":\"ReadAction\",\"target\":[\"https:\\\/\\\/algarve7.pt\\\/index.php\\\/2023\\\/05\\\/museu-de-portimao-festeja-15-anos-com-corrida-fotografica-e-viagem-ao-mundo-do-jazz-de-manuel-guerreiro\\\/cultura\\\/09\\\/15\\\/\"]}]},{\"@type\":\"ImageObject\",\"inLanguage\":\"pt-PT\",\"@id\":\"https:\\\/\\\/algarve7.pt\\\/index.php\\\/2023\\\/05\\\/museu-de-portimao-festeja-15-anos-com-corrida-fotografica-e-viagem-ao-mundo-do-jazz-de-manuel-guerreiro\\\/cultura\\\/09\\\/15\\\/#primaryimage\",\"url\":\"https:\\\/\\\/algarve7.pt\\\/wp-content\\\/uploads\\\/2023\\\/01\\\/07-Fachada-Museu-actual.jpg\",\"contentUrl\":\"https:\\\/\\\/algarve7.pt\\\/wp-content\\\/uploads\\\/2023\\\/01\\\/07-Fachada-Museu-actual.jpg\",\"width\":1024,\"height\":688},{\"@type\":\"BreadcrumbList\",\"@id\":\"https:\\\/\\\/algarve7.pt\\\/index.php\\\/2023\\\/05\\\/museu-de-portimao-festeja-15-anos-com-corrida-fotografica-e-viagem-ao-mundo-do-jazz-de-manuel-guerreiro\\\/cultura\\\/09\\\/15\\\/#breadcrumb\",\"itemListElement\":[{\"@type\":\"ListItem\",\"position\":1,\"name\":\"In\u00edcio\",\"item\":\"https:\\\/\\\/algarve7.pt\\\/\"},{\"@type\":\"ListItem\",\"position\":2,\"name\":\"Museu de Portim\u00e3o festeja 15 anos com Corrida Fotogr\u00e1fica e viagem ao mundo do jazz de Manuel Guerreiro\"}]},{\"@type\":\"WebSite\",\"@id\":\"https:\\\/\\\/algarve7.pt\\\/#website\",\"url\":\"https:\\\/\\\/algarve7.pt\\\/\",\"name\":\"Algarve 7\",\"description\":\"Informa\u00e7\u00e3o sobre o Algarve\",\"publisher\":{\"@id\":\"https:\\\/\\\/algarve7.pt\\\/#organization\"},\"potentialAction\":[{\"@type\":\"SearchAction\",\"target\":{\"@type\":\"EntryPoint\",\"urlTemplate\":\"https:\\\/\\\/algarve7.pt\\\/?s={search_term_string}\"},\"query-input\":{\"@type\":\"PropertyValueSpecification\",\"valueRequired\":true,\"valueName\":\"search_term_string\"}}],\"inLanguage\":\"pt-PT\"},{\"@type\":\"Organization\",\"@id\":\"https:\\\/\\\/algarve7.pt\\\/#organization\",\"name\":\"Algarve 7\",\"url\":\"https:\\\/\\\/algarve7.pt\\\/\",\"logo\":{\"@type\":\"ImageObject\",\"inLanguage\":\"pt-PT\",\"@id\":\"https:\\\/\\\/algarve7.pt\\\/#\\\/schema\\\/logo\\\/image\\\/\",\"url\":\"https:\\\/\\\/algarve7.pt\\\/wp-content\\\/uploads\\\/2020\\\/10\\\/Logo-8.jpg\",\"contentUrl\":\"https:\\\/\\\/algarve7.pt\\\/wp-content\\\/uploads\\\/2020\\\/10\\\/Logo-8.jpg\",\"width\":1680,\"height\":1186,\"caption\":\"Algarve 7\"},\"image\":{\"@id\":\"https:\\\/\\\/algarve7.pt\\\/#\\\/schema\\\/logo\\\/image\\\/\"},\"sameAs\":[\"https:\\\/\\\/www.facebook.com\\\/algarve7\",\"https:\\\/\\\/x.com\\\/Algarvesete\",\"https:\\\/\\\/www.instagram.com\\\/jornalalgarve7\\\/\",\"https:\\\/\\\/www.linkedin.com\\\/company\\\/algarve7\",\"https:\\\/\\\/www.pinterest.pt\\\/geral0939\\\/_created\\\/\"]},{\"@type\":\"Person\",\"@id\":\"https:\\\/\\\/algarve7.pt\\\/#\\\/schema\\\/person\\\/23fa70681308e7b319a3204bcea45e0c\",\"name\":\"Algarve 7\",\"sameAs\":[\"https:\\\/\\\/algarve7.pt\",\"https:\\\/\\\/www.facebook.com\\\/algarve7\"],\"url\":\"https:\\\/\\\/algarve7.pt\\\/index.php\\\/author\\\/geralalgarve7-pt\\\/\"}]}<\/script>\n<!-- \/ Yoast SEO plugin. -->","yoast_head_json":{"title":"Museu de Portim\u00e3o festeja 15 anos com Corrida Fotogr\u00e1fica e viagem ao mundo do jazz de Manuel Guerreiro - Algarve 7","description":"Museu de Portim\u00e3o festeja 15 anos com Corrida Fotogr\u00e1fica e viagem ao mundo do jazz de Manuel Guerreiro Cultura","robots":{"index":"index","follow":"follow","max-snippet":"max-snippet:-1","max-image-preview":"max-image-preview:large","max-video-preview":"max-video-preview:-1"},"canonical":"https:\/\/algarve7.pt\/index.php\/2023\/05\/museu-de-portimao-festeja-15-anos-com-corrida-fotografica-e-viagem-ao-mundo-do-jazz-de-manuel-guerreiro\/cultura\/09\/15\/","og_locale":"pt_PT","og_type":"article","og_title":"Museu de Portim\u00e3o festeja 15 anos com Corrida Fotogr\u00e1fica e viagem ao mundo do jazz de Manuel Guerreiro - Algarve 7","og_description":"Museu de Portim\u00e3o festeja 15 anos com Corrida Fotogr\u00e1fica e viagem ao mundo do jazz de Manuel Guerreiro Cultura","og_url":"https:\/\/algarve7.pt\/index.php\/2023\/05\/museu-de-portimao-festeja-15-anos-com-corrida-fotografica-e-viagem-ao-mundo-do-jazz-de-manuel-guerreiro\/cultura\/09\/15\/","og_site_name":"Algarve 7","article_publisher":"https:\/\/www.facebook.com\/algarve7","article_author":"https:\/\/www.facebook.com\/algarve7","article_published_time":"2023-05-14T08:15:00+00:00","og_image":[{"width":1024,"height":688,"url":"https:\/\/algarve7.pt\/wp-content\/uploads\/2023\/01\/07-Fachada-Museu-actual.jpg","type":"image\/jpeg"}],"author":"Algarve 7","twitter_card":"summary_large_image","twitter_creator":"@Algarvesete","twitter_site":"@Algarvesete","twitter_misc":{"Escrito por":"Algarve 7","Tempo estimado de leitura":"6 minutos"},"schema":{"@context":"https:\/\/schema.org","@graph":[{"@type":"Article","@id":"https:\/\/algarve7.pt\/index.php\/2023\/05\/museu-de-portimao-festeja-15-anos-com-corrida-fotografica-e-viagem-ao-mundo-do-jazz-de-manuel-guerreiro\/cultura\/09\/15\/#article","isPartOf":{"@id":"https:\/\/algarve7.pt\/index.php\/2023\/05\/museu-de-portimao-festeja-15-anos-com-corrida-fotografica-e-viagem-ao-mundo-do-jazz-de-manuel-guerreiro\/cultura\/09\/15\/"},"author":{"name":"Algarve 7","@id":"https:\/\/algarve7.pt\/#\/schema\/person\/23fa70681308e7b319a3204bcea45e0c"},"headline":"Museu de Portim\u00e3o festeja 15 anos com Corrida Fotogr\u00e1fica e viagem ao mundo do jazz de Manuel Guerreiro","datePublished":"2023-05-14T08:15:00+00:00","mainEntityOfPage":{"@id":"https:\/\/algarve7.pt\/index.php\/2023\/05\/museu-de-portimao-festeja-15-anos-com-corrida-fotografica-e-viagem-ao-mundo-do-jazz-de-manuel-guerreiro\/cultura\/09\/15\/"},"wordCount":1175,"publisher":{"@id":"https:\/\/algarve7.pt\/#organization"},"image":{"@id":"https:\/\/algarve7.pt\/index.php\/2023\/05\/museu-de-portimao-festeja-15-anos-com-corrida-fotografica-e-viagem-ao-mundo-do-jazz-de-manuel-guerreiro\/cultura\/09\/15\/#primaryimage"},"thumbnailUrl":"https:\/\/algarve7.pt\/wp-content\/uploads\/2023\/01\/07-Fachada-Museu-actual.jpg","keywords":["Algarve","Cultura","Museu","Portim\u00e3o"],"articleSection":["Cultura"],"inLanguage":"pt-PT"},{"@type":"WebPage","@id":"https:\/\/algarve7.pt\/index.php\/2023\/05\/museu-de-portimao-festeja-15-anos-com-corrida-fotografica-e-viagem-ao-mundo-do-jazz-de-manuel-guerreiro\/cultura\/09\/15\/","url":"https:\/\/algarve7.pt\/index.php\/2023\/05\/museu-de-portimao-festeja-15-anos-com-corrida-fotografica-e-viagem-ao-mundo-do-jazz-de-manuel-guerreiro\/cultura\/09\/15\/","name":"Museu de Portim\u00e3o festeja 15 anos com Corrida Fotogr\u00e1fica e viagem ao mundo do jazz de Manuel Guerreiro - Algarve 7","isPartOf":{"@id":"https:\/\/algarve7.pt\/#website"},"primaryImageOfPage":{"@id":"https:\/\/algarve7.pt\/index.php\/2023\/05\/museu-de-portimao-festeja-15-anos-com-corrida-fotografica-e-viagem-ao-mundo-do-jazz-de-manuel-guerreiro\/cultura\/09\/15\/#primaryimage"},"image":{"@id":"https:\/\/algarve7.pt\/index.php\/2023\/05\/museu-de-portimao-festeja-15-anos-com-corrida-fotografica-e-viagem-ao-mundo-do-jazz-de-manuel-guerreiro\/cultura\/09\/15\/#primaryimage"},"thumbnailUrl":"https:\/\/algarve7.pt\/wp-content\/uploads\/2023\/01\/07-Fachada-Museu-actual.jpg","datePublished":"2023-05-14T08:15:00+00:00","description":"Museu de Portim\u00e3o festeja 15 anos com Corrida Fotogr\u00e1fica e viagem ao mundo do jazz de Manuel Guerreiro Cultura","breadcrumb":{"@id":"https:\/\/algarve7.pt\/index.php\/2023\/05\/museu-de-portimao-festeja-15-anos-com-corrida-fotografica-e-viagem-ao-mundo-do-jazz-de-manuel-guerreiro\/cultura\/09\/15\/#breadcrumb"},"inLanguage":"pt-PT","potentialAction":[{"@type":"ReadAction","target":["https:\/\/algarve7.pt\/index.php\/2023\/05\/museu-de-portimao-festeja-15-anos-com-corrida-fotografica-e-viagem-ao-mundo-do-jazz-de-manuel-guerreiro\/cultura\/09\/15\/"]}]},{"@type":"ImageObject","inLanguage":"pt-PT","@id":"https:\/\/algarve7.pt\/index.php\/2023\/05\/museu-de-portimao-festeja-15-anos-com-corrida-fotografica-e-viagem-ao-mundo-do-jazz-de-manuel-guerreiro\/cultura\/09\/15\/#primaryimage","url":"https:\/\/algarve7.pt\/wp-content\/uploads\/2023\/01\/07-Fachada-Museu-actual.jpg","contentUrl":"https:\/\/algarve7.pt\/wp-content\/uploads\/2023\/01\/07-Fachada-Museu-actual.jpg","width":1024,"height":688},{"@type":"BreadcrumbList","@id":"https:\/\/algarve7.pt\/index.php\/2023\/05\/museu-de-portimao-festeja-15-anos-com-corrida-fotografica-e-viagem-ao-mundo-do-jazz-de-manuel-guerreiro\/cultura\/09\/15\/#breadcrumb","itemListElement":[{"@type":"ListItem","position":1,"name":"In\u00edcio","item":"https:\/\/algarve7.pt\/"},{"@type":"ListItem","position":2,"name":"Museu de Portim\u00e3o festeja 15 anos com Corrida Fotogr\u00e1fica e viagem ao mundo do jazz de Manuel Guerreiro"}]},{"@type":"WebSite","@id":"https:\/\/algarve7.pt\/#website","url":"https:\/\/algarve7.pt\/","name":"Algarve 7","description":"Informa\u00e7\u00e3o sobre o Algarve","publisher":{"@id":"https:\/\/algarve7.pt\/#organization"},"potentialAction":[{"@type":"SearchAction","target":{"@type":"EntryPoint","urlTemplate":"https:\/\/algarve7.pt\/?s={search_term_string}"},"query-input":{"@type":"PropertyValueSpecification","valueRequired":true,"valueName":"search_term_string"}}],"inLanguage":"pt-PT"},{"@type":"Organization","@id":"https:\/\/algarve7.pt\/#organization","name":"Algarve 7","url":"https:\/\/algarve7.pt\/","logo":{"@type":"ImageObject","inLanguage":"pt-PT","@id":"https:\/\/algarve7.pt\/#\/schema\/logo\/image\/","url":"https:\/\/algarve7.pt\/wp-content\/uploads\/2020\/10\/Logo-8.jpg","contentUrl":"https:\/\/algarve7.pt\/wp-content\/uploads\/2020\/10\/Logo-8.jpg","width":1680,"height":1186,"caption":"Algarve 7"},"image":{"@id":"https:\/\/algarve7.pt\/#\/schema\/logo\/image\/"},"sameAs":["https:\/\/www.facebook.com\/algarve7","https:\/\/x.com\/Algarvesete","https:\/\/www.instagram.com\/jornalalgarve7\/","https:\/\/www.linkedin.com\/company\/algarve7","https:\/\/www.pinterest.pt\/geral0939\/_created\/"]},{"@type":"Person","@id":"https:\/\/algarve7.pt\/#\/schema\/person\/23fa70681308e7b319a3204bcea45e0c","name":"Algarve 7","sameAs":["https:\/\/algarve7.pt","https:\/\/www.facebook.com\/algarve7"],"url":"https:\/\/algarve7.pt\/index.php\/author\/geralalgarve7-pt\/"}]}},"jetpack_publicize_connections":[],"jetpack_featured_media_url":"https:\/\/algarve7.pt\/wp-content\/uploads\/2023\/01\/07-Fachada-Museu-actual.jpg","jetpack_shortlink":"https:\/\/wp.me\/pcezmW-7dt","jetpack_sharing_enabled":true,"_links":{"self":[{"href":"https:\/\/algarve7.pt\/index.php\/wp-json\/wp\/v2\/posts\/27743","targetHints":{"allow":["GET"]}}],"collection":[{"href":"https:\/\/algarve7.pt\/index.php\/wp-json\/wp\/v2\/posts"}],"about":[{"href":"https:\/\/algarve7.pt\/index.php\/wp-json\/wp\/v2\/types\/post"}],"author":[{"embeddable":true,"href":"https:\/\/algarve7.pt\/index.php\/wp-json\/wp\/v2\/users\/1"}],"replies":[{"embeddable":true,"href":"https:\/\/algarve7.pt\/index.php\/wp-json\/wp\/v2\/comments?post=27743"}],"version-history":[{"count":0,"href":"https:\/\/algarve7.pt\/index.php\/wp-json\/wp\/v2\/posts\/27743\/revisions"}],"wp:featuredmedia":[{"embeddable":true,"href":"https:\/\/algarve7.pt\/index.php\/wp-json\/wp\/v2\/media\/24796"}],"wp:attachment":[{"href":"https:\/\/algarve7.pt\/index.php\/wp-json\/wp\/v2\/media?parent=27743"}],"wp:term":[{"taxonomy":"category","embeddable":true,"href":"https:\/\/algarve7.pt\/index.php\/wp-json\/wp\/v2\/categories?post=27743"},{"taxonomy":"post_tag","embeddable":true,"href":"https:\/\/algarve7.pt\/index.php\/wp-json\/wp\/v2\/tags?post=27743"}],"curies":[{"name":"wp","href":"https:\/\/api.w.org\/{rel}","templated":true}]}}