{"id":27728,"date":"2023-05-12T17:35:31","date_gmt":"2023-05-12T16:35:31","guid":{"rendered":"https:\/\/algarve7.pt\/?p=27728"},"modified":"2023-05-12T17:35:35","modified_gmt":"2023-05-12T16:35:35","slug":"sessao-participativa-em-loule-trouxe-contributos-para-valorizar-parque-natural-da-ria-formosa","status":"publish","type":"post","link":"https:\/\/algarve7.pt\/index.php\/2023\/05\/sessao-participativa-em-loule-trouxe-contributos-para-valorizar-parque-natural-da-ria-formosa\/ambiente\/17\/35\/","title":{"rendered":"Sess\u00e3o participativa em Loul\u00e9 trouxe contributos para valorizar parque natural da Ria Formosa"},"content":{"rendered":"\n<p>Loul\u00e9 recebeu uma das sess\u00f5es participativas no \u00e2mbito da cogest\u00e3o do Parque Natural da Ria Formosa que est\u00e3o a acontecer nos munic\u00edpios que integram este modelo (a par de Loul\u00e9, tamb\u00e9m Faro, Olh\u00e3o, Tavira e Vila Real de Santo Ant\u00f3nio). Entidades e cidad\u00e3os quiseram dar o seu contributo para um processo partilhado de valoriza\u00e7\u00e3o de uma das mais importantes zonas h\u00famidas da Europa, reunindo-se opini\u00f5es e ideias que possam constituir oportunidades, estabelecendo sinergias para a salvaguarda deste patrim\u00f3nio natural, um dos \u201c<em>hot spots<\/em> da Bacia do Mediterr\u00e2neo\u201d.<\/p>\n\n\n\n<p>Castel\u00e3o Rodrigues, respons\u00e1vel do ICNF, veio \u00e0 sess\u00e3o realizada na Biblioteca Municipal de Loul\u00e9 explicar um pouco do processo que levou a este modelo de cogest\u00e3o, e falou dos tr\u00eas aspetos essenciais no mesmo: a promo\u00e7\u00e3o da valoriza\u00e7\u00e3o do territ\u00f3rio, a sensibiliza\u00e7\u00e3o das popula\u00e7\u00f5es locais e a melhoria da comunica\u00e7\u00e3o.<\/p>\n\n\n\n<p>\u201cPoucas pessoas conhecem este Parque, muito por culpa da administra\u00e7\u00e3o, em especial do ICNF, que n\u00e3o tem tido capacidade que a comunidade participasse mais\u201d, notou. \u00c9 tempo de mudar o paradigma e o objetivo agora passa por criar uma din\u00e2mica partilhada de valoriza\u00e7\u00e3o da \u00e1rea protegida, tendo por base a sua sustentabilidade nas dimens\u00f5es pol\u00edtica, social, econ\u00f3mica, ecol\u00f3gica, territorial e cultural e promover um melhor desempenho na sua salvaguarda.<\/p>\n\n\n\n<p>Este modelo visa, assim, imprimir uma din\u00e2mica de gest\u00e3o de proximidade, em que diferentes entidades \u2013 e tamb\u00e9m os cidad\u00e3os &#8211; colocam ao servi\u00e7o da \u00e1rea protegida o que de melhor t\u00eam para oferecer no quadro das suas compet\u00eancias e atribui\u00e7\u00f5es, pondo em pr\u00e1tica uma gest\u00e3o participativa, colaborativa e articulada em cada \u00e1rea.<\/p>\n\n\n\n<p>A AMAL \u00e9 a entidade que faz a gest\u00e3o desta cogest\u00e3o, tendo celebrado, em 2021, um protocolo para o efeito com o Fundo Ambiental e o ICNF. S\u00e3o duas as estruturas envolvidas: a comiss\u00e3o da cogest\u00e3o, presidida pelo autarca de Faro, e o conselho estrat\u00e9gico, presidido pelo autarca de Olh\u00e3o<\/p>\n\n\n\n<p>Apesar da reduzida \u00e1rea que o concelho de Loul\u00e9 tem, em termos territoriais e administrativos, no Parque Natural da Ria Formosa, &#8211; apenas 5% -, o autarca V\u00edtor Aleixo sublinhou a import\u00e2ncia desta \u00e1rea como \u201co maior ativo ambiental da nossa regi\u00e3o\u201d. \u201cSeria incompreens\u00edvel se n\u00f3s negligenci\u00e1ssemos todo o conhecimento que, ao longo dos anos, temos adquirido relativamente \u00e0 import\u00e2ncia estrat\u00e9gica destes ativos naturais que temos no nosso territ\u00f3rio\u201d, ressalvou.<\/p>\n\n\n\n<p>Em rela\u00e7\u00e3o a zonas de interesse ecol\u00f3gico no concelho com estatuto de prote\u00e7\u00e3o, a Ria Formosa n\u00e3o \u00e9 caso \u00fanico. Neste momento est\u00e1 em consulta p\u00fablica a cria\u00e7\u00e3o da Reserva Natural Local da Foz do Almargem e do Trafal, que se prev\u00ea esteja conclu\u00edda ainda este ano. Agora o Munic\u00edpio quer iniciar o processo de classifica\u00e7\u00e3o da Nave do Bar\u00e3o, na freguesia de Salir, \u201cuma ocorr\u00eancia geol\u00f3gica, com grande riqueza ao n\u00edvel da biodiversidade\u201d. \u00c9 tamb\u00e9m inten\u00e7\u00e3o que, at\u00e9 ao final do presente mandato aut\u00e1rquico, fique conclu\u00edda a classifica\u00e7\u00e3o como Geoparque da UNESCO toda a \u00e1rea do interior do Algarve central que abrange os munic\u00edpios de Loul\u00e9, Albufeira e Silves.<\/p>\n\n\n\n<p>At\u00e9 porque, at\u00e9 2030, h\u00e1 a responsabilidade internacional de 30% da esfera terrestre estar sob o estatuto de prote\u00e7\u00e3o e Loul\u00e9 quer dar o seu contributo para essa meta.<\/p>\n\n\n\n<p>Durante a sess\u00e3o, o autarca louletano manifestou preocupa\u00e7\u00e3o em rela\u00e7\u00e3o \u00e0s consequ\u00eancias que o problema ambiental no vizinho Parque Nacional Do\u00f1ana pode ter na Ria Formosa. O respons\u00e1vel do ICNF, Castel\u00e3o Rodrigues, afirmou que esse impacto j\u00e1 se faz sentir, por exemplo pelas comunidades de flamingos que se encontram agora na Ria Formosa.<\/p>\n\n\n\n<p>Na segunda parte da sess\u00e3o formaram-se grupos de onde sa\u00edram algumas ideias e sugest\u00f5es que, ap\u00f3s a devida pondera\u00e7\u00e3o, poder\u00e3o ser inclu\u00eddas no plano de cogest\u00e3o deste Parque Natural.<\/p>\n\n\n\n<p>Recorde-se que a primeira sess\u00e3o participativa aconteceu na passada semana, em Faro, sendo esta a segunda. Estas sess\u00f5es participativas fazem parte da 1\u00aa fase do modelo de cogest\u00e3o, correspondente ao seu arranque, relegando-se para a 2\u00aa fase a sua consolida\u00e7\u00e3o.<\/p>\n","protected":false},"excerpt":{"rendered":"<p>Loul\u00e9 recebeu uma das sess\u00f5es participativas no \u00e2mbito da cogest\u00e3o do Parque Natural da Ria Formosa que est\u00e3o a acontecer<\/p>\n","protected":false},"author":1,"featured_media":27729,"comment_status":"closed","ping_status":"open","sticky":false,"template":"","format":"standard","meta":{"colormag_page_container_layout":"default_layout","colormag_page_sidebar_layout":"default_layout","_monsterinsights_skip_tracking":false,"_monsterinsights_sitenote_active":false,"_monsterinsights_sitenote_note":"","_monsterinsights_sitenote_category":0,"jetpack_post_was_ever_published":false,"_jetpack_newsletter_access":"","_jetpack_dont_email_post_to_subs":false,"_jetpack_newsletter_tier_id":0,"_jetpack_memberships_contains_paywalled_content":false,"_jetpack_memberships_contains_paid_content":false,"footnotes":"","jetpack_publicize_message":"","jetpack_publicize_feature_enabled":true,"jetpack_social_post_already_shared":true,"jetpack_social_options":{"image_generator_settings":{"template":"highway","default_image_id":0,"font":"","enabled":false},"version":2}},"categories":[5],"tags":[36,32,31,256],"class_list":["post-27728","post","type-post","status-publish","format-standard","has-post-thumbnail","hentry","category-ambiente","tag-algarve","tag-ambiente","tag-loule","tag-ria-formosa"],"yoast_head":"<!-- This site is optimized with the Yoast SEO plugin v27.5 - https:\/\/yoast.com\/product\/yoast-seo-wordpress\/ -->\n<title>Sess\u00e3o participativa em Loul\u00e9 trouxe contributos para valorizar parque natural da Ria Formosa - Algarve 7<\/title>\n<meta name=\"description\" content=\"Sess\u00e3o participativa em Loul\u00e9 trouxe contributos para valorizar parque natural da Ria Formosa Ambiente\" \/>\n<meta name=\"robots\" content=\"index, follow, max-snippet:-1, max-image-preview:large, max-video-preview:-1\" \/>\n<link rel=\"canonical\" href=\"https:\/\/algarve7.pt\/index.php\/2023\/05\/sessao-participativa-em-loule-trouxe-contributos-para-valorizar-parque-natural-da-ria-formosa\/ambiente\/17\/35\/\" \/>\n<meta property=\"og:locale\" content=\"pt_PT\" \/>\n<meta property=\"og:type\" content=\"article\" \/>\n<meta property=\"og:title\" content=\"Sess\u00e3o participativa em Loul\u00e9 trouxe contributos para valorizar parque natural da Ria Formosa - Algarve 7\" \/>\n<meta property=\"og:description\" content=\"Sess\u00e3o participativa em Loul\u00e9 trouxe contributos para valorizar parque natural da Ria Formosa Ambiente\" \/>\n<meta property=\"og:url\" content=\"https:\/\/algarve7.pt\/index.php\/2023\/05\/sessao-participativa-em-loule-trouxe-contributos-para-valorizar-parque-natural-da-ria-formosa\/ambiente\/17\/35\/\" \/>\n<meta property=\"og:site_name\" content=\"Algarve 7\" \/>\n<meta property=\"article:publisher\" content=\"https:\/\/www.facebook.com\/algarve7\" \/>\n<meta property=\"article:author\" content=\"https:\/\/www.facebook.com\/algarve7\" \/>\n<meta property=\"article:published_time\" content=\"2023-05-12T16:35:31+00:00\" \/>\n<meta property=\"article:modified_time\" content=\"2023-05-12T16:35:35+00:00\" \/>\n<meta property=\"og:image\" content=\"https:\/\/algarve7.pt\/wp-content\/uploads\/2023\/05\/Cogestao-parque-Nat-Ria-Form-osa-Loule-09-05-2023-13.jpg\" \/>\n\t<meta property=\"og:image:width\" content=\"1024\" \/>\n\t<meta property=\"og:image:height\" content=\"683\" \/>\n\t<meta property=\"og:image:type\" content=\"image\/jpeg\" \/>\n<meta name=\"author\" content=\"Algarve 7\" \/>\n<meta name=\"twitter:card\" content=\"summary_large_image\" \/>\n<meta name=\"twitter:creator\" content=\"@Algarvesete\" \/>\n<meta name=\"twitter:site\" content=\"@Algarvesete\" \/>\n<meta name=\"twitter:label1\" content=\"Escrito por\" \/>\n\t<meta name=\"twitter:data1\" content=\"Algarve 7\" \/>\n\t<meta name=\"twitter:label2\" content=\"Tempo estimado de leitura\" \/>\n\t<meta name=\"twitter:data2\" content=\"4 minutos\" \/>\n<script type=\"application\/ld+json\" class=\"yoast-schema-graph\">{\"@context\":\"https:\\\/\\\/schema.org\",\"@graph\":[{\"@type\":\"Article\",\"@id\":\"https:\\\/\\\/algarve7.pt\\\/index.php\\\/2023\\\/05\\\/sessao-participativa-em-loule-trouxe-contributos-para-valorizar-parque-natural-da-ria-formosa\\\/ambiente\\\/17\\\/35\\\/#article\",\"isPartOf\":{\"@id\":\"https:\\\/\\\/algarve7.pt\\\/index.php\\\/2023\\\/05\\\/sessao-participativa-em-loule-trouxe-contributos-para-valorizar-parque-natural-da-ria-formosa\\\/ambiente\\\/17\\\/35\\\/\"},\"author\":{\"name\":\"Algarve 7\",\"@id\":\"https:\\\/\\\/algarve7.pt\\\/#\\\/schema\\\/person\\\/23fa70681308e7b319a3204bcea45e0c\"},\"headline\":\"Sess\u00e3o participativa em Loul\u00e9 trouxe contributos para valorizar parque natural da Ria Formosa\",\"datePublished\":\"2023-05-12T16:35:31+00:00\",\"dateModified\":\"2023-05-12T16:35:35+00:00\",\"mainEntityOfPage\":{\"@id\":\"https:\\\/\\\/algarve7.pt\\\/index.php\\\/2023\\\/05\\\/sessao-participativa-em-loule-trouxe-contributos-para-valorizar-parque-natural-da-ria-formosa\\\/ambiente\\\/17\\\/35\\\/\"},\"wordCount\":738,\"publisher\":{\"@id\":\"https:\\\/\\\/algarve7.pt\\\/#organization\"},\"image\":{\"@id\":\"https:\\\/\\\/algarve7.pt\\\/index.php\\\/2023\\\/05\\\/sessao-participativa-em-loule-trouxe-contributos-para-valorizar-parque-natural-da-ria-formosa\\\/ambiente\\\/17\\\/35\\\/#primaryimage\"},\"thumbnailUrl\":\"https:\\\/\\\/algarve7.pt\\\/wp-content\\\/uploads\\\/2023\\\/05\\\/Cogestao-parque-Nat-Ria-Form-osa-Loule-09-05-2023-13.jpg\",\"keywords\":[\"Algarve\",\"Ambiente\",\"Loul\u00e9\",\"Ria Formosa\"],\"articleSection\":[\"Ambiente\"],\"inLanguage\":\"pt-PT\"},{\"@type\":\"WebPage\",\"@id\":\"https:\\\/\\\/algarve7.pt\\\/index.php\\\/2023\\\/05\\\/sessao-participativa-em-loule-trouxe-contributos-para-valorizar-parque-natural-da-ria-formosa\\\/ambiente\\\/17\\\/35\\\/\",\"url\":\"https:\\\/\\\/algarve7.pt\\\/index.php\\\/2023\\\/05\\\/sessao-participativa-em-loule-trouxe-contributos-para-valorizar-parque-natural-da-ria-formosa\\\/ambiente\\\/17\\\/35\\\/\",\"name\":\"Sess\u00e3o participativa em Loul\u00e9 trouxe contributos para valorizar parque natural da Ria Formosa - Algarve 7\",\"isPartOf\":{\"@id\":\"https:\\\/\\\/algarve7.pt\\\/#website\"},\"primaryImageOfPage\":{\"@id\":\"https:\\\/\\\/algarve7.pt\\\/index.php\\\/2023\\\/05\\\/sessao-participativa-em-loule-trouxe-contributos-para-valorizar-parque-natural-da-ria-formosa\\\/ambiente\\\/17\\\/35\\\/#primaryimage\"},\"image\":{\"@id\":\"https:\\\/\\\/algarve7.pt\\\/index.php\\\/2023\\\/05\\\/sessao-participativa-em-loule-trouxe-contributos-para-valorizar-parque-natural-da-ria-formosa\\\/ambiente\\\/17\\\/35\\\/#primaryimage\"},\"thumbnailUrl\":\"https:\\\/\\\/algarve7.pt\\\/wp-content\\\/uploads\\\/2023\\\/05\\\/Cogestao-parque-Nat-Ria-Form-osa-Loule-09-05-2023-13.jpg\",\"datePublished\":\"2023-05-12T16:35:31+00:00\",\"dateModified\":\"2023-05-12T16:35:35+00:00\",\"description\":\"Sess\u00e3o participativa em Loul\u00e9 trouxe contributos para valorizar parque natural da Ria Formosa Ambiente\",\"breadcrumb\":{\"@id\":\"https:\\\/\\\/algarve7.pt\\\/index.php\\\/2023\\\/05\\\/sessao-participativa-em-loule-trouxe-contributos-para-valorizar-parque-natural-da-ria-formosa\\\/ambiente\\\/17\\\/35\\\/#breadcrumb\"},\"inLanguage\":\"pt-PT\",\"potentialAction\":[{\"@type\":\"ReadAction\",\"target\":[\"https:\\\/\\\/algarve7.pt\\\/index.php\\\/2023\\\/05\\\/sessao-participativa-em-loule-trouxe-contributos-para-valorizar-parque-natural-da-ria-formosa\\\/ambiente\\\/17\\\/35\\\/\"]}]},{\"@type\":\"ImageObject\",\"inLanguage\":\"pt-PT\",\"@id\":\"https:\\\/\\\/algarve7.pt\\\/index.php\\\/2023\\\/05\\\/sessao-participativa-em-loule-trouxe-contributos-para-valorizar-parque-natural-da-ria-formosa\\\/ambiente\\\/17\\\/35\\\/#primaryimage\",\"url\":\"https:\\\/\\\/algarve7.pt\\\/wp-content\\\/uploads\\\/2023\\\/05\\\/Cogestao-parque-Nat-Ria-Form-osa-Loule-09-05-2023-13.jpg\",\"contentUrl\":\"https:\\\/\\\/algarve7.pt\\\/wp-content\\\/uploads\\\/2023\\\/05\\\/Cogestao-parque-Nat-Ria-Form-osa-Loule-09-05-2023-13.jpg\",\"width\":1024,\"height\":683},{\"@type\":\"BreadcrumbList\",\"@id\":\"https:\\\/\\\/algarve7.pt\\\/index.php\\\/2023\\\/05\\\/sessao-participativa-em-loule-trouxe-contributos-para-valorizar-parque-natural-da-ria-formosa\\\/ambiente\\\/17\\\/35\\\/#breadcrumb\",\"itemListElement\":[{\"@type\":\"ListItem\",\"position\":1,\"name\":\"In\u00edcio\",\"item\":\"https:\\\/\\\/algarve7.pt\\\/\"},{\"@type\":\"ListItem\",\"position\":2,\"name\":\"Sess\u00e3o participativa em Loul\u00e9 trouxe contributos para valorizar parque natural da Ria Formosa\"}]},{\"@type\":\"WebSite\",\"@id\":\"https:\\\/\\\/algarve7.pt\\\/#website\",\"url\":\"https:\\\/\\\/algarve7.pt\\\/\",\"name\":\"Algarve 7\",\"description\":\"Informa\u00e7\u00e3o sobre o Algarve\",\"publisher\":{\"@id\":\"https:\\\/\\\/algarve7.pt\\\/#organization\"},\"potentialAction\":[{\"@type\":\"SearchAction\",\"target\":{\"@type\":\"EntryPoint\",\"urlTemplate\":\"https:\\\/\\\/algarve7.pt\\\/?s={search_term_string}\"},\"query-input\":{\"@type\":\"PropertyValueSpecification\",\"valueRequired\":true,\"valueName\":\"search_term_string\"}}],\"inLanguage\":\"pt-PT\"},{\"@type\":\"Organization\",\"@id\":\"https:\\\/\\\/algarve7.pt\\\/#organization\",\"name\":\"Algarve 7\",\"url\":\"https:\\\/\\\/algarve7.pt\\\/\",\"logo\":{\"@type\":\"ImageObject\",\"inLanguage\":\"pt-PT\",\"@id\":\"https:\\\/\\\/algarve7.pt\\\/#\\\/schema\\\/logo\\\/image\\\/\",\"url\":\"https:\\\/\\\/algarve7.pt\\\/wp-content\\\/uploads\\\/2020\\\/10\\\/Logo-8.jpg\",\"contentUrl\":\"https:\\\/\\\/algarve7.pt\\\/wp-content\\\/uploads\\\/2020\\\/10\\\/Logo-8.jpg\",\"width\":1680,\"height\":1186,\"caption\":\"Algarve 7\"},\"image\":{\"@id\":\"https:\\\/\\\/algarve7.pt\\\/#\\\/schema\\\/logo\\\/image\\\/\"},\"sameAs\":[\"https:\\\/\\\/www.facebook.com\\\/algarve7\",\"https:\\\/\\\/x.com\\\/Algarvesete\",\"https:\\\/\\\/www.instagram.com\\\/jornalalgarve7\\\/\",\"https:\\\/\\\/www.linkedin.com\\\/company\\\/algarve7\",\"https:\\\/\\\/www.pinterest.pt\\\/geral0939\\\/_created\\\/\"]},{\"@type\":\"Person\",\"@id\":\"https:\\\/\\\/algarve7.pt\\\/#\\\/schema\\\/person\\\/23fa70681308e7b319a3204bcea45e0c\",\"name\":\"Algarve 7\",\"sameAs\":[\"https:\\\/\\\/algarve7.pt\",\"https:\\\/\\\/www.facebook.com\\\/algarve7\"],\"url\":\"https:\\\/\\\/algarve7.pt\\\/index.php\\\/author\\\/geralalgarve7-pt\\\/\"}]}<\/script>\n<!-- \/ Yoast SEO plugin. -->","yoast_head_json":{"title":"Sess\u00e3o participativa em Loul\u00e9 trouxe contributos para valorizar parque natural da Ria Formosa - Algarve 7","description":"Sess\u00e3o participativa em Loul\u00e9 trouxe contributos para valorizar parque natural da Ria Formosa Ambiente","robots":{"index":"index","follow":"follow","max-snippet":"max-snippet:-1","max-image-preview":"max-image-preview:large","max-video-preview":"max-video-preview:-1"},"canonical":"https:\/\/algarve7.pt\/index.php\/2023\/05\/sessao-participativa-em-loule-trouxe-contributos-para-valorizar-parque-natural-da-ria-formosa\/ambiente\/17\/35\/","og_locale":"pt_PT","og_type":"article","og_title":"Sess\u00e3o participativa em Loul\u00e9 trouxe contributos para valorizar parque natural da Ria Formosa - Algarve 7","og_description":"Sess\u00e3o participativa em Loul\u00e9 trouxe contributos para valorizar parque natural da Ria Formosa Ambiente","og_url":"https:\/\/algarve7.pt\/index.php\/2023\/05\/sessao-participativa-em-loule-trouxe-contributos-para-valorizar-parque-natural-da-ria-formosa\/ambiente\/17\/35\/","og_site_name":"Algarve 7","article_publisher":"https:\/\/www.facebook.com\/algarve7","article_author":"https:\/\/www.facebook.com\/algarve7","article_published_time":"2023-05-12T16:35:31+00:00","article_modified_time":"2023-05-12T16:35:35+00:00","og_image":[{"width":1024,"height":683,"url":"https:\/\/algarve7.pt\/wp-content\/uploads\/2023\/05\/Cogestao-parque-Nat-Ria-Form-osa-Loule-09-05-2023-13.jpg","type":"image\/jpeg"}],"author":"Algarve 7","twitter_card":"summary_large_image","twitter_creator":"@Algarvesete","twitter_site":"@Algarvesete","twitter_misc":{"Escrito por":"Algarve 7","Tempo estimado de leitura":"4 minutos"},"schema":{"@context":"https:\/\/schema.org","@graph":[{"@type":"Article","@id":"https:\/\/algarve7.pt\/index.php\/2023\/05\/sessao-participativa-em-loule-trouxe-contributos-para-valorizar-parque-natural-da-ria-formosa\/ambiente\/17\/35\/#article","isPartOf":{"@id":"https:\/\/algarve7.pt\/index.php\/2023\/05\/sessao-participativa-em-loule-trouxe-contributos-para-valorizar-parque-natural-da-ria-formosa\/ambiente\/17\/35\/"},"author":{"name":"Algarve 7","@id":"https:\/\/algarve7.pt\/#\/schema\/person\/23fa70681308e7b319a3204bcea45e0c"},"headline":"Sess\u00e3o participativa em Loul\u00e9 trouxe contributos para valorizar parque natural da Ria Formosa","datePublished":"2023-05-12T16:35:31+00:00","dateModified":"2023-05-12T16:35:35+00:00","mainEntityOfPage":{"@id":"https:\/\/algarve7.pt\/index.php\/2023\/05\/sessao-participativa-em-loule-trouxe-contributos-para-valorizar-parque-natural-da-ria-formosa\/ambiente\/17\/35\/"},"wordCount":738,"publisher":{"@id":"https:\/\/algarve7.pt\/#organization"},"image":{"@id":"https:\/\/algarve7.pt\/index.php\/2023\/05\/sessao-participativa-em-loule-trouxe-contributos-para-valorizar-parque-natural-da-ria-formosa\/ambiente\/17\/35\/#primaryimage"},"thumbnailUrl":"https:\/\/algarve7.pt\/wp-content\/uploads\/2023\/05\/Cogestao-parque-Nat-Ria-Form-osa-Loule-09-05-2023-13.jpg","keywords":["Algarve","Ambiente","Loul\u00e9","Ria Formosa"],"articleSection":["Ambiente"],"inLanguage":"pt-PT"},{"@type":"WebPage","@id":"https:\/\/algarve7.pt\/index.php\/2023\/05\/sessao-participativa-em-loule-trouxe-contributos-para-valorizar-parque-natural-da-ria-formosa\/ambiente\/17\/35\/","url":"https:\/\/algarve7.pt\/index.php\/2023\/05\/sessao-participativa-em-loule-trouxe-contributos-para-valorizar-parque-natural-da-ria-formosa\/ambiente\/17\/35\/","name":"Sess\u00e3o participativa em Loul\u00e9 trouxe contributos para valorizar parque natural da Ria Formosa - Algarve 7","isPartOf":{"@id":"https:\/\/algarve7.pt\/#website"},"primaryImageOfPage":{"@id":"https:\/\/algarve7.pt\/index.php\/2023\/05\/sessao-participativa-em-loule-trouxe-contributos-para-valorizar-parque-natural-da-ria-formosa\/ambiente\/17\/35\/#primaryimage"},"image":{"@id":"https:\/\/algarve7.pt\/index.php\/2023\/05\/sessao-participativa-em-loule-trouxe-contributos-para-valorizar-parque-natural-da-ria-formosa\/ambiente\/17\/35\/#primaryimage"},"thumbnailUrl":"https:\/\/algarve7.pt\/wp-content\/uploads\/2023\/05\/Cogestao-parque-Nat-Ria-Form-osa-Loule-09-05-2023-13.jpg","datePublished":"2023-05-12T16:35:31+00:00","dateModified":"2023-05-12T16:35:35+00:00","description":"Sess\u00e3o participativa em Loul\u00e9 trouxe contributos para valorizar parque natural da Ria Formosa Ambiente","breadcrumb":{"@id":"https:\/\/algarve7.pt\/index.php\/2023\/05\/sessao-participativa-em-loule-trouxe-contributos-para-valorizar-parque-natural-da-ria-formosa\/ambiente\/17\/35\/#breadcrumb"},"inLanguage":"pt-PT","potentialAction":[{"@type":"ReadAction","target":["https:\/\/algarve7.pt\/index.php\/2023\/05\/sessao-participativa-em-loule-trouxe-contributos-para-valorizar-parque-natural-da-ria-formosa\/ambiente\/17\/35\/"]}]},{"@type":"ImageObject","inLanguage":"pt-PT","@id":"https:\/\/algarve7.pt\/index.php\/2023\/05\/sessao-participativa-em-loule-trouxe-contributos-para-valorizar-parque-natural-da-ria-formosa\/ambiente\/17\/35\/#primaryimage","url":"https:\/\/algarve7.pt\/wp-content\/uploads\/2023\/05\/Cogestao-parque-Nat-Ria-Form-osa-Loule-09-05-2023-13.jpg","contentUrl":"https:\/\/algarve7.pt\/wp-content\/uploads\/2023\/05\/Cogestao-parque-Nat-Ria-Form-osa-Loule-09-05-2023-13.jpg","width":1024,"height":683},{"@type":"BreadcrumbList","@id":"https:\/\/algarve7.pt\/index.php\/2023\/05\/sessao-participativa-em-loule-trouxe-contributos-para-valorizar-parque-natural-da-ria-formosa\/ambiente\/17\/35\/#breadcrumb","itemListElement":[{"@type":"ListItem","position":1,"name":"In\u00edcio","item":"https:\/\/algarve7.pt\/"},{"@type":"ListItem","position":2,"name":"Sess\u00e3o participativa em Loul\u00e9 trouxe contributos para valorizar parque natural da Ria Formosa"}]},{"@type":"WebSite","@id":"https:\/\/algarve7.pt\/#website","url":"https:\/\/algarve7.pt\/","name":"Algarve 7","description":"Informa\u00e7\u00e3o sobre o Algarve","publisher":{"@id":"https:\/\/algarve7.pt\/#organization"},"potentialAction":[{"@type":"SearchAction","target":{"@type":"EntryPoint","urlTemplate":"https:\/\/algarve7.pt\/?s={search_term_string}"},"query-input":{"@type":"PropertyValueSpecification","valueRequired":true,"valueName":"search_term_string"}}],"inLanguage":"pt-PT"},{"@type":"Organization","@id":"https:\/\/algarve7.pt\/#organization","name":"Algarve 7","url":"https:\/\/algarve7.pt\/","logo":{"@type":"ImageObject","inLanguage":"pt-PT","@id":"https:\/\/algarve7.pt\/#\/schema\/logo\/image\/","url":"https:\/\/algarve7.pt\/wp-content\/uploads\/2020\/10\/Logo-8.jpg","contentUrl":"https:\/\/algarve7.pt\/wp-content\/uploads\/2020\/10\/Logo-8.jpg","width":1680,"height":1186,"caption":"Algarve 7"},"image":{"@id":"https:\/\/algarve7.pt\/#\/schema\/logo\/image\/"},"sameAs":["https:\/\/www.facebook.com\/algarve7","https:\/\/x.com\/Algarvesete","https:\/\/www.instagram.com\/jornalalgarve7\/","https:\/\/www.linkedin.com\/company\/algarve7","https:\/\/www.pinterest.pt\/geral0939\/_created\/"]},{"@type":"Person","@id":"https:\/\/algarve7.pt\/#\/schema\/person\/23fa70681308e7b319a3204bcea45e0c","name":"Algarve 7","sameAs":["https:\/\/algarve7.pt","https:\/\/www.facebook.com\/algarve7"],"url":"https:\/\/algarve7.pt\/index.php\/author\/geralalgarve7-pt\/"}]}},"jetpack_publicize_connections":[],"jetpack_featured_media_url":"https:\/\/algarve7.pt\/wp-content\/uploads\/2023\/05\/Cogestao-parque-Nat-Ria-Form-osa-Loule-09-05-2023-13.jpg","jetpack_shortlink":"https:\/\/wp.me\/pcezmW-7de","jetpack_sharing_enabled":true,"_links":{"self":[{"href":"https:\/\/algarve7.pt\/index.php\/wp-json\/wp\/v2\/posts\/27728","targetHints":{"allow":["GET"]}}],"collection":[{"href":"https:\/\/algarve7.pt\/index.php\/wp-json\/wp\/v2\/posts"}],"about":[{"href":"https:\/\/algarve7.pt\/index.php\/wp-json\/wp\/v2\/types\/post"}],"author":[{"embeddable":true,"href":"https:\/\/algarve7.pt\/index.php\/wp-json\/wp\/v2\/users\/1"}],"replies":[{"embeddable":true,"href":"https:\/\/algarve7.pt\/index.php\/wp-json\/wp\/v2\/comments?post=27728"}],"version-history":[{"count":0,"href":"https:\/\/algarve7.pt\/index.php\/wp-json\/wp\/v2\/posts\/27728\/revisions"}],"wp:featuredmedia":[{"embeddable":true,"href":"https:\/\/algarve7.pt\/index.php\/wp-json\/wp\/v2\/media\/27729"}],"wp:attachment":[{"href":"https:\/\/algarve7.pt\/index.php\/wp-json\/wp\/v2\/media?parent=27728"}],"wp:term":[{"taxonomy":"category","embeddable":true,"href":"https:\/\/algarve7.pt\/index.php\/wp-json\/wp\/v2\/categories?post=27728"},{"taxonomy":"post_tag","embeddable":true,"href":"https:\/\/algarve7.pt\/index.php\/wp-json\/wp\/v2\/tags?post=27728"}],"curies":[{"name":"wp","href":"https:\/\/api.w.org\/{rel}","templated":true}]}}