{"id":27721,"date":"2023-05-11T13:03:00","date_gmt":"2023-05-11T12:03:00","guid":{"rendered":"https:\/\/algarve7.pt\/?p=27721"},"modified":"2023-05-10T21:42:30","modified_gmt":"2023-05-10T20:42:30","slug":"investigadora-da-ualg-obtem-projeto-da-comissao-europeia-na-area-da-equidade-em-saude-de-pessoas-lgbtqia","status":"publish","type":"post","link":"https:\/\/algarve7.pt\/index.php\/2023\/05\/investigadora-da-ualg-obtem-projeto-da-comissao-europeia-na-area-da-equidade-em-saude-de-pessoas-lgbtqia\/saude\/13\/03\/","title":{"rendered":"Investigadora da UAlg obt\u00e9m projeto da Comiss\u00e3o Europeia na \u00e1rea da equidade em sa\u00fade de pessoas LGBTQIA+"},"content":{"rendered":"\n<p>Ana Macedo, investigadora do Algarve Biomedical Center e docente da Faculdade de Medicina e Ci\u00eancias Biom\u00e9dicas (FMCB) da UAlg, acaba de ver financiado pela Comiss\u00e3o Europeia o projeto \u201cHow to promote equity in health for LGBTQIA+ people? &#8211; Finding the gaps and training primary care health professionals\u201d, que visa apoiar e reconhecer iniciativas de ci\u00eancia cidad\u00e3 na Europa.\u200b\u200b\u200b\u200b<\/p>\n\n\n\n<p>Com um financiamento de 20 mil euros atribu\u00eddo aos kickstarting projects, no \u00e2mbito do t\u00f3pico &#8220;Cities for life&#8221;,\u200b\u200b\u200b este projeto tem como principal objetivo contribuir para a melhoria do estado de sa\u00fade e equidade de pessoas pertencentes a minorias sexuais e de g\u00e9nero (pessoas que se identificam como sendo LGBTQIA+).<\/p>\n\n\n\n<p>O projeto avalia os conhecimentos, pr\u00e1ticas e perce\u00e7\u00e3o de discrimina\u00e7\u00e3o por parte dos profissionais de sa\u00fade que trabalham nos cuidados de sa\u00fade prim\u00e1rios na regi\u00e3o do Algarve, relativamente \u00e0s disparidades na sa\u00fade de pessoas LGBTQIA+.<\/p>\n\n\n\n<p>Numa sua segunda fase, o projeto inclui a\u00e7\u00f5es de forma\u00e7\u00e3o e sensibiliza\u00e7\u00e3o dirigidas a profissionais de sa\u00fade, mas tamb\u00e9m \u00e0 comunidade em geral.<\/p>\n\n\n\n<p>Para Ana Macedo, \u201ca discrimina\u00e7\u00e3o contra pessoas pertencentes a minorias sexuais e de g\u00e9nero est\u00e1 presente em v\u00e1rios fatores da sociedade, e, embora a inclus\u00e3o fa\u00e7a parte das pol\u00edticas nacionais e europeias, estamos longe de alcan\u00e7ar uma verdadeira equidade e inclus\u00e3o\u201d.<\/p>\n\n\n\n<p>A sa\u00fade \u00e9 um dos dom\u00ednios mais cr\u00edticos, uma vez que os grupos minorit\u00e1rios t\u00eam um pior estado de sa\u00fade do que a popula\u00e7\u00e3o em geral. A raz\u00e3o \u00e9 intersectorial e s\u00e3o v\u00e1rios os fatores que contribuem para este resultado. Segundo a investigadora, \u201cpor um lado as pessoas LGBTQIA+ assumem que os profissionais n\u00e3o sabem como lidar com os seus problemas, que ser\u00e3o discriminadas e, por isso, evitam o contacto. Por outro lado, os profissionais carecem de conhecimentos espec\u00edficos, t\u00eam dificuldades com a linguagem e comunica\u00e7\u00e3o. O resultado \u00e9 uma maior carga de doen\u00e7as e uma maior mortalidade\u201d.<\/p>\n\n\n\n<p>Na sua opini\u00e3o, \u201cagir no sentido de compreender as lacunas existentes e, ao mesmo tempo, sensibilizar e dar compet\u00eancias pr\u00e1ticas aos profissionais de sa\u00fade para serem agentes de mudan\u00e7a social no que diz respeito \u00e0 inclus\u00e3o, \u00e9 um desafio que visa promover a sa\u00fade num sentido global e combater as desigualdades sociais e econ\u00f3micas, tornando o Algarve, Portugal e a Europa regi\u00f5es mais resilientes e inclusivas\u201d.<\/p>\n","protected":false},"excerpt":{"rendered":"<p>Ana Macedo, investigadora do Algarve Biomedical Center e docente da Faculdade de Medicina e Ci\u00eancias Biom\u00e9dicas (FMCB) da UAlg, acaba<\/p>\n","protected":false},"author":1,"featured_media":27722,"comment_status":"closed","ping_status":"open","sticky":false,"template":"","format":"standard","meta":{"colormag_page_container_layout":"default_layout","colormag_page_sidebar_layout":"default_layout","_monsterinsights_skip_tracking":false,"_monsterinsights_sitenote_active":false,"_monsterinsights_sitenote_note":"","_monsterinsights_sitenote_category":0,"jetpack_post_was_ever_published":false,"_jetpack_newsletter_access":"","_jetpack_dont_email_post_to_subs":false,"_jetpack_newsletter_tier_id":0,"_jetpack_memberships_contains_paywalled_content":false,"_jetpack_memberships_contains_paid_content":false,"footnotes":"","jetpack_publicize_message":"","jetpack_publicize_feature_enabled":true,"jetpack_social_post_already_shared":true,"jetpack_social_options":{"image_generator_settings":{"template":"highway","default_image_id":0,"font":"","enabled":false},"version":2}},"categories":[59],"tags":[132,36,658,58,182],"class_list":["post-27721","post","type-post","status-publish","format-standard","has-post-thumbnail","hentry","category-saude","tag-abc","tag-algarve","tag-algarve-biomedical-center","tag-saude","tag-ualg"],"yoast_head":"<!-- This site is optimized with the Yoast SEO plugin v27.5 - https:\/\/yoast.com\/product\/yoast-seo-wordpress\/ -->\n<title>Investigadora da UAlg obt\u00e9m projeto da Comiss\u00e3o Europeia na \u00e1rea da equidade em sa\u00fade de pessoas LGBTQIA+ - Algarve 7<\/title>\n<meta name=\"description\" content=\"Investigadora da UAlg obt\u00e9m projeto da Comiss\u00e3o Europeia na \u00e1rea da equidade em sa\u00fade de pessoas LGBTQIA+ Sa\u00fade\" \/>\n<meta name=\"robots\" content=\"index, follow, max-snippet:-1, max-image-preview:large, max-video-preview:-1\" \/>\n<link rel=\"canonical\" href=\"https:\/\/algarve7.pt\/index.php\/2023\/05\/investigadora-da-ualg-obtem-projeto-da-comissao-europeia-na-area-da-equidade-em-saude-de-pessoas-lgbtqia\/saude\/13\/03\/\" \/>\n<meta property=\"og:locale\" content=\"pt_PT\" \/>\n<meta property=\"og:type\" content=\"article\" \/>\n<meta property=\"og:title\" content=\"Investigadora da UAlg obt\u00e9m projeto da Comiss\u00e3o Europeia na \u00e1rea da equidade em sa\u00fade de pessoas LGBTQIA+ - Algarve 7\" \/>\n<meta property=\"og:description\" content=\"Investigadora da UAlg obt\u00e9m projeto da Comiss\u00e3o Europeia na \u00e1rea da equidade em sa\u00fade de pessoas LGBTQIA+ Sa\u00fade\" \/>\n<meta property=\"og:url\" content=\"https:\/\/algarve7.pt\/index.php\/2023\/05\/investigadora-da-ualg-obtem-projeto-da-comissao-europeia-na-area-da-equidade-em-saude-de-pessoas-lgbtqia\/saude\/13\/03\/\" \/>\n<meta property=\"og:site_name\" content=\"Algarve 7\" \/>\n<meta property=\"article:publisher\" content=\"https:\/\/www.facebook.com\/algarve7\" \/>\n<meta property=\"article:author\" content=\"https:\/\/www.facebook.com\/algarve7\" \/>\n<meta property=\"article:published_time\" content=\"2023-05-11T12:03:00+00:00\" \/>\n<meta property=\"og:image\" content=\"https:\/\/algarve7.pt\/wp-content\/uploads\/2023\/05\/primage_67683.png\" \/>\n\t<meta property=\"og:image:width\" content=\"1494\" \/>\n\t<meta property=\"og:image:height\" content=\"796\" \/>\n\t<meta property=\"og:image:type\" content=\"image\/png\" \/>\n<meta name=\"author\" content=\"Algarve 7\" \/>\n<meta name=\"twitter:card\" content=\"summary_large_image\" \/>\n<meta name=\"twitter:creator\" content=\"@Algarvesete\" \/>\n<meta name=\"twitter:site\" content=\"@Algarvesete\" \/>\n<meta name=\"twitter:label1\" content=\"Escrito por\" \/>\n\t<meta name=\"twitter:data1\" content=\"Algarve 7\" \/>\n\t<meta name=\"twitter:label2\" content=\"Tempo estimado de leitura\" \/>\n\t<meta name=\"twitter:data2\" content=\"3 minutos\" \/>\n<script type=\"application\/ld+json\" class=\"yoast-schema-graph\">{\"@context\":\"https:\\\/\\\/schema.org\",\"@graph\":[{\"@type\":\"Article\",\"@id\":\"https:\\\/\\\/algarve7.pt\\\/index.php\\\/2023\\\/05\\\/investigadora-da-ualg-obtem-projeto-da-comissao-europeia-na-area-da-equidade-em-saude-de-pessoas-lgbtqia\\\/saude\\\/13\\\/03\\\/#article\",\"isPartOf\":{\"@id\":\"https:\\\/\\\/algarve7.pt\\\/index.php\\\/2023\\\/05\\\/investigadora-da-ualg-obtem-projeto-da-comissao-europeia-na-area-da-equidade-em-saude-de-pessoas-lgbtqia\\\/saude\\\/13\\\/03\\\/\"},\"author\":{\"name\":\"Algarve 7\",\"@id\":\"https:\\\/\\\/algarve7.pt\\\/#\\\/schema\\\/person\\\/23fa70681308e7b319a3204bcea45e0c\"},\"headline\":\"Investigadora da UAlg obt\u00e9m projeto da Comiss\u00e3o Europeia na \u00e1rea da equidade em sa\u00fade de pessoas LGBTQIA+\",\"datePublished\":\"2023-05-11T12:03:00+00:00\",\"mainEntityOfPage\":{\"@id\":\"https:\\\/\\\/algarve7.pt\\\/index.php\\\/2023\\\/05\\\/investigadora-da-ualg-obtem-projeto-da-comissao-europeia-na-area-da-equidade-em-saude-de-pessoas-lgbtqia\\\/saude\\\/13\\\/03\\\/\"},\"wordCount\":438,\"publisher\":{\"@id\":\"https:\\\/\\\/algarve7.pt\\\/#organization\"},\"image\":{\"@id\":\"https:\\\/\\\/algarve7.pt\\\/index.php\\\/2023\\\/05\\\/investigadora-da-ualg-obtem-projeto-da-comissao-europeia-na-area-da-equidade-em-saude-de-pessoas-lgbtqia\\\/saude\\\/13\\\/03\\\/#primaryimage\"},\"thumbnailUrl\":\"https:\\\/\\\/algarve7.pt\\\/wp-content\\\/uploads\\\/2023\\\/05\\\/primage_67683.png\",\"keywords\":[\"ABC\",\"Algarve\",\"Algarve Biomedical Center\",\"Sa\u00fade\",\"UALG\"],\"articleSection\":[\"Sa\u00fade\"],\"inLanguage\":\"pt-PT\"},{\"@type\":\"WebPage\",\"@id\":\"https:\\\/\\\/algarve7.pt\\\/index.php\\\/2023\\\/05\\\/investigadora-da-ualg-obtem-projeto-da-comissao-europeia-na-area-da-equidade-em-saude-de-pessoas-lgbtqia\\\/saude\\\/13\\\/03\\\/\",\"url\":\"https:\\\/\\\/algarve7.pt\\\/index.php\\\/2023\\\/05\\\/investigadora-da-ualg-obtem-projeto-da-comissao-europeia-na-area-da-equidade-em-saude-de-pessoas-lgbtqia\\\/saude\\\/13\\\/03\\\/\",\"name\":\"Investigadora da UAlg obt\u00e9m projeto da Comiss\u00e3o Europeia na \u00e1rea da equidade em sa\u00fade de pessoas LGBTQIA+ - Algarve 7\",\"isPartOf\":{\"@id\":\"https:\\\/\\\/algarve7.pt\\\/#website\"},\"primaryImageOfPage\":{\"@id\":\"https:\\\/\\\/algarve7.pt\\\/index.php\\\/2023\\\/05\\\/investigadora-da-ualg-obtem-projeto-da-comissao-europeia-na-area-da-equidade-em-saude-de-pessoas-lgbtqia\\\/saude\\\/13\\\/03\\\/#primaryimage\"},\"image\":{\"@id\":\"https:\\\/\\\/algarve7.pt\\\/index.php\\\/2023\\\/05\\\/investigadora-da-ualg-obtem-projeto-da-comissao-europeia-na-area-da-equidade-em-saude-de-pessoas-lgbtqia\\\/saude\\\/13\\\/03\\\/#primaryimage\"},\"thumbnailUrl\":\"https:\\\/\\\/algarve7.pt\\\/wp-content\\\/uploads\\\/2023\\\/05\\\/primage_67683.png\",\"datePublished\":\"2023-05-11T12:03:00+00:00\",\"description\":\"Investigadora da UAlg obt\u00e9m projeto da Comiss\u00e3o Europeia na \u00e1rea da equidade em sa\u00fade de pessoas LGBTQIA+ Sa\u00fade\",\"breadcrumb\":{\"@id\":\"https:\\\/\\\/algarve7.pt\\\/index.php\\\/2023\\\/05\\\/investigadora-da-ualg-obtem-projeto-da-comissao-europeia-na-area-da-equidade-em-saude-de-pessoas-lgbtqia\\\/saude\\\/13\\\/03\\\/#breadcrumb\"},\"inLanguage\":\"pt-PT\",\"potentialAction\":[{\"@type\":\"ReadAction\",\"target\":[\"https:\\\/\\\/algarve7.pt\\\/index.php\\\/2023\\\/05\\\/investigadora-da-ualg-obtem-projeto-da-comissao-europeia-na-area-da-equidade-em-saude-de-pessoas-lgbtqia\\\/saude\\\/13\\\/03\\\/\"]}]},{\"@type\":\"ImageObject\",\"inLanguage\":\"pt-PT\",\"@id\":\"https:\\\/\\\/algarve7.pt\\\/index.php\\\/2023\\\/05\\\/investigadora-da-ualg-obtem-projeto-da-comissao-europeia-na-area-da-equidade-em-saude-de-pessoas-lgbtqia\\\/saude\\\/13\\\/03\\\/#primaryimage\",\"url\":\"https:\\\/\\\/algarve7.pt\\\/wp-content\\\/uploads\\\/2023\\\/05\\\/primage_67683.png\",\"contentUrl\":\"https:\\\/\\\/algarve7.pt\\\/wp-content\\\/uploads\\\/2023\\\/05\\\/primage_67683.png\",\"width\":1494,\"height\":796},{\"@type\":\"BreadcrumbList\",\"@id\":\"https:\\\/\\\/algarve7.pt\\\/index.php\\\/2023\\\/05\\\/investigadora-da-ualg-obtem-projeto-da-comissao-europeia-na-area-da-equidade-em-saude-de-pessoas-lgbtqia\\\/saude\\\/13\\\/03\\\/#breadcrumb\",\"itemListElement\":[{\"@type\":\"ListItem\",\"position\":1,\"name\":\"In\u00edcio\",\"item\":\"https:\\\/\\\/algarve7.pt\\\/\"},{\"@type\":\"ListItem\",\"position\":2,\"name\":\"Investigadora da UAlg obt\u00e9m projeto da Comiss\u00e3o Europeia na \u00e1rea da equidade em sa\u00fade de pessoas LGBTQIA+\"}]},{\"@type\":\"WebSite\",\"@id\":\"https:\\\/\\\/algarve7.pt\\\/#website\",\"url\":\"https:\\\/\\\/algarve7.pt\\\/\",\"name\":\"Algarve 7\",\"description\":\"Informa\u00e7\u00e3o sobre o Algarve\",\"publisher\":{\"@id\":\"https:\\\/\\\/algarve7.pt\\\/#organization\"},\"potentialAction\":[{\"@type\":\"SearchAction\",\"target\":{\"@type\":\"EntryPoint\",\"urlTemplate\":\"https:\\\/\\\/algarve7.pt\\\/?s={search_term_string}\"},\"query-input\":{\"@type\":\"PropertyValueSpecification\",\"valueRequired\":true,\"valueName\":\"search_term_string\"}}],\"inLanguage\":\"pt-PT\"},{\"@type\":\"Organization\",\"@id\":\"https:\\\/\\\/algarve7.pt\\\/#organization\",\"name\":\"Algarve 7\",\"url\":\"https:\\\/\\\/algarve7.pt\\\/\",\"logo\":{\"@type\":\"ImageObject\",\"inLanguage\":\"pt-PT\",\"@id\":\"https:\\\/\\\/algarve7.pt\\\/#\\\/schema\\\/logo\\\/image\\\/\",\"url\":\"https:\\\/\\\/algarve7.pt\\\/wp-content\\\/uploads\\\/2020\\\/10\\\/Logo-8.jpg\",\"contentUrl\":\"https:\\\/\\\/algarve7.pt\\\/wp-content\\\/uploads\\\/2020\\\/10\\\/Logo-8.jpg\",\"width\":1680,\"height\":1186,\"caption\":\"Algarve 7\"},\"image\":{\"@id\":\"https:\\\/\\\/algarve7.pt\\\/#\\\/schema\\\/logo\\\/image\\\/\"},\"sameAs\":[\"https:\\\/\\\/www.facebook.com\\\/algarve7\",\"https:\\\/\\\/x.com\\\/Algarvesete\",\"https:\\\/\\\/www.instagram.com\\\/jornalalgarve7\\\/\",\"https:\\\/\\\/www.linkedin.com\\\/company\\\/algarve7\",\"https:\\\/\\\/www.pinterest.pt\\\/geral0939\\\/_created\\\/\"]},{\"@type\":\"Person\",\"@id\":\"https:\\\/\\\/algarve7.pt\\\/#\\\/schema\\\/person\\\/23fa70681308e7b319a3204bcea45e0c\",\"name\":\"Algarve 7\",\"sameAs\":[\"https:\\\/\\\/algarve7.pt\",\"https:\\\/\\\/www.facebook.com\\\/algarve7\"],\"url\":\"https:\\\/\\\/algarve7.pt\\\/index.php\\\/author\\\/geralalgarve7-pt\\\/\"}]}<\/script>\n<!-- \/ Yoast SEO plugin. -->","yoast_head_json":{"title":"Investigadora da UAlg obt\u00e9m projeto da Comiss\u00e3o Europeia na \u00e1rea da equidade em sa\u00fade de pessoas LGBTQIA+ - Algarve 7","description":"Investigadora da UAlg obt\u00e9m projeto da Comiss\u00e3o Europeia na \u00e1rea da equidade em sa\u00fade de pessoas LGBTQIA+ Sa\u00fade","robots":{"index":"index","follow":"follow","max-snippet":"max-snippet:-1","max-image-preview":"max-image-preview:large","max-video-preview":"max-video-preview:-1"},"canonical":"https:\/\/algarve7.pt\/index.php\/2023\/05\/investigadora-da-ualg-obtem-projeto-da-comissao-europeia-na-area-da-equidade-em-saude-de-pessoas-lgbtqia\/saude\/13\/03\/","og_locale":"pt_PT","og_type":"article","og_title":"Investigadora da UAlg obt\u00e9m projeto da Comiss\u00e3o Europeia na \u00e1rea da equidade em sa\u00fade de pessoas LGBTQIA+ - Algarve 7","og_description":"Investigadora da UAlg obt\u00e9m projeto da Comiss\u00e3o Europeia na \u00e1rea da equidade em sa\u00fade de pessoas LGBTQIA+ Sa\u00fade","og_url":"https:\/\/algarve7.pt\/index.php\/2023\/05\/investigadora-da-ualg-obtem-projeto-da-comissao-europeia-na-area-da-equidade-em-saude-de-pessoas-lgbtqia\/saude\/13\/03\/","og_site_name":"Algarve 7","article_publisher":"https:\/\/www.facebook.com\/algarve7","article_author":"https:\/\/www.facebook.com\/algarve7","article_published_time":"2023-05-11T12:03:00+00:00","og_image":[{"width":1494,"height":796,"url":"https:\/\/algarve7.pt\/wp-content\/uploads\/2023\/05\/primage_67683.png","type":"image\/png"}],"author":"Algarve 7","twitter_card":"summary_large_image","twitter_creator":"@Algarvesete","twitter_site":"@Algarvesete","twitter_misc":{"Escrito por":"Algarve 7","Tempo estimado de leitura":"3 minutos"},"schema":{"@context":"https:\/\/schema.org","@graph":[{"@type":"Article","@id":"https:\/\/algarve7.pt\/index.php\/2023\/05\/investigadora-da-ualg-obtem-projeto-da-comissao-europeia-na-area-da-equidade-em-saude-de-pessoas-lgbtqia\/saude\/13\/03\/#article","isPartOf":{"@id":"https:\/\/algarve7.pt\/index.php\/2023\/05\/investigadora-da-ualg-obtem-projeto-da-comissao-europeia-na-area-da-equidade-em-saude-de-pessoas-lgbtqia\/saude\/13\/03\/"},"author":{"name":"Algarve 7","@id":"https:\/\/algarve7.pt\/#\/schema\/person\/23fa70681308e7b319a3204bcea45e0c"},"headline":"Investigadora da UAlg obt\u00e9m projeto da Comiss\u00e3o Europeia na \u00e1rea da equidade em sa\u00fade de pessoas LGBTQIA+","datePublished":"2023-05-11T12:03:00+00:00","mainEntityOfPage":{"@id":"https:\/\/algarve7.pt\/index.php\/2023\/05\/investigadora-da-ualg-obtem-projeto-da-comissao-europeia-na-area-da-equidade-em-saude-de-pessoas-lgbtqia\/saude\/13\/03\/"},"wordCount":438,"publisher":{"@id":"https:\/\/algarve7.pt\/#organization"},"image":{"@id":"https:\/\/algarve7.pt\/index.php\/2023\/05\/investigadora-da-ualg-obtem-projeto-da-comissao-europeia-na-area-da-equidade-em-saude-de-pessoas-lgbtqia\/saude\/13\/03\/#primaryimage"},"thumbnailUrl":"https:\/\/algarve7.pt\/wp-content\/uploads\/2023\/05\/primage_67683.png","keywords":["ABC","Algarve","Algarve Biomedical Center","Sa\u00fade","UALG"],"articleSection":["Sa\u00fade"],"inLanguage":"pt-PT"},{"@type":"WebPage","@id":"https:\/\/algarve7.pt\/index.php\/2023\/05\/investigadora-da-ualg-obtem-projeto-da-comissao-europeia-na-area-da-equidade-em-saude-de-pessoas-lgbtqia\/saude\/13\/03\/","url":"https:\/\/algarve7.pt\/index.php\/2023\/05\/investigadora-da-ualg-obtem-projeto-da-comissao-europeia-na-area-da-equidade-em-saude-de-pessoas-lgbtqia\/saude\/13\/03\/","name":"Investigadora da UAlg obt\u00e9m projeto da Comiss\u00e3o Europeia na \u00e1rea da equidade em sa\u00fade de pessoas LGBTQIA+ - Algarve 7","isPartOf":{"@id":"https:\/\/algarve7.pt\/#website"},"primaryImageOfPage":{"@id":"https:\/\/algarve7.pt\/index.php\/2023\/05\/investigadora-da-ualg-obtem-projeto-da-comissao-europeia-na-area-da-equidade-em-saude-de-pessoas-lgbtqia\/saude\/13\/03\/#primaryimage"},"image":{"@id":"https:\/\/algarve7.pt\/index.php\/2023\/05\/investigadora-da-ualg-obtem-projeto-da-comissao-europeia-na-area-da-equidade-em-saude-de-pessoas-lgbtqia\/saude\/13\/03\/#primaryimage"},"thumbnailUrl":"https:\/\/algarve7.pt\/wp-content\/uploads\/2023\/05\/primage_67683.png","datePublished":"2023-05-11T12:03:00+00:00","description":"Investigadora da UAlg obt\u00e9m projeto da Comiss\u00e3o Europeia na \u00e1rea da equidade em sa\u00fade de pessoas LGBTQIA+ Sa\u00fade","breadcrumb":{"@id":"https:\/\/algarve7.pt\/index.php\/2023\/05\/investigadora-da-ualg-obtem-projeto-da-comissao-europeia-na-area-da-equidade-em-saude-de-pessoas-lgbtqia\/saude\/13\/03\/#breadcrumb"},"inLanguage":"pt-PT","potentialAction":[{"@type":"ReadAction","target":["https:\/\/algarve7.pt\/index.php\/2023\/05\/investigadora-da-ualg-obtem-projeto-da-comissao-europeia-na-area-da-equidade-em-saude-de-pessoas-lgbtqia\/saude\/13\/03\/"]}]},{"@type":"ImageObject","inLanguage":"pt-PT","@id":"https:\/\/algarve7.pt\/index.php\/2023\/05\/investigadora-da-ualg-obtem-projeto-da-comissao-europeia-na-area-da-equidade-em-saude-de-pessoas-lgbtqia\/saude\/13\/03\/#primaryimage","url":"https:\/\/algarve7.pt\/wp-content\/uploads\/2023\/05\/primage_67683.png","contentUrl":"https:\/\/algarve7.pt\/wp-content\/uploads\/2023\/05\/primage_67683.png","width":1494,"height":796},{"@type":"BreadcrumbList","@id":"https:\/\/algarve7.pt\/index.php\/2023\/05\/investigadora-da-ualg-obtem-projeto-da-comissao-europeia-na-area-da-equidade-em-saude-de-pessoas-lgbtqia\/saude\/13\/03\/#breadcrumb","itemListElement":[{"@type":"ListItem","position":1,"name":"In\u00edcio","item":"https:\/\/algarve7.pt\/"},{"@type":"ListItem","position":2,"name":"Investigadora da UAlg obt\u00e9m projeto da Comiss\u00e3o Europeia na \u00e1rea da equidade em sa\u00fade de pessoas LGBTQIA+"}]},{"@type":"WebSite","@id":"https:\/\/algarve7.pt\/#website","url":"https:\/\/algarve7.pt\/","name":"Algarve 7","description":"Informa\u00e7\u00e3o sobre o Algarve","publisher":{"@id":"https:\/\/algarve7.pt\/#organization"},"potentialAction":[{"@type":"SearchAction","target":{"@type":"EntryPoint","urlTemplate":"https:\/\/algarve7.pt\/?s={search_term_string}"},"query-input":{"@type":"PropertyValueSpecification","valueRequired":true,"valueName":"search_term_string"}}],"inLanguage":"pt-PT"},{"@type":"Organization","@id":"https:\/\/algarve7.pt\/#organization","name":"Algarve 7","url":"https:\/\/algarve7.pt\/","logo":{"@type":"ImageObject","inLanguage":"pt-PT","@id":"https:\/\/algarve7.pt\/#\/schema\/logo\/image\/","url":"https:\/\/algarve7.pt\/wp-content\/uploads\/2020\/10\/Logo-8.jpg","contentUrl":"https:\/\/algarve7.pt\/wp-content\/uploads\/2020\/10\/Logo-8.jpg","width":1680,"height":1186,"caption":"Algarve 7"},"image":{"@id":"https:\/\/algarve7.pt\/#\/schema\/logo\/image\/"},"sameAs":["https:\/\/www.facebook.com\/algarve7","https:\/\/x.com\/Algarvesete","https:\/\/www.instagram.com\/jornalalgarve7\/","https:\/\/www.linkedin.com\/company\/algarve7","https:\/\/www.pinterest.pt\/geral0939\/_created\/"]},{"@type":"Person","@id":"https:\/\/algarve7.pt\/#\/schema\/person\/23fa70681308e7b319a3204bcea45e0c","name":"Algarve 7","sameAs":["https:\/\/algarve7.pt","https:\/\/www.facebook.com\/algarve7"],"url":"https:\/\/algarve7.pt\/index.php\/author\/geralalgarve7-pt\/"}]}},"jetpack_publicize_connections":[],"jetpack_featured_media_url":"https:\/\/algarve7.pt\/wp-content\/uploads\/2023\/05\/primage_67683.png","jetpack_shortlink":"https:\/\/wp.me\/pcezmW-7d7","jetpack_sharing_enabled":true,"_links":{"self":[{"href":"https:\/\/algarve7.pt\/index.php\/wp-json\/wp\/v2\/posts\/27721","targetHints":{"allow":["GET"]}}],"collection":[{"href":"https:\/\/algarve7.pt\/index.php\/wp-json\/wp\/v2\/posts"}],"about":[{"href":"https:\/\/algarve7.pt\/index.php\/wp-json\/wp\/v2\/types\/post"}],"author":[{"embeddable":true,"href":"https:\/\/algarve7.pt\/index.php\/wp-json\/wp\/v2\/users\/1"}],"replies":[{"embeddable":true,"href":"https:\/\/algarve7.pt\/index.php\/wp-json\/wp\/v2\/comments?post=27721"}],"version-history":[{"count":0,"href":"https:\/\/algarve7.pt\/index.php\/wp-json\/wp\/v2\/posts\/27721\/revisions"}],"wp:featuredmedia":[{"embeddable":true,"href":"https:\/\/algarve7.pt\/index.php\/wp-json\/wp\/v2\/media\/27722"}],"wp:attachment":[{"href":"https:\/\/algarve7.pt\/index.php\/wp-json\/wp\/v2\/media?parent=27721"}],"wp:term":[{"taxonomy":"category","embeddable":true,"href":"https:\/\/algarve7.pt\/index.php\/wp-json\/wp\/v2\/categories?post=27721"},{"taxonomy":"post_tag","embeddable":true,"href":"https:\/\/algarve7.pt\/index.php\/wp-json\/wp\/v2\/tags?post=27721"}],"curies":[{"name":"wp","href":"https:\/\/api.w.org\/{rel}","templated":true}]}}