{"id":27683,"date":"2023-05-11T09:08:00","date_gmt":"2023-05-11T08:08:00","guid":{"rendered":"https:\/\/algarve7.pt\/?p=27683"},"modified":"2023-05-10T16:10:05","modified_gmt":"2023-05-10T15:10:05","slug":"motocross-levou-espetaculo-ate-a-cortelha","status":"publish","type":"post","link":"https:\/\/algarve7.pt\/index.php\/2023\/05\/motocross-levou-espetaculo-ate-a-cortelha\/desporto\/09\/08\/","title":{"rendered":"Motocross levou espet\u00e1culo at\u00e9 \u00e0 Cortelha"},"content":{"rendered":"\n<p>O Circuito de Motocross Algar, na Cortelha, voltou a receber mais uma edi\u00e7\u00e3o do hist\u00f3rico Grande Pr\u00e9mio de Maio em Motocross. No passado Domingo, dia 7 de Maio, o circuito internacional da Serra do Caldeir\u00e3o, em pleno interior do concelho de Loul\u00e9, acolheu uma prova bastante disputada, mas tamb\u00e9m muito acidentada.<\/p>\n\n\n\n<p>Foi num dia de Primavera, mas com sabor a Ver\u00e3o, que a caravana do Motocross desceu at\u00e9 ao interior do concelho de Loul\u00e9 para a disputa do tradicional Grande Pr\u00e9mio de Maio. Com mais de 100 pilotos inscritos, o dia adivinhava-se muito competitivo e o Circuito de Motocross Algar, sob a gest\u00e3o da Associa\u00e7\u00e3o dos Amigos da Cortelha apresentava-se em excelentes condi\u00e7\u00f5es, pelo que tudo estava reunido para um dia de muito espet\u00e1culo.<\/p>\n\n\n\n<p>Logo ao in\u00edcio da manh\u00e3 tiveram in\u00edcio os treinos livres e cronometrados das diferentes classes em prova, entre elas, o Campeonato Nacional MX65 e MX85, Campeonato Centro\/Sul MX Femininas, MX1 e MX2.<\/p>\n\n\n\n<p>Um muito calor que se fazia sentir no tra\u00e7ado da serra algarvia obrigou, \u00e0 vasta equipa da Associa\u00e7\u00e3o dos Amigos da Cortelha, a trabalhos redobrados para a rega do circuito, mantendo sempre um elevado n\u00edvel de qualidade do piso, proporcionando ao p\u00fablico presente, grandes momentos de adrenalina e de muito espet\u00e1culo.<\/p>\n\n\n\n<p>Mas a prova algarvia n\u00e3o foi s\u00f3 exigente ao nivel da rega, ao longo do dia foram in\u00fameras as ocorr\u00eancias e quedas nas diferentes corridas, o que obrigou a um envolvimento diferenciado de meios, a uma aten\u00e7\u00e3o especial por parte dos comiss\u00e1rios de pista e a algumas interven\u00e7\u00f5es musculadas das equipas m\u00e9dicas presentes na prova.<\/p>\n\n\n\n<p>Em rela\u00e7\u00e3o \u00e0 parte desportiva propriamente dita, no Nacional de MX65 e MX85 o destaque vai para a equipa da Moto Fundador, alcan\u00e7ando a vit\u00f3ria nas duas categorias, com Duarte Pinto (322) em KTM 65 e com Bernardo Pinto (139) em KTM 85. Nas Senhoras, Francisca Henriques (11) em Honda 125 venceu as duas mangas, atingindo o 1\u00aa lugar da Geral.<\/p>\n\n\n\n<p>No Campeonato Centro\/Sul de MX2, Martim Espinho (32), em Husqvarna 250 F, venceu tamb\u00e9m as duas mangas, ficando no 1\u00ba lugar do p\u00f3dio. J\u00e1 no Campeonato Centro\/Sul de MX1, o piloto da Gas Gas 450, Ricardo Aires (971) somou uma importante vit\u00f3ria para aproximar-se do l\u00edder do Campeonato, Jorge Maricato (JM450), que ficou em 2\u00ba lugar na prova da Cortelha. A fechar o p\u00f3dio de MX1, o piloto algarvio, da Rocket Store, F\u00e1bio Guerreiro (911), que correu de Husqvarna 350.<\/p>\n\n\n\n<p>Uma \u00faltima palavra para os in\u00fameros pilotos algarvios que marcaram presen\u00e7a no Grande Pr\u00e9mio de Maio da Cortelha, o que demonstra que a modalidade encontra-se bem enraizada na regi\u00e3o, entre eles destacamos os representantes das cores da Associa\u00e7\u00e3o dos Amigos da Cortelha, Pedro Grosso (129), com a sua Husqvarna 450, atingiu um brilhante 5\u00ba lugar em MX1, e em Gas Gas, o piloto natural da Cortelha, Tiago Santos (838), que fez nas duas mangas uma corrida regular, de tr\u00e1s para a frente, ficando no final em 18\u00ba lugar.<\/p>\n\n\n\n<p>Em forma de rescaldo e an\u00e1lise, os elementos da Federa\u00e7\u00e3o de Motociclismo de Portugal, reconheceram e felicitaram o excelente trabalho e esfor\u00e7o de todos os elementos da Associa\u00e7\u00e3o dos Amigos da Cortelha pelo rigor e cumprimento de todos os procedimentos desportivos e de seguran\u00e7a, o que se refletiu num excelente dia de competi\u00e7\u00f5es e que mais uma vez dignificam o longo historial desta associa\u00e7\u00e3o algarvia.<\/p>\n\n\n\n<p>O Grande Pr\u00e9mio de Maio em Motocross realizou-se sob a chancela da Federa\u00e7\u00e3o de Motociclismo de Portugal, com o apoio da C\u00e2mara Municipal de Loul\u00e9, Junta de Freguesia de Salir, Algar e MX Ribatejo, entre outras entidades.<\/p>\n","protected":false},"excerpt":{"rendered":"<p>O Circuito de Motocross Algar, na Cortelha, voltou a receber mais uma edi\u00e7\u00e3o do hist\u00f3rico Grande Pr\u00e9mio de Maio em<\/p>\n","protected":false},"author":1,"featured_media":27483,"comment_status":"closed","ping_status":"open","sticky":false,"template":"","format":"standard","meta":{"colormag_page_container_layout":"default_layout","colormag_page_sidebar_layout":"default_layout","_monsterinsights_skip_tracking":false,"_monsterinsights_sitenote_active":false,"_monsterinsights_sitenote_note":"","_monsterinsights_sitenote_category":0,"jetpack_post_was_ever_published":false,"_jetpack_newsletter_access":"","_jetpack_dont_email_post_to_subs":false,"_jetpack_newsletter_tier_id":0,"_jetpack_memberships_contains_paywalled_content":false,"_jetpack_memberships_contains_paid_content":false,"footnotes":"","jetpack_publicize_message":"","jetpack_publicize_feature_enabled":true,"jetpack_social_post_already_shared":true,"jetpack_social_options":{"image_generator_settings":{"template":"highway","default_image_id":0,"font":"","enabled":false},"version":2}},"categories":[15],"tags":[36,593,40,592],"class_list":["post-27683","post","type-post","status-publish","format-standard","has-post-thumbnail","hentry","category-desporto","tag-algarve","tag-cortelha","tag-desporto","tag-motocross"],"yoast_head":"<!-- This site is optimized with the Yoast SEO plugin v27.5 - https:\/\/yoast.com\/product\/yoast-seo-wordpress\/ -->\n<title>Motocross levou espet\u00e1culo at\u00e9 \u00e0 Cortelha - Algarve 7<\/title>\n<meta name=\"description\" content=\"Motocross levou espet\u00e1culo at\u00e9 \u00e0 Cortelha Desporto\" \/>\n<meta name=\"robots\" content=\"index, follow, max-snippet:-1, max-image-preview:large, max-video-preview:-1\" \/>\n<link rel=\"canonical\" href=\"https:\/\/algarve7.pt\/index.php\/2023\/05\/motocross-levou-espetaculo-ate-a-cortelha\/desporto\/09\/08\/\" \/>\n<meta property=\"og:locale\" content=\"pt_PT\" \/>\n<meta property=\"og:type\" content=\"article\" \/>\n<meta property=\"og:title\" content=\"Motocross levou espet\u00e1culo at\u00e9 \u00e0 Cortelha - Algarve 7\" \/>\n<meta property=\"og:description\" content=\"Motocross levou espet\u00e1culo at\u00e9 \u00e0 Cortelha Desporto\" \/>\n<meta property=\"og:url\" content=\"https:\/\/algarve7.pt\/index.php\/2023\/05\/motocross-levou-espetaculo-ate-a-cortelha\/desporto\/09\/08\/\" \/>\n<meta property=\"og:site_name\" content=\"Algarve 7\" \/>\n<meta property=\"article:publisher\" content=\"https:\/\/www.facebook.com\/algarve7\" \/>\n<meta property=\"article:author\" content=\"https:\/\/www.facebook.com\/algarve7\" \/>\n<meta property=\"article:published_time\" content=\"2023-05-11T08:08:00+00:00\" \/>\n<meta property=\"og:image\" content=\"https:\/\/algarve7.pt\/wp-content\/uploads\/2023\/05\/MXCortelha4.jpg\" \/>\n\t<meta property=\"og:image:width\" content=\"1024\" \/>\n\t<meta property=\"og:image:height\" content=\"683\" \/>\n\t<meta property=\"og:image:type\" content=\"image\/jpeg\" \/>\n<meta name=\"author\" content=\"Algarve 7\" \/>\n<meta name=\"twitter:card\" content=\"summary_large_image\" \/>\n<meta name=\"twitter:creator\" content=\"@Algarvesete\" \/>\n<meta name=\"twitter:site\" content=\"@Algarvesete\" \/>\n<meta name=\"twitter:label1\" content=\"Escrito por\" \/>\n\t<meta name=\"twitter:data1\" content=\"Algarve 7\" \/>\n\t<meta name=\"twitter:label2\" content=\"Tempo estimado de leitura\" \/>\n\t<meta name=\"twitter:data2\" content=\"4 minutos\" \/>\n<script type=\"application\/ld+json\" class=\"yoast-schema-graph\">{\"@context\":\"https:\\\/\\\/schema.org\",\"@graph\":[{\"@type\":\"Article\",\"@id\":\"https:\\\/\\\/algarve7.pt\\\/index.php\\\/2023\\\/05\\\/motocross-levou-espetaculo-ate-a-cortelha\\\/desporto\\\/09\\\/08\\\/#article\",\"isPartOf\":{\"@id\":\"https:\\\/\\\/algarve7.pt\\\/index.php\\\/2023\\\/05\\\/motocross-levou-espetaculo-ate-a-cortelha\\\/desporto\\\/09\\\/08\\\/\"},\"author\":{\"name\":\"Algarve 7\",\"@id\":\"https:\\\/\\\/algarve7.pt\\\/#\\\/schema\\\/person\\\/23fa70681308e7b319a3204bcea45e0c\"},\"headline\":\"Motocross levou espet\u00e1culo at\u00e9 \u00e0 Cortelha\",\"datePublished\":\"2023-05-11T08:08:00+00:00\",\"mainEntityOfPage\":{\"@id\":\"https:\\\/\\\/algarve7.pt\\\/index.php\\\/2023\\\/05\\\/motocross-levou-espetaculo-ate-a-cortelha\\\/desporto\\\/09\\\/08\\\/\"},\"wordCount\":628,\"publisher\":{\"@id\":\"https:\\\/\\\/algarve7.pt\\\/#organization\"},\"image\":{\"@id\":\"https:\\\/\\\/algarve7.pt\\\/index.php\\\/2023\\\/05\\\/motocross-levou-espetaculo-ate-a-cortelha\\\/desporto\\\/09\\\/08\\\/#primaryimage\"},\"thumbnailUrl\":\"https:\\\/\\\/algarve7.pt\\\/wp-content\\\/uploads\\\/2023\\\/05\\\/MXCortelha4.jpg\",\"keywords\":[\"Algarve\",\"Cortelha\",\"Desporto\",\"Motocross\"],\"articleSection\":[\"Desporto\"],\"inLanguage\":\"pt-PT\"},{\"@type\":\"WebPage\",\"@id\":\"https:\\\/\\\/algarve7.pt\\\/index.php\\\/2023\\\/05\\\/motocross-levou-espetaculo-ate-a-cortelha\\\/desporto\\\/09\\\/08\\\/\",\"url\":\"https:\\\/\\\/algarve7.pt\\\/index.php\\\/2023\\\/05\\\/motocross-levou-espetaculo-ate-a-cortelha\\\/desporto\\\/09\\\/08\\\/\",\"name\":\"Motocross levou espet\u00e1culo at\u00e9 \u00e0 Cortelha - Algarve 7\",\"isPartOf\":{\"@id\":\"https:\\\/\\\/algarve7.pt\\\/#website\"},\"primaryImageOfPage\":{\"@id\":\"https:\\\/\\\/algarve7.pt\\\/index.php\\\/2023\\\/05\\\/motocross-levou-espetaculo-ate-a-cortelha\\\/desporto\\\/09\\\/08\\\/#primaryimage\"},\"image\":{\"@id\":\"https:\\\/\\\/algarve7.pt\\\/index.php\\\/2023\\\/05\\\/motocross-levou-espetaculo-ate-a-cortelha\\\/desporto\\\/09\\\/08\\\/#primaryimage\"},\"thumbnailUrl\":\"https:\\\/\\\/algarve7.pt\\\/wp-content\\\/uploads\\\/2023\\\/05\\\/MXCortelha4.jpg\",\"datePublished\":\"2023-05-11T08:08:00+00:00\",\"description\":\"Motocross levou espet\u00e1culo at\u00e9 \u00e0 Cortelha Desporto\",\"breadcrumb\":{\"@id\":\"https:\\\/\\\/algarve7.pt\\\/index.php\\\/2023\\\/05\\\/motocross-levou-espetaculo-ate-a-cortelha\\\/desporto\\\/09\\\/08\\\/#breadcrumb\"},\"inLanguage\":\"pt-PT\",\"potentialAction\":[{\"@type\":\"ReadAction\",\"target\":[\"https:\\\/\\\/algarve7.pt\\\/index.php\\\/2023\\\/05\\\/motocross-levou-espetaculo-ate-a-cortelha\\\/desporto\\\/09\\\/08\\\/\"]}]},{\"@type\":\"ImageObject\",\"inLanguage\":\"pt-PT\",\"@id\":\"https:\\\/\\\/algarve7.pt\\\/index.php\\\/2023\\\/05\\\/motocross-levou-espetaculo-ate-a-cortelha\\\/desporto\\\/09\\\/08\\\/#primaryimage\",\"url\":\"https:\\\/\\\/algarve7.pt\\\/wp-content\\\/uploads\\\/2023\\\/05\\\/MXCortelha4.jpg\",\"contentUrl\":\"https:\\\/\\\/algarve7.pt\\\/wp-content\\\/uploads\\\/2023\\\/05\\\/MXCortelha4.jpg\",\"width\":1024,\"height\":683},{\"@type\":\"BreadcrumbList\",\"@id\":\"https:\\\/\\\/algarve7.pt\\\/index.php\\\/2023\\\/05\\\/motocross-levou-espetaculo-ate-a-cortelha\\\/desporto\\\/09\\\/08\\\/#breadcrumb\",\"itemListElement\":[{\"@type\":\"ListItem\",\"position\":1,\"name\":\"In\u00edcio\",\"item\":\"https:\\\/\\\/algarve7.pt\\\/\"},{\"@type\":\"ListItem\",\"position\":2,\"name\":\"Motocross levou espet\u00e1culo at\u00e9 \u00e0 Cortelha\"}]},{\"@type\":\"WebSite\",\"@id\":\"https:\\\/\\\/algarve7.pt\\\/#website\",\"url\":\"https:\\\/\\\/algarve7.pt\\\/\",\"name\":\"Algarve 7\",\"description\":\"Informa\u00e7\u00e3o sobre o Algarve\",\"publisher\":{\"@id\":\"https:\\\/\\\/algarve7.pt\\\/#organization\"},\"potentialAction\":[{\"@type\":\"SearchAction\",\"target\":{\"@type\":\"EntryPoint\",\"urlTemplate\":\"https:\\\/\\\/algarve7.pt\\\/?s={search_term_string}\"},\"query-input\":{\"@type\":\"PropertyValueSpecification\",\"valueRequired\":true,\"valueName\":\"search_term_string\"}}],\"inLanguage\":\"pt-PT\"},{\"@type\":\"Organization\",\"@id\":\"https:\\\/\\\/algarve7.pt\\\/#organization\",\"name\":\"Algarve 7\",\"url\":\"https:\\\/\\\/algarve7.pt\\\/\",\"logo\":{\"@type\":\"ImageObject\",\"inLanguage\":\"pt-PT\",\"@id\":\"https:\\\/\\\/algarve7.pt\\\/#\\\/schema\\\/logo\\\/image\\\/\",\"url\":\"https:\\\/\\\/algarve7.pt\\\/wp-content\\\/uploads\\\/2020\\\/10\\\/Logo-8.jpg\",\"contentUrl\":\"https:\\\/\\\/algarve7.pt\\\/wp-content\\\/uploads\\\/2020\\\/10\\\/Logo-8.jpg\",\"width\":1680,\"height\":1186,\"caption\":\"Algarve 7\"},\"image\":{\"@id\":\"https:\\\/\\\/algarve7.pt\\\/#\\\/schema\\\/logo\\\/image\\\/\"},\"sameAs\":[\"https:\\\/\\\/www.facebook.com\\\/algarve7\",\"https:\\\/\\\/x.com\\\/Algarvesete\",\"https:\\\/\\\/www.instagram.com\\\/jornalalgarve7\\\/\",\"https:\\\/\\\/www.linkedin.com\\\/company\\\/algarve7\",\"https:\\\/\\\/www.pinterest.pt\\\/geral0939\\\/_created\\\/\"]},{\"@type\":\"Person\",\"@id\":\"https:\\\/\\\/algarve7.pt\\\/#\\\/schema\\\/person\\\/23fa70681308e7b319a3204bcea45e0c\",\"name\":\"Algarve 7\",\"sameAs\":[\"https:\\\/\\\/algarve7.pt\",\"https:\\\/\\\/www.facebook.com\\\/algarve7\"],\"url\":\"https:\\\/\\\/algarve7.pt\\\/index.php\\\/author\\\/geralalgarve7-pt\\\/\"}]}<\/script>\n<!-- \/ Yoast SEO plugin. -->","yoast_head_json":{"title":"Motocross levou espet\u00e1culo at\u00e9 \u00e0 Cortelha - Algarve 7","description":"Motocross levou espet\u00e1culo at\u00e9 \u00e0 Cortelha Desporto","robots":{"index":"index","follow":"follow","max-snippet":"max-snippet:-1","max-image-preview":"max-image-preview:large","max-video-preview":"max-video-preview:-1"},"canonical":"https:\/\/algarve7.pt\/index.php\/2023\/05\/motocross-levou-espetaculo-ate-a-cortelha\/desporto\/09\/08\/","og_locale":"pt_PT","og_type":"article","og_title":"Motocross levou espet\u00e1culo at\u00e9 \u00e0 Cortelha - Algarve 7","og_description":"Motocross levou espet\u00e1culo at\u00e9 \u00e0 Cortelha Desporto","og_url":"https:\/\/algarve7.pt\/index.php\/2023\/05\/motocross-levou-espetaculo-ate-a-cortelha\/desporto\/09\/08\/","og_site_name":"Algarve 7","article_publisher":"https:\/\/www.facebook.com\/algarve7","article_author":"https:\/\/www.facebook.com\/algarve7","article_published_time":"2023-05-11T08:08:00+00:00","og_image":[{"width":1024,"height":683,"url":"https:\/\/algarve7.pt\/wp-content\/uploads\/2023\/05\/MXCortelha4.jpg","type":"image\/jpeg"}],"author":"Algarve 7","twitter_card":"summary_large_image","twitter_creator":"@Algarvesete","twitter_site":"@Algarvesete","twitter_misc":{"Escrito por":"Algarve 7","Tempo estimado de leitura":"4 minutos"},"schema":{"@context":"https:\/\/schema.org","@graph":[{"@type":"Article","@id":"https:\/\/algarve7.pt\/index.php\/2023\/05\/motocross-levou-espetaculo-ate-a-cortelha\/desporto\/09\/08\/#article","isPartOf":{"@id":"https:\/\/algarve7.pt\/index.php\/2023\/05\/motocross-levou-espetaculo-ate-a-cortelha\/desporto\/09\/08\/"},"author":{"name":"Algarve 7","@id":"https:\/\/algarve7.pt\/#\/schema\/person\/23fa70681308e7b319a3204bcea45e0c"},"headline":"Motocross levou espet\u00e1culo at\u00e9 \u00e0 Cortelha","datePublished":"2023-05-11T08:08:00+00:00","mainEntityOfPage":{"@id":"https:\/\/algarve7.pt\/index.php\/2023\/05\/motocross-levou-espetaculo-ate-a-cortelha\/desporto\/09\/08\/"},"wordCount":628,"publisher":{"@id":"https:\/\/algarve7.pt\/#organization"},"image":{"@id":"https:\/\/algarve7.pt\/index.php\/2023\/05\/motocross-levou-espetaculo-ate-a-cortelha\/desporto\/09\/08\/#primaryimage"},"thumbnailUrl":"https:\/\/algarve7.pt\/wp-content\/uploads\/2023\/05\/MXCortelha4.jpg","keywords":["Algarve","Cortelha","Desporto","Motocross"],"articleSection":["Desporto"],"inLanguage":"pt-PT"},{"@type":"WebPage","@id":"https:\/\/algarve7.pt\/index.php\/2023\/05\/motocross-levou-espetaculo-ate-a-cortelha\/desporto\/09\/08\/","url":"https:\/\/algarve7.pt\/index.php\/2023\/05\/motocross-levou-espetaculo-ate-a-cortelha\/desporto\/09\/08\/","name":"Motocross levou espet\u00e1culo at\u00e9 \u00e0 Cortelha - Algarve 7","isPartOf":{"@id":"https:\/\/algarve7.pt\/#website"},"primaryImageOfPage":{"@id":"https:\/\/algarve7.pt\/index.php\/2023\/05\/motocross-levou-espetaculo-ate-a-cortelha\/desporto\/09\/08\/#primaryimage"},"image":{"@id":"https:\/\/algarve7.pt\/index.php\/2023\/05\/motocross-levou-espetaculo-ate-a-cortelha\/desporto\/09\/08\/#primaryimage"},"thumbnailUrl":"https:\/\/algarve7.pt\/wp-content\/uploads\/2023\/05\/MXCortelha4.jpg","datePublished":"2023-05-11T08:08:00+00:00","description":"Motocross levou espet\u00e1culo at\u00e9 \u00e0 Cortelha Desporto","breadcrumb":{"@id":"https:\/\/algarve7.pt\/index.php\/2023\/05\/motocross-levou-espetaculo-ate-a-cortelha\/desporto\/09\/08\/#breadcrumb"},"inLanguage":"pt-PT","potentialAction":[{"@type":"ReadAction","target":["https:\/\/algarve7.pt\/index.php\/2023\/05\/motocross-levou-espetaculo-ate-a-cortelha\/desporto\/09\/08\/"]}]},{"@type":"ImageObject","inLanguage":"pt-PT","@id":"https:\/\/algarve7.pt\/index.php\/2023\/05\/motocross-levou-espetaculo-ate-a-cortelha\/desporto\/09\/08\/#primaryimage","url":"https:\/\/algarve7.pt\/wp-content\/uploads\/2023\/05\/MXCortelha4.jpg","contentUrl":"https:\/\/algarve7.pt\/wp-content\/uploads\/2023\/05\/MXCortelha4.jpg","width":1024,"height":683},{"@type":"BreadcrumbList","@id":"https:\/\/algarve7.pt\/index.php\/2023\/05\/motocross-levou-espetaculo-ate-a-cortelha\/desporto\/09\/08\/#breadcrumb","itemListElement":[{"@type":"ListItem","position":1,"name":"In\u00edcio","item":"https:\/\/algarve7.pt\/"},{"@type":"ListItem","position":2,"name":"Motocross levou espet\u00e1culo at\u00e9 \u00e0 Cortelha"}]},{"@type":"WebSite","@id":"https:\/\/algarve7.pt\/#website","url":"https:\/\/algarve7.pt\/","name":"Algarve 7","description":"Informa\u00e7\u00e3o sobre o Algarve","publisher":{"@id":"https:\/\/algarve7.pt\/#organization"},"potentialAction":[{"@type":"SearchAction","target":{"@type":"EntryPoint","urlTemplate":"https:\/\/algarve7.pt\/?s={search_term_string}"},"query-input":{"@type":"PropertyValueSpecification","valueRequired":true,"valueName":"search_term_string"}}],"inLanguage":"pt-PT"},{"@type":"Organization","@id":"https:\/\/algarve7.pt\/#organization","name":"Algarve 7","url":"https:\/\/algarve7.pt\/","logo":{"@type":"ImageObject","inLanguage":"pt-PT","@id":"https:\/\/algarve7.pt\/#\/schema\/logo\/image\/","url":"https:\/\/algarve7.pt\/wp-content\/uploads\/2020\/10\/Logo-8.jpg","contentUrl":"https:\/\/algarve7.pt\/wp-content\/uploads\/2020\/10\/Logo-8.jpg","width":1680,"height":1186,"caption":"Algarve 7"},"image":{"@id":"https:\/\/algarve7.pt\/#\/schema\/logo\/image\/"},"sameAs":["https:\/\/www.facebook.com\/algarve7","https:\/\/x.com\/Algarvesete","https:\/\/www.instagram.com\/jornalalgarve7\/","https:\/\/www.linkedin.com\/company\/algarve7","https:\/\/www.pinterest.pt\/geral0939\/_created\/"]},{"@type":"Person","@id":"https:\/\/algarve7.pt\/#\/schema\/person\/23fa70681308e7b319a3204bcea45e0c","name":"Algarve 7","sameAs":["https:\/\/algarve7.pt","https:\/\/www.facebook.com\/algarve7"],"url":"https:\/\/algarve7.pt\/index.php\/author\/geralalgarve7-pt\/"}]}},"jetpack_publicize_connections":[],"jetpack_featured_media_url":"https:\/\/algarve7.pt\/wp-content\/uploads\/2023\/05\/MXCortelha4.jpg","jetpack_shortlink":"https:\/\/wp.me\/pcezmW-7cv","jetpack_sharing_enabled":true,"_links":{"self":[{"href":"https:\/\/algarve7.pt\/index.php\/wp-json\/wp\/v2\/posts\/27683","targetHints":{"allow":["GET"]}}],"collection":[{"href":"https:\/\/algarve7.pt\/index.php\/wp-json\/wp\/v2\/posts"}],"about":[{"href":"https:\/\/algarve7.pt\/index.php\/wp-json\/wp\/v2\/types\/post"}],"author":[{"embeddable":true,"href":"https:\/\/algarve7.pt\/index.php\/wp-json\/wp\/v2\/users\/1"}],"replies":[{"embeddable":true,"href":"https:\/\/algarve7.pt\/index.php\/wp-json\/wp\/v2\/comments?post=27683"}],"version-history":[{"count":0,"href":"https:\/\/algarve7.pt\/index.php\/wp-json\/wp\/v2\/posts\/27683\/revisions"}],"wp:featuredmedia":[{"embeddable":true,"href":"https:\/\/algarve7.pt\/index.php\/wp-json\/wp\/v2\/media\/27483"}],"wp:attachment":[{"href":"https:\/\/algarve7.pt\/index.php\/wp-json\/wp\/v2\/media?parent=27683"}],"wp:term":[{"taxonomy":"category","embeddable":true,"href":"https:\/\/algarve7.pt\/index.php\/wp-json\/wp\/v2\/categories?post=27683"},{"taxonomy":"post_tag","embeddable":true,"href":"https:\/\/algarve7.pt\/index.php\/wp-json\/wp\/v2\/tags?post=27683"}],"curies":[{"name":"wp","href":"https:\/\/api.w.org\/{rel}","templated":true}]}}