{"id":2768,"date":"2020-10-21T11:29:28","date_gmt":"2020-10-21T10:29:28","guid":{"rendered":"https:\/\/algarve7.pt\/?p=2768"},"modified":"2020-10-21T11:29:29","modified_gmt":"2020-10-21T10:29:29","slug":"turismo-do-algarve-associa-se-ao-portimao-motorsports","status":"publish","type":"post","link":"https:\/\/algarve7.pt\/index.php\/2020\/10\/turismo-do-algarve-associa-se-ao-portimao-motorsports\/turismo\/11\/29\/","title":{"rendered":"Turismo do Algarve associa-se ao Portim\u00e3o MotorSports"},"content":{"rendered":"\n<p>Com o aproximar da realiza\u00e7\u00e3o das duas provas maiores do mundo motorizado no Aut\u00f3dromo Internacional do Algarve, em Portim\u00e3o, a Regi\u00e3o de Turismo associa-se ao evento de anima\u00e7\u00e3o&nbsp;<strong>Portim\u00e3o Motorsports<\/strong>, que vai decorrer na zona ribeirinha da cidade, j\u00e1 entre os dias 22 e 25 de outubro, coincidindo com o Grande Pr\u00e9mio da F\u00f3rmula 1, e no pr\u00f3ximo m\u00eas, de 19 a 22 de novembro, por ocasi\u00e3o do Grande Pr\u00e9mio de Moto GP.<\/p>\n\n\n\n<p>Assim, o Turismo do Algarve vai ter um espa\u00e7o de acolhimento na tenda VIP do evento, que ser\u00e1 partilhado com o Turismo de Portim\u00e3o e outras entidades institucionais da regi\u00e3o, onde dar\u00e1 as boas-vindas aos visitantes da regi\u00e3o e disponibilizar\u00e1 informa\u00e7\u00e3o tur\u00edstica e materiais promocionais sobre o destino. Adicionalmente, e em parceria com a CVA \u2013 Comiss\u00e3o Vitivin\u00edcola do Algarve, vai proporcionar um conjunto de a\u00e7\u00f5es promocionais dedicadas ao enoturismo e aos vinhos da regi\u00e3o, com a participa\u00e7\u00e3o de v\u00e1rios produtores locais.<\/p>\n\n\n\n<p>Durante as referidas datas, o&nbsp;<strong>Portim\u00e3o Motorsports<\/strong>&nbsp;vai oferecer um vasto conjunto de a\u00e7\u00f5es de anima\u00e7\u00e3o, onde se enquadram as experi\u00eancias propostas pelo Turismo do Algarve, que s\u00e3o um convite aos participantes dos dois eventos desportivos para que aproveitem a desloca\u00e7\u00e3o \u00e0 regi\u00e3o e fa\u00e7am conciliar a presen\u00e7a nas competi\u00e7\u00f5es com uma visita \u00e0 cidade, durante a qual podem descobrir o seu patrim\u00f3nio, costumes e gastronomia.&nbsp;<\/p>\n\n\n\n<p>Para o presidente do Turismo do Algarve, Jo\u00e3o Fernandes,&nbsp;<strong>\u00aba<\/strong><strong>&nbsp;regi\u00e3o est\u00e1 preparada para organizar iniciativas de grande dimens\u00e3o e de natureza distinta, nomeadamente eventos&nbsp;<\/strong><strong>de desporto motorizado<\/strong><strong>, e&nbsp;<\/strong><strong>o movimento gerado pelos participantes, as suas equipas e os espectadores em torno de cada uma destas provas n\u00e3o se traduz apenas em impactos econ\u00f3micos imediatos e vai criar efeitos positivos num futuro pr\u00f3ximo\u00bb<\/strong>.<\/p>\n\n\n\n<p><strong>\u00abA regi\u00e3o tem apostado na diversifica\u00e7\u00e3o da oferta tur\u00edstica e os eventos desportivos, em particular os de \u00e2mbito internacional, integram-se nesta estrat\u00e9gia, pois podem desempenhar um papel significativo no desenvolvimento socioecon\u00f3mico do Algarve, j\u00e1 que permitem gerar notoriedade ao destino, refor\u00e7ar a sua competitividade e contribuir para que existam \u00e9pocas tur\u00edsticas mais equilibradas ao longo do ano\u00bb<\/strong>, conclui o respons\u00e1vel.<\/p>\n\n\n\n<p>O Algarve disp\u00f5e hoje de um vasto leque de atividades que tornam a experi\u00eancia da visita mais aut\u00eantica e de qualidade inigual\u00e1vel, em produtos e servi\u00e7os, mas tamb\u00e9m em infraestruturas favor\u00e1veis \u00e0 organiza\u00e7\u00e3o das mais variadas iniciativas.&nbsp;<\/p>\n\n\n\n<p>Est\u00e3o, assim, reunidos todos os ingredientes para o sucesso da participa\u00e7\u00e3o da Regi\u00e3o de Turismo do Algarve no evento&nbsp;<strong>Portim\u00e3o Motorsports<\/strong>, em parceria com a C\u00e2mara Municipal de Portim\u00e3o e a MOT (Memories of Tomorrow) \u2013 Braver Media Group, entre outras entidades.<\/p>\n","protected":false},"excerpt":{"rendered":"<p>Turismo do Algarve associa-se ao Portim\u00e3o MotorSports<\/p>\n","protected":false},"author":1,"featured_media":2769,"comment_status":"closed","ping_status":"open","sticky":false,"template":"","format":"standard","meta":{"colormag_page_container_layout":"default_layout","colormag_page_sidebar_layout":"default_layout","_monsterinsights_skip_tracking":false,"_monsterinsights_sitenote_active":false,"_monsterinsights_sitenote_note":"","_monsterinsights_sitenote_category":0,"jetpack_post_was_ever_published":false,"_jetpack_newsletter_access":"","_jetpack_dont_email_post_to_subs":false,"_jetpack_newsletter_tier_id":0,"_jetpack_memberships_contains_paywalled_content":false,"_jetpack_memberships_contains_paid_content":false,"footnotes":"","jetpack_publicize_message":"","jetpack_publicize_feature_enabled":true,"jetpack_social_post_already_shared":true,"jetpack_social_options":{"image_generator_settings":{"template":"highway","default_image_id":0,"font":"","enabled":false},"version":2}},"categories":[17],"tags":[36,40,72,173,45],"class_list":["post-2768","post","type-post","status-publish","format-standard","has-post-thumbnail","hentry","category-turismo","tag-algarve","tag-desporto","tag-portimao","tag-rta","tag-turismo"],"yoast_head":"<!-- This site is optimized with the Yoast SEO plugin v27.5 - https:\/\/yoast.com\/product\/yoast-seo-wordpress\/ -->\n<title>Turismo do Algarve associa-se ao Portim\u00e3o MotorSports - Algarve 7<\/title>\n<meta name=\"description\" content=\"Turismo do Algarve associa-se ao Portim\u00e3o MotorSports. Turismo do Algarve associa-se ao Portim\u00e3o MotorSports\" \/>\n<meta name=\"robots\" content=\"index, follow, max-snippet:-1, max-image-preview:large, max-video-preview:-1\" \/>\n<link rel=\"canonical\" href=\"https:\/\/algarve7.pt\/index.php\/2020\/10\/turismo-do-algarve-associa-se-ao-portimao-motorsports\/turismo\/11\/29\/\" \/>\n<meta property=\"og:locale\" content=\"pt_PT\" \/>\n<meta property=\"og:type\" content=\"article\" \/>\n<meta property=\"og:title\" content=\"Turismo do Algarve associa-se ao Portim\u00e3o MotorSports - Algarve 7\" \/>\n<meta property=\"og:description\" content=\"Turismo do Algarve associa-se ao Portim\u00e3o MotorSports. Turismo do Algarve associa-se ao Portim\u00e3o MotorSports\" \/>\n<meta property=\"og:url\" content=\"https:\/\/algarve7.pt\/index.php\/2020\/10\/turismo-do-algarve-associa-se-ao-portimao-motorsports\/turismo\/11\/29\/\" \/>\n<meta property=\"og:site_name\" content=\"Algarve 7\" \/>\n<meta property=\"article:publisher\" content=\"https:\/\/www.facebook.com\/algarve7\" \/>\n<meta property=\"article:author\" content=\"https:\/\/www.facebook.com\/algarve7\" \/>\n<meta property=\"article:published_time\" content=\"2020-10-21T10:29:28+00:00\" \/>\n<meta property=\"article:modified_time\" content=\"2020-10-21T10:29:29+00:00\" \/>\n<meta property=\"og:image\" content=\"https:\/\/algarve7.pt\/wp-content\/uploads\/2020\/10\/Zona-Ribeirinha-Portimao.jpg\" \/>\n\t<meta property=\"og:image:width\" content=\"1400\" \/>\n\t<meta property=\"og:image:height\" content=\"934\" \/>\n\t<meta property=\"og:image:type\" content=\"image\/jpeg\" \/>\n<meta name=\"author\" content=\"Algarve 7\" \/>\n<meta name=\"twitter:card\" content=\"summary_large_image\" \/>\n<meta name=\"twitter:creator\" content=\"@Algarvesete\" \/>\n<meta name=\"twitter:site\" content=\"@Algarvesete\" \/>\n<meta name=\"twitter:label1\" content=\"Escrito por\" \/>\n\t<meta name=\"twitter:data1\" content=\"Algarve 7\" \/>\n\t<meta name=\"twitter:label2\" content=\"Tempo estimado de leitura\" \/>\n\t<meta name=\"twitter:data2\" content=\"2 minutos\" \/>\n<script type=\"application\/ld+json\" class=\"yoast-schema-graph\">{\"@context\":\"https:\\\/\\\/schema.org\",\"@graph\":[{\"@type\":\"Article\",\"@id\":\"https:\\\/\\\/algarve7.pt\\\/index.php\\\/2020\\\/10\\\/turismo-do-algarve-associa-se-ao-portimao-motorsports\\\/turismo\\\/11\\\/29\\\/#article\",\"isPartOf\":{\"@id\":\"https:\\\/\\\/algarve7.pt\\\/index.php\\\/2020\\\/10\\\/turismo-do-algarve-associa-se-ao-portimao-motorsports\\\/turismo\\\/11\\\/29\\\/\"},\"author\":{\"name\":\"Algarve 7\",\"@id\":\"https:\\\/\\\/algarve7.pt\\\/#\\\/schema\\\/person\\\/23fa70681308e7b319a3204bcea45e0c\"},\"headline\":\"Turismo do Algarve associa-se ao Portim\u00e3o MotorSports\",\"datePublished\":\"2020-10-21T10:29:28+00:00\",\"dateModified\":\"2020-10-21T10:29:29+00:00\",\"mainEntityOfPage\":{\"@id\":\"https:\\\/\\\/algarve7.pt\\\/index.php\\\/2020\\\/10\\\/turismo-do-algarve-associa-se-ao-portimao-motorsports\\\/turismo\\\/11\\\/29\\\/\"},\"wordCount\":494,\"publisher\":{\"@id\":\"https:\\\/\\\/algarve7.pt\\\/#organization\"},\"image\":{\"@id\":\"https:\\\/\\\/algarve7.pt\\\/index.php\\\/2020\\\/10\\\/turismo-do-algarve-associa-se-ao-portimao-motorsports\\\/turismo\\\/11\\\/29\\\/#primaryimage\"},\"thumbnailUrl\":\"https:\\\/\\\/algarve7.pt\\\/wp-content\\\/uploads\\\/2020\\\/10\\\/Zona-Ribeirinha-Portimao.jpg\",\"keywords\":[\"Algarve\",\"Desporto\",\"Portim\u00e3o\",\"RTA\",\"Turismo\"],\"articleSection\":[\"Turismo\"],\"inLanguage\":\"pt-PT\"},{\"@type\":\"WebPage\",\"@id\":\"https:\\\/\\\/algarve7.pt\\\/index.php\\\/2020\\\/10\\\/turismo-do-algarve-associa-se-ao-portimao-motorsports\\\/turismo\\\/11\\\/29\\\/\",\"url\":\"https:\\\/\\\/algarve7.pt\\\/index.php\\\/2020\\\/10\\\/turismo-do-algarve-associa-se-ao-portimao-motorsports\\\/turismo\\\/11\\\/29\\\/\",\"name\":\"Turismo do Algarve associa-se ao Portim\u00e3o MotorSports - Algarve 7\",\"isPartOf\":{\"@id\":\"https:\\\/\\\/algarve7.pt\\\/#website\"},\"primaryImageOfPage\":{\"@id\":\"https:\\\/\\\/algarve7.pt\\\/index.php\\\/2020\\\/10\\\/turismo-do-algarve-associa-se-ao-portimao-motorsports\\\/turismo\\\/11\\\/29\\\/#primaryimage\"},\"image\":{\"@id\":\"https:\\\/\\\/algarve7.pt\\\/index.php\\\/2020\\\/10\\\/turismo-do-algarve-associa-se-ao-portimao-motorsports\\\/turismo\\\/11\\\/29\\\/#primaryimage\"},\"thumbnailUrl\":\"https:\\\/\\\/algarve7.pt\\\/wp-content\\\/uploads\\\/2020\\\/10\\\/Zona-Ribeirinha-Portimao.jpg\",\"datePublished\":\"2020-10-21T10:29:28+00:00\",\"dateModified\":\"2020-10-21T10:29:29+00:00\",\"description\":\"Turismo do Algarve associa-se ao Portim\u00e3o MotorSports. Turismo do Algarve associa-se ao Portim\u00e3o MotorSports\",\"breadcrumb\":{\"@id\":\"https:\\\/\\\/algarve7.pt\\\/index.php\\\/2020\\\/10\\\/turismo-do-algarve-associa-se-ao-portimao-motorsports\\\/turismo\\\/11\\\/29\\\/#breadcrumb\"},\"inLanguage\":\"pt-PT\",\"potentialAction\":[{\"@type\":\"ReadAction\",\"target\":[\"https:\\\/\\\/algarve7.pt\\\/index.php\\\/2020\\\/10\\\/turismo-do-algarve-associa-se-ao-portimao-motorsports\\\/turismo\\\/11\\\/29\\\/\"]}]},{\"@type\":\"ImageObject\",\"inLanguage\":\"pt-PT\",\"@id\":\"https:\\\/\\\/algarve7.pt\\\/index.php\\\/2020\\\/10\\\/turismo-do-algarve-associa-se-ao-portimao-motorsports\\\/turismo\\\/11\\\/29\\\/#primaryimage\",\"url\":\"https:\\\/\\\/algarve7.pt\\\/wp-content\\\/uploads\\\/2020\\\/10\\\/Zona-Ribeirinha-Portimao.jpg\",\"contentUrl\":\"https:\\\/\\\/algarve7.pt\\\/wp-content\\\/uploads\\\/2020\\\/10\\\/Zona-Ribeirinha-Portimao.jpg\",\"width\":1400,\"height\":934},{\"@type\":\"BreadcrumbList\",\"@id\":\"https:\\\/\\\/algarve7.pt\\\/index.php\\\/2020\\\/10\\\/turismo-do-algarve-associa-se-ao-portimao-motorsports\\\/turismo\\\/11\\\/29\\\/#breadcrumb\",\"itemListElement\":[{\"@type\":\"ListItem\",\"position\":1,\"name\":\"In\u00edcio\",\"item\":\"https:\\\/\\\/algarve7.pt\\\/\"},{\"@type\":\"ListItem\",\"position\":2,\"name\":\"Turismo do Algarve associa-se ao Portim\u00e3o MotorSports\"}]},{\"@type\":\"WebSite\",\"@id\":\"https:\\\/\\\/algarve7.pt\\\/#website\",\"url\":\"https:\\\/\\\/algarve7.pt\\\/\",\"name\":\"Algarve 7\",\"description\":\"Informa\u00e7\u00e3o sobre o Algarve\",\"publisher\":{\"@id\":\"https:\\\/\\\/algarve7.pt\\\/#organization\"},\"potentialAction\":[{\"@type\":\"SearchAction\",\"target\":{\"@type\":\"EntryPoint\",\"urlTemplate\":\"https:\\\/\\\/algarve7.pt\\\/?s={search_term_string}\"},\"query-input\":{\"@type\":\"PropertyValueSpecification\",\"valueRequired\":true,\"valueName\":\"search_term_string\"}}],\"inLanguage\":\"pt-PT\"},{\"@type\":\"Organization\",\"@id\":\"https:\\\/\\\/algarve7.pt\\\/#organization\",\"name\":\"Algarve 7\",\"url\":\"https:\\\/\\\/algarve7.pt\\\/\",\"logo\":{\"@type\":\"ImageObject\",\"inLanguage\":\"pt-PT\",\"@id\":\"https:\\\/\\\/algarve7.pt\\\/#\\\/schema\\\/logo\\\/image\\\/\",\"url\":\"https:\\\/\\\/algarve7.pt\\\/wp-content\\\/uploads\\\/2020\\\/10\\\/Logo-8.jpg\",\"contentUrl\":\"https:\\\/\\\/algarve7.pt\\\/wp-content\\\/uploads\\\/2020\\\/10\\\/Logo-8.jpg\",\"width\":1680,\"height\":1186,\"caption\":\"Algarve 7\"},\"image\":{\"@id\":\"https:\\\/\\\/algarve7.pt\\\/#\\\/schema\\\/logo\\\/image\\\/\"},\"sameAs\":[\"https:\\\/\\\/www.facebook.com\\\/algarve7\",\"https:\\\/\\\/x.com\\\/Algarvesete\",\"https:\\\/\\\/www.instagram.com\\\/jornalalgarve7\\\/\",\"https:\\\/\\\/www.linkedin.com\\\/company\\\/algarve7\",\"https:\\\/\\\/www.pinterest.pt\\\/geral0939\\\/_created\\\/\"]},{\"@type\":\"Person\",\"@id\":\"https:\\\/\\\/algarve7.pt\\\/#\\\/schema\\\/person\\\/23fa70681308e7b319a3204bcea45e0c\",\"name\":\"Algarve 7\",\"sameAs\":[\"https:\\\/\\\/algarve7.pt\",\"https:\\\/\\\/www.facebook.com\\\/algarve7\"],\"url\":\"https:\\\/\\\/algarve7.pt\\\/index.php\\\/author\\\/geralalgarve7-pt\\\/\"}]}<\/script>\n<!-- \/ Yoast SEO plugin. -->","yoast_head_json":{"title":"Turismo do Algarve associa-se ao Portim\u00e3o MotorSports - Algarve 7","description":"Turismo do Algarve associa-se ao Portim\u00e3o MotorSports. Turismo do Algarve associa-se ao Portim\u00e3o MotorSports","robots":{"index":"index","follow":"follow","max-snippet":"max-snippet:-1","max-image-preview":"max-image-preview:large","max-video-preview":"max-video-preview:-1"},"canonical":"https:\/\/algarve7.pt\/index.php\/2020\/10\/turismo-do-algarve-associa-se-ao-portimao-motorsports\/turismo\/11\/29\/","og_locale":"pt_PT","og_type":"article","og_title":"Turismo do Algarve associa-se ao Portim\u00e3o MotorSports - Algarve 7","og_description":"Turismo do Algarve associa-se ao Portim\u00e3o MotorSports. Turismo do Algarve associa-se ao Portim\u00e3o MotorSports","og_url":"https:\/\/algarve7.pt\/index.php\/2020\/10\/turismo-do-algarve-associa-se-ao-portimao-motorsports\/turismo\/11\/29\/","og_site_name":"Algarve 7","article_publisher":"https:\/\/www.facebook.com\/algarve7","article_author":"https:\/\/www.facebook.com\/algarve7","article_published_time":"2020-10-21T10:29:28+00:00","article_modified_time":"2020-10-21T10:29:29+00:00","og_image":[{"width":1400,"height":934,"url":"https:\/\/algarve7.pt\/wp-content\/uploads\/2020\/10\/Zona-Ribeirinha-Portimao.jpg","type":"image\/jpeg"}],"author":"Algarve 7","twitter_card":"summary_large_image","twitter_creator":"@Algarvesete","twitter_site":"@Algarvesete","twitter_misc":{"Escrito por":"Algarve 7","Tempo estimado de leitura":"2 minutos"},"schema":{"@context":"https:\/\/schema.org","@graph":[{"@type":"Article","@id":"https:\/\/algarve7.pt\/index.php\/2020\/10\/turismo-do-algarve-associa-se-ao-portimao-motorsports\/turismo\/11\/29\/#article","isPartOf":{"@id":"https:\/\/algarve7.pt\/index.php\/2020\/10\/turismo-do-algarve-associa-se-ao-portimao-motorsports\/turismo\/11\/29\/"},"author":{"name":"Algarve 7","@id":"https:\/\/algarve7.pt\/#\/schema\/person\/23fa70681308e7b319a3204bcea45e0c"},"headline":"Turismo do Algarve associa-se ao Portim\u00e3o MotorSports","datePublished":"2020-10-21T10:29:28+00:00","dateModified":"2020-10-21T10:29:29+00:00","mainEntityOfPage":{"@id":"https:\/\/algarve7.pt\/index.php\/2020\/10\/turismo-do-algarve-associa-se-ao-portimao-motorsports\/turismo\/11\/29\/"},"wordCount":494,"publisher":{"@id":"https:\/\/algarve7.pt\/#organization"},"image":{"@id":"https:\/\/algarve7.pt\/index.php\/2020\/10\/turismo-do-algarve-associa-se-ao-portimao-motorsports\/turismo\/11\/29\/#primaryimage"},"thumbnailUrl":"https:\/\/algarve7.pt\/wp-content\/uploads\/2020\/10\/Zona-Ribeirinha-Portimao.jpg","keywords":["Algarve","Desporto","Portim\u00e3o","RTA","Turismo"],"articleSection":["Turismo"],"inLanguage":"pt-PT"},{"@type":"WebPage","@id":"https:\/\/algarve7.pt\/index.php\/2020\/10\/turismo-do-algarve-associa-se-ao-portimao-motorsports\/turismo\/11\/29\/","url":"https:\/\/algarve7.pt\/index.php\/2020\/10\/turismo-do-algarve-associa-se-ao-portimao-motorsports\/turismo\/11\/29\/","name":"Turismo do Algarve associa-se ao Portim\u00e3o MotorSports - Algarve 7","isPartOf":{"@id":"https:\/\/algarve7.pt\/#website"},"primaryImageOfPage":{"@id":"https:\/\/algarve7.pt\/index.php\/2020\/10\/turismo-do-algarve-associa-se-ao-portimao-motorsports\/turismo\/11\/29\/#primaryimage"},"image":{"@id":"https:\/\/algarve7.pt\/index.php\/2020\/10\/turismo-do-algarve-associa-se-ao-portimao-motorsports\/turismo\/11\/29\/#primaryimage"},"thumbnailUrl":"https:\/\/algarve7.pt\/wp-content\/uploads\/2020\/10\/Zona-Ribeirinha-Portimao.jpg","datePublished":"2020-10-21T10:29:28+00:00","dateModified":"2020-10-21T10:29:29+00:00","description":"Turismo do Algarve associa-se ao Portim\u00e3o MotorSports. Turismo do Algarve associa-se ao Portim\u00e3o MotorSports","breadcrumb":{"@id":"https:\/\/algarve7.pt\/index.php\/2020\/10\/turismo-do-algarve-associa-se-ao-portimao-motorsports\/turismo\/11\/29\/#breadcrumb"},"inLanguage":"pt-PT","potentialAction":[{"@type":"ReadAction","target":["https:\/\/algarve7.pt\/index.php\/2020\/10\/turismo-do-algarve-associa-se-ao-portimao-motorsports\/turismo\/11\/29\/"]}]},{"@type":"ImageObject","inLanguage":"pt-PT","@id":"https:\/\/algarve7.pt\/index.php\/2020\/10\/turismo-do-algarve-associa-se-ao-portimao-motorsports\/turismo\/11\/29\/#primaryimage","url":"https:\/\/algarve7.pt\/wp-content\/uploads\/2020\/10\/Zona-Ribeirinha-Portimao.jpg","contentUrl":"https:\/\/algarve7.pt\/wp-content\/uploads\/2020\/10\/Zona-Ribeirinha-Portimao.jpg","width":1400,"height":934},{"@type":"BreadcrumbList","@id":"https:\/\/algarve7.pt\/index.php\/2020\/10\/turismo-do-algarve-associa-se-ao-portimao-motorsports\/turismo\/11\/29\/#breadcrumb","itemListElement":[{"@type":"ListItem","position":1,"name":"In\u00edcio","item":"https:\/\/algarve7.pt\/"},{"@type":"ListItem","position":2,"name":"Turismo do Algarve associa-se ao Portim\u00e3o MotorSports"}]},{"@type":"WebSite","@id":"https:\/\/algarve7.pt\/#website","url":"https:\/\/algarve7.pt\/","name":"Algarve 7","description":"Informa\u00e7\u00e3o sobre o Algarve","publisher":{"@id":"https:\/\/algarve7.pt\/#organization"},"potentialAction":[{"@type":"SearchAction","target":{"@type":"EntryPoint","urlTemplate":"https:\/\/algarve7.pt\/?s={search_term_string}"},"query-input":{"@type":"PropertyValueSpecification","valueRequired":true,"valueName":"search_term_string"}}],"inLanguage":"pt-PT"},{"@type":"Organization","@id":"https:\/\/algarve7.pt\/#organization","name":"Algarve 7","url":"https:\/\/algarve7.pt\/","logo":{"@type":"ImageObject","inLanguage":"pt-PT","@id":"https:\/\/algarve7.pt\/#\/schema\/logo\/image\/","url":"https:\/\/algarve7.pt\/wp-content\/uploads\/2020\/10\/Logo-8.jpg","contentUrl":"https:\/\/algarve7.pt\/wp-content\/uploads\/2020\/10\/Logo-8.jpg","width":1680,"height":1186,"caption":"Algarve 7"},"image":{"@id":"https:\/\/algarve7.pt\/#\/schema\/logo\/image\/"},"sameAs":["https:\/\/www.facebook.com\/algarve7","https:\/\/x.com\/Algarvesete","https:\/\/www.instagram.com\/jornalalgarve7\/","https:\/\/www.linkedin.com\/company\/algarve7","https:\/\/www.pinterest.pt\/geral0939\/_created\/"]},{"@type":"Person","@id":"https:\/\/algarve7.pt\/#\/schema\/person\/23fa70681308e7b319a3204bcea45e0c","name":"Algarve 7","sameAs":["https:\/\/algarve7.pt","https:\/\/www.facebook.com\/algarve7"],"url":"https:\/\/algarve7.pt\/index.php\/author\/geralalgarve7-pt\/"}]}},"jetpack_publicize_connections":[],"jetpack_featured_media_url":"https:\/\/algarve7.pt\/wp-content\/uploads\/2020\/10\/Zona-Ribeirinha-Portimao.jpg","jetpack_shortlink":"https:\/\/wp.me\/pcezmW-IE","jetpack_sharing_enabled":true,"_links":{"self":[{"href":"https:\/\/algarve7.pt\/index.php\/wp-json\/wp\/v2\/posts\/2768","targetHints":{"allow":["GET"]}}],"collection":[{"href":"https:\/\/algarve7.pt\/index.php\/wp-json\/wp\/v2\/posts"}],"about":[{"href":"https:\/\/algarve7.pt\/index.php\/wp-json\/wp\/v2\/types\/post"}],"author":[{"embeddable":true,"href":"https:\/\/algarve7.pt\/index.php\/wp-json\/wp\/v2\/users\/1"}],"replies":[{"embeddable":true,"href":"https:\/\/algarve7.pt\/index.php\/wp-json\/wp\/v2\/comments?post=2768"}],"version-history":[{"count":0,"href":"https:\/\/algarve7.pt\/index.php\/wp-json\/wp\/v2\/posts\/2768\/revisions"}],"wp:featuredmedia":[{"embeddable":true,"href":"https:\/\/algarve7.pt\/index.php\/wp-json\/wp\/v2\/media\/2769"}],"wp:attachment":[{"href":"https:\/\/algarve7.pt\/index.php\/wp-json\/wp\/v2\/media?parent=2768"}],"wp:term":[{"taxonomy":"category","embeddable":true,"href":"https:\/\/algarve7.pt\/index.php\/wp-json\/wp\/v2\/categories?post=2768"},{"taxonomy":"post_tag","embeddable":true,"href":"https:\/\/algarve7.pt\/index.php\/wp-json\/wp\/v2\/tags?post=2768"}],"curies":[{"name":"wp","href":"https:\/\/api.w.org\/{rel}","templated":true}]}}