{"id":27665,"date":"2023-05-10T12:00:00","date_gmt":"2023-05-10T11:00:00","guid":{"rendered":"https:\/\/algarve7.pt\/?p=27665"},"modified":"2023-05-09T19:24:15","modified_gmt":"2023-05-09T18:24:15","slug":"area-desportiva-da-praia-da-rocha-acolhe-regresso-dos-campeonatos-nacionais-universitarios","status":"publish","type":"post","link":"https:\/\/algarve7.pt\/index.php\/2023\/05\/area-desportiva-da-praia-da-rocha-acolhe-regresso-dos-campeonatos-nacionais-universitarios\/desporto\/12\/00\/","title":{"rendered":"\u00c1rea Desportiva da Praia da Rocha acolhe regresso dos Campeonatos Nacionais Universit\u00e1rios"},"content":{"rendered":"\n<p>Entre 15 e 18 de maio, a \u00c1rea Desportiva da Praia da Rocha ir\u00e1 receber os Campeonatos Nacionais Universit\u00e1rios de Andebol, Futebol, Futevolei e Voleibol de Praia, que s\u00e3o retomados ap\u00f3s tr\u00eas anos de interregno, sob organiza\u00e7\u00e3o da Federa\u00e7\u00e3o Acad\u00e9mica do Desporto Universit\u00e1rio (FADU).<\/p>\n\n\n\n<p>A \u00faltima edi\u00e7\u00e3o dos Campeonatos Nacionais Universit\u00e1rios teve lugar em 2019 na Figueira da Foz, pelo que est\u00e1 a gerar grande expetativa a sua reativa\u00e7\u00e3o, tanto mais que esta \u00c1rea Desportiva re\u00fane condi\u00e7\u00f5es de excel\u00eancia, \u00fanicas no pa\u00eds, para acolher competi\u00e7\u00f5es do g\u00e9nero.<\/p>\n\n\n\n<p>Acresce o facto de que a Praia da Rocha revalidou h\u00e1 semanas o Pr\u00e9mio Cinco Estrelas Regi\u00f5es, que mais uma vez a distinguiu como melhor est\u00e2ncia balnear do Algarve em termos de interesse nacional.<\/p>\n\n\n\n<p>Durante os Campeonatos Nacionais Universit\u00e1rios, organizados conjuntamente entre a Associa\u00e7\u00e3o Acad\u00e9mica da Universidade do Algarve (AAUAlg) e a C\u00e2mara Municipal de Portim\u00e3o, haver\u00e1 competi\u00e7\u00f5es em ambos os sexos, com o envolvimento de mais de 80 equipas e uma participa\u00e7\u00e3o superior a 300 estudantes-atletas e meia centena de elementos da organiza\u00e7\u00e3o.<\/p>\n\n\n\n<p>Enquanto o Campeonato Nacional Universit\u00e1rio de Andebol de Praia (feminino e masculino) est\u00e1 previsto para 17 e 18 de maio, a prova de futebol, apenas na vertente masculina, realizar-se-\u00e1 no 15 e 16, ao passo que o futevolei (masculino) decorre no dia 18 e o campeonato de voleibol se vai decidir entre os dias 15 e 17.<\/p>\n\n\n\n<p>Para al\u00e9m dos anfitri\u00f5es da AAUAlg, s\u00e3o esperados na prova os estudantes-atletas da Associa\u00e7\u00e3o Acad\u00e9mica da Universidade de Aveiro (AAUAv), Associa\u00e7\u00e3o de Estudantes da Faculdade de Ci\u00eancias de Lisboa (AEFCL), Instituto Polit\u00e9cnico de Santar\u00e9m (IPSantar\u00e9m), Universidade Nova de Lisboa (NOVA), Polit\u00e9cnico de Leiria (P.Leiria), Associa\u00e7\u00e3o Acad\u00e9mica da Universidade do Minho (AAUMinho), Associa\u00e7\u00e3o de Estudantes da Faculdade de Ci\u00eancia e Tecnologia (AEFCT), Associa\u00e7\u00e3o dos Estudantes do Instituto Superior T\u00e9cnico (AEIST), Associa\u00e7\u00e3o Acad\u00e9mica da Universidade da Madeira (AAUMa), Associa\u00e7\u00e3o Acad\u00e9mica da Universidade da Beira Interior (AAUBI), Associa\u00e7\u00e3o de Estudantes do Instituto Superior de Engenharia do Porto (aeISEP) e Universidade do Porto (U.Porto).<\/p>\n","protected":false},"excerpt":{"rendered":"<p>Entre 15 e 18 de maio, a \u00c1rea Desportiva da Praia da Rocha ir\u00e1 receber os Campeonatos Nacionais Universit\u00e1rios de<\/p>\n","protected":false},"author":1,"featured_media":27666,"comment_status":"closed","ping_status":"open","sticky":false,"template":"","format":"standard","meta":{"colormag_page_container_layout":"default_layout","colormag_page_sidebar_layout":"default_layout","_monsterinsights_skip_tracking":false,"_monsterinsights_sitenote_active":false,"_monsterinsights_sitenote_note":"","_monsterinsights_sitenote_category":0,"jetpack_post_was_ever_published":false,"_jetpack_newsletter_access":"","_jetpack_dont_email_post_to_subs":false,"_jetpack_newsletter_tier_id":0,"_jetpack_memberships_contains_paywalled_content":false,"_jetpack_memberships_contains_paid_content":false,"footnotes":"","jetpack_publicize_message":"","jetpack_publicize_feature_enabled":true,"jetpack_social_post_already_shared":true,"jetpack_social_options":{"image_generator_settings":{"template":"highway","default_image_id":0,"font":"","enabled":false},"version":2}},"categories":[15],"tags":[36,40,72],"class_list":["post-27665","post","type-post","status-publish","format-standard","has-post-thumbnail","hentry","category-desporto","tag-algarve","tag-desporto","tag-portimao"],"yoast_head":"<!-- This site is optimized with the Yoast SEO plugin v27.5 - https:\/\/yoast.com\/product\/yoast-seo-wordpress\/ -->\n<title>\u00c1rea Desportiva da Praia da Rocha acolhe regresso dos Campeonatos Nacionais Universit\u00e1rios - Algarve 7<\/title>\n<meta name=\"description\" content=\"\u00c1rea Desportiva da Praia da Rocha acolhe regresso dos Campeonatos Nacionais Universit\u00e1rios Desporto\" \/>\n<meta name=\"robots\" content=\"index, follow, max-snippet:-1, max-image-preview:large, max-video-preview:-1\" \/>\n<link rel=\"canonical\" href=\"https:\/\/algarve7.pt\/index.php\/2023\/05\/area-desportiva-da-praia-da-rocha-acolhe-regresso-dos-campeonatos-nacionais-universitarios\/desporto\/12\/00\/\" \/>\n<meta property=\"og:locale\" content=\"pt_PT\" \/>\n<meta property=\"og:type\" content=\"article\" \/>\n<meta property=\"og:title\" content=\"\u00c1rea Desportiva da Praia da Rocha acolhe regresso dos Campeonatos Nacionais Universit\u00e1rios - Algarve 7\" \/>\n<meta property=\"og:description\" content=\"\u00c1rea Desportiva da Praia da Rocha acolhe regresso dos Campeonatos Nacionais Universit\u00e1rios Desporto\" \/>\n<meta property=\"og:url\" content=\"https:\/\/algarve7.pt\/index.php\/2023\/05\/area-desportiva-da-praia-da-rocha-acolhe-regresso-dos-campeonatos-nacionais-universitarios\/desporto\/12\/00\/\" \/>\n<meta property=\"og:site_name\" content=\"Algarve 7\" \/>\n<meta property=\"article:publisher\" content=\"https:\/\/www.facebook.com\/algarve7\" \/>\n<meta property=\"article:author\" content=\"https:\/\/www.facebook.com\/algarve7\" \/>\n<meta property=\"article:published_time\" content=\"2023-05-10T11:00:00+00:00\" \/>\n<meta property=\"og:image\" content=\"https:\/\/algarve7.pt\/wp-content\/uploads\/2023\/05\/Area-Desportiva-da-Praia-da-Rocha-2.jpg\" \/>\n\t<meta property=\"og:image:width\" content=\"1024\" \/>\n\t<meta property=\"og:image:height\" content=\"682\" \/>\n\t<meta property=\"og:image:type\" content=\"image\/jpeg\" \/>\n<meta name=\"author\" content=\"Algarve 7\" \/>\n<meta name=\"twitter:card\" content=\"summary_large_image\" \/>\n<meta name=\"twitter:creator\" content=\"@Algarvesete\" \/>\n<meta name=\"twitter:site\" content=\"@Algarvesete\" \/>\n<meta name=\"twitter:label1\" content=\"Escrito por\" \/>\n\t<meta name=\"twitter:data1\" content=\"Algarve 7\" \/>\n\t<meta name=\"twitter:label2\" content=\"Tempo estimado de leitura\" \/>\n\t<meta name=\"twitter:data2\" content=\"2 minutos\" \/>\n<script type=\"application\/ld+json\" class=\"yoast-schema-graph\">{\"@context\":\"https:\\\/\\\/schema.org\",\"@graph\":[{\"@type\":\"Article\",\"@id\":\"https:\\\/\\\/algarve7.pt\\\/index.php\\\/2023\\\/05\\\/area-desportiva-da-praia-da-rocha-acolhe-regresso-dos-campeonatos-nacionais-universitarios\\\/desporto\\\/12\\\/00\\\/#article\",\"isPartOf\":{\"@id\":\"https:\\\/\\\/algarve7.pt\\\/index.php\\\/2023\\\/05\\\/area-desportiva-da-praia-da-rocha-acolhe-regresso-dos-campeonatos-nacionais-universitarios\\\/desporto\\\/12\\\/00\\\/\"},\"author\":{\"name\":\"Algarve 7\",\"@id\":\"https:\\\/\\\/algarve7.pt\\\/#\\\/schema\\\/person\\\/23fa70681308e7b319a3204bcea45e0c\"},\"headline\":\"\u00c1rea Desportiva da Praia da Rocha acolhe regresso dos Campeonatos Nacionais Universit\u00e1rios\",\"datePublished\":\"2023-05-10T11:00:00+00:00\",\"mainEntityOfPage\":{\"@id\":\"https:\\\/\\\/algarve7.pt\\\/index.php\\\/2023\\\/05\\\/area-desportiva-da-praia-da-rocha-acolhe-regresso-dos-campeonatos-nacionais-universitarios\\\/desporto\\\/12\\\/00\\\/\"},\"wordCount\":382,\"publisher\":{\"@id\":\"https:\\\/\\\/algarve7.pt\\\/#organization\"},\"image\":{\"@id\":\"https:\\\/\\\/algarve7.pt\\\/index.php\\\/2023\\\/05\\\/area-desportiva-da-praia-da-rocha-acolhe-regresso-dos-campeonatos-nacionais-universitarios\\\/desporto\\\/12\\\/00\\\/#primaryimage\"},\"thumbnailUrl\":\"https:\\\/\\\/algarve7.pt\\\/wp-content\\\/uploads\\\/2023\\\/05\\\/Area-Desportiva-da-Praia-da-Rocha-2.jpg\",\"keywords\":[\"Algarve\",\"Desporto\",\"Portim\u00e3o\"],\"articleSection\":[\"Desporto\"],\"inLanguage\":\"pt-PT\"},{\"@type\":\"WebPage\",\"@id\":\"https:\\\/\\\/algarve7.pt\\\/index.php\\\/2023\\\/05\\\/area-desportiva-da-praia-da-rocha-acolhe-regresso-dos-campeonatos-nacionais-universitarios\\\/desporto\\\/12\\\/00\\\/\",\"url\":\"https:\\\/\\\/algarve7.pt\\\/index.php\\\/2023\\\/05\\\/area-desportiva-da-praia-da-rocha-acolhe-regresso-dos-campeonatos-nacionais-universitarios\\\/desporto\\\/12\\\/00\\\/\",\"name\":\"\u00c1rea Desportiva da Praia da Rocha acolhe regresso dos Campeonatos Nacionais Universit\u00e1rios - Algarve 7\",\"isPartOf\":{\"@id\":\"https:\\\/\\\/algarve7.pt\\\/#website\"},\"primaryImageOfPage\":{\"@id\":\"https:\\\/\\\/algarve7.pt\\\/index.php\\\/2023\\\/05\\\/area-desportiva-da-praia-da-rocha-acolhe-regresso-dos-campeonatos-nacionais-universitarios\\\/desporto\\\/12\\\/00\\\/#primaryimage\"},\"image\":{\"@id\":\"https:\\\/\\\/algarve7.pt\\\/index.php\\\/2023\\\/05\\\/area-desportiva-da-praia-da-rocha-acolhe-regresso-dos-campeonatos-nacionais-universitarios\\\/desporto\\\/12\\\/00\\\/#primaryimage\"},\"thumbnailUrl\":\"https:\\\/\\\/algarve7.pt\\\/wp-content\\\/uploads\\\/2023\\\/05\\\/Area-Desportiva-da-Praia-da-Rocha-2.jpg\",\"datePublished\":\"2023-05-10T11:00:00+00:00\",\"description\":\"\u00c1rea Desportiva da Praia da Rocha acolhe regresso dos Campeonatos Nacionais Universit\u00e1rios Desporto\",\"breadcrumb\":{\"@id\":\"https:\\\/\\\/algarve7.pt\\\/index.php\\\/2023\\\/05\\\/area-desportiva-da-praia-da-rocha-acolhe-regresso-dos-campeonatos-nacionais-universitarios\\\/desporto\\\/12\\\/00\\\/#breadcrumb\"},\"inLanguage\":\"pt-PT\",\"potentialAction\":[{\"@type\":\"ReadAction\",\"target\":[\"https:\\\/\\\/algarve7.pt\\\/index.php\\\/2023\\\/05\\\/area-desportiva-da-praia-da-rocha-acolhe-regresso-dos-campeonatos-nacionais-universitarios\\\/desporto\\\/12\\\/00\\\/\"]}]},{\"@type\":\"ImageObject\",\"inLanguage\":\"pt-PT\",\"@id\":\"https:\\\/\\\/algarve7.pt\\\/index.php\\\/2023\\\/05\\\/area-desportiva-da-praia-da-rocha-acolhe-regresso-dos-campeonatos-nacionais-universitarios\\\/desporto\\\/12\\\/00\\\/#primaryimage\",\"url\":\"https:\\\/\\\/algarve7.pt\\\/wp-content\\\/uploads\\\/2023\\\/05\\\/Area-Desportiva-da-Praia-da-Rocha-2.jpg\",\"contentUrl\":\"https:\\\/\\\/algarve7.pt\\\/wp-content\\\/uploads\\\/2023\\\/05\\\/Area-Desportiva-da-Praia-da-Rocha-2.jpg\",\"width\":1024,\"height\":682},{\"@type\":\"BreadcrumbList\",\"@id\":\"https:\\\/\\\/algarve7.pt\\\/index.php\\\/2023\\\/05\\\/area-desportiva-da-praia-da-rocha-acolhe-regresso-dos-campeonatos-nacionais-universitarios\\\/desporto\\\/12\\\/00\\\/#breadcrumb\",\"itemListElement\":[{\"@type\":\"ListItem\",\"position\":1,\"name\":\"In\u00edcio\",\"item\":\"https:\\\/\\\/algarve7.pt\\\/\"},{\"@type\":\"ListItem\",\"position\":2,\"name\":\"\u00c1rea Desportiva da Praia da Rocha acolhe regresso dos Campeonatos Nacionais Universit\u00e1rios\"}]},{\"@type\":\"WebSite\",\"@id\":\"https:\\\/\\\/algarve7.pt\\\/#website\",\"url\":\"https:\\\/\\\/algarve7.pt\\\/\",\"name\":\"Algarve 7\",\"description\":\"Informa\u00e7\u00e3o sobre o Algarve\",\"publisher\":{\"@id\":\"https:\\\/\\\/algarve7.pt\\\/#organization\"},\"potentialAction\":[{\"@type\":\"SearchAction\",\"target\":{\"@type\":\"EntryPoint\",\"urlTemplate\":\"https:\\\/\\\/algarve7.pt\\\/?s={search_term_string}\"},\"query-input\":{\"@type\":\"PropertyValueSpecification\",\"valueRequired\":true,\"valueName\":\"search_term_string\"}}],\"inLanguage\":\"pt-PT\"},{\"@type\":\"Organization\",\"@id\":\"https:\\\/\\\/algarve7.pt\\\/#organization\",\"name\":\"Algarve 7\",\"url\":\"https:\\\/\\\/algarve7.pt\\\/\",\"logo\":{\"@type\":\"ImageObject\",\"inLanguage\":\"pt-PT\",\"@id\":\"https:\\\/\\\/algarve7.pt\\\/#\\\/schema\\\/logo\\\/image\\\/\",\"url\":\"https:\\\/\\\/algarve7.pt\\\/wp-content\\\/uploads\\\/2020\\\/10\\\/Logo-8.jpg\",\"contentUrl\":\"https:\\\/\\\/algarve7.pt\\\/wp-content\\\/uploads\\\/2020\\\/10\\\/Logo-8.jpg\",\"width\":1680,\"height\":1186,\"caption\":\"Algarve 7\"},\"image\":{\"@id\":\"https:\\\/\\\/algarve7.pt\\\/#\\\/schema\\\/logo\\\/image\\\/\"},\"sameAs\":[\"https:\\\/\\\/www.facebook.com\\\/algarve7\",\"https:\\\/\\\/x.com\\\/Algarvesete\",\"https:\\\/\\\/www.instagram.com\\\/jornalalgarve7\\\/\",\"https:\\\/\\\/www.linkedin.com\\\/company\\\/algarve7\",\"https:\\\/\\\/www.pinterest.pt\\\/geral0939\\\/_created\\\/\"]},{\"@type\":\"Person\",\"@id\":\"https:\\\/\\\/algarve7.pt\\\/#\\\/schema\\\/person\\\/23fa70681308e7b319a3204bcea45e0c\",\"name\":\"Algarve 7\",\"sameAs\":[\"https:\\\/\\\/algarve7.pt\",\"https:\\\/\\\/www.facebook.com\\\/algarve7\"],\"url\":\"https:\\\/\\\/algarve7.pt\\\/index.php\\\/author\\\/geralalgarve7-pt\\\/\"}]}<\/script>\n<!-- \/ Yoast SEO plugin. -->","yoast_head_json":{"title":"\u00c1rea Desportiva da Praia da Rocha acolhe regresso dos Campeonatos Nacionais Universit\u00e1rios - Algarve 7","description":"\u00c1rea Desportiva da Praia da Rocha acolhe regresso dos Campeonatos Nacionais Universit\u00e1rios Desporto","robots":{"index":"index","follow":"follow","max-snippet":"max-snippet:-1","max-image-preview":"max-image-preview:large","max-video-preview":"max-video-preview:-1"},"canonical":"https:\/\/algarve7.pt\/index.php\/2023\/05\/area-desportiva-da-praia-da-rocha-acolhe-regresso-dos-campeonatos-nacionais-universitarios\/desporto\/12\/00\/","og_locale":"pt_PT","og_type":"article","og_title":"\u00c1rea Desportiva da Praia da Rocha acolhe regresso dos Campeonatos Nacionais Universit\u00e1rios - Algarve 7","og_description":"\u00c1rea Desportiva da Praia da Rocha acolhe regresso dos Campeonatos Nacionais Universit\u00e1rios Desporto","og_url":"https:\/\/algarve7.pt\/index.php\/2023\/05\/area-desportiva-da-praia-da-rocha-acolhe-regresso-dos-campeonatos-nacionais-universitarios\/desporto\/12\/00\/","og_site_name":"Algarve 7","article_publisher":"https:\/\/www.facebook.com\/algarve7","article_author":"https:\/\/www.facebook.com\/algarve7","article_published_time":"2023-05-10T11:00:00+00:00","og_image":[{"width":1024,"height":682,"url":"https:\/\/algarve7.pt\/wp-content\/uploads\/2023\/05\/Area-Desportiva-da-Praia-da-Rocha-2.jpg","type":"image\/jpeg"}],"author":"Algarve 7","twitter_card":"summary_large_image","twitter_creator":"@Algarvesete","twitter_site":"@Algarvesete","twitter_misc":{"Escrito por":"Algarve 7","Tempo estimado de leitura":"2 minutos"},"schema":{"@context":"https:\/\/schema.org","@graph":[{"@type":"Article","@id":"https:\/\/algarve7.pt\/index.php\/2023\/05\/area-desportiva-da-praia-da-rocha-acolhe-regresso-dos-campeonatos-nacionais-universitarios\/desporto\/12\/00\/#article","isPartOf":{"@id":"https:\/\/algarve7.pt\/index.php\/2023\/05\/area-desportiva-da-praia-da-rocha-acolhe-regresso-dos-campeonatos-nacionais-universitarios\/desporto\/12\/00\/"},"author":{"name":"Algarve 7","@id":"https:\/\/algarve7.pt\/#\/schema\/person\/23fa70681308e7b319a3204bcea45e0c"},"headline":"\u00c1rea Desportiva da Praia da Rocha acolhe regresso dos Campeonatos Nacionais Universit\u00e1rios","datePublished":"2023-05-10T11:00:00+00:00","mainEntityOfPage":{"@id":"https:\/\/algarve7.pt\/index.php\/2023\/05\/area-desportiva-da-praia-da-rocha-acolhe-regresso-dos-campeonatos-nacionais-universitarios\/desporto\/12\/00\/"},"wordCount":382,"publisher":{"@id":"https:\/\/algarve7.pt\/#organization"},"image":{"@id":"https:\/\/algarve7.pt\/index.php\/2023\/05\/area-desportiva-da-praia-da-rocha-acolhe-regresso-dos-campeonatos-nacionais-universitarios\/desporto\/12\/00\/#primaryimage"},"thumbnailUrl":"https:\/\/algarve7.pt\/wp-content\/uploads\/2023\/05\/Area-Desportiva-da-Praia-da-Rocha-2.jpg","keywords":["Algarve","Desporto","Portim\u00e3o"],"articleSection":["Desporto"],"inLanguage":"pt-PT"},{"@type":"WebPage","@id":"https:\/\/algarve7.pt\/index.php\/2023\/05\/area-desportiva-da-praia-da-rocha-acolhe-regresso-dos-campeonatos-nacionais-universitarios\/desporto\/12\/00\/","url":"https:\/\/algarve7.pt\/index.php\/2023\/05\/area-desportiva-da-praia-da-rocha-acolhe-regresso-dos-campeonatos-nacionais-universitarios\/desporto\/12\/00\/","name":"\u00c1rea Desportiva da Praia da Rocha acolhe regresso dos Campeonatos Nacionais Universit\u00e1rios - Algarve 7","isPartOf":{"@id":"https:\/\/algarve7.pt\/#website"},"primaryImageOfPage":{"@id":"https:\/\/algarve7.pt\/index.php\/2023\/05\/area-desportiva-da-praia-da-rocha-acolhe-regresso-dos-campeonatos-nacionais-universitarios\/desporto\/12\/00\/#primaryimage"},"image":{"@id":"https:\/\/algarve7.pt\/index.php\/2023\/05\/area-desportiva-da-praia-da-rocha-acolhe-regresso-dos-campeonatos-nacionais-universitarios\/desporto\/12\/00\/#primaryimage"},"thumbnailUrl":"https:\/\/algarve7.pt\/wp-content\/uploads\/2023\/05\/Area-Desportiva-da-Praia-da-Rocha-2.jpg","datePublished":"2023-05-10T11:00:00+00:00","description":"\u00c1rea Desportiva da Praia da Rocha acolhe regresso dos Campeonatos Nacionais Universit\u00e1rios Desporto","breadcrumb":{"@id":"https:\/\/algarve7.pt\/index.php\/2023\/05\/area-desportiva-da-praia-da-rocha-acolhe-regresso-dos-campeonatos-nacionais-universitarios\/desporto\/12\/00\/#breadcrumb"},"inLanguage":"pt-PT","potentialAction":[{"@type":"ReadAction","target":["https:\/\/algarve7.pt\/index.php\/2023\/05\/area-desportiva-da-praia-da-rocha-acolhe-regresso-dos-campeonatos-nacionais-universitarios\/desporto\/12\/00\/"]}]},{"@type":"ImageObject","inLanguage":"pt-PT","@id":"https:\/\/algarve7.pt\/index.php\/2023\/05\/area-desportiva-da-praia-da-rocha-acolhe-regresso-dos-campeonatos-nacionais-universitarios\/desporto\/12\/00\/#primaryimage","url":"https:\/\/algarve7.pt\/wp-content\/uploads\/2023\/05\/Area-Desportiva-da-Praia-da-Rocha-2.jpg","contentUrl":"https:\/\/algarve7.pt\/wp-content\/uploads\/2023\/05\/Area-Desportiva-da-Praia-da-Rocha-2.jpg","width":1024,"height":682},{"@type":"BreadcrumbList","@id":"https:\/\/algarve7.pt\/index.php\/2023\/05\/area-desportiva-da-praia-da-rocha-acolhe-regresso-dos-campeonatos-nacionais-universitarios\/desporto\/12\/00\/#breadcrumb","itemListElement":[{"@type":"ListItem","position":1,"name":"In\u00edcio","item":"https:\/\/algarve7.pt\/"},{"@type":"ListItem","position":2,"name":"\u00c1rea Desportiva da Praia da Rocha acolhe regresso dos Campeonatos Nacionais Universit\u00e1rios"}]},{"@type":"WebSite","@id":"https:\/\/algarve7.pt\/#website","url":"https:\/\/algarve7.pt\/","name":"Algarve 7","description":"Informa\u00e7\u00e3o sobre o Algarve","publisher":{"@id":"https:\/\/algarve7.pt\/#organization"},"potentialAction":[{"@type":"SearchAction","target":{"@type":"EntryPoint","urlTemplate":"https:\/\/algarve7.pt\/?s={search_term_string}"},"query-input":{"@type":"PropertyValueSpecification","valueRequired":true,"valueName":"search_term_string"}}],"inLanguage":"pt-PT"},{"@type":"Organization","@id":"https:\/\/algarve7.pt\/#organization","name":"Algarve 7","url":"https:\/\/algarve7.pt\/","logo":{"@type":"ImageObject","inLanguage":"pt-PT","@id":"https:\/\/algarve7.pt\/#\/schema\/logo\/image\/","url":"https:\/\/algarve7.pt\/wp-content\/uploads\/2020\/10\/Logo-8.jpg","contentUrl":"https:\/\/algarve7.pt\/wp-content\/uploads\/2020\/10\/Logo-8.jpg","width":1680,"height":1186,"caption":"Algarve 7"},"image":{"@id":"https:\/\/algarve7.pt\/#\/schema\/logo\/image\/"},"sameAs":["https:\/\/www.facebook.com\/algarve7","https:\/\/x.com\/Algarvesete","https:\/\/www.instagram.com\/jornalalgarve7\/","https:\/\/www.linkedin.com\/company\/algarve7","https:\/\/www.pinterest.pt\/geral0939\/_created\/"]},{"@type":"Person","@id":"https:\/\/algarve7.pt\/#\/schema\/person\/23fa70681308e7b319a3204bcea45e0c","name":"Algarve 7","sameAs":["https:\/\/algarve7.pt","https:\/\/www.facebook.com\/algarve7"],"url":"https:\/\/algarve7.pt\/index.php\/author\/geralalgarve7-pt\/"}]}},"jetpack_publicize_connections":[],"jetpack_featured_media_url":"https:\/\/algarve7.pt\/wp-content\/uploads\/2023\/05\/Area-Desportiva-da-Praia-da-Rocha-2.jpg","jetpack_shortlink":"https:\/\/wp.me\/pcezmW-7cd","jetpack_sharing_enabled":true,"_links":{"self":[{"href":"https:\/\/algarve7.pt\/index.php\/wp-json\/wp\/v2\/posts\/27665","targetHints":{"allow":["GET"]}}],"collection":[{"href":"https:\/\/algarve7.pt\/index.php\/wp-json\/wp\/v2\/posts"}],"about":[{"href":"https:\/\/algarve7.pt\/index.php\/wp-json\/wp\/v2\/types\/post"}],"author":[{"embeddable":true,"href":"https:\/\/algarve7.pt\/index.php\/wp-json\/wp\/v2\/users\/1"}],"replies":[{"embeddable":true,"href":"https:\/\/algarve7.pt\/index.php\/wp-json\/wp\/v2\/comments?post=27665"}],"version-history":[{"count":0,"href":"https:\/\/algarve7.pt\/index.php\/wp-json\/wp\/v2\/posts\/27665\/revisions"}],"wp:featuredmedia":[{"embeddable":true,"href":"https:\/\/algarve7.pt\/index.php\/wp-json\/wp\/v2\/media\/27666"}],"wp:attachment":[{"href":"https:\/\/algarve7.pt\/index.php\/wp-json\/wp\/v2\/media?parent=27665"}],"wp:term":[{"taxonomy":"category","embeddable":true,"href":"https:\/\/algarve7.pt\/index.php\/wp-json\/wp\/v2\/categories?post=27665"},{"taxonomy":"post_tag","embeddable":true,"href":"https:\/\/algarve7.pt\/index.php\/wp-json\/wp\/v2\/tags?post=27665"}],"curies":[{"name":"wp","href":"https:\/\/api.w.org\/{rel}","templated":true}]}}