{"id":27649,"date":"2023-05-09T11:15:00","date_gmt":"2023-05-09T10:15:00","guid":{"rendered":"https:\/\/algarve7.pt\/?p=27649"},"modified":"2023-05-08T22:10:03","modified_gmt":"2023-05-08T21:10:03","slug":"premio-museu-portimao-foi-este-ano-atribuido-ao-museu-basco-chillida-leku","status":"publish","type":"post","link":"https:\/\/algarve7.pt\/index.php\/2023\/05\/premio-museu-portimao-foi-este-ano-atribuido-ao-museu-basco-chillida-leku\/cultura\/11\/15\/","title":{"rendered":"\u201cPr\u00e9mio Museu Portim\u00e3o\u201d foi este ano atribu\u00eddo ao museu basco Chillida Leku"},"content":{"rendered":"\n<p>O Museu de Portim\u00e3o continua a merecer destaque al\u00e9m-fronteiras e, desde 2018, d\u00e1 nome a um dos EMYA &#8211; European Museum of the Year Awards, distin\u00e7\u00e3o promovida pelo European Museum Forum e pelo Conselho da Europa e que este ano pertence ao Museu Chillida Leku, situado na localidade basca de Hernani.<\/p>\n\n\n\n<p>A entrega do \u201cPr\u00e9mio Museu Portim\u00e3o\u201d, que distingue o museu mais acolhedor e inclusivo da Europa, teve lugar no passado s\u00e1bado, 6 de maio, durante a cerim\u00f3nia dos EMYA 2023 que decorreu no MUHBA \u2013 Museu d\u2019Hist\u00f2ria de Barcelona.<\/p>\n\n\n\n<p>Na ocasi\u00e3o tamb\u00e9m foi galardoado o \u201cMuseu Europeu do Ano 2023\u201d, que constitui o pr\u00e9mio mais importante, atribu\u00eddo ao L&#8217;ETNO &#8211; Museu Valenciano de Etnologia, constando dois museus portugueses na lista de 33 nomeados.<\/p>\n\n\n\n<p>Outra das principais distin\u00e7\u00f5es dos EMYA \u00e9 o \u201cPr\u00e9mio Museu do Conselho da Europa 2023\u201d, atribu\u00eddo nesta edi\u00e7\u00e3o ao Arbejdermuseet, o Museu dos Trabalhadores de Copenhaga, capital da Dinamarca.<\/p>\n\n\n\n<p>Criados para reconhecer a excel\u00eancia no setor museol\u00f3gico europeu e promover processos inovadores e de excel\u00eancia, os EMYA foram institu\u00eddos em 1977, ano da funda\u00e7\u00e3o do F\u00f3rum Europeu dos Museus, uma entidade do Conselho da Europa.<\/p>\n\n\n\n<p>Durante a cerim\u00f3nia dos EMYA, tamb\u00e9m foi passado o testemunho ao Museu de Portim\u00e3o, que em 2024 acolher\u00e1 este importante encontro dos museus europeus, um dos grandes eventos que integrar\u00e3o as comemora\u00e7\u00f5es dos 100 anos de eleva\u00e7\u00e3o de Portim\u00e3o \u00e0 categoria de cidade, estando desde j\u00e1 inscritos mais de 50 museus, poss\u00edveis candidatos \u00e0s v\u00e1rias distin\u00e7\u00f5es a entregar na altura.<\/p>\n\n\n\n<p>Ao longo dos quatro dias de reuni\u00e3o do F\u00f3rum Europeu dos Museus, estiveram presentes em Barcelona cerca de 300 especialistas em museologia, que participaram nos workshops, debates e interven\u00e7\u00f5es de fundo constantes do programa, sendo previs\u00edvel que em Portim\u00e3o o n\u00famero de muse\u00f3logos seja superior.<\/p>\n","protected":false},"excerpt":{"rendered":"<p>O Museu de Portim\u00e3o continua a merecer destaque al\u00e9m-fronteiras e, desde 2018, d\u00e1 nome a um dos EMYA &#8211; European<\/p>\n","protected":false},"author":1,"featured_media":27650,"comment_status":"closed","ping_status":"open","sticky":false,"template":"","format":"standard","meta":{"colormag_page_container_layout":"default_layout","colormag_page_sidebar_layout":"default_layout","_monsterinsights_skip_tracking":false,"_monsterinsights_sitenote_active":false,"_monsterinsights_sitenote_note":"","_monsterinsights_sitenote_category":0,"jetpack_post_was_ever_published":false,"_jetpack_newsletter_access":"","_jetpack_dont_email_post_to_subs":false,"_jetpack_newsletter_tier_id":0,"_jetpack_memberships_contains_paywalled_content":false,"_jetpack_memberships_contains_paid_content":false,"footnotes":"","jetpack_publicize_message":"","jetpack_publicize_feature_enabled":true,"jetpack_social_post_already_shared":true,"jetpack_social_options":{"image_generator_settings":{"template":"highway","default_image_id":0,"font":"","enabled":false},"version":2}},"categories":[14],"tags":[36,35,97,72],"class_list":["post-27649","post","type-post","status-publish","format-standard","has-post-thumbnail","hentry","category-cultura","tag-algarve","tag-cultura","tag-museu","tag-portimao"],"yoast_head":"<!-- This site is optimized with the Yoast SEO plugin v27.4 - https:\/\/yoast.com\/product\/yoast-seo-wordpress\/ -->\n<title>\u201cPr\u00e9mio Museu Portim\u00e3o\u201d foi este ano atribu\u00eddo ao museu basco Chillida Leku - Algarve 7<\/title>\n<meta name=\"description\" content=\"\u201cPr\u00e9mio Museu Portim\u00e3o\u201d foi este ano atribu\u00eddo ao museu basco Chillida Leku Cultura\" \/>\n<meta name=\"robots\" content=\"index, follow, max-snippet:-1, max-image-preview:large, max-video-preview:-1\" \/>\n<link rel=\"canonical\" href=\"https:\/\/algarve7.pt\/index.php\/2023\/05\/premio-museu-portimao-foi-este-ano-atribuido-ao-museu-basco-chillida-leku\/cultura\/11\/15\/\" \/>\n<meta property=\"og:locale\" content=\"pt_PT\" \/>\n<meta property=\"og:type\" content=\"article\" \/>\n<meta property=\"og:title\" content=\"\u201cPr\u00e9mio Museu Portim\u00e3o\u201d foi este ano atribu\u00eddo ao museu basco Chillida Leku - Algarve 7\" \/>\n<meta property=\"og:description\" content=\"\u201cPr\u00e9mio Museu Portim\u00e3o\u201d foi este ano atribu\u00eddo ao museu basco Chillida Leku Cultura\" \/>\n<meta property=\"og:url\" content=\"https:\/\/algarve7.pt\/index.php\/2023\/05\/premio-museu-portimao-foi-este-ano-atribuido-ao-museu-basco-chillida-leku\/cultura\/11\/15\/\" \/>\n<meta property=\"og:site_name\" content=\"Algarve 7\" \/>\n<meta property=\"article:publisher\" content=\"https:\/\/www.facebook.com\/algarve7\" \/>\n<meta property=\"article:author\" content=\"https:\/\/www.facebook.com\/algarve7\" \/>\n<meta property=\"article:published_time\" content=\"2023-05-09T10:15:00+00:00\" \/>\n<meta property=\"og:image\" content=\"https:\/\/algarve7.pt\/wp-content\/uploads\/2023\/05\/Museu-basco-Chillida-Leku.jpeg\" \/>\n\t<meta property=\"og:image:width\" content=\"1024\" \/>\n\t<meta property=\"og:image:height\" content=\"682\" \/>\n\t<meta property=\"og:image:type\" content=\"image\/jpeg\" \/>\n<meta name=\"author\" content=\"Algarve 7\" \/>\n<meta name=\"twitter:card\" content=\"summary_large_image\" \/>\n<meta name=\"twitter:creator\" content=\"@Algarvesete\" \/>\n<meta name=\"twitter:site\" content=\"@Algarvesete\" \/>\n<meta name=\"twitter:label1\" content=\"Escrito por\" \/>\n\t<meta name=\"twitter:data1\" content=\"Algarve 7\" \/>\n\t<meta name=\"twitter:label2\" content=\"Tempo estimado de leitura\" \/>\n\t<meta name=\"twitter:data2\" content=\"2 minutos\" \/>\n<script type=\"application\/ld+json\" class=\"yoast-schema-graph\">{\"@context\":\"https:\\\/\\\/schema.org\",\"@graph\":[{\"@type\":\"Article\",\"@id\":\"https:\\\/\\\/algarve7.pt\\\/index.php\\\/2023\\\/05\\\/premio-museu-portimao-foi-este-ano-atribuido-ao-museu-basco-chillida-leku\\\/cultura\\\/11\\\/15\\\/#article\",\"isPartOf\":{\"@id\":\"https:\\\/\\\/algarve7.pt\\\/index.php\\\/2023\\\/05\\\/premio-museu-portimao-foi-este-ano-atribuido-ao-museu-basco-chillida-leku\\\/cultura\\\/11\\\/15\\\/\"},\"author\":{\"name\":\"Algarve 7\",\"@id\":\"https:\\\/\\\/algarve7.pt\\\/#\\\/schema\\\/person\\\/23fa70681308e7b319a3204bcea45e0c\"},\"headline\":\"\u201cPr\u00e9mio Museu Portim\u00e3o\u201d foi este ano atribu\u00eddo ao museu basco Chillida Leku\",\"datePublished\":\"2023-05-09T10:15:00+00:00\",\"mainEntityOfPage\":{\"@id\":\"https:\\\/\\\/algarve7.pt\\\/index.php\\\/2023\\\/05\\\/premio-museu-portimao-foi-este-ano-atribuido-ao-museu-basco-chillida-leku\\\/cultura\\\/11\\\/15\\\/\"},\"wordCount\":336,\"publisher\":{\"@id\":\"https:\\\/\\\/algarve7.pt\\\/#organization\"},\"image\":{\"@id\":\"https:\\\/\\\/algarve7.pt\\\/index.php\\\/2023\\\/05\\\/premio-museu-portimao-foi-este-ano-atribuido-ao-museu-basco-chillida-leku\\\/cultura\\\/11\\\/15\\\/#primaryimage\"},\"thumbnailUrl\":\"https:\\\/\\\/algarve7.pt\\\/wp-content\\\/uploads\\\/2023\\\/05\\\/Museu-basco-Chillida-Leku.jpeg\",\"keywords\":[\"Algarve\",\"Cultura\",\"Museu\",\"Portim\u00e3o\"],\"articleSection\":[\"Cultura\"],\"inLanguage\":\"pt-PT\"},{\"@type\":\"WebPage\",\"@id\":\"https:\\\/\\\/algarve7.pt\\\/index.php\\\/2023\\\/05\\\/premio-museu-portimao-foi-este-ano-atribuido-ao-museu-basco-chillida-leku\\\/cultura\\\/11\\\/15\\\/\",\"url\":\"https:\\\/\\\/algarve7.pt\\\/index.php\\\/2023\\\/05\\\/premio-museu-portimao-foi-este-ano-atribuido-ao-museu-basco-chillida-leku\\\/cultura\\\/11\\\/15\\\/\",\"name\":\"\u201cPr\u00e9mio Museu Portim\u00e3o\u201d foi este ano atribu\u00eddo ao museu basco Chillida Leku - Algarve 7\",\"isPartOf\":{\"@id\":\"https:\\\/\\\/algarve7.pt\\\/#website\"},\"primaryImageOfPage\":{\"@id\":\"https:\\\/\\\/algarve7.pt\\\/index.php\\\/2023\\\/05\\\/premio-museu-portimao-foi-este-ano-atribuido-ao-museu-basco-chillida-leku\\\/cultura\\\/11\\\/15\\\/#primaryimage\"},\"image\":{\"@id\":\"https:\\\/\\\/algarve7.pt\\\/index.php\\\/2023\\\/05\\\/premio-museu-portimao-foi-este-ano-atribuido-ao-museu-basco-chillida-leku\\\/cultura\\\/11\\\/15\\\/#primaryimage\"},\"thumbnailUrl\":\"https:\\\/\\\/algarve7.pt\\\/wp-content\\\/uploads\\\/2023\\\/05\\\/Museu-basco-Chillida-Leku.jpeg\",\"datePublished\":\"2023-05-09T10:15:00+00:00\",\"description\":\"\u201cPr\u00e9mio Museu Portim\u00e3o\u201d foi este ano atribu\u00eddo ao museu basco Chillida Leku Cultura\",\"breadcrumb\":{\"@id\":\"https:\\\/\\\/algarve7.pt\\\/index.php\\\/2023\\\/05\\\/premio-museu-portimao-foi-este-ano-atribuido-ao-museu-basco-chillida-leku\\\/cultura\\\/11\\\/15\\\/#breadcrumb\"},\"inLanguage\":\"pt-PT\",\"potentialAction\":[{\"@type\":\"ReadAction\",\"target\":[\"https:\\\/\\\/algarve7.pt\\\/index.php\\\/2023\\\/05\\\/premio-museu-portimao-foi-este-ano-atribuido-ao-museu-basco-chillida-leku\\\/cultura\\\/11\\\/15\\\/\"]}]},{\"@type\":\"ImageObject\",\"inLanguage\":\"pt-PT\",\"@id\":\"https:\\\/\\\/algarve7.pt\\\/index.php\\\/2023\\\/05\\\/premio-museu-portimao-foi-este-ano-atribuido-ao-museu-basco-chillida-leku\\\/cultura\\\/11\\\/15\\\/#primaryimage\",\"url\":\"https:\\\/\\\/algarve7.pt\\\/wp-content\\\/uploads\\\/2023\\\/05\\\/Museu-basco-Chillida-Leku.jpeg\",\"contentUrl\":\"https:\\\/\\\/algarve7.pt\\\/wp-content\\\/uploads\\\/2023\\\/05\\\/Museu-basco-Chillida-Leku.jpeg\",\"width\":1024,\"height\":682},{\"@type\":\"BreadcrumbList\",\"@id\":\"https:\\\/\\\/algarve7.pt\\\/index.php\\\/2023\\\/05\\\/premio-museu-portimao-foi-este-ano-atribuido-ao-museu-basco-chillida-leku\\\/cultura\\\/11\\\/15\\\/#breadcrumb\",\"itemListElement\":[{\"@type\":\"ListItem\",\"position\":1,\"name\":\"In\u00edcio\",\"item\":\"https:\\\/\\\/algarve7.pt\\\/\"},{\"@type\":\"ListItem\",\"position\":2,\"name\":\"\u201cPr\u00e9mio Museu Portim\u00e3o\u201d foi este ano atribu\u00eddo ao museu basco Chillida Leku\"}]},{\"@type\":\"WebSite\",\"@id\":\"https:\\\/\\\/algarve7.pt\\\/#website\",\"url\":\"https:\\\/\\\/algarve7.pt\\\/\",\"name\":\"Algarve 7\",\"description\":\"Informa\u00e7\u00e3o sobre o Algarve\",\"publisher\":{\"@id\":\"https:\\\/\\\/algarve7.pt\\\/#organization\"},\"potentialAction\":[{\"@type\":\"SearchAction\",\"target\":{\"@type\":\"EntryPoint\",\"urlTemplate\":\"https:\\\/\\\/algarve7.pt\\\/?s={search_term_string}\"},\"query-input\":{\"@type\":\"PropertyValueSpecification\",\"valueRequired\":true,\"valueName\":\"search_term_string\"}}],\"inLanguage\":\"pt-PT\"},{\"@type\":\"Organization\",\"@id\":\"https:\\\/\\\/algarve7.pt\\\/#organization\",\"name\":\"Algarve 7\",\"url\":\"https:\\\/\\\/algarve7.pt\\\/\",\"logo\":{\"@type\":\"ImageObject\",\"inLanguage\":\"pt-PT\",\"@id\":\"https:\\\/\\\/algarve7.pt\\\/#\\\/schema\\\/logo\\\/image\\\/\",\"url\":\"https:\\\/\\\/algarve7.pt\\\/wp-content\\\/uploads\\\/2020\\\/10\\\/Logo-8.jpg\",\"contentUrl\":\"https:\\\/\\\/algarve7.pt\\\/wp-content\\\/uploads\\\/2020\\\/10\\\/Logo-8.jpg\",\"width\":1680,\"height\":1186,\"caption\":\"Algarve 7\"},\"image\":{\"@id\":\"https:\\\/\\\/algarve7.pt\\\/#\\\/schema\\\/logo\\\/image\\\/\"},\"sameAs\":[\"https:\\\/\\\/www.facebook.com\\\/algarve7\",\"https:\\\/\\\/x.com\\\/Algarvesete\",\"https:\\\/\\\/www.instagram.com\\\/jornalalgarve7\\\/\",\"https:\\\/\\\/www.linkedin.com\\\/company\\\/algarve7\",\"https:\\\/\\\/www.pinterest.pt\\\/geral0939\\\/_created\\\/\"]},{\"@type\":\"Person\",\"@id\":\"https:\\\/\\\/algarve7.pt\\\/#\\\/schema\\\/person\\\/23fa70681308e7b319a3204bcea45e0c\",\"name\":\"Algarve 7\",\"sameAs\":[\"https:\\\/\\\/algarve7.pt\",\"https:\\\/\\\/www.facebook.com\\\/algarve7\"],\"url\":\"https:\\\/\\\/algarve7.pt\\\/index.php\\\/author\\\/geralalgarve7-pt\\\/\"}]}<\/script>\n<!-- \/ Yoast SEO plugin. -->","yoast_head_json":{"title":"\u201cPr\u00e9mio Museu Portim\u00e3o\u201d foi este ano atribu\u00eddo ao museu basco Chillida Leku - Algarve 7","description":"\u201cPr\u00e9mio Museu Portim\u00e3o\u201d foi este ano atribu\u00eddo ao museu basco Chillida Leku Cultura","robots":{"index":"index","follow":"follow","max-snippet":"max-snippet:-1","max-image-preview":"max-image-preview:large","max-video-preview":"max-video-preview:-1"},"canonical":"https:\/\/algarve7.pt\/index.php\/2023\/05\/premio-museu-portimao-foi-este-ano-atribuido-ao-museu-basco-chillida-leku\/cultura\/11\/15\/","og_locale":"pt_PT","og_type":"article","og_title":"\u201cPr\u00e9mio Museu Portim\u00e3o\u201d foi este ano atribu\u00eddo ao museu basco Chillida Leku - Algarve 7","og_description":"\u201cPr\u00e9mio Museu Portim\u00e3o\u201d foi este ano atribu\u00eddo ao museu basco Chillida Leku Cultura","og_url":"https:\/\/algarve7.pt\/index.php\/2023\/05\/premio-museu-portimao-foi-este-ano-atribuido-ao-museu-basco-chillida-leku\/cultura\/11\/15\/","og_site_name":"Algarve 7","article_publisher":"https:\/\/www.facebook.com\/algarve7","article_author":"https:\/\/www.facebook.com\/algarve7","article_published_time":"2023-05-09T10:15:00+00:00","og_image":[{"width":1024,"height":682,"url":"https:\/\/algarve7.pt\/wp-content\/uploads\/2023\/05\/Museu-basco-Chillida-Leku.jpeg","type":"image\/jpeg"}],"author":"Algarve 7","twitter_card":"summary_large_image","twitter_creator":"@Algarvesete","twitter_site":"@Algarvesete","twitter_misc":{"Escrito por":"Algarve 7","Tempo estimado de leitura":"2 minutos"},"schema":{"@context":"https:\/\/schema.org","@graph":[{"@type":"Article","@id":"https:\/\/algarve7.pt\/index.php\/2023\/05\/premio-museu-portimao-foi-este-ano-atribuido-ao-museu-basco-chillida-leku\/cultura\/11\/15\/#article","isPartOf":{"@id":"https:\/\/algarve7.pt\/index.php\/2023\/05\/premio-museu-portimao-foi-este-ano-atribuido-ao-museu-basco-chillida-leku\/cultura\/11\/15\/"},"author":{"name":"Algarve 7","@id":"https:\/\/algarve7.pt\/#\/schema\/person\/23fa70681308e7b319a3204bcea45e0c"},"headline":"\u201cPr\u00e9mio Museu Portim\u00e3o\u201d foi este ano atribu\u00eddo ao museu basco Chillida Leku","datePublished":"2023-05-09T10:15:00+00:00","mainEntityOfPage":{"@id":"https:\/\/algarve7.pt\/index.php\/2023\/05\/premio-museu-portimao-foi-este-ano-atribuido-ao-museu-basco-chillida-leku\/cultura\/11\/15\/"},"wordCount":336,"publisher":{"@id":"https:\/\/algarve7.pt\/#organization"},"image":{"@id":"https:\/\/algarve7.pt\/index.php\/2023\/05\/premio-museu-portimao-foi-este-ano-atribuido-ao-museu-basco-chillida-leku\/cultura\/11\/15\/#primaryimage"},"thumbnailUrl":"https:\/\/algarve7.pt\/wp-content\/uploads\/2023\/05\/Museu-basco-Chillida-Leku.jpeg","keywords":["Algarve","Cultura","Museu","Portim\u00e3o"],"articleSection":["Cultura"],"inLanguage":"pt-PT"},{"@type":"WebPage","@id":"https:\/\/algarve7.pt\/index.php\/2023\/05\/premio-museu-portimao-foi-este-ano-atribuido-ao-museu-basco-chillida-leku\/cultura\/11\/15\/","url":"https:\/\/algarve7.pt\/index.php\/2023\/05\/premio-museu-portimao-foi-este-ano-atribuido-ao-museu-basco-chillida-leku\/cultura\/11\/15\/","name":"\u201cPr\u00e9mio Museu Portim\u00e3o\u201d foi este ano atribu\u00eddo ao museu basco Chillida Leku - Algarve 7","isPartOf":{"@id":"https:\/\/algarve7.pt\/#website"},"primaryImageOfPage":{"@id":"https:\/\/algarve7.pt\/index.php\/2023\/05\/premio-museu-portimao-foi-este-ano-atribuido-ao-museu-basco-chillida-leku\/cultura\/11\/15\/#primaryimage"},"image":{"@id":"https:\/\/algarve7.pt\/index.php\/2023\/05\/premio-museu-portimao-foi-este-ano-atribuido-ao-museu-basco-chillida-leku\/cultura\/11\/15\/#primaryimage"},"thumbnailUrl":"https:\/\/algarve7.pt\/wp-content\/uploads\/2023\/05\/Museu-basco-Chillida-Leku.jpeg","datePublished":"2023-05-09T10:15:00+00:00","description":"\u201cPr\u00e9mio Museu Portim\u00e3o\u201d foi este ano atribu\u00eddo ao museu basco Chillida Leku Cultura","breadcrumb":{"@id":"https:\/\/algarve7.pt\/index.php\/2023\/05\/premio-museu-portimao-foi-este-ano-atribuido-ao-museu-basco-chillida-leku\/cultura\/11\/15\/#breadcrumb"},"inLanguage":"pt-PT","potentialAction":[{"@type":"ReadAction","target":["https:\/\/algarve7.pt\/index.php\/2023\/05\/premio-museu-portimao-foi-este-ano-atribuido-ao-museu-basco-chillida-leku\/cultura\/11\/15\/"]}]},{"@type":"ImageObject","inLanguage":"pt-PT","@id":"https:\/\/algarve7.pt\/index.php\/2023\/05\/premio-museu-portimao-foi-este-ano-atribuido-ao-museu-basco-chillida-leku\/cultura\/11\/15\/#primaryimage","url":"https:\/\/algarve7.pt\/wp-content\/uploads\/2023\/05\/Museu-basco-Chillida-Leku.jpeg","contentUrl":"https:\/\/algarve7.pt\/wp-content\/uploads\/2023\/05\/Museu-basco-Chillida-Leku.jpeg","width":1024,"height":682},{"@type":"BreadcrumbList","@id":"https:\/\/algarve7.pt\/index.php\/2023\/05\/premio-museu-portimao-foi-este-ano-atribuido-ao-museu-basco-chillida-leku\/cultura\/11\/15\/#breadcrumb","itemListElement":[{"@type":"ListItem","position":1,"name":"In\u00edcio","item":"https:\/\/algarve7.pt\/"},{"@type":"ListItem","position":2,"name":"\u201cPr\u00e9mio Museu Portim\u00e3o\u201d foi este ano atribu\u00eddo ao museu basco Chillida Leku"}]},{"@type":"WebSite","@id":"https:\/\/algarve7.pt\/#website","url":"https:\/\/algarve7.pt\/","name":"Algarve 7","description":"Informa\u00e7\u00e3o sobre o Algarve","publisher":{"@id":"https:\/\/algarve7.pt\/#organization"},"potentialAction":[{"@type":"SearchAction","target":{"@type":"EntryPoint","urlTemplate":"https:\/\/algarve7.pt\/?s={search_term_string}"},"query-input":{"@type":"PropertyValueSpecification","valueRequired":true,"valueName":"search_term_string"}}],"inLanguage":"pt-PT"},{"@type":"Organization","@id":"https:\/\/algarve7.pt\/#organization","name":"Algarve 7","url":"https:\/\/algarve7.pt\/","logo":{"@type":"ImageObject","inLanguage":"pt-PT","@id":"https:\/\/algarve7.pt\/#\/schema\/logo\/image\/","url":"https:\/\/algarve7.pt\/wp-content\/uploads\/2020\/10\/Logo-8.jpg","contentUrl":"https:\/\/algarve7.pt\/wp-content\/uploads\/2020\/10\/Logo-8.jpg","width":1680,"height":1186,"caption":"Algarve 7"},"image":{"@id":"https:\/\/algarve7.pt\/#\/schema\/logo\/image\/"},"sameAs":["https:\/\/www.facebook.com\/algarve7","https:\/\/x.com\/Algarvesete","https:\/\/www.instagram.com\/jornalalgarve7\/","https:\/\/www.linkedin.com\/company\/algarve7","https:\/\/www.pinterest.pt\/geral0939\/_created\/"]},{"@type":"Person","@id":"https:\/\/algarve7.pt\/#\/schema\/person\/23fa70681308e7b319a3204bcea45e0c","name":"Algarve 7","sameAs":["https:\/\/algarve7.pt","https:\/\/www.facebook.com\/algarve7"],"url":"https:\/\/algarve7.pt\/index.php\/author\/geralalgarve7-pt\/"}]}},"jetpack_publicize_connections":[],"jetpack_featured_media_url":"https:\/\/algarve7.pt\/wp-content\/uploads\/2023\/05\/Museu-basco-Chillida-Leku.jpeg","jetpack_shortlink":"https:\/\/wp.me\/pcezmW-7bX","jetpack_sharing_enabled":true,"_links":{"self":[{"href":"https:\/\/algarve7.pt\/index.php\/wp-json\/wp\/v2\/posts\/27649","targetHints":{"allow":["GET"]}}],"collection":[{"href":"https:\/\/algarve7.pt\/index.php\/wp-json\/wp\/v2\/posts"}],"about":[{"href":"https:\/\/algarve7.pt\/index.php\/wp-json\/wp\/v2\/types\/post"}],"author":[{"embeddable":true,"href":"https:\/\/algarve7.pt\/index.php\/wp-json\/wp\/v2\/users\/1"}],"replies":[{"embeddable":true,"href":"https:\/\/algarve7.pt\/index.php\/wp-json\/wp\/v2\/comments?post=27649"}],"version-history":[{"count":0,"href":"https:\/\/algarve7.pt\/index.php\/wp-json\/wp\/v2\/posts\/27649\/revisions"}],"wp:featuredmedia":[{"embeddable":true,"href":"https:\/\/algarve7.pt\/index.php\/wp-json\/wp\/v2\/media\/27650"}],"wp:attachment":[{"href":"https:\/\/algarve7.pt\/index.php\/wp-json\/wp\/v2\/media?parent=27649"}],"wp:term":[{"taxonomy":"category","embeddable":true,"href":"https:\/\/algarve7.pt\/index.php\/wp-json\/wp\/v2\/categories?post=27649"},{"taxonomy":"post_tag","embeddable":true,"href":"https:\/\/algarve7.pt\/index.php\/wp-json\/wp\/v2\/tags?post=27649"}],"curies":[{"name":"wp","href":"https:\/\/api.w.org\/{rel}","templated":true}]}}