{"id":27646,"date":"2023-05-09T10:40:00","date_gmt":"2023-05-09T09:40:00","guid":{"rendered":"https:\/\/algarve7.pt\/?p=27646"},"modified":"2023-05-08T22:06:42","modified_gmt":"2023-05-08T21:06:42","slug":"cidade-de-quarteira-comemora-24-anos-com-inauguracao-de-novo-edificio","status":"publish","type":"post","link":"https:\/\/algarve7.pt\/index.php\/2023\/05\/cidade-de-quarteira-comemora-24-anos-com-inauguracao-de-novo-edificio\/atualidade\/10\/40\/","title":{"rendered":"Cidade de Quarteira comemora 24 anos com inaugura\u00e7\u00e3o de novo edif\u00edcio"},"content":{"rendered":"\n<p>A Junta de Freguesia (JF) apresenta o programa das Comemora\u00e7\u00f5es do dia da Cidade de Quarteira, que ir\u00e3o decorrer no pr\u00f3ximo dia 13 de maio.<\/p>\n\n\n\n<p>O arranque das celebra\u00e7\u00f5es inicia pelas 9h, no Largo do Centro Aut\u00e1rquico, com o habitual hastear da bandeira, musicado pela Banda Filarm\u00f3nica Artistas de Minerva, e com formatura dos Bombeiros Municipais de Loul\u00e9.<\/p>\n\n\n\n<p>O Edif\u00edcio Sociocultural localizado na Pra\u00e7a do Mar, em Quarteira, ser\u00e1 oficialmente inaugurado pelas 10h. Telmo Pinto, Presidente da JF de Quarteira, afirma que \u00abem colabora\u00e7\u00e3o com V\u00edtor Aleixo, Presidente da C\u00e2mara Municipal (CM), este edif\u00edcio vem responder \u00e0s exig\u00eancias do trabalho social que tem vindo a ser feito com a comunidade.\u00bb<\/p>\n\n\n\n<p>\u00ab\u00c9 o resultado do crescimento da capacidade t\u00e9cnica desta equipa, pronta para dar respostas desta dimens\u00e3o, pois pela primeira vez, a JF adquiriu patrim\u00f3nio pr\u00f3prio, j\u00e1 que passou a ser propriet\u00e1ria deste&nbsp;edif\u00edcio\u00bb, acrescenta&nbsp;o&nbsp;autarca.<\/p>\n\n\n\n<p>Este novo espa\u00e7o ir\u00e1 acolher a\u00e7\u00f5es de forma\u00e7\u00e3o e protocolos com diversas entidades e associa\u00e7\u00f5es locais, bem como, atividades desenvolvidas no Programa \u201cQuarteira \u2013 Longevidade com Qualidade\u201d, nomeadamente, pela Academia do Saber, um projeto de interven\u00e7\u00e3o comunit\u00e1ria, que movimenta centenas de formandos no \u00e2mbito do envelhecimento ativo e saud\u00e1vel. Sendo a inaugura\u00e7\u00e3o uma cerim\u00f3nia reservada \u00e0s entidades oficiais, est\u00e1 previsto um conjunto de atividades nos Dias Abertos 9 e 10 de junho, para dar a oportunidade \u00e0 popula\u00e7\u00e3o em geral de conhecer o espa\u00e7o e usufruir das instala\u00e7\u00f5es, antes do in\u00edcio do ano letivo.<\/p>\n\n\n\n<p>Pelas 12h, est\u00e1 prevista uma visita \u00e0 Exposi\u00e7\u00e3o \u201cQuarteira \u2013 Longevidade com Qualidade\u201d, na Galeria de Arte da Pra\u00e7a do Mar, que pretende mostrar a din\u00e2mica de algumas aulas da Academia do Saber, e de outras atividades que integram o programa, como as Dan\u00e7as sociais.<\/p>\n\n\n\n<p>Ser\u00e1 concretizada a assinatura de um protocolo entre o Munic\u00edpio de Loul\u00e9 e a GNR, no \u00e2mbito da seguran\u00e7a em Vilamoura, pelas 15h30, no Audit\u00f3rio do Centro Aut\u00e1rquico, onde terminar\u00e3o as comemora\u00e7\u00f5es do 24.\u00ba anivers\u00e1rio da cidade.<\/p>\n\n\n\n<p>O evento \u00e9 uma organiza\u00e7\u00e3o conjunta entre a JF de Quarteira e a CM de Loul\u00e9.<\/p>\n","protected":false},"excerpt":{"rendered":"<p>A Junta de Freguesia (JF) apresenta o programa das Comemora\u00e7\u00f5es do dia da Cidade de Quarteira, que ir\u00e3o decorrer no<\/p>\n","protected":false},"author":1,"featured_media":27647,"comment_status":"closed","ping_status":"open","sticky":false,"template":"","format":"standard","meta":{"colormag_page_container_layout":"default_layout","colormag_page_sidebar_layout":"default_layout","_monsterinsights_skip_tracking":false,"_monsterinsights_sitenote_active":false,"_monsterinsights_sitenote_note":"","_monsterinsights_sitenote_category":0,"jetpack_post_was_ever_published":false,"_jetpack_newsletter_access":"","_jetpack_dont_email_post_to_subs":false,"_jetpack_newsletter_tier_id":0,"_jetpack_memberships_contains_paywalled_content":false,"_jetpack_memberships_contains_paid_content":false,"footnotes":"","jetpack_publicize_message":"","jetpack_publicize_feature_enabled":true,"jetpack_social_post_already_shared":true,"jetpack_social_options":{"image_generator_settings":{"template":"highway","default_image_id":0,"font":"","enabled":false},"version":2}},"categories":[11],"tags":[36,62,112],"class_list":["post-27646","post","type-post","status-publish","format-standard","has-post-thumbnail","hentry","category-atualidade","tag-algarve","tag-atualidade","tag-quarteira"],"yoast_head":"<!-- This site is optimized with the Yoast SEO plugin v27.4 - https:\/\/yoast.com\/product\/yoast-seo-wordpress\/ -->\n<title>Cidade de Quarteira comemora 24 anos com inaugura\u00e7\u00e3o de novo edif\u00edcio - Algarve 7<\/title>\n<meta name=\"description\" content=\"Cidade de Quarteira comemora 24 anos com inaugura\u00e7\u00e3o de novo edif\u00edcio Atualidade\" \/>\n<meta name=\"robots\" content=\"index, follow, max-snippet:-1, max-image-preview:large, max-video-preview:-1\" \/>\n<link rel=\"canonical\" href=\"https:\/\/algarve7.pt\/index.php\/2023\/05\/cidade-de-quarteira-comemora-24-anos-com-inauguracao-de-novo-edificio\/atualidade\/10\/40\/\" \/>\n<meta property=\"og:locale\" content=\"pt_PT\" \/>\n<meta property=\"og:type\" content=\"article\" \/>\n<meta property=\"og:title\" content=\"Cidade de Quarteira comemora 24 anos com inaugura\u00e7\u00e3o de novo edif\u00edcio - Algarve 7\" \/>\n<meta property=\"og:description\" content=\"Cidade de Quarteira comemora 24 anos com inaugura\u00e7\u00e3o de novo edif\u00edcio Atualidade\" \/>\n<meta property=\"og:url\" content=\"https:\/\/algarve7.pt\/index.php\/2023\/05\/cidade-de-quarteira-comemora-24-anos-com-inauguracao-de-novo-edificio\/atualidade\/10\/40\/\" \/>\n<meta property=\"og:site_name\" content=\"Algarve 7\" \/>\n<meta property=\"article:publisher\" content=\"https:\/\/www.facebook.com\/algarve7\" \/>\n<meta property=\"article:author\" content=\"https:\/\/www.facebook.com\/algarve7\" \/>\n<meta property=\"article:published_time\" content=\"2023-05-09T09:40:00+00:00\" \/>\n<meta property=\"og:image\" content=\"https:\/\/algarve7.pt\/wp-content\/uploads\/2023\/05\/AF_2023_05_08_MateriaisDigitais_Diadacidade_POSTIG_01.jpg\" \/>\n\t<meta property=\"og:image:width\" content=\"1024\" \/>\n\t<meta property=\"og:image:height\" content=\"1024\" \/>\n\t<meta property=\"og:image:type\" content=\"image\/jpeg\" \/>\n<meta name=\"author\" content=\"Algarve 7\" \/>\n<meta name=\"twitter:card\" content=\"summary_large_image\" \/>\n<meta name=\"twitter:creator\" content=\"@Algarvesete\" \/>\n<meta name=\"twitter:site\" content=\"@Algarvesete\" \/>\n<meta name=\"twitter:label1\" content=\"Escrito por\" \/>\n\t<meta name=\"twitter:data1\" content=\"Algarve 7\" \/>\n\t<meta name=\"twitter:label2\" content=\"Tempo estimado de leitura\" \/>\n\t<meta name=\"twitter:data2\" content=\"2 minutos\" \/>\n<script type=\"application\/ld+json\" class=\"yoast-schema-graph\">{\"@context\":\"https:\\\/\\\/schema.org\",\"@graph\":[{\"@type\":\"Article\",\"@id\":\"https:\\\/\\\/algarve7.pt\\\/index.php\\\/2023\\\/05\\\/cidade-de-quarteira-comemora-24-anos-com-inauguracao-de-novo-edificio\\\/atualidade\\\/10\\\/40\\\/#article\",\"isPartOf\":{\"@id\":\"https:\\\/\\\/algarve7.pt\\\/index.php\\\/2023\\\/05\\\/cidade-de-quarteira-comemora-24-anos-com-inauguracao-de-novo-edificio\\\/atualidade\\\/10\\\/40\\\/\"},\"author\":{\"name\":\"Algarve 7\",\"@id\":\"https:\\\/\\\/algarve7.pt\\\/#\\\/schema\\\/person\\\/23fa70681308e7b319a3204bcea45e0c\"},\"headline\":\"Cidade de Quarteira comemora 24 anos com inaugura\u00e7\u00e3o de novo edif\u00edcio\",\"datePublished\":\"2023-05-09T09:40:00+00:00\",\"mainEntityOfPage\":{\"@id\":\"https:\\\/\\\/algarve7.pt\\\/index.php\\\/2023\\\/05\\\/cidade-de-quarteira-comemora-24-anos-com-inauguracao-de-novo-edificio\\\/atualidade\\\/10\\\/40\\\/\"},\"wordCount\":387,\"publisher\":{\"@id\":\"https:\\\/\\\/algarve7.pt\\\/#organization\"},\"image\":{\"@id\":\"https:\\\/\\\/algarve7.pt\\\/index.php\\\/2023\\\/05\\\/cidade-de-quarteira-comemora-24-anos-com-inauguracao-de-novo-edificio\\\/atualidade\\\/10\\\/40\\\/#primaryimage\"},\"thumbnailUrl\":\"https:\\\/\\\/algarve7.pt\\\/wp-content\\\/uploads\\\/2023\\\/05\\\/AF_2023_05_08_MateriaisDigitais_Diadacidade_POSTIG_01.jpg\",\"keywords\":[\"Algarve\",\"Atualidade\",\"Quarteira\"],\"articleSection\":[\"Atualidade\"],\"inLanguage\":\"pt-PT\"},{\"@type\":\"WebPage\",\"@id\":\"https:\\\/\\\/algarve7.pt\\\/index.php\\\/2023\\\/05\\\/cidade-de-quarteira-comemora-24-anos-com-inauguracao-de-novo-edificio\\\/atualidade\\\/10\\\/40\\\/\",\"url\":\"https:\\\/\\\/algarve7.pt\\\/index.php\\\/2023\\\/05\\\/cidade-de-quarteira-comemora-24-anos-com-inauguracao-de-novo-edificio\\\/atualidade\\\/10\\\/40\\\/\",\"name\":\"Cidade de Quarteira comemora 24 anos com inaugura\u00e7\u00e3o de novo edif\u00edcio - Algarve 7\",\"isPartOf\":{\"@id\":\"https:\\\/\\\/algarve7.pt\\\/#website\"},\"primaryImageOfPage\":{\"@id\":\"https:\\\/\\\/algarve7.pt\\\/index.php\\\/2023\\\/05\\\/cidade-de-quarteira-comemora-24-anos-com-inauguracao-de-novo-edificio\\\/atualidade\\\/10\\\/40\\\/#primaryimage\"},\"image\":{\"@id\":\"https:\\\/\\\/algarve7.pt\\\/index.php\\\/2023\\\/05\\\/cidade-de-quarteira-comemora-24-anos-com-inauguracao-de-novo-edificio\\\/atualidade\\\/10\\\/40\\\/#primaryimage\"},\"thumbnailUrl\":\"https:\\\/\\\/algarve7.pt\\\/wp-content\\\/uploads\\\/2023\\\/05\\\/AF_2023_05_08_MateriaisDigitais_Diadacidade_POSTIG_01.jpg\",\"datePublished\":\"2023-05-09T09:40:00+00:00\",\"description\":\"Cidade de Quarteira comemora 24 anos com inaugura\u00e7\u00e3o de novo edif\u00edcio Atualidade\",\"breadcrumb\":{\"@id\":\"https:\\\/\\\/algarve7.pt\\\/index.php\\\/2023\\\/05\\\/cidade-de-quarteira-comemora-24-anos-com-inauguracao-de-novo-edificio\\\/atualidade\\\/10\\\/40\\\/#breadcrumb\"},\"inLanguage\":\"pt-PT\",\"potentialAction\":[{\"@type\":\"ReadAction\",\"target\":[\"https:\\\/\\\/algarve7.pt\\\/index.php\\\/2023\\\/05\\\/cidade-de-quarteira-comemora-24-anos-com-inauguracao-de-novo-edificio\\\/atualidade\\\/10\\\/40\\\/\"]}]},{\"@type\":\"ImageObject\",\"inLanguage\":\"pt-PT\",\"@id\":\"https:\\\/\\\/algarve7.pt\\\/index.php\\\/2023\\\/05\\\/cidade-de-quarteira-comemora-24-anos-com-inauguracao-de-novo-edificio\\\/atualidade\\\/10\\\/40\\\/#primaryimage\",\"url\":\"https:\\\/\\\/algarve7.pt\\\/wp-content\\\/uploads\\\/2023\\\/05\\\/AF_2023_05_08_MateriaisDigitais_Diadacidade_POSTIG_01.jpg\",\"contentUrl\":\"https:\\\/\\\/algarve7.pt\\\/wp-content\\\/uploads\\\/2023\\\/05\\\/AF_2023_05_08_MateriaisDigitais_Diadacidade_POSTIG_01.jpg\",\"width\":1024,\"height\":1024},{\"@type\":\"BreadcrumbList\",\"@id\":\"https:\\\/\\\/algarve7.pt\\\/index.php\\\/2023\\\/05\\\/cidade-de-quarteira-comemora-24-anos-com-inauguracao-de-novo-edificio\\\/atualidade\\\/10\\\/40\\\/#breadcrumb\",\"itemListElement\":[{\"@type\":\"ListItem\",\"position\":1,\"name\":\"In\u00edcio\",\"item\":\"https:\\\/\\\/algarve7.pt\\\/\"},{\"@type\":\"ListItem\",\"position\":2,\"name\":\"Cidade de Quarteira comemora 24 anos com inaugura\u00e7\u00e3o de novo edif\u00edcio\"}]},{\"@type\":\"WebSite\",\"@id\":\"https:\\\/\\\/algarve7.pt\\\/#website\",\"url\":\"https:\\\/\\\/algarve7.pt\\\/\",\"name\":\"Algarve 7\",\"description\":\"Informa\u00e7\u00e3o sobre o Algarve\",\"publisher\":{\"@id\":\"https:\\\/\\\/algarve7.pt\\\/#organization\"},\"potentialAction\":[{\"@type\":\"SearchAction\",\"target\":{\"@type\":\"EntryPoint\",\"urlTemplate\":\"https:\\\/\\\/algarve7.pt\\\/?s={search_term_string}\"},\"query-input\":{\"@type\":\"PropertyValueSpecification\",\"valueRequired\":true,\"valueName\":\"search_term_string\"}}],\"inLanguage\":\"pt-PT\"},{\"@type\":\"Organization\",\"@id\":\"https:\\\/\\\/algarve7.pt\\\/#organization\",\"name\":\"Algarve 7\",\"url\":\"https:\\\/\\\/algarve7.pt\\\/\",\"logo\":{\"@type\":\"ImageObject\",\"inLanguage\":\"pt-PT\",\"@id\":\"https:\\\/\\\/algarve7.pt\\\/#\\\/schema\\\/logo\\\/image\\\/\",\"url\":\"https:\\\/\\\/algarve7.pt\\\/wp-content\\\/uploads\\\/2020\\\/10\\\/Logo-8.jpg\",\"contentUrl\":\"https:\\\/\\\/algarve7.pt\\\/wp-content\\\/uploads\\\/2020\\\/10\\\/Logo-8.jpg\",\"width\":1680,\"height\":1186,\"caption\":\"Algarve 7\"},\"image\":{\"@id\":\"https:\\\/\\\/algarve7.pt\\\/#\\\/schema\\\/logo\\\/image\\\/\"},\"sameAs\":[\"https:\\\/\\\/www.facebook.com\\\/algarve7\",\"https:\\\/\\\/x.com\\\/Algarvesete\",\"https:\\\/\\\/www.instagram.com\\\/jornalalgarve7\\\/\",\"https:\\\/\\\/www.linkedin.com\\\/company\\\/algarve7\",\"https:\\\/\\\/www.pinterest.pt\\\/geral0939\\\/_created\\\/\"]},{\"@type\":\"Person\",\"@id\":\"https:\\\/\\\/algarve7.pt\\\/#\\\/schema\\\/person\\\/23fa70681308e7b319a3204bcea45e0c\",\"name\":\"Algarve 7\",\"sameAs\":[\"https:\\\/\\\/algarve7.pt\",\"https:\\\/\\\/www.facebook.com\\\/algarve7\"],\"url\":\"https:\\\/\\\/algarve7.pt\\\/index.php\\\/author\\\/geralalgarve7-pt\\\/\"}]}<\/script>\n<!-- \/ Yoast SEO plugin. -->","yoast_head_json":{"title":"Cidade de Quarteira comemora 24 anos com inaugura\u00e7\u00e3o de novo edif\u00edcio - Algarve 7","description":"Cidade de Quarteira comemora 24 anos com inaugura\u00e7\u00e3o de novo edif\u00edcio Atualidade","robots":{"index":"index","follow":"follow","max-snippet":"max-snippet:-1","max-image-preview":"max-image-preview:large","max-video-preview":"max-video-preview:-1"},"canonical":"https:\/\/algarve7.pt\/index.php\/2023\/05\/cidade-de-quarteira-comemora-24-anos-com-inauguracao-de-novo-edificio\/atualidade\/10\/40\/","og_locale":"pt_PT","og_type":"article","og_title":"Cidade de Quarteira comemora 24 anos com inaugura\u00e7\u00e3o de novo edif\u00edcio - Algarve 7","og_description":"Cidade de Quarteira comemora 24 anos com inaugura\u00e7\u00e3o de novo edif\u00edcio Atualidade","og_url":"https:\/\/algarve7.pt\/index.php\/2023\/05\/cidade-de-quarteira-comemora-24-anos-com-inauguracao-de-novo-edificio\/atualidade\/10\/40\/","og_site_name":"Algarve 7","article_publisher":"https:\/\/www.facebook.com\/algarve7","article_author":"https:\/\/www.facebook.com\/algarve7","article_published_time":"2023-05-09T09:40:00+00:00","og_image":[{"width":1024,"height":1024,"url":"https:\/\/algarve7.pt\/wp-content\/uploads\/2023\/05\/AF_2023_05_08_MateriaisDigitais_Diadacidade_POSTIG_01.jpg","type":"image\/jpeg"}],"author":"Algarve 7","twitter_card":"summary_large_image","twitter_creator":"@Algarvesete","twitter_site":"@Algarvesete","twitter_misc":{"Escrito por":"Algarve 7","Tempo estimado de leitura":"2 minutos"},"schema":{"@context":"https:\/\/schema.org","@graph":[{"@type":"Article","@id":"https:\/\/algarve7.pt\/index.php\/2023\/05\/cidade-de-quarteira-comemora-24-anos-com-inauguracao-de-novo-edificio\/atualidade\/10\/40\/#article","isPartOf":{"@id":"https:\/\/algarve7.pt\/index.php\/2023\/05\/cidade-de-quarteira-comemora-24-anos-com-inauguracao-de-novo-edificio\/atualidade\/10\/40\/"},"author":{"name":"Algarve 7","@id":"https:\/\/algarve7.pt\/#\/schema\/person\/23fa70681308e7b319a3204bcea45e0c"},"headline":"Cidade de Quarteira comemora 24 anos com inaugura\u00e7\u00e3o de novo edif\u00edcio","datePublished":"2023-05-09T09:40:00+00:00","mainEntityOfPage":{"@id":"https:\/\/algarve7.pt\/index.php\/2023\/05\/cidade-de-quarteira-comemora-24-anos-com-inauguracao-de-novo-edificio\/atualidade\/10\/40\/"},"wordCount":387,"publisher":{"@id":"https:\/\/algarve7.pt\/#organization"},"image":{"@id":"https:\/\/algarve7.pt\/index.php\/2023\/05\/cidade-de-quarteira-comemora-24-anos-com-inauguracao-de-novo-edificio\/atualidade\/10\/40\/#primaryimage"},"thumbnailUrl":"https:\/\/algarve7.pt\/wp-content\/uploads\/2023\/05\/AF_2023_05_08_MateriaisDigitais_Diadacidade_POSTIG_01.jpg","keywords":["Algarve","Atualidade","Quarteira"],"articleSection":["Atualidade"],"inLanguage":"pt-PT"},{"@type":"WebPage","@id":"https:\/\/algarve7.pt\/index.php\/2023\/05\/cidade-de-quarteira-comemora-24-anos-com-inauguracao-de-novo-edificio\/atualidade\/10\/40\/","url":"https:\/\/algarve7.pt\/index.php\/2023\/05\/cidade-de-quarteira-comemora-24-anos-com-inauguracao-de-novo-edificio\/atualidade\/10\/40\/","name":"Cidade de Quarteira comemora 24 anos com inaugura\u00e7\u00e3o de novo edif\u00edcio - Algarve 7","isPartOf":{"@id":"https:\/\/algarve7.pt\/#website"},"primaryImageOfPage":{"@id":"https:\/\/algarve7.pt\/index.php\/2023\/05\/cidade-de-quarteira-comemora-24-anos-com-inauguracao-de-novo-edificio\/atualidade\/10\/40\/#primaryimage"},"image":{"@id":"https:\/\/algarve7.pt\/index.php\/2023\/05\/cidade-de-quarteira-comemora-24-anos-com-inauguracao-de-novo-edificio\/atualidade\/10\/40\/#primaryimage"},"thumbnailUrl":"https:\/\/algarve7.pt\/wp-content\/uploads\/2023\/05\/AF_2023_05_08_MateriaisDigitais_Diadacidade_POSTIG_01.jpg","datePublished":"2023-05-09T09:40:00+00:00","description":"Cidade de Quarteira comemora 24 anos com inaugura\u00e7\u00e3o de novo edif\u00edcio Atualidade","breadcrumb":{"@id":"https:\/\/algarve7.pt\/index.php\/2023\/05\/cidade-de-quarteira-comemora-24-anos-com-inauguracao-de-novo-edificio\/atualidade\/10\/40\/#breadcrumb"},"inLanguage":"pt-PT","potentialAction":[{"@type":"ReadAction","target":["https:\/\/algarve7.pt\/index.php\/2023\/05\/cidade-de-quarteira-comemora-24-anos-com-inauguracao-de-novo-edificio\/atualidade\/10\/40\/"]}]},{"@type":"ImageObject","inLanguage":"pt-PT","@id":"https:\/\/algarve7.pt\/index.php\/2023\/05\/cidade-de-quarteira-comemora-24-anos-com-inauguracao-de-novo-edificio\/atualidade\/10\/40\/#primaryimage","url":"https:\/\/algarve7.pt\/wp-content\/uploads\/2023\/05\/AF_2023_05_08_MateriaisDigitais_Diadacidade_POSTIG_01.jpg","contentUrl":"https:\/\/algarve7.pt\/wp-content\/uploads\/2023\/05\/AF_2023_05_08_MateriaisDigitais_Diadacidade_POSTIG_01.jpg","width":1024,"height":1024},{"@type":"BreadcrumbList","@id":"https:\/\/algarve7.pt\/index.php\/2023\/05\/cidade-de-quarteira-comemora-24-anos-com-inauguracao-de-novo-edificio\/atualidade\/10\/40\/#breadcrumb","itemListElement":[{"@type":"ListItem","position":1,"name":"In\u00edcio","item":"https:\/\/algarve7.pt\/"},{"@type":"ListItem","position":2,"name":"Cidade de Quarteira comemora 24 anos com inaugura\u00e7\u00e3o de novo edif\u00edcio"}]},{"@type":"WebSite","@id":"https:\/\/algarve7.pt\/#website","url":"https:\/\/algarve7.pt\/","name":"Algarve 7","description":"Informa\u00e7\u00e3o sobre o Algarve","publisher":{"@id":"https:\/\/algarve7.pt\/#organization"},"potentialAction":[{"@type":"SearchAction","target":{"@type":"EntryPoint","urlTemplate":"https:\/\/algarve7.pt\/?s={search_term_string}"},"query-input":{"@type":"PropertyValueSpecification","valueRequired":true,"valueName":"search_term_string"}}],"inLanguage":"pt-PT"},{"@type":"Organization","@id":"https:\/\/algarve7.pt\/#organization","name":"Algarve 7","url":"https:\/\/algarve7.pt\/","logo":{"@type":"ImageObject","inLanguage":"pt-PT","@id":"https:\/\/algarve7.pt\/#\/schema\/logo\/image\/","url":"https:\/\/algarve7.pt\/wp-content\/uploads\/2020\/10\/Logo-8.jpg","contentUrl":"https:\/\/algarve7.pt\/wp-content\/uploads\/2020\/10\/Logo-8.jpg","width":1680,"height":1186,"caption":"Algarve 7"},"image":{"@id":"https:\/\/algarve7.pt\/#\/schema\/logo\/image\/"},"sameAs":["https:\/\/www.facebook.com\/algarve7","https:\/\/x.com\/Algarvesete","https:\/\/www.instagram.com\/jornalalgarve7\/","https:\/\/www.linkedin.com\/company\/algarve7","https:\/\/www.pinterest.pt\/geral0939\/_created\/"]},{"@type":"Person","@id":"https:\/\/algarve7.pt\/#\/schema\/person\/23fa70681308e7b319a3204bcea45e0c","name":"Algarve 7","sameAs":["https:\/\/algarve7.pt","https:\/\/www.facebook.com\/algarve7"],"url":"https:\/\/algarve7.pt\/index.php\/author\/geralalgarve7-pt\/"}]}},"jetpack_publicize_connections":[],"jetpack_featured_media_url":"https:\/\/algarve7.pt\/wp-content\/uploads\/2023\/05\/AF_2023_05_08_MateriaisDigitais_Diadacidade_POSTIG_01.jpg","jetpack_shortlink":"https:\/\/wp.me\/pcezmW-7bU","jetpack_sharing_enabled":true,"_links":{"self":[{"href":"https:\/\/algarve7.pt\/index.php\/wp-json\/wp\/v2\/posts\/27646","targetHints":{"allow":["GET"]}}],"collection":[{"href":"https:\/\/algarve7.pt\/index.php\/wp-json\/wp\/v2\/posts"}],"about":[{"href":"https:\/\/algarve7.pt\/index.php\/wp-json\/wp\/v2\/types\/post"}],"author":[{"embeddable":true,"href":"https:\/\/algarve7.pt\/index.php\/wp-json\/wp\/v2\/users\/1"}],"replies":[{"embeddable":true,"href":"https:\/\/algarve7.pt\/index.php\/wp-json\/wp\/v2\/comments?post=27646"}],"version-history":[{"count":0,"href":"https:\/\/algarve7.pt\/index.php\/wp-json\/wp\/v2\/posts\/27646\/revisions"}],"wp:featuredmedia":[{"embeddable":true,"href":"https:\/\/algarve7.pt\/index.php\/wp-json\/wp\/v2\/media\/27647"}],"wp:attachment":[{"href":"https:\/\/algarve7.pt\/index.php\/wp-json\/wp\/v2\/media?parent=27646"}],"wp:term":[{"taxonomy":"category","embeddable":true,"href":"https:\/\/algarve7.pt\/index.php\/wp-json\/wp\/v2\/categories?post=27646"},{"taxonomy":"post_tag","embeddable":true,"href":"https:\/\/algarve7.pt\/index.php\/wp-json\/wp\/v2\/tags?post=27646"}],"curies":[{"name":"wp","href":"https:\/\/api.w.org\/{rel}","templated":true}]}}