{"id":27596,"date":"2023-05-06T12:00:00","date_gmt":"2023-05-06T11:00:00","guid":{"rendered":"https:\/\/algarve7.pt\/?p=27596"},"modified":"2023-05-05T19:24:40","modified_gmt":"2023-05-05T18:24:40","slug":"premio-europeu-para-reabilitacao-do-solar-da-musica-nova","status":"publish","type":"post","link":"https:\/\/algarve7.pt\/index.php\/2023\/05\/premio-europeu-para-reabilitacao-do-solar-da-musica-nova\/atualidade\/12\/00\/","title":{"rendered":"Pr\u00e9mio europeu para reabilita\u00e7\u00e3o do solar da m\u00fasica nova"},"content":{"rendered":"\n<p>Solar da M\u00fasica Nova, obra de reabilita\u00e7\u00e3o da equipa V\u00edtor Mestre &amp; Sofia Aleixo Arquitetos, foi distinguido com o pr\u00e9mio europeu HERZUS Arquitetura do Patrim\u00f3nio&nbsp; Moderno Constru\u00eddo.<\/p>\n\n\n\n<p>O HERSUS \u00e9 uma iniciativa do projeto Erasmus+ \u201cMelhoria da consci\u00eancia do patrim\u00f3nio e da sustentabilidade do ambiente constru\u00eddo em projetos arquitet\u00f3nicos e design urbano\u201d, implementado como parceria estrat\u00e9gica para o Ensino Superior e cofinanciado pela Comiss\u00e3o Europeia.<\/p>\n\n\n\n<p>O cons\u00f3rcio HERSUS integra cinco universidades europeias: Universidade de Belgrado \u2013 Faculdade de Arquitetura (Belgrado, S\u00e9rvia), organiza\u00e7\u00e3o l\u00edder; Universit\u00e0 Iuav di Venezia (Veneza, It\u00e1lia); Universidade do Chipre \u2013 Departamento de Arquitetura (Nic\u00f3sia, Chipre); Universidade Arist\u00f3teles de Salonica \u2013 Escola de Arquitetura (Sal\u00f3nica, Gr\u00e9cia) e Universidade de Sevilha (Sevilha, Espanha).<\/p>\n\n\n\n<p>O HERSUS prop\u00f5e-se potenciar e testar pr\u00e1ticas pedag\u00f3gicas inovadoras no dom\u00ednio da sustentabilidade do patrim\u00f3nio edificado. O projeto busca aumentar a compet\u00eancia e motiva\u00e7\u00e3o de educadores e pesquisadores para incluir elementos curriculares que tenham resultados tang\u00edveis, preparando alunos e educadores para se tornarem verdadeiros atores da mudan\u00e7a ambiental.<\/p>\n\n\n\n<p>O pr\u00e9mio, n\u00e3o monet\u00e1rio, ser\u00e1 entregue na Universidade de Sevilha, no contexto da c\u00e1tedra da UNESCO de Patrim\u00f3nio Urbano Constru\u00eddo na era digital CREhAR (<em>Creative Research and Education on heritage Assessment and Regeneration<\/em>).<\/p>\n\n\n\n<p>Recorde-se que esta \u00e9 mais uma distin\u00e7\u00e3o para a obra do Solar da M\u00fasica Nova, que ainda recentemente foi a grande vencedora da 2\u00aa edi\u00e7\u00e3o do Pr\u00e9mio Regional de Arquitetura \u2013 Algarve 2022, na categoria \u201cReabilita\u00e7\u00e3o\u201d.<\/p>\n\n\n\n<p>A interven\u00e7\u00e3o levada a cabo no Solar da M\u00fasica Nova \u2013 antigo Solar da fam\u00edlia Barros e Arag\u00f5es &#8211; teve por objetivo principal reinstalar o uso educativo e cultural no edif\u00edcio de dois pisos, datado do s\u00e9c. XVIII, entretanto adquirido pelo Munic\u00edpio. O im\u00f3vel encontrava-se num avan\u00e7ado estado de degrada\u00e7\u00e3o e foi alvo de uma remodela\u00e7\u00e3o profunda.<\/p>\n\n\n\n<p>Este espa\u00e7o comporta agora tr\u00eas \u00e1reas distintas: Conservat\u00f3rio de M\u00fasica de Loul\u00e9 &#8211; Francisco Rosado e a sede da Banda Filarm\u00f3nica Artistas de Minerva e um Audit\u00f3rio Municipal. Para al\u00e9m da salvaguarda do edif\u00edcio e refor\u00e7o dos la\u00e7os identit\u00e1rios com a cidade e mem\u00f3ria cultural, o objetivo inerente a esta recupera\u00e7\u00e3o foi o de melhorar e refor\u00e7ar as infraestruturas de apoio ao ensino de m\u00fasica.<\/p>\n","protected":false},"excerpt":{"rendered":"<p>Solar da M\u00fasica Nova, obra de reabilita\u00e7\u00e3o da equipa V\u00edtor Mestre &amp; Sofia Aleixo Arquitetos, foi distinguido com o pr\u00e9mio<\/p>\n","protected":false},"author":1,"featured_media":27597,"comment_status":"closed","ping_status":"open","sticky":false,"template":"","format":"standard","meta":{"colormag_page_container_layout":"default_layout","colormag_page_sidebar_layout":"default_layout","_monsterinsights_skip_tracking":false,"_monsterinsights_sitenote_active":false,"_monsterinsights_sitenote_note":"","_monsterinsights_sitenote_category":0,"jetpack_post_was_ever_published":false,"_jetpack_newsletter_access":"","_jetpack_dont_email_post_to_subs":false,"_jetpack_newsletter_tier_id":0,"_jetpack_memberships_contains_paywalled_content":false,"_jetpack_memberships_contains_paid_content":false,"footnotes":"","jetpack_publicize_message":"","jetpack_publicize_feature_enabled":true,"jetpack_social_post_already_shared":true,"jetpack_social_options":{"image_generator_settings":{"template":"highway","default_image_id":0,"font":"","enabled":false},"version":2}},"categories":[11],"tags":[36,62,31,80],"class_list":["post-27596","post","type-post","status-publish","format-standard","has-post-thumbnail","hentry","category-atualidade","tag-algarve","tag-atualidade","tag-loule","tag-premio"],"yoast_head":"<!-- This site is optimized with the Yoast SEO plugin v27.5 - https:\/\/yoast.com\/product\/yoast-seo-wordpress\/ -->\n<title>Pr\u00e9mio europeu para reabilita\u00e7\u00e3o do solar da m\u00fasica nova - Algarve 7<\/title>\n<meta name=\"description\" content=\"Pr\u00e9mio europeu para reabilita\u00e7\u00e3o do solar da m\u00fasica nova Atualidade\" \/>\n<meta name=\"robots\" content=\"index, follow, max-snippet:-1, max-image-preview:large, max-video-preview:-1\" \/>\n<link rel=\"canonical\" href=\"https:\/\/algarve7.pt\/index.php\/2023\/05\/premio-europeu-para-reabilitacao-do-solar-da-musica-nova\/atualidade\/12\/00\/\" \/>\n<meta property=\"og:locale\" content=\"pt_PT\" \/>\n<meta property=\"og:type\" content=\"article\" \/>\n<meta property=\"og:title\" content=\"Pr\u00e9mio europeu para reabilita\u00e7\u00e3o do solar da m\u00fasica nova - Algarve 7\" \/>\n<meta property=\"og:description\" content=\"Pr\u00e9mio europeu para reabilita\u00e7\u00e3o do solar da m\u00fasica nova Atualidade\" \/>\n<meta property=\"og:url\" content=\"https:\/\/algarve7.pt\/index.php\/2023\/05\/premio-europeu-para-reabilitacao-do-solar-da-musica-nova\/atualidade\/12\/00\/\" \/>\n<meta property=\"og:site_name\" content=\"Algarve 7\" \/>\n<meta property=\"article:publisher\" content=\"https:\/\/www.facebook.com\/algarve7\" \/>\n<meta property=\"article:author\" content=\"https:\/\/www.facebook.com\/algarve7\" \/>\n<meta property=\"article:published_time\" content=\"2023-05-06T11:00:00+00:00\" \/>\n<meta property=\"og:image\" content=\"https:\/\/algarve7.pt\/wp-content\/uploads\/2023\/05\/Auditorio-escola-de-musica-CTP\u00ae-21-12-2018-6.jpg\" \/>\n\t<meta property=\"og:image:width\" content=\"1024\" \/>\n\t<meta property=\"og:image:height\" content=\"683\" \/>\n\t<meta property=\"og:image:type\" content=\"image\/jpeg\" \/>\n<meta name=\"author\" content=\"Algarve 7\" \/>\n<meta name=\"twitter:card\" content=\"summary_large_image\" \/>\n<meta name=\"twitter:creator\" content=\"@Algarvesete\" \/>\n<meta name=\"twitter:site\" content=\"@Algarvesete\" \/>\n<meta name=\"twitter:label1\" content=\"Escrito por\" \/>\n\t<meta name=\"twitter:data1\" content=\"Algarve 7\" \/>\n\t<meta name=\"twitter:label2\" content=\"Tempo estimado de leitura\" \/>\n\t<meta name=\"twitter:data2\" content=\"2 minutos\" \/>\n<script type=\"application\/ld+json\" class=\"yoast-schema-graph\">{\"@context\":\"https:\\\/\\\/schema.org\",\"@graph\":[{\"@type\":\"Article\",\"@id\":\"https:\\\/\\\/algarve7.pt\\\/index.php\\\/2023\\\/05\\\/premio-europeu-para-reabilitacao-do-solar-da-musica-nova\\\/atualidade\\\/12\\\/00\\\/#article\",\"isPartOf\":{\"@id\":\"https:\\\/\\\/algarve7.pt\\\/index.php\\\/2023\\\/05\\\/premio-europeu-para-reabilitacao-do-solar-da-musica-nova\\\/atualidade\\\/12\\\/00\\\/\"},\"author\":{\"name\":\"Algarve 7\",\"@id\":\"https:\\\/\\\/algarve7.pt\\\/#\\\/schema\\\/person\\\/23fa70681308e7b319a3204bcea45e0c\"},\"headline\":\"Pr\u00e9mio europeu para reabilita\u00e7\u00e3o do solar da m\u00fasica nova\",\"datePublished\":\"2023-05-06T11:00:00+00:00\",\"mainEntityOfPage\":{\"@id\":\"https:\\\/\\\/algarve7.pt\\\/index.php\\\/2023\\\/05\\\/premio-europeu-para-reabilitacao-do-solar-da-musica-nova\\\/atualidade\\\/12\\\/00\\\/\"},\"wordCount\":424,\"publisher\":{\"@id\":\"https:\\\/\\\/algarve7.pt\\\/#organization\"},\"image\":{\"@id\":\"https:\\\/\\\/algarve7.pt\\\/index.php\\\/2023\\\/05\\\/premio-europeu-para-reabilitacao-do-solar-da-musica-nova\\\/atualidade\\\/12\\\/00\\\/#primaryimage\"},\"thumbnailUrl\":\"https:\\\/\\\/algarve7.pt\\\/wp-content\\\/uploads\\\/2023\\\/05\\\/Auditorio-escola-de-musica-CTP\u00ae-21-12-2018-6.jpg\",\"keywords\":[\"Algarve\",\"Atualidade\",\"Loul\u00e9\",\"Pr\u00e9mio\"],\"articleSection\":[\"Atualidade\"],\"inLanguage\":\"pt-PT\"},{\"@type\":\"WebPage\",\"@id\":\"https:\\\/\\\/algarve7.pt\\\/index.php\\\/2023\\\/05\\\/premio-europeu-para-reabilitacao-do-solar-da-musica-nova\\\/atualidade\\\/12\\\/00\\\/\",\"url\":\"https:\\\/\\\/algarve7.pt\\\/index.php\\\/2023\\\/05\\\/premio-europeu-para-reabilitacao-do-solar-da-musica-nova\\\/atualidade\\\/12\\\/00\\\/\",\"name\":\"Pr\u00e9mio europeu para reabilita\u00e7\u00e3o do solar da m\u00fasica nova - Algarve 7\",\"isPartOf\":{\"@id\":\"https:\\\/\\\/algarve7.pt\\\/#website\"},\"primaryImageOfPage\":{\"@id\":\"https:\\\/\\\/algarve7.pt\\\/index.php\\\/2023\\\/05\\\/premio-europeu-para-reabilitacao-do-solar-da-musica-nova\\\/atualidade\\\/12\\\/00\\\/#primaryimage\"},\"image\":{\"@id\":\"https:\\\/\\\/algarve7.pt\\\/index.php\\\/2023\\\/05\\\/premio-europeu-para-reabilitacao-do-solar-da-musica-nova\\\/atualidade\\\/12\\\/00\\\/#primaryimage\"},\"thumbnailUrl\":\"https:\\\/\\\/algarve7.pt\\\/wp-content\\\/uploads\\\/2023\\\/05\\\/Auditorio-escola-de-musica-CTP\u00ae-21-12-2018-6.jpg\",\"datePublished\":\"2023-05-06T11:00:00+00:00\",\"description\":\"Pr\u00e9mio europeu para reabilita\u00e7\u00e3o do solar da m\u00fasica nova Atualidade\",\"breadcrumb\":{\"@id\":\"https:\\\/\\\/algarve7.pt\\\/index.php\\\/2023\\\/05\\\/premio-europeu-para-reabilitacao-do-solar-da-musica-nova\\\/atualidade\\\/12\\\/00\\\/#breadcrumb\"},\"inLanguage\":\"pt-PT\",\"potentialAction\":[{\"@type\":\"ReadAction\",\"target\":[\"https:\\\/\\\/algarve7.pt\\\/index.php\\\/2023\\\/05\\\/premio-europeu-para-reabilitacao-do-solar-da-musica-nova\\\/atualidade\\\/12\\\/00\\\/\"]}]},{\"@type\":\"ImageObject\",\"inLanguage\":\"pt-PT\",\"@id\":\"https:\\\/\\\/algarve7.pt\\\/index.php\\\/2023\\\/05\\\/premio-europeu-para-reabilitacao-do-solar-da-musica-nova\\\/atualidade\\\/12\\\/00\\\/#primaryimage\",\"url\":\"https:\\\/\\\/algarve7.pt\\\/wp-content\\\/uploads\\\/2023\\\/05\\\/Auditorio-escola-de-musica-CTP\u00ae-21-12-2018-6.jpg\",\"contentUrl\":\"https:\\\/\\\/algarve7.pt\\\/wp-content\\\/uploads\\\/2023\\\/05\\\/Auditorio-escola-de-musica-CTP\u00ae-21-12-2018-6.jpg\",\"width\":1024,\"height\":683},{\"@type\":\"BreadcrumbList\",\"@id\":\"https:\\\/\\\/algarve7.pt\\\/index.php\\\/2023\\\/05\\\/premio-europeu-para-reabilitacao-do-solar-da-musica-nova\\\/atualidade\\\/12\\\/00\\\/#breadcrumb\",\"itemListElement\":[{\"@type\":\"ListItem\",\"position\":1,\"name\":\"In\u00edcio\",\"item\":\"https:\\\/\\\/algarve7.pt\\\/\"},{\"@type\":\"ListItem\",\"position\":2,\"name\":\"Pr\u00e9mio europeu para reabilita\u00e7\u00e3o do solar da m\u00fasica nova\"}]},{\"@type\":\"WebSite\",\"@id\":\"https:\\\/\\\/algarve7.pt\\\/#website\",\"url\":\"https:\\\/\\\/algarve7.pt\\\/\",\"name\":\"Algarve 7\",\"description\":\"Informa\u00e7\u00e3o sobre o Algarve\",\"publisher\":{\"@id\":\"https:\\\/\\\/algarve7.pt\\\/#organization\"},\"potentialAction\":[{\"@type\":\"SearchAction\",\"target\":{\"@type\":\"EntryPoint\",\"urlTemplate\":\"https:\\\/\\\/algarve7.pt\\\/?s={search_term_string}\"},\"query-input\":{\"@type\":\"PropertyValueSpecification\",\"valueRequired\":true,\"valueName\":\"search_term_string\"}}],\"inLanguage\":\"pt-PT\"},{\"@type\":\"Organization\",\"@id\":\"https:\\\/\\\/algarve7.pt\\\/#organization\",\"name\":\"Algarve 7\",\"url\":\"https:\\\/\\\/algarve7.pt\\\/\",\"logo\":{\"@type\":\"ImageObject\",\"inLanguage\":\"pt-PT\",\"@id\":\"https:\\\/\\\/algarve7.pt\\\/#\\\/schema\\\/logo\\\/image\\\/\",\"url\":\"https:\\\/\\\/algarve7.pt\\\/wp-content\\\/uploads\\\/2020\\\/10\\\/Logo-8.jpg\",\"contentUrl\":\"https:\\\/\\\/algarve7.pt\\\/wp-content\\\/uploads\\\/2020\\\/10\\\/Logo-8.jpg\",\"width\":1680,\"height\":1186,\"caption\":\"Algarve 7\"},\"image\":{\"@id\":\"https:\\\/\\\/algarve7.pt\\\/#\\\/schema\\\/logo\\\/image\\\/\"},\"sameAs\":[\"https:\\\/\\\/www.facebook.com\\\/algarve7\",\"https:\\\/\\\/x.com\\\/Algarvesete\",\"https:\\\/\\\/www.instagram.com\\\/jornalalgarve7\\\/\",\"https:\\\/\\\/www.linkedin.com\\\/company\\\/algarve7\",\"https:\\\/\\\/www.pinterest.pt\\\/geral0939\\\/_created\\\/\"]},{\"@type\":\"Person\",\"@id\":\"https:\\\/\\\/algarve7.pt\\\/#\\\/schema\\\/person\\\/23fa70681308e7b319a3204bcea45e0c\",\"name\":\"Algarve 7\",\"sameAs\":[\"https:\\\/\\\/algarve7.pt\",\"https:\\\/\\\/www.facebook.com\\\/algarve7\"],\"url\":\"https:\\\/\\\/algarve7.pt\\\/index.php\\\/author\\\/geralalgarve7-pt\\\/\"}]}<\/script>\n<!-- \/ Yoast SEO plugin. -->","yoast_head_json":{"title":"Pr\u00e9mio europeu para reabilita\u00e7\u00e3o do solar da m\u00fasica nova - Algarve 7","description":"Pr\u00e9mio europeu para reabilita\u00e7\u00e3o do solar da m\u00fasica nova Atualidade","robots":{"index":"index","follow":"follow","max-snippet":"max-snippet:-1","max-image-preview":"max-image-preview:large","max-video-preview":"max-video-preview:-1"},"canonical":"https:\/\/algarve7.pt\/index.php\/2023\/05\/premio-europeu-para-reabilitacao-do-solar-da-musica-nova\/atualidade\/12\/00\/","og_locale":"pt_PT","og_type":"article","og_title":"Pr\u00e9mio europeu para reabilita\u00e7\u00e3o do solar da m\u00fasica nova - Algarve 7","og_description":"Pr\u00e9mio europeu para reabilita\u00e7\u00e3o do solar da m\u00fasica nova Atualidade","og_url":"https:\/\/algarve7.pt\/index.php\/2023\/05\/premio-europeu-para-reabilitacao-do-solar-da-musica-nova\/atualidade\/12\/00\/","og_site_name":"Algarve 7","article_publisher":"https:\/\/www.facebook.com\/algarve7","article_author":"https:\/\/www.facebook.com\/algarve7","article_published_time":"2023-05-06T11:00:00+00:00","og_image":[{"width":1024,"height":683,"url":"https:\/\/algarve7.pt\/wp-content\/uploads\/2023\/05\/Auditorio-escola-de-musica-CTP\u00ae-21-12-2018-6.jpg","type":"image\/jpeg"}],"author":"Algarve 7","twitter_card":"summary_large_image","twitter_creator":"@Algarvesete","twitter_site":"@Algarvesete","twitter_misc":{"Escrito por":"Algarve 7","Tempo estimado de leitura":"2 minutos"},"schema":{"@context":"https:\/\/schema.org","@graph":[{"@type":"Article","@id":"https:\/\/algarve7.pt\/index.php\/2023\/05\/premio-europeu-para-reabilitacao-do-solar-da-musica-nova\/atualidade\/12\/00\/#article","isPartOf":{"@id":"https:\/\/algarve7.pt\/index.php\/2023\/05\/premio-europeu-para-reabilitacao-do-solar-da-musica-nova\/atualidade\/12\/00\/"},"author":{"name":"Algarve 7","@id":"https:\/\/algarve7.pt\/#\/schema\/person\/23fa70681308e7b319a3204bcea45e0c"},"headline":"Pr\u00e9mio europeu para reabilita\u00e7\u00e3o do solar da m\u00fasica nova","datePublished":"2023-05-06T11:00:00+00:00","mainEntityOfPage":{"@id":"https:\/\/algarve7.pt\/index.php\/2023\/05\/premio-europeu-para-reabilitacao-do-solar-da-musica-nova\/atualidade\/12\/00\/"},"wordCount":424,"publisher":{"@id":"https:\/\/algarve7.pt\/#organization"},"image":{"@id":"https:\/\/algarve7.pt\/index.php\/2023\/05\/premio-europeu-para-reabilitacao-do-solar-da-musica-nova\/atualidade\/12\/00\/#primaryimage"},"thumbnailUrl":"https:\/\/algarve7.pt\/wp-content\/uploads\/2023\/05\/Auditorio-escola-de-musica-CTP\u00ae-21-12-2018-6.jpg","keywords":["Algarve","Atualidade","Loul\u00e9","Pr\u00e9mio"],"articleSection":["Atualidade"],"inLanguage":"pt-PT"},{"@type":"WebPage","@id":"https:\/\/algarve7.pt\/index.php\/2023\/05\/premio-europeu-para-reabilitacao-do-solar-da-musica-nova\/atualidade\/12\/00\/","url":"https:\/\/algarve7.pt\/index.php\/2023\/05\/premio-europeu-para-reabilitacao-do-solar-da-musica-nova\/atualidade\/12\/00\/","name":"Pr\u00e9mio europeu para reabilita\u00e7\u00e3o do solar da m\u00fasica nova - Algarve 7","isPartOf":{"@id":"https:\/\/algarve7.pt\/#website"},"primaryImageOfPage":{"@id":"https:\/\/algarve7.pt\/index.php\/2023\/05\/premio-europeu-para-reabilitacao-do-solar-da-musica-nova\/atualidade\/12\/00\/#primaryimage"},"image":{"@id":"https:\/\/algarve7.pt\/index.php\/2023\/05\/premio-europeu-para-reabilitacao-do-solar-da-musica-nova\/atualidade\/12\/00\/#primaryimage"},"thumbnailUrl":"https:\/\/algarve7.pt\/wp-content\/uploads\/2023\/05\/Auditorio-escola-de-musica-CTP\u00ae-21-12-2018-6.jpg","datePublished":"2023-05-06T11:00:00+00:00","description":"Pr\u00e9mio europeu para reabilita\u00e7\u00e3o do solar da m\u00fasica nova Atualidade","breadcrumb":{"@id":"https:\/\/algarve7.pt\/index.php\/2023\/05\/premio-europeu-para-reabilitacao-do-solar-da-musica-nova\/atualidade\/12\/00\/#breadcrumb"},"inLanguage":"pt-PT","potentialAction":[{"@type":"ReadAction","target":["https:\/\/algarve7.pt\/index.php\/2023\/05\/premio-europeu-para-reabilitacao-do-solar-da-musica-nova\/atualidade\/12\/00\/"]}]},{"@type":"ImageObject","inLanguage":"pt-PT","@id":"https:\/\/algarve7.pt\/index.php\/2023\/05\/premio-europeu-para-reabilitacao-do-solar-da-musica-nova\/atualidade\/12\/00\/#primaryimage","url":"https:\/\/algarve7.pt\/wp-content\/uploads\/2023\/05\/Auditorio-escola-de-musica-CTP\u00ae-21-12-2018-6.jpg","contentUrl":"https:\/\/algarve7.pt\/wp-content\/uploads\/2023\/05\/Auditorio-escola-de-musica-CTP\u00ae-21-12-2018-6.jpg","width":1024,"height":683},{"@type":"BreadcrumbList","@id":"https:\/\/algarve7.pt\/index.php\/2023\/05\/premio-europeu-para-reabilitacao-do-solar-da-musica-nova\/atualidade\/12\/00\/#breadcrumb","itemListElement":[{"@type":"ListItem","position":1,"name":"In\u00edcio","item":"https:\/\/algarve7.pt\/"},{"@type":"ListItem","position":2,"name":"Pr\u00e9mio europeu para reabilita\u00e7\u00e3o do solar da m\u00fasica nova"}]},{"@type":"WebSite","@id":"https:\/\/algarve7.pt\/#website","url":"https:\/\/algarve7.pt\/","name":"Algarve 7","description":"Informa\u00e7\u00e3o sobre o Algarve","publisher":{"@id":"https:\/\/algarve7.pt\/#organization"},"potentialAction":[{"@type":"SearchAction","target":{"@type":"EntryPoint","urlTemplate":"https:\/\/algarve7.pt\/?s={search_term_string}"},"query-input":{"@type":"PropertyValueSpecification","valueRequired":true,"valueName":"search_term_string"}}],"inLanguage":"pt-PT"},{"@type":"Organization","@id":"https:\/\/algarve7.pt\/#organization","name":"Algarve 7","url":"https:\/\/algarve7.pt\/","logo":{"@type":"ImageObject","inLanguage":"pt-PT","@id":"https:\/\/algarve7.pt\/#\/schema\/logo\/image\/","url":"https:\/\/algarve7.pt\/wp-content\/uploads\/2020\/10\/Logo-8.jpg","contentUrl":"https:\/\/algarve7.pt\/wp-content\/uploads\/2020\/10\/Logo-8.jpg","width":1680,"height":1186,"caption":"Algarve 7"},"image":{"@id":"https:\/\/algarve7.pt\/#\/schema\/logo\/image\/"},"sameAs":["https:\/\/www.facebook.com\/algarve7","https:\/\/x.com\/Algarvesete","https:\/\/www.instagram.com\/jornalalgarve7\/","https:\/\/www.linkedin.com\/company\/algarve7","https:\/\/www.pinterest.pt\/geral0939\/_created\/"]},{"@type":"Person","@id":"https:\/\/algarve7.pt\/#\/schema\/person\/23fa70681308e7b319a3204bcea45e0c","name":"Algarve 7","sameAs":["https:\/\/algarve7.pt","https:\/\/www.facebook.com\/algarve7"],"url":"https:\/\/algarve7.pt\/index.php\/author\/geralalgarve7-pt\/"}]}},"jetpack_publicize_connections":[],"jetpack_featured_media_url":"https:\/\/algarve7.pt\/wp-content\/uploads\/2023\/05\/Auditorio-escola-de-musica-CTP\u00ae-21-12-2018-6.jpg","jetpack_shortlink":"https:\/\/wp.me\/pcezmW-7b6","jetpack_sharing_enabled":true,"_links":{"self":[{"href":"https:\/\/algarve7.pt\/index.php\/wp-json\/wp\/v2\/posts\/27596","targetHints":{"allow":["GET"]}}],"collection":[{"href":"https:\/\/algarve7.pt\/index.php\/wp-json\/wp\/v2\/posts"}],"about":[{"href":"https:\/\/algarve7.pt\/index.php\/wp-json\/wp\/v2\/types\/post"}],"author":[{"embeddable":true,"href":"https:\/\/algarve7.pt\/index.php\/wp-json\/wp\/v2\/users\/1"}],"replies":[{"embeddable":true,"href":"https:\/\/algarve7.pt\/index.php\/wp-json\/wp\/v2\/comments?post=27596"}],"version-history":[{"count":0,"href":"https:\/\/algarve7.pt\/index.php\/wp-json\/wp\/v2\/posts\/27596\/revisions"}],"wp:featuredmedia":[{"embeddable":true,"href":"https:\/\/algarve7.pt\/index.php\/wp-json\/wp\/v2\/media\/27597"}],"wp:attachment":[{"href":"https:\/\/algarve7.pt\/index.php\/wp-json\/wp\/v2\/media?parent=27596"}],"wp:term":[{"taxonomy":"category","embeddable":true,"href":"https:\/\/algarve7.pt\/index.php\/wp-json\/wp\/v2\/categories?post=27596"},{"taxonomy":"post_tag","embeddable":true,"href":"https:\/\/algarve7.pt\/index.php\/wp-json\/wp\/v2\/tags?post=27596"}],"curies":[{"name":"wp","href":"https:\/\/api.w.org\/{rel}","templated":true}]}}