{"id":27574,"date":"2023-05-04T21:25:53","date_gmt":"2023-05-04T20:25:53","guid":{"rendered":"https:\/\/algarve7.pt\/?p=27574"},"modified":"2023-05-04T21:25:56","modified_gmt":"2023-05-04T20:25:56","slug":"45-carros-para-o-arranque-do-historic-endurance-em-portimao","status":"publish","type":"post","link":"https:\/\/algarve7.pt\/index.php\/2023\/05\/45-carros-para-o-arranque-do-historic-endurance-em-portimao\/desporto\/21\/25\/","title":{"rendered":"45 carros para o arranque do Historic Endurance em Portim\u00e3o"},"content":{"rendered":"\n<p>Ser\u00e1 no mais recente grande palco do automobilismo mundial que arrancar\u00e1, de 5 a 7 de Maio, a temporada de 2023 do Iberian Historic Endurance. As deslumbrantes m\u00e1quinas que formam a competi\u00e7\u00e3o de cl\u00e1ssicos mais prestigiada do sul da Europa v\u00e3o marcar presen\u00e7a no Algarve Welcome Spring para duas corridas de 50 minutos no majestoso Aut\u00f3dromo Internacional do Algarve.&nbsp;<\/p>\n\n\n\n<p>Com \u201ccasa cheia\u201d, como j\u00e1 \u00e9 timbre da competi\u00e7\u00e3o da Race Ready, onde os participantes se demarcam dos demais pelo seu esp\u00edrito \u201cGentlemen Driver\u201d, esperam-se corridas animadas nas quais os pilotos v\u00e3o tirar o m\u00e1ximo prazer da condu\u00e7\u00e3o a alta velocidade e num ambiente seguro destas m\u00e1quinas exclusivas que espalharam magia nos diversos circuitos nacionais e internacionais entre 1965 e 1976.&nbsp;<\/p>\n\n\n\n<p>Quarenta e cinco viaturas de Turismo e GT, provenientes de 8 pa\u00edses diferentes, incluindo alguns modelos ic\u00f3nicos da ind\u00fastria autom\u00f3vel como o Ford GT40, o Alfa Romeo TZ2, o Shelby Cobra Daytona ou o Porsche 911, v\u00e3o competir divididas em cinco classes, conduzidas por pilotos de oito diferentes nacionalidades.<\/p>\n\n\n\n<p>Para Diogo Ferr\u00e3o, o CEO da Race Ready, este arranque da temporada volta a ser especial&nbsp;\u201cporque vamos iniciar mais uma temporada em alta, o que prova que o conceito do Historic Endurance est\u00e1 de sa\u00fade. Para al\u00e9m dos nossos Gentlemen Drivers ib\u00e9ricos que consideram esta a \u201csua casa\u201d, somos sempre visitados por um grande n\u00famero de pilotos do norte da Europa que vem gostam do nosso Relaxed Historic Racing em circuitos fabulosos e com organiza\u00e7\u00e3o de primeiro n\u00edvel. Este ano, a novidade s\u00e3o mesmo v\u00e1rios carros e pilotos que fazem a sua estreia nesta prova\u201d.<\/p>\n\n\n\n<p>ANTEVIS\u00c3O &#8211; &#8220;CINCO EM UM&#8221;<\/p>\n\n\n\n<p>Com cinco classes a partilhar a pista, quem assistir \u00e0s corridas, no circuito ou no dia de domingo no&nbsp;Live Streaming, vai desfrutar de cinco corridas em uma.<\/p>\n\n\n\n<p>GDS:<\/p>\n\n\n\n<p>A classe Gentleman Drivers Spirit (GDS) volta a reunir um leque variado de participantes e m\u00e1quinas de uma beleza e bom gosto destac\u00e1vel. Desde o impec\u00e1vel Datsun 1200 Gr.2 de Jo\u00e3o Neves, passando pelo BMW 1800 TiSA de Alberto e Tomaz Velez-Grilo, ou pelo Alfa Romeo Giulia Ti Super de Rui Bevilacqua\/Ant\u00f3nio Magalh\u00e3es\/Nuno Veiga. Contudo, o favoritismo recai nos tr\u00eas Porsche 911 SWB preparados pela Garagem Jo\u00e3o Gomes para Michel Mora e Nuno Nunes e Piero Dal Maso, este \u00faltimo com o filho Guilherme Dal Maso.<\/p>\n\n\n\n<p>H-1965:<\/p>\n\n\n\n<p>Como \u00e9 habitual, a classe H-1965 \u00e9 aquela que junta o maior n\u00famero de nacionalidades. O holand\u00eas Bart Uiterwaal regressa \u00e0 Pen\u00ednsula Ib\u00e9rica com o seu enorme Ford Mustang, enquanto que o alem\u00e3o Christian Oldendorff ir\u00e1 estrear um elegante e muito raro Alfa Romeo Giulia TZ2. O duo franco-belga Brice Pineau\/Olivier Muytjens estreia entre n\u00f3s um apelativo Shelby Cobra Daytona, o sueco P-A. Forsvall alinha com o seu Lotus Elan, enquanto os duos ib\u00e9ricos Pedro Moriyon\/Jos\u00e9 Carvalhosa e Guillermo Velasco\/Francisco Freitas inscreveram os seus respectivos Porsche 365. Esta luta entre Porsche 356 que tamb\u00e9m conta com o franc\u00eas Fran\u00e7ois Gueran noutro bonito exemplar. De destacar, a ser\u00e1 a estreia de Carlos Alberto Oliveira num rec\u00e9m-adquirido Lotus Elan 26R e do regresso de Francisco Albuquerque em m\u00e1quina id\u00eantica.<\/p>\n\n\n\n<p>H-1971:<\/p>\n\n\n\n<p>Entre os H-1971, os Alfa Romeo GTAm voltaram a ser um \u201ccarro da moda\u201d. Aos j\u00e1 conhecidos alem\u00e3es&nbsp;Bjorn Ebsen e Volker Hichert&nbsp;e \u00e0 dupla portuguesa Jorge Santos\/Alcides Petiz, juntam-se em carros \u201ciguais\u201d Rafael Cerveira Pinto\/Carlos Dias Pedro, dois habitues do Group 1 Portugal que estreiam um novo carro sa\u00eddo das oficinas da RP Motorsport. Inscritos com GTAm, est\u00e3o tamb\u00e9m M\u00e1rio Neto e ainda Roberto Diaz Rincon e ainda a estreia de Jos\u00e9 Oliveira em provas de hist\u00f3ricos em circuitos. Numa classe que pauta pela diversidade dos seus intervenientes, o que dizer da participa\u00e7\u00e3o do FIAT 124 de Rui Garcia\/Miguel Garcia ou do Volvo 142 S (uma novidade no paddock do Historic Endurance) de Tom\u00e1s Baptista. O encanto do \u201cRelaxed Historic Racing\u201d traz para as pistas carros que n\u00e3o o fariam de outra forma, como o Ford Escort TC de Manuel Ferr\u00e3o ou o Porsche 914\/6 de Manuel de la Torre. Mostra do esp\u00edrito familiar que se vive neste eventos, encontramos V\u00edtor e o seu filho Bernardo Costa, em Lotus Elan, uma das cinco duplas de pilotos da mesma fam\u00edlia.<\/p>\n\n\n\n<p>H-1976:<\/p>\n\n\n\n<p>A classe dos H-1976 juntar\u00e1 novamente um grupo de carros de enorme interesse e rapidez reconhecida, onde se destaca o De Tomaso Pantera de Pedro Bastos Rezende, que no Algarve venceu em 2022 tal como o fez no Porsche 911 3.0 RS, viatura que tamb\u00e9m inscreveu a meias com Eduardo Santos. Os muito bem preparados carros da marca alem\u00e3 estar\u00e3o em n\u00famero e em for\u00e7a, com v\u00e1rios pilotos habituados \u00e0s posi\u00e7\u00f5es do p\u00f3dio como as duplas Vasco Nina\/M\u00e1rio Meireles, Carlos Br\u00edzido\/Jo\u00e3o Pina Cardoso, Bruno Duarte\/Filipe Jesus ou Bruno Santos que correr\u00e1 a solo. A armada de Zuffenhausen fica completa com o regresso dos espanh\u00f3is Eduardo Sanchez\/Rafael Sanchez e de Carlos Vieira\/Carlos Amaral. A extensa grelha de partida conta ainda com os quatro Ford Escort RS2000 que mostram que o modelo \u00e9 um excelente compromisso entre a popularidade do modelo e rapidez. Dois para os irm\u00e3os su\u00ed\u00e7os Max e Guillaume Huber em carro\u00e7arias MK2, que contar\u00e3o com a concorr\u00eancia de duas equipas portuguesas, Filipe Nogueira\/Fernando Campos Ferreira e M\u00e1rio Raposo, que desta vez far\u00e1 equipa com Jo\u00e3o Santos. Sa\u00fada-se tamb\u00e9m o regresso do BMW 2002 Tii de Andr\u00e9 Pedro Carvalho que j\u00e1 mostrou ser uma m\u00e1quina bem competitiva.<\/p>\n\n\n\n<p>GTP &amp; SC:<\/p>\n\n\n\n<p>Entre os GTP &amp; SC, os grandes animadores da pret\u00e9rita temporada, o Alfa Romeo Ti Super de Paulo Rompante e o Lotus Seven de Jo\u00e3o Mira Gomes e Nuno Afoito, reencontram-se mas desta vez ter\u00e3o a companhia do espl\u00eandido e rec\u00e9m-chegado Ford GT40 inscrito para o trio Paulo Lima\/Bruno Lima\/Jos\u00e9 Paradela.&nbsp;<\/p>\n\n\n\n<p>Inscritos como \u201cInvitational\u201d, poderemos ainda assistir em pista \u00e0 participa\u00e7\u00e3o de Miguel Lobo, com o seu potente Shelby Cobra Daytona, e ainda \u00e0 estreia do espectacular BMW 3.0 CSL de Miguel Ferreira e Francisco Carvalho, um carro com historial de Grupo 2 e que simboliza o in\u00edcio do ascendente do construtor de Munique nas corridas de Turismo.&nbsp;<\/p>\n\n\n\n<p>Cuervos Y Sobrinos volta a premiar no Index de Performance<\/p>\n\n\n\n<p>O Index de Performance continua a ser em 2023 uma das bandeiras da competi\u00e7\u00e3o promovida pela Race Ready, com o patroc\u00ednio renovado do prestigiado relojoeiro su\u00ed\u00e7o Cuervos Y Sobrinos. Estas m\u00e1quinas de medir o tempo s\u00e3o uma combina\u00e7\u00e3o de luxo, eleg\u00e2ncia, exotismo, criatividade e qualidade excepcionais, e vencedor levar\u00e1 para casa um exemplar exclusivo rel\u00f3gio com \u201calma latina&nbsp;e cora\u00e7\u00e3o su\u00ed\u00e7o\u201d.<\/p>\n\n\n\n<p>Nesta classifica\u00e7\u00e3o especial, reza a hist\u00f3ria que nesta pista os Porsche 365 s\u00e3o quase imbat\u00edveis. No entanto, o automobilismo \u00e9 feito de surpresas e incertezas e os carros de menor cilindrada, como os Lotus Elan, o Datsun 1200 ou os Alfa Giulia Super e TZ2, poder\u00e3o ter uma palavra a dizer&nbsp;<\/p>\n\n\n\n<p>O que \u00e9 novo esta temporada\u2026<br>&nbsp;<\/p>\n\n\n\n<p>&#8211; A exemplo de muitas outras competi\u00e7\u00f5es de cl\u00e1ssicos internacionais de refer\u00eancia, a Race Ready decidiu introduzir a regra que o propriet\u00e1rio do carro ter\u00e1 que conduzir mais de 50% da corrida. Para manter o esp\u00edrito da competi\u00e7\u00e3o, pilotos categorizados pela FIA, como \u201cSilver\u201d, ou acima, ter\u00e3o uma paragem nas boxes 10 segundos mais longa.<\/p>\n\n\n\n<p>&#8211; Em 2023, passa tamb\u00e9m a ser poss\u00edvel inscrever um carro reserva. Isto \u00e9, um piloto caso deseje pode utilizar um segundo carro em caso de avaria ou acidente da viatura inicialmente inscrita.<\/p>\n\n\n\n<p>&#8211; O calend\u00e1rio da temporada de 2023 volta a contemplar alguns dos circuitos m\u00edticos da Europa. Este ano Jerez de la Frontera, um dos circuitos mais carism\u00e1ticos de Espanha, regressa ao calend\u00e1rio.<\/p>\n","protected":false},"excerpt":{"rendered":"<p>Ser\u00e1 no mais recente grande palco do automobilismo mundial que arrancar\u00e1, de 5 a 7 de Maio, a temporada de<\/p>\n","protected":false},"author":1,"featured_media":27575,"comment_status":"closed","ping_status":"open","sticky":false,"template":"","format":"standard","meta":{"colormag_page_container_layout":"default_layout","colormag_page_sidebar_layout":"default_layout","_monsterinsights_skip_tracking":false,"_monsterinsights_sitenote_active":false,"_monsterinsights_sitenote_note":"","_monsterinsights_sitenote_category":0,"jetpack_post_was_ever_published":false,"_jetpack_newsletter_access":"","_jetpack_dont_email_post_to_subs":false,"_jetpack_newsletter_tier_id":0,"_jetpack_memberships_contains_paywalled_content":false,"_jetpack_memberships_contains_paid_content":false,"footnotes":"","jetpack_publicize_message":"","jetpack_publicize_feature_enabled":true,"jetpack_social_post_already_shared":true,"jetpack_social_options":{"image_generator_settings":{"template":"highway","default_image_id":0,"font":"","enabled":false},"version":2}},"categories":[15],"tags":[36,197,40,966],"class_list":["post-27574","post","type-post","status-publish","format-standard","has-post-thumbnail","hentry","category-desporto","tag-algarve","tag-auto","tag-desporto","tag-historic-endurance"],"yoast_head":"<!-- This site is optimized with the Yoast SEO plugin v27.5 - https:\/\/yoast.com\/product\/yoast-seo-wordpress\/ -->\n<title>45 carros para o arranque do Historic Endurance em Portim\u00e3o - Algarve 7<\/title>\n<meta name=\"description\" content=\"45 carros para o arranque do Historic Endurance em Portim\u00e3o Desporto\" \/>\n<meta name=\"robots\" content=\"index, follow, max-snippet:-1, max-image-preview:large, max-video-preview:-1\" \/>\n<link rel=\"canonical\" href=\"https:\/\/algarve7.pt\/index.php\/2023\/05\/45-carros-para-o-arranque-do-historic-endurance-em-portimao\/desporto\/21\/25\/\" \/>\n<meta property=\"og:locale\" content=\"pt_PT\" \/>\n<meta property=\"og:type\" content=\"article\" \/>\n<meta property=\"og:title\" content=\"45 carros para o arranque do Historic Endurance em Portim\u00e3o - Algarve 7\" \/>\n<meta property=\"og:description\" content=\"45 carros para o arranque do Historic Endurance em Portim\u00e3o Desporto\" \/>\n<meta property=\"og:url\" content=\"https:\/\/algarve7.pt\/index.php\/2023\/05\/45-carros-para-o-arranque-do-historic-endurance-em-portimao\/desporto\/21\/25\/\" \/>\n<meta property=\"og:site_name\" content=\"Algarve 7\" \/>\n<meta property=\"article:publisher\" content=\"https:\/\/www.facebook.com\/algarve7\" \/>\n<meta property=\"article:author\" content=\"https:\/\/www.facebook.com\/algarve7\" \/>\n<meta property=\"article:published_time\" content=\"2023-05-04T20:25:53+00:00\" \/>\n<meta property=\"article:modified_time\" content=\"2023-05-04T20:25:56+00:00\" \/>\n<meta property=\"og:image\" content=\"https:\/\/algarve7.pt\/wp-content\/uploads\/2023\/05\/Captura-de-ecra-2023-05-04-as-21.25.03.png\" \/>\n\t<meta property=\"og:image:width\" content=\"1024\" \/>\n\t<meta property=\"og:image:height\" content=\"661\" \/>\n\t<meta property=\"og:image:type\" content=\"image\/png\" \/>\n<meta name=\"author\" content=\"Algarve 7\" \/>\n<meta name=\"twitter:card\" content=\"summary_large_image\" \/>\n<meta name=\"twitter:creator\" content=\"@Algarvesete\" \/>\n<meta name=\"twitter:site\" content=\"@Algarvesete\" \/>\n<meta name=\"twitter:label1\" content=\"Escrito por\" \/>\n\t<meta name=\"twitter:data1\" content=\"Algarve 7\" \/>\n\t<meta name=\"twitter:label2\" content=\"Tempo estimado de leitura\" \/>\n\t<meta name=\"twitter:data2\" content=\"7 minutos\" \/>\n<script type=\"application\/ld+json\" class=\"yoast-schema-graph\">{\"@context\":\"https:\\\/\\\/schema.org\",\"@graph\":[{\"@type\":\"Article\",\"@id\":\"https:\\\/\\\/algarve7.pt\\\/index.php\\\/2023\\\/05\\\/45-carros-para-o-arranque-do-historic-endurance-em-portimao\\\/desporto\\\/21\\\/25\\\/#article\",\"isPartOf\":{\"@id\":\"https:\\\/\\\/algarve7.pt\\\/index.php\\\/2023\\\/05\\\/45-carros-para-o-arranque-do-historic-endurance-em-portimao\\\/desporto\\\/21\\\/25\\\/\"},\"author\":{\"name\":\"Algarve 7\",\"@id\":\"https:\\\/\\\/algarve7.pt\\\/#\\\/schema\\\/person\\\/23fa70681308e7b319a3204bcea45e0c\"},\"headline\":\"45 carros para o arranque do Historic Endurance em Portim\u00e3o\",\"datePublished\":\"2023-05-04T20:25:53+00:00\",\"dateModified\":\"2023-05-04T20:25:56+00:00\",\"mainEntityOfPage\":{\"@id\":\"https:\\\/\\\/algarve7.pt\\\/index.php\\\/2023\\\/05\\\/45-carros-para-o-arranque-do-historic-endurance-em-portimao\\\/desporto\\\/21\\\/25\\\/\"},\"wordCount\":1365,\"publisher\":{\"@id\":\"https:\\\/\\\/algarve7.pt\\\/#organization\"},\"image\":{\"@id\":\"https:\\\/\\\/algarve7.pt\\\/index.php\\\/2023\\\/05\\\/45-carros-para-o-arranque-do-historic-endurance-em-portimao\\\/desporto\\\/21\\\/25\\\/#primaryimage\"},\"thumbnailUrl\":\"https:\\\/\\\/algarve7.pt\\\/wp-content\\\/uploads\\\/2023\\\/05\\\/Captura-de-ecra-2023-05-04-as-21.25.03.png\",\"keywords\":[\"Algarve\",\"Auto\",\"Desporto\",\"Historic Endurance\"],\"articleSection\":[\"Desporto\"],\"inLanguage\":\"pt-PT\"},{\"@type\":\"WebPage\",\"@id\":\"https:\\\/\\\/algarve7.pt\\\/index.php\\\/2023\\\/05\\\/45-carros-para-o-arranque-do-historic-endurance-em-portimao\\\/desporto\\\/21\\\/25\\\/\",\"url\":\"https:\\\/\\\/algarve7.pt\\\/index.php\\\/2023\\\/05\\\/45-carros-para-o-arranque-do-historic-endurance-em-portimao\\\/desporto\\\/21\\\/25\\\/\",\"name\":\"45 carros para o arranque do Historic Endurance em Portim\u00e3o - Algarve 7\",\"isPartOf\":{\"@id\":\"https:\\\/\\\/algarve7.pt\\\/#website\"},\"primaryImageOfPage\":{\"@id\":\"https:\\\/\\\/algarve7.pt\\\/index.php\\\/2023\\\/05\\\/45-carros-para-o-arranque-do-historic-endurance-em-portimao\\\/desporto\\\/21\\\/25\\\/#primaryimage\"},\"image\":{\"@id\":\"https:\\\/\\\/algarve7.pt\\\/index.php\\\/2023\\\/05\\\/45-carros-para-o-arranque-do-historic-endurance-em-portimao\\\/desporto\\\/21\\\/25\\\/#primaryimage\"},\"thumbnailUrl\":\"https:\\\/\\\/algarve7.pt\\\/wp-content\\\/uploads\\\/2023\\\/05\\\/Captura-de-ecra-2023-05-04-as-21.25.03.png\",\"datePublished\":\"2023-05-04T20:25:53+00:00\",\"dateModified\":\"2023-05-04T20:25:56+00:00\",\"description\":\"45 carros para o arranque do Historic Endurance em Portim\u00e3o Desporto\",\"breadcrumb\":{\"@id\":\"https:\\\/\\\/algarve7.pt\\\/index.php\\\/2023\\\/05\\\/45-carros-para-o-arranque-do-historic-endurance-em-portimao\\\/desporto\\\/21\\\/25\\\/#breadcrumb\"},\"inLanguage\":\"pt-PT\",\"potentialAction\":[{\"@type\":\"ReadAction\",\"target\":[\"https:\\\/\\\/algarve7.pt\\\/index.php\\\/2023\\\/05\\\/45-carros-para-o-arranque-do-historic-endurance-em-portimao\\\/desporto\\\/21\\\/25\\\/\"]}]},{\"@type\":\"ImageObject\",\"inLanguage\":\"pt-PT\",\"@id\":\"https:\\\/\\\/algarve7.pt\\\/index.php\\\/2023\\\/05\\\/45-carros-para-o-arranque-do-historic-endurance-em-portimao\\\/desporto\\\/21\\\/25\\\/#primaryimage\",\"url\":\"https:\\\/\\\/algarve7.pt\\\/wp-content\\\/uploads\\\/2023\\\/05\\\/Captura-de-ecra-2023-05-04-as-21.25.03.png\",\"contentUrl\":\"https:\\\/\\\/algarve7.pt\\\/wp-content\\\/uploads\\\/2023\\\/05\\\/Captura-de-ecra-2023-05-04-as-21.25.03.png\",\"width\":1024,\"height\":661},{\"@type\":\"BreadcrumbList\",\"@id\":\"https:\\\/\\\/algarve7.pt\\\/index.php\\\/2023\\\/05\\\/45-carros-para-o-arranque-do-historic-endurance-em-portimao\\\/desporto\\\/21\\\/25\\\/#breadcrumb\",\"itemListElement\":[{\"@type\":\"ListItem\",\"position\":1,\"name\":\"In\u00edcio\",\"item\":\"https:\\\/\\\/algarve7.pt\\\/\"},{\"@type\":\"ListItem\",\"position\":2,\"name\":\"45 carros para o arranque do Historic Endurance em Portim\u00e3o\"}]},{\"@type\":\"WebSite\",\"@id\":\"https:\\\/\\\/algarve7.pt\\\/#website\",\"url\":\"https:\\\/\\\/algarve7.pt\\\/\",\"name\":\"Algarve 7\",\"description\":\"Informa\u00e7\u00e3o sobre o Algarve\",\"publisher\":{\"@id\":\"https:\\\/\\\/algarve7.pt\\\/#organization\"},\"potentialAction\":[{\"@type\":\"SearchAction\",\"target\":{\"@type\":\"EntryPoint\",\"urlTemplate\":\"https:\\\/\\\/algarve7.pt\\\/?s={search_term_string}\"},\"query-input\":{\"@type\":\"PropertyValueSpecification\",\"valueRequired\":true,\"valueName\":\"search_term_string\"}}],\"inLanguage\":\"pt-PT\"},{\"@type\":\"Organization\",\"@id\":\"https:\\\/\\\/algarve7.pt\\\/#organization\",\"name\":\"Algarve 7\",\"url\":\"https:\\\/\\\/algarve7.pt\\\/\",\"logo\":{\"@type\":\"ImageObject\",\"inLanguage\":\"pt-PT\",\"@id\":\"https:\\\/\\\/algarve7.pt\\\/#\\\/schema\\\/logo\\\/image\\\/\",\"url\":\"https:\\\/\\\/algarve7.pt\\\/wp-content\\\/uploads\\\/2020\\\/10\\\/Logo-8.jpg\",\"contentUrl\":\"https:\\\/\\\/algarve7.pt\\\/wp-content\\\/uploads\\\/2020\\\/10\\\/Logo-8.jpg\",\"width\":1680,\"height\":1186,\"caption\":\"Algarve 7\"},\"image\":{\"@id\":\"https:\\\/\\\/algarve7.pt\\\/#\\\/schema\\\/logo\\\/image\\\/\"},\"sameAs\":[\"https:\\\/\\\/www.facebook.com\\\/algarve7\",\"https:\\\/\\\/x.com\\\/Algarvesete\",\"https:\\\/\\\/www.instagram.com\\\/jornalalgarve7\\\/\",\"https:\\\/\\\/www.linkedin.com\\\/company\\\/algarve7\",\"https:\\\/\\\/www.pinterest.pt\\\/geral0939\\\/_created\\\/\"]},{\"@type\":\"Person\",\"@id\":\"https:\\\/\\\/algarve7.pt\\\/#\\\/schema\\\/person\\\/23fa70681308e7b319a3204bcea45e0c\",\"name\":\"Algarve 7\",\"sameAs\":[\"https:\\\/\\\/algarve7.pt\",\"https:\\\/\\\/www.facebook.com\\\/algarve7\"],\"url\":\"https:\\\/\\\/algarve7.pt\\\/index.php\\\/author\\\/geralalgarve7-pt\\\/\"}]}<\/script>\n<!-- \/ Yoast SEO plugin. -->","yoast_head_json":{"title":"45 carros para o arranque do Historic Endurance em Portim\u00e3o - Algarve 7","description":"45 carros para o arranque do Historic Endurance em Portim\u00e3o Desporto","robots":{"index":"index","follow":"follow","max-snippet":"max-snippet:-1","max-image-preview":"max-image-preview:large","max-video-preview":"max-video-preview:-1"},"canonical":"https:\/\/algarve7.pt\/index.php\/2023\/05\/45-carros-para-o-arranque-do-historic-endurance-em-portimao\/desporto\/21\/25\/","og_locale":"pt_PT","og_type":"article","og_title":"45 carros para o arranque do Historic Endurance em Portim\u00e3o - Algarve 7","og_description":"45 carros para o arranque do Historic Endurance em Portim\u00e3o Desporto","og_url":"https:\/\/algarve7.pt\/index.php\/2023\/05\/45-carros-para-o-arranque-do-historic-endurance-em-portimao\/desporto\/21\/25\/","og_site_name":"Algarve 7","article_publisher":"https:\/\/www.facebook.com\/algarve7","article_author":"https:\/\/www.facebook.com\/algarve7","article_published_time":"2023-05-04T20:25:53+00:00","article_modified_time":"2023-05-04T20:25:56+00:00","og_image":[{"width":1024,"height":661,"url":"https:\/\/algarve7.pt\/wp-content\/uploads\/2023\/05\/Captura-de-ecra-2023-05-04-as-21.25.03.png","type":"image\/png"}],"author":"Algarve 7","twitter_card":"summary_large_image","twitter_creator":"@Algarvesete","twitter_site":"@Algarvesete","twitter_misc":{"Escrito por":"Algarve 7","Tempo estimado de leitura":"7 minutos"},"schema":{"@context":"https:\/\/schema.org","@graph":[{"@type":"Article","@id":"https:\/\/algarve7.pt\/index.php\/2023\/05\/45-carros-para-o-arranque-do-historic-endurance-em-portimao\/desporto\/21\/25\/#article","isPartOf":{"@id":"https:\/\/algarve7.pt\/index.php\/2023\/05\/45-carros-para-o-arranque-do-historic-endurance-em-portimao\/desporto\/21\/25\/"},"author":{"name":"Algarve 7","@id":"https:\/\/algarve7.pt\/#\/schema\/person\/23fa70681308e7b319a3204bcea45e0c"},"headline":"45 carros para o arranque do Historic Endurance em Portim\u00e3o","datePublished":"2023-05-04T20:25:53+00:00","dateModified":"2023-05-04T20:25:56+00:00","mainEntityOfPage":{"@id":"https:\/\/algarve7.pt\/index.php\/2023\/05\/45-carros-para-o-arranque-do-historic-endurance-em-portimao\/desporto\/21\/25\/"},"wordCount":1365,"publisher":{"@id":"https:\/\/algarve7.pt\/#organization"},"image":{"@id":"https:\/\/algarve7.pt\/index.php\/2023\/05\/45-carros-para-o-arranque-do-historic-endurance-em-portimao\/desporto\/21\/25\/#primaryimage"},"thumbnailUrl":"https:\/\/algarve7.pt\/wp-content\/uploads\/2023\/05\/Captura-de-ecra-2023-05-04-as-21.25.03.png","keywords":["Algarve","Auto","Desporto","Historic Endurance"],"articleSection":["Desporto"],"inLanguage":"pt-PT"},{"@type":"WebPage","@id":"https:\/\/algarve7.pt\/index.php\/2023\/05\/45-carros-para-o-arranque-do-historic-endurance-em-portimao\/desporto\/21\/25\/","url":"https:\/\/algarve7.pt\/index.php\/2023\/05\/45-carros-para-o-arranque-do-historic-endurance-em-portimao\/desporto\/21\/25\/","name":"45 carros para o arranque do Historic Endurance em Portim\u00e3o - Algarve 7","isPartOf":{"@id":"https:\/\/algarve7.pt\/#website"},"primaryImageOfPage":{"@id":"https:\/\/algarve7.pt\/index.php\/2023\/05\/45-carros-para-o-arranque-do-historic-endurance-em-portimao\/desporto\/21\/25\/#primaryimage"},"image":{"@id":"https:\/\/algarve7.pt\/index.php\/2023\/05\/45-carros-para-o-arranque-do-historic-endurance-em-portimao\/desporto\/21\/25\/#primaryimage"},"thumbnailUrl":"https:\/\/algarve7.pt\/wp-content\/uploads\/2023\/05\/Captura-de-ecra-2023-05-04-as-21.25.03.png","datePublished":"2023-05-04T20:25:53+00:00","dateModified":"2023-05-04T20:25:56+00:00","description":"45 carros para o arranque do Historic Endurance em Portim\u00e3o Desporto","breadcrumb":{"@id":"https:\/\/algarve7.pt\/index.php\/2023\/05\/45-carros-para-o-arranque-do-historic-endurance-em-portimao\/desporto\/21\/25\/#breadcrumb"},"inLanguage":"pt-PT","potentialAction":[{"@type":"ReadAction","target":["https:\/\/algarve7.pt\/index.php\/2023\/05\/45-carros-para-o-arranque-do-historic-endurance-em-portimao\/desporto\/21\/25\/"]}]},{"@type":"ImageObject","inLanguage":"pt-PT","@id":"https:\/\/algarve7.pt\/index.php\/2023\/05\/45-carros-para-o-arranque-do-historic-endurance-em-portimao\/desporto\/21\/25\/#primaryimage","url":"https:\/\/algarve7.pt\/wp-content\/uploads\/2023\/05\/Captura-de-ecra-2023-05-04-as-21.25.03.png","contentUrl":"https:\/\/algarve7.pt\/wp-content\/uploads\/2023\/05\/Captura-de-ecra-2023-05-04-as-21.25.03.png","width":1024,"height":661},{"@type":"BreadcrumbList","@id":"https:\/\/algarve7.pt\/index.php\/2023\/05\/45-carros-para-o-arranque-do-historic-endurance-em-portimao\/desporto\/21\/25\/#breadcrumb","itemListElement":[{"@type":"ListItem","position":1,"name":"In\u00edcio","item":"https:\/\/algarve7.pt\/"},{"@type":"ListItem","position":2,"name":"45 carros para o arranque do Historic Endurance em Portim\u00e3o"}]},{"@type":"WebSite","@id":"https:\/\/algarve7.pt\/#website","url":"https:\/\/algarve7.pt\/","name":"Algarve 7","description":"Informa\u00e7\u00e3o sobre o Algarve","publisher":{"@id":"https:\/\/algarve7.pt\/#organization"},"potentialAction":[{"@type":"SearchAction","target":{"@type":"EntryPoint","urlTemplate":"https:\/\/algarve7.pt\/?s={search_term_string}"},"query-input":{"@type":"PropertyValueSpecification","valueRequired":true,"valueName":"search_term_string"}}],"inLanguage":"pt-PT"},{"@type":"Organization","@id":"https:\/\/algarve7.pt\/#organization","name":"Algarve 7","url":"https:\/\/algarve7.pt\/","logo":{"@type":"ImageObject","inLanguage":"pt-PT","@id":"https:\/\/algarve7.pt\/#\/schema\/logo\/image\/","url":"https:\/\/algarve7.pt\/wp-content\/uploads\/2020\/10\/Logo-8.jpg","contentUrl":"https:\/\/algarve7.pt\/wp-content\/uploads\/2020\/10\/Logo-8.jpg","width":1680,"height":1186,"caption":"Algarve 7"},"image":{"@id":"https:\/\/algarve7.pt\/#\/schema\/logo\/image\/"},"sameAs":["https:\/\/www.facebook.com\/algarve7","https:\/\/x.com\/Algarvesete","https:\/\/www.instagram.com\/jornalalgarve7\/","https:\/\/www.linkedin.com\/company\/algarve7","https:\/\/www.pinterest.pt\/geral0939\/_created\/"]},{"@type":"Person","@id":"https:\/\/algarve7.pt\/#\/schema\/person\/23fa70681308e7b319a3204bcea45e0c","name":"Algarve 7","sameAs":["https:\/\/algarve7.pt","https:\/\/www.facebook.com\/algarve7"],"url":"https:\/\/algarve7.pt\/index.php\/author\/geralalgarve7-pt\/"}]}},"jetpack_publicize_connections":[],"jetpack_featured_media_url":"https:\/\/algarve7.pt\/wp-content\/uploads\/2023\/05\/Captura-de-ecra-2023-05-04-as-21.25.03.png","jetpack_shortlink":"https:\/\/wp.me\/pcezmW-7aK","jetpack_sharing_enabled":true,"_links":{"self":[{"href":"https:\/\/algarve7.pt\/index.php\/wp-json\/wp\/v2\/posts\/27574","targetHints":{"allow":["GET"]}}],"collection":[{"href":"https:\/\/algarve7.pt\/index.php\/wp-json\/wp\/v2\/posts"}],"about":[{"href":"https:\/\/algarve7.pt\/index.php\/wp-json\/wp\/v2\/types\/post"}],"author":[{"embeddable":true,"href":"https:\/\/algarve7.pt\/index.php\/wp-json\/wp\/v2\/users\/1"}],"replies":[{"embeddable":true,"href":"https:\/\/algarve7.pt\/index.php\/wp-json\/wp\/v2\/comments?post=27574"}],"version-history":[{"count":0,"href":"https:\/\/algarve7.pt\/index.php\/wp-json\/wp\/v2\/posts\/27574\/revisions"}],"wp:featuredmedia":[{"embeddable":true,"href":"https:\/\/algarve7.pt\/index.php\/wp-json\/wp\/v2\/media\/27575"}],"wp:attachment":[{"href":"https:\/\/algarve7.pt\/index.php\/wp-json\/wp\/v2\/media?parent=27574"}],"wp:term":[{"taxonomy":"category","embeddable":true,"href":"https:\/\/algarve7.pt\/index.php\/wp-json\/wp\/v2\/categories?post=27574"},{"taxonomy":"post_tag","embeddable":true,"href":"https:\/\/algarve7.pt\/index.php\/wp-json\/wp\/v2\/tags?post=27574"}],"curies":[{"name":"wp","href":"https:\/\/api.w.org\/{rel}","templated":true}]}}