{"id":27557,"date":"2023-05-05T12:50:00","date_gmt":"2023-05-05T11:50:00","guid":{"rendered":"https:\/\/algarve7.pt\/?p=27557"},"modified":"2023-05-04T20:57:25","modified_gmt":"2023-05-04T19:57:25","slug":"portimao-convida-as-familias-a-passarem-um-dia-em-cheio-aprendendo-como-se-vivia-ha-5-000-anos-em-alcalar","status":"publish","type":"post","link":"https:\/\/algarve7.pt\/index.php\/2023\/05\/portimao-convida-as-familias-a-passarem-um-dia-em-cheio-aprendendo-como-se-vivia-ha-5-000-anos-em-alcalar\/cultura\/12\/50\/","title":{"rendered":"Portim\u00e3o convida as fam\u00edlias a passarem um dia em cheio, aprendendo como se vivia h\u00e1 5.000 anos em Alcalar"},"content":{"rendered":"\n<p>A data de 13 de maio vai ser muito especial nos Monumentos Megal\u00edticos de Alcalar, com a realiza\u00e7\u00e3o da recria\u00e7\u00e3o \u201cUm Dia na Pr\u00e9-Hist\u00f3ria\u201d, popular evento sobretudo dirigido \u00e0s fam\u00edlias e promovido pelo Munic\u00edpio de Portim\u00e3o atrav\u00e9s do seu museu, que este ano comemora 15 anos ao servi\u00e7o da mem\u00f3ria e identidade da comunidade local.<\/p>\n\n\n\n<p>Ao longo desta recria\u00e7\u00e3o, que decorre das 10h00 \u00e0s 18h00 e tem entrada livre, os participantes desfrutar\u00e3o de uma experi\u00eancia divertida e memor\u00e1vel, conhecendo o quotidiano das popula\u00e7\u00f5es pr\u00e9-hist\u00f3ricas.<\/p>\n\n\n\n<p>Neste dia em cheio haver\u00e1 ao dispor dos visitantes, quer residentes quer turistas, diversos ateli\u00eas pr\u00e1ticos e did\u00e1ticos representativos das atividades de ca\u00e7a, olaria, gravura, tecelagem, fabrico de ferramentas, processos de talhe, m\u00fasica, prepara\u00e7\u00e3o e cozedura de alimentos, fabrico de cerveja pr\u00e9-hist\u00f3rica, fabrico de instrumentos agr\u00edcolas e adornos, transporte de grandes monol\u00edticos e moagem.<\/p>\n\n\n\n<p>Para al\u00e9m das visitas orientadas aos monumentos megal\u00edticos, a cargo de arque\u00f3logos que escavaram e investigaram este s\u00edtio arqueol\u00f3gico, o dia ser\u00e1 animado pela presen\u00e7a dos alunos dos cursos profissionais de Interpreta\u00e7\u00e3o Teatral e de Cordas e Teclas do Agrupamento das Escolas da Bemposta, que recriar\u00e3o sons e cenas do quotidiano daqueles tempos milenares.<\/p>\n\n\n\n<p>A arqueologia experimental voltar\u00e1 a marcar esta iniciativa, com um conjunto de propostas que permitir\u00e3o aos visitantes participar na prepara\u00e7\u00e3o dos alimentos at\u00e9 \u00e0 sua confe\u00e7\u00e3o, fazendo parte da ementa o berbig\u00e3o, a am\u00eaijoa, o peixe e a carne, tanto de porco como de borrego.<\/p>\n\n\n\n<p>Sem f\u00f3sforos e com facas de s\u00edlex, mais de duas dezenas de volunt\u00e1rios e a equipa do Museu de Portim\u00e3o, j\u00e1 com muita experi\u00eancia neste tipo de recria\u00e7\u00f5es, far\u00e3o o fogo e ir\u00e3o preparar os alimentos como sucedia h\u00e1 5.000 anos, utilizando instrumentos de pedra.<\/p>\n\n\n\n<p>Toda esta diversificada recria\u00e7\u00e3o, que se realiza desde 2006, contar\u00e1 com as colabora\u00e7\u00f5es do Museu de Lagos, das Juntas de Freguesia de Portim\u00e3o, Alvor e Mexilhoeira Grande, da Dire\u00e7\u00e3o Regional de Cultura do Algarve e do Grupo de Amigos do Museu de Portim\u00e3o.<\/p>\n\n\n\n<p><strong>Cinco mil\u00e9nios se passaram<\/strong><\/p>\n\n\n\n<p>Situado a poucos quil\u00f3metros de Portim\u00e3o, no lugar de Alcalar se fixou e viveu h\u00e1 cerca de 5.000 anos uma importante comunidade pr\u00e9-hist\u00f3rica, defendida por muros, trincheiras e taludes.<\/p>\n\n\n\n<p>Junto \u00e0s habita\u00e7\u00f5es foi edificado um importante conjunto de t\u00famulos megal\u00edticos, permitindo os&nbsp;vest\u00edgios encontrados uma aproxima\u00e7\u00e3o ao modo de vida e \u00e0s atividades dessa comunidade e de como ocupou e utilizou o s\u00edtio.<\/p>\n\n\n\n<p>A rela\u00e7\u00e3o desse povo com a morte est\u00e1 patente nas formas de constru\u00e7\u00e3o dos diferentes tipos de sepulcros, desde as sepulturas coletivas at\u00e9 \u00e0s especialmente destinadas aos chefes e seus familiares.<\/p>\n\n\n\n<p>Descobertos e explorados a partir de finais do s\u00e9culo XIX, os monumentos megal\u00edticos de Alcalar est\u00e3o classificados como Monumento Nacional, encontrando-se atualmente duas dessas estruturas funer\u00e1rias (VII e IX) abertas ao p\u00fablico, o que permite um contacto direto com os processos e os materiais utilizados na constru\u00e7\u00e3o.<\/p>\n\n\n\n<p><strong>15 anos ao servi\u00e7o do conhecimento do patrim\u00f3nio local<\/strong><\/p>\n\n\n\n<p>A recria\u00e7\u00e3o hist\u00f3rica do pr\u00f3ximo dia 13 de maio integra o conjunto de iniciativas promovidas pelo Museu de Portim\u00e3o para assinalar o 15\u00ba anivers\u00e1rio, com a inaugura\u00e7\u00e3o da exposi\u00e7\u00e3o \u201cManuel Guerreiro, O Homem do Jazz\u201d, patente de 20 de maio a 3 de setembro, e a 23\u00aa Corrida Fotogr\u00e1fica de Portim\u00e3o, cuja modalidade presencial ter\u00e1 lugar no dia 20 de maio.<\/p>\n\n\n\n<p>Inaugurado em 17 de maio de 2008, o Museu de Portim\u00e3o tem cumprido a sua principal miss\u00e3o, ao assumir-se como um permanente observat\u00f3rio social e laborat\u00f3rio de ideias e de hist\u00f3rias, ponte cultural entre passado e futuro, e decisivo ponto de encontro para a descoberta, o conhecimento e a frui\u00e7\u00e3o do patrim\u00f3nio local.<\/p>\n","protected":false},"excerpt":{"rendered":"<p>A data de 13 de maio vai ser muito especial nos Monumentos Megal\u00edticos de Alcalar, com a realiza\u00e7\u00e3o da recria\u00e7\u00e3o<\/p>\n","protected":false},"author":1,"featured_media":27558,"comment_status":"closed","ping_status":"open","sticky":false,"template":"","format":"standard","meta":{"colormag_page_container_layout":"default_layout","colormag_page_sidebar_layout":"default_layout","_monsterinsights_skip_tracking":false,"_monsterinsights_sitenote_active":false,"_monsterinsights_sitenote_note":"","_monsterinsights_sitenote_category":0,"jetpack_post_was_ever_published":false,"_jetpack_newsletter_access":"","_jetpack_dont_email_post_to_subs":false,"_jetpack_newsletter_tier_id":0,"_jetpack_memberships_contains_paywalled_content":false,"_jetpack_memberships_contains_paid_content":false,"footnotes":"","jetpack_publicize_message":"","jetpack_publicize_feature_enabled":true,"jetpack_social_post_already_shared":true,"jetpack_social_options":{"image_generator_settings":{"template":"highway","default_image_id":0,"font":"","enabled":false},"version":2}},"categories":[14],"tags":[36,35,72],"class_list":["post-27557","post","type-post","status-publish","format-standard","has-post-thumbnail","hentry","category-cultura","tag-algarve","tag-cultura","tag-portimao"],"yoast_head":"<!-- This site is optimized with the Yoast SEO plugin v27.5 - https:\/\/yoast.com\/product\/yoast-seo-wordpress\/ -->\n<title>Portim\u00e3o convida as fam\u00edlias a passarem um dia em cheio, aprendendo como se vivia h\u00e1 5.000 anos em Alcalar - Algarve 7<\/title>\n<meta name=\"description\" content=\"Portim\u00e3o convida as fam\u00edlias a passarem um dia em cheio, aprendendo como se vivia h\u00e1 5.000 anos em Alcalar Cultura\" \/>\n<meta name=\"robots\" content=\"index, follow, max-snippet:-1, max-image-preview:large, max-video-preview:-1\" \/>\n<link rel=\"canonical\" href=\"https:\/\/algarve7.pt\/index.php\/2023\/05\/portimao-convida-as-familias-a-passarem-um-dia-em-cheio-aprendendo-como-se-vivia-ha-5-000-anos-em-alcalar\/cultura\/12\/50\/\" \/>\n<meta property=\"og:locale\" content=\"pt_PT\" \/>\n<meta property=\"og:type\" content=\"article\" \/>\n<meta property=\"og:title\" content=\"Portim\u00e3o convida as fam\u00edlias a passarem um dia em cheio, aprendendo como se vivia h\u00e1 5.000 anos em Alcalar - Algarve 7\" \/>\n<meta property=\"og:description\" content=\"Portim\u00e3o convida as fam\u00edlias a passarem um dia em cheio, aprendendo como se vivia h\u00e1 5.000 anos em Alcalar Cultura\" \/>\n<meta property=\"og:url\" content=\"https:\/\/algarve7.pt\/index.php\/2023\/05\/portimao-convida-as-familias-a-passarem-um-dia-em-cheio-aprendendo-como-se-vivia-ha-5-000-anos-em-alcalar\/cultura\/12\/50\/\" \/>\n<meta property=\"og:site_name\" content=\"Algarve 7\" \/>\n<meta property=\"article:publisher\" content=\"https:\/\/www.facebook.com\/algarve7\" \/>\n<meta property=\"article:author\" content=\"https:\/\/www.facebook.com\/algarve7\" \/>\n<meta property=\"article:published_time\" content=\"2023-05-05T11:50:00+00:00\" \/>\n<meta property=\"og:image\" content=\"https:\/\/algarve7.pt\/wp-content\/uploads\/2023\/05\/Um-Dia-na-Pre-Historia-1.jpg\" \/>\n\t<meta property=\"og:image:width\" content=\"1024\" \/>\n\t<meta property=\"og:image:height\" content=\"683\" \/>\n\t<meta property=\"og:image:type\" content=\"image\/jpeg\" \/>\n<meta name=\"author\" content=\"Algarve 7\" \/>\n<meta name=\"twitter:card\" content=\"summary_large_image\" \/>\n<meta name=\"twitter:creator\" content=\"@Algarvesete\" \/>\n<meta name=\"twitter:site\" content=\"@Algarvesete\" \/>\n<meta name=\"twitter:label1\" content=\"Escrito por\" \/>\n\t<meta name=\"twitter:data1\" content=\"Algarve 7\" \/>\n\t<meta name=\"twitter:label2\" content=\"Tempo estimado de leitura\" \/>\n\t<meta name=\"twitter:data2\" content=\"4 minutos\" \/>\n<script type=\"application\/ld+json\" class=\"yoast-schema-graph\">{\"@context\":\"https:\\\/\\\/schema.org\",\"@graph\":[{\"@type\":\"Article\",\"@id\":\"https:\\\/\\\/algarve7.pt\\\/index.php\\\/2023\\\/05\\\/portimao-convida-as-familias-a-passarem-um-dia-em-cheio-aprendendo-como-se-vivia-ha-5-000-anos-em-alcalar\\\/cultura\\\/12\\\/50\\\/#article\",\"isPartOf\":{\"@id\":\"https:\\\/\\\/algarve7.pt\\\/index.php\\\/2023\\\/05\\\/portimao-convida-as-familias-a-passarem-um-dia-em-cheio-aprendendo-como-se-vivia-ha-5-000-anos-em-alcalar\\\/cultura\\\/12\\\/50\\\/\"},\"author\":{\"name\":\"Algarve 7\",\"@id\":\"https:\\\/\\\/algarve7.pt\\\/#\\\/schema\\\/person\\\/23fa70681308e7b319a3204bcea45e0c\"},\"headline\":\"Portim\u00e3o convida as fam\u00edlias a passarem um dia em cheio, aprendendo como se vivia h\u00e1 5.000 anos em Alcalar\",\"datePublished\":\"2023-05-05T11:50:00+00:00\",\"mainEntityOfPage\":{\"@id\":\"https:\\\/\\\/algarve7.pt\\\/index.php\\\/2023\\\/05\\\/portimao-convida-as-familias-a-passarem-um-dia-em-cheio-aprendendo-como-se-vivia-ha-5-000-anos-em-alcalar\\\/cultura\\\/12\\\/50\\\/\"},\"wordCount\":690,\"publisher\":{\"@id\":\"https:\\\/\\\/algarve7.pt\\\/#organization\"},\"image\":{\"@id\":\"https:\\\/\\\/algarve7.pt\\\/index.php\\\/2023\\\/05\\\/portimao-convida-as-familias-a-passarem-um-dia-em-cheio-aprendendo-como-se-vivia-ha-5-000-anos-em-alcalar\\\/cultura\\\/12\\\/50\\\/#primaryimage\"},\"thumbnailUrl\":\"https:\\\/\\\/algarve7.pt\\\/wp-content\\\/uploads\\\/2023\\\/05\\\/Um-Dia-na-Pre-Historia-1.jpg\",\"keywords\":[\"Algarve\",\"Cultura\",\"Portim\u00e3o\"],\"articleSection\":[\"Cultura\"],\"inLanguage\":\"pt-PT\"},{\"@type\":\"WebPage\",\"@id\":\"https:\\\/\\\/algarve7.pt\\\/index.php\\\/2023\\\/05\\\/portimao-convida-as-familias-a-passarem-um-dia-em-cheio-aprendendo-como-se-vivia-ha-5-000-anos-em-alcalar\\\/cultura\\\/12\\\/50\\\/\",\"url\":\"https:\\\/\\\/algarve7.pt\\\/index.php\\\/2023\\\/05\\\/portimao-convida-as-familias-a-passarem-um-dia-em-cheio-aprendendo-como-se-vivia-ha-5-000-anos-em-alcalar\\\/cultura\\\/12\\\/50\\\/\",\"name\":\"Portim\u00e3o convida as fam\u00edlias a passarem um dia em cheio, aprendendo como se vivia h\u00e1 5.000 anos em Alcalar - Algarve 7\",\"isPartOf\":{\"@id\":\"https:\\\/\\\/algarve7.pt\\\/#website\"},\"primaryImageOfPage\":{\"@id\":\"https:\\\/\\\/algarve7.pt\\\/index.php\\\/2023\\\/05\\\/portimao-convida-as-familias-a-passarem-um-dia-em-cheio-aprendendo-como-se-vivia-ha-5-000-anos-em-alcalar\\\/cultura\\\/12\\\/50\\\/#primaryimage\"},\"image\":{\"@id\":\"https:\\\/\\\/algarve7.pt\\\/index.php\\\/2023\\\/05\\\/portimao-convida-as-familias-a-passarem-um-dia-em-cheio-aprendendo-como-se-vivia-ha-5-000-anos-em-alcalar\\\/cultura\\\/12\\\/50\\\/#primaryimage\"},\"thumbnailUrl\":\"https:\\\/\\\/algarve7.pt\\\/wp-content\\\/uploads\\\/2023\\\/05\\\/Um-Dia-na-Pre-Historia-1.jpg\",\"datePublished\":\"2023-05-05T11:50:00+00:00\",\"description\":\"Portim\u00e3o convida as fam\u00edlias a passarem um dia em cheio, aprendendo como se vivia h\u00e1 5.000 anos em Alcalar Cultura\",\"breadcrumb\":{\"@id\":\"https:\\\/\\\/algarve7.pt\\\/index.php\\\/2023\\\/05\\\/portimao-convida-as-familias-a-passarem-um-dia-em-cheio-aprendendo-como-se-vivia-ha-5-000-anos-em-alcalar\\\/cultura\\\/12\\\/50\\\/#breadcrumb\"},\"inLanguage\":\"pt-PT\",\"potentialAction\":[{\"@type\":\"ReadAction\",\"target\":[\"https:\\\/\\\/algarve7.pt\\\/index.php\\\/2023\\\/05\\\/portimao-convida-as-familias-a-passarem-um-dia-em-cheio-aprendendo-como-se-vivia-ha-5-000-anos-em-alcalar\\\/cultura\\\/12\\\/50\\\/\"]}]},{\"@type\":\"ImageObject\",\"inLanguage\":\"pt-PT\",\"@id\":\"https:\\\/\\\/algarve7.pt\\\/index.php\\\/2023\\\/05\\\/portimao-convida-as-familias-a-passarem-um-dia-em-cheio-aprendendo-como-se-vivia-ha-5-000-anos-em-alcalar\\\/cultura\\\/12\\\/50\\\/#primaryimage\",\"url\":\"https:\\\/\\\/algarve7.pt\\\/wp-content\\\/uploads\\\/2023\\\/05\\\/Um-Dia-na-Pre-Historia-1.jpg\",\"contentUrl\":\"https:\\\/\\\/algarve7.pt\\\/wp-content\\\/uploads\\\/2023\\\/05\\\/Um-Dia-na-Pre-Historia-1.jpg\",\"width\":1024,\"height\":683},{\"@type\":\"BreadcrumbList\",\"@id\":\"https:\\\/\\\/algarve7.pt\\\/index.php\\\/2023\\\/05\\\/portimao-convida-as-familias-a-passarem-um-dia-em-cheio-aprendendo-como-se-vivia-ha-5-000-anos-em-alcalar\\\/cultura\\\/12\\\/50\\\/#breadcrumb\",\"itemListElement\":[{\"@type\":\"ListItem\",\"position\":1,\"name\":\"In\u00edcio\",\"item\":\"https:\\\/\\\/algarve7.pt\\\/\"},{\"@type\":\"ListItem\",\"position\":2,\"name\":\"Portim\u00e3o convida as fam\u00edlias a passarem um dia em cheio, aprendendo como se vivia h\u00e1 5.000 anos em Alcalar\"}]},{\"@type\":\"WebSite\",\"@id\":\"https:\\\/\\\/algarve7.pt\\\/#website\",\"url\":\"https:\\\/\\\/algarve7.pt\\\/\",\"name\":\"Algarve 7\",\"description\":\"Informa\u00e7\u00e3o sobre o Algarve\",\"publisher\":{\"@id\":\"https:\\\/\\\/algarve7.pt\\\/#organization\"},\"potentialAction\":[{\"@type\":\"SearchAction\",\"target\":{\"@type\":\"EntryPoint\",\"urlTemplate\":\"https:\\\/\\\/algarve7.pt\\\/?s={search_term_string}\"},\"query-input\":{\"@type\":\"PropertyValueSpecification\",\"valueRequired\":true,\"valueName\":\"search_term_string\"}}],\"inLanguage\":\"pt-PT\"},{\"@type\":\"Organization\",\"@id\":\"https:\\\/\\\/algarve7.pt\\\/#organization\",\"name\":\"Algarve 7\",\"url\":\"https:\\\/\\\/algarve7.pt\\\/\",\"logo\":{\"@type\":\"ImageObject\",\"inLanguage\":\"pt-PT\",\"@id\":\"https:\\\/\\\/algarve7.pt\\\/#\\\/schema\\\/logo\\\/image\\\/\",\"url\":\"https:\\\/\\\/algarve7.pt\\\/wp-content\\\/uploads\\\/2020\\\/10\\\/Logo-8.jpg\",\"contentUrl\":\"https:\\\/\\\/algarve7.pt\\\/wp-content\\\/uploads\\\/2020\\\/10\\\/Logo-8.jpg\",\"width\":1680,\"height\":1186,\"caption\":\"Algarve 7\"},\"image\":{\"@id\":\"https:\\\/\\\/algarve7.pt\\\/#\\\/schema\\\/logo\\\/image\\\/\"},\"sameAs\":[\"https:\\\/\\\/www.facebook.com\\\/algarve7\",\"https:\\\/\\\/x.com\\\/Algarvesete\",\"https:\\\/\\\/www.instagram.com\\\/jornalalgarve7\\\/\",\"https:\\\/\\\/www.linkedin.com\\\/company\\\/algarve7\",\"https:\\\/\\\/www.pinterest.pt\\\/geral0939\\\/_created\\\/\"]},{\"@type\":\"Person\",\"@id\":\"https:\\\/\\\/algarve7.pt\\\/#\\\/schema\\\/person\\\/23fa70681308e7b319a3204bcea45e0c\",\"name\":\"Algarve 7\",\"sameAs\":[\"https:\\\/\\\/algarve7.pt\",\"https:\\\/\\\/www.facebook.com\\\/algarve7\"],\"url\":\"https:\\\/\\\/algarve7.pt\\\/index.php\\\/author\\\/geralalgarve7-pt\\\/\"}]}<\/script>\n<!-- \/ Yoast SEO plugin. -->","yoast_head_json":{"title":"Portim\u00e3o convida as fam\u00edlias a passarem um dia em cheio, aprendendo como se vivia h\u00e1 5.000 anos em Alcalar - Algarve 7","description":"Portim\u00e3o convida as fam\u00edlias a passarem um dia em cheio, aprendendo como se vivia h\u00e1 5.000 anos em Alcalar Cultura","robots":{"index":"index","follow":"follow","max-snippet":"max-snippet:-1","max-image-preview":"max-image-preview:large","max-video-preview":"max-video-preview:-1"},"canonical":"https:\/\/algarve7.pt\/index.php\/2023\/05\/portimao-convida-as-familias-a-passarem-um-dia-em-cheio-aprendendo-como-se-vivia-ha-5-000-anos-em-alcalar\/cultura\/12\/50\/","og_locale":"pt_PT","og_type":"article","og_title":"Portim\u00e3o convida as fam\u00edlias a passarem um dia em cheio, aprendendo como se vivia h\u00e1 5.000 anos em Alcalar - Algarve 7","og_description":"Portim\u00e3o convida as fam\u00edlias a passarem um dia em cheio, aprendendo como se vivia h\u00e1 5.000 anos em Alcalar Cultura","og_url":"https:\/\/algarve7.pt\/index.php\/2023\/05\/portimao-convida-as-familias-a-passarem-um-dia-em-cheio-aprendendo-como-se-vivia-ha-5-000-anos-em-alcalar\/cultura\/12\/50\/","og_site_name":"Algarve 7","article_publisher":"https:\/\/www.facebook.com\/algarve7","article_author":"https:\/\/www.facebook.com\/algarve7","article_published_time":"2023-05-05T11:50:00+00:00","og_image":[{"width":1024,"height":683,"url":"https:\/\/algarve7.pt\/wp-content\/uploads\/2023\/05\/Um-Dia-na-Pre-Historia-1.jpg","type":"image\/jpeg"}],"author":"Algarve 7","twitter_card":"summary_large_image","twitter_creator":"@Algarvesete","twitter_site":"@Algarvesete","twitter_misc":{"Escrito por":"Algarve 7","Tempo estimado de leitura":"4 minutos"},"schema":{"@context":"https:\/\/schema.org","@graph":[{"@type":"Article","@id":"https:\/\/algarve7.pt\/index.php\/2023\/05\/portimao-convida-as-familias-a-passarem-um-dia-em-cheio-aprendendo-como-se-vivia-ha-5-000-anos-em-alcalar\/cultura\/12\/50\/#article","isPartOf":{"@id":"https:\/\/algarve7.pt\/index.php\/2023\/05\/portimao-convida-as-familias-a-passarem-um-dia-em-cheio-aprendendo-como-se-vivia-ha-5-000-anos-em-alcalar\/cultura\/12\/50\/"},"author":{"name":"Algarve 7","@id":"https:\/\/algarve7.pt\/#\/schema\/person\/23fa70681308e7b319a3204bcea45e0c"},"headline":"Portim\u00e3o convida as fam\u00edlias a passarem um dia em cheio, aprendendo como se vivia h\u00e1 5.000 anos em Alcalar","datePublished":"2023-05-05T11:50:00+00:00","mainEntityOfPage":{"@id":"https:\/\/algarve7.pt\/index.php\/2023\/05\/portimao-convida-as-familias-a-passarem-um-dia-em-cheio-aprendendo-como-se-vivia-ha-5-000-anos-em-alcalar\/cultura\/12\/50\/"},"wordCount":690,"publisher":{"@id":"https:\/\/algarve7.pt\/#organization"},"image":{"@id":"https:\/\/algarve7.pt\/index.php\/2023\/05\/portimao-convida-as-familias-a-passarem-um-dia-em-cheio-aprendendo-como-se-vivia-ha-5-000-anos-em-alcalar\/cultura\/12\/50\/#primaryimage"},"thumbnailUrl":"https:\/\/algarve7.pt\/wp-content\/uploads\/2023\/05\/Um-Dia-na-Pre-Historia-1.jpg","keywords":["Algarve","Cultura","Portim\u00e3o"],"articleSection":["Cultura"],"inLanguage":"pt-PT"},{"@type":"WebPage","@id":"https:\/\/algarve7.pt\/index.php\/2023\/05\/portimao-convida-as-familias-a-passarem-um-dia-em-cheio-aprendendo-como-se-vivia-ha-5-000-anos-em-alcalar\/cultura\/12\/50\/","url":"https:\/\/algarve7.pt\/index.php\/2023\/05\/portimao-convida-as-familias-a-passarem-um-dia-em-cheio-aprendendo-como-se-vivia-ha-5-000-anos-em-alcalar\/cultura\/12\/50\/","name":"Portim\u00e3o convida as fam\u00edlias a passarem um dia em cheio, aprendendo como se vivia h\u00e1 5.000 anos em Alcalar - Algarve 7","isPartOf":{"@id":"https:\/\/algarve7.pt\/#website"},"primaryImageOfPage":{"@id":"https:\/\/algarve7.pt\/index.php\/2023\/05\/portimao-convida-as-familias-a-passarem-um-dia-em-cheio-aprendendo-como-se-vivia-ha-5-000-anos-em-alcalar\/cultura\/12\/50\/#primaryimage"},"image":{"@id":"https:\/\/algarve7.pt\/index.php\/2023\/05\/portimao-convida-as-familias-a-passarem-um-dia-em-cheio-aprendendo-como-se-vivia-ha-5-000-anos-em-alcalar\/cultura\/12\/50\/#primaryimage"},"thumbnailUrl":"https:\/\/algarve7.pt\/wp-content\/uploads\/2023\/05\/Um-Dia-na-Pre-Historia-1.jpg","datePublished":"2023-05-05T11:50:00+00:00","description":"Portim\u00e3o convida as fam\u00edlias a passarem um dia em cheio, aprendendo como se vivia h\u00e1 5.000 anos em Alcalar Cultura","breadcrumb":{"@id":"https:\/\/algarve7.pt\/index.php\/2023\/05\/portimao-convida-as-familias-a-passarem-um-dia-em-cheio-aprendendo-como-se-vivia-ha-5-000-anos-em-alcalar\/cultura\/12\/50\/#breadcrumb"},"inLanguage":"pt-PT","potentialAction":[{"@type":"ReadAction","target":["https:\/\/algarve7.pt\/index.php\/2023\/05\/portimao-convida-as-familias-a-passarem-um-dia-em-cheio-aprendendo-como-se-vivia-ha-5-000-anos-em-alcalar\/cultura\/12\/50\/"]}]},{"@type":"ImageObject","inLanguage":"pt-PT","@id":"https:\/\/algarve7.pt\/index.php\/2023\/05\/portimao-convida-as-familias-a-passarem-um-dia-em-cheio-aprendendo-como-se-vivia-ha-5-000-anos-em-alcalar\/cultura\/12\/50\/#primaryimage","url":"https:\/\/algarve7.pt\/wp-content\/uploads\/2023\/05\/Um-Dia-na-Pre-Historia-1.jpg","contentUrl":"https:\/\/algarve7.pt\/wp-content\/uploads\/2023\/05\/Um-Dia-na-Pre-Historia-1.jpg","width":1024,"height":683},{"@type":"BreadcrumbList","@id":"https:\/\/algarve7.pt\/index.php\/2023\/05\/portimao-convida-as-familias-a-passarem-um-dia-em-cheio-aprendendo-como-se-vivia-ha-5-000-anos-em-alcalar\/cultura\/12\/50\/#breadcrumb","itemListElement":[{"@type":"ListItem","position":1,"name":"In\u00edcio","item":"https:\/\/algarve7.pt\/"},{"@type":"ListItem","position":2,"name":"Portim\u00e3o convida as fam\u00edlias a passarem um dia em cheio, aprendendo como se vivia h\u00e1 5.000 anos em Alcalar"}]},{"@type":"WebSite","@id":"https:\/\/algarve7.pt\/#website","url":"https:\/\/algarve7.pt\/","name":"Algarve 7","description":"Informa\u00e7\u00e3o sobre o Algarve","publisher":{"@id":"https:\/\/algarve7.pt\/#organization"},"potentialAction":[{"@type":"SearchAction","target":{"@type":"EntryPoint","urlTemplate":"https:\/\/algarve7.pt\/?s={search_term_string}"},"query-input":{"@type":"PropertyValueSpecification","valueRequired":true,"valueName":"search_term_string"}}],"inLanguage":"pt-PT"},{"@type":"Organization","@id":"https:\/\/algarve7.pt\/#organization","name":"Algarve 7","url":"https:\/\/algarve7.pt\/","logo":{"@type":"ImageObject","inLanguage":"pt-PT","@id":"https:\/\/algarve7.pt\/#\/schema\/logo\/image\/","url":"https:\/\/algarve7.pt\/wp-content\/uploads\/2020\/10\/Logo-8.jpg","contentUrl":"https:\/\/algarve7.pt\/wp-content\/uploads\/2020\/10\/Logo-8.jpg","width":1680,"height":1186,"caption":"Algarve 7"},"image":{"@id":"https:\/\/algarve7.pt\/#\/schema\/logo\/image\/"},"sameAs":["https:\/\/www.facebook.com\/algarve7","https:\/\/x.com\/Algarvesete","https:\/\/www.instagram.com\/jornalalgarve7\/","https:\/\/www.linkedin.com\/company\/algarve7","https:\/\/www.pinterest.pt\/geral0939\/_created\/"]},{"@type":"Person","@id":"https:\/\/algarve7.pt\/#\/schema\/person\/23fa70681308e7b319a3204bcea45e0c","name":"Algarve 7","sameAs":["https:\/\/algarve7.pt","https:\/\/www.facebook.com\/algarve7"],"url":"https:\/\/algarve7.pt\/index.php\/author\/geralalgarve7-pt\/"}]}},"jetpack_publicize_connections":[],"jetpack_featured_media_url":"https:\/\/algarve7.pt\/wp-content\/uploads\/2023\/05\/Um-Dia-na-Pre-Historia-1.jpg","jetpack_shortlink":"https:\/\/wp.me\/pcezmW-7at","jetpack_sharing_enabled":true,"_links":{"self":[{"href":"https:\/\/algarve7.pt\/index.php\/wp-json\/wp\/v2\/posts\/27557","targetHints":{"allow":["GET"]}}],"collection":[{"href":"https:\/\/algarve7.pt\/index.php\/wp-json\/wp\/v2\/posts"}],"about":[{"href":"https:\/\/algarve7.pt\/index.php\/wp-json\/wp\/v2\/types\/post"}],"author":[{"embeddable":true,"href":"https:\/\/algarve7.pt\/index.php\/wp-json\/wp\/v2\/users\/1"}],"replies":[{"embeddable":true,"href":"https:\/\/algarve7.pt\/index.php\/wp-json\/wp\/v2\/comments?post=27557"}],"version-history":[{"count":0,"href":"https:\/\/algarve7.pt\/index.php\/wp-json\/wp\/v2\/posts\/27557\/revisions"}],"wp:featuredmedia":[{"embeddable":true,"href":"https:\/\/algarve7.pt\/index.php\/wp-json\/wp\/v2\/media\/27558"}],"wp:attachment":[{"href":"https:\/\/algarve7.pt\/index.php\/wp-json\/wp\/v2\/media?parent=27557"}],"wp:term":[{"taxonomy":"category","embeddable":true,"href":"https:\/\/algarve7.pt\/index.php\/wp-json\/wp\/v2\/categories?post=27557"},{"taxonomy":"post_tag","embeddable":true,"href":"https:\/\/algarve7.pt\/index.php\/wp-json\/wp\/v2\/tags?post=27557"}],"curies":[{"name":"wp","href":"https:\/\/api.w.org\/{rel}","templated":true}]}}