{"id":27513,"date":"2023-05-03T12:50:21","date_gmt":"2023-05-03T11:50:21","guid":{"rendered":"https:\/\/algarve7.pt\/?p=27513"},"modified":"2023-05-03T12:50:24","modified_gmt":"2023-05-03T11:50:24","slug":"assembleia-intermunicipal-reune-se-em-lagos-para-discutir-assuntos-da-regiao","status":"publish","type":"post","link":"https:\/\/algarve7.pt\/index.php\/2023\/05\/assembleia-intermunicipal-reune-se-em-lagos-para-discutir-assuntos-da-regiao\/atualidade\/12\/50\/","title":{"rendered":"Assembleia Intermunicipal re\u00fane-se em Lagos para discutir assuntos da regi\u00e3o"},"content":{"rendered":"\n<p>Na 1\u00aa Sess\u00e3o deste ano da Assembleia Intermunicipal do Algarve, foram aprovados os Documentos de Presta\u00e7\u00e3o de Contas de 2022 da AMAL, a 1\u00aa Revis\u00e3o ao Or\u00e7amento e Grandes Op\u00e7\u00f5es do Plano de 2023 e diversas Mo\u00e7\u00f5es apresentadas pelos Grupos Intermunicipais da CDU e do PAN. Foram tamb\u00e9m dadas a conhecer as iniciativas e projetos que a AMAL tem estado a desenvolver.<\/p>\n\n\n\n<p>A sess\u00e3o decorreu na tarde da \u00faltima sexta-feira, 28 de abril, no Audit\u00f3rio dos Pa\u00e7os do Concelho, em Lagos, e contou com a presen\u00e7a de 44 dos 58 membros que integram este \u00f3rg\u00e3o da AMAL. Insere-se no roteiro&nbsp;<strong>Assembleia Intermunicipal em Movimento<\/strong>, uma iniciativa do Presidente da Assembleia,&nbsp;Jos\u00e9 \u00c1guas da Cruz, que tem vindo a promover, durante o seu mandato, a realiza\u00e7\u00e3o destas sess\u00f5es descentralizadas nos munic\u00edpios do Algarve, com o objetivo de motivar os algarvios para a discuss\u00e3o dos grandes temas respeitantes \u00e0 regi\u00e3o. Desde o in\u00edcio deste roteiro, em dezembro de 2021, a Assembleia Intermunicipal j\u00e1 realizou sess\u00f5es nos munic\u00edpios de Faro, Lagoa, Vila Real de Santo Ant\u00f3nio, Loul\u00e9 e agora Lagos.<\/p>\n\n\n\n<p>No Per\u00edodo de Antes da Ordem do Dia, foram apresentados, pelos Grupos Intermunicipais da CDU e do PAN, cinco documentos para discuss\u00e3o e vota\u00e7\u00e3o.<\/p>\n\n\n\n<p>A saber: uma \u201c<em>Sauda\u00e7\u00e3o ao 1\u00ba de Maio, Dia Internacional do Trabalhador<\/em>\u201d,&nbsp;apresentada pelo Grupo Intermunicipal da CDU, (aprovada por unanimidade); duas mo\u00e7\u00f5es, tamb\u00e9m pela CDU&nbsp;&#8211;&nbsp;<em>\u201cLiga\u00e7\u00e3o do sistema de rega do Arade, bloco de Silves, ao adutor Funcho \u2013 Esta\u00e7\u00e3o de Tratamento de \u00c1gua (Alcantarilha),&nbsp;<\/em>(aprovada por maioria); e uma segunda intitulada \u201c<em>N\u00e3o pode ficar para tr\u00e1s a constru\u00e7\u00e3o da Variante \u00e0 EN125 em Odi\u00e1xere\u201d<\/em>&nbsp;(aprovada por unanimidade) e, ainda por parte deste Grupo Intermunicipal foi apresentada a Recomenda\u00e7\u00e3o \u201c<em>Apoio Extraordin\u00e1rio \u00e0s Associa\u00e7\u00f5es Humanit\u00e1rias de Bombeiros Volunt\u00e1rios do Algarve<\/em>\u201d (aprovada por unanimidade).<\/p>\n\n\n\n<p>Foi igualmente votada a mo\u00e7\u00e3o, apresentada pelo Grupo Intermunicipal do PAN, \u201c<em>Fim imediato do abate de \u00e1rvores e podas extremas em espa\u00e7os municipais no Algarve<\/em>\u201d (aprovada por unanimidade).<\/p>\n\n\n\n<p>No Per\u00edodo da Ordem do Dia, foram dadas a conhecer as&nbsp;atividades que a Comunidade Intermunicipal do Algarve tem desenvolvido nos primeiros meses deste ano.<\/p>\n\n\n\n<p>Tanto o Presidente da AMAL, Ant\u00f3nio Pina, como o Primeiro Secret\u00e1rio, Joaquim Brand\u00e3o Pires, aproveitaram a ocasi\u00e3o para prestar alguns esclarecimentos em rela\u00e7\u00e3o a quest\u00f5es que t\u00eam sido trabalhadas na Comunidade Intermunicipal, e que s\u00e3o uma preocupa\u00e7\u00e3o dos 16 Presidentes de C\u00e2mara, nomeadamente a quest\u00e3o da Mobilidade e a promo\u00e7\u00e3o do transporte p\u00fablico coletivo na regi\u00e3o, a quest\u00e3o da efici\u00eancia h\u00eddrica e das iniciativas que est\u00e3o em curso no \u00e2mbito do Programa de Recupera\u00e7\u00e3o e Resili\u00eancia para a redu\u00e7\u00e3o de perdas de \u00e1gua, tendo em conta a escassez de \u00e1gua no Algarve.&nbsp;<\/p>\n\n\n\n<p>No decorrer da reuni\u00e3o, foram ainda aprovados os Documentos de Presta\u00e7\u00e3o de Contas de 2022,&nbsp;1\u00aa Revis\u00e3o ao Or\u00e7amento e GOP do ano 2023&nbsp;da AMAL&nbsp;e as 1\u00aas Altera\u00e7\u00f5es do seu Plano de Recrutamento e Mapa de Pessoal.<\/p>\n\n\n\n<p>O \u00faltimo ponto disse respeito \u00e0 aprecia\u00e7\u00e3o e aprova\u00e7\u00e3o, sob proposta do Conselho Intermunicipal, da autoriza\u00e7\u00e3o pr\u00e9via para a assun\u00e7\u00e3o do compromisso plurianual, relativo \u00e0 ced\u00eancia de utiliza\u00e7\u00e3o de parte do pr\u00e9dio do Estado, denominado &#8220;Ex-Governo Civil de Faro&#8221;.<\/p>\n\n\n\n<p>As reuni\u00f5es da Assembleia Intermunicipal da AMAL realizam-se duas vezes por ano, sendo que a pr\u00f3xima dever\u00e1 acontecer em dezembro, em Castro Marim.<\/p>\n\n\n\n<p>As Mo\u00e7\u00f5es aprovadas nesta Sess\u00e3o podem consultadas em\u00a0<a href=\"https:\/\/amal.pt\/comunicacao\/845-assembleia-intermunicipal-reune-se-em-lagos-para-discutir-assuntos-da-regiao\" target=\"_blank\" rel=\"noreferrer noopener\">https:\/\/amal.pt\/comunicacao\/845-assembleia-intermunicipal-reune-se-em-lagos-para-discutir-assuntos-da-regiao<\/a><\/p>\n","protected":false},"excerpt":{"rendered":"<p>Na 1\u00aa Sess\u00e3o deste ano da Assembleia Intermunicipal do Algarve, foram aprovados os Documentos de Presta\u00e7\u00e3o de Contas de 2022<\/p>\n","protected":false},"author":1,"featured_media":27514,"comment_status":"closed","ping_status":"open","sticky":false,"template":"","format":"standard","meta":{"colormag_page_container_layout":"default_layout","colormag_page_sidebar_layout":"default_layout","_monsterinsights_skip_tracking":false,"_monsterinsights_sitenote_active":false,"_monsterinsights_sitenote_note":"","_monsterinsights_sitenote_category":0,"jetpack_post_was_ever_published":false,"_jetpack_newsletter_access":"","_jetpack_dont_email_post_to_subs":false,"_jetpack_newsletter_tier_id":0,"_jetpack_memberships_contains_paywalled_content":false,"_jetpack_memberships_contains_paid_content":false,"footnotes":"","jetpack_publicize_message":"","jetpack_publicize_feature_enabled":true,"jetpack_social_post_already_shared":true,"jetpack_social_options":{"image_generator_settings":{"template":"highway","default_image_id":0,"font":"","enabled":false},"version":2}},"categories":[11],"tags":[36,207,62,68],"class_list":["post-27513","post","type-post","status-publish","format-standard","has-post-thumbnail","hentry","category-atualidade","tag-algarve","tag-amal","tag-atualidade","tag-lagos"],"yoast_head":"<!-- This site is optimized with the Yoast SEO plugin v27.5 - https:\/\/yoast.com\/product\/yoast-seo-wordpress\/ -->\n<title>Assembleia Intermunicipal re\u00fane-se em Lagos para discutir assuntos da regi\u00e3o - Algarve 7<\/title>\n<meta name=\"description\" content=\"Assembleia Intermunicipal re\u00fane-se em Lagos para discutir assuntos da regi\u00e3o Atualidade\" \/>\n<meta name=\"robots\" content=\"index, follow, max-snippet:-1, max-image-preview:large, max-video-preview:-1\" \/>\n<link rel=\"canonical\" href=\"https:\/\/algarve7.pt\/index.php\/2023\/05\/assembleia-intermunicipal-reune-se-em-lagos-para-discutir-assuntos-da-regiao\/atualidade\/12\/50\/\" \/>\n<meta property=\"og:locale\" content=\"pt_PT\" \/>\n<meta property=\"og:type\" content=\"article\" \/>\n<meta property=\"og:title\" content=\"Assembleia Intermunicipal re\u00fane-se em Lagos para discutir assuntos da regi\u00e3o - Algarve 7\" \/>\n<meta property=\"og:description\" content=\"Assembleia Intermunicipal re\u00fane-se em Lagos para discutir assuntos da regi\u00e3o Atualidade\" \/>\n<meta property=\"og:url\" content=\"https:\/\/algarve7.pt\/index.php\/2023\/05\/assembleia-intermunicipal-reune-se-em-lagos-para-discutir-assuntos-da-regiao\/atualidade\/12\/50\/\" \/>\n<meta property=\"og:site_name\" content=\"Algarve 7\" \/>\n<meta property=\"article:publisher\" content=\"https:\/\/www.facebook.com\/algarve7\" \/>\n<meta property=\"article:author\" content=\"https:\/\/www.facebook.com\/algarve7\" \/>\n<meta property=\"article:published_time\" content=\"2023-05-03T11:50:21+00:00\" \/>\n<meta property=\"article:modified_time\" content=\"2023-05-03T11:50:24+00:00\" \/>\n<meta property=\"og:image\" content=\"https:\/\/algarve7.pt\/wp-content\/uploads\/2023\/05\/Foto-2.jpg\" \/>\n\t<meta property=\"og:image:width\" content=\"2048\" \/>\n\t<meta property=\"og:image:height\" content=\"923\" \/>\n\t<meta property=\"og:image:type\" content=\"image\/jpeg\" \/>\n<meta name=\"author\" content=\"Algarve 7\" \/>\n<meta name=\"twitter:card\" content=\"summary_large_image\" \/>\n<meta name=\"twitter:creator\" content=\"@Algarvesete\" \/>\n<meta name=\"twitter:site\" content=\"@Algarvesete\" \/>\n<meta name=\"twitter:label1\" content=\"Escrito por\" \/>\n\t<meta name=\"twitter:data1\" content=\"Algarve 7\" \/>\n\t<meta name=\"twitter:label2\" content=\"Tempo estimado de leitura\" \/>\n\t<meta name=\"twitter:data2\" content=\"4 minutos\" \/>\n<script type=\"application\/ld+json\" class=\"yoast-schema-graph\">{\"@context\":\"https:\\\/\\\/schema.org\",\"@graph\":[{\"@type\":\"Article\",\"@id\":\"https:\\\/\\\/algarve7.pt\\\/index.php\\\/2023\\\/05\\\/assembleia-intermunicipal-reune-se-em-lagos-para-discutir-assuntos-da-regiao\\\/atualidade\\\/12\\\/50\\\/#article\",\"isPartOf\":{\"@id\":\"https:\\\/\\\/algarve7.pt\\\/index.php\\\/2023\\\/05\\\/assembleia-intermunicipal-reune-se-em-lagos-para-discutir-assuntos-da-regiao\\\/atualidade\\\/12\\\/50\\\/\"},\"author\":{\"name\":\"Algarve 7\",\"@id\":\"https:\\\/\\\/algarve7.pt\\\/#\\\/schema\\\/person\\\/23fa70681308e7b319a3204bcea45e0c\"},\"headline\":\"Assembleia Intermunicipal re\u00fane-se em Lagos para discutir assuntos da regi\u00e3o\",\"datePublished\":\"2023-05-03T11:50:21+00:00\",\"dateModified\":\"2023-05-03T11:50:24+00:00\",\"mainEntityOfPage\":{\"@id\":\"https:\\\/\\\/algarve7.pt\\\/index.php\\\/2023\\\/05\\\/assembleia-intermunicipal-reune-se-em-lagos-para-discutir-assuntos-da-regiao\\\/atualidade\\\/12\\\/50\\\/\"},\"wordCount\":639,\"publisher\":{\"@id\":\"https:\\\/\\\/algarve7.pt\\\/#organization\"},\"image\":{\"@id\":\"https:\\\/\\\/algarve7.pt\\\/index.php\\\/2023\\\/05\\\/assembleia-intermunicipal-reune-se-em-lagos-para-discutir-assuntos-da-regiao\\\/atualidade\\\/12\\\/50\\\/#primaryimage\"},\"thumbnailUrl\":\"https:\\\/\\\/algarve7.pt\\\/wp-content\\\/uploads\\\/2023\\\/05\\\/Foto-2.jpg\",\"keywords\":[\"Algarve\",\"Amal\",\"Atualidade\",\"Lagos\"],\"articleSection\":[\"Atualidade\"],\"inLanguage\":\"pt-PT\"},{\"@type\":\"WebPage\",\"@id\":\"https:\\\/\\\/algarve7.pt\\\/index.php\\\/2023\\\/05\\\/assembleia-intermunicipal-reune-se-em-lagos-para-discutir-assuntos-da-regiao\\\/atualidade\\\/12\\\/50\\\/\",\"url\":\"https:\\\/\\\/algarve7.pt\\\/index.php\\\/2023\\\/05\\\/assembleia-intermunicipal-reune-se-em-lagos-para-discutir-assuntos-da-regiao\\\/atualidade\\\/12\\\/50\\\/\",\"name\":\"Assembleia Intermunicipal re\u00fane-se em Lagos para discutir assuntos da regi\u00e3o - Algarve 7\",\"isPartOf\":{\"@id\":\"https:\\\/\\\/algarve7.pt\\\/#website\"},\"primaryImageOfPage\":{\"@id\":\"https:\\\/\\\/algarve7.pt\\\/index.php\\\/2023\\\/05\\\/assembleia-intermunicipal-reune-se-em-lagos-para-discutir-assuntos-da-regiao\\\/atualidade\\\/12\\\/50\\\/#primaryimage\"},\"image\":{\"@id\":\"https:\\\/\\\/algarve7.pt\\\/index.php\\\/2023\\\/05\\\/assembleia-intermunicipal-reune-se-em-lagos-para-discutir-assuntos-da-regiao\\\/atualidade\\\/12\\\/50\\\/#primaryimage\"},\"thumbnailUrl\":\"https:\\\/\\\/algarve7.pt\\\/wp-content\\\/uploads\\\/2023\\\/05\\\/Foto-2.jpg\",\"datePublished\":\"2023-05-03T11:50:21+00:00\",\"dateModified\":\"2023-05-03T11:50:24+00:00\",\"description\":\"Assembleia Intermunicipal re\u00fane-se em Lagos para discutir assuntos da regi\u00e3o Atualidade\",\"breadcrumb\":{\"@id\":\"https:\\\/\\\/algarve7.pt\\\/index.php\\\/2023\\\/05\\\/assembleia-intermunicipal-reune-se-em-lagos-para-discutir-assuntos-da-regiao\\\/atualidade\\\/12\\\/50\\\/#breadcrumb\"},\"inLanguage\":\"pt-PT\",\"potentialAction\":[{\"@type\":\"ReadAction\",\"target\":[\"https:\\\/\\\/algarve7.pt\\\/index.php\\\/2023\\\/05\\\/assembleia-intermunicipal-reune-se-em-lagos-para-discutir-assuntos-da-regiao\\\/atualidade\\\/12\\\/50\\\/\"]}]},{\"@type\":\"ImageObject\",\"inLanguage\":\"pt-PT\",\"@id\":\"https:\\\/\\\/algarve7.pt\\\/index.php\\\/2023\\\/05\\\/assembleia-intermunicipal-reune-se-em-lagos-para-discutir-assuntos-da-regiao\\\/atualidade\\\/12\\\/50\\\/#primaryimage\",\"url\":\"https:\\\/\\\/algarve7.pt\\\/wp-content\\\/uploads\\\/2023\\\/05\\\/Foto-2.jpg\",\"contentUrl\":\"https:\\\/\\\/algarve7.pt\\\/wp-content\\\/uploads\\\/2023\\\/05\\\/Foto-2.jpg\",\"width\":2048,\"height\":923},{\"@type\":\"BreadcrumbList\",\"@id\":\"https:\\\/\\\/algarve7.pt\\\/index.php\\\/2023\\\/05\\\/assembleia-intermunicipal-reune-se-em-lagos-para-discutir-assuntos-da-regiao\\\/atualidade\\\/12\\\/50\\\/#breadcrumb\",\"itemListElement\":[{\"@type\":\"ListItem\",\"position\":1,\"name\":\"In\u00edcio\",\"item\":\"https:\\\/\\\/algarve7.pt\\\/\"},{\"@type\":\"ListItem\",\"position\":2,\"name\":\"Assembleia Intermunicipal re\u00fane-se em Lagos para discutir assuntos da regi\u00e3o\"}]},{\"@type\":\"WebSite\",\"@id\":\"https:\\\/\\\/algarve7.pt\\\/#website\",\"url\":\"https:\\\/\\\/algarve7.pt\\\/\",\"name\":\"Algarve 7\",\"description\":\"Informa\u00e7\u00e3o sobre o Algarve\",\"publisher\":{\"@id\":\"https:\\\/\\\/algarve7.pt\\\/#organization\"},\"potentialAction\":[{\"@type\":\"SearchAction\",\"target\":{\"@type\":\"EntryPoint\",\"urlTemplate\":\"https:\\\/\\\/algarve7.pt\\\/?s={search_term_string}\"},\"query-input\":{\"@type\":\"PropertyValueSpecification\",\"valueRequired\":true,\"valueName\":\"search_term_string\"}}],\"inLanguage\":\"pt-PT\"},{\"@type\":\"Organization\",\"@id\":\"https:\\\/\\\/algarve7.pt\\\/#organization\",\"name\":\"Algarve 7\",\"url\":\"https:\\\/\\\/algarve7.pt\\\/\",\"logo\":{\"@type\":\"ImageObject\",\"inLanguage\":\"pt-PT\",\"@id\":\"https:\\\/\\\/algarve7.pt\\\/#\\\/schema\\\/logo\\\/image\\\/\",\"url\":\"https:\\\/\\\/algarve7.pt\\\/wp-content\\\/uploads\\\/2020\\\/10\\\/Logo-8.jpg\",\"contentUrl\":\"https:\\\/\\\/algarve7.pt\\\/wp-content\\\/uploads\\\/2020\\\/10\\\/Logo-8.jpg\",\"width\":1680,\"height\":1186,\"caption\":\"Algarve 7\"},\"image\":{\"@id\":\"https:\\\/\\\/algarve7.pt\\\/#\\\/schema\\\/logo\\\/image\\\/\"},\"sameAs\":[\"https:\\\/\\\/www.facebook.com\\\/algarve7\",\"https:\\\/\\\/x.com\\\/Algarvesete\",\"https:\\\/\\\/www.instagram.com\\\/jornalalgarve7\\\/\",\"https:\\\/\\\/www.linkedin.com\\\/company\\\/algarve7\",\"https:\\\/\\\/www.pinterest.pt\\\/geral0939\\\/_created\\\/\"]},{\"@type\":\"Person\",\"@id\":\"https:\\\/\\\/algarve7.pt\\\/#\\\/schema\\\/person\\\/23fa70681308e7b319a3204bcea45e0c\",\"name\":\"Algarve 7\",\"sameAs\":[\"https:\\\/\\\/algarve7.pt\",\"https:\\\/\\\/www.facebook.com\\\/algarve7\"],\"url\":\"https:\\\/\\\/algarve7.pt\\\/index.php\\\/author\\\/geralalgarve7-pt\\\/\"}]}<\/script>\n<!-- \/ Yoast SEO plugin. -->","yoast_head_json":{"title":"Assembleia Intermunicipal re\u00fane-se em Lagos para discutir assuntos da regi\u00e3o - Algarve 7","description":"Assembleia Intermunicipal re\u00fane-se em Lagos para discutir assuntos da regi\u00e3o Atualidade","robots":{"index":"index","follow":"follow","max-snippet":"max-snippet:-1","max-image-preview":"max-image-preview:large","max-video-preview":"max-video-preview:-1"},"canonical":"https:\/\/algarve7.pt\/index.php\/2023\/05\/assembleia-intermunicipal-reune-se-em-lagos-para-discutir-assuntos-da-regiao\/atualidade\/12\/50\/","og_locale":"pt_PT","og_type":"article","og_title":"Assembleia Intermunicipal re\u00fane-se em Lagos para discutir assuntos da regi\u00e3o - Algarve 7","og_description":"Assembleia Intermunicipal re\u00fane-se em Lagos para discutir assuntos da regi\u00e3o Atualidade","og_url":"https:\/\/algarve7.pt\/index.php\/2023\/05\/assembleia-intermunicipal-reune-se-em-lagos-para-discutir-assuntos-da-regiao\/atualidade\/12\/50\/","og_site_name":"Algarve 7","article_publisher":"https:\/\/www.facebook.com\/algarve7","article_author":"https:\/\/www.facebook.com\/algarve7","article_published_time":"2023-05-03T11:50:21+00:00","article_modified_time":"2023-05-03T11:50:24+00:00","og_image":[{"width":2048,"height":923,"url":"https:\/\/algarve7.pt\/wp-content\/uploads\/2023\/05\/Foto-2.jpg","type":"image\/jpeg"}],"author":"Algarve 7","twitter_card":"summary_large_image","twitter_creator":"@Algarvesete","twitter_site":"@Algarvesete","twitter_misc":{"Escrito por":"Algarve 7","Tempo estimado de leitura":"4 minutos"},"schema":{"@context":"https:\/\/schema.org","@graph":[{"@type":"Article","@id":"https:\/\/algarve7.pt\/index.php\/2023\/05\/assembleia-intermunicipal-reune-se-em-lagos-para-discutir-assuntos-da-regiao\/atualidade\/12\/50\/#article","isPartOf":{"@id":"https:\/\/algarve7.pt\/index.php\/2023\/05\/assembleia-intermunicipal-reune-se-em-lagos-para-discutir-assuntos-da-regiao\/atualidade\/12\/50\/"},"author":{"name":"Algarve 7","@id":"https:\/\/algarve7.pt\/#\/schema\/person\/23fa70681308e7b319a3204bcea45e0c"},"headline":"Assembleia Intermunicipal re\u00fane-se em Lagos para discutir assuntos da regi\u00e3o","datePublished":"2023-05-03T11:50:21+00:00","dateModified":"2023-05-03T11:50:24+00:00","mainEntityOfPage":{"@id":"https:\/\/algarve7.pt\/index.php\/2023\/05\/assembleia-intermunicipal-reune-se-em-lagos-para-discutir-assuntos-da-regiao\/atualidade\/12\/50\/"},"wordCount":639,"publisher":{"@id":"https:\/\/algarve7.pt\/#organization"},"image":{"@id":"https:\/\/algarve7.pt\/index.php\/2023\/05\/assembleia-intermunicipal-reune-se-em-lagos-para-discutir-assuntos-da-regiao\/atualidade\/12\/50\/#primaryimage"},"thumbnailUrl":"https:\/\/algarve7.pt\/wp-content\/uploads\/2023\/05\/Foto-2.jpg","keywords":["Algarve","Amal","Atualidade","Lagos"],"articleSection":["Atualidade"],"inLanguage":"pt-PT"},{"@type":"WebPage","@id":"https:\/\/algarve7.pt\/index.php\/2023\/05\/assembleia-intermunicipal-reune-se-em-lagos-para-discutir-assuntos-da-regiao\/atualidade\/12\/50\/","url":"https:\/\/algarve7.pt\/index.php\/2023\/05\/assembleia-intermunicipal-reune-se-em-lagos-para-discutir-assuntos-da-regiao\/atualidade\/12\/50\/","name":"Assembleia Intermunicipal re\u00fane-se em Lagos para discutir assuntos da regi\u00e3o - Algarve 7","isPartOf":{"@id":"https:\/\/algarve7.pt\/#website"},"primaryImageOfPage":{"@id":"https:\/\/algarve7.pt\/index.php\/2023\/05\/assembleia-intermunicipal-reune-se-em-lagos-para-discutir-assuntos-da-regiao\/atualidade\/12\/50\/#primaryimage"},"image":{"@id":"https:\/\/algarve7.pt\/index.php\/2023\/05\/assembleia-intermunicipal-reune-se-em-lagos-para-discutir-assuntos-da-regiao\/atualidade\/12\/50\/#primaryimage"},"thumbnailUrl":"https:\/\/algarve7.pt\/wp-content\/uploads\/2023\/05\/Foto-2.jpg","datePublished":"2023-05-03T11:50:21+00:00","dateModified":"2023-05-03T11:50:24+00:00","description":"Assembleia Intermunicipal re\u00fane-se em Lagos para discutir assuntos da regi\u00e3o Atualidade","breadcrumb":{"@id":"https:\/\/algarve7.pt\/index.php\/2023\/05\/assembleia-intermunicipal-reune-se-em-lagos-para-discutir-assuntos-da-regiao\/atualidade\/12\/50\/#breadcrumb"},"inLanguage":"pt-PT","potentialAction":[{"@type":"ReadAction","target":["https:\/\/algarve7.pt\/index.php\/2023\/05\/assembleia-intermunicipal-reune-se-em-lagos-para-discutir-assuntos-da-regiao\/atualidade\/12\/50\/"]}]},{"@type":"ImageObject","inLanguage":"pt-PT","@id":"https:\/\/algarve7.pt\/index.php\/2023\/05\/assembleia-intermunicipal-reune-se-em-lagos-para-discutir-assuntos-da-regiao\/atualidade\/12\/50\/#primaryimage","url":"https:\/\/algarve7.pt\/wp-content\/uploads\/2023\/05\/Foto-2.jpg","contentUrl":"https:\/\/algarve7.pt\/wp-content\/uploads\/2023\/05\/Foto-2.jpg","width":2048,"height":923},{"@type":"BreadcrumbList","@id":"https:\/\/algarve7.pt\/index.php\/2023\/05\/assembleia-intermunicipal-reune-se-em-lagos-para-discutir-assuntos-da-regiao\/atualidade\/12\/50\/#breadcrumb","itemListElement":[{"@type":"ListItem","position":1,"name":"In\u00edcio","item":"https:\/\/algarve7.pt\/"},{"@type":"ListItem","position":2,"name":"Assembleia Intermunicipal re\u00fane-se em Lagos para discutir assuntos da regi\u00e3o"}]},{"@type":"WebSite","@id":"https:\/\/algarve7.pt\/#website","url":"https:\/\/algarve7.pt\/","name":"Algarve 7","description":"Informa\u00e7\u00e3o sobre o Algarve","publisher":{"@id":"https:\/\/algarve7.pt\/#organization"},"potentialAction":[{"@type":"SearchAction","target":{"@type":"EntryPoint","urlTemplate":"https:\/\/algarve7.pt\/?s={search_term_string}"},"query-input":{"@type":"PropertyValueSpecification","valueRequired":true,"valueName":"search_term_string"}}],"inLanguage":"pt-PT"},{"@type":"Organization","@id":"https:\/\/algarve7.pt\/#organization","name":"Algarve 7","url":"https:\/\/algarve7.pt\/","logo":{"@type":"ImageObject","inLanguage":"pt-PT","@id":"https:\/\/algarve7.pt\/#\/schema\/logo\/image\/","url":"https:\/\/algarve7.pt\/wp-content\/uploads\/2020\/10\/Logo-8.jpg","contentUrl":"https:\/\/algarve7.pt\/wp-content\/uploads\/2020\/10\/Logo-8.jpg","width":1680,"height":1186,"caption":"Algarve 7"},"image":{"@id":"https:\/\/algarve7.pt\/#\/schema\/logo\/image\/"},"sameAs":["https:\/\/www.facebook.com\/algarve7","https:\/\/x.com\/Algarvesete","https:\/\/www.instagram.com\/jornalalgarve7\/","https:\/\/www.linkedin.com\/company\/algarve7","https:\/\/www.pinterest.pt\/geral0939\/_created\/"]},{"@type":"Person","@id":"https:\/\/algarve7.pt\/#\/schema\/person\/23fa70681308e7b319a3204bcea45e0c","name":"Algarve 7","sameAs":["https:\/\/algarve7.pt","https:\/\/www.facebook.com\/algarve7"],"url":"https:\/\/algarve7.pt\/index.php\/author\/geralalgarve7-pt\/"}]}},"jetpack_publicize_connections":[],"jetpack_featured_media_url":"https:\/\/algarve7.pt\/wp-content\/uploads\/2023\/05\/Foto-2.jpg","jetpack_shortlink":"https:\/\/wp.me\/pcezmW-79L","jetpack_sharing_enabled":true,"_links":{"self":[{"href":"https:\/\/algarve7.pt\/index.php\/wp-json\/wp\/v2\/posts\/27513","targetHints":{"allow":["GET"]}}],"collection":[{"href":"https:\/\/algarve7.pt\/index.php\/wp-json\/wp\/v2\/posts"}],"about":[{"href":"https:\/\/algarve7.pt\/index.php\/wp-json\/wp\/v2\/types\/post"}],"author":[{"embeddable":true,"href":"https:\/\/algarve7.pt\/index.php\/wp-json\/wp\/v2\/users\/1"}],"replies":[{"embeddable":true,"href":"https:\/\/algarve7.pt\/index.php\/wp-json\/wp\/v2\/comments?post=27513"}],"version-history":[{"count":0,"href":"https:\/\/algarve7.pt\/index.php\/wp-json\/wp\/v2\/posts\/27513\/revisions"}],"wp:featuredmedia":[{"embeddable":true,"href":"https:\/\/algarve7.pt\/index.php\/wp-json\/wp\/v2\/media\/27514"}],"wp:attachment":[{"href":"https:\/\/algarve7.pt\/index.php\/wp-json\/wp\/v2\/media?parent=27513"}],"wp:term":[{"taxonomy":"category","embeddable":true,"href":"https:\/\/algarve7.pt\/index.php\/wp-json\/wp\/v2\/categories?post=27513"},{"taxonomy":"post_tag","embeddable":true,"href":"https:\/\/algarve7.pt\/index.php\/wp-json\/wp\/v2\/tags?post=27513"}],"curies":[{"name":"wp","href":"https:\/\/api.w.org\/{rel}","templated":true}]}}