{"id":27510,"date":"2023-05-03T12:38:38","date_gmt":"2023-05-03T11:38:38","guid":{"rendered":"https:\/\/algarve7.pt\/?p=27510"},"modified":"2023-05-03T12:38:40","modified_gmt":"2023-05-03T11:38:40","slug":"albufeira-recebe-selo-de-merito-por-projeto-de-apoio-a-cuidadores-informais","status":"publish","type":"post","link":"https:\/\/algarve7.pt\/index.php\/2023\/05\/albufeira-recebe-selo-de-merito-por-projeto-de-apoio-a-cuidadores-informais\/saude\/12\/38\/","title":{"rendered":"Albufeira recebe selo de m\u00e9rito por projeto de apoio a cuidadores informais"},"content":{"rendered":"\n<p>O Munic\u00edpio de Albufeira foi reconhecido como um dos que adotam as melhores pr\u00e1ticas e medidas de apoio em benef\u00edcio dos cuidadores informais. Este reconhecimento materializa-se na atribui\u00e7\u00e3o de um selo de m\u00e9rito e decorre da candidatura do projeto \u201cEspa\u00e7o Integrar \u2013 De N\u00f3s para N\u00f3s&#8221;,&nbsp; apresentada \u00e0 2.\u00aa edi\u00e7\u00e3o da Rede de Autarquias que Cuidam dos Cuidadores Informais (RACCI), lan\u00e7ada pelo Movimento Cuidar dos Cuidadores informais. Trata-se de um movimento com dezenas de associa\u00e7\u00f5es portuguesas que visam concretizar projetos capazes de ajudar, na pr\u00e1tica, quem cuida, seja do marido, da mulher, de um filho, do pai ou da m\u00e3e.<\/p>\n\n\n\n<p>Este projeto do Munic\u00edpio de Albufeira foi um dos que obteve as melhores avalia\u00e7\u00f5es globais (com base nos diferentes crit\u00e9rios que constam no regulamento), podendo, a partir de agora, utilizar o selo de m\u00e9rito durante a vig\u00eancia do \u201cN\u00f3s para N\u00f3s\u201d, ou seja, at\u00e9 ao final de 2023. O j\u00fari foi composto por um grupo de representantes das associa\u00e7\u00f5es que comp\u00f5em o Movimento e que avaliaram as 50 candidaturas, das quais 24 foram reconhecidas com o selo RACCI.<\/p>\n\n\n\n<p>O \u201cEspa\u00e7o Integrar\u201d, da responsabilidade do Munic\u00edpio e localizado no Parque L\u00fadico, acolhe desde 2018 encontros mensais&nbsp;&nbsp;&nbsp; de pais e cuidadores de crian\u00e7as portadoras de defici\u00eancias. Neste momento o n\u00famero de pais, m\u00e3es e cuidadores que frequentam os encontros \u00e9 de cerca de quatro dezenas, sendo que um dos objetivos, o de criar uma rede de apoio entre os cuidadores, encontra-se j\u00e1 concretizado. \u201cH\u00e1 neste momento uma din\u00e2mica muito salutar entre os cuidadores informais e que vai para al\u00e9m destes encontros\u201d, frisa a vereadora respons\u00e1vel pela \u00e1rea da A\u00e7\u00e3o Social, Cl\u00e1udia Guedelha.<\/p>\n\n\n\n<p>Albufeira tem mais de 250 crian\u00e7as com problemas de ordem f\u00edsica ou neurol\u00f3gica a frequentarem as escolas, e existem tamb\u00e9m jovens adultos e crian\u00e7as em idade pr\u00e9 escolar que, n\u00e3o estando a frequentar estabelecimentos de ensino, necessitam muitas vezes de apoio e encaminhamento, que o programa \u201cDe N\u00f3s para N\u00f3s\u201d consegue proporcionar.<\/p>\n\n\n\n<p>S\u00e3o encontros onde os pais e cuidadores destas crian\u00e7as e jovens podem falar dos seus problemas, das suas d\u00favidas e ang\u00fastias, trocarem experi\u00eancias e, acima de tudo, n\u00e3o se sentirem s\u00f3s nesta \u00e1rdua tarefa que \u00e9 cuidar e educar uma crian\u00e7a portadora de defici\u00eancia, que tanta aten\u00e7\u00e3o requer no seio da fam\u00edlia.<\/p>\n\n\n\n<p>&nbsp;\u201cCom estes encontros facultamos informa\u00e7\u00f5es aos cuidadores para saberem dos direitos que t\u00eam, quais os servi\u00e7os e apoios sociais que existem \u00e0 sua disposi\u00e7\u00e3o, bem como sobre quais os procedimentos para aceder aos mesmos, atrav\u00e9s da equipa dinamizadora deste projeto. Tem sido um projeto de grande sucesso, que necessita de continuidade e o selo de m\u00e9rito que agora recebemos, vem comprovar as nossas boas pr\u00e1ticas quanto aos cuidadores\u201d, continua aquela respons\u00e1vel.<\/p>\n\n\n\n<p>Satisfeito com esta distin\u00e7\u00e3o, o presidente da C\u00e2mara Municipal, Jos\u00e9 Carlos Rolo salienta a necessidade de haver mais aten\u00e7\u00e3o para com a figura do cuidador: \u201cVermos os nossos projetos e os esfor\u00e7os reconhecidos \u00e9 sempre muito agrad\u00e1vel. Traz-nos tamb\u00e9m uma responsabilidade acrescida, que \u00e9, mais do que continuar com os projetos de sucesso, potencializ\u00e1-los ainda mais. Esta \u00e9 uma \u00e1rea deveras delicada dos nossos dias, que exige um novo olhar e uma maior aten\u00e7\u00e3o, e n\u00e3o obstante o incremento comunicacional, os cuidadores informais sentem-se sozinhos muitas das vezes\u201d.<\/p>\n","protected":false},"excerpt":{"rendered":"<p>O Munic\u00edpio de Albufeira foi reconhecido como um dos que adotam as melhores pr\u00e1ticas e medidas de apoio em benef\u00edcio<\/p>\n","protected":false},"author":1,"featured_media":27511,"comment_status":"closed","ping_status":"open","sticky":false,"template":"","format":"standard","meta":{"colormag_page_container_layout":"default_layout","colormag_page_sidebar_layout":"default_layout","_monsterinsights_skip_tracking":false,"_monsterinsights_sitenote_active":false,"_monsterinsights_sitenote_note":"","_monsterinsights_sitenote_category":0,"jetpack_post_was_ever_published":false,"_jetpack_newsletter_access":"","_jetpack_dont_email_post_to_subs":false,"_jetpack_newsletter_tier_id":0,"_jetpack_memberships_contains_paywalled_content":false,"_jetpack_memberships_contains_paid_content":false,"footnotes":"","jetpack_publicize_message":"","jetpack_publicize_feature_enabled":true,"jetpack_social_post_already_shared":true,"jetpack_social_options":{"image_generator_settings":{"template":"highway","default_image_id":0,"font":"","enabled":false},"version":2}},"categories":[59],"tags":[155,36,58],"class_list":["post-27510","post","type-post","status-publish","format-standard","has-post-thumbnail","hentry","category-saude","tag-albufeira","tag-algarve","tag-saude"],"yoast_head":"<!-- This site is optimized with the Yoast SEO plugin v27.5 - https:\/\/yoast.com\/product\/yoast-seo-wordpress\/ -->\n<title>Albufeira recebe selo de m\u00e9rito por projeto de apoio a cuidadores informais - Algarve 7<\/title>\n<meta name=\"description\" content=\"Albufeira recebe selo de m\u00e9rito por projeto de apoio a cuidadores informais Sa\u00fade\" \/>\n<meta name=\"robots\" content=\"index, follow, max-snippet:-1, max-image-preview:large, max-video-preview:-1\" \/>\n<link rel=\"canonical\" href=\"https:\/\/algarve7.pt\/index.php\/2023\/05\/albufeira-recebe-selo-de-merito-por-projeto-de-apoio-a-cuidadores-informais\/saude\/12\/38\/\" \/>\n<meta property=\"og:locale\" content=\"pt_PT\" \/>\n<meta property=\"og:type\" content=\"article\" \/>\n<meta property=\"og:title\" content=\"Albufeira recebe selo de m\u00e9rito por projeto de apoio a cuidadores informais - Algarve 7\" \/>\n<meta property=\"og:description\" content=\"Albufeira recebe selo de m\u00e9rito por projeto de apoio a cuidadores informais Sa\u00fade\" \/>\n<meta property=\"og:url\" content=\"https:\/\/algarve7.pt\/index.php\/2023\/05\/albufeira-recebe-selo-de-merito-por-projeto-de-apoio-a-cuidadores-informais\/saude\/12\/38\/\" \/>\n<meta property=\"og:site_name\" content=\"Algarve 7\" \/>\n<meta property=\"article:publisher\" content=\"https:\/\/www.facebook.com\/algarve7\" \/>\n<meta property=\"article:author\" content=\"https:\/\/www.facebook.com\/algarve7\" \/>\n<meta property=\"article:published_time\" content=\"2023-05-03T11:38:38+00:00\" \/>\n<meta property=\"article:modified_time\" content=\"2023-05-03T11:38:40+00:00\" \/>\n<meta property=\"og:image\" content=\"https:\/\/algarve7.pt\/wp-content\/uploads\/2023\/05\/logotipo_RACCI_Albufeira_22-23.png\" \/>\n\t<meta property=\"og:image:width\" content=\"1024\" \/>\n\t<meta property=\"og:image:height\" content=\"1024\" \/>\n\t<meta property=\"og:image:type\" content=\"image\/png\" \/>\n<meta name=\"author\" content=\"Algarve 7\" \/>\n<meta name=\"twitter:card\" content=\"summary_large_image\" \/>\n<meta name=\"twitter:creator\" content=\"@Algarvesete\" \/>\n<meta name=\"twitter:site\" content=\"@Algarvesete\" \/>\n<meta name=\"twitter:label1\" content=\"Escrito por\" \/>\n\t<meta name=\"twitter:data1\" content=\"Algarve 7\" \/>\n\t<meta name=\"twitter:label2\" content=\"Tempo estimado de leitura\" \/>\n\t<meta name=\"twitter:data2\" content=\"3 minutos\" \/>\n<script type=\"application\/ld+json\" class=\"yoast-schema-graph\">{\"@context\":\"https:\\\/\\\/schema.org\",\"@graph\":[{\"@type\":\"Article\",\"@id\":\"https:\\\/\\\/algarve7.pt\\\/index.php\\\/2023\\\/05\\\/albufeira-recebe-selo-de-merito-por-projeto-de-apoio-a-cuidadores-informais\\\/saude\\\/12\\\/38\\\/#article\",\"isPartOf\":{\"@id\":\"https:\\\/\\\/algarve7.pt\\\/index.php\\\/2023\\\/05\\\/albufeira-recebe-selo-de-merito-por-projeto-de-apoio-a-cuidadores-informais\\\/saude\\\/12\\\/38\\\/\"},\"author\":{\"name\":\"Algarve 7\",\"@id\":\"https:\\\/\\\/algarve7.pt\\\/#\\\/schema\\\/person\\\/23fa70681308e7b319a3204bcea45e0c\"},\"headline\":\"Albufeira recebe selo de m\u00e9rito por projeto de apoio a cuidadores informais\",\"datePublished\":\"2023-05-03T11:38:38+00:00\",\"dateModified\":\"2023-05-03T11:38:40+00:00\",\"mainEntityOfPage\":{\"@id\":\"https:\\\/\\\/algarve7.pt\\\/index.php\\\/2023\\\/05\\\/albufeira-recebe-selo-de-merito-por-projeto-de-apoio-a-cuidadores-informais\\\/saude\\\/12\\\/38\\\/\"},\"wordCount\":608,\"publisher\":{\"@id\":\"https:\\\/\\\/algarve7.pt\\\/#organization\"},\"image\":{\"@id\":\"https:\\\/\\\/algarve7.pt\\\/index.php\\\/2023\\\/05\\\/albufeira-recebe-selo-de-merito-por-projeto-de-apoio-a-cuidadores-informais\\\/saude\\\/12\\\/38\\\/#primaryimage\"},\"thumbnailUrl\":\"https:\\\/\\\/algarve7.pt\\\/wp-content\\\/uploads\\\/2023\\\/05\\\/logotipo_RACCI_Albufeira_22-23.png\",\"keywords\":[\"Albufeira\",\"Algarve\",\"Sa\u00fade\"],\"articleSection\":[\"Sa\u00fade\"],\"inLanguage\":\"pt-PT\"},{\"@type\":\"WebPage\",\"@id\":\"https:\\\/\\\/algarve7.pt\\\/index.php\\\/2023\\\/05\\\/albufeira-recebe-selo-de-merito-por-projeto-de-apoio-a-cuidadores-informais\\\/saude\\\/12\\\/38\\\/\",\"url\":\"https:\\\/\\\/algarve7.pt\\\/index.php\\\/2023\\\/05\\\/albufeira-recebe-selo-de-merito-por-projeto-de-apoio-a-cuidadores-informais\\\/saude\\\/12\\\/38\\\/\",\"name\":\"Albufeira recebe selo de m\u00e9rito por projeto de apoio a cuidadores informais - Algarve 7\",\"isPartOf\":{\"@id\":\"https:\\\/\\\/algarve7.pt\\\/#website\"},\"primaryImageOfPage\":{\"@id\":\"https:\\\/\\\/algarve7.pt\\\/index.php\\\/2023\\\/05\\\/albufeira-recebe-selo-de-merito-por-projeto-de-apoio-a-cuidadores-informais\\\/saude\\\/12\\\/38\\\/#primaryimage\"},\"image\":{\"@id\":\"https:\\\/\\\/algarve7.pt\\\/index.php\\\/2023\\\/05\\\/albufeira-recebe-selo-de-merito-por-projeto-de-apoio-a-cuidadores-informais\\\/saude\\\/12\\\/38\\\/#primaryimage\"},\"thumbnailUrl\":\"https:\\\/\\\/algarve7.pt\\\/wp-content\\\/uploads\\\/2023\\\/05\\\/logotipo_RACCI_Albufeira_22-23.png\",\"datePublished\":\"2023-05-03T11:38:38+00:00\",\"dateModified\":\"2023-05-03T11:38:40+00:00\",\"description\":\"Albufeira recebe selo de m\u00e9rito por projeto de apoio a cuidadores informais Sa\u00fade\",\"breadcrumb\":{\"@id\":\"https:\\\/\\\/algarve7.pt\\\/index.php\\\/2023\\\/05\\\/albufeira-recebe-selo-de-merito-por-projeto-de-apoio-a-cuidadores-informais\\\/saude\\\/12\\\/38\\\/#breadcrumb\"},\"inLanguage\":\"pt-PT\",\"potentialAction\":[{\"@type\":\"ReadAction\",\"target\":[\"https:\\\/\\\/algarve7.pt\\\/index.php\\\/2023\\\/05\\\/albufeira-recebe-selo-de-merito-por-projeto-de-apoio-a-cuidadores-informais\\\/saude\\\/12\\\/38\\\/\"]}]},{\"@type\":\"ImageObject\",\"inLanguage\":\"pt-PT\",\"@id\":\"https:\\\/\\\/algarve7.pt\\\/index.php\\\/2023\\\/05\\\/albufeira-recebe-selo-de-merito-por-projeto-de-apoio-a-cuidadores-informais\\\/saude\\\/12\\\/38\\\/#primaryimage\",\"url\":\"https:\\\/\\\/algarve7.pt\\\/wp-content\\\/uploads\\\/2023\\\/05\\\/logotipo_RACCI_Albufeira_22-23.png\",\"contentUrl\":\"https:\\\/\\\/algarve7.pt\\\/wp-content\\\/uploads\\\/2023\\\/05\\\/logotipo_RACCI_Albufeira_22-23.png\",\"width\":1024,\"height\":1024},{\"@type\":\"BreadcrumbList\",\"@id\":\"https:\\\/\\\/algarve7.pt\\\/index.php\\\/2023\\\/05\\\/albufeira-recebe-selo-de-merito-por-projeto-de-apoio-a-cuidadores-informais\\\/saude\\\/12\\\/38\\\/#breadcrumb\",\"itemListElement\":[{\"@type\":\"ListItem\",\"position\":1,\"name\":\"In\u00edcio\",\"item\":\"https:\\\/\\\/algarve7.pt\\\/\"},{\"@type\":\"ListItem\",\"position\":2,\"name\":\"Albufeira recebe selo de m\u00e9rito por projeto de apoio a cuidadores informais\"}]},{\"@type\":\"WebSite\",\"@id\":\"https:\\\/\\\/algarve7.pt\\\/#website\",\"url\":\"https:\\\/\\\/algarve7.pt\\\/\",\"name\":\"Algarve 7\",\"description\":\"Informa\u00e7\u00e3o sobre o Algarve\",\"publisher\":{\"@id\":\"https:\\\/\\\/algarve7.pt\\\/#organization\"},\"potentialAction\":[{\"@type\":\"SearchAction\",\"target\":{\"@type\":\"EntryPoint\",\"urlTemplate\":\"https:\\\/\\\/algarve7.pt\\\/?s={search_term_string}\"},\"query-input\":{\"@type\":\"PropertyValueSpecification\",\"valueRequired\":true,\"valueName\":\"search_term_string\"}}],\"inLanguage\":\"pt-PT\"},{\"@type\":\"Organization\",\"@id\":\"https:\\\/\\\/algarve7.pt\\\/#organization\",\"name\":\"Algarve 7\",\"url\":\"https:\\\/\\\/algarve7.pt\\\/\",\"logo\":{\"@type\":\"ImageObject\",\"inLanguage\":\"pt-PT\",\"@id\":\"https:\\\/\\\/algarve7.pt\\\/#\\\/schema\\\/logo\\\/image\\\/\",\"url\":\"https:\\\/\\\/algarve7.pt\\\/wp-content\\\/uploads\\\/2020\\\/10\\\/Logo-8.jpg\",\"contentUrl\":\"https:\\\/\\\/algarve7.pt\\\/wp-content\\\/uploads\\\/2020\\\/10\\\/Logo-8.jpg\",\"width\":1680,\"height\":1186,\"caption\":\"Algarve 7\"},\"image\":{\"@id\":\"https:\\\/\\\/algarve7.pt\\\/#\\\/schema\\\/logo\\\/image\\\/\"},\"sameAs\":[\"https:\\\/\\\/www.facebook.com\\\/algarve7\",\"https:\\\/\\\/x.com\\\/Algarvesete\",\"https:\\\/\\\/www.instagram.com\\\/jornalalgarve7\\\/\",\"https:\\\/\\\/www.linkedin.com\\\/company\\\/algarve7\",\"https:\\\/\\\/www.pinterest.pt\\\/geral0939\\\/_created\\\/\"]},{\"@type\":\"Person\",\"@id\":\"https:\\\/\\\/algarve7.pt\\\/#\\\/schema\\\/person\\\/23fa70681308e7b319a3204bcea45e0c\",\"name\":\"Algarve 7\",\"sameAs\":[\"https:\\\/\\\/algarve7.pt\",\"https:\\\/\\\/www.facebook.com\\\/algarve7\"],\"url\":\"https:\\\/\\\/algarve7.pt\\\/index.php\\\/author\\\/geralalgarve7-pt\\\/\"}]}<\/script>\n<!-- \/ Yoast SEO plugin. -->","yoast_head_json":{"title":"Albufeira recebe selo de m\u00e9rito por projeto de apoio a cuidadores informais - Algarve 7","description":"Albufeira recebe selo de m\u00e9rito por projeto de apoio a cuidadores informais Sa\u00fade","robots":{"index":"index","follow":"follow","max-snippet":"max-snippet:-1","max-image-preview":"max-image-preview:large","max-video-preview":"max-video-preview:-1"},"canonical":"https:\/\/algarve7.pt\/index.php\/2023\/05\/albufeira-recebe-selo-de-merito-por-projeto-de-apoio-a-cuidadores-informais\/saude\/12\/38\/","og_locale":"pt_PT","og_type":"article","og_title":"Albufeira recebe selo de m\u00e9rito por projeto de apoio a cuidadores informais - Algarve 7","og_description":"Albufeira recebe selo de m\u00e9rito por projeto de apoio a cuidadores informais Sa\u00fade","og_url":"https:\/\/algarve7.pt\/index.php\/2023\/05\/albufeira-recebe-selo-de-merito-por-projeto-de-apoio-a-cuidadores-informais\/saude\/12\/38\/","og_site_name":"Algarve 7","article_publisher":"https:\/\/www.facebook.com\/algarve7","article_author":"https:\/\/www.facebook.com\/algarve7","article_published_time":"2023-05-03T11:38:38+00:00","article_modified_time":"2023-05-03T11:38:40+00:00","og_image":[{"width":1024,"height":1024,"url":"https:\/\/algarve7.pt\/wp-content\/uploads\/2023\/05\/logotipo_RACCI_Albufeira_22-23.png","type":"image\/png"}],"author":"Algarve 7","twitter_card":"summary_large_image","twitter_creator":"@Algarvesete","twitter_site":"@Algarvesete","twitter_misc":{"Escrito por":"Algarve 7","Tempo estimado de leitura":"3 minutos"},"schema":{"@context":"https:\/\/schema.org","@graph":[{"@type":"Article","@id":"https:\/\/algarve7.pt\/index.php\/2023\/05\/albufeira-recebe-selo-de-merito-por-projeto-de-apoio-a-cuidadores-informais\/saude\/12\/38\/#article","isPartOf":{"@id":"https:\/\/algarve7.pt\/index.php\/2023\/05\/albufeira-recebe-selo-de-merito-por-projeto-de-apoio-a-cuidadores-informais\/saude\/12\/38\/"},"author":{"name":"Algarve 7","@id":"https:\/\/algarve7.pt\/#\/schema\/person\/23fa70681308e7b319a3204bcea45e0c"},"headline":"Albufeira recebe selo de m\u00e9rito por projeto de apoio a cuidadores informais","datePublished":"2023-05-03T11:38:38+00:00","dateModified":"2023-05-03T11:38:40+00:00","mainEntityOfPage":{"@id":"https:\/\/algarve7.pt\/index.php\/2023\/05\/albufeira-recebe-selo-de-merito-por-projeto-de-apoio-a-cuidadores-informais\/saude\/12\/38\/"},"wordCount":608,"publisher":{"@id":"https:\/\/algarve7.pt\/#organization"},"image":{"@id":"https:\/\/algarve7.pt\/index.php\/2023\/05\/albufeira-recebe-selo-de-merito-por-projeto-de-apoio-a-cuidadores-informais\/saude\/12\/38\/#primaryimage"},"thumbnailUrl":"https:\/\/algarve7.pt\/wp-content\/uploads\/2023\/05\/logotipo_RACCI_Albufeira_22-23.png","keywords":["Albufeira","Algarve","Sa\u00fade"],"articleSection":["Sa\u00fade"],"inLanguage":"pt-PT"},{"@type":"WebPage","@id":"https:\/\/algarve7.pt\/index.php\/2023\/05\/albufeira-recebe-selo-de-merito-por-projeto-de-apoio-a-cuidadores-informais\/saude\/12\/38\/","url":"https:\/\/algarve7.pt\/index.php\/2023\/05\/albufeira-recebe-selo-de-merito-por-projeto-de-apoio-a-cuidadores-informais\/saude\/12\/38\/","name":"Albufeira recebe selo de m\u00e9rito por projeto de apoio a cuidadores informais - Algarve 7","isPartOf":{"@id":"https:\/\/algarve7.pt\/#website"},"primaryImageOfPage":{"@id":"https:\/\/algarve7.pt\/index.php\/2023\/05\/albufeira-recebe-selo-de-merito-por-projeto-de-apoio-a-cuidadores-informais\/saude\/12\/38\/#primaryimage"},"image":{"@id":"https:\/\/algarve7.pt\/index.php\/2023\/05\/albufeira-recebe-selo-de-merito-por-projeto-de-apoio-a-cuidadores-informais\/saude\/12\/38\/#primaryimage"},"thumbnailUrl":"https:\/\/algarve7.pt\/wp-content\/uploads\/2023\/05\/logotipo_RACCI_Albufeira_22-23.png","datePublished":"2023-05-03T11:38:38+00:00","dateModified":"2023-05-03T11:38:40+00:00","description":"Albufeira recebe selo de m\u00e9rito por projeto de apoio a cuidadores informais Sa\u00fade","breadcrumb":{"@id":"https:\/\/algarve7.pt\/index.php\/2023\/05\/albufeira-recebe-selo-de-merito-por-projeto-de-apoio-a-cuidadores-informais\/saude\/12\/38\/#breadcrumb"},"inLanguage":"pt-PT","potentialAction":[{"@type":"ReadAction","target":["https:\/\/algarve7.pt\/index.php\/2023\/05\/albufeira-recebe-selo-de-merito-por-projeto-de-apoio-a-cuidadores-informais\/saude\/12\/38\/"]}]},{"@type":"ImageObject","inLanguage":"pt-PT","@id":"https:\/\/algarve7.pt\/index.php\/2023\/05\/albufeira-recebe-selo-de-merito-por-projeto-de-apoio-a-cuidadores-informais\/saude\/12\/38\/#primaryimage","url":"https:\/\/algarve7.pt\/wp-content\/uploads\/2023\/05\/logotipo_RACCI_Albufeira_22-23.png","contentUrl":"https:\/\/algarve7.pt\/wp-content\/uploads\/2023\/05\/logotipo_RACCI_Albufeira_22-23.png","width":1024,"height":1024},{"@type":"BreadcrumbList","@id":"https:\/\/algarve7.pt\/index.php\/2023\/05\/albufeira-recebe-selo-de-merito-por-projeto-de-apoio-a-cuidadores-informais\/saude\/12\/38\/#breadcrumb","itemListElement":[{"@type":"ListItem","position":1,"name":"In\u00edcio","item":"https:\/\/algarve7.pt\/"},{"@type":"ListItem","position":2,"name":"Albufeira recebe selo de m\u00e9rito por projeto de apoio a cuidadores informais"}]},{"@type":"WebSite","@id":"https:\/\/algarve7.pt\/#website","url":"https:\/\/algarve7.pt\/","name":"Algarve 7","description":"Informa\u00e7\u00e3o sobre o Algarve","publisher":{"@id":"https:\/\/algarve7.pt\/#organization"},"potentialAction":[{"@type":"SearchAction","target":{"@type":"EntryPoint","urlTemplate":"https:\/\/algarve7.pt\/?s={search_term_string}"},"query-input":{"@type":"PropertyValueSpecification","valueRequired":true,"valueName":"search_term_string"}}],"inLanguage":"pt-PT"},{"@type":"Organization","@id":"https:\/\/algarve7.pt\/#organization","name":"Algarve 7","url":"https:\/\/algarve7.pt\/","logo":{"@type":"ImageObject","inLanguage":"pt-PT","@id":"https:\/\/algarve7.pt\/#\/schema\/logo\/image\/","url":"https:\/\/algarve7.pt\/wp-content\/uploads\/2020\/10\/Logo-8.jpg","contentUrl":"https:\/\/algarve7.pt\/wp-content\/uploads\/2020\/10\/Logo-8.jpg","width":1680,"height":1186,"caption":"Algarve 7"},"image":{"@id":"https:\/\/algarve7.pt\/#\/schema\/logo\/image\/"},"sameAs":["https:\/\/www.facebook.com\/algarve7","https:\/\/x.com\/Algarvesete","https:\/\/www.instagram.com\/jornalalgarve7\/","https:\/\/www.linkedin.com\/company\/algarve7","https:\/\/www.pinterest.pt\/geral0939\/_created\/"]},{"@type":"Person","@id":"https:\/\/algarve7.pt\/#\/schema\/person\/23fa70681308e7b319a3204bcea45e0c","name":"Algarve 7","sameAs":["https:\/\/algarve7.pt","https:\/\/www.facebook.com\/algarve7"],"url":"https:\/\/algarve7.pt\/index.php\/author\/geralalgarve7-pt\/"}]}},"jetpack_publicize_connections":[],"jetpack_featured_media_url":"https:\/\/algarve7.pt\/wp-content\/uploads\/2023\/05\/logotipo_RACCI_Albufeira_22-23.png","jetpack_shortlink":"https:\/\/wp.me\/pcezmW-79I","jetpack_sharing_enabled":true,"_links":{"self":[{"href":"https:\/\/algarve7.pt\/index.php\/wp-json\/wp\/v2\/posts\/27510","targetHints":{"allow":["GET"]}}],"collection":[{"href":"https:\/\/algarve7.pt\/index.php\/wp-json\/wp\/v2\/posts"}],"about":[{"href":"https:\/\/algarve7.pt\/index.php\/wp-json\/wp\/v2\/types\/post"}],"author":[{"embeddable":true,"href":"https:\/\/algarve7.pt\/index.php\/wp-json\/wp\/v2\/users\/1"}],"replies":[{"embeddable":true,"href":"https:\/\/algarve7.pt\/index.php\/wp-json\/wp\/v2\/comments?post=27510"}],"version-history":[{"count":0,"href":"https:\/\/algarve7.pt\/index.php\/wp-json\/wp\/v2\/posts\/27510\/revisions"}],"wp:featuredmedia":[{"embeddable":true,"href":"https:\/\/algarve7.pt\/index.php\/wp-json\/wp\/v2\/media\/27511"}],"wp:attachment":[{"href":"https:\/\/algarve7.pt\/index.php\/wp-json\/wp\/v2\/media?parent=27510"}],"wp:term":[{"taxonomy":"category","embeddable":true,"href":"https:\/\/algarve7.pt\/index.php\/wp-json\/wp\/v2\/categories?post=27510"},{"taxonomy":"post_tag","embeddable":true,"href":"https:\/\/algarve7.pt\/index.php\/wp-json\/wp\/v2\/tags?post=27510"}],"curies":[{"name":"wp","href":"https:\/\/api.w.org\/{rel}","templated":true}]}}