{"id":27408,"date":"2023-04-26T21:14:00","date_gmt":"2023-04-26T20:14:00","guid":{"rendered":"https:\/\/algarve7.pt\/?p=27408"},"modified":"2023-04-26T21:14:02","modified_gmt":"2023-04-26T20:14:02","slug":"inauguracao-do-centro-de-competencias-do-envelhecimento-ativo-em-loule","status":"publish","type":"post","link":"https:\/\/algarve7.pt\/index.php\/2023\/04\/inauguracao-do-centro-de-competencias-do-envelhecimento-ativo-em-loule\/atualidade\/21\/14\/","title":{"rendered":"Inaugura\u00e7\u00e3o do Centro de Compet\u00eancias do Envelhecimento Ativo em Loul\u00e9"},"content":{"rendered":"\n<p>O Instituto de Emprego e Forma\u00e7\u00e3o Profissional vai inaugurar o Centro Protocolar do IEFP de Compet\u00eancias do Envelhecimento Ativo (CCEA), no dia 27 de abril, no Pal\u00e1cio Gama Lobo, em Loul\u00e9, a partir das 15h00.<\/p>\n\n\n\n<p>Este Centro tem como objetivos: promover a forma\u00e7\u00e3o em presta\u00e7\u00e3o de cuidados aos idosos, valorizar os recursos humanos envolvidos na presta\u00e7\u00e3o de cuidados aos idosos, no sentido de qualificar e requalificar os trabalhadores, e investir na forma\u00e7\u00e3o e capacita\u00e7\u00e3o para a presta\u00e7\u00e3o diferenciada de cuidados com respostas formativas inovadoras dotando os ativos de compet\u00eancias para respostas mais eficazes face \u00e0s necessidades do envelhecimento ativo na da sociedade portuguesa.<\/p>\n\n\n\n<p>As a\u00e7\u00f5es promovidas pelo CCEA s\u00e3o dirigidas aos candidatos a emprego em \u00e1reas profissionais que se enquadrem no \u00e2mbito de atribui\u00e7\u00f5es do Centro, incluindo os que se encontrem em situa\u00e7\u00e3o de desemprego, atrav\u00e9s da frequ\u00eancia de forma\u00e7\u00e3o profissional que potencie o (re)ingresso r\u00e1pido e de qualidade no mercado de trabalho. Destinam-se tamb\u00e9m aos trabalhadores das entidades envolvidas na presta\u00e7\u00e3o de cuidados a idosos, aos cuidadores informais de idosos e \u00e0s entidades que promovam a cria\u00e7\u00e3o e\/ou desenvolvimento de projetos neste \u00e2mbito.<\/p>\n\n\n\n<p>O Centro protocolar de Compet\u00eancias do Envelhecimento Ativo \u00e9 inaugurado na sequ\u00eancia do protocolo assinado entre o Instituto do Emprego e da Forma\u00e7\u00e3o Profissional, I. P.&nbsp; e as institui\u00e7\u00f5es acad\u00e9micas dos Centros de Refer\u00eancia de&nbsp;&nbsp; Envelhecimento Ativo com reconhecimento europeu que integram a Rede Portuguesa de Envelhecimento Saud\u00e1vel e Ativo (RePEnSA), nomeadamente: a Universidade da Beira Interior (UBI), a Associa\u00e7\u00e3o de Desenvolvimento do Centro de Investiga\u00e7\u00e3o e Forma\u00e7\u00e3o Biom\u00e9dica do Algarve (AD-ABC) e o Instituto da Seguran\u00e7a Social, I. P.<\/p>\n\n\n\n<p>Este Centro, tem contado com o estreito apoio da C\u00e2mara Municipal de Loul\u00e9 desde a sua fase de projeto, tendo esta inclusive cedido um terreno para a constru\u00e7\u00e3o do futuro edif\u00edcio do Centro de Compet\u00eancias do Envelhecimento Ativo.<\/p>\n\n\n\n<p>A cerim\u00f3nia de inaugura\u00e7\u00e3o conta com a presen\u00e7a da Ministra do Trabalho, Solidariedade e Seguran\u00e7a Social, Ana Mendes Godinho, do Presidente da Camara Municipal de Loul\u00e9, V\u00edtor Aleixo e do Secret\u00e1rio de Estado do Trabalho, Miguel Fontes.<\/p>\n","protected":false},"excerpt":{"rendered":"<p>O Instituto de Emprego e Forma\u00e7\u00e3o Profissional vai inaugurar o Centro Protocolar do IEFP de Compet\u00eancias do Envelhecimento Ativo (CCEA),<\/p>\n","protected":false},"author":1,"featured_media":27409,"comment_status":"closed","ping_status":"open","sticky":false,"template":"","format":"standard","meta":{"colormag_page_container_layout":"default_layout","colormag_page_sidebar_layout":"default_layout","_monsterinsights_skip_tracking":false,"_monsterinsights_sitenote_active":false,"_monsterinsights_sitenote_note":"","_monsterinsights_sitenote_category":0,"jetpack_post_was_ever_published":false,"_jetpack_newsletter_access":"","_jetpack_dont_email_post_to_subs":false,"_jetpack_newsletter_tier_id":0,"_jetpack_memberships_contains_paywalled_content":false,"_jetpack_memberships_contains_paid_content":false,"footnotes":"","jetpack_publicize_message":"","jetpack_publicize_feature_enabled":true,"jetpack_social_post_already_shared":true,"jetpack_social_options":{"image_generator_settings":{"template":"highway","default_image_id":0,"font":"","enabled":false},"version":2}},"categories":[11],"tags":[36,62,193,85,31],"class_list":["post-27408","post","type-post","status-publish","format-standard","has-post-thumbnail","hentry","category-atualidade","tag-algarve","tag-atualidade","tag-iefp","tag-inauguracao","tag-loule"],"yoast_head":"<!-- This site is optimized with the Yoast SEO plugin v27.5 - https:\/\/yoast.com\/product\/yoast-seo-wordpress\/ -->\n<title>Inaugura\u00e7\u00e3o do Centro de Compet\u00eancias do Envelhecimento Ativo em Loul\u00e9 - Algarve 7<\/title>\n<meta name=\"description\" content=\"Inaugura\u00e7\u00e3o do Centro de Compet\u00eancias do Envelhecimento Ativo em Loul\u00e9 Atualidade\" \/>\n<meta name=\"robots\" content=\"index, follow, max-snippet:-1, max-image-preview:large, max-video-preview:-1\" \/>\n<link rel=\"canonical\" href=\"https:\/\/algarve7.pt\/index.php\/2023\/04\/inauguracao-do-centro-de-competencias-do-envelhecimento-ativo-em-loule\/atualidade\/21\/14\/\" \/>\n<meta property=\"og:locale\" content=\"pt_PT\" \/>\n<meta property=\"og:type\" content=\"article\" \/>\n<meta property=\"og:title\" content=\"Inaugura\u00e7\u00e3o do Centro de Compet\u00eancias do Envelhecimento Ativo em Loul\u00e9 - Algarve 7\" \/>\n<meta property=\"og:description\" content=\"Inaugura\u00e7\u00e3o do Centro de Compet\u00eancias do Envelhecimento Ativo em Loul\u00e9 Atualidade\" \/>\n<meta property=\"og:url\" content=\"https:\/\/algarve7.pt\/index.php\/2023\/04\/inauguracao-do-centro-de-competencias-do-envelhecimento-ativo-em-loule\/atualidade\/21\/14\/\" \/>\n<meta property=\"og:site_name\" content=\"Algarve 7\" \/>\n<meta property=\"article:publisher\" content=\"https:\/\/www.facebook.com\/algarve7\" \/>\n<meta property=\"article:author\" content=\"https:\/\/www.facebook.com\/algarve7\" \/>\n<meta property=\"article:published_time\" content=\"2023-04-26T20:14:00+00:00\" \/>\n<meta property=\"article:modified_time\" content=\"2023-04-26T20:14:02+00:00\" \/>\n<meta property=\"og:image\" content=\"https:\/\/algarve7.pt\/wp-content\/uploads\/2023\/04\/Captura-de-ecra-2023-04-26-as-21.10.36.png\" \/>\n\t<meta property=\"og:image:width\" content=\"1024\" \/>\n\t<meta property=\"og:image:height\" content=\"630\" \/>\n\t<meta property=\"og:image:type\" content=\"image\/png\" \/>\n<meta name=\"author\" content=\"Algarve 7\" \/>\n<meta name=\"twitter:card\" content=\"summary_large_image\" \/>\n<meta name=\"twitter:creator\" content=\"@Algarvesete\" \/>\n<meta name=\"twitter:site\" content=\"@Algarvesete\" \/>\n<meta name=\"twitter:label1\" content=\"Escrito por\" \/>\n\t<meta name=\"twitter:data1\" content=\"Algarve 7\" \/>\n\t<meta name=\"twitter:label2\" content=\"Tempo estimado de leitura\" \/>\n\t<meta name=\"twitter:data2\" content=\"2 minutos\" \/>\n<script type=\"application\/ld+json\" class=\"yoast-schema-graph\">{\"@context\":\"https:\\\/\\\/schema.org\",\"@graph\":[{\"@type\":\"Article\",\"@id\":\"https:\\\/\\\/algarve7.pt\\\/index.php\\\/2023\\\/04\\\/inauguracao-do-centro-de-competencias-do-envelhecimento-ativo-em-loule\\\/atualidade\\\/21\\\/14\\\/#article\",\"isPartOf\":{\"@id\":\"https:\\\/\\\/algarve7.pt\\\/index.php\\\/2023\\\/04\\\/inauguracao-do-centro-de-competencias-do-envelhecimento-ativo-em-loule\\\/atualidade\\\/21\\\/14\\\/\"},\"author\":{\"name\":\"Algarve 7\",\"@id\":\"https:\\\/\\\/algarve7.pt\\\/#\\\/schema\\\/person\\\/23fa70681308e7b319a3204bcea45e0c\"},\"headline\":\"Inaugura\u00e7\u00e3o do Centro de Compet\u00eancias do Envelhecimento Ativo em Loul\u00e9\",\"datePublished\":\"2023-04-26T20:14:00+00:00\",\"dateModified\":\"2023-04-26T20:14:02+00:00\",\"mainEntityOfPage\":{\"@id\":\"https:\\\/\\\/algarve7.pt\\\/index.php\\\/2023\\\/04\\\/inauguracao-do-centro-de-competencias-do-envelhecimento-ativo-em-loule\\\/atualidade\\\/21\\\/14\\\/\"},\"wordCount\":397,\"publisher\":{\"@id\":\"https:\\\/\\\/algarve7.pt\\\/#organization\"},\"image\":{\"@id\":\"https:\\\/\\\/algarve7.pt\\\/index.php\\\/2023\\\/04\\\/inauguracao-do-centro-de-competencias-do-envelhecimento-ativo-em-loule\\\/atualidade\\\/21\\\/14\\\/#primaryimage\"},\"thumbnailUrl\":\"https:\\\/\\\/algarve7.pt\\\/wp-content\\\/uploads\\\/2023\\\/04\\\/Captura-de-ecra-2023-04-26-as-21.10.36.png\",\"keywords\":[\"Algarve\",\"Atualidade\",\"IEFP\",\"Inaugura\u00e7\u00e3o\",\"Loul\u00e9\"],\"articleSection\":[\"Atualidade\"],\"inLanguage\":\"pt-PT\"},{\"@type\":\"WebPage\",\"@id\":\"https:\\\/\\\/algarve7.pt\\\/index.php\\\/2023\\\/04\\\/inauguracao-do-centro-de-competencias-do-envelhecimento-ativo-em-loule\\\/atualidade\\\/21\\\/14\\\/\",\"url\":\"https:\\\/\\\/algarve7.pt\\\/index.php\\\/2023\\\/04\\\/inauguracao-do-centro-de-competencias-do-envelhecimento-ativo-em-loule\\\/atualidade\\\/21\\\/14\\\/\",\"name\":\"Inaugura\u00e7\u00e3o do Centro de Compet\u00eancias do Envelhecimento Ativo em Loul\u00e9 - Algarve 7\",\"isPartOf\":{\"@id\":\"https:\\\/\\\/algarve7.pt\\\/#website\"},\"primaryImageOfPage\":{\"@id\":\"https:\\\/\\\/algarve7.pt\\\/index.php\\\/2023\\\/04\\\/inauguracao-do-centro-de-competencias-do-envelhecimento-ativo-em-loule\\\/atualidade\\\/21\\\/14\\\/#primaryimage\"},\"image\":{\"@id\":\"https:\\\/\\\/algarve7.pt\\\/index.php\\\/2023\\\/04\\\/inauguracao-do-centro-de-competencias-do-envelhecimento-ativo-em-loule\\\/atualidade\\\/21\\\/14\\\/#primaryimage\"},\"thumbnailUrl\":\"https:\\\/\\\/algarve7.pt\\\/wp-content\\\/uploads\\\/2023\\\/04\\\/Captura-de-ecra-2023-04-26-as-21.10.36.png\",\"datePublished\":\"2023-04-26T20:14:00+00:00\",\"dateModified\":\"2023-04-26T20:14:02+00:00\",\"description\":\"Inaugura\u00e7\u00e3o do Centro de Compet\u00eancias do Envelhecimento Ativo em Loul\u00e9 Atualidade\",\"breadcrumb\":{\"@id\":\"https:\\\/\\\/algarve7.pt\\\/index.php\\\/2023\\\/04\\\/inauguracao-do-centro-de-competencias-do-envelhecimento-ativo-em-loule\\\/atualidade\\\/21\\\/14\\\/#breadcrumb\"},\"inLanguage\":\"pt-PT\",\"potentialAction\":[{\"@type\":\"ReadAction\",\"target\":[\"https:\\\/\\\/algarve7.pt\\\/index.php\\\/2023\\\/04\\\/inauguracao-do-centro-de-competencias-do-envelhecimento-ativo-em-loule\\\/atualidade\\\/21\\\/14\\\/\"]}]},{\"@type\":\"ImageObject\",\"inLanguage\":\"pt-PT\",\"@id\":\"https:\\\/\\\/algarve7.pt\\\/index.php\\\/2023\\\/04\\\/inauguracao-do-centro-de-competencias-do-envelhecimento-ativo-em-loule\\\/atualidade\\\/21\\\/14\\\/#primaryimage\",\"url\":\"https:\\\/\\\/algarve7.pt\\\/wp-content\\\/uploads\\\/2023\\\/04\\\/Captura-de-ecra-2023-04-26-as-21.10.36.png\",\"contentUrl\":\"https:\\\/\\\/algarve7.pt\\\/wp-content\\\/uploads\\\/2023\\\/04\\\/Captura-de-ecra-2023-04-26-as-21.10.36.png\",\"width\":1024,\"height\":630},{\"@type\":\"BreadcrumbList\",\"@id\":\"https:\\\/\\\/algarve7.pt\\\/index.php\\\/2023\\\/04\\\/inauguracao-do-centro-de-competencias-do-envelhecimento-ativo-em-loule\\\/atualidade\\\/21\\\/14\\\/#breadcrumb\",\"itemListElement\":[{\"@type\":\"ListItem\",\"position\":1,\"name\":\"In\u00edcio\",\"item\":\"https:\\\/\\\/algarve7.pt\\\/\"},{\"@type\":\"ListItem\",\"position\":2,\"name\":\"Inaugura\u00e7\u00e3o do Centro de Compet\u00eancias do Envelhecimento Ativo em Loul\u00e9\"}]},{\"@type\":\"WebSite\",\"@id\":\"https:\\\/\\\/algarve7.pt\\\/#website\",\"url\":\"https:\\\/\\\/algarve7.pt\\\/\",\"name\":\"Algarve 7\",\"description\":\"Informa\u00e7\u00e3o sobre o Algarve\",\"publisher\":{\"@id\":\"https:\\\/\\\/algarve7.pt\\\/#organization\"},\"potentialAction\":[{\"@type\":\"SearchAction\",\"target\":{\"@type\":\"EntryPoint\",\"urlTemplate\":\"https:\\\/\\\/algarve7.pt\\\/?s={search_term_string}\"},\"query-input\":{\"@type\":\"PropertyValueSpecification\",\"valueRequired\":true,\"valueName\":\"search_term_string\"}}],\"inLanguage\":\"pt-PT\"},{\"@type\":\"Organization\",\"@id\":\"https:\\\/\\\/algarve7.pt\\\/#organization\",\"name\":\"Algarve 7\",\"url\":\"https:\\\/\\\/algarve7.pt\\\/\",\"logo\":{\"@type\":\"ImageObject\",\"inLanguage\":\"pt-PT\",\"@id\":\"https:\\\/\\\/algarve7.pt\\\/#\\\/schema\\\/logo\\\/image\\\/\",\"url\":\"https:\\\/\\\/algarve7.pt\\\/wp-content\\\/uploads\\\/2020\\\/10\\\/Logo-8.jpg\",\"contentUrl\":\"https:\\\/\\\/algarve7.pt\\\/wp-content\\\/uploads\\\/2020\\\/10\\\/Logo-8.jpg\",\"width\":1680,\"height\":1186,\"caption\":\"Algarve 7\"},\"image\":{\"@id\":\"https:\\\/\\\/algarve7.pt\\\/#\\\/schema\\\/logo\\\/image\\\/\"},\"sameAs\":[\"https:\\\/\\\/www.facebook.com\\\/algarve7\",\"https:\\\/\\\/x.com\\\/Algarvesete\",\"https:\\\/\\\/www.instagram.com\\\/jornalalgarve7\\\/\",\"https:\\\/\\\/www.linkedin.com\\\/company\\\/algarve7\",\"https:\\\/\\\/www.pinterest.pt\\\/geral0939\\\/_created\\\/\"]},{\"@type\":\"Person\",\"@id\":\"https:\\\/\\\/algarve7.pt\\\/#\\\/schema\\\/person\\\/23fa70681308e7b319a3204bcea45e0c\",\"name\":\"Algarve 7\",\"sameAs\":[\"https:\\\/\\\/algarve7.pt\",\"https:\\\/\\\/www.facebook.com\\\/algarve7\"],\"url\":\"https:\\\/\\\/algarve7.pt\\\/index.php\\\/author\\\/geralalgarve7-pt\\\/\"}]}<\/script>\n<!-- \/ Yoast SEO plugin. -->","yoast_head_json":{"title":"Inaugura\u00e7\u00e3o do Centro de Compet\u00eancias do Envelhecimento Ativo em Loul\u00e9 - Algarve 7","description":"Inaugura\u00e7\u00e3o do Centro de Compet\u00eancias do Envelhecimento Ativo em Loul\u00e9 Atualidade","robots":{"index":"index","follow":"follow","max-snippet":"max-snippet:-1","max-image-preview":"max-image-preview:large","max-video-preview":"max-video-preview:-1"},"canonical":"https:\/\/algarve7.pt\/index.php\/2023\/04\/inauguracao-do-centro-de-competencias-do-envelhecimento-ativo-em-loule\/atualidade\/21\/14\/","og_locale":"pt_PT","og_type":"article","og_title":"Inaugura\u00e7\u00e3o do Centro de Compet\u00eancias do Envelhecimento Ativo em Loul\u00e9 - Algarve 7","og_description":"Inaugura\u00e7\u00e3o do Centro de Compet\u00eancias do Envelhecimento Ativo em Loul\u00e9 Atualidade","og_url":"https:\/\/algarve7.pt\/index.php\/2023\/04\/inauguracao-do-centro-de-competencias-do-envelhecimento-ativo-em-loule\/atualidade\/21\/14\/","og_site_name":"Algarve 7","article_publisher":"https:\/\/www.facebook.com\/algarve7","article_author":"https:\/\/www.facebook.com\/algarve7","article_published_time":"2023-04-26T20:14:00+00:00","article_modified_time":"2023-04-26T20:14:02+00:00","og_image":[{"width":1024,"height":630,"url":"https:\/\/algarve7.pt\/wp-content\/uploads\/2023\/04\/Captura-de-ecra-2023-04-26-as-21.10.36.png","type":"image\/png"}],"author":"Algarve 7","twitter_card":"summary_large_image","twitter_creator":"@Algarvesete","twitter_site":"@Algarvesete","twitter_misc":{"Escrito por":"Algarve 7","Tempo estimado de leitura":"2 minutos"},"schema":{"@context":"https:\/\/schema.org","@graph":[{"@type":"Article","@id":"https:\/\/algarve7.pt\/index.php\/2023\/04\/inauguracao-do-centro-de-competencias-do-envelhecimento-ativo-em-loule\/atualidade\/21\/14\/#article","isPartOf":{"@id":"https:\/\/algarve7.pt\/index.php\/2023\/04\/inauguracao-do-centro-de-competencias-do-envelhecimento-ativo-em-loule\/atualidade\/21\/14\/"},"author":{"name":"Algarve 7","@id":"https:\/\/algarve7.pt\/#\/schema\/person\/23fa70681308e7b319a3204bcea45e0c"},"headline":"Inaugura\u00e7\u00e3o do Centro de Compet\u00eancias do Envelhecimento Ativo em Loul\u00e9","datePublished":"2023-04-26T20:14:00+00:00","dateModified":"2023-04-26T20:14:02+00:00","mainEntityOfPage":{"@id":"https:\/\/algarve7.pt\/index.php\/2023\/04\/inauguracao-do-centro-de-competencias-do-envelhecimento-ativo-em-loule\/atualidade\/21\/14\/"},"wordCount":397,"publisher":{"@id":"https:\/\/algarve7.pt\/#organization"},"image":{"@id":"https:\/\/algarve7.pt\/index.php\/2023\/04\/inauguracao-do-centro-de-competencias-do-envelhecimento-ativo-em-loule\/atualidade\/21\/14\/#primaryimage"},"thumbnailUrl":"https:\/\/algarve7.pt\/wp-content\/uploads\/2023\/04\/Captura-de-ecra-2023-04-26-as-21.10.36.png","keywords":["Algarve","Atualidade","IEFP","Inaugura\u00e7\u00e3o","Loul\u00e9"],"articleSection":["Atualidade"],"inLanguage":"pt-PT"},{"@type":"WebPage","@id":"https:\/\/algarve7.pt\/index.php\/2023\/04\/inauguracao-do-centro-de-competencias-do-envelhecimento-ativo-em-loule\/atualidade\/21\/14\/","url":"https:\/\/algarve7.pt\/index.php\/2023\/04\/inauguracao-do-centro-de-competencias-do-envelhecimento-ativo-em-loule\/atualidade\/21\/14\/","name":"Inaugura\u00e7\u00e3o do Centro de Compet\u00eancias do Envelhecimento Ativo em Loul\u00e9 - Algarve 7","isPartOf":{"@id":"https:\/\/algarve7.pt\/#website"},"primaryImageOfPage":{"@id":"https:\/\/algarve7.pt\/index.php\/2023\/04\/inauguracao-do-centro-de-competencias-do-envelhecimento-ativo-em-loule\/atualidade\/21\/14\/#primaryimage"},"image":{"@id":"https:\/\/algarve7.pt\/index.php\/2023\/04\/inauguracao-do-centro-de-competencias-do-envelhecimento-ativo-em-loule\/atualidade\/21\/14\/#primaryimage"},"thumbnailUrl":"https:\/\/algarve7.pt\/wp-content\/uploads\/2023\/04\/Captura-de-ecra-2023-04-26-as-21.10.36.png","datePublished":"2023-04-26T20:14:00+00:00","dateModified":"2023-04-26T20:14:02+00:00","description":"Inaugura\u00e7\u00e3o do Centro de Compet\u00eancias do Envelhecimento Ativo em Loul\u00e9 Atualidade","breadcrumb":{"@id":"https:\/\/algarve7.pt\/index.php\/2023\/04\/inauguracao-do-centro-de-competencias-do-envelhecimento-ativo-em-loule\/atualidade\/21\/14\/#breadcrumb"},"inLanguage":"pt-PT","potentialAction":[{"@type":"ReadAction","target":["https:\/\/algarve7.pt\/index.php\/2023\/04\/inauguracao-do-centro-de-competencias-do-envelhecimento-ativo-em-loule\/atualidade\/21\/14\/"]}]},{"@type":"ImageObject","inLanguage":"pt-PT","@id":"https:\/\/algarve7.pt\/index.php\/2023\/04\/inauguracao-do-centro-de-competencias-do-envelhecimento-ativo-em-loule\/atualidade\/21\/14\/#primaryimage","url":"https:\/\/algarve7.pt\/wp-content\/uploads\/2023\/04\/Captura-de-ecra-2023-04-26-as-21.10.36.png","contentUrl":"https:\/\/algarve7.pt\/wp-content\/uploads\/2023\/04\/Captura-de-ecra-2023-04-26-as-21.10.36.png","width":1024,"height":630},{"@type":"BreadcrumbList","@id":"https:\/\/algarve7.pt\/index.php\/2023\/04\/inauguracao-do-centro-de-competencias-do-envelhecimento-ativo-em-loule\/atualidade\/21\/14\/#breadcrumb","itemListElement":[{"@type":"ListItem","position":1,"name":"In\u00edcio","item":"https:\/\/algarve7.pt\/"},{"@type":"ListItem","position":2,"name":"Inaugura\u00e7\u00e3o do Centro de Compet\u00eancias do Envelhecimento Ativo em Loul\u00e9"}]},{"@type":"WebSite","@id":"https:\/\/algarve7.pt\/#website","url":"https:\/\/algarve7.pt\/","name":"Algarve 7","description":"Informa\u00e7\u00e3o sobre o Algarve","publisher":{"@id":"https:\/\/algarve7.pt\/#organization"},"potentialAction":[{"@type":"SearchAction","target":{"@type":"EntryPoint","urlTemplate":"https:\/\/algarve7.pt\/?s={search_term_string}"},"query-input":{"@type":"PropertyValueSpecification","valueRequired":true,"valueName":"search_term_string"}}],"inLanguage":"pt-PT"},{"@type":"Organization","@id":"https:\/\/algarve7.pt\/#organization","name":"Algarve 7","url":"https:\/\/algarve7.pt\/","logo":{"@type":"ImageObject","inLanguage":"pt-PT","@id":"https:\/\/algarve7.pt\/#\/schema\/logo\/image\/","url":"https:\/\/algarve7.pt\/wp-content\/uploads\/2020\/10\/Logo-8.jpg","contentUrl":"https:\/\/algarve7.pt\/wp-content\/uploads\/2020\/10\/Logo-8.jpg","width":1680,"height":1186,"caption":"Algarve 7"},"image":{"@id":"https:\/\/algarve7.pt\/#\/schema\/logo\/image\/"},"sameAs":["https:\/\/www.facebook.com\/algarve7","https:\/\/x.com\/Algarvesete","https:\/\/www.instagram.com\/jornalalgarve7\/","https:\/\/www.linkedin.com\/company\/algarve7","https:\/\/www.pinterest.pt\/geral0939\/_created\/"]},{"@type":"Person","@id":"https:\/\/algarve7.pt\/#\/schema\/person\/23fa70681308e7b319a3204bcea45e0c","name":"Algarve 7","sameAs":["https:\/\/algarve7.pt","https:\/\/www.facebook.com\/algarve7"],"url":"https:\/\/algarve7.pt\/index.php\/author\/geralalgarve7-pt\/"}]}},"jetpack_publicize_connections":[],"jetpack_featured_media_url":"https:\/\/algarve7.pt\/wp-content\/uploads\/2023\/04\/Captura-de-ecra-2023-04-26-as-21.10.36.png","jetpack_shortlink":"https:\/\/wp.me\/pcezmW-784","jetpack_sharing_enabled":true,"_links":{"self":[{"href":"https:\/\/algarve7.pt\/index.php\/wp-json\/wp\/v2\/posts\/27408","targetHints":{"allow":["GET"]}}],"collection":[{"href":"https:\/\/algarve7.pt\/index.php\/wp-json\/wp\/v2\/posts"}],"about":[{"href":"https:\/\/algarve7.pt\/index.php\/wp-json\/wp\/v2\/types\/post"}],"author":[{"embeddable":true,"href":"https:\/\/algarve7.pt\/index.php\/wp-json\/wp\/v2\/users\/1"}],"replies":[{"embeddable":true,"href":"https:\/\/algarve7.pt\/index.php\/wp-json\/wp\/v2\/comments?post=27408"}],"version-history":[{"count":0,"href":"https:\/\/algarve7.pt\/index.php\/wp-json\/wp\/v2\/posts\/27408\/revisions"}],"wp:featuredmedia":[{"embeddable":true,"href":"https:\/\/algarve7.pt\/index.php\/wp-json\/wp\/v2\/media\/27409"}],"wp:attachment":[{"href":"https:\/\/algarve7.pt\/index.php\/wp-json\/wp\/v2\/media?parent=27408"}],"wp:term":[{"taxonomy":"category","embeddable":true,"href":"https:\/\/algarve7.pt\/index.php\/wp-json\/wp\/v2\/categories?post=27408"},{"taxonomy":"post_tag","embeddable":true,"href":"https:\/\/algarve7.pt\/index.php\/wp-json\/wp\/v2\/tags?post=27408"}],"curies":[{"name":"wp","href":"https:\/\/api.w.org\/{rel}","templated":true}]}}