{"id":27405,"date":"2023-04-26T20:48:58","date_gmt":"2023-04-26T19:48:58","guid":{"rendered":"https:\/\/algarve7.pt\/?p=27405"},"modified":"2023-04-26T20:49:00","modified_gmt":"2023-04-26T19:49:00","slug":"municipio-de-loule-recebe-premio-sophia","status":"publish","type":"post","link":"https:\/\/algarve7.pt\/index.php\/2023\/04\/municipio-de-loule-recebe-premio-sophia\/cultura\/20\/48\/","title":{"rendered":"Munic\u00edpio de Loul\u00e9 recebe pr\u00e9mio Sophia"},"content":{"rendered":"\n<p>\u201cFilmes com Estrelas \u2013 Cinema Portugu\u00eas ao Ar Livre\u201d valeu \u00e0 C\u00e2mara Municipal de Loul\u00e9 uma distin\u00e7\u00e3o nos mais importantes galard\u00f5es da s\u00e9tima arte em Portugal, os Pr\u00e9mios Sophia.<\/p>\n\n\n\n<p>A dire\u00e7\u00e3o da Academia Portuguesa de Cinema atribuiu o pr\u00e9mio na categoria de \u201cArte &amp; T\u00e9cnica\u201d a esta iniciativa organizada pelo Loul\u00e9 Film Office, durante os meses de ver\u00e3o.<\/p>\n\n\n\n<p>Criado em 2015, \u201cFilmes com Estrelas\u201d procura promover a s\u00e9tima arte lus\u00f3fona, em espa\u00e7os ao ar livre, junto da popula\u00e7\u00e3o das v\u00e1rias freguesias louletanas, com principal \u00eanfase nas zonas rurais e do interior. Com entrada livre, pretende preencher as noites quentes de julho a agosto com momentos de lazer, ao levar filmes a aldeias e lugares sem salas mas que encontram em \u201cpalcos naturais\u201d o local ideal para a sua realiza\u00e7\u00e3o. O cartaz \u00e9 composto exclusivamente por produ\u00e7\u00f5es portuguesas de anos mais recentes\u00bb. Este \u00e9 tamb\u00e9m um evento que contribui para promover a coes\u00e3o territorial, estendendo \u00e0s zonas mais afastadas dos polos urbanos um pouco da atividade cultural.<\/p>\n\n\n\n<p>Ao longo dos anos, o p\u00fablico teve oportunidade de assistir a filmes como \u201cJos\u00e9 e Pilar\u201d, \u201cSnu\u201d, \u201cGabriel\u201d, \u201cListen\u201d, \u201cUm Filme em forma de assim\u201d, \u201cTerra Nova\u201d, \u201cA Metamorfose dos P\u00e1ssaros\u201d, \u201cPedro e In\u00eas\u201d ou \u201cBem Bom\u201d, entre outros, em diferentes sess\u00f5es que contaram com presen\u00e7a de realizadores e atores louletanos.<\/p>\n\n\n\n<p>Institu\u00eddos m 2012, um ano ap\u00f3s a cria\u00e7\u00e3o da Academia Portuguesa de Cinema, os Pr\u00e9mios Sophia s\u00e3o atribu\u00eddos anualmente, com o objetivo de reconhecer a melhor produ\u00e7\u00e3o nacional.&nbsp;<\/p>\n\n\n\n<p>\u201cEste pr\u00e9mio \u00e9 destinado a distinguir os profissionais que deram um valioso contributo para as Artes Cinematogr\u00e1ficas em Portugal no \u00faltimo ano. \u00c9 por isso, com enorme orgulho, que recebemos este reconhecimento!\u201d, sublinham os respons\u00e1veis municipais.<\/p>\n","protected":false},"excerpt":{"rendered":"<p>\u201cFilmes com Estrelas \u2013 Cinema Portugu\u00eas ao Ar Livre\u201d valeu \u00e0 C\u00e2mara Municipal de Loul\u00e9 uma distin\u00e7\u00e3o nos mais importantes<\/p>\n","protected":false},"author":1,"featured_media":27406,"comment_status":"closed","ping_status":"open","sticky":false,"template":"","format":"standard","meta":{"colormag_page_container_layout":"default_layout","colormag_page_sidebar_layout":"default_layout","_monsterinsights_skip_tracking":false,"_monsterinsights_sitenote_active":false,"_monsterinsights_sitenote_note":"","_monsterinsights_sitenote_category":0,"jetpack_post_was_ever_published":false,"_jetpack_newsletter_access":"","_jetpack_dont_email_post_to_subs":false,"_jetpack_newsletter_tier_id":0,"_jetpack_memberships_contains_paywalled_content":false,"_jetpack_memberships_contains_paid_content":false,"footnotes":"","jetpack_publicize_message":"","jetpack_publicize_feature_enabled":true,"jetpack_social_post_already_shared":true,"jetpack_social_options":{"image_generator_settings":{"template":"highway","default_image_id":0,"font":"","enabled":false},"version":2}},"categories":[14],"tags":[36,35,31],"class_list":["post-27405","post","type-post","status-publish","format-standard","has-post-thumbnail","hentry","category-cultura","tag-algarve","tag-cultura","tag-loule"],"yoast_head":"<!-- This site is optimized with the Yoast SEO plugin v27.5 - https:\/\/yoast.com\/product\/yoast-seo-wordpress\/ -->\n<title>Munic\u00edpio de Loul\u00e9 recebe pr\u00e9mio Sophia - Algarve 7<\/title>\n<meta name=\"description\" content=\"Munic\u00edpio de Loul\u00e9 recebe pr\u00e9mio Sophia Cultura\" \/>\n<meta name=\"robots\" content=\"index, follow, max-snippet:-1, max-image-preview:large, max-video-preview:-1\" \/>\n<link rel=\"canonical\" href=\"https:\/\/algarve7.pt\/index.php\/2023\/04\/municipio-de-loule-recebe-premio-sophia\/cultura\/20\/48\/\" \/>\n<meta property=\"og:locale\" content=\"pt_PT\" \/>\n<meta property=\"og:type\" content=\"article\" \/>\n<meta property=\"og:title\" content=\"Munic\u00edpio de Loul\u00e9 recebe pr\u00e9mio Sophia - Algarve 7\" \/>\n<meta property=\"og:description\" content=\"Munic\u00edpio de Loul\u00e9 recebe pr\u00e9mio Sophia Cultura\" \/>\n<meta property=\"og:url\" content=\"https:\/\/algarve7.pt\/index.php\/2023\/04\/municipio-de-loule-recebe-premio-sophia\/cultura\/20\/48\/\" \/>\n<meta property=\"og:site_name\" content=\"Algarve 7\" \/>\n<meta property=\"article:publisher\" content=\"https:\/\/www.facebook.com\/algarve7\" \/>\n<meta property=\"article:author\" content=\"https:\/\/www.facebook.com\/algarve7\" \/>\n<meta property=\"article:published_time\" content=\"2023-04-26T19:48:58+00:00\" \/>\n<meta property=\"article:modified_time\" content=\"2023-04-26T19:49:00+00:00\" \/>\n<meta property=\"og:image\" content=\"https:\/\/algarve7.pt\/wp-content\/uploads\/2023\/04\/Captura-de-ecra-2023-04-26-as-20.45.16.png\" \/>\n\t<meta property=\"og:image:width\" content=\"1024\" \/>\n\t<meta property=\"og:image:height\" content=\"715\" \/>\n\t<meta property=\"og:image:type\" content=\"image\/png\" \/>\n<meta name=\"author\" content=\"Algarve 7\" \/>\n<meta name=\"twitter:card\" content=\"summary_large_image\" \/>\n<meta name=\"twitter:creator\" content=\"@Algarvesete\" \/>\n<meta name=\"twitter:site\" content=\"@Algarvesete\" \/>\n<meta name=\"twitter:label1\" content=\"Escrito por\" \/>\n\t<meta name=\"twitter:data1\" content=\"Algarve 7\" \/>\n\t<meta name=\"twitter:label2\" content=\"Tempo estimado de leitura\" \/>\n\t<meta name=\"twitter:data2\" content=\"2 minutos\" \/>\n<script type=\"application\/ld+json\" class=\"yoast-schema-graph\">{\"@context\":\"https:\\\/\\\/schema.org\",\"@graph\":[{\"@type\":\"Article\",\"@id\":\"https:\\\/\\\/algarve7.pt\\\/index.php\\\/2023\\\/04\\\/municipio-de-loule-recebe-premio-sophia\\\/cultura\\\/20\\\/48\\\/#article\",\"isPartOf\":{\"@id\":\"https:\\\/\\\/algarve7.pt\\\/index.php\\\/2023\\\/04\\\/municipio-de-loule-recebe-premio-sophia\\\/cultura\\\/20\\\/48\\\/\"},\"author\":{\"name\":\"Algarve 7\",\"@id\":\"https:\\\/\\\/algarve7.pt\\\/#\\\/schema\\\/person\\\/23fa70681308e7b319a3204bcea45e0c\"},\"headline\":\"Munic\u00edpio de Loul\u00e9 recebe pr\u00e9mio Sophia\",\"datePublished\":\"2023-04-26T19:48:58+00:00\",\"dateModified\":\"2023-04-26T19:49:00+00:00\",\"mainEntityOfPage\":{\"@id\":\"https:\\\/\\\/algarve7.pt\\\/index.php\\\/2023\\\/04\\\/municipio-de-loule-recebe-premio-sophia\\\/cultura\\\/20\\\/48\\\/\"},\"wordCount\":316,\"publisher\":{\"@id\":\"https:\\\/\\\/algarve7.pt\\\/#organization\"},\"image\":{\"@id\":\"https:\\\/\\\/algarve7.pt\\\/index.php\\\/2023\\\/04\\\/municipio-de-loule-recebe-premio-sophia\\\/cultura\\\/20\\\/48\\\/#primaryimage\"},\"thumbnailUrl\":\"https:\\\/\\\/algarve7.pt\\\/wp-content\\\/uploads\\\/2023\\\/04\\\/Captura-de-ecra-2023-04-26-as-20.45.16.png\",\"keywords\":[\"Algarve\",\"Cultura\",\"Loul\u00e9\"],\"articleSection\":[\"Cultura\"],\"inLanguage\":\"pt-PT\"},{\"@type\":\"WebPage\",\"@id\":\"https:\\\/\\\/algarve7.pt\\\/index.php\\\/2023\\\/04\\\/municipio-de-loule-recebe-premio-sophia\\\/cultura\\\/20\\\/48\\\/\",\"url\":\"https:\\\/\\\/algarve7.pt\\\/index.php\\\/2023\\\/04\\\/municipio-de-loule-recebe-premio-sophia\\\/cultura\\\/20\\\/48\\\/\",\"name\":\"Munic\u00edpio de Loul\u00e9 recebe pr\u00e9mio Sophia - Algarve 7\",\"isPartOf\":{\"@id\":\"https:\\\/\\\/algarve7.pt\\\/#website\"},\"primaryImageOfPage\":{\"@id\":\"https:\\\/\\\/algarve7.pt\\\/index.php\\\/2023\\\/04\\\/municipio-de-loule-recebe-premio-sophia\\\/cultura\\\/20\\\/48\\\/#primaryimage\"},\"image\":{\"@id\":\"https:\\\/\\\/algarve7.pt\\\/index.php\\\/2023\\\/04\\\/municipio-de-loule-recebe-premio-sophia\\\/cultura\\\/20\\\/48\\\/#primaryimage\"},\"thumbnailUrl\":\"https:\\\/\\\/algarve7.pt\\\/wp-content\\\/uploads\\\/2023\\\/04\\\/Captura-de-ecra-2023-04-26-as-20.45.16.png\",\"datePublished\":\"2023-04-26T19:48:58+00:00\",\"dateModified\":\"2023-04-26T19:49:00+00:00\",\"description\":\"Munic\u00edpio de Loul\u00e9 recebe pr\u00e9mio Sophia Cultura\",\"breadcrumb\":{\"@id\":\"https:\\\/\\\/algarve7.pt\\\/index.php\\\/2023\\\/04\\\/municipio-de-loule-recebe-premio-sophia\\\/cultura\\\/20\\\/48\\\/#breadcrumb\"},\"inLanguage\":\"pt-PT\",\"potentialAction\":[{\"@type\":\"ReadAction\",\"target\":[\"https:\\\/\\\/algarve7.pt\\\/index.php\\\/2023\\\/04\\\/municipio-de-loule-recebe-premio-sophia\\\/cultura\\\/20\\\/48\\\/\"]}]},{\"@type\":\"ImageObject\",\"inLanguage\":\"pt-PT\",\"@id\":\"https:\\\/\\\/algarve7.pt\\\/index.php\\\/2023\\\/04\\\/municipio-de-loule-recebe-premio-sophia\\\/cultura\\\/20\\\/48\\\/#primaryimage\",\"url\":\"https:\\\/\\\/algarve7.pt\\\/wp-content\\\/uploads\\\/2023\\\/04\\\/Captura-de-ecra-2023-04-26-as-20.45.16.png\",\"contentUrl\":\"https:\\\/\\\/algarve7.pt\\\/wp-content\\\/uploads\\\/2023\\\/04\\\/Captura-de-ecra-2023-04-26-as-20.45.16.png\",\"width\":1024,\"height\":715},{\"@type\":\"BreadcrumbList\",\"@id\":\"https:\\\/\\\/algarve7.pt\\\/index.php\\\/2023\\\/04\\\/municipio-de-loule-recebe-premio-sophia\\\/cultura\\\/20\\\/48\\\/#breadcrumb\",\"itemListElement\":[{\"@type\":\"ListItem\",\"position\":1,\"name\":\"In\u00edcio\",\"item\":\"https:\\\/\\\/algarve7.pt\\\/\"},{\"@type\":\"ListItem\",\"position\":2,\"name\":\"Munic\u00edpio de Loul\u00e9 recebe pr\u00e9mio Sophia\"}]},{\"@type\":\"WebSite\",\"@id\":\"https:\\\/\\\/algarve7.pt\\\/#website\",\"url\":\"https:\\\/\\\/algarve7.pt\\\/\",\"name\":\"Algarve 7\",\"description\":\"Informa\u00e7\u00e3o sobre o Algarve\",\"publisher\":{\"@id\":\"https:\\\/\\\/algarve7.pt\\\/#organization\"},\"potentialAction\":[{\"@type\":\"SearchAction\",\"target\":{\"@type\":\"EntryPoint\",\"urlTemplate\":\"https:\\\/\\\/algarve7.pt\\\/?s={search_term_string}\"},\"query-input\":{\"@type\":\"PropertyValueSpecification\",\"valueRequired\":true,\"valueName\":\"search_term_string\"}}],\"inLanguage\":\"pt-PT\"},{\"@type\":\"Organization\",\"@id\":\"https:\\\/\\\/algarve7.pt\\\/#organization\",\"name\":\"Algarve 7\",\"url\":\"https:\\\/\\\/algarve7.pt\\\/\",\"logo\":{\"@type\":\"ImageObject\",\"inLanguage\":\"pt-PT\",\"@id\":\"https:\\\/\\\/algarve7.pt\\\/#\\\/schema\\\/logo\\\/image\\\/\",\"url\":\"https:\\\/\\\/algarve7.pt\\\/wp-content\\\/uploads\\\/2020\\\/10\\\/Logo-8.jpg\",\"contentUrl\":\"https:\\\/\\\/algarve7.pt\\\/wp-content\\\/uploads\\\/2020\\\/10\\\/Logo-8.jpg\",\"width\":1680,\"height\":1186,\"caption\":\"Algarve 7\"},\"image\":{\"@id\":\"https:\\\/\\\/algarve7.pt\\\/#\\\/schema\\\/logo\\\/image\\\/\"},\"sameAs\":[\"https:\\\/\\\/www.facebook.com\\\/algarve7\",\"https:\\\/\\\/x.com\\\/Algarvesete\",\"https:\\\/\\\/www.instagram.com\\\/jornalalgarve7\\\/\",\"https:\\\/\\\/www.linkedin.com\\\/company\\\/algarve7\",\"https:\\\/\\\/www.pinterest.pt\\\/geral0939\\\/_created\\\/\"]},{\"@type\":\"Person\",\"@id\":\"https:\\\/\\\/algarve7.pt\\\/#\\\/schema\\\/person\\\/23fa70681308e7b319a3204bcea45e0c\",\"name\":\"Algarve 7\",\"sameAs\":[\"https:\\\/\\\/algarve7.pt\",\"https:\\\/\\\/www.facebook.com\\\/algarve7\"],\"url\":\"https:\\\/\\\/algarve7.pt\\\/index.php\\\/author\\\/geralalgarve7-pt\\\/\"}]}<\/script>\n<!-- \/ Yoast SEO plugin. -->","yoast_head_json":{"title":"Munic\u00edpio de Loul\u00e9 recebe pr\u00e9mio Sophia - Algarve 7","description":"Munic\u00edpio de Loul\u00e9 recebe pr\u00e9mio Sophia Cultura","robots":{"index":"index","follow":"follow","max-snippet":"max-snippet:-1","max-image-preview":"max-image-preview:large","max-video-preview":"max-video-preview:-1"},"canonical":"https:\/\/algarve7.pt\/index.php\/2023\/04\/municipio-de-loule-recebe-premio-sophia\/cultura\/20\/48\/","og_locale":"pt_PT","og_type":"article","og_title":"Munic\u00edpio de Loul\u00e9 recebe pr\u00e9mio Sophia - Algarve 7","og_description":"Munic\u00edpio de Loul\u00e9 recebe pr\u00e9mio Sophia Cultura","og_url":"https:\/\/algarve7.pt\/index.php\/2023\/04\/municipio-de-loule-recebe-premio-sophia\/cultura\/20\/48\/","og_site_name":"Algarve 7","article_publisher":"https:\/\/www.facebook.com\/algarve7","article_author":"https:\/\/www.facebook.com\/algarve7","article_published_time":"2023-04-26T19:48:58+00:00","article_modified_time":"2023-04-26T19:49:00+00:00","og_image":[{"width":1024,"height":715,"url":"https:\/\/algarve7.pt\/wp-content\/uploads\/2023\/04\/Captura-de-ecra-2023-04-26-as-20.45.16.png","type":"image\/png"}],"author":"Algarve 7","twitter_card":"summary_large_image","twitter_creator":"@Algarvesete","twitter_site":"@Algarvesete","twitter_misc":{"Escrito por":"Algarve 7","Tempo estimado de leitura":"2 minutos"},"schema":{"@context":"https:\/\/schema.org","@graph":[{"@type":"Article","@id":"https:\/\/algarve7.pt\/index.php\/2023\/04\/municipio-de-loule-recebe-premio-sophia\/cultura\/20\/48\/#article","isPartOf":{"@id":"https:\/\/algarve7.pt\/index.php\/2023\/04\/municipio-de-loule-recebe-premio-sophia\/cultura\/20\/48\/"},"author":{"name":"Algarve 7","@id":"https:\/\/algarve7.pt\/#\/schema\/person\/23fa70681308e7b319a3204bcea45e0c"},"headline":"Munic\u00edpio de Loul\u00e9 recebe pr\u00e9mio Sophia","datePublished":"2023-04-26T19:48:58+00:00","dateModified":"2023-04-26T19:49:00+00:00","mainEntityOfPage":{"@id":"https:\/\/algarve7.pt\/index.php\/2023\/04\/municipio-de-loule-recebe-premio-sophia\/cultura\/20\/48\/"},"wordCount":316,"publisher":{"@id":"https:\/\/algarve7.pt\/#organization"},"image":{"@id":"https:\/\/algarve7.pt\/index.php\/2023\/04\/municipio-de-loule-recebe-premio-sophia\/cultura\/20\/48\/#primaryimage"},"thumbnailUrl":"https:\/\/algarve7.pt\/wp-content\/uploads\/2023\/04\/Captura-de-ecra-2023-04-26-as-20.45.16.png","keywords":["Algarve","Cultura","Loul\u00e9"],"articleSection":["Cultura"],"inLanguage":"pt-PT"},{"@type":"WebPage","@id":"https:\/\/algarve7.pt\/index.php\/2023\/04\/municipio-de-loule-recebe-premio-sophia\/cultura\/20\/48\/","url":"https:\/\/algarve7.pt\/index.php\/2023\/04\/municipio-de-loule-recebe-premio-sophia\/cultura\/20\/48\/","name":"Munic\u00edpio de Loul\u00e9 recebe pr\u00e9mio Sophia - Algarve 7","isPartOf":{"@id":"https:\/\/algarve7.pt\/#website"},"primaryImageOfPage":{"@id":"https:\/\/algarve7.pt\/index.php\/2023\/04\/municipio-de-loule-recebe-premio-sophia\/cultura\/20\/48\/#primaryimage"},"image":{"@id":"https:\/\/algarve7.pt\/index.php\/2023\/04\/municipio-de-loule-recebe-premio-sophia\/cultura\/20\/48\/#primaryimage"},"thumbnailUrl":"https:\/\/algarve7.pt\/wp-content\/uploads\/2023\/04\/Captura-de-ecra-2023-04-26-as-20.45.16.png","datePublished":"2023-04-26T19:48:58+00:00","dateModified":"2023-04-26T19:49:00+00:00","description":"Munic\u00edpio de Loul\u00e9 recebe pr\u00e9mio Sophia Cultura","breadcrumb":{"@id":"https:\/\/algarve7.pt\/index.php\/2023\/04\/municipio-de-loule-recebe-premio-sophia\/cultura\/20\/48\/#breadcrumb"},"inLanguage":"pt-PT","potentialAction":[{"@type":"ReadAction","target":["https:\/\/algarve7.pt\/index.php\/2023\/04\/municipio-de-loule-recebe-premio-sophia\/cultura\/20\/48\/"]}]},{"@type":"ImageObject","inLanguage":"pt-PT","@id":"https:\/\/algarve7.pt\/index.php\/2023\/04\/municipio-de-loule-recebe-premio-sophia\/cultura\/20\/48\/#primaryimage","url":"https:\/\/algarve7.pt\/wp-content\/uploads\/2023\/04\/Captura-de-ecra-2023-04-26-as-20.45.16.png","contentUrl":"https:\/\/algarve7.pt\/wp-content\/uploads\/2023\/04\/Captura-de-ecra-2023-04-26-as-20.45.16.png","width":1024,"height":715},{"@type":"BreadcrumbList","@id":"https:\/\/algarve7.pt\/index.php\/2023\/04\/municipio-de-loule-recebe-premio-sophia\/cultura\/20\/48\/#breadcrumb","itemListElement":[{"@type":"ListItem","position":1,"name":"In\u00edcio","item":"https:\/\/algarve7.pt\/"},{"@type":"ListItem","position":2,"name":"Munic\u00edpio de Loul\u00e9 recebe pr\u00e9mio Sophia"}]},{"@type":"WebSite","@id":"https:\/\/algarve7.pt\/#website","url":"https:\/\/algarve7.pt\/","name":"Algarve 7","description":"Informa\u00e7\u00e3o sobre o Algarve","publisher":{"@id":"https:\/\/algarve7.pt\/#organization"},"potentialAction":[{"@type":"SearchAction","target":{"@type":"EntryPoint","urlTemplate":"https:\/\/algarve7.pt\/?s={search_term_string}"},"query-input":{"@type":"PropertyValueSpecification","valueRequired":true,"valueName":"search_term_string"}}],"inLanguage":"pt-PT"},{"@type":"Organization","@id":"https:\/\/algarve7.pt\/#organization","name":"Algarve 7","url":"https:\/\/algarve7.pt\/","logo":{"@type":"ImageObject","inLanguage":"pt-PT","@id":"https:\/\/algarve7.pt\/#\/schema\/logo\/image\/","url":"https:\/\/algarve7.pt\/wp-content\/uploads\/2020\/10\/Logo-8.jpg","contentUrl":"https:\/\/algarve7.pt\/wp-content\/uploads\/2020\/10\/Logo-8.jpg","width":1680,"height":1186,"caption":"Algarve 7"},"image":{"@id":"https:\/\/algarve7.pt\/#\/schema\/logo\/image\/"},"sameAs":["https:\/\/www.facebook.com\/algarve7","https:\/\/x.com\/Algarvesete","https:\/\/www.instagram.com\/jornalalgarve7\/","https:\/\/www.linkedin.com\/company\/algarve7","https:\/\/www.pinterest.pt\/geral0939\/_created\/"]},{"@type":"Person","@id":"https:\/\/algarve7.pt\/#\/schema\/person\/23fa70681308e7b319a3204bcea45e0c","name":"Algarve 7","sameAs":["https:\/\/algarve7.pt","https:\/\/www.facebook.com\/algarve7"],"url":"https:\/\/algarve7.pt\/index.php\/author\/geralalgarve7-pt\/"}]}},"jetpack_publicize_connections":[],"jetpack_featured_media_url":"https:\/\/algarve7.pt\/wp-content\/uploads\/2023\/04\/Captura-de-ecra-2023-04-26-as-20.45.16.png","jetpack_shortlink":"https:\/\/wp.me\/pcezmW-781","jetpack_sharing_enabled":true,"_links":{"self":[{"href":"https:\/\/algarve7.pt\/index.php\/wp-json\/wp\/v2\/posts\/27405","targetHints":{"allow":["GET"]}}],"collection":[{"href":"https:\/\/algarve7.pt\/index.php\/wp-json\/wp\/v2\/posts"}],"about":[{"href":"https:\/\/algarve7.pt\/index.php\/wp-json\/wp\/v2\/types\/post"}],"author":[{"embeddable":true,"href":"https:\/\/algarve7.pt\/index.php\/wp-json\/wp\/v2\/users\/1"}],"replies":[{"embeddable":true,"href":"https:\/\/algarve7.pt\/index.php\/wp-json\/wp\/v2\/comments?post=27405"}],"version-history":[{"count":0,"href":"https:\/\/algarve7.pt\/index.php\/wp-json\/wp\/v2\/posts\/27405\/revisions"}],"wp:featuredmedia":[{"embeddable":true,"href":"https:\/\/algarve7.pt\/index.php\/wp-json\/wp\/v2\/media\/27406"}],"wp:attachment":[{"href":"https:\/\/algarve7.pt\/index.php\/wp-json\/wp\/v2\/media?parent=27405"}],"wp:term":[{"taxonomy":"category","embeddable":true,"href":"https:\/\/algarve7.pt\/index.php\/wp-json\/wp\/v2\/categories?post=27405"},{"taxonomy":"post_tag","embeddable":true,"href":"https:\/\/algarve7.pt\/index.php\/wp-json\/wp\/v2\/tags?post=27405"}],"curies":[{"name":"wp","href":"https:\/\/api.w.org\/{rel}","templated":true}]}}