{"id":27346,"date":"2023-04-24T16:03:53","date_gmt":"2023-04-24T15:03:53","guid":{"rendered":"https:\/\/algarve7.pt\/?p=27346"},"modified":"2023-04-24T16:03:56","modified_gmt":"2023-04-24T15:03:56","slug":"delmino-pereira-eleito-vice-presidente-da-uniao-iberica-de-ciclismo","status":"publish","type":"post","link":"https:\/\/algarve7.pt\/index.php\/2023\/04\/delmino-pereira-eleito-vice-presidente-da-uniao-iberica-de-ciclismo\/desporto\/16\/03\/","title":{"rendered":"Delmino Pereira eleito vice-presidente da Uni\u00e3o Ib\u00e9rica de Ciclismo"},"content":{"rendered":"\n<p><strong>O presidente da Federa\u00e7\u00e3o Portuguesa de Ciclismo, Delmino <\/strong>P<strong>ereira, foi eleito, na noite de ter\u00e7a-feira, vice-presidente da Uni\u00e3o Ib\u00e9rica de Ciclismo (UIC). A elei\u00e7\u00e3o aconteceu durante a Assembleia Geral Constituinte do novo organismo.<\/strong><\/p>\n\n\n\n<p>A reuni\u00e3o que fundou a UIC aconteceu no Panam\u00e1, onde decorrem os Campeonatos Pan-Americanos de Ciclismo. O novo organismo internacional e intercontinental de ciclismo agrupa as federa\u00e7\u00f5es europeias de Portugal, Espanha e Andorra, assim como as federa\u00e7\u00f5es de ciclismo ibero-americanas, africanas e asi\u00e1ticas de l\u00edngua oficial portuguesa ou castelhana.<\/p>\n\n\n\n<p>Participaram 28 pa\u00edses na reuni\u00e3o fundadora e na vota\u00e7\u00e3o do primeiro Comit\u00e9 Diretor, que ter\u00e1 como presidente o cubano Jos\u00e9 Manuel Pel\u00e1ez. O 1.\u00ba Vice-Presidente \u00e9 o panamiano Vicente Carretero. O espanhol Jos\u00e9 L\u00f3pez Cerr\u00f3n \u00e9 o vice-presidente para a \u00e1rea hisp\u00e2nica e Delmino Pereira \u00e9 o vice-presidente para a \u00e1rea dos pa\u00edses de l\u00edngua oficial portuguesa.<\/p>\n\n\n\n<p>Al\u00e9m de Portugal, participaram na Assembleia Geral Constituinte xxxx federa\u00e7\u00f5es de express\u00e3o portuguesa: Angola, Brasil, Cabo Verde, Guin\u00e9-Bissau, Guin\u00e9 Equatorial, Mo\u00e7ambique, S\u00e3o Tom\u00e9 e Pr\u00edncipe e Timor Leste.&nbsp;<\/p>\n\n\n\n<p>O portugu\u00eas e o castelhano s\u00e3o as l\u00ednguas oficiais da UIC, cuja sede oficial \u00e9 em Madrid, nas instala\u00e7\u00f5es da Real Federa\u00e7\u00e3o Espanhola de Ciclismo.<\/p>\n\n\n\n<p>Os estatutos da UIC definem tr\u00eas objetivos primordiais:<\/p>\n\n\n\n<p>&#8211; Ajudar a promover, difundir e desenvolver o ciclismo nos pa\u00edses seus filiados, para alcan\u00e7ar uma coopera\u00e7\u00e3o entre si e a busca do melhor desenvolvimento do ciclismo.<\/p>\n\n\n\n<p>&#8211; Favorecer o encontro, o di\u00e1logo e a partilha de informa\u00e7\u00e3o e conhecimento entre as federa\u00e7\u00f5es de express\u00e3o espanhola e portuguesa.<\/p>\n\n\n\n<p>&#8211; Fomentar a cria\u00e7\u00e3o dos projetos de assist\u00eancia, interc\u00e2mbio, apoio e alian\u00e7a que sejam necess\u00e1rios entre as federa\u00e7\u00f5es ib\u00e9ricas suas filiadas.<\/p>\n\n\n\n<p>Para isso, a federa\u00e7\u00f5es fundadores prop\u00f5em-se reunir sempre que necess\u00e1rio e regularmente por ocasi\u00e3o da celebra\u00e7\u00e3o de competi\u00e7\u00f5es internacionais, assim como constituir grupos de trabalho, comiss\u00f5es e comit\u00e9s necess\u00e1rios para o bom desempenho das diferentes \u00e1reas que comp\u00f5em o ciclismo.<\/p>\n\n\n\n<p>Al\u00e9m de vice-presidente da rec\u00e9m constitu\u00edda UIC, Delmino Pereira \u00e9 tamb\u00e9m vice-presidente da Uni\u00e3o Europeia de Ciclismo (UEC), presidente da Comiss\u00e3o de Ciclismo de Estrada da UEC e membro da Comiss\u00e3o de Ciclismo de Estrada da Uni\u00e3o Ciclista Internacional (UCI).<\/p>\n","protected":false},"excerpt":{"rendered":"<p>O presidente da Federa\u00e7\u00e3o Portuguesa de Ciclismo, Delmino Pereira, foi eleito, na noite de ter\u00e7a-feira, vice-presidente da Uni\u00e3o Ib\u00e9rica de<\/p>\n","protected":false},"author":1,"featured_media":27347,"comment_status":"closed","ping_status":"open","sticky":false,"template":"","format":"standard","meta":{"colormag_page_container_layout":"default_layout","colormag_page_sidebar_layout":"default_layout","_monsterinsights_skip_tracking":false,"_monsterinsights_sitenote_active":false,"_monsterinsights_sitenote_note":"","_monsterinsights_sitenote_category":0,"jetpack_post_was_ever_published":false,"_jetpack_newsletter_access":"","_jetpack_dont_email_post_to_subs":false,"_jetpack_newsletter_tier_id":0,"_jetpack_memberships_contains_paywalled_content":false,"_jetpack_memberships_contains_paid_content":false,"footnotes":"","jetpack_publicize_message":"","jetpack_publicize_feature_enabled":true,"jetpack_social_post_already_shared":true,"jetpack_social_options":{"image_generator_settings":{"template":"highway","default_image_id":0,"font":"","enabled":false},"version":2}},"categories":[15],"tags":[210,98],"class_list":["post-27346","post","type-post","status-publish","format-standard","has-post-thumbnail","hentry","category-desporto","tag-ciclismo","tag-nacional"],"yoast_head":"<!-- This site is optimized with the Yoast SEO plugin v27.5 - https:\/\/yoast.com\/product\/yoast-seo-wordpress\/ -->\n<title>Delmino Pereira eleito vice-presidente da Uni\u00e3o Ib\u00e9rica de Ciclismo - Algarve 7<\/title>\n<meta name=\"description\" content=\"Delmino Pereira eleito vice-presidente da Uni\u00e3o Ib\u00e9rica de Ciclismo Desporto\" \/>\n<meta name=\"robots\" content=\"index, follow, max-snippet:-1, max-image-preview:large, max-video-preview:-1\" \/>\n<link rel=\"canonical\" href=\"https:\/\/algarve7.pt\/index.php\/2023\/04\/delmino-pereira-eleito-vice-presidente-da-uniao-iberica-de-ciclismo\/desporto\/16\/03\/\" \/>\n<meta property=\"og:locale\" content=\"pt_PT\" \/>\n<meta property=\"og:type\" content=\"article\" \/>\n<meta property=\"og:title\" content=\"Delmino Pereira eleito vice-presidente da Uni\u00e3o Ib\u00e9rica de Ciclismo - Algarve 7\" \/>\n<meta property=\"og:description\" content=\"Delmino Pereira eleito vice-presidente da Uni\u00e3o Ib\u00e9rica de Ciclismo Desporto\" \/>\n<meta property=\"og:url\" content=\"https:\/\/algarve7.pt\/index.php\/2023\/04\/delmino-pereira-eleito-vice-presidente-da-uniao-iberica-de-ciclismo\/desporto\/16\/03\/\" \/>\n<meta property=\"og:site_name\" content=\"Algarve 7\" \/>\n<meta property=\"article:publisher\" content=\"https:\/\/www.facebook.com\/algarve7\" \/>\n<meta property=\"article:author\" content=\"https:\/\/www.facebook.com\/algarve7\" \/>\n<meta property=\"article:published_time\" content=\"2023-04-24T15:03:53+00:00\" \/>\n<meta property=\"article:modified_time\" content=\"2023-04-24T15:03:56+00:00\" \/>\n<meta property=\"og:image\" content=\"https:\/\/algarve7.pt\/wp-content\/uploads\/2023\/04\/DelminoPereira.jpg\" \/>\n\t<meta property=\"og:image:width\" content=\"1024\" \/>\n\t<meta property=\"og:image:height\" content=\"684\" \/>\n\t<meta property=\"og:image:type\" content=\"image\/jpeg\" \/>\n<meta name=\"author\" content=\"Algarve 7\" \/>\n<meta name=\"twitter:card\" content=\"summary_large_image\" \/>\n<meta name=\"twitter:creator\" content=\"@Algarvesete\" \/>\n<meta name=\"twitter:site\" content=\"@Algarvesete\" \/>\n<meta name=\"twitter:label1\" content=\"Escrito por\" \/>\n\t<meta name=\"twitter:data1\" content=\"Algarve 7\" \/>\n\t<meta name=\"twitter:label2\" content=\"Tempo estimado de leitura\" \/>\n\t<meta name=\"twitter:data2\" content=\"2 minutos\" \/>\n<script type=\"application\/ld+json\" class=\"yoast-schema-graph\">{\"@context\":\"https:\\\/\\\/schema.org\",\"@graph\":[{\"@type\":\"Article\",\"@id\":\"https:\\\/\\\/algarve7.pt\\\/index.php\\\/2023\\\/04\\\/delmino-pereira-eleito-vice-presidente-da-uniao-iberica-de-ciclismo\\\/desporto\\\/16\\\/03\\\/#article\",\"isPartOf\":{\"@id\":\"https:\\\/\\\/algarve7.pt\\\/index.php\\\/2023\\\/04\\\/delmino-pereira-eleito-vice-presidente-da-uniao-iberica-de-ciclismo\\\/desporto\\\/16\\\/03\\\/\"},\"author\":{\"name\":\"Algarve 7\",\"@id\":\"https:\\\/\\\/algarve7.pt\\\/#\\\/schema\\\/person\\\/23fa70681308e7b319a3204bcea45e0c\"},\"headline\":\"Delmino Pereira eleito vice-presidente da Uni\u00e3o Ib\u00e9rica de Ciclismo\",\"datePublished\":\"2023-04-24T15:03:53+00:00\",\"dateModified\":\"2023-04-24T15:03:56+00:00\",\"mainEntityOfPage\":{\"@id\":\"https:\\\/\\\/algarve7.pt\\\/index.php\\\/2023\\\/04\\\/delmino-pereira-eleito-vice-presidente-da-uniao-iberica-de-ciclismo\\\/desporto\\\/16\\\/03\\\/\"},\"wordCount\":418,\"publisher\":{\"@id\":\"https:\\\/\\\/algarve7.pt\\\/#organization\"},\"image\":{\"@id\":\"https:\\\/\\\/algarve7.pt\\\/index.php\\\/2023\\\/04\\\/delmino-pereira-eleito-vice-presidente-da-uniao-iberica-de-ciclismo\\\/desporto\\\/16\\\/03\\\/#primaryimage\"},\"thumbnailUrl\":\"https:\\\/\\\/algarve7.pt\\\/wp-content\\\/uploads\\\/2023\\\/04\\\/DelminoPereira.jpg\",\"keywords\":[\"Ciclismo\",\"Nacional\"],\"articleSection\":[\"Desporto\"],\"inLanguage\":\"pt-PT\"},{\"@type\":\"WebPage\",\"@id\":\"https:\\\/\\\/algarve7.pt\\\/index.php\\\/2023\\\/04\\\/delmino-pereira-eleito-vice-presidente-da-uniao-iberica-de-ciclismo\\\/desporto\\\/16\\\/03\\\/\",\"url\":\"https:\\\/\\\/algarve7.pt\\\/index.php\\\/2023\\\/04\\\/delmino-pereira-eleito-vice-presidente-da-uniao-iberica-de-ciclismo\\\/desporto\\\/16\\\/03\\\/\",\"name\":\"Delmino Pereira eleito vice-presidente da Uni\u00e3o Ib\u00e9rica de Ciclismo - Algarve 7\",\"isPartOf\":{\"@id\":\"https:\\\/\\\/algarve7.pt\\\/#website\"},\"primaryImageOfPage\":{\"@id\":\"https:\\\/\\\/algarve7.pt\\\/index.php\\\/2023\\\/04\\\/delmino-pereira-eleito-vice-presidente-da-uniao-iberica-de-ciclismo\\\/desporto\\\/16\\\/03\\\/#primaryimage\"},\"image\":{\"@id\":\"https:\\\/\\\/algarve7.pt\\\/index.php\\\/2023\\\/04\\\/delmino-pereira-eleito-vice-presidente-da-uniao-iberica-de-ciclismo\\\/desporto\\\/16\\\/03\\\/#primaryimage\"},\"thumbnailUrl\":\"https:\\\/\\\/algarve7.pt\\\/wp-content\\\/uploads\\\/2023\\\/04\\\/DelminoPereira.jpg\",\"datePublished\":\"2023-04-24T15:03:53+00:00\",\"dateModified\":\"2023-04-24T15:03:56+00:00\",\"description\":\"Delmino Pereira eleito vice-presidente da Uni\u00e3o Ib\u00e9rica de Ciclismo Desporto\",\"breadcrumb\":{\"@id\":\"https:\\\/\\\/algarve7.pt\\\/index.php\\\/2023\\\/04\\\/delmino-pereira-eleito-vice-presidente-da-uniao-iberica-de-ciclismo\\\/desporto\\\/16\\\/03\\\/#breadcrumb\"},\"inLanguage\":\"pt-PT\",\"potentialAction\":[{\"@type\":\"ReadAction\",\"target\":[\"https:\\\/\\\/algarve7.pt\\\/index.php\\\/2023\\\/04\\\/delmino-pereira-eleito-vice-presidente-da-uniao-iberica-de-ciclismo\\\/desporto\\\/16\\\/03\\\/\"]}]},{\"@type\":\"ImageObject\",\"inLanguage\":\"pt-PT\",\"@id\":\"https:\\\/\\\/algarve7.pt\\\/index.php\\\/2023\\\/04\\\/delmino-pereira-eleito-vice-presidente-da-uniao-iberica-de-ciclismo\\\/desporto\\\/16\\\/03\\\/#primaryimage\",\"url\":\"https:\\\/\\\/algarve7.pt\\\/wp-content\\\/uploads\\\/2023\\\/04\\\/DelminoPereira.jpg\",\"contentUrl\":\"https:\\\/\\\/algarve7.pt\\\/wp-content\\\/uploads\\\/2023\\\/04\\\/DelminoPereira.jpg\",\"width\":1024,\"height\":684},{\"@type\":\"BreadcrumbList\",\"@id\":\"https:\\\/\\\/algarve7.pt\\\/index.php\\\/2023\\\/04\\\/delmino-pereira-eleito-vice-presidente-da-uniao-iberica-de-ciclismo\\\/desporto\\\/16\\\/03\\\/#breadcrumb\",\"itemListElement\":[{\"@type\":\"ListItem\",\"position\":1,\"name\":\"In\u00edcio\",\"item\":\"https:\\\/\\\/algarve7.pt\\\/\"},{\"@type\":\"ListItem\",\"position\":2,\"name\":\"Delmino Pereira eleito vice-presidente da Uni\u00e3o Ib\u00e9rica de Ciclismo\"}]},{\"@type\":\"WebSite\",\"@id\":\"https:\\\/\\\/algarve7.pt\\\/#website\",\"url\":\"https:\\\/\\\/algarve7.pt\\\/\",\"name\":\"Algarve 7\",\"description\":\"Informa\u00e7\u00e3o sobre o Algarve\",\"publisher\":{\"@id\":\"https:\\\/\\\/algarve7.pt\\\/#organization\"},\"potentialAction\":[{\"@type\":\"SearchAction\",\"target\":{\"@type\":\"EntryPoint\",\"urlTemplate\":\"https:\\\/\\\/algarve7.pt\\\/?s={search_term_string}\"},\"query-input\":{\"@type\":\"PropertyValueSpecification\",\"valueRequired\":true,\"valueName\":\"search_term_string\"}}],\"inLanguage\":\"pt-PT\"},{\"@type\":\"Organization\",\"@id\":\"https:\\\/\\\/algarve7.pt\\\/#organization\",\"name\":\"Algarve 7\",\"url\":\"https:\\\/\\\/algarve7.pt\\\/\",\"logo\":{\"@type\":\"ImageObject\",\"inLanguage\":\"pt-PT\",\"@id\":\"https:\\\/\\\/algarve7.pt\\\/#\\\/schema\\\/logo\\\/image\\\/\",\"url\":\"https:\\\/\\\/algarve7.pt\\\/wp-content\\\/uploads\\\/2020\\\/10\\\/Logo-8.jpg\",\"contentUrl\":\"https:\\\/\\\/algarve7.pt\\\/wp-content\\\/uploads\\\/2020\\\/10\\\/Logo-8.jpg\",\"width\":1680,\"height\":1186,\"caption\":\"Algarve 7\"},\"image\":{\"@id\":\"https:\\\/\\\/algarve7.pt\\\/#\\\/schema\\\/logo\\\/image\\\/\"},\"sameAs\":[\"https:\\\/\\\/www.facebook.com\\\/algarve7\",\"https:\\\/\\\/x.com\\\/Algarvesete\",\"https:\\\/\\\/www.instagram.com\\\/jornalalgarve7\\\/\",\"https:\\\/\\\/www.linkedin.com\\\/company\\\/algarve7\",\"https:\\\/\\\/www.pinterest.pt\\\/geral0939\\\/_created\\\/\"]},{\"@type\":\"Person\",\"@id\":\"https:\\\/\\\/algarve7.pt\\\/#\\\/schema\\\/person\\\/23fa70681308e7b319a3204bcea45e0c\",\"name\":\"Algarve 7\",\"sameAs\":[\"https:\\\/\\\/algarve7.pt\",\"https:\\\/\\\/www.facebook.com\\\/algarve7\"],\"url\":\"https:\\\/\\\/algarve7.pt\\\/index.php\\\/author\\\/geralalgarve7-pt\\\/\"}]}<\/script>\n<!-- \/ Yoast SEO plugin. -->","yoast_head_json":{"title":"Delmino Pereira eleito vice-presidente da Uni\u00e3o Ib\u00e9rica de Ciclismo - Algarve 7","description":"Delmino Pereira eleito vice-presidente da Uni\u00e3o Ib\u00e9rica de Ciclismo Desporto","robots":{"index":"index","follow":"follow","max-snippet":"max-snippet:-1","max-image-preview":"max-image-preview:large","max-video-preview":"max-video-preview:-1"},"canonical":"https:\/\/algarve7.pt\/index.php\/2023\/04\/delmino-pereira-eleito-vice-presidente-da-uniao-iberica-de-ciclismo\/desporto\/16\/03\/","og_locale":"pt_PT","og_type":"article","og_title":"Delmino Pereira eleito vice-presidente da Uni\u00e3o Ib\u00e9rica de Ciclismo - Algarve 7","og_description":"Delmino Pereira eleito vice-presidente da Uni\u00e3o Ib\u00e9rica de Ciclismo Desporto","og_url":"https:\/\/algarve7.pt\/index.php\/2023\/04\/delmino-pereira-eleito-vice-presidente-da-uniao-iberica-de-ciclismo\/desporto\/16\/03\/","og_site_name":"Algarve 7","article_publisher":"https:\/\/www.facebook.com\/algarve7","article_author":"https:\/\/www.facebook.com\/algarve7","article_published_time":"2023-04-24T15:03:53+00:00","article_modified_time":"2023-04-24T15:03:56+00:00","og_image":[{"width":1024,"height":684,"url":"https:\/\/algarve7.pt\/wp-content\/uploads\/2023\/04\/DelminoPereira.jpg","type":"image\/jpeg"}],"author":"Algarve 7","twitter_card":"summary_large_image","twitter_creator":"@Algarvesete","twitter_site":"@Algarvesete","twitter_misc":{"Escrito por":"Algarve 7","Tempo estimado de leitura":"2 minutos"},"schema":{"@context":"https:\/\/schema.org","@graph":[{"@type":"Article","@id":"https:\/\/algarve7.pt\/index.php\/2023\/04\/delmino-pereira-eleito-vice-presidente-da-uniao-iberica-de-ciclismo\/desporto\/16\/03\/#article","isPartOf":{"@id":"https:\/\/algarve7.pt\/index.php\/2023\/04\/delmino-pereira-eleito-vice-presidente-da-uniao-iberica-de-ciclismo\/desporto\/16\/03\/"},"author":{"name":"Algarve 7","@id":"https:\/\/algarve7.pt\/#\/schema\/person\/23fa70681308e7b319a3204bcea45e0c"},"headline":"Delmino Pereira eleito vice-presidente da Uni\u00e3o Ib\u00e9rica de Ciclismo","datePublished":"2023-04-24T15:03:53+00:00","dateModified":"2023-04-24T15:03:56+00:00","mainEntityOfPage":{"@id":"https:\/\/algarve7.pt\/index.php\/2023\/04\/delmino-pereira-eleito-vice-presidente-da-uniao-iberica-de-ciclismo\/desporto\/16\/03\/"},"wordCount":418,"publisher":{"@id":"https:\/\/algarve7.pt\/#organization"},"image":{"@id":"https:\/\/algarve7.pt\/index.php\/2023\/04\/delmino-pereira-eleito-vice-presidente-da-uniao-iberica-de-ciclismo\/desporto\/16\/03\/#primaryimage"},"thumbnailUrl":"https:\/\/algarve7.pt\/wp-content\/uploads\/2023\/04\/DelminoPereira.jpg","keywords":["Ciclismo","Nacional"],"articleSection":["Desporto"],"inLanguage":"pt-PT"},{"@type":"WebPage","@id":"https:\/\/algarve7.pt\/index.php\/2023\/04\/delmino-pereira-eleito-vice-presidente-da-uniao-iberica-de-ciclismo\/desporto\/16\/03\/","url":"https:\/\/algarve7.pt\/index.php\/2023\/04\/delmino-pereira-eleito-vice-presidente-da-uniao-iberica-de-ciclismo\/desporto\/16\/03\/","name":"Delmino Pereira eleito vice-presidente da Uni\u00e3o Ib\u00e9rica de Ciclismo - Algarve 7","isPartOf":{"@id":"https:\/\/algarve7.pt\/#website"},"primaryImageOfPage":{"@id":"https:\/\/algarve7.pt\/index.php\/2023\/04\/delmino-pereira-eleito-vice-presidente-da-uniao-iberica-de-ciclismo\/desporto\/16\/03\/#primaryimage"},"image":{"@id":"https:\/\/algarve7.pt\/index.php\/2023\/04\/delmino-pereira-eleito-vice-presidente-da-uniao-iberica-de-ciclismo\/desporto\/16\/03\/#primaryimage"},"thumbnailUrl":"https:\/\/algarve7.pt\/wp-content\/uploads\/2023\/04\/DelminoPereira.jpg","datePublished":"2023-04-24T15:03:53+00:00","dateModified":"2023-04-24T15:03:56+00:00","description":"Delmino Pereira eleito vice-presidente da Uni\u00e3o Ib\u00e9rica de Ciclismo Desporto","breadcrumb":{"@id":"https:\/\/algarve7.pt\/index.php\/2023\/04\/delmino-pereira-eleito-vice-presidente-da-uniao-iberica-de-ciclismo\/desporto\/16\/03\/#breadcrumb"},"inLanguage":"pt-PT","potentialAction":[{"@type":"ReadAction","target":["https:\/\/algarve7.pt\/index.php\/2023\/04\/delmino-pereira-eleito-vice-presidente-da-uniao-iberica-de-ciclismo\/desporto\/16\/03\/"]}]},{"@type":"ImageObject","inLanguage":"pt-PT","@id":"https:\/\/algarve7.pt\/index.php\/2023\/04\/delmino-pereira-eleito-vice-presidente-da-uniao-iberica-de-ciclismo\/desporto\/16\/03\/#primaryimage","url":"https:\/\/algarve7.pt\/wp-content\/uploads\/2023\/04\/DelminoPereira.jpg","contentUrl":"https:\/\/algarve7.pt\/wp-content\/uploads\/2023\/04\/DelminoPereira.jpg","width":1024,"height":684},{"@type":"BreadcrumbList","@id":"https:\/\/algarve7.pt\/index.php\/2023\/04\/delmino-pereira-eleito-vice-presidente-da-uniao-iberica-de-ciclismo\/desporto\/16\/03\/#breadcrumb","itemListElement":[{"@type":"ListItem","position":1,"name":"In\u00edcio","item":"https:\/\/algarve7.pt\/"},{"@type":"ListItem","position":2,"name":"Delmino Pereira eleito vice-presidente da Uni\u00e3o Ib\u00e9rica de Ciclismo"}]},{"@type":"WebSite","@id":"https:\/\/algarve7.pt\/#website","url":"https:\/\/algarve7.pt\/","name":"Algarve 7","description":"Informa\u00e7\u00e3o sobre o Algarve","publisher":{"@id":"https:\/\/algarve7.pt\/#organization"},"potentialAction":[{"@type":"SearchAction","target":{"@type":"EntryPoint","urlTemplate":"https:\/\/algarve7.pt\/?s={search_term_string}"},"query-input":{"@type":"PropertyValueSpecification","valueRequired":true,"valueName":"search_term_string"}}],"inLanguage":"pt-PT"},{"@type":"Organization","@id":"https:\/\/algarve7.pt\/#organization","name":"Algarve 7","url":"https:\/\/algarve7.pt\/","logo":{"@type":"ImageObject","inLanguage":"pt-PT","@id":"https:\/\/algarve7.pt\/#\/schema\/logo\/image\/","url":"https:\/\/algarve7.pt\/wp-content\/uploads\/2020\/10\/Logo-8.jpg","contentUrl":"https:\/\/algarve7.pt\/wp-content\/uploads\/2020\/10\/Logo-8.jpg","width":1680,"height":1186,"caption":"Algarve 7"},"image":{"@id":"https:\/\/algarve7.pt\/#\/schema\/logo\/image\/"},"sameAs":["https:\/\/www.facebook.com\/algarve7","https:\/\/x.com\/Algarvesete","https:\/\/www.instagram.com\/jornalalgarve7\/","https:\/\/www.linkedin.com\/company\/algarve7","https:\/\/www.pinterest.pt\/geral0939\/_created\/"]},{"@type":"Person","@id":"https:\/\/algarve7.pt\/#\/schema\/person\/23fa70681308e7b319a3204bcea45e0c","name":"Algarve 7","sameAs":["https:\/\/algarve7.pt","https:\/\/www.facebook.com\/algarve7"],"url":"https:\/\/algarve7.pt\/index.php\/author\/geralalgarve7-pt\/"}]}},"jetpack_publicize_connections":[],"jetpack_featured_media_url":"https:\/\/algarve7.pt\/wp-content\/uploads\/2023\/04\/DelminoPereira.jpg","jetpack_shortlink":"https:\/\/wp.me\/pcezmW-774","jetpack_sharing_enabled":true,"_links":{"self":[{"href":"https:\/\/algarve7.pt\/index.php\/wp-json\/wp\/v2\/posts\/27346","targetHints":{"allow":["GET"]}}],"collection":[{"href":"https:\/\/algarve7.pt\/index.php\/wp-json\/wp\/v2\/posts"}],"about":[{"href":"https:\/\/algarve7.pt\/index.php\/wp-json\/wp\/v2\/types\/post"}],"author":[{"embeddable":true,"href":"https:\/\/algarve7.pt\/index.php\/wp-json\/wp\/v2\/users\/1"}],"replies":[{"embeddable":true,"href":"https:\/\/algarve7.pt\/index.php\/wp-json\/wp\/v2\/comments?post=27346"}],"version-history":[{"count":0,"href":"https:\/\/algarve7.pt\/index.php\/wp-json\/wp\/v2\/posts\/27346\/revisions"}],"wp:featuredmedia":[{"embeddable":true,"href":"https:\/\/algarve7.pt\/index.php\/wp-json\/wp\/v2\/media\/27347"}],"wp:attachment":[{"href":"https:\/\/algarve7.pt\/index.php\/wp-json\/wp\/v2\/media?parent=27346"}],"wp:term":[{"taxonomy":"category","embeddable":true,"href":"https:\/\/algarve7.pt\/index.php\/wp-json\/wp\/v2\/categories?post=27346"},{"taxonomy":"post_tag","embeddable":true,"href":"https:\/\/algarve7.pt\/index.php\/wp-json\/wp\/v2\/tags?post=27346"}],"curies":[{"name":"wp","href":"https:\/\/api.w.org\/{rel}","templated":true}]}}