{"id":27292,"date":"2023-04-21T15:55:34","date_gmt":"2023-04-21T14:55:34","guid":{"rendered":"https:\/\/algarve7.pt\/?p=27292"},"modified":"2023-04-21T15:55:35","modified_gmt":"2023-04-21T14:55:35","slug":"museu-municipal-de-loule-e-o-novo-membro-da-nemo","status":"publish","type":"post","link":"https:\/\/algarve7.pt\/index.php\/2023\/04\/museu-municipal-de-loule-e-o-novo-membro-da-nemo\/cultura\/15\/55\/","title":{"rendered":"Museu municipal de Loul\u00e9 \u00e9 o novo membro da NEMO"},"content":{"rendered":"\n<p>A NEMO \u2013 <em>Network of European Museum Organizations<\/em> anunciou a inclus\u00e3o de um novo membro: o Museu Municipal de Loul\u00e9.<\/p>\n\n\n\n<p>A estrutura cultural louletana passa agora a fazer parte desta rede apoiada pelo Europa Criativa e que conta atualmente como membros representantes de mais de 30.000 museus, em 40 pa\u00edses europeus.<\/p>\n\n\n\n<p>Fundada em 1992 como uma rede independente de organiza\u00e7\u00f5es de museus nacionais que representam a comunidade de museus dos estados membros do Conselho da Europa, a NEMO agrega ainda organiza\u00e7\u00f5es n\u00e3o-governamentais ligadas ao setor numa escalar nacional, estruturas governamentais nacionais respons\u00e1veis pelos museus, redes que representam mais de um museu, organiza\u00e7\u00f5es individuais e \u00e1reas de neg\u00f3cios ligados ao setor dos museus.<\/p>\n\n\n\n<p>O Museu Municipal de Loul\u00e9 junta-se assim a outras entidades portuguesas como o<\/p>\n\n\n\n<p>Centro de Arte Oliva, General Direction Cultural Heritage Portugal (DGPC), Grupo dos Amigos do Museu Nacional de Arqueologia (GAMNA), ICOM Portugal, Museu Municipal Carlos Reis, Sesimbra Maritime Museum e The Air Museum<\/p>\n\n\n\n<p>Promover o trabalho destas entidades e valor junto dos decisores pol\u00edticos, proporcionando aos museus forma\u00e7\u00e3o, informa\u00e7\u00e3o, <em>networking<\/em> e oportunidades de colabora\u00e7\u00e3o s\u00e3o os principais objetivos da NEMO. O seu papel assenta nos quatro valores em torno dos quais se desenvolve o trabalho dos museus: os valores sociais, educativos, econ\u00f3micos e patrimoniais.<\/p>\n\n\n\n<p>Recorde-se que, em outubro de 2022, Loul\u00e9 acolheu a confer\u00eancia anual da NEMO, sob o mote \u201cA inova\u00e7\u00e3o come\u00e7a a partir de dentro: Museus resilientes em tempos de disrup\u00e7\u00e3o\u201d, tendo sido a segunda cidade portuguesa a receber este evento, depois de Lisboa.<\/p>\n\n\n\n<p><strong><em>Sobre o Museu Municipal de Loul\u00e9<\/em><\/strong><\/p>\n\n\n\n<p><em>Inaugurado a 25 de maio de 1995, o Museu Municipal de Loul\u00e9 \u00e9 um equipamento cultural, permanente, ao servi\u00e7o da comunidade e do seu desenvolvimento, que promove a investiga\u00e7\u00e3o sobre vest\u00edgios do passado do Homem e do seu meio ambiente, adquirindo, conservando e expondo-os com prop\u00f3sitos educativos, cient\u00edficos e l\u00fadicos, estimulando a salvaguarda, a valoriza\u00e7\u00e3o e a divulga\u00e7\u00e3o do patrim\u00f3nio hist\u00f3rico, cultural e natural.<\/em><\/p>\n\n\n\n<p><em>\u00c9 a sede de uma estrutura polinucleada de espa\u00e7os museol\u00f3gicos que se proliferam um pouco por todo o concelho de Loul\u00e9. Instalado no piso t\u00e9rreo da antiga alcaidaria do castelo de Loul\u00e9, este re\u00fane os achados arqueol\u00f3gicos mais significativos, compostos essencialmente por conjuntos de pe\u00e7as de v\u00e1rias proveni\u00eancias, recolhidos em \u00e1reas urbanas ou costeiras, em resultado de projetos de investiga\u00e7\u00e3o, de prospe\u00e7\u00f5es e de achados ocasionais. Outros esp\u00f3lios em estudo, guardados em dep\u00f3sito, s\u00e3o provenientes da antiga Sociedade Filarm\u00f3nica Mar\u00e7al Pacheco, de Pedro de Freitas, do fot\u00f3grafo Guerreiro e outros.<\/em><\/p>\n\n\n\n<p><em>Integra a Rede Portuguesa de Museus e a Rede de Museus do Algarve.<\/em><em><\/em><\/p>\n","protected":false},"excerpt":{"rendered":"<p>A NEMO \u2013 Network of European Museum Organizations anunciou a inclus\u00e3o de um novo membro: o Museu Municipal de Loul\u00e9.<\/p>\n","protected":false},"author":1,"featured_media":27293,"comment_status":"closed","ping_status":"open","sticky":false,"template":"","format":"standard","meta":{"colormag_page_container_layout":"default_layout","colormag_page_sidebar_layout":"default_layout","_monsterinsights_skip_tracking":false,"_monsterinsights_sitenote_active":false,"_monsterinsights_sitenote_note":"","_monsterinsights_sitenote_category":0,"jetpack_post_was_ever_published":false,"_jetpack_newsletter_access":"","_jetpack_dont_email_post_to_subs":false,"_jetpack_newsletter_tier_id":0,"_jetpack_memberships_contains_paywalled_content":false,"_jetpack_memberships_contains_paid_content":false,"footnotes":"","jetpack_publicize_message":"","jetpack_publicize_feature_enabled":true,"jetpack_social_post_already_shared":true,"jetpack_social_options":{"image_generator_settings":{"template":"highway","default_image_id":0,"font":"","enabled":false},"version":2}},"categories":[14],"tags":[36,35,31,508,735],"class_list":["post-27292","post","type-post","status-publish","format-standard","has-post-thumbnail","hentry","category-cultura","tag-algarve","tag-cultura","tag-loule","tag-museu-municipal-de-loule","tag-nemo"],"yoast_head":"<!-- This site is optimized with the Yoast SEO plugin v27.5 - https:\/\/yoast.com\/product\/yoast-seo-wordpress\/ -->\n<title>Museu municipal de Loul\u00e9 \u00e9 o novo membro da NEMO - Algarve 7<\/title>\n<meta name=\"description\" content=\"Museu municipal de Loul\u00e9 \u00e9 o novo membro da NEMO Cultura\" \/>\n<meta name=\"robots\" content=\"index, follow, max-snippet:-1, max-image-preview:large, max-video-preview:-1\" \/>\n<link rel=\"canonical\" href=\"https:\/\/algarve7.pt\/index.php\/2023\/04\/museu-municipal-de-loule-e-o-novo-membro-da-nemo\/cultura\/15\/55\/\" \/>\n<meta property=\"og:locale\" content=\"pt_PT\" \/>\n<meta property=\"og:type\" content=\"article\" \/>\n<meta property=\"og:title\" content=\"Museu municipal de Loul\u00e9 \u00e9 o novo membro da NEMO - Algarve 7\" \/>\n<meta property=\"og:description\" content=\"Museu municipal de Loul\u00e9 \u00e9 o novo membro da NEMO Cultura\" \/>\n<meta property=\"og:url\" content=\"https:\/\/algarve7.pt\/index.php\/2023\/04\/museu-municipal-de-loule-e-o-novo-membro-da-nemo\/cultura\/15\/55\/\" \/>\n<meta property=\"og:site_name\" content=\"Algarve 7\" \/>\n<meta property=\"article:publisher\" content=\"https:\/\/www.facebook.com\/algarve7\" \/>\n<meta property=\"article:author\" content=\"https:\/\/www.facebook.com\/algarve7\" \/>\n<meta property=\"article:published_time\" content=\"2023-04-21T14:55:34+00:00\" \/>\n<meta property=\"article:modified_time\" content=\"2023-04-21T14:55:35+00:00\" \/>\n<meta property=\"og:image\" content=\"https:\/\/algarve7.pt\/wp-content\/uploads\/2023\/04\/Museu-Municipal-Sala-3.jpg\" \/>\n\t<meta property=\"og:image:width\" content=\"1024\" \/>\n\t<meta property=\"og:image:height\" content=\"756\" \/>\n\t<meta property=\"og:image:type\" content=\"image\/jpeg\" \/>\n<meta name=\"author\" content=\"Algarve 7\" \/>\n<meta name=\"twitter:card\" content=\"summary_large_image\" \/>\n<meta name=\"twitter:creator\" content=\"@Algarvesete\" \/>\n<meta name=\"twitter:site\" content=\"@Algarvesete\" \/>\n<meta name=\"twitter:label1\" content=\"Escrito por\" \/>\n\t<meta name=\"twitter:data1\" content=\"Algarve 7\" \/>\n\t<meta name=\"twitter:label2\" content=\"Tempo estimado de leitura\" \/>\n\t<meta name=\"twitter:data2\" content=\"3 minutos\" \/>\n<script type=\"application\/ld+json\" class=\"yoast-schema-graph\">{\"@context\":\"https:\\\/\\\/schema.org\",\"@graph\":[{\"@type\":\"Article\",\"@id\":\"https:\\\/\\\/algarve7.pt\\\/index.php\\\/2023\\\/04\\\/museu-municipal-de-loule-e-o-novo-membro-da-nemo\\\/cultura\\\/15\\\/55\\\/#article\",\"isPartOf\":{\"@id\":\"https:\\\/\\\/algarve7.pt\\\/index.php\\\/2023\\\/04\\\/museu-municipal-de-loule-e-o-novo-membro-da-nemo\\\/cultura\\\/15\\\/55\\\/\"},\"author\":{\"name\":\"Algarve 7\",\"@id\":\"https:\\\/\\\/algarve7.pt\\\/#\\\/schema\\\/person\\\/23fa70681308e7b319a3204bcea45e0c\"},\"headline\":\"Museu municipal de Loul\u00e9 \u00e9 o novo membro da NEMO\",\"datePublished\":\"2023-04-21T14:55:34+00:00\",\"dateModified\":\"2023-04-21T14:55:35+00:00\",\"mainEntityOfPage\":{\"@id\":\"https:\\\/\\\/algarve7.pt\\\/index.php\\\/2023\\\/04\\\/museu-municipal-de-loule-e-o-novo-membro-da-nemo\\\/cultura\\\/15\\\/55\\\/\"},\"wordCount\":467,\"publisher\":{\"@id\":\"https:\\\/\\\/algarve7.pt\\\/#organization\"},\"image\":{\"@id\":\"https:\\\/\\\/algarve7.pt\\\/index.php\\\/2023\\\/04\\\/museu-municipal-de-loule-e-o-novo-membro-da-nemo\\\/cultura\\\/15\\\/55\\\/#primaryimage\"},\"thumbnailUrl\":\"https:\\\/\\\/algarve7.pt\\\/wp-content\\\/uploads\\\/2023\\\/04\\\/Museu-Municipal-Sala-3.jpg\",\"keywords\":[\"Algarve\",\"Cultura\",\"Loul\u00e9\",\"Museu Municipal de Loul\u00e9\",\"NEMO\"],\"articleSection\":[\"Cultura\"],\"inLanguage\":\"pt-PT\"},{\"@type\":\"WebPage\",\"@id\":\"https:\\\/\\\/algarve7.pt\\\/index.php\\\/2023\\\/04\\\/museu-municipal-de-loule-e-o-novo-membro-da-nemo\\\/cultura\\\/15\\\/55\\\/\",\"url\":\"https:\\\/\\\/algarve7.pt\\\/index.php\\\/2023\\\/04\\\/museu-municipal-de-loule-e-o-novo-membro-da-nemo\\\/cultura\\\/15\\\/55\\\/\",\"name\":\"Museu municipal de Loul\u00e9 \u00e9 o novo membro da NEMO - Algarve 7\",\"isPartOf\":{\"@id\":\"https:\\\/\\\/algarve7.pt\\\/#website\"},\"primaryImageOfPage\":{\"@id\":\"https:\\\/\\\/algarve7.pt\\\/index.php\\\/2023\\\/04\\\/museu-municipal-de-loule-e-o-novo-membro-da-nemo\\\/cultura\\\/15\\\/55\\\/#primaryimage\"},\"image\":{\"@id\":\"https:\\\/\\\/algarve7.pt\\\/index.php\\\/2023\\\/04\\\/museu-municipal-de-loule-e-o-novo-membro-da-nemo\\\/cultura\\\/15\\\/55\\\/#primaryimage\"},\"thumbnailUrl\":\"https:\\\/\\\/algarve7.pt\\\/wp-content\\\/uploads\\\/2023\\\/04\\\/Museu-Municipal-Sala-3.jpg\",\"datePublished\":\"2023-04-21T14:55:34+00:00\",\"dateModified\":\"2023-04-21T14:55:35+00:00\",\"description\":\"Museu municipal de Loul\u00e9 \u00e9 o novo membro da NEMO Cultura\",\"breadcrumb\":{\"@id\":\"https:\\\/\\\/algarve7.pt\\\/index.php\\\/2023\\\/04\\\/museu-municipal-de-loule-e-o-novo-membro-da-nemo\\\/cultura\\\/15\\\/55\\\/#breadcrumb\"},\"inLanguage\":\"pt-PT\",\"potentialAction\":[{\"@type\":\"ReadAction\",\"target\":[\"https:\\\/\\\/algarve7.pt\\\/index.php\\\/2023\\\/04\\\/museu-municipal-de-loule-e-o-novo-membro-da-nemo\\\/cultura\\\/15\\\/55\\\/\"]}]},{\"@type\":\"ImageObject\",\"inLanguage\":\"pt-PT\",\"@id\":\"https:\\\/\\\/algarve7.pt\\\/index.php\\\/2023\\\/04\\\/museu-municipal-de-loule-e-o-novo-membro-da-nemo\\\/cultura\\\/15\\\/55\\\/#primaryimage\",\"url\":\"https:\\\/\\\/algarve7.pt\\\/wp-content\\\/uploads\\\/2023\\\/04\\\/Museu-Municipal-Sala-3.jpg\",\"contentUrl\":\"https:\\\/\\\/algarve7.pt\\\/wp-content\\\/uploads\\\/2023\\\/04\\\/Museu-Municipal-Sala-3.jpg\",\"width\":1024,\"height\":756},{\"@type\":\"BreadcrumbList\",\"@id\":\"https:\\\/\\\/algarve7.pt\\\/index.php\\\/2023\\\/04\\\/museu-municipal-de-loule-e-o-novo-membro-da-nemo\\\/cultura\\\/15\\\/55\\\/#breadcrumb\",\"itemListElement\":[{\"@type\":\"ListItem\",\"position\":1,\"name\":\"In\u00edcio\",\"item\":\"https:\\\/\\\/algarve7.pt\\\/\"},{\"@type\":\"ListItem\",\"position\":2,\"name\":\"Museu municipal de Loul\u00e9 \u00e9 o novo membro da NEMO\"}]},{\"@type\":\"WebSite\",\"@id\":\"https:\\\/\\\/algarve7.pt\\\/#website\",\"url\":\"https:\\\/\\\/algarve7.pt\\\/\",\"name\":\"Algarve 7\",\"description\":\"Informa\u00e7\u00e3o sobre o Algarve\",\"publisher\":{\"@id\":\"https:\\\/\\\/algarve7.pt\\\/#organization\"},\"potentialAction\":[{\"@type\":\"SearchAction\",\"target\":{\"@type\":\"EntryPoint\",\"urlTemplate\":\"https:\\\/\\\/algarve7.pt\\\/?s={search_term_string}\"},\"query-input\":{\"@type\":\"PropertyValueSpecification\",\"valueRequired\":true,\"valueName\":\"search_term_string\"}}],\"inLanguage\":\"pt-PT\"},{\"@type\":\"Organization\",\"@id\":\"https:\\\/\\\/algarve7.pt\\\/#organization\",\"name\":\"Algarve 7\",\"url\":\"https:\\\/\\\/algarve7.pt\\\/\",\"logo\":{\"@type\":\"ImageObject\",\"inLanguage\":\"pt-PT\",\"@id\":\"https:\\\/\\\/algarve7.pt\\\/#\\\/schema\\\/logo\\\/image\\\/\",\"url\":\"https:\\\/\\\/algarve7.pt\\\/wp-content\\\/uploads\\\/2020\\\/10\\\/Logo-8.jpg\",\"contentUrl\":\"https:\\\/\\\/algarve7.pt\\\/wp-content\\\/uploads\\\/2020\\\/10\\\/Logo-8.jpg\",\"width\":1680,\"height\":1186,\"caption\":\"Algarve 7\"},\"image\":{\"@id\":\"https:\\\/\\\/algarve7.pt\\\/#\\\/schema\\\/logo\\\/image\\\/\"},\"sameAs\":[\"https:\\\/\\\/www.facebook.com\\\/algarve7\",\"https:\\\/\\\/x.com\\\/Algarvesete\",\"https:\\\/\\\/www.instagram.com\\\/jornalalgarve7\\\/\",\"https:\\\/\\\/www.linkedin.com\\\/company\\\/algarve7\",\"https:\\\/\\\/www.pinterest.pt\\\/geral0939\\\/_created\\\/\"]},{\"@type\":\"Person\",\"@id\":\"https:\\\/\\\/algarve7.pt\\\/#\\\/schema\\\/person\\\/23fa70681308e7b319a3204bcea45e0c\",\"name\":\"Algarve 7\",\"sameAs\":[\"https:\\\/\\\/algarve7.pt\",\"https:\\\/\\\/www.facebook.com\\\/algarve7\"],\"url\":\"https:\\\/\\\/algarve7.pt\\\/index.php\\\/author\\\/geralalgarve7-pt\\\/\"}]}<\/script>\n<!-- \/ Yoast SEO plugin. -->","yoast_head_json":{"title":"Museu municipal de Loul\u00e9 \u00e9 o novo membro da NEMO - Algarve 7","description":"Museu municipal de Loul\u00e9 \u00e9 o novo membro da NEMO Cultura","robots":{"index":"index","follow":"follow","max-snippet":"max-snippet:-1","max-image-preview":"max-image-preview:large","max-video-preview":"max-video-preview:-1"},"canonical":"https:\/\/algarve7.pt\/index.php\/2023\/04\/museu-municipal-de-loule-e-o-novo-membro-da-nemo\/cultura\/15\/55\/","og_locale":"pt_PT","og_type":"article","og_title":"Museu municipal de Loul\u00e9 \u00e9 o novo membro da NEMO - Algarve 7","og_description":"Museu municipal de Loul\u00e9 \u00e9 o novo membro da NEMO Cultura","og_url":"https:\/\/algarve7.pt\/index.php\/2023\/04\/museu-municipal-de-loule-e-o-novo-membro-da-nemo\/cultura\/15\/55\/","og_site_name":"Algarve 7","article_publisher":"https:\/\/www.facebook.com\/algarve7","article_author":"https:\/\/www.facebook.com\/algarve7","article_published_time":"2023-04-21T14:55:34+00:00","article_modified_time":"2023-04-21T14:55:35+00:00","og_image":[{"width":1024,"height":756,"url":"https:\/\/algarve7.pt\/wp-content\/uploads\/2023\/04\/Museu-Municipal-Sala-3.jpg","type":"image\/jpeg"}],"author":"Algarve 7","twitter_card":"summary_large_image","twitter_creator":"@Algarvesete","twitter_site":"@Algarvesete","twitter_misc":{"Escrito por":"Algarve 7","Tempo estimado de leitura":"3 minutos"},"schema":{"@context":"https:\/\/schema.org","@graph":[{"@type":"Article","@id":"https:\/\/algarve7.pt\/index.php\/2023\/04\/museu-municipal-de-loule-e-o-novo-membro-da-nemo\/cultura\/15\/55\/#article","isPartOf":{"@id":"https:\/\/algarve7.pt\/index.php\/2023\/04\/museu-municipal-de-loule-e-o-novo-membro-da-nemo\/cultura\/15\/55\/"},"author":{"name":"Algarve 7","@id":"https:\/\/algarve7.pt\/#\/schema\/person\/23fa70681308e7b319a3204bcea45e0c"},"headline":"Museu municipal de Loul\u00e9 \u00e9 o novo membro da NEMO","datePublished":"2023-04-21T14:55:34+00:00","dateModified":"2023-04-21T14:55:35+00:00","mainEntityOfPage":{"@id":"https:\/\/algarve7.pt\/index.php\/2023\/04\/museu-municipal-de-loule-e-o-novo-membro-da-nemo\/cultura\/15\/55\/"},"wordCount":467,"publisher":{"@id":"https:\/\/algarve7.pt\/#organization"},"image":{"@id":"https:\/\/algarve7.pt\/index.php\/2023\/04\/museu-municipal-de-loule-e-o-novo-membro-da-nemo\/cultura\/15\/55\/#primaryimage"},"thumbnailUrl":"https:\/\/algarve7.pt\/wp-content\/uploads\/2023\/04\/Museu-Municipal-Sala-3.jpg","keywords":["Algarve","Cultura","Loul\u00e9","Museu Municipal de Loul\u00e9","NEMO"],"articleSection":["Cultura"],"inLanguage":"pt-PT"},{"@type":"WebPage","@id":"https:\/\/algarve7.pt\/index.php\/2023\/04\/museu-municipal-de-loule-e-o-novo-membro-da-nemo\/cultura\/15\/55\/","url":"https:\/\/algarve7.pt\/index.php\/2023\/04\/museu-municipal-de-loule-e-o-novo-membro-da-nemo\/cultura\/15\/55\/","name":"Museu municipal de Loul\u00e9 \u00e9 o novo membro da NEMO - Algarve 7","isPartOf":{"@id":"https:\/\/algarve7.pt\/#website"},"primaryImageOfPage":{"@id":"https:\/\/algarve7.pt\/index.php\/2023\/04\/museu-municipal-de-loule-e-o-novo-membro-da-nemo\/cultura\/15\/55\/#primaryimage"},"image":{"@id":"https:\/\/algarve7.pt\/index.php\/2023\/04\/museu-municipal-de-loule-e-o-novo-membro-da-nemo\/cultura\/15\/55\/#primaryimage"},"thumbnailUrl":"https:\/\/algarve7.pt\/wp-content\/uploads\/2023\/04\/Museu-Municipal-Sala-3.jpg","datePublished":"2023-04-21T14:55:34+00:00","dateModified":"2023-04-21T14:55:35+00:00","description":"Museu municipal de Loul\u00e9 \u00e9 o novo membro da NEMO Cultura","breadcrumb":{"@id":"https:\/\/algarve7.pt\/index.php\/2023\/04\/museu-municipal-de-loule-e-o-novo-membro-da-nemo\/cultura\/15\/55\/#breadcrumb"},"inLanguage":"pt-PT","potentialAction":[{"@type":"ReadAction","target":["https:\/\/algarve7.pt\/index.php\/2023\/04\/museu-municipal-de-loule-e-o-novo-membro-da-nemo\/cultura\/15\/55\/"]}]},{"@type":"ImageObject","inLanguage":"pt-PT","@id":"https:\/\/algarve7.pt\/index.php\/2023\/04\/museu-municipal-de-loule-e-o-novo-membro-da-nemo\/cultura\/15\/55\/#primaryimage","url":"https:\/\/algarve7.pt\/wp-content\/uploads\/2023\/04\/Museu-Municipal-Sala-3.jpg","contentUrl":"https:\/\/algarve7.pt\/wp-content\/uploads\/2023\/04\/Museu-Municipal-Sala-3.jpg","width":1024,"height":756},{"@type":"BreadcrumbList","@id":"https:\/\/algarve7.pt\/index.php\/2023\/04\/museu-municipal-de-loule-e-o-novo-membro-da-nemo\/cultura\/15\/55\/#breadcrumb","itemListElement":[{"@type":"ListItem","position":1,"name":"In\u00edcio","item":"https:\/\/algarve7.pt\/"},{"@type":"ListItem","position":2,"name":"Museu municipal de Loul\u00e9 \u00e9 o novo membro da NEMO"}]},{"@type":"WebSite","@id":"https:\/\/algarve7.pt\/#website","url":"https:\/\/algarve7.pt\/","name":"Algarve 7","description":"Informa\u00e7\u00e3o sobre o Algarve","publisher":{"@id":"https:\/\/algarve7.pt\/#organization"},"potentialAction":[{"@type":"SearchAction","target":{"@type":"EntryPoint","urlTemplate":"https:\/\/algarve7.pt\/?s={search_term_string}"},"query-input":{"@type":"PropertyValueSpecification","valueRequired":true,"valueName":"search_term_string"}}],"inLanguage":"pt-PT"},{"@type":"Organization","@id":"https:\/\/algarve7.pt\/#organization","name":"Algarve 7","url":"https:\/\/algarve7.pt\/","logo":{"@type":"ImageObject","inLanguage":"pt-PT","@id":"https:\/\/algarve7.pt\/#\/schema\/logo\/image\/","url":"https:\/\/algarve7.pt\/wp-content\/uploads\/2020\/10\/Logo-8.jpg","contentUrl":"https:\/\/algarve7.pt\/wp-content\/uploads\/2020\/10\/Logo-8.jpg","width":1680,"height":1186,"caption":"Algarve 7"},"image":{"@id":"https:\/\/algarve7.pt\/#\/schema\/logo\/image\/"},"sameAs":["https:\/\/www.facebook.com\/algarve7","https:\/\/x.com\/Algarvesete","https:\/\/www.instagram.com\/jornalalgarve7\/","https:\/\/www.linkedin.com\/company\/algarve7","https:\/\/www.pinterest.pt\/geral0939\/_created\/"]},{"@type":"Person","@id":"https:\/\/algarve7.pt\/#\/schema\/person\/23fa70681308e7b319a3204bcea45e0c","name":"Algarve 7","sameAs":["https:\/\/algarve7.pt","https:\/\/www.facebook.com\/algarve7"],"url":"https:\/\/algarve7.pt\/index.php\/author\/geralalgarve7-pt\/"}]}},"jetpack_publicize_connections":[],"jetpack_featured_media_url":"https:\/\/algarve7.pt\/wp-content\/uploads\/2023\/04\/Museu-Municipal-Sala-3.jpg","jetpack_shortlink":"https:\/\/wp.me\/pcezmW-76c","jetpack_sharing_enabled":true,"_links":{"self":[{"href":"https:\/\/algarve7.pt\/index.php\/wp-json\/wp\/v2\/posts\/27292","targetHints":{"allow":["GET"]}}],"collection":[{"href":"https:\/\/algarve7.pt\/index.php\/wp-json\/wp\/v2\/posts"}],"about":[{"href":"https:\/\/algarve7.pt\/index.php\/wp-json\/wp\/v2\/types\/post"}],"author":[{"embeddable":true,"href":"https:\/\/algarve7.pt\/index.php\/wp-json\/wp\/v2\/users\/1"}],"replies":[{"embeddable":true,"href":"https:\/\/algarve7.pt\/index.php\/wp-json\/wp\/v2\/comments?post=27292"}],"version-history":[{"count":0,"href":"https:\/\/algarve7.pt\/index.php\/wp-json\/wp\/v2\/posts\/27292\/revisions"}],"wp:featuredmedia":[{"embeddable":true,"href":"https:\/\/algarve7.pt\/index.php\/wp-json\/wp\/v2\/media\/27293"}],"wp:attachment":[{"href":"https:\/\/algarve7.pt\/index.php\/wp-json\/wp\/v2\/media?parent=27292"}],"wp:term":[{"taxonomy":"category","embeddable":true,"href":"https:\/\/algarve7.pt\/index.php\/wp-json\/wp\/v2\/categories?post=27292"},{"taxonomy":"post_tag","embeddable":true,"href":"https:\/\/algarve7.pt\/index.php\/wp-json\/wp\/v2\/tags?post=27292"}],"curies":[{"name":"wp","href":"https:\/\/api.w.org\/{rel}","templated":true}]}}