{"id":27173,"date":"2023-04-18T13:50:14","date_gmt":"2023-04-18T12:50:14","guid":{"rendered":"https:\/\/algarve7.pt\/?p=27173"},"modified":"2023-04-18T13:50:16","modified_gmt":"2023-04-18T12:50:16","slug":"avanca-a-requalificacao-e-valorizacao-do-troco-de-costa-entre-o-farol-da-ponta-da-piedade-e-a-praia-do-pinhao","status":"publish","type":"post","link":"https:\/\/algarve7.pt\/index.php\/2023\/04\/avanca-a-requalificacao-e-valorizacao-do-troco-de-costa-entre-o-farol-da-ponta-da-piedade-e-a-praia-do-pinhao\/atualidade\/13\/50\/","title":{"rendered":"Avan\u00e7a a requalifica\u00e7\u00e3o e valoriza\u00e7\u00e3o do tro\u00e7o de costa entre o Farol da Ponta da Piedade e a Praia do Pinh\u00e3o"},"content":{"rendered":"\n<p>A interven\u00e7\u00e3o, que teve in\u00edcio neste m\u00eas de abril, corresponde \u00e0 2.\u00aa fase &#8211; Componente 2 da empreitada e vai intervir nas acessibilidades e estacionamentos, prolongamento do circuito de passadi\u00e7os, cria\u00e7\u00e3o de miradouros seguros, melhoria da ilumina\u00e7\u00e3o p\u00fablica e promo\u00e7\u00e3o da requalifica\u00e7\u00e3o paisag\u00edstica da \u00e1rea envolvente. A obra envolver\u00e1 condicionamentos de circula\u00e7\u00e3o autom\u00f3vel na via.<\/p>\n\n\n\n<p>Considerado um dos tro\u00e7os mais emblem\u00e1ticos da costa portuguesa, a interven\u00e7\u00e3o passa pelas estrat\u00e9gias da autarquia em conservar e valorizar aquele que \u00e9 tamb\u00e9m um dos ex-libris do concelho de Lagos. Com um prazo de execu\u00e7\u00e3o de 360 dias e cofinanciamento pela Uni\u00e3o Europeia \u2013 FEDER \u2013 Portugal 2020 \u2013 CRESC Algarve 2020, a empreitada tem um valor de 2&nbsp;404&nbsp;895 \u20ac (acrescido de IVA) e tem como objetivos o reordenamento do acesso vi\u00e1rio e estacionamento, privilegiando a mobilidade suave e pedonal; renova\u00e7\u00e3o e melhoria da ilumina\u00e7\u00e3o p\u00fablica; continua\u00e7\u00e3o dos passadi\u00e7os &#8211; liga\u00e7\u00e3o entre a 1.\u00aa e a 2.\u00aa fase (na envolvente do Farol da Ponta da Piedade) e prolongamento at\u00e9 \u00e0 Praia do Pinh\u00e3o; e constru\u00e7\u00e3o de escadaria de madeira para acesso \u00e0 Praia do Pinh\u00e3o. De abril a agosto\/setembro, os trabalhos ir\u00e3o incidir, sobretudo, no tro\u00e7o da via entre o cruzamento da Praia do Camilo (onde ir\u00e1 nascer uma nova rotunda) e a Ponta da Piedade. De setembro em diante, a interven\u00e7\u00e3o decorrer\u00e1 no tro\u00e7o da via entre o n\u00f3 de acesso \u00e0 Praia D. Ana e a rotunda vi\u00e1ria do Camilo.<\/p>\n\n\n\n<p>Na componente vi\u00e1ria, o projeto a implementar prev\u00ea que o acesso \u00e0 parte final da Estrada da Ponta da Piedade passe a ser destinado apenas a viaturas de servi\u00e7o do Farol, de abastecimento de mercadorias e situa\u00e7\u00f5es de emerg\u00eancia, eliminando as bolsas atualmente em utiliza\u00e7\u00e3o. Igual crit\u00e9rio ser\u00e1 aplicado ao atual acesso \u00e0 Praia do Camilo, que ser\u00e1 convertido em via de acesso condicionado, terminando em miradouro. Em alternativa, ser\u00e3o constru\u00eddos dois novos parques de estacionamento: um situado no cruzamento de acesso \u00e0 Praia do Camilo (capacidade para 56 ve\u00edculos ligeiros), e um segundo parque, que servir\u00e1 a Ponta da Piedade (dimensionado para 150 ve\u00edculos ligeiros e 10 autocarros de turismo). A estrada ter\u00e1 tamb\u00e9m um novo perfil, com duas faixas de rodagem, ciclovia adjacente \u00e0 estrada e um passeio lateral para pe\u00f5es, que, nalguns tro\u00e7os, ser\u00e3o partilhados.<\/p>\n\n\n\n<p>Naturalmente, a obra ir\u00e1 envolver condicionamentos ao tr\u00e2nsito, devidamente sinalizados, sendo que para que os trabalhos decorram com toda a normalidade, celeridade e seguran\u00e7a, a C\u00e2mara Municipal de Lagos apela a todos os residentes e visitantes que evitem a circula\u00e7\u00e3o autom\u00f3vel na zona de interven\u00e7\u00e3o, utilizando, em alternativa, as infraestruturas (passadi\u00e7os) j\u00e1 existentes e optem pela circula\u00e7\u00e3o pedonal. No caso dos autocarros tur\u00edsticos em visita \u00e0 Ponta da Piedade, dever\u00e3o largar e recolher os seus passageiros na Praia D. Ana, que acedem, nesse local, ao passadi\u00e7o pedonal j\u00e1 existente em dire\u00e7\u00e3o \u00e0 Praia do Camilo e ao Farol.<\/p>\n\n\n\n<p>A beleza \u00fanica da paisagem deste tro\u00e7o de costa e as infraestruturas que, no local, est\u00e3o a ser criadas t\u00eam atra\u00eddo cada vez mais visitantes. De acordo com os n\u00fameros apurados pelo sistema instalado aquando da execu\u00e7\u00e3o da 1.\u00aa fase de interven\u00e7\u00e3o, mais de 1,8 milh\u00f5es de pessoas j\u00e1 passearam nos passadi\u00e7os da Ponta da Piedade.<\/p>\n","protected":false},"excerpt":{"rendered":"<p>A interven\u00e7\u00e3o, que teve in\u00edcio neste m\u00eas de abril, corresponde \u00e0 2.\u00aa fase &#8211; Componente 2 da empreitada e vai<\/p>\n","protected":false},"author":1,"featured_media":27174,"comment_status":"closed","ping_status":"open","sticky":false,"template":"","format":"standard","meta":{"colormag_page_container_layout":"default_layout","colormag_page_sidebar_layout":"default_layout","_monsterinsights_skip_tracking":false,"_monsterinsights_sitenote_active":false,"_monsterinsights_sitenote_note":"","_monsterinsights_sitenote_category":0,"jetpack_post_was_ever_published":false,"_jetpack_newsletter_access":"","_jetpack_dont_email_post_to_subs":false,"_jetpack_newsletter_tier_id":0,"_jetpack_memberships_contains_paywalled_content":false,"_jetpack_memberships_contains_paid_content":false,"footnotes":"","jetpack_publicize_message":"","jetpack_publicize_feature_enabled":true,"jetpack_social_post_already_shared":true,"jetpack_social_options":{"image_generator_settings":{"template":"highway","default_image_id":0,"font":"","enabled":false},"version":2}},"categories":[11],"tags":[36,62,68,99],"class_list":["post-27173","post","type-post","status-publish","format-standard","has-post-thumbnail","hentry","category-atualidade","tag-algarve","tag-atualidade","tag-lagos","tag-obra"],"yoast_head":"<!-- This site is optimized with the Yoast SEO plugin v27.5 - https:\/\/yoast.com\/product\/yoast-seo-wordpress\/ -->\n<title>Avan\u00e7a a requalifica\u00e7\u00e3o e valoriza\u00e7\u00e3o do tro\u00e7o de costa entre o Farol da Ponta da Piedade e a Praia do Pinh\u00e3o - Algarve 7<\/title>\n<meta name=\"description\" content=\"Avan\u00e7a a requalifica\u00e7\u00e3o e valoriza\u00e7\u00e3o do tro\u00e7o de costa entre o Farol da Ponta da Piedade e a Praia do Pinh\u00e3o Atualidade\" \/>\n<meta name=\"robots\" content=\"index, follow, max-snippet:-1, max-image-preview:large, max-video-preview:-1\" \/>\n<link rel=\"canonical\" href=\"https:\/\/algarve7.pt\/index.php\/2023\/04\/avanca-a-requalificacao-e-valorizacao-do-troco-de-costa-entre-o-farol-da-ponta-da-piedade-e-a-praia-do-pinhao\/atualidade\/13\/50\/\" \/>\n<meta property=\"og:locale\" content=\"pt_PT\" \/>\n<meta property=\"og:type\" content=\"article\" \/>\n<meta property=\"og:title\" content=\"Avan\u00e7a a requalifica\u00e7\u00e3o e valoriza\u00e7\u00e3o do tro\u00e7o de costa entre o Farol da Ponta da Piedade e a Praia do Pinh\u00e3o - Algarve 7\" \/>\n<meta property=\"og:description\" content=\"Avan\u00e7a a requalifica\u00e7\u00e3o e valoriza\u00e7\u00e3o do tro\u00e7o de costa entre o Farol da Ponta da Piedade e a Praia do Pinh\u00e3o Atualidade\" \/>\n<meta property=\"og:url\" content=\"https:\/\/algarve7.pt\/index.php\/2023\/04\/avanca-a-requalificacao-e-valorizacao-do-troco-de-costa-entre-o-farol-da-ponta-da-piedade-e-a-praia-do-pinhao\/atualidade\/13\/50\/\" \/>\n<meta property=\"og:site_name\" content=\"Algarve 7\" \/>\n<meta property=\"article:publisher\" content=\"https:\/\/www.facebook.com\/algarve7\" \/>\n<meta property=\"article:author\" content=\"https:\/\/www.facebook.com\/algarve7\" \/>\n<meta property=\"article:published_time\" content=\"2023-04-18T12:50:14+00:00\" \/>\n<meta property=\"article:modified_time\" content=\"2023-04-18T12:50:16+00:00\" \/>\n<meta property=\"og:image\" content=\"https:\/\/algarve7.pt\/wp-content\/uploads\/2023\/04\/PONTA-PIEDADE_Projeto_OCS.jpg\" \/>\n\t<meta property=\"og:image:width\" content=\"1024\" \/>\n\t<meta property=\"og:image:height\" content=\"683\" \/>\n\t<meta property=\"og:image:type\" content=\"image\/jpeg\" \/>\n<meta name=\"author\" content=\"Algarve 7\" \/>\n<meta name=\"twitter:card\" content=\"summary_large_image\" \/>\n<meta name=\"twitter:creator\" content=\"@Algarvesete\" \/>\n<meta name=\"twitter:site\" content=\"@Algarvesete\" \/>\n<meta name=\"twitter:label1\" content=\"Escrito por\" \/>\n\t<meta name=\"twitter:data1\" content=\"Algarve 7\" \/>\n\t<meta name=\"twitter:label2\" content=\"Tempo estimado de leitura\" \/>\n\t<meta name=\"twitter:data2\" content=\"3 minutos\" \/>\n<script type=\"application\/ld+json\" class=\"yoast-schema-graph\">{\"@context\":\"https:\\\/\\\/schema.org\",\"@graph\":[{\"@type\":\"Article\",\"@id\":\"https:\\\/\\\/algarve7.pt\\\/index.php\\\/2023\\\/04\\\/avanca-a-requalificacao-e-valorizacao-do-troco-de-costa-entre-o-farol-da-ponta-da-piedade-e-a-praia-do-pinhao\\\/atualidade\\\/13\\\/50\\\/#article\",\"isPartOf\":{\"@id\":\"https:\\\/\\\/algarve7.pt\\\/index.php\\\/2023\\\/04\\\/avanca-a-requalificacao-e-valorizacao-do-troco-de-costa-entre-o-farol-da-ponta-da-piedade-e-a-praia-do-pinhao\\\/atualidade\\\/13\\\/50\\\/\"},\"author\":{\"name\":\"Algarve 7\",\"@id\":\"https:\\\/\\\/algarve7.pt\\\/#\\\/schema\\\/person\\\/23fa70681308e7b319a3204bcea45e0c\"},\"headline\":\"Avan\u00e7a a requalifica\u00e7\u00e3o e valoriza\u00e7\u00e3o do tro\u00e7o de costa entre o Farol da Ponta da Piedade e a Praia do Pinh\u00e3o\",\"datePublished\":\"2023-04-18T12:50:14+00:00\",\"dateModified\":\"2023-04-18T12:50:16+00:00\",\"mainEntityOfPage\":{\"@id\":\"https:\\\/\\\/algarve7.pt\\\/index.php\\\/2023\\\/04\\\/avanca-a-requalificacao-e-valorizacao-do-troco-de-costa-entre-o-farol-da-ponta-da-piedade-e-a-praia-do-pinhao\\\/atualidade\\\/13\\\/50\\\/\"},\"wordCount\":600,\"publisher\":{\"@id\":\"https:\\\/\\\/algarve7.pt\\\/#organization\"},\"image\":{\"@id\":\"https:\\\/\\\/algarve7.pt\\\/index.php\\\/2023\\\/04\\\/avanca-a-requalificacao-e-valorizacao-do-troco-de-costa-entre-o-farol-da-ponta-da-piedade-e-a-praia-do-pinhao\\\/atualidade\\\/13\\\/50\\\/#primaryimage\"},\"thumbnailUrl\":\"https:\\\/\\\/algarve7.pt\\\/wp-content\\\/uploads\\\/2023\\\/04\\\/PONTA-PIEDADE_Projeto_OCS.jpg\",\"keywords\":[\"Algarve\",\"Atualidade\",\"Lagos\",\"Obra\"],\"articleSection\":[\"Atualidade\"],\"inLanguage\":\"pt-PT\"},{\"@type\":\"WebPage\",\"@id\":\"https:\\\/\\\/algarve7.pt\\\/index.php\\\/2023\\\/04\\\/avanca-a-requalificacao-e-valorizacao-do-troco-de-costa-entre-o-farol-da-ponta-da-piedade-e-a-praia-do-pinhao\\\/atualidade\\\/13\\\/50\\\/\",\"url\":\"https:\\\/\\\/algarve7.pt\\\/index.php\\\/2023\\\/04\\\/avanca-a-requalificacao-e-valorizacao-do-troco-de-costa-entre-o-farol-da-ponta-da-piedade-e-a-praia-do-pinhao\\\/atualidade\\\/13\\\/50\\\/\",\"name\":\"Avan\u00e7a a requalifica\u00e7\u00e3o e valoriza\u00e7\u00e3o do tro\u00e7o de costa entre o Farol da Ponta da Piedade e a Praia do Pinh\u00e3o - Algarve 7\",\"isPartOf\":{\"@id\":\"https:\\\/\\\/algarve7.pt\\\/#website\"},\"primaryImageOfPage\":{\"@id\":\"https:\\\/\\\/algarve7.pt\\\/index.php\\\/2023\\\/04\\\/avanca-a-requalificacao-e-valorizacao-do-troco-de-costa-entre-o-farol-da-ponta-da-piedade-e-a-praia-do-pinhao\\\/atualidade\\\/13\\\/50\\\/#primaryimage\"},\"image\":{\"@id\":\"https:\\\/\\\/algarve7.pt\\\/index.php\\\/2023\\\/04\\\/avanca-a-requalificacao-e-valorizacao-do-troco-de-costa-entre-o-farol-da-ponta-da-piedade-e-a-praia-do-pinhao\\\/atualidade\\\/13\\\/50\\\/#primaryimage\"},\"thumbnailUrl\":\"https:\\\/\\\/algarve7.pt\\\/wp-content\\\/uploads\\\/2023\\\/04\\\/PONTA-PIEDADE_Projeto_OCS.jpg\",\"datePublished\":\"2023-04-18T12:50:14+00:00\",\"dateModified\":\"2023-04-18T12:50:16+00:00\",\"description\":\"Avan\u00e7a a requalifica\u00e7\u00e3o e valoriza\u00e7\u00e3o do tro\u00e7o de costa entre o Farol da Ponta da Piedade e a Praia do Pinh\u00e3o Atualidade\",\"breadcrumb\":{\"@id\":\"https:\\\/\\\/algarve7.pt\\\/index.php\\\/2023\\\/04\\\/avanca-a-requalificacao-e-valorizacao-do-troco-de-costa-entre-o-farol-da-ponta-da-piedade-e-a-praia-do-pinhao\\\/atualidade\\\/13\\\/50\\\/#breadcrumb\"},\"inLanguage\":\"pt-PT\",\"potentialAction\":[{\"@type\":\"ReadAction\",\"target\":[\"https:\\\/\\\/algarve7.pt\\\/index.php\\\/2023\\\/04\\\/avanca-a-requalificacao-e-valorizacao-do-troco-de-costa-entre-o-farol-da-ponta-da-piedade-e-a-praia-do-pinhao\\\/atualidade\\\/13\\\/50\\\/\"]}]},{\"@type\":\"ImageObject\",\"inLanguage\":\"pt-PT\",\"@id\":\"https:\\\/\\\/algarve7.pt\\\/index.php\\\/2023\\\/04\\\/avanca-a-requalificacao-e-valorizacao-do-troco-de-costa-entre-o-farol-da-ponta-da-piedade-e-a-praia-do-pinhao\\\/atualidade\\\/13\\\/50\\\/#primaryimage\",\"url\":\"https:\\\/\\\/algarve7.pt\\\/wp-content\\\/uploads\\\/2023\\\/04\\\/PONTA-PIEDADE_Projeto_OCS.jpg\",\"contentUrl\":\"https:\\\/\\\/algarve7.pt\\\/wp-content\\\/uploads\\\/2023\\\/04\\\/PONTA-PIEDADE_Projeto_OCS.jpg\",\"width\":1024,\"height\":683},{\"@type\":\"BreadcrumbList\",\"@id\":\"https:\\\/\\\/algarve7.pt\\\/index.php\\\/2023\\\/04\\\/avanca-a-requalificacao-e-valorizacao-do-troco-de-costa-entre-o-farol-da-ponta-da-piedade-e-a-praia-do-pinhao\\\/atualidade\\\/13\\\/50\\\/#breadcrumb\",\"itemListElement\":[{\"@type\":\"ListItem\",\"position\":1,\"name\":\"In\u00edcio\",\"item\":\"https:\\\/\\\/algarve7.pt\\\/\"},{\"@type\":\"ListItem\",\"position\":2,\"name\":\"Avan\u00e7a a requalifica\u00e7\u00e3o e valoriza\u00e7\u00e3o do tro\u00e7o de costa entre o Farol da Ponta da Piedade e a Praia do Pinh\u00e3o\"}]},{\"@type\":\"WebSite\",\"@id\":\"https:\\\/\\\/algarve7.pt\\\/#website\",\"url\":\"https:\\\/\\\/algarve7.pt\\\/\",\"name\":\"Algarve 7\",\"description\":\"Informa\u00e7\u00e3o sobre o Algarve\",\"publisher\":{\"@id\":\"https:\\\/\\\/algarve7.pt\\\/#organization\"},\"potentialAction\":[{\"@type\":\"SearchAction\",\"target\":{\"@type\":\"EntryPoint\",\"urlTemplate\":\"https:\\\/\\\/algarve7.pt\\\/?s={search_term_string}\"},\"query-input\":{\"@type\":\"PropertyValueSpecification\",\"valueRequired\":true,\"valueName\":\"search_term_string\"}}],\"inLanguage\":\"pt-PT\"},{\"@type\":\"Organization\",\"@id\":\"https:\\\/\\\/algarve7.pt\\\/#organization\",\"name\":\"Algarve 7\",\"url\":\"https:\\\/\\\/algarve7.pt\\\/\",\"logo\":{\"@type\":\"ImageObject\",\"inLanguage\":\"pt-PT\",\"@id\":\"https:\\\/\\\/algarve7.pt\\\/#\\\/schema\\\/logo\\\/image\\\/\",\"url\":\"https:\\\/\\\/algarve7.pt\\\/wp-content\\\/uploads\\\/2020\\\/10\\\/Logo-8.jpg\",\"contentUrl\":\"https:\\\/\\\/algarve7.pt\\\/wp-content\\\/uploads\\\/2020\\\/10\\\/Logo-8.jpg\",\"width\":1680,\"height\":1186,\"caption\":\"Algarve 7\"},\"image\":{\"@id\":\"https:\\\/\\\/algarve7.pt\\\/#\\\/schema\\\/logo\\\/image\\\/\"},\"sameAs\":[\"https:\\\/\\\/www.facebook.com\\\/algarve7\",\"https:\\\/\\\/x.com\\\/Algarvesete\",\"https:\\\/\\\/www.instagram.com\\\/jornalalgarve7\\\/\",\"https:\\\/\\\/www.linkedin.com\\\/company\\\/algarve7\",\"https:\\\/\\\/www.pinterest.pt\\\/geral0939\\\/_created\\\/\"]},{\"@type\":\"Person\",\"@id\":\"https:\\\/\\\/algarve7.pt\\\/#\\\/schema\\\/person\\\/23fa70681308e7b319a3204bcea45e0c\",\"name\":\"Algarve 7\",\"sameAs\":[\"https:\\\/\\\/algarve7.pt\",\"https:\\\/\\\/www.facebook.com\\\/algarve7\"],\"url\":\"https:\\\/\\\/algarve7.pt\\\/index.php\\\/author\\\/geralalgarve7-pt\\\/\"}]}<\/script>\n<!-- \/ Yoast SEO plugin. -->","yoast_head_json":{"title":"Avan\u00e7a a requalifica\u00e7\u00e3o e valoriza\u00e7\u00e3o do tro\u00e7o de costa entre o Farol da Ponta da Piedade e a Praia do Pinh\u00e3o - Algarve 7","description":"Avan\u00e7a a requalifica\u00e7\u00e3o e valoriza\u00e7\u00e3o do tro\u00e7o de costa entre o Farol da Ponta da Piedade e a Praia do Pinh\u00e3o Atualidade","robots":{"index":"index","follow":"follow","max-snippet":"max-snippet:-1","max-image-preview":"max-image-preview:large","max-video-preview":"max-video-preview:-1"},"canonical":"https:\/\/algarve7.pt\/index.php\/2023\/04\/avanca-a-requalificacao-e-valorizacao-do-troco-de-costa-entre-o-farol-da-ponta-da-piedade-e-a-praia-do-pinhao\/atualidade\/13\/50\/","og_locale":"pt_PT","og_type":"article","og_title":"Avan\u00e7a a requalifica\u00e7\u00e3o e valoriza\u00e7\u00e3o do tro\u00e7o de costa entre o Farol da Ponta da Piedade e a Praia do Pinh\u00e3o - Algarve 7","og_description":"Avan\u00e7a a requalifica\u00e7\u00e3o e valoriza\u00e7\u00e3o do tro\u00e7o de costa entre o Farol da Ponta da Piedade e a Praia do Pinh\u00e3o Atualidade","og_url":"https:\/\/algarve7.pt\/index.php\/2023\/04\/avanca-a-requalificacao-e-valorizacao-do-troco-de-costa-entre-o-farol-da-ponta-da-piedade-e-a-praia-do-pinhao\/atualidade\/13\/50\/","og_site_name":"Algarve 7","article_publisher":"https:\/\/www.facebook.com\/algarve7","article_author":"https:\/\/www.facebook.com\/algarve7","article_published_time":"2023-04-18T12:50:14+00:00","article_modified_time":"2023-04-18T12:50:16+00:00","og_image":[{"width":1024,"height":683,"url":"https:\/\/algarve7.pt\/wp-content\/uploads\/2023\/04\/PONTA-PIEDADE_Projeto_OCS.jpg","type":"image\/jpeg"}],"author":"Algarve 7","twitter_card":"summary_large_image","twitter_creator":"@Algarvesete","twitter_site":"@Algarvesete","twitter_misc":{"Escrito por":"Algarve 7","Tempo estimado de leitura":"3 minutos"},"schema":{"@context":"https:\/\/schema.org","@graph":[{"@type":"Article","@id":"https:\/\/algarve7.pt\/index.php\/2023\/04\/avanca-a-requalificacao-e-valorizacao-do-troco-de-costa-entre-o-farol-da-ponta-da-piedade-e-a-praia-do-pinhao\/atualidade\/13\/50\/#article","isPartOf":{"@id":"https:\/\/algarve7.pt\/index.php\/2023\/04\/avanca-a-requalificacao-e-valorizacao-do-troco-de-costa-entre-o-farol-da-ponta-da-piedade-e-a-praia-do-pinhao\/atualidade\/13\/50\/"},"author":{"name":"Algarve 7","@id":"https:\/\/algarve7.pt\/#\/schema\/person\/23fa70681308e7b319a3204bcea45e0c"},"headline":"Avan\u00e7a a requalifica\u00e7\u00e3o e valoriza\u00e7\u00e3o do tro\u00e7o de costa entre o Farol da Ponta da Piedade e a Praia do Pinh\u00e3o","datePublished":"2023-04-18T12:50:14+00:00","dateModified":"2023-04-18T12:50:16+00:00","mainEntityOfPage":{"@id":"https:\/\/algarve7.pt\/index.php\/2023\/04\/avanca-a-requalificacao-e-valorizacao-do-troco-de-costa-entre-o-farol-da-ponta-da-piedade-e-a-praia-do-pinhao\/atualidade\/13\/50\/"},"wordCount":600,"publisher":{"@id":"https:\/\/algarve7.pt\/#organization"},"image":{"@id":"https:\/\/algarve7.pt\/index.php\/2023\/04\/avanca-a-requalificacao-e-valorizacao-do-troco-de-costa-entre-o-farol-da-ponta-da-piedade-e-a-praia-do-pinhao\/atualidade\/13\/50\/#primaryimage"},"thumbnailUrl":"https:\/\/algarve7.pt\/wp-content\/uploads\/2023\/04\/PONTA-PIEDADE_Projeto_OCS.jpg","keywords":["Algarve","Atualidade","Lagos","Obra"],"articleSection":["Atualidade"],"inLanguage":"pt-PT"},{"@type":"WebPage","@id":"https:\/\/algarve7.pt\/index.php\/2023\/04\/avanca-a-requalificacao-e-valorizacao-do-troco-de-costa-entre-o-farol-da-ponta-da-piedade-e-a-praia-do-pinhao\/atualidade\/13\/50\/","url":"https:\/\/algarve7.pt\/index.php\/2023\/04\/avanca-a-requalificacao-e-valorizacao-do-troco-de-costa-entre-o-farol-da-ponta-da-piedade-e-a-praia-do-pinhao\/atualidade\/13\/50\/","name":"Avan\u00e7a a requalifica\u00e7\u00e3o e valoriza\u00e7\u00e3o do tro\u00e7o de costa entre o Farol da Ponta da Piedade e a Praia do Pinh\u00e3o - Algarve 7","isPartOf":{"@id":"https:\/\/algarve7.pt\/#website"},"primaryImageOfPage":{"@id":"https:\/\/algarve7.pt\/index.php\/2023\/04\/avanca-a-requalificacao-e-valorizacao-do-troco-de-costa-entre-o-farol-da-ponta-da-piedade-e-a-praia-do-pinhao\/atualidade\/13\/50\/#primaryimage"},"image":{"@id":"https:\/\/algarve7.pt\/index.php\/2023\/04\/avanca-a-requalificacao-e-valorizacao-do-troco-de-costa-entre-o-farol-da-ponta-da-piedade-e-a-praia-do-pinhao\/atualidade\/13\/50\/#primaryimage"},"thumbnailUrl":"https:\/\/algarve7.pt\/wp-content\/uploads\/2023\/04\/PONTA-PIEDADE_Projeto_OCS.jpg","datePublished":"2023-04-18T12:50:14+00:00","dateModified":"2023-04-18T12:50:16+00:00","description":"Avan\u00e7a a requalifica\u00e7\u00e3o e valoriza\u00e7\u00e3o do tro\u00e7o de costa entre o Farol da Ponta da Piedade e a Praia do Pinh\u00e3o Atualidade","breadcrumb":{"@id":"https:\/\/algarve7.pt\/index.php\/2023\/04\/avanca-a-requalificacao-e-valorizacao-do-troco-de-costa-entre-o-farol-da-ponta-da-piedade-e-a-praia-do-pinhao\/atualidade\/13\/50\/#breadcrumb"},"inLanguage":"pt-PT","potentialAction":[{"@type":"ReadAction","target":["https:\/\/algarve7.pt\/index.php\/2023\/04\/avanca-a-requalificacao-e-valorizacao-do-troco-de-costa-entre-o-farol-da-ponta-da-piedade-e-a-praia-do-pinhao\/atualidade\/13\/50\/"]}]},{"@type":"ImageObject","inLanguage":"pt-PT","@id":"https:\/\/algarve7.pt\/index.php\/2023\/04\/avanca-a-requalificacao-e-valorizacao-do-troco-de-costa-entre-o-farol-da-ponta-da-piedade-e-a-praia-do-pinhao\/atualidade\/13\/50\/#primaryimage","url":"https:\/\/algarve7.pt\/wp-content\/uploads\/2023\/04\/PONTA-PIEDADE_Projeto_OCS.jpg","contentUrl":"https:\/\/algarve7.pt\/wp-content\/uploads\/2023\/04\/PONTA-PIEDADE_Projeto_OCS.jpg","width":1024,"height":683},{"@type":"BreadcrumbList","@id":"https:\/\/algarve7.pt\/index.php\/2023\/04\/avanca-a-requalificacao-e-valorizacao-do-troco-de-costa-entre-o-farol-da-ponta-da-piedade-e-a-praia-do-pinhao\/atualidade\/13\/50\/#breadcrumb","itemListElement":[{"@type":"ListItem","position":1,"name":"In\u00edcio","item":"https:\/\/algarve7.pt\/"},{"@type":"ListItem","position":2,"name":"Avan\u00e7a a requalifica\u00e7\u00e3o e valoriza\u00e7\u00e3o do tro\u00e7o de costa entre o Farol da Ponta da Piedade e a Praia do Pinh\u00e3o"}]},{"@type":"WebSite","@id":"https:\/\/algarve7.pt\/#website","url":"https:\/\/algarve7.pt\/","name":"Algarve 7","description":"Informa\u00e7\u00e3o sobre o Algarve","publisher":{"@id":"https:\/\/algarve7.pt\/#organization"},"potentialAction":[{"@type":"SearchAction","target":{"@type":"EntryPoint","urlTemplate":"https:\/\/algarve7.pt\/?s={search_term_string}"},"query-input":{"@type":"PropertyValueSpecification","valueRequired":true,"valueName":"search_term_string"}}],"inLanguage":"pt-PT"},{"@type":"Organization","@id":"https:\/\/algarve7.pt\/#organization","name":"Algarve 7","url":"https:\/\/algarve7.pt\/","logo":{"@type":"ImageObject","inLanguage":"pt-PT","@id":"https:\/\/algarve7.pt\/#\/schema\/logo\/image\/","url":"https:\/\/algarve7.pt\/wp-content\/uploads\/2020\/10\/Logo-8.jpg","contentUrl":"https:\/\/algarve7.pt\/wp-content\/uploads\/2020\/10\/Logo-8.jpg","width":1680,"height":1186,"caption":"Algarve 7"},"image":{"@id":"https:\/\/algarve7.pt\/#\/schema\/logo\/image\/"},"sameAs":["https:\/\/www.facebook.com\/algarve7","https:\/\/x.com\/Algarvesete","https:\/\/www.instagram.com\/jornalalgarve7\/","https:\/\/www.linkedin.com\/company\/algarve7","https:\/\/www.pinterest.pt\/geral0939\/_created\/"]},{"@type":"Person","@id":"https:\/\/algarve7.pt\/#\/schema\/person\/23fa70681308e7b319a3204bcea45e0c","name":"Algarve 7","sameAs":["https:\/\/algarve7.pt","https:\/\/www.facebook.com\/algarve7"],"url":"https:\/\/algarve7.pt\/index.php\/author\/geralalgarve7-pt\/"}]}},"jetpack_publicize_connections":[],"jetpack_featured_media_url":"https:\/\/algarve7.pt\/wp-content\/uploads\/2023\/04\/PONTA-PIEDADE_Projeto_OCS.jpg","jetpack_shortlink":"https:\/\/wp.me\/pcezmW-74h","jetpack_sharing_enabled":true,"_links":{"self":[{"href":"https:\/\/algarve7.pt\/index.php\/wp-json\/wp\/v2\/posts\/27173","targetHints":{"allow":["GET"]}}],"collection":[{"href":"https:\/\/algarve7.pt\/index.php\/wp-json\/wp\/v2\/posts"}],"about":[{"href":"https:\/\/algarve7.pt\/index.php\/wp-json\/wp\/v2\/types\/post"}],"author":[{"embeddable":true,"href":"https:\/\/algarve7.pt\/index.php\/wp-json\/wp\/v2\/users\/1"}],"replies":[{"embeddable":true,"href":"https:\/\/algarve7.pt\/index.php\/wp-json\/wp\/v2\/comments?post=27173"}],"version-history":[{"count":0,"href":"https:\/\/algarve7.pt\/index.php\/wp-json\/wp\/v2\/posts\/27173\/revisions"}],"wp:featuredmedia":[{"embeddable":true,"href":"https:\/\/algarve7.pt\/index.php\/wp-json\/wp\/v2\/media\/27174"}],"wp:attachment":[{"href":"https:\/\/algarve7.pt\/index.php\/wp-json\/wp\/v2\/media?parent=27173"}],"wp:term":[{"taxonomy":"category","embeddable":true,"href":"https:\/\/algarve7.pt\/index.php\/wp-json\/wp\/v2\/categories?post=27173"},{"taxonomy":"post_tag","embeddable":true,"href":"https:\/\/algarve7.pt\/index.php\/wp-json\/wp\/v2\/tags?post=27173"}],"curies":[{"name":"wp","href":"https:\/\/api.w.org\/{rel}","templated":true}]}}