{"id":27141,"date":"2023-04-17T12:32:12","date_gmt":"2023-04-17T11:32:12","guid":{"rendered":"https:\/\/algarve7.pt\/?p=27141"},"modified":"2023-04-17T12:32:15","modified_gmt":"2023-04-17T11:32:15","slug":"algarve-promove-oferta-turistica-diferenciada-no-mercado-espanhol","status":"publish","type":"post","link":"https:\/\/algarve7.pt\/index.php\/2023\/04\/algarve-promove-oferta-turistica-diferenciada-no-mercado-espanhol\/turismo\/12\/32\/","title":{"rendered":"Algarve promove oferta tur\u00edstica diferenciada no mercado espanhol"},"content":{"rendered":"\n<p>Os saberes e sabores tradicionais do Algarve, do artesanato \u00e0 gastronomia e aos seus produtos agroalimentares locais, v\u00e3o dar o mote a uma m\u00e3o cheia de a\u00e7\u00f5es promocionais do destino em Espanha nos meses de abril, maio e junho. O Turismo Cultural, o Turismo Criativo e a Dieta Mediterr\u00e2nica s\u00e3o o chap\u00e9u desta investida por terras espanholas, levando a excel\u00eancia da regi\u00e3o algarvia \u00e0s comunidades de Madrid, Catalunha e Pa\u00eds Basco.<\/p>\n\n\n\n<p>A primeira paragem acontece j\u00e1 no dia 18 de abril, em&nbsp;<strong>Madrid<\/strong>, para a apresenta\u00e7\u00e3o do destino a um grupo de agentes de viagens do grupo \u00c1voris, detentor das marcas Btravel, Halcon Viajes, RAAC Travel e Viajes Ecuador, entre outras, seguida de um&nbsp;<em>cocktail<\/em>&nbsp;de&nbsp;<em>networking<\/em>. A a\u00e7\u00e3o na capital espanhola contar\u00e1 com a presen\u00e7a do Presidente do Turismo do Algarve, Jo\u00e3o Fernandes.<\/p>\n\n\n\n<p>O modelo de a\u00e7\u00e3o promocional e&nbsp;<em>networking<\/em>&nbsp;ser\u00e1 replicado em&nbsp;<strong>Barcelona<\/strong>, no dia 27 de abril, onde um segundo grupo de agentes de viagens do grupo \u00c1voris aprofundar\u00e1 o conhecimento sobre a oferta tur\u00edstica e cultural do Algarve.&nbsp;<\/p>\n\n\n\n<p>Na semana seguinte, 05 a 07 de maio, a comitiva algarvia instala-se na feira de turismo \u00abExpovacaciones\u00bb, em&nbsp;<strong>Bilbau<\/strong>, onde a regi\u00e3o contar\u00e1 com um espa\u00e7o pr\u00f3prio com 10 balc\u00f5es de informa\u00e7\u00e3o e promo\u00e7\u00e3o tur\u00edstica junto de profissionais do setor e do p\u00fablico em geral. Al\u00e9m da Regi\u00e3o de Turismo do Algarve (RTA), estar\u00e3o representados os munic\u00edpios de Albufeira, Aljezur, Lagoa, Lagos, Loul\u00e9, Olh\u00e3o, Portim\u00e3o, Tavira e Vila Real de Santo Ant\u00f3nio.&nbsp;<\/p>\n\n\n\n<p>O&nbsp;<em>stand<\/em>&nbsp;do Algarve na \u00abExpovacaciones\u00bb ser\u00e1 animado com a divulga\u00e7\u00e3o da oferta cultural algarvia e com demonstra\u00e7\u00f5es gastron\u00f3micas para promover a Dieta Mediterr\u00e2nica entre os bascos, que este ver\u00e3o ganham uma liga\u00e7\u00e3o a\u00e9rea direta de Bilbau para Faro. A nova rota a\u00e9rea ser\u00e1 operada pela Volotea e vai ter duas frequ\u00eancias semanais, disponibilizando mais de 12 mil lugares durante a opera\u00e7\u00e3o, que se estende do final de maio ao in\u00edcio de outubro.<\/p>\n\n\n\n<p>De 25 a 28 maio realiza-se ainda uma visita de familiariza\u00e7\u00e3o com o destino para agentes de viagens espanh\u00f3is. A&nbsp;<strong><em>Fam Trip<\/em>&nbsp;Algarve<\/strong>&nbsp;vai dar a conhecer a oferta de experi\u00eancias culturais e criativas baseadas no artesanato e produtos agroalimentares locais que existe na regi\u00e3o, bem como a oferta de eventos art\u00edsticos e culturais do destino, passando a imagem do Algarve enquanto regi\u00e3o \u00edmpar, com grande diversidade de oferta de experi\u00eancias e de eventos de anima\u00e7\u00e3o ao longo de todo o ano.<\/p>\n\n\n\n<p>Estas a\u00e7\u00f5es de promo\u00e7\u00e3o do Algarve em Espanha enquadram-se no projeto&nbsp;<strong>Algarve Premium<\/strong>&nbsp;(visando promover a internacionaliza\u00e7\u00e3o de produtos de excel\u00eancia da regi\u00e3o do Algarve, sendo que as atividades da RTA neste projeto incidem no Turismo Cultural e Criativo, em particular na promo\u00e7\u00e3o de um calend\u00e1rio anual de eventos culturais) e no projeto&nbsp;<strong>Algarve Craft &amp; Food<\/strong>&nbsp;(visando promover experi\u00eancias tur\u00edsticas sustent\u00e1veis, sobretudo nas zonas rurais e no interior algarvio, apoiando e revitalizando em simult\u00e2neo pr\u00e1ticas tradicionais que ajudem a aumentar o rendimento de artes\u00e3os e produtores alimentares locais), ambos&nbsp;os projetos&nbsp;cofinanciados pelo CRESC Algarve 2020 \u2013 Programa Operacional Regional do Algarve<\/p>\n\n\n\n<p><strong><u>Campanhas multim\u00e9dia em Espanha<\/u><\/strong><\/p>\n\n\n\n<p>Finalmente, em maio e junho&nbsp;<strong>duas campanhas de comunica\u00e7\u00e3o multimeios<\/strong>&nbsp;v\u00e3o, atrav\u00e9s das redes sociais, s\u00edtios na&nbsp;<em>Internet<\/em>, blogues, imprensa, passatempos, fotografia e v\u00eddeo, impactar os residentes nas comunidades espanholas de Andaluzia, Madrid, Estremadura e Galiza, com o objetivo de motivarem os turistas a usufru\u00edrem da oferta de experi\u00eancias de turismo criativo e de eventos art\u00edsticos e culturais existente na regi\u00e3o, promovendo um maior envolvimento e proximidade com o destino, refor\u00e7ando assim a notoriedade da marca Algarve.<\/p>\n\n\n\n<p>O mercado espanhol representava, no per\u00edodo pr\u00e9-pandemia, mais de 400 mil h\u00f3spedes e mais de 1,1 milh\u00f5es de dormidas anuais no alojamento tur\u00edstico do Algarve, maioritariamente concentradas no per\u00edodo da P\u00e1scoa e nos meses de ver\u00e3o. Com este conjunto de iniciativas pretende-se tamb\u00e9m refor\u00e7ar o combate \u00e0 sazonalidade da procura tur\u00edstica da regi\u00e3o com origem neste importante mercado de proximidade.<\/p>\n","protected":false},"excerpt":{"rendered":"<p>Os saberes e sabores tradicionais do Algarve, do artesanato \u00e0 gastronomia e aos seus produtos agroalimentares locais, v\u00e3o dar o<\/p>\n","protected":false},"author":1,"featured_media":27142,"comment_status":"closed","ping_status":"open","sticky":false,"template":"","format":"standard","meta":{"colormag_page_container_layout":"default_layout","colormag_page_sidebar_layout":"default_layout","_monsterinsights_skip_tracking":false,"_monsterinsights_sitenote_active":false,"_monsterinsights_sitenote_note":"","_monsterinsights_sitenote_category":0,"jetpack_post_was_ever_published":false,"_jetpack_newsletter_access":"","_jetpack_dont_email_post_to_subs":false,"_jetpack_newsletter_tier_id":0,"_jetpack_memberships_contains_paywalled_content":false,"_jetpack_memberships_contains_paid_content":false,"footnotes":"","jetpack_publicize_message":"","jetpack_publicize_feature_enabled":true,"jetpack_social_post_already_shared":true,"jetpack_social_options":{"image_generator_settings":{"template":"highway","default_image_id":0,"font":"","enabled":false},"version":2}},"categories":[17],"tags":[36,150,173,45],"class_list":["post-27141","post","type-post","status-publish","format-standard","has-post-thumbnail","hentry","category-turismo","tag-algarve","tag-regiao-do-algarve","tag-rta","tag-turismo"],"yoast_head":"<!-- This site is optimized with the Yoast SEO plugin v27.5 - https:\/\/yoast.com\/product\/yoast-seo-wordpress\/ -->\n<title>Algarve promove oferta tur\u00edstica diferenciada no mercado espanhol - Algarve 7<\/title>\n<meta name=\"description\" content=\"Algarve promove oferta tur\u00edstica diferenciada no mercado espanhol Turismo\" \/>\n<meta name=\"robots\" content=\"index, follow, max-snippet:-1, max-image-preview:large, max-video-preview:-1\" \/>\n<link rel=\"canonical\" href=\"https:\/\/algarve7.pt\/index.php\/2023\/04\/algarve-promove-oferta-turistica-diferenciada-no-mercado-espanhol\/turismo\/12\/32\/\" \/>\n<meta property=\"og:locale\" content=\"pt_PT\" \/>\n<meta property=\"og:type\" content=\"article\" \/>\n<meta property=\"og:title\" content=\"Algarve promove oferta tur\u00edstica diferenciada no mercado espanhol - Algarve 7\" \/>\n<meta property=\"og:description\" content=\"Algarve promove oferta tur\u00edstica diferenciada no mercado espanhol Turismo\" \/>\n<meta property=\"og:url\" content=\"https:\/\/algarve7.pt\/index.php\/2023\/04\/algarve-promove-oferta-turistica-diferenciada-no-mercado-espanhol\/turismo\/12\/32\/\" \/>\n<meta property=\"og:site_name\" content=\"Algarve 7\" \/>\n<meta property=\"article:publisher\" content=\"https:\/\/www.facebook.com\/algarve7\" \/>\n<meta property=\"article:author\" content=\"https:\/\/www.facebook.com\/algarve7\" \/>\n<meta property=\"article:published_time\" content=\"2023-04-17T11:32:12+00:00\" \/>\n<meta property=\"article:modified_time\" content=\"2023-04-17T11:32:15+00:00\" \/>\n<meta property=\"og:image\" content=\"https:\/\/algarve7.pt\/wp-content\/uploads\/2023\/04\/Ermida_Senhora_da_Rocha.jpg\" \/>\n\t<meta property=\"og:image:width\" content=\"1024\" \/>\n\t<meta property=\"og:image:height\" content=\"767\" \/>\n\t<meta property=\"og:image:type\" content=\"image\/jpeg\" \/>\n<meta name=\"author\" content=\"Algarve 7\" \/>\n<meta name=\"twitter:card\" content=\"summary_large_image\" \/>\n<meta name=\"twitter:creator\" content=\"@Algarvesete\" \/>\n<meta name=\"twitter:site\" content=\"@Algarvesete\" \/>\n<meta name=\"twitter:label1\" content=\"Escrito por\" \/>\n\t<meta name=\"twitter:data1\" content=\"Algarve 7\" \/>\n\t<meta name=\"twitter:label2\" content=\"Tempo estimado de leitura\" \/>\n\t<meta name=\"twitter:data2\" content=\"4 minutos\" \/>\n<script type=\"application\/ld+json\" class=\"yoast-schema-graph\">{\"@context\":\"https:\\\/\\\/schema.org\",\"@graph\":[{\"@type\":\"Article\",\"@id\":\"https:\\\/\\\/algarve7.pt\\\/index.php\\\/2023\\\/04\\\/algarve-promove-oferta-turistica-diferenciada-no-mercado-espanhol\\\/turismo\\\/12\\\/32\\\/#article\",\"isPartOf\":{\"@id\":\"https:\\\/\\\/algarve7.pt\\\/index.php\\\/2023\\\/04\\\/algarve-promove-oferta-turistica-diferenciada-no-mercado-espanhol\\\/turismo\\\/12\\\/32\\\/\"},\"author\":{\"name\":\"Algarve 7\",\"@id\":\"https:\\\/\\\/algarve7.pt\\\/#\\\/schema\\\/person\\\/23fa70681308e7b319a3204bcea45e0c\"},\"headline\":\"Algarve promove oferta tur\u00edstica diferenciada no mercado espanhol\",\"datePublished\":\"2023-04-17T11:32:12+00:00\",\"dateModified\":\"2023-04-17T11:32:15+00:00\",\"mainEntityOfPage\":{\"@id\":\"https:\\\/\\\/algarve7.pt\\\/index.php\\\/2023\\\/04\\\/algarve-promove-oferta-turistica-diferenciada-no-mercado-espanhol\\\/turismo\\\/12\\\/32\\\/\"},\"wordCount\":747,\"publisher\":{\"@id\":\"https:\\\/\\\/algarve7.pt\\\/#organization\"},\"image\":{\"@id\":\"https:\\\/\\\/algarve7.pt\\\/index.php\\\/2023\\\/04\\\/algarve-promove-oferta-turistica-diferenciada-no-mercado-espanhol\\\/turismo\\\/12\\\/32\\\/#primaryimage\"},\"thumbnailUrl\":\"https:\\\/\\\/algarve7.pt\\\/wp-content\\\/uploads\\\/2023\\\/04\\\/Ermida_Senhora_da_Rocha.jpg\",\"keywords\":[\"Algarve\",\"Regi\u00e3o do Algarve\",\"RTA\",\"Turismo\"],\"articleSection\":[\"Turismo\"],\"inLanguage\":\"pt-PT\"},{\"@type\":\"WebPage\",\"@id\":\"https:\\\/\\\/algarve7.pt\\\/index.php\\\/2023\\\/04\\\/algarve-promove-oferta-turistica-diferenciada-no-mercado-espanhol\\\/turismo\\\/12\\\/32\\\/\",\"url\":\"https:\\\/\\\/algarve7.pt\\\/index.php\\\/2023\\\/04\\\/algarve-promove-oferta-turistica-diferenciada-no-mercado-espanhol\\\/turismo\\\/12\\\/32\\\/\",\"name\":\"Algarve promove oferta tur\u00edstica diferenciada no mercado espanhol - Algarve 7\",\"isPartOf\":{\"@id\":\"https:\\\/\\\/algarve7.pt\\\/#website\"},\"primaryImageOfPage\":{\"@id\":\"https:\\\/\\\/algarve7.pt\\\/index.php\\\/2023\\\/04\\\/algarve-promove-oferta-turistica-diferenciada-no-mercado-espanhol\\\/turismo\\\/12\\\/32\\\/#primaryimage\"},\"image\":{\"@id\":\"https:\\\/\\\/algarve7.pt\\\/index.php\\\/2023\\\/04\\\/algarve-promove-oferta-turistica-diferenciada-no-mercado-espanhol\\\/turismo\\\/12\\\/32\\\/#primaryimage\"},\"thumbnailUrl\":\"https:\\\/\\\/algarve7.pt\\\/wp-content\\\/uploads\\\/2023\\\/04\\\/Ermida_Senhora_da_Rocha.jpg\",\"datePublished\":\"2023-04-17T11:32:12+00:00\",\"dateModified\":\"2023-04-17T11:32:15+00:00\",\"description\":\"Algarve promove oferta tur\u00edstica diferenciada no mercado espanhol Turismo\",\"breadcrumb\":{\"@id\":\"https:\\\/\\\/algarve7.pt\\\/index.php\\\/2023\\\/04\\\/algarve-promove-oferta-turistica-diferenciada-no-mercado-espanhol\\\/turismo\\\/12\\\/32\\\/#breadcrumb\"},\"inLanguage\":\"pt-PT\",\"potentialAction\":[{\"@type\":\"ReadAction\",\"target\":[\"https:\\\/\\\/algarve7.pt\\\/index.php\\\/2023\\\/04\\\/algarve-promove-oferta-turistica-diferenciada-no-mercado-espanhol\\\/turismo\\\/12\\\/32\\\/\"]}]},{\"@type\":\"ImageObject\",\"inLanguage\":\"pt-PT\",\"@id\":\"https:\\\/\\\/algarve7.pt\\\/index.php\\\/2023\\\/04\\\/algarve-promove-oferta-turistica-diferenciada-no-mercado-espanhol\\\/turismo\\\/12\\\/32\\\/#primaryimage\",\"url\":\"https:\\\/\\\/algarve7.pt\\\/wp-content\\\/uploads\\\/2023\\\/04\\\/Ermida_Senhora_da_Rocha.jpg\",\"contentUrl\":\"https:\\\/\\\/algarve7.pt\\\/wp-content\\\/uploads\\\/2023\\\/04\\\/Ermida_Senhora_da_Rocha.jpg\",\"width\":1024,\"height\":767},{\"@type\":\"BreadcrumbList\",\"@id\":\"https:\\\/\\\/algarve7.pt\\\/index.php\\\/2023\\\/04\\\/algarve-promove-oferta-turistica-diferenciada-no-mercado-espanhol\\\/turismo\\\/12\\\/32\\\/#breadcrumb\",\"itemListElement\":[{\"@type\":\"ListItem\",\"position\":1,\"name\":\"In\u00edcio\",\"item\":\"https:\\\/\\\/algarve7.pt\\\/\"},{\"@type\":\"ListItem\",\"position\":2,\"name\":\"Algarve promove oferta tur\u00edstica diferenciada no mercado espanhol\"}]},{\"@type\":\"WebSite\",\"@id\":\"https:\\\/\\\/algarve7.pt\\\/#website\",\"url\":\"https:\\\/\\\/algarve7.pt\\\/\",\"name\":\"Algarve 7\",\"description\":\"Informa\u00e7\u00e3o sobre o Algarve\",\"publisher\":{\"@id\":\"https:\\\/\\\/algarve7.pt\\\/#organization\"},\"potentialAction\":[{\"@type\":\"SearchAction\",\"target\":{\"@type\":\"EntryPoint\",\"urlTemplate\":\"https:\\\/\\\/algarve7.pt\\\/?s={search_term_string}\"},\"query-input\":{\"@type\":\"PropertyValueSpecification\",\"valueRequired\":true,\"valueName\":\"search_term_string\"}}],\"inLanguage\":\"pt-PT\"},{\"@type\":\"Organization\",\"@id\":\"https:\\\/\\\/algarve7.pt\\\/#organization\",\"name\":\"Algarve 7\",\"url\":\"https:\\\/\\\/algarve7.pt\\\/\",\"logo\":{\"@type\":\"ImageObject\",\"inLanguage\":\"pt-PT\",\"@id\":\"https:\\\/\\\/algarve7.pt\\\/#\\\/schema\\\/logo\\\/image\\\/\",\"url\":\"https:\\\/\\\/algarve7.pt\\\/wp-content\\\/uploads\\\/2020\\\/10\\\/Logo-8.jpg\",\"contentUrl\":\"https:\\\/\\\/algarve7.pt\\\/wp-content\\\/uploads\\\/2020\\\/10\\\/Logo-8.jpg\",\"width\":1680,\"height\":1186,\"caption\":\"Algarve 7\"},\"image\":{\"@id\":\"https:\\\/\\\/algarve7.pt\\\/#\\\/schema\\\/logo\\\/image\\\/\"},\"sameAs\":[\"https:\\\/\\\/www.facebook.com\\\/algarve7\",\"https:\\\/\\\/x.com\\\/Algarvesete\",\"https:\\\/\\\/www.instagram.com\\\/jornalalgarve7\\\/\",\"https:\\\/\\\/www.linkedin.com\\\/company\\\/algarve7\",\"https:\\\/\\\/www.pinterest.pt\\\/geral0939\\\/_created\\\/\"]},{\"@type\":\"Person\",\"@id\":\"https:\\\/\\\/algarve7.pt\\\/#\\\/schema\\\/person\\\/23fa70681308e7b319a3204bcea45e0c\",\"name\":\"Algarve 7\",\"sameAs\":[\"https:\\\/\\\/algarve7.pt\",\"https:\\\/\\\/www.facebook.com\\\/algarve7\"],\"url\":\"https:\\\/\\\/algarve7.pt\\\/index.php\\\/author\\\/geralalgarve7-pt\\\/\"}]}<\/script>\n<!-- \/ Yoast SEO plugin. -->","yoast_head_json":{"title":"Algarve promove oferta tur\u00edstica diferenciada no mercado espanhol - Algarve 7","description":"Algarve promove oferta tur\u00edstica diferenciada no mercado espanhol Turismo","robots":{"index":"index","follow":"follow","max-snippet":"max-snippet:-1","max-image-preview":"max-image-preview:large","max-video-preview":"max-video-preview:-1"},"canonical":"https:\/\/algarve7.pt\/index.php\/2023\/04\/algarve-promove-oferta-turistica-diferenciada-no-mercado-espanhol\/turismo\/12\/32\/","og_locale":"pt_PT","og_type":"article","og_title":"Algarve promove oferta tur\u00edstica diferenciada no mercado espanhol - Algarve 7","og_description":"Algarve promove oferta tur\u00edstica diferenciada no mercado espanhol Turismo","og_url":"https:\/\/algarve7.pt\/index.php\/2023\/04\/algarve-promove-oferta-turistica-diferenciada-no-mercado-espanhol\/turismo\/12\/32\/","og_site_name":"Algarve 7","article_publisher":"https:\/\/www.facebook.com\/algarve7","article_author":"https:\/\/www.facebook.com\/algarve7","article_published_time":"2023-04-17T11:32:12+00:00","article_modified_time":"2023-04-17T11:32:15+00:00","og_image":[{"width":1024,"height":767,"url":"https:\/\/algarve7.pt\/wp-content\/uploads\/2023\/04\/Ermida_Senhora_da_Rocha.jpg","type":"image\/jpeg"}],"author":"Algarve 7","twitter_card":"summary_large_image","twitter_creator":"@Algarvesete","twitter_site":"@Algarvesete","twitter_misc":{"Escrito por":"Algarve 7","Tempo estimado de leitura":"4 minutos"},"schema":{"@context":"https:\/\/schema.org","@graph":[{"@type":"Article","@id":"https:\/\/algarve7.pt\/index.php\/2023\/04\/algarve-promove-oferta-turistica-diferenciada-no-mercado-espanhol\/turismo\/12\/32\/#article","isPartOf":{"@id":"https:\/\/algarve7.pt\/index.php\/2023\/04\/algarve-promove-oferta-turistica-diferenciada-no-mercado-espanhol\/turismo\/12\/32\/"},"author":{"name":"Algarve 7","@id":"https:\/\/algarve7.pt\/#\/schema\/person\/23fa70681308e7b319a3204bcea45e0c"},"headline":"Algarve promove oferta tur\u00edstica diferenciada no mercado espanhol","datePublished":"2023-04-17T11:32:12+00:00","dateModified":"2023-04-17T11:32:15+00:00","mainEntityOfPage":{"@id":"https:\/\/algarve7.pt\/index.php\/2023\/04\/algarve-promove-oferta-turistica-diferenciada-no-mercado-espanhol\/turismo\/12\/32\/"},"wordCount":747,"publisher":{"@id":"https:\/\/algarve7.pt\/#organization"},"image":{"@id":"https:\/\/algarve7.pt\/index.php\/2023\/04\/algarve-promove-oferta-turistica-diferenciada-no-mercado-espanhol\/turismo\/12\/32\/#primaryimage"},"thumbnailUrl":"https:\/\/algarve7.pt\/wp-content\/uploads\/2023\/04\/Ermida_Senhora_da_Rocha.jpg","keywords":["Algarve","Regi\u00e3o do Algarve","RTA","Turismo"],"articleSection":["Turismo"],"inLanguage":"pt-PT"},{"@type":"WebPage","@id":"https:\/\/algarve7.pt\/index.php\/2023\/04\/algarve-promove-oferta-turistica-diferenciada-no-mercado-espanhol\/turismo\/12\/32\/","url":"https:\/\/algarve7.pt\/index.php\/2023\/04\/algarve-promove-oferta-turistica-diferenciada-no-mercado-espanhol\/turismo\/12\/32\/","name":"Algarve promove oferta tur\u00edstica diferenciada no mercado espanhol - Algarve 7","isPartOf":{"@id":"https:\/\/algarve7.pt\/#website"},"primaryImageOfPage":{"@id":"https:\/\/algarve7.pt\/index.php\/2023\/04\/algarve-promove-oferta-turistica-diferenciada-no-mercado-espanhol\/turismo\/12\/32\/#primaryimage"},"image":{"@id":"https:\/\/algarve7.pt\/index.php\/2023\/04\/algarve-promove-oferta-turistica-diferenciada-no-mercado-espanhol\/turismo\/12\/32\/#primaryimage"},"thumbnailUrl":"https:\/\/algarve7.pt\/wp-content\/uploads\/2023\/04\/Ermida_Senhora_da_Rocha.jpg","datePublished":"2023-04-17T11:32:12+00:00","dateModified":"2023-04-17T11:32:15+00:00","description":"Algarve promove oferta tur\u00edstica diferenciada no mercado espanhol Turismo","breadcrumb":{"@id":"https:\/\/algarve7.pt\/index.php\/2023\/04\/algarve-promove-oferta-turistica-diferenciada-no-mercado-espanhol\/turismo\/12\/32\/#breadcrumb"},"inLanguage":"pt-PT","potentialAction":[{"@type":"ReadAction","target":["https:\/\/algarve7.pt\/index.php\/2023\/04\/algarve-promove-oferta-turistica-diferenciada-no-mercado-espanhol\/turismo\/12\/32\/"]}]},{"@type":"ImageObject","inLanguage":"pt-PT","@id":"https:\/\/algarve7.pt\/index.php\/2023\/04\/algarve-promove-oferta-turistica-diferenciada-no-mercado-espanhol\/turismo\/12\/32\/#primaryimage","url":"https:\/\/algarve7.pt\/wp-content\/uploads\/2023\/04\/Ermida_Senhora_da_Rocha.jpg","contentUrl":"https:\/\/algarve7.pt\/wp-content\/uploads\/2023\/04\/Ermida_Senhora_da_Rocha.jpg","width":1024,"height":767},{"@type":"BreadcrumbList","@id":"https:\/\/algarve7.pt\/index.php\/2023\/04\/algarve-promove-oferta-turistica-diferenciada-no-mercado-espanhol\/turismo\/12\/32\/#breadcrumb","itemListElement":[{"@type":"ListItem","position":1,"name":"In\u00edcio","item":"https:\/\/algarve7.pt\/"},{"@type":"ListItem","position":2,"name":"Algarve promove oferta tur\u00edstica diferenciada no mercado espanhol"}]},{"@type":"WebSite","@id":"https:\/\/algarve7.pt\/#website","url":"https:\/\/algarve7.pt\/","name":"Algarve 7","description":"Informa\u00e7\u00e3o sobre o Algarve","publisher":{"@id":"https:\/\/algarve7.pt\/#organization"},"potentialAction":[{"@type":"SearchAction","target":{"@type":"EntryPoint","urlTemplate":"https:\/\/algarve7.pt\/?s={search_term_string}"},"query-input":{"@type":"PropertyValueSpecification","valueRequired":true,"valueName":"search_term_string"}}],"inLanguage":"pt-PT"},{"@type":"Organization","@id":"https:\/\/algarve7.pt\/#organization","name":"Algarve 7","url":"https:\/\/algarve7.pt\/","logo":{"@type":"ImageObject","inLanguage":"pt-PT","@id":"https:\/\/algarve7.pt\/#\/schema\/logo\/image\/","url":"https:\/\/algarve7.pt\/wp-content\/uploads\/2020\/10\/Logo-8.jpg","contentUrl":"https:\/\/algarve7.pt\/wp-content\/uploads\/2020\/10\/Logo-8.jpg","width":1680,"height":1186,"caption":"Algarve 7"},"image":{"@id":"https:\/\/algarve7.pt\/#\/schema\/logo\/image\/"},"sameAs":["https:\/\/www.facebook.com\/algarve7","https:\/\/x.com\/Algarvesete","https:\/\/www.instagram.com\/jornalalgarve7\/","https:\/\/www.linkedin.com\/company\/algarve7","https:\/\/www.pinterest.pt\/geral0939\/_created\/"]},{"@type":"Person","@id":"https:\/\/algarve7.pt\/#\/schema\/person\/23fa70681308e7b319a3204bcea45e0c","name":"Algarve 7","sameAs":["https:\/\/algarve7.pt","https:\/\/www.facebook.com\/algarve7"],"url":"https:\/\/algarve7.pt\/index.php\/author\/geralalgarve7-pt\/"}]}},"jetpack_publicize_connections":[],"jetpack_featured_media_url":"https:\/\/algarve7.pt\/wp-content\/uploads\/2023\/04\/Ermida_Senhora_da_Rocha.jpg","jetpack_shortlink":"https:\/\/wp.me\/pcezmW-73L","jetpack_sharing_enabled":true,"_links":{"self":[{"href":"https:\/\/algarve7.pt\/index.php\/wp-json\/wp\/v2\/posts\/27141","targetHints":{"allow":["GET"]}}],"collection":[{"href":"https:\/\/algarve7.pt\/index.php\/wp-json\/wp\/v2\/posts"}],"about":[{"href":"https:\/\/algarve7.pt\/index.php\/wp-json\/wp\/v2\/types\/post"}],"author":[{"embeddable":true,"href":"https:\/\/algarve7.pt\/index.php\/wp-json\/wp\/v2\/users\/1"}],"replies":[{"embeddable":true,"href":"https:\/\/algarve7.pt\/index.php\/wp-json\/wp\/v2\/comments?post=27141"}],"version-history":[{"count":0,"href":"https:\/\/algarve7.pt\/index.php\/wp-json\/wp\/v2\/posts\/27141\/revisions"}],"wp:featuredmedia":[{"embeddable":true,"href":"https:\/\/algarve7.pt\/index.php\/wp-json\/wp\/v2\/media\/27142"}],"wp:attachment":[{"href":"https:\/\/algarve7.pt\/index.php\/wp-json\/wp\/v2\/media?parent=27141"}],"wp:term":[{"taxonomy":"category","embeddable":true,"href":"https:\/\/algarve7.pt\/index.php\/wp-json\/wp\/v2\/categories?post=27141"},{"taxonomy":"post_tag","embeddable":true,"href":"https:\/\/algarve7.pt\/index.php\/wp-json\/wp\/v2\/tags?post=27141"}],"curies":[{"name":"wp","href":"https:\/\/api.w.org\/{rel}","templated":true}]}}