{"id":27121,"date":"2023-04-16T11:45:00","date_gmt":"2023-04-16T10:45:00","guid":{"rendered":"https:\/\/algarve7.pt\/?p=27121"},"modified":"2023-04-14T18:28:52","modified_gmt":"2023-04-14T17:28:52","slug":"municipio-de-lagos-promove-simulacros-pelo-concelho","status":"publish","type":"post","link":"https:\/\/algarve7.pt\/index.php\/2023\/04\/municipio-de-lagos-promove-simulacros-pelo-concelho\/atualidade\/11\/45\/","title":{"rendered":"Munic\u00edpio de Lagos promove simulacros pelo concelho"},"content":{"rendered":"\n<p><strong>Realizada no \u00e2mbito dos programas \u201cAldeia Segura\u201d e \u201cPessoas Seguras\u201d, a iniciativa decorrer\u00e1 nos meses de abril e maio em aglomerados populacionais em espa\u00e7o rural do territ\u00f3rio de Lagos.<\/strong><\/p>\n\n\n\n<p>Ser\u00e3o oito os locais que contar\u00e3o com a presen\u00e7a do Servi\u00e7o de Prote\u00e7\u00e3o Civil e Defesa da Floresta, Guarda Nacional Republicana e Corpo de Bombeiros de Lagos, tendo como principal objetivo sensibilizar e informar a popula\u00e7\u00e3o sobre os caminhos de evacua\u00e7\u00e3o e os locais de abrigo ou ref\u00fagio coletivo da sua \u00e1rea de resid\u00eancia com o aux\u00edlio de um oficial de seguran\u00e7a local.<\/p>\n\n\n\n<p><strong>Implementado ao abrigo de um protocolo entre a Autoridade Nacional de Emerg\u00eancia e Prote\u00e7\u00e3o Civil (ANEPC), a Associa\u00e7\u00e3o Nacional de Munic\u00edpios Portugueses (ANMP) e a Associa\u00e7\u00e3o Nacional de Freguesias (ANAFRE), \u201cAldeia Segura&#8221; \u00e9 um programa de prote\u00e7\u00e3o de aglomerados Populacionais e de prote\u00e7\u00e3o Florestal e destina-se a estabelecer &#8220;medidas estruturais para prote\u00e7\u00e3o de pessoas e bens, e dos edificados na interface urbano-florestal, com a implementa\u00e7\u00e3o e gest\u00e3o de zonas de prote\u00e7\u00e3o aos aglomerados e de infraestruturas estrat\u00e9gicas, identificando pontos cr\u00edticos e locais de ref\u00fagio&#8221;. J\u00e1 o programa &#8220;Pessoas Seguras&#8221; visa promover &#8220;a\u00e7\u00f5es de sensibiliza\u00e7\u00e3o para a preven\u00e7\u00e3o de comportamentos de risco, medidas de autoprote\u00e7\u00e3o e realiza\u00e7\u00e3o de simulacros de planos de evacua\u00e7\u00e3o, em articula\u00e7\u00e3o com as autarquias locais&#8221;.<\/strong><strong><\/strong><\/p>\n\n\n\n<p>PROGRAMA DE REALIZA\u00c7\u00c3O DE SIMULACROS:<\/p>\n\n\n\n<ul class=\"wp-block-list\">\n<li>21\/04 | 19h00 | Farta Vacas<\/li>\n\n\n\n<li>24\/04 | 19h00 | Colinas Verdes<\/li>\n\n\n\n<li>27\/04 | 19h00 | Pincho<\/li>\n\n\n\n<li>28\/04 | 19h00 | Pedra Branca<\/li>\n\n\n\n<li>09\/05 | 19h00 | Monte Ruivo<\/li>\n\n\n\n<li>10\/05 | 19h00 | Bar\u00e3o de S. Jo\u00e3o<\/li>\n\n\n\n<li>12\/05 | 19h00 | Col\u00e9gio<\/li>\n\n\n\n<li>13\/05 | 10h00 | Bensafrim<\/li>\n<\/ul>\n","protected":false},"excerpt":{"rendered":"<p>Realizada no \u00e2mbito dos programas \u201cAldeia Segura\u201d e \u201cPessoas Seguras\u201d, a iniciativa decorrer\u00e1 nos meses de abril e maio em<\/p>\n","protected":false},"author":1,"featured_media":14264,"comment_status":"closed","ping_status":"open","sticky":false,"template":"","format":"standard","meta":{"colormag_page_container_layout":"default_layout","colormag_page_sidebar_layout":"default_layout","_monsterinsights_skip_tracking":false,"_monsterinsights_sitenote_active":false,"_monsterinsights_sitenote_note":"","_monsterinsights_sitenote_category":0,"jetpack_post_was_ever_published":false,"_jetpack_newsletter_access":"","_jetpack_dont_email_post_to_subs":false,"_jetpack_newsletter_tier_id":0,"_jetpack_memberships_contains_paywalled_content":false,"_jetpack_memberships_contains_paid_content":false,"footnotes":"","jetpack_publicize_message":"","jetpack_publicize_feature_enabled":true,"jetpack_social_post_already_shared":true,"jetpack_social_options":{"image_generator_settings":{"template":"highway","default_image_id":0,"font":"","enabled":false},"version":2}},"categories":[11],"tags":[36,62,68],"class_list":["post-27121","post","type-post","status-publish","format-standard","has-post-thumbnail","hentry","category-atualidade","tag-algarve","tag-atualidade","tag-lagos"],"yoast_head":"<!-- This site is optimized with the Yoast SEO plugin v27.5 - https:\/\/yoast.com\/product\/yoast-seo-wordpress\/ -->\n<title>Munic\u00edpio de Lagos promove simulacros pelo concelho - Algarve 7<\/title>\n<meta name=\"description\" content=\"Munic\u00edpio de Lagos promove simulacros pelo concelho Atualidade\" \/>\n<meta name=\"robots\" content=\"index, follow, max-snippet:-1, max-image-preview:large, max-video-preview:-1\" \/>\n<link rel=\"canonical\" href=\"https:\/\/algarve7.pt\/index.php\/2023\/04\/municipio-de-lagos-promove-simulacros-pelo-concelho\/atualidade\/11\/45\/\" \/>\n<meta property=\"og:locale\" content=\"pt_PT\" \/>\n<meta property=\"og:type\" content=\"article\" \/>\n<meta property=\"og:title\" content=\"Munic\u00edpio de Lagos promove simulacros pelo concelho - Algarve 7\" \/>\n<meta property=\"og:description\" content=\"Munic\u00edpio de Lagos promove simulacros pelo concelho Atualidade\" \/>\n<meta property=\"og:url\" content=\"https:\/\/algarve7.pt\/index.php\/2023\/04\/municipio-de-lagos-promove-simulacros-pelo-concelho\/atualidade\/11\/45\/\" \/>\n<meta property=\"og:site_name\" content=\"Algarve 7\" \/>\n<meta property=\"article:publisher\" content=\"https:\/\/www.facebook.com\/algarve7\" \/>\n<meta property=\"article:author\" content=\"https:\/\/www.facebook.com\/algarve7\" \/>\n<meta property=\"article:published_time\" content=\"2023-04-16T10:45:00+00:00\" \/>\n<meta property=\"og:image\" content=\"https:\/\/algarve7.pt\/wp-content\/uploads\/2021\/12\/Cidade-de-Lagos_Vista-Aerea-de-Lagos.jpg\" \/>\n\t<meta property=\"og:image:width\" content=\"1920\" \/>\n\t<meta property=\"og:image:height\" content=\"1280\" \/>\n\t<meta property=\"og:image:type\" content=\"image\/jpeg\" \/>\n<meta name=\"author\" content=\"Algarve 7\" \/>\n<meta name=\"twitter:card\" content=\"summary_large_image\" \/>\n<meta name=\"twitter:creator\" content=\"@Algarvesete\" \/>\n<meta name=\"twitter:site\" content=\"@Algarvesete\" \/>\n<meta name=\"twitter:label1\" content=\"Escrito por\" \/>\n\t<meta name=\"twitter:data1\" content=\"Algarve 7\" \/>\n\t<meta name=\"twitter:label2\" content=\"Tempo estimado de leitura\" \/>\n\t<meta name=\"twitter:data2\" content=\"2 minutos\" \/>\n<script type=\"application\/ld+json\" class=\"yoast-schema-graph\">{\"@context\":\"https:\\\/\\\/schema.org\",\"@graph\":[{\"@type\":\"Article\",\"@id\":\"https:\\\/\\\/algarve7.pt\\\/index.php\\\/2023\\\/04\\\/municipio-de-lagos-promove-simulacros-pelo-concelho\\\/atualidade\\\/11\\\/45\\\/#article\",\"isPartOf\":{\"@id\":\"https:\\\/\\\/algarve7.pt\\\/index.php\\\/2023\\\/04\\\/municipio-de-lagos-promove-simulacros-pelo-concelho\\\/atualidade\\\/11\\\/45\\\/\"},\"author\":{\"name\":\"Algarve 7\",\"@id\":\"https:\\\/\\\/algarve7.pt\\\/#\\\/schema\\\/person\\\/23fa70681308e7b319a3204bcea45e0c\"},\"headline\":\"Munic\u00edpio de Lagos promove simulacros pelo concelho\",\"datePublished\":\"2023-04-16T10:45:00+00:00\",\"mainEntityOfPage\":{\"@id\":\"https:\\\/\\\/algarve7.pt\\\/index.php\\\/2023\\\/04\\\/municipio-de-lagos-promove-simulacros-pelo-concelho\\\/atualidade\\\/11\\\/45\\\/\"},\"wordCount\":283,\"publisher\":{\"@id\":\"https:\\\/\\\/algarve7.pt\\\/#organization\"},\"image\":{\"@id\":\"https:\\\/\\\/algarve7.pt\\\/index.php\\\/2023\\\/04\\\/municipio-de-lagos-promove-simulacros-pelo-concelho\\\/atualidade\\\/11\\\/45\\\/#primaryimage\"},\"thumbnailUrl\":\"https:\\\/\\\/algarve7.pt\\\/wp-content\\\/uploads\\\/2021\\\/12\\\/Cidade-de-Lagos_Vista-Aerea-de-Lagos.jpg\",\"keywords\":[\"Algarve\",\"Atualidade\",\"Lagos\"],\"articleSection\":[\"Atualidade\"],\"inLanguage\":\"pt-PT\"},{\"@type\":\"WebPage\",\"@id\":\"https:\\\/\\\/algarve7.pt\\\/index.php\\\/2023\\\/04\\\/municipio-de-lagos-promove-simulacros-pelo-concelho\\\/atualidade\\\/11\\\/45\\\/\",\"url\":\"https:\\\/\\\/algarve7.pt\\\/index.php\\\/2023\\\/04\\\/municipio-de-lagos-promove-simulacros-pelo-concelho\\\/atualidade\\\/11\\\/45\\\/\",\"name\":\"Munic\u00edpio de Lagos promove simulacros pelo concelho - Algarve 7\",\"isPartOf\":{\"@id\":\"https:\\\/\\\/algarve7.pt\\\/#website\"},\"primaryImageOfPage\":{\"@id\":\"https:\\\/\\\/algarve7.pt\\\/index.php\\\/2023\\\/04\\\/municipio-de-lagos-promove-simulacros-pelo-concelho\\\/atualidade\\\/11\\\/45\\\/#primaryimage\"},\"image\":{\"@id\":\"https:\\\/\\\/algarve7.pt\\\/index.php\\\/2023\\\/04\\\/municipio-de-lagos-promove-simulacros-pelo-concelho\\\/atualidade\\\/11\\\/45\\\/#primaryimage\"},\"thumbnailUrl\":\"https:\\\/\\\/algarve7.pt\\\/wp-content\\\/uploads\\\/2021\\\/12\\\/Cidade-de-Lagos_Vista-Aerea-de-Lagos.jpg\",\"datePublished\":\"2023-04-16T10:45:00+00:00\",\"description\":\"Munic\u00edpio de Lagos promove simulacros pelo concelho Atualidade\",\"breadcrumb\":{\"@id\":\"https:\\\/\\\/algarve7.pt\\\/index.php\\\/2023\\\/04\\\/municipio-de-lagos-promove-simulacros-pelo-concelho\\\/atualidade\\\/11\\\/45\\\/#breadcrumb\"},\"inLanguage\":\"pt-PT\",\"potentialAction\":[{\"@type\":\"ReadAction\",\"target\":[\"https:\\\/\\\/algarve7.pt\\\/index.php\\\/2023\\\/04\\\/municipio-de-lagos-promove-simulacros-pelo-concelho\\\/atualidade\\\/11\\\/45\\\/\"]}]},{\"@type\":\"ImageObject\",\"inLanguage\":\"pt-PT\",\"@id\":\"https:\\\/\\\/algarve7.pt\\\/index.php\\\/2023\\\/04\\\/municipio-de-lagos-promove-simulacros-pelo-concelho\\\/atualidade\\\/11\\\/45\\\/#primaryimage\",\"url\":\"https:\\\/\\\/algarve7.pt\\\/wp-content\\\/uploads\\\/2021\\\/12\\\/Cidade-de-Lagos_Vista-Aerea-de-Lagos.jpg\",\"contentUrl\":\"https:\\\/\\\/algarve7.pt\\\/wp-content\\\/uploads\\\/2021\\\/12\\\/Cidade-de-Lagos_Vista-Aerea-de-Lagos.jpg\",\"width\":1920,\"height\":1280},{\"@type\":\"BreadcrumbList\",\"@id\":\"https:\\\/\\\/algarve7.pt\\\/index.php\\\/2023\\\/04\\\/municipio-de-lagos-promove-simulacros-pelo-concelho\\\/atualidade\\\/11\\\/45\\\/#breadcrumb\",\"itemListElement\":[{\"@type\":\"ListItem\",\"position\":1,\"name\":\"In\u00edcio\",\"item\":\"https:\\\/\\\/algarve7.pt\\\/\"},{\"@type\":\"ListItem\",\"position\":2,\"name\":\"Munic\u00edpio de Lagos promove simulacros pelo concelho\"}]},{\"@type\":\"WebSite\",\"@id\":\"https:\\\/\\\/algarve7.pt\\\/#website\",\"url\":\"https:\\\/\\\/algarve7.pt\\\/\",\"name\":\"Algarve 7\",\"description\":\"Informa\u00e7\u00e3o sobre o Algarve\",\"publisher\":{\"@id\":\"https:\\\/\\\/algarve7.pt\\\/#organization\"},\"potentialAction\":[{\"@type\":\"SearchAction\",\"target\":{\"@type\":\"EntryPoint\",\"urlTemplate\":\"https:\\\/\\\/algarve7.pt\\\/?s={search_term_string}\"},\"query-input\":{\"@type\":\"PropertyValueSpecification\",\"valueRequired\":true,\"valueName\":\"search_term_string\"}}],\"inLanguage\":\"pt-PT\"},{\"@type\":\"Organization\",\"@id\":\"https:\\\/\\\/algarve7.pt\\\/#organization\",\"name\":\"Algarve 7\",\"url\":\"https:\\\/\\\/algarve7.pt\\\/\",\"logo\":{\"@type\":\"ImageObject\",\"inLanguage\":\"pt-PT\",\"@id\":\"https:\\\/\\\/algarve7.pt\\\/#\\\/schema\\\/logo\\\/image\\\/\",\"url\":\"https:\\\/\\\/algarve7.pt\\\/wp-content\\\/uploads\\\/2020\\\/10\\\/Logo-8.jpg\",\"contentUrl\":\"https:\\\/\\\/algarve7.pt\\\/wp-content\\\/uploads\\\/2020\\\/10\\\/Logo-8.jpg\",\"width\":1680,\"height\":1186,\"caption\":\"Algarve 7\"},\"image\":{\"@id\":\"https:\\\/\\\/algarve7.pt\\\/#\\\/schema\\\/logo\\\/image\\\/\"},\"sameAs\":[\"https:\\\/\\\/www.facebook.com\\\/algarve7\",\"https:\\\/\\\/x.com\\\/Algarvesete\",\"https:\\\/\\\/www.instagram.com\\\/jornalalgarve7\\\/\",\"https:\\\/\\\/www.linkedin.com\\\/company\\\/algarve7\",\"https:\\\/\\\/www.pinterest.pt\\\/geral0939\\\/_created\\\/\"]},{\"@type\":\"Person\",\"@id\":\"https:\\\/\\\/algarve7.pt\\\/#\\\/schema\\\/person\\\/23fa70681308e7b319a3204bcea45e0c\",\"name\":\"Algarve 7\",\"sameAs\":[\"https:\\\/\\\/algarve7.pt\",\"https:\\\/\\\/www.facebook.com\\\/algarve7\"],\"url\":\"https:\\\/\\\/algarve7.pt\\\/index.php\\\/author\\\/geralalgarve7-pt\\\/\"}]}<\/script>\n<!-- \/ Yoast SEO plugin. -->","yoast_head_json":{"title":"Munic\u00edpio de Lagos promove simulacros pelo concelho - Algarve 7","description":"Munic\u00edpio de Lagos promove simulacros pelo concelho Atualidade","robots":{"index":"index","follow":"follow","max-snippet":"max-snippet:-1","max-image-preview":"max-image-preview:large","max-video-preview":"max-video-preview:-1"},"canonical":"https:\/\/algarve7.pt\/index.php\/2023\/04\/municipio-de-lagos-promove-simulacros-pelo-concelho\/atualidade\/11\/45\/","og_locale":"pt_PT","og_type":"article","og_title":"Munic\u00edpio de Lagos promove simulacros pelo concelho - Algarve 7","og_description":"Munic\u00edpio de Lagos promove simulacros pelo concelho Atualidade","og_url":"https:\/\/algarve7.pt\/index.php\/2023\/04\/municipio-de-lagos-promove-simulacros-pelo-concelho\/atualidade\/11\/45\/","og_site_name":"Algarve 7","article_publisher":"https:\/\/www.facebook.com\/algarve7","article_author":"https:\/\/www.facebook.com\/algarve7","article_published_time":"2023-04-16T10:45:00+00:00","og_image":[{"width":1920,"height":1280,"url":"https:\/\/algarve7.pt\/wp-content\/uploads\/2021\/12\/Cidade-de-Lagos_Vista-Aerea-de-Lagos.jpg","type":"image\/jpeg"}],"author":"Algarve 7","twitter_card":"summary_large_image","twitter_creator":"@Algarvesete","twitter_site":"@Algarvesete","twitter_misc":{"Escrito por":"Algarve 7","Tempo estimado de leitura":"2 minutos"},"schema":{"@context":"https:\/\/schema.org","@graph":[{"@type":"Article","@id":"https:\/\/algarve7.pt\/index.php\/2023\/04\/municipio-de-lagos-promove-simulacros-pelo-concelho\/atualidade\/11\/45\/#article","isPartOf":{"@id":"https:\/\/algarve7.pt\/index.php\/2023\/04\/municipio-de-lagos-promove-simulacros-pelo-concelho\/atualidade\/11\/45\/"},"author":{"name":"Algarve 7","@id":"https:\/\/algarve7.pt\/#\/schema\/person\/23fa70681308e7b319a3204bcea45e0c"},"headline":"Munic\u00edpio de Lagos promove simulacros pelo concelho","datePublished":"2023-04-16T10:45:00+00:00","mainEntityOfPage":{"@id":"https:\/\/algarve7.pt\/index.php\/2023\/04\/municipio-de-lagos-promove-simulacros-pelo-concelho\/atualidade\/11\/45\/"},"wordCount":283,"publisher":{"@id":"https:\/\/algarve7.pt\/#organization"},"image":{"@id":"https:\/\/algarve7.pt\/index.php\/2023\/04\/municipio-de-lagos-promove-simulacros-pelo-concelho\/atualidade\/11\/45\/#primaryimage"},"thumbnailUrl":"https:\/\/algarve7.pt\/wp-content\/uploads\/2021\/12\/Cidade-de-Lagos_Vista-Aerea-de-Lagos.jpg","keywords":["Algarve","Atualidade","Lagos"],"articleSection":["Atualidade"],"inLanguage":"pt-PT"},{"@type":"WebPage","@id":"https:\/\/algarve7.pt\/index.php\/2023\/04\/municipio-de-lagos-promove-simulacros-pelo-concelho\/atualidade\/11\/45\/","url":"https:\/\/algarve7.pt\/index.php\/2023\/04\/municipio-de-lagos-promove-simulacros-pelo-concelho\/atualidade\/11\/45\/","name":"Munic\u00edpio de Lagos promove simulacros pelo concelho - Algarve 7","isPartOf":{"@id":"https:\/\/algarve7.pt\/#website"},"primaryImageOfPage":{"@id":"https:\/\/algarve7.pt\/index.php\/2023\/04\/municipio-de-lagos-promove-simulacros-pelo-concelho\/atualidade\/11\/45\/#primaryimage"},"image":{"@id":"https:\/\/algarve7.pt\/index.php\/2023\/04\/municipio-de-lagos-promove-simulacros-pelo-concelho\/atualidade\/11\/45\/#primaryimage"},"thumbnailUrl":"https:\/\/algarve7.pt\/wp-content\/uploads\/2021\/12\/Cidade-de-Lagos_Vista-Aerea-de-Lagos.jpg","datePublished":"2023-04-16T10:45:00+00:00","description":"Munic\u00edpio de Lagos promove simulacros pelo concelho Atualidade","breadcrumb":{"@id":"https:\/\/algarve7.pt\/index.php\/2023\/04\/municipio-de-lagos-promove-simulacros-pelo-concelho\/atualidade\/11\/45\/#breadcrumb"},"inLanguage":"pt-PT","potentialAction":[{"@type":"ReadAction","target":["https:\/\/algarve7.pt\/index.php\/2023\/04\/municipio-de-lagos-promove-simulacros-pelo-concelho\/atualidade\/11\/45\/"]}]},{"@type":"ImageObject","inLanguage":"pt-PT","@id":"https:\/\/algarve7.pt\/index.php\/2023\/04\/municipio-de-lagos-promove-simulacros-pelo-concelho\/atualidade\/11\/45\/#primaryimage","url":"https:\/\/algarve7.pt\/wp-content\/uploads\/2021\/12\/Cidade-de-Lagos_Vista-Aerea-de-Lagos.jpg","contentUrl":"https:\/\/algarve7.pt\/wp-content\/uploads\/2021\/12\/Cidade-de-Lagos_Vista-Aerea-de-Lagos.jpg","width":1920,"height":1280},{"@type":"BreadcrumbList","@id":"https:\/\/algarve7.pt\/index.php\/2023\/04\/municipio-de-lagos-promove-simulacros-pelo-concelho\/atualidade\/11\/45\/#breadcrumb","itemListElement":[{"@type":"ListItem","position":1,"name":"In\u00edcio","item":"https:\/\/algarve7.pt\/"},{"@type":"ListItem","position":2,"name":"Munic\u00edpio de Lagos promove simulacros pelo concelho"}]},{"@type":"WebSite","@id":"https:\/\/algarve7.pt\/#website","url":"https:\/\/algarve7.pt\/","name":"Algarve 7","description":"Informa\u00e7\u00e3o sobre o Algarve","publisher":{"@id":"https:\/\/algarve7.pt\/#organization"},"potentialAction":[{"@type":"SearchAction","target":{"@type":"EntryPoint","urlTemplate":"https:\/\/algarve7.pt\/?s={search_term_string}"},"query-input":{"@type":"PropertyValueSpecification","valueRequired":true,"valueName":"search_term_string"}}],"inLanguage":"pt-PT"},{"@type":"Organization","@id":"https:\/\/algarve7.pt\/#organization","name":"Algarve 7","url":"https:\/\/algarve7.pt\/","logo":{"@type":"ImageObject","inLanguage":"pt-PT","@id":"https:\/\/algarve7.pt\/#\/schema\/logo\/image\/","url":"https:\/\/algarve7.pt\/wp-content\/uploads\/2020\/10\/Logo-8.jpg","contentUrl":"https:\/\/algarve7.pt\/wp-content\/uploads\/2020\/10\/Logo-8.jpg","width":1680,"height":1186,"caption":"Algarve 7"},"image":{"@id":"https:\/\/algarve7.pt\/#\/schema\/logo\/image\/"},"sameAs":["https:\/\/www.facebook.com\/algarve7","https:\/\/x.com\/Algarvesete","https:\/\/www.instagram.com\/jornalalgarve7\/","https:\/\/www.linkedin.com\/company\/algarve7","https:\/\/www.pinterest.pt\/geral0939\/_created\/"]},{"@type":"Person","@id":"https:\/\/algarve7.pt\/#\/schema\/person\/23fa70681308e7b319a3204bcea45e0c","name":"Algarve 7","sameAs":["https:\/\/algarve7.pt","https:\/\/www.facebook.com\/algarve7"],"url":"https:\/\/algarve7.pt\/index.php\/author\/geralalgarve7-pt\/"}]}},"jetpack_publicize_connections":[],"jetpack_featured_media_url":"https:\/\/algarve7.pt\/wp-content\/uploads\/2021\/12\/Cidade-de-Lagos_Vista-Aerea-de-Lagos.jpg","jetpack_shortlink":"https:\/\/wp.me\/pcezmW-73r","jetpack_sharing_enabled":true,"_links":{"self":[{"href":"https:\/\/algarve7.pt\/index.php\/wp-json\/wp\/v2\/posts\/27121","targetHints":{"allow":["GET"]}}],"collection":[{"href":"https:\/\/algarve7.pt\/index.php\/wp-json\/wp\/v2\/posts"}],"about":[{"href":"https:\/\/algarve7.pt\/index.php\/wp-json\/wp\/v2\/types\/post"}],"author":[{"embeddable":true,"href":"https:\/\/algarve7.pt\/index.php\/wp-json\/wp\/v2\/users\/1"}],"replies":[{"embeddable":true,"href":"https:\/\/algarve7.pt\/index.php\/wp-json\/wp\/v2\/comments?post=27121"}],"version-history":[{"count":0,"href":"https:\/\/algarve7.pt\/index.php\/wp-json\/wp\/v2\/posts\/27121\/revisions"}],"wp:featuredmedia":[{"embeddable":true,"href":"https:\/\/algarve7.pt\/index.php\/wp-json\/wp\/v2\/media\/14264"}],"wp:attachment":[{"href":"https:\/\/algarve7.pt\/index.php\/wp-json\/wp\/v2\/media?parent=27121"}],"wp:term":[{"taxonomy":"category","embeddable":true,"href":"https:\/\/algarve7.pt\/index.php\/wp-json\/wp\/v2\/categories?post=27121"},{"taxonomy":"post_tag","embeddable":true,"href":"https:\/\/algarve7.pt\/index.php\/wp-json\/wp\/v2\/tags?post=27121"}],"curies":[{"name":"wp","href":"https:\/\/api.w.org\/{rel}","templated":true}]}}