{"id":27067,"date":"2023-04-13T11:06:00","date_gmt":"2023-04-13T10:06:00","guid":{"rendered":"https:\/\/algarve7.pt\/?p=27067"},"modified":"2023-04-13T09:08:48","modified_gmt":"2023-04-13T08:08:48","slug":"o-alivio-dos-apertos-no-sao-bras-cineteatro-jaime-pinto-esta-sexta-feira","status":"publish","type":"post","link":"https:\/\/algarve7.pt\/index.php\/2023\/04\/o-alivio-dos-apertos-no-sao-bras-cineteatro-jaime-pinto-esta-sexta-feira\/cultura\/11\/06\/","title":{"rendered":"&#8220;O al\u00edvio dos apertos&#8221; no S\u00e3o Br\u00e1s Cineteatro Jaime Pinto esta sexta-feira"},"content":{"rendered":"\n<p class=\"wp-block-paragraph\">Nesta sexta-feira, 14 de abril, \u00e0s 21h30, o S\u00e3o Br\u00e1s Cineteatro Jaime Pinto, vai exibir a curta-metragem &#8220;O al\u00edvio dos apertos&#8221;, realizada pela jornalista Catarina Neves.<br>Um document\u00e1rio produzido em 2012, onde Catarina Neves regressa \u00e0s ra\u00edzes para dar a conhecer a alma s\u00e3o-brasense, expressa na intensa tradi\u00e7\u00e3o pascal que se eleva na &#8220;Prociss\u00e3o de Aleluia&#8221; vivida anualmente no Domingo de P\u00e1scoa, h\u00e1 mais de 80 anos.<br>\u00c0 frente os homens erguem paus ornamentados com flores enquanto caminham numa marcha lenta e sincopada. Atr\u00e1s, o Sant\u00edssimo Sacramento \u00e9 levado no p\u00e1lio pelos fi\u00e9is.<br>&#8220;O al\u00edvios dos apertos&#8221; mostra, pela primeira vez em document\u00e1rio, a constru\u00e7\u00e3o das tochas, o amassar do folar, o desenhar dos tapetes florais, o fabrico manual das am\u00eandoas doces e a amizade na prepara\u00e7\u00e3o daquela que \u00e9 considerada uma das mais genu\u00ednas manifesta\u00e7\u00f5es culturais de cariz religioso do pa\u00eds, onde crentes e n\u00e3o crentes teatralizam a f\u00e9.<\/p>\n\n\n\n<p class=\"wp-block-paragraph\">A curta-metragem, que venceu o Curt&#8217;Arruda \u2013 Festival de Cinema de Arruda dos Vinhos, chega agora a S\u00e3o Br\u00e1s de Alportel. A seguir haver\u00e1 uma conversa com Catarina Neves e o m\u00e9dico e escritor s\u00e3o-brasense, Renato Santos.<\/p>\n\n\n\n<p class=\"wp-block-paragraph\">Um evento de entrada gratuita, limitada \u00e0 lota\u00e7\u00e3o da sala.<\/p>\n\n\n\n<p class=\"wp-block-paragraph\"><br><strong>Catarina Neves<\/strong><\/p>\n\n\n\n<p class=\"wp-block-paragraph\">Filha de pais s\u00e3o-brasenses, Ana Catarina das Neves Cavaco nasceu em Lisboa, onde cedo come\u00e7ou a colaborar com r\u00e1dios e revistas locais.<\/p>\n\n\n\n<p class=\"wp-block-paragraph\">Licenciou-se em Ci\u00eancias da Comunica\u00e7\u00e3o, na Faculdade de Ci\u00eancias Sociais e Humanas e terminou o mestrado em Estudos de Teatro na Faculdade de Letras, tendo iniciado a atividade profissional, como jornalista, em 1995.<\/p>\n\n\n\n<p class=\"wp-block-paragraph\">Ap\u00f3s 5 anos na TSF- R\u00e1dio Jornal, integrou, em 2000, a reda\u00e7\u00e3o da SIC, onde participou ativamente na funda\u00e7\u00e3o do projeto SIC Not\u00edcias.<\/p>\n\n\n\n<p class=\"wp-block-paragraph\">Ao longo deste tempo produziu, realizou e escreveu v\u00e1rias Grandes Reportagens e outros produtos jornal\u00edsticos para diversos espa\u00e7os de informa\u00e7\u00e3o tais como &#8220;Perdidos e Achados&#8221;, &#8220;Reportagem Especial&#8221; e Jornal da Noite da SIC.<\/p>\n\n\n\n<p class=\"wp-block-paragraph\">Nesse \u00e2mbito recebeu diversos pr\u00e9mios nacionais e internacionais. Como rep\u00f3rter enviada especial j\u00e1 esteve em v\u00e1rios cen\u00e1rios e muito recentemente em Kiev, na Guerra da Ucr\u00e2nia.<\/p>\n\n\n\n<p class=\"wp-block-paragraph\">Foi uma das criadoras do grupo de teatro amador, &#8220;O Fragmento&#8221; no qual trabalhou como atriz e produtora.<\/p>\n\n\n\n<p class=\"wp-block-paragraph\">Desde 2012 que produziu, realizou e foi operadora de c\u00e2mara de oito document\u00e1rios e duas curtas de fic\u00e7\u00e3o. Venceu v\u00e1rios pr\u00e9mios em festivais e integra no percurso um trabalho cinematogr\u00e1fico sobre S\u00e3o Br\u00e1s de Alportel.<\/p>\n","protected":false},"excerpt":{"rendered":"<p>Nesta sexta-feira, 14 de abril, \u00e0s 21h30, o S\u00e3o Br\u00e1s Cineteatro Jaime Pinto, vai exibir a curta-metragem &#8220;O al\u00edvio dos<\/p>\n","protected":false},"author":1,"featured_media":27068,"comment_status":"closed","ping_status":"open","sticky":false,"template":"","format":"standard","meta":{"colormag_page_container_layout":"default_layout","colormag_page_sidebar_layout":"default_layout","_monsterinsights_skip_tracking":false,"_jetpack_newsletter_access":"","_jetpack_dont_email_post_to_subs":false,"_jetpack_newsletter_tier_id":0,"_jetpack_memberships_contains_paywalled_content":false,"_jetpack_feature_clip_id":0,"_jetpack_memberships_contains_paid_content":false,"footnotes":"","jetpack_publicize_message":"","jetpack_publicize_feature_enabled":true,"jetpack_social_post_already_shared":true,"jetpack_social_options":{"image_generator_settings":{"template":"highway","default_image_id":0,"font":"","enabled":false},"version":2},"jetpack_post_was_ever_published":false},"categories":[14],"tags":[36,35,63],"class_list":["post-27067","post","type-post","status-publish","format-standard","has-post-thumbnail","hentry","category-cultura","tag-algarve","tag-cultura","tag-sao-bras-de-alportel"],"yoast_head":"<!-- This site is optimized with the Yoast SEO plugin v28.4 - https:\/\/yoast.com\/product\/yoast-seo-wordpress\/ -->\n<title>&quot;O al\u00edvio dos apertos&quot; no S\u00e3o Br\u00e1s Cineteatro Jaime Pinto esta sexta-feira - Algarve 7<\/title>\n<meta name=\"description\" content=\"&quot;O al\u00edvio dos apertos&quot; no S\u00e3o Br\u00e1s Cineteatro Jaime Pinto esta sexta-feira Cultura\" \/>\n<meta name=\"robots\" content=\"index, follow, max-snippet:-1, max-image-preview:large, max-video-preview:-1\" \/>\n<link rel=\"canonical\" href=\"https:\/\/algarve7.pt\/index.php\/2023\/04\/o-alivio-dos-apertos-no-sao-bras-cineteatro-jaime-pinto-esta-sexta-feira\/cultura\/11\/06\/\" \/>\n<meta property=\"og:locale\" content=\"pt_PT\" \/>\n<meta property=\"og:type\" content=\"article\" \/>\n<meta property=\"og:title\" content=\"&quot;O al\u00edvio dos apertos&quot; no S\u00e3o Br\u00e1s Cineteatro Jaime Pinto esta sexta-feira - Algarve 7\" \/>\n<meta property=\"og:description\" content=\"&quot;O al\u00edvio dos apertos&quot; no S\u00e3o Br\u00e1s Cineteatro Jaime Pinto esta sexta-feira Cultura\" \/>\n<meta property=\"og:url\" content=\"https:\/\/algarve7.pt\/index.php\/2023\/04\/o-alivio-dos-apertos-no-sao-bras-cineteatro-jaime-pinto-esta-sexta-feira\/cultura\/11\/06\/\" \/>\n<meta property=\"og:site_name\" content=\"Algarve 7\" \/>\n<meta property=\"article:publisher\" content=\"https:\/\/www.facebook.com\/algarve7\" \/>\n<meta property=\"article:author\" content=\"https:\/\/www.facebook.com\/algarve7\" \/>\n<meta property=\"article:published_time\" content=\"2023-04-13T10:06:00+00:00\" \/>\n<meta property=\"og:image\" content=\"https:\/\/algarve7.pt\/wp-content\/uploads\/2023\/04\/Captura-de-ecra-2023-04-13-as-09.05.27.png\" \/>\n\t<meta property=\"og:image:width\" content=\"1024\" \/>\n\t<meta property=\"og:image:height\" content=\"724\" \/>\n\t<meta property=\"og:image:type\" content=\"image\/png\" \/>\n<meta name=\"author\" content=\"Algarve 7\" \/>\n<meta name=\"twitter:card\" content=\"summary_large_image\" \/>\n<meta name=\"twitter:creator\" content=\"@Algarvesete\" \/>\n<meta name=\"twitter:site\" content=\"@Algarvesete\" \/>\n<meta name=\"twitter:label1\" content=\"Escrito por\" \/>\n\t<meta name=\"twitter:data1\" content=\"Algarve 7\" \/>\n\t<meta name=\"twitter:label2\" content=\"Tempo estimado de leitura\" \/>\n\t<meta name=\"twitter:data2\" content=\"3 minutos\" \/>\n<script type=\"application\/ld+json\" class=\"yoast-schema-graph\">{\"@context\":\"https:\\\/\\\/schema.org\",\"@graph\":[{\"@type\":\"Article\",\"@id\":\"https:\\\/\\\/algarve7.pt\\\/index.php\\\/2023\\\/04\\\/o-alivio-dos-apertos-no-sao-bras-cineteatro-jaime-pinto-esta-sexta-feira\\\/cultura\\\/11\\\/06\\\/#article\",\"isPartOf\":{\"@id\":\"https:\\\/\\\/algarve7.pt\\\/index.php\\\/2023\\\/04\\\/o-alivio-dos-apertos-no-sao-bras-cineteatro-jaime-pinto-esta-sexta-feira\\\/cultura\\\/11\\\/06\\\/\"},\"author\":{\"name\":\"Algarve 7\",\"@id\":\"https:\\\/\\\/algarve7.pt\\\/#\\\/schema\\\/person\\\/23fa70681308e7b319a3204bcea45e0c\"},\"headline\":\"&#8220;O al\u00edvio dos apertos&#8221; no S\u00e3o Br\u00e1s Cineteatro Jaime Pinto esta sexta-feira\",\"datePublished\":\"2023-04-13T10:06:00+00:00\",\"mainEntityOfPage\":{\"@id\":\"https:\\\/\\\/algarve7.pt\\\/index.php\\\/2023\\\/04\\\/o-alivio-dos-apertos-no-sao-bras-cineteatro-jaime-pinto-esta-sexta-feira\\\/cultura\\\/11\\\/06\\\/\"},\"wordCount\":448,\"publisher\":{\"@id\":\"https:\\\/\\\/algarve7.pt\\\/#organization\"},\"image\":{\"@id\":\"https:\\\/\\\/algarve7.pt\\\/index.php\\\/2023\\\/04\\\/o-alivio-dos-apertos-no-sao-bras-cineteatro-jaime-pinto-esta-sexta-feira\\\/cultura\\\/11\\\/06\\\/#primaryimage\"},\"thumbnailUrl\":\"https:\\\/\\\/algarve7.pt\\\/wp-content\\\/uploads\\\/2023\\\/04\\\/Captura-de-ecra-2023-04-13-as-09.05.27.png\",\"keywords\":[\"Algarve\",\"Cultura\",\"S\u00e3o Br\u00e1s de Alportel\"],\"articleSection\":[\"Cultura\"],\"inLanguage\":\"pt-PT\"},{\"@type\":\"WebPage\",\"@id\":\"https:\\\/\\\/algarve7.pt\\\/index.php\\\/2023\\\/04\\\/o-alivio-dos-apertos-no-sao-bras-cineteatro-jaime-pinto-esta-sexta-feira\\\/cultura\\\/11\\\/06\\\/\",\"url\":\"https:\\\/\\\/algarve7.pt\\\/index.php\\\/2023\\\/04\\\/o-alivio-dos-apertos-no-sao-bras-cineteatro-jaime-pinto-esta-sexta-feira\\\/cultura\\\/11\\\/06\\\/\",\"name\":\"\\\"O al\u00edvio dos apertos\\\" no S\u00e3o Br\u00e1s Cineteatro Jaime Pinto esta sexta-feira - Algarve 7\",\"isPartOf\":{\"@id\":\"https:\\\/\\\/algarve7.pt\\\/#website\"},\"primaryImageOfPage\":{\"@id\":\"https:\\\/\\\/algarve7.pt\\\/index.php\\\/2023\\\/04\\\/o-alivio-dos-apertos-no-sao-bras-cineteatro-jaime-pinto-esta-sexta-feira\\\/cultura\\\/11\\\/06\\\/#primaryimage\"},\"image\":{\"@id\":\"https:\\\/\\\/algarve7.pt\\\/index.php\\\/2023\\\/04\\\/o-alivio-dos-apertos-no-sao-bras-cineteatro-jaime-pinto-esta-sexta-feira\\\/cultura\\\/11\\\/06\\\/#primaryimage\"},\"thumbnailUrl\":\"https:\\\/\\\/algarve7.pt\\\/wp-content\\\/uploads\\\/2023\\\/04\\\/Captura-de-ecra-2023-04-13-as-09.05.27.png\",\"datePublished\":\"2023-04-13T10:06:00+00:00\",\"description\":\"\\\"O al\u00edvio dos apertos\\\" no S\u00e3o Br\u00e1s Cineteatro Jaime Pinto esta sexta-feira Cultura\",\"breadcrumb\":{\"@id\":\"https:\\\/\\\/algarve7.pt\\\/index.php\\\/2023\\\/04\\\/o-alivio-dos-apertos-no-sao-bras-cineteatro-jaime-pinto-esta-sexta-feira\\\/cultura\\\/11\\\/06\\\/#breadcrumb\"},\"inLanguage\":\"pt-PT\",\"potentialAction\":[{\"@type\":\"ReadAction\",\"target\":[\"https:\\\/\\\/algarve7.pt\\\/index.php\\\/2023\\\/04\\\/o-alivio-dos-apertos-no-sao-bras-cineteatro-jaime-pinto-esta-sexta-feira\\\/cultura\\\/11\\\/06\\\/\"]}]},{\"@type\":\"ImageObject\",\"inLanguage\":\"pt-PT\",\"@id\":\"https:\\\/\\\/algarve7.pt\\\/index.php\\\/2023\\\/04\\\/o-alivio-dos-apertos-no-sao-bras-cineteatro-jaime-pinto-esta-sexta-feira\\\/cultura\\\/11\\\/06\\\/#primaryimage\",\"url\":\"https:\\\/\\\/algarve7.pt\\\/wp-content\\\/uploads\\\/2023\\\/04\\\/Captura-de-ecra-2023-04-13-as-09.05.27.png\",\"contentUrl\":\"https:\\\/\\\/algarve7.pt\\\/wp-content\\\/uploads\\\/2023\\\/04\\\/Captura-de-ecra-2023-04-13-as-09.05.27.png\",\"width\":1024,\"height\":724},{\"@type\":\"BreadcrumbList\",\"@id\":\"https:\\\/\\\/algarve7.pt\\\/index.php\\\/2023\\\/04\\\/o-alivio-dos-apertos-no-sao-bras-cineteatro-jaime-pinto-esta-sexta-feira\\\/cultura\\\/11\\\/06\\\/#breadcrumb\",\"itemListElement\":[{\"@type\":\"ListItem\",\"position\":1,\"name\":\"In\u00edcio\",\"item\":\"https:\\\/\\\/algarve7.pt\\\/\"},{\"@type\":\"ListItem\",\"position\":2,\"name\":\"&#8220;O al\u00edvio dos apertos&#8221; no S\u00e3o Br\u00e1s Cineteatro Jaime Pinto esta sexta-feira\"}]},{\"@type\":\"WebSite\",\"@id\":\"https:\\\/\\\/algarve7.pt\\\/#website\",\"url\":\"https:\\\/\\\/algarve7.pt\\\/\",\"name\":\"Algarve 7\",\"description\":\"Informa\u00e7\u00e3o sobre o Algarve\",\"publisher\":{\"@id\":\"https:\\\/\\\/algarve7.pt\\\/#organization\"},\"potentialAction\":[{\"@type\":\"SearchAction\",\"target\":{\"@type\":\"EntryPoint\",\"urlTemplate\":\"https:\\\/\\\/algarve7.pt\\\/?s={search_term_string}\"},\"query-input\":{\"@type\":\"PropertyValueSpecification\",\"valueRequired\":true,\"valueName\":\"search_term_string\"}}],\"inLanguage\":\"pt-PT\"},{\"@type\":\"Organization\",\"@id\":\"https:\\\/\\\/algarve7.pt\\\/#organization\",\"name\":\"Algarve 7\",\"url\":\"https:\\\/\\\/algarve7.pt\\\/\",\"logo\":{\"@type\":\"ImageObject\",\"inLanguage\":\"pt-PT\",\"@id\":\"https:\\\/\\\/algarve7.pt\\\/#\\\/schema\\\/logo\\\/image\\\/\",\"url\":\"https:\\\/\\\/algarve7.pt\\\/wp-content\\\/uploads\\\/2020\\\/10\\\/Logo-8.jpg\",\"contentUrl\":\"https:\\\/\\\/algarve7.pt\\\/wp-content\\\/uploads\\\/2020\\\/10\\\/Logo-8.jpg\",\"width\":1680,\"height\":1186,\"caption\":\"Algarve 7\"},\"image\":{\"@id\":\"https:\\\/\\\/algarve7.pt\\\/#\\\/schema\\\/logo\\\/image\\\/\"},\"sameAs\":[\"https:\\\/\\\/www.facebook.com\\\/algarve7\",\"https:\\\/\\\/x.com\\\/Algarvesete\",\"https:\\\/\\\/www.instagram.com\\\/jornalalgarve7\\\/\",\"https:\\\/\\\/www.linkedin.com\\\/company\\\/algarve7\",\"https:\\\/\\\/www.pinterest.pt\\\/geral0939\\\/_created\\\/\"]},{\"@type\":\"Person\",\"@id\":\"https:\\\/\\\/algarve7.pt\\\/#\\\/schema\\\/person\\\/23fa70681308e7b319a3204bcea45e0c\",\"name\":\"Algarve 7\",\"sameAs\":[\"https:\\\/\\\/algarve7.pt\",\"https:\\\/\\\/www.facebook.com\\\/algarve7\"],\"url\":\"https:\\\/\\\/algarve7.pt\\\/index.php\\\/author\\\/geralalgarve7-pt\\\/\"}]}<\/script>\n<!-- \/ Yoast SEO plugin. -->","yoast_head_json":{"title":"\"O al\u00edvio dos apertos\" no S\u00e3o Br\u00e1s Cineteatro Jaime Pinto esta sexta-feira - Algarve 7","description":"\"O al\u00edvio dos apertos\" no S\u00e3o Br\u00e1s Cineteatro Jaime Pinto esta sexta-feira Cultura","robots":{"index":"index","follow":"follow","max-snippet":"max-snippet:-1","max-image-preview":"max-image-preview:large","max-video-preview":"max-video-preview:-1"},"canonical":"https:\/\/algarve7.pt\/index.php\/2023\/04\/o-alivio-dos-apertos-no-sao-bras-cineteatro-jaime-pinto-esta-sexta-feira\/cultura\/11\/06\/","og_locale":"pt_PT","og_type":"article","og_title":"\"O al\u00edvio dos apertos\" no S\u00e3o Br\u00e1s Cineteatro Jaime Pinto esta sexta-feira - Algarve 7","og_description":"\"O al\u00edvio dos apertos\" no S\u00e3o Br\u00e1s Cineteatro Jaime Pinto esta sexta-feira Cultura","og_url":"https:\/\/algarve7.pt\/index.php\/2023\/04\/o-alivio-dos-apertos-no-sao-bras-cineteatro-jaime-pinto-esta-sexta-feira\/cultura\/11\/06\/","og_site_name":"Algarve 7","article_publisher":"https:\/\/www.facebook.com\/algarve7","article_author":"https:\/\/www.facebook.com\/algarve7","article_published_time":"2023-04-13T10:06:00+00:00","og_image":[{"width":1024,"height":724,"url":"https:\/\/algarve7.pt\/wp-content\/uploads\/2023\/04\/Captura-de-ecra-2023-04-13-as-09.05.27.png","type":"image\/png"}],"author":"Algarve 7","twitter_card":"summary_large_image","twitter_creator":"@Algarvesete","twitter_site":"@Algarvesete","twitter_misc":{"Escrito por":"Algarve 7","Tempo estimado de leitura":"3 minutos"},"schema":{"@context":"https:\/\/schema.org","@graph":[{"@type":"Article","@id":"https:\/\/algarve7.pt\/index.php\/2023\/04\/o-alivio-dos-apertos-no-sao-bras-cineteatro-jaime-pinto-esta-sexta-feira\/cultura\/11\/06\/#article","isPartOf":{"@id":"https:\/\/algarve7.pt\/index.php\/2023\/04\/o-alivio-dos-apertos-no-sao-bras-cineteatro-jaime-pinto-esta-sexta-feira\/cultura\/11\/06\/"},"author":{"name":"Algarve 7","@id":"https:\/\/algarve7.pt\/#\/schema\/person\/23fa70681308e7b319a3204bcea45e0c"},"headline":"&#8220;O al\u00edvio dos apertos&#8221; no S\u00e3o Br\u00e1s Cineteatro Jaime Pinto esta sexta-feira","datePublished":"2023-04-13T10:06:00+00:00","mainEntityOfPage":{"@id":"https:\/\/algarve7.pt\/index.php\/2023\/04\/o-alivio-dos-apertos-no-sao-bras-cineteatro-jaime-pinto-esta-sexta-feira\/cultura\/11\/06\/"},"wordCount":448,"publisher":{"@id":"https:\/\/algarve7.pt\/#organization"},"image":{"@id":"https:\/\/algarve7.pt\/index.php\/2023\/04\/o-alivio-dos-apertos-no-sao-bras-cineteatro-jaime-pinto-esta-sexta-feira\/cultura\/11\/06\/#primaryimage"},"thumbnailUrl":"https:\/\/algarve7.pt\/wp-content\/uploads\/2023\/04\/Captura-de-ecra-2023-04-13-as-09.05.27.png","keywords":["Algarve","Cultura","S\u00e3o Br\u00e1s de Alportel"],"articleSection":["Cultura"],"inLanguage":"pt-PT"},{"@type":"WebPage","@id":"https:\/\/algarve7.pt\/index.php\/2023\/04\/o-alivio-dos-apertos-no-sao-bras-cineteatro-jaime-pinto-esta-sexta-feira\/cultura\/11\/06\/","url":"https:\/\/algarve7.pt\/index.php\/2023\/04\/o-alivio-dos-apertos-no-sao-bras-cineteatro-jaime-pinto-esta-sexta-feira\/cultura\/11\/06\/","name":"\"O al\u00edvio dos apertos\" no S\u00e3o Br\u00e1s Cineteatro Jaime Pinto esta sexta-feira - Algarve 7","isPartOf":{"@id":"https:\/\/algarve7.pt\/#website"},"primaryImageOfPage":{"@id":"https:\/\/algarve7.pt\/index.php\/2023\/04\/o-alivio-dos-apertos-no-sao-bras-cineteatro-jaime-pinto-esta-sexta-feira\/cultura\/11\/06\/#primaryimage"},"image":{"@id":"https:\/\/algarve7.pt\/index.php\/2023\/04\/o-alivio-dos-apertos-no-sao-bras-cineteatro-jaime-pinto-esta-sexta-feira\/cultura\/11\/06\/#primaryimage"},"thumbnailUrl":"https:\/\/algarve7.pt\/wp-content\/uploads\/2023\/04\/Captura-de-ecra-2023-04-13-as-09.05.27.png","datePublished":"2023-04-13T10:06:00+00:00","description":"\"O al\u00edvio dos apertos\" no S\u00e3o Br\u00e1s Cineteatro Jaime Pinto esta sexta-feira Cultura","breadcrumb":{"@id":"https:\/\/algarve7.pt\/index.php\/2023\/04\/o-alivio-dos-apertos-no-sao-bras-cineteatro-jaime-pinto-esta-sexta-feira\/cultura\/11\/06\/#breadcrumb"},"inLanguage":"pt-PT","potentialAction":[{"@type":"ReadAction","target":["https:\/\/algarve7.pt\/index.php\/2023\/04\/o-alivio-dos-apertos-no-sao-bras-cineteatro-jaime-pinto-esta-sexta-feira\/cultura\/11\/06\/"]}]},{"@type":"ImageObject","inLanguage":"pt-PT","@id":"https:\/\/algarve7.pt\/index.php\/2023\/04\/o-alivio-dos-apertos-no-sao-bras-cineteatro-jaime-pinto-esta-sexta-feira\/cultura\/11\/06\/#primaryimage","url":"https:\/\/algarve7.pt\/wp-content\/uploads\/2023\/04\/Captura-de-ecra-2023-04-13-as-09.05.27.png","contentUrl":"https:\/\/algarve7.pt\/wp-content\/uploads\/2023\/04\/Captura-de-ecra-2023-04-13-as-09.05.27.png","width":1024,"height":724},{"@type":"BreadcrumbList","@id":"https:\/\/algarve7.pt\/index.php\/2023\/04\/o-alivio-dos-apertos-no-sao-bras-cineteatro-jaime-pinto-esta-sexta-feira\/cultura\/11\/06\/#breadcrumb","itemListElement":[{"@type":"ListItem","position":1,"name":"In\u00edcio","item":"https:\/\/algarve7.pt\/"},{"@type":"ListItem","position":2,"name":"&#8220;O al\u00edvio dos apertos&#8221; no S\u00e3o Br\u00e1s Cineteatro Jaime Pinto esta sexta-feira"}]},{"@type":"WebSite","@id":"https:\/\/algarve7.pt\/#website","url":"https:\/\/algarve7.pt\/","name":"Algarve 7","description":"Informa\u00e7\u00e3o sobre o Algarve","publisher":{"@id":"https:\/\/algarve7.pt\/#organization"},"potentialAction":[{"@type":"SearchAction","target":{"@type":"EntryPoint","urlTemplate":"https:\/\/algarve7.pt\/?s={search_term_string}"},"query-input":{"@type":"PropertyValueSpecification","valueRequired":true,"valueName":"search_term_string"}}],"inLanguage":"pt-PT"},{"@type":"Organization","@id":"https:\/\/algarve7.pt\/#organization","name":"Algarve 7","url":"https:\/\/algarve7.pt\/","logo":{"@type":"ImageObject","inLanguage":"pt-PT","@id":"https:\/\/algarve7.pt\/#\/schema\/logo\/image\/","url":"https:\/\/algarve7.pt\/wp-content\/uploads\/2020\/10\/Logo-8.jpg","contentUrl":"https:\/\/algarve7.pt\/wp-content\/uploads\/2020\/10\/Logo-8.jpg","width":1680,"height":1186,"caption":"Algarve 7"},"image":{"@id":"https:\/\/algarve7.pt\/#\/schema\/logo\/image\/"},"sameAs":["https:\/\/www.facebook.com\/algarve7","https:\/\/x.com\/Algarvesete","https:\/\/www.instagram.com\/jornalalgarve7\/","https:\/\/www.linkedin.com\/company\/algarve7","https:\/\/www.pinterest.pt\/geral0939\/_created\/"]},{"@type":"Person","@id":"https:\/\/algarve7.pt\/#\/schema\/person\/23fa70681308e7b319a3204bcea45e0c","name":"Algarve 7","sameAs":["https:\/\/algarve7.pt","https:\/\/www.facebook.com\/algarve7"],"url":"https:\/\/algarve7.pt\/index.php\/author\/geralalgarve7-pt\/"}]}},"jetpack_publicize_connections":[],"jetpack_shortlink":"https:\/\/wp.me\/pcezmW-72z","jetpack_sharing_enabled":true,"jetpack_featured_media_url":"https:\/\/algarve7.pt\/wp-content\/uploads\/2023\/04\/Captura-de-ecra-2023-04-13-as-09.05.27.png","_links":{"self":[{"href":"https:\/\/algarve7.pt\/index.php\/wp-json\/wp\/v2\/posts\/27067","targetHints":{"allow":["GET"]}}],"collection":[{"href":"https:\/\/algarve7.pt\/index.php\/wp-json\/wp\/v2\/posts"}],"about":[{"href":"https:\/\/algarve7.pt\/index.php\/wp-json\/wp\/v2\/types\/post"}],"author":[{"embeddable":true,"href":"https:\/\/algarve7.pt\/index.php\/wp-json\/wp\/v2\/users\/1"}],"replies":[{"embeddable":true,"href":"https:\/\/algarve7.pt\/index.php\/wp-json\/wp\/v2\/comments?post=27067"}],"version-history":[{"count":0,"href":"https:\/\/algarve7.pt\/index.php\/wp-json\/wp\/v2\/posts\/27067\/revisions"}],"wp:featuredmedia":[{"embeddable":true,"href":"https:\/\/algarve7.pt\/index.php\/wp-json\/wp\/v2\/media\/27068"}],"wp:attachment":[{"href":"https:\/\/algarve7.pt\/index.php\/wp-json\/wp\/v2\/media?parent=27067"}],"wp:term":[{"taxonomy":"category","embeddable":true,"href":"https:\/\/algarve7.pt\/index.php\/wp-json\/wp\/v2\/categories?post=27067"},{"taxonomy":"post_tag","embeddable":true,"href":"https:\/\/algarve7.pt\/index.php\/wp-json\/wp\/v2\/tags?post=27067"}],"curies":[{"name":"wp","href":"https:\/\/api.w.org\/{rel}","templated":true}]}}