{"id":26957,"date":"2023-04-08T10:10:00","date_gmt":"2023-04-08T09:10:00","guid":{"rendered":"https:\/\/algarve7.pt\/?p=26957"},"modified":"2023-04-07T13:41:42","modified_gmt":"2023-04-07T12:41:42","slug":"ministro-do-ambiente-e-secretario-de-estado-das-florestas-visitaram-monchique","status":"publish","type":"post","link":"https:\/\/algarve7.pt\/index.php\/2023\/04\/ministro-do-ambiente-e-secretario-de-estado-das-florestas-visitaram-monchique\/ambiente\/10\/10\/","title":{"rendered":"Ministro do Ambiente e Secret\u00e1rio de Estado das Florestas visitaram Monchique"},"content":{"rendered":"\n<p>Na passada sexta-feira (31-mar) o Ministro do Ambiente e da A\u00e7\u00e3o Clim\u00e1tica, Duarte Cordeiro, e o Secret\u00e1rio de Estado da Conserva\u00e7\u00e3o da Natureza e das Florestas, Jo\u00e3o Paulo Catarino, visitaram o concelho de Monchique e reuniram com os autarcas e atores locais, nomeadamente a ASPAFLOBAL, para debater os desafios do ordenamento florestal neste concelho.<\/p>\n\n\n\n<p>Na reuni\u00e3o foi debatida a necessidade de compatibilizar os diferentes instrumentos de gest\u00e3o territorial e as atividades socioecon\u00f3micas nos territ\u00f3rios rurais de baixa densidade, uma vez que as pol\u00edticas de proibi\u00e7\u00e3o das \u00faltimas d\u00e9cadas conduziram este concelho ao abandono e ao envelhecimento, n\u00e3o contribuindo nem para a redu\u00e7\u00e3o dos inc\u00eandios rurais nem para a conserva\u00e7\u00e3o da natureza.&nbsp;<\/p>\n\n\n\n<p>Foi abordada a necessidade imperiosa de altera\u00e7\u00e3o do Decreto-Lei n.\u00ba 82\/2021, de 13 de outubro, que regulamenta o SGIFR (Sistema de Gest\u00e3o Integrada de Fogos Rurais), na medida em que condiciona as atividades de edifica\u00e7\u00e3o, frui\u00e7\u00e3o e uso de maquinaria nos espa\u00e7os florestais, em fun\u00e7\u00e3o da perigosidade de inc\u00eandio e nos dias risco de inc\u00eandio rural muito elevado e m\u00e1ximo.<\/p>\n\n\n\n<p>Estando mais de 80 % do concelho de Monchique classificado com perigosidade elevada de inc\u00eandio e localizando-se numa das regi\u00f5es mais quentes do pa\u00eds, estas proibi\u00e7\u00f5es colocam em causa a execu\u00e7\u00e3o das pr\u00f3prias medidas de preven\u00e7\u00e3o de inc\u00eandio, mas tamb\u00e9m a sobreviv\u00eancia das pequenas e m\u00e9dias empresas do sector florestal e do turismo, assim como contribui para o aumento do abandono dos espa\u00e7os rurais e para o seu envelhecimento.<\/p>\n\n\n\n<p>A necessidade de altera\u00e7\u00e3o do PRGP SMS (Programa de Reordenamento e Gest\u00e3o da Paisagem da Serra de Monchique e Silves), foi igualmente assunto de debate. Este instrumento de gest\u00e3o do territ\u00f3rio \u00e0 escala da Paisagem, cujo objetivo \u00e9 tornar esta paisagem mais resiliente aos inc\u00eandios rurais, se mantiver a sua atual reda\u00e7\u00e3o votar\u00e1 ao abandono, no curto m\u00e9dio prazo, um ter\u00e7o da \u00e1rea florestal do concelho, sendo urgente a sua revis\u00e3o.<\/p>\n\n\n\n<p>Estando 86% da \u00e1rea do concelho de Monchique classificada como ZEC (zona especial de conserva\u00e7\u00e3o) no \u00e2mbito da Rede Natura 2000, foram tamb\u00e9m debatidos os Planos de Gest\u00e3o da Rede Natura 2000 (ZPE\/ZEC Monchique e Arade\/Odelouca), os quais devem constituir-se como instrumentos efetivos de salvaguarda e restauro dos habitats priorit\u00e1rios, apoiando a comunidade local na valoriza\u00e7\u00e3o do patrim\u00f3nio natural.&nbsp;<\/p>\n\n\n\n<p>Ao debate seguiu-se a visita a projetos exemplificativos das a\u00e7\u00f5es que t\u00eam vindo a ser executadas no concelho: Faixa Prim\u00e1ria de Gest\u00e3o de Combust\u00edvel no tro\u00e7o Madrinha\/Chilr\u00e3o; restauro ambiental LIFE RELICT&nbsp;\u201c<em>Preserving Continental Laurissilva Relics<\/em>\u201d; e condom\u00ednios de aldeia das Corchas e Portela da Serenada.<\/p>\n","protected":false},"excerpt":{"rendered":"<p>Na passada sexta-feira (31-mar) o Ministro do Ambiente e da A\u00e7\u00e3o Clim\u00e1tica, Duarte Cordeiro, e o Secret\u00e1rio de Estado da<\/p>\n","protected":false},"author":1,"featured_media":26958,"comment_status":"closed","ping_status":"open","sticky":false,"template":"","format":"standard","meta":{"colormag_page_container_layout":"default_layout","colormag_page_sidebar_layout":"default_layout","_monsterinsights_skip_tracking":false,"_monsterinsights_sitenote_active":false,"_monsterinsights_sitenote_note":"","_monsterinsights_sitenote_category":0,"jetpack_post_was_ever_published":false,"_jetpack_newsletter_access":"","_jetpack_dont_email_post_to_subs":false,"_jetpack_newsletter_tier_id":0,"_jetpack_memberships_contains_paywalled_content":false,"_jetpack_memberships_contains_paid_content":false,"footnotes":"","jetpack_publicize_message":"","jetpack_publicize_feature_enabled":true,"jetpack_social_post_already_shared":true,"jetpack_social_options":{"image_generator_settings":{"template":"highway","default_image_id":0,"font":"","enabled":false},"version":2}},"categories":[5],"tags":[36,32,171],"class_list":["post-26957","post","type-post","status-publish","format-standard","has-post-thumbnail","hentry","category-ambiente","tag-algarve","tag-ambiente","tag-monchique"],"yoast_head":"<!-- This site is optimized with the Yoast SEO plugin v27.5 - https:\/\/yoast.com\/product\/yoast-seo-wordpress\/ -->\n<title>Ministro do Ambiente e Secret\u00e1rio de Estado das Florestas visitaram Monchique - Algarve 7<\/title>\n<meta name=\"description\" content=\"Ministro do Ambiente e Secret\u00e1rio de Estado das Florestas visitaram Monchique Ambiente\" \/>\n<meta name=\"robots\" content=\"index, follow, max-snippet:-1, max-image-preview:large, max-video-preview:-1\" \/>\n<link rel=\"canonical\" href=\"https:\/\/algarve7.pt\/index.php\/2023\/04\/ministro-do-ambiente-e-secretario-de-estado-das-florestas-visitaram-monchique\/ambiente\/10\/10\/\" \/>\n<meta property=\"og:locale\" content=\"pt_PT\" \/>\n<meta property=\"og:type\" content=\"article\" \/>\n<meta property=\"og:title\" content=\"Ministro do Ambiente e Secret\u00e1rio de Estado das Florestas visitaram Monchique - Algarve 7\" \/>\n<meta property=\"og:description\" content=\"Ministro do Ambiente e Secret\u00e1rio de Estado das Florestas visitaram Monchique Ambiente\" \/>\n<meta property=\"og:url\" content=\"https:\/\/algarve7.pt\/index.php\/2023\/04\/ministro-do-ambiente-e-secretario-de-estado-das-florestas-visitaram-monchique\/ambiente\/10\/10\/\" \/>\n<meta property=\"og:site_name\" content=\"Algarve 7\" \/>\n<meta property=\"article:publisher\" content=\"https:\/\/www.facebook.com\/algarve7\" \/>\n<meta property=\"article:author\" content=\"https:\/\/www.facebook.com\/algarve7\" \/>\n<meta property=\"article:published_time\" content=\"2023-04-08T09:10:00+00:00\" \/>\n<meta property=\"og:image\" content=\"https:\/\/algarve7.pt\/wp-content\/uploads\/2023\/04\/336383161_253399243779661_4853765061234293248_n.jpg\" \/>\n\t<meta property=\"og:image:width\" content=\"1024\" \/>\n\t<meta property=\"og:image:height\" content=\"768\" \/>\n\t<meta property=\"og:image:type\" content=\"image\/jpeg\" \/>\n<meta name=\"author\" content=\"Algarve 7\" \/>\n<meta name=\"twitter:card\" content=\"summary_large_image\" \/>\n<meta name=\"twitter:creator\" content=\"@Algarvesete\" \/>\n<meta name=\"twitter:site\" content=\"@Algarvesete\" \/>\n<meta name=\"twitter:label1\" content=\"Escrito por\" \/>\n\t<meta name=\"twitter:data1\" content=\"Algarve 7\" \/>\n\t<meta name=\"twitter:label2\" content=\"Tempo estimado de leitura\" \/>\n\t<meta name=\"twitter:data2\" content=\"3 minutos\" \/>\n<script type=\"application\/ld+json\" class=\"yoast-schema-graph\">{\"@context\":\"https:\\\/\\\/schema.org\",\"@graph\":[{\"@type\":\"Article\",\"@id\":\"https:\\\/\\\/algarve7.pt\\\/index.php\\\/2023\\\/04\\\/ministro-do-ambiente-e-secretario-de-estado-das-florestas-visitaram-monchique\\\/ambiente\\\/10\\\/10\\\/#article\",\"isPartOf\":{\"@id\":\"https:\\\/\\\/algarve7.pt\\\/index.php\\\/2023\\\/04\\\/ministro-do-ambiente-e-secretario-de-estado-das-florestas-visitaram-monchique\\\/ambiente\\\/10\\\/10\\\/\"},\"author\":{\"name\":\"Algarve 7\",\"@id\":\"https:\\\/\\\/algarve7.pt\\\/#\\\/schema\\\/person\\\/23fa70681308e7b319a3204bcea45e0c\"},\"headline\":\"Ministro do Ambiente e Secret\u00e1rio de Estado das Florestas visitaram Monchique\",\"datePublished\":\"2023-04-08T09:10:00+00:00\",\"mainEntityOfPage\":{\"@id\":\"https:\\\/\\\/algarve7.pt\\\/index.php\\\/2023\\\/04\\\/ministro-do-ambiente-e-secretario-de-estado-das-florestas-visitaram-monchique\\\/ambiente\\\/10\\\/10\\\/\"},\"wordCount\":484,\"publisher\":{\"@id\":\"https:\\\/\\\/algarve7.pt\\\/#organization\"},\"image\":{\"@id\":\"https:\\\/\\\/algarve7.pt\\\/index.php\\\/2023\\\/04\\\/ministro-do-ambiente-e-secretario-de-estado-das-florestas-visitaram-monchique\\\/ambiente\\\/10\\\/10\\\/#primaryimage\"},\"thumbnailUrl\":\"https:\\\/\\\/algarve7.pt\\\/wp-content\\\/uploads\\\/2023\\\/04\\\/336383161_253399243779661_4853765061234293248_n.jpg\",\"keywords\":[\"Algarve\",\"Ambiente\",\"Monchique\"],\"articleSection\":[\"Ambiente\"],\"inLanguage\":\"pt-PT\"},{\"@type\":\"WebPage\",\"@id\":\"https:\\\/\\\/algarve7.pt\\\/index.php\\\/2023\\\/04\\\/ministro-do-ambiente-e-secretario-de-estado-das-florestas-visitaram-monchique\\\/ambiente\\\/10\\\/10\\\/\",\"url\":\"https:\\\/\\\/algarve7.pt\\\/index.php\\\/2023\\\/04\\\/ministro-do-ambiente-e-secretario-de-estado-das-florestas-visitaram-monchique\\\/ambiente\\\/10\\\/10\\\/\",\"name\":\"Ministro do Ambiente e Secret\u00e1rio de Estado das Florestas visitaram Monchique - Algarve 7\",\"isPartOf\":{\"@id\":\"https:\\\/\\\/algarve7.pt\\\/#website\"},\"primaryImageOfPage\":{\"@id\":\"https:\\\/\\\/algarve7.pt\\\/index.php\\\/2023\\\/04\\\/ministro-do-ambiente-e-secretario-de-estado-das-florestas-visitaram-monchique\\\/ambiente\\\/10\\\/10\\\/#primaryimage\"},\"image\":{\"@id\":\"https:\\\/\\\/algarve7.pt\\\/index.php\\\/2023\\\/04\\\/ministro-do-ambiente-e-secretario-de-estado-das-florestas-visitaram-monchique\\\/ambiente\\\/10\\\/10\\\/#primaryimage\"},\"thumbnailUrl\":\"https:\\\/\\\/algarve7.pt\\\/wp-content\\\/uploads\\\/2023\\\/04\\\/336383161_253399243779661_4853765061234293248_n.jpg\",\"datePublished\":\"2023-04-08T09:10:00+00:00\",\"description\":\"Ministro do Ambiente e Secret\u00e1rio de Estado das Florestas visitaram Monchique Ambiente\",\"breadcrumb\":{\"@id\":\"https:\\\/\\\/algarve7.pt\\\/index.php\\\/2023\\\/04\\\/ministro-do-ambiente-e-secretario-de-estado-das-florestas-visitaram-monchique\\\/ambiente\\\/10\\\/10\\\/#breadcrumb\"},\"inLanguage\":\"pt-PT\",\"potentialAction\":[{\"@type\":\"ReadAction\",\"target\":[\"https:\\\/\\\/algarve7.pt\\\/index.php\\\/2023\\\/04\\\/ministro-do-ambiente-e-secretario-de-estado-das-florestas-visitaram-monchique\\\/ambiente\\\/10\\\/10\\\/\"]}]},{\"@type\":\"ImageObject\",\"inLanguage\":\"pt-PT\",\"@id\":\"https:\\\/\\\/algarve7.pt\\\/index.php\\\/2023\\\/04\\\/ministro-do-ambiente-e-secretario-de-estado-das-florestas-visitaram-monchique\\\/ambiente\\\/10\\\/10\\\/#primaryimage\",\"url\":\"https:\\\/\\\/algarve7.pt\\\/wp-content\\\/uploads\\\/2023\\\/04\\\/336383161_253399243779661_4853765061234293248_n.jpg\",\"contentUrl\":\"https:\\\/\\\/algarve7.pt\\\/wp-content\\\/uploads\\\/2023\\\/04\\\/336383161_253399243779661_4853765061234293248_n.jpg\",\"width\":1024,\"height\":768},{\"@type\":\"BreadcrumbList\",\"@id\":\"https:\\\/\\\/algarve7.pt\\\/index.php\\\/2023\\\/04\\\/ministro-do-ambiente-e-secretario-de-estado-das-florestas-visitaram-monchique\\\/ambiente\\\/10\\\/10\\\/#breadcrumb\",\"itemListElement\":[{\"@type\":\"ListItem\",\"position\":1,\"name\":\"In\u00edcio\",\"item\":\"https:\\\/\\\/algarve7.pt\\\/\"},{\"@type\":\"ListItem\",\"position\":2,\"name\":\"Ministro do Ambiente e Secret\u00e1rio de Estado das Florestas visitaram Monchique\"}]},{\"@type\":\"WebSite\",\"@id\":\"https:\\\/\\\/algarve7.pt\\\/#website\",\"url\":\"https:\\\/\\\/algarve7.pt\\\/\",\"name\":\"Algarve 7\",\"description\":\"Informa\u00e7\u00e3o sobre o Algarve\",\"publisher\":{\"@id\":\"https:\\\/\\\/algarve7.pt\\\/#organization\"},\"potentialAction\":[{\"@type\":\"SearchAction\",\"target\":{\"@type\":\"EntryPoint\",\"urlTemplate\":\"https:\\\/\\\/algarve7.pt\\\/?s={search_term_string}\"},\"query-input\":{\"@type\":\"PropertyValueSpecification\",\"valueRequired\":true,\"valueName\":\"search_term_string\"}}],\"inLanguage\":\"pt-PT\"},{\"@type\":\"Organization\",\"@id\":\"https:\\\/\\\/algarve7.pt\\\/#organization\",\"name\":\"Algarve 7\",\"url\":\"https:\\\/\\\/algarve7.pt\\\/\",\"logo\":{\"@type\":\"ImageObject\",\"inLanguage\":\"pt-PT\",\"@id\":\"https:\\\/\\\/algarve7.pt\\\/#\\\/schema\\\/logo\\\/image\\\/\",\"url\":\"https:\\\/\\\/algarve7.pt\\\/wp-content\\\/uploads\\\/2020\\\/10\\\/Logo-8.jpg\",\"contentUrl\":\"https:\\\/\\\/algarve7.pt\\\/wp-content\\\/uploads\\\/2020\\\/10\\\/Logo-8.jpg\",\"width\":1680,\"height\":1186,\"caption\":\"Algarve 7\"},\"image\":{\"@id\":\"https:\\\/\\\/algarve7.pt\\\/#\\\/schema\\\/logo\\\/image\\\/\"},\"sameAs\":[\"https:\\\/\\\/www.facebook.com\\\/algarve7\",\"https:\\\/\\\/x.com\\\/Algarvesete\",\"https:\\\/\\\/www.instagram.com\\\/jornalalgarve7\\\/\",\"https:\\\/\\\/www.linkedin.com\\\/company\\\/algarve7\",\"https:\\\/\\\/www.pinterest.pt\\\/geral0939\\\/_created\\\/\"]},{\"@type\":\"Person\",\"@id\":\"https:\\\/\\\/algarve7.pt\\\/#\\\/schema\\\/person\\\/23fa70681308e7b319a3204bcea45e0c\",\"name\":\"Algarve 7\",\"sameAs\":[\"https:\\\/\\\/algarve7.pt\",\"https:\\\/\\\/www.facebook.com\\\/algarve7\"],\"url\":\"https:\\\/\\\/algarve7.pt\\\/index.php\\\/author\\\/geralalgarve7-pt\\\/\"}]}<\/script>\n<!-- \/ Yoast SEO plugin. -->","yoast_head_json":{"title":"Ministro do Ambiente e Secret\u00e1rio de Estado das Florestas visitaram Monchique - Algarve 7","description":"Ministro do Ambiente e Secret\u00e1rio de Estado das Florestas visitaram Monchique Ambiente","robots":{"index":"index","follow":"follow","max-snippet":"max-snippet:-1","max-image-preview":"max-image-preview:large","max-video-preview":"max-video-preview:-1"},"canonical":"https:\/\/algarve7.pt\/index.php\/2023\/04\/ministro-do-ambiente-e-secretario-de-estado-das-florestas-visitaram-monchique\/ambiente\/10\/10\/","og_locale":"pt_PT","og_type":"article","og_title":"Ministro do Ambiente e Secret\u00e1rio de Estado das Florestas visitaram Monchique - Algarve 7","og_description":"Ministro do Ambiente e Secret\u00e1rio de Estado das Florestas visitaram Monchique Ambiente","og_url":"https:\/\/algarve7.pt\/index.php\/2023\/04\/ministro-do-ambiente-e-secretario-de-estado-das-florestas-visitaram-monchique\/ambiente\/10\/10\/","og_site_name":"Algarve 7","article_publisher":"https:\/\/www.facebook.com\/algarve7","article_author":"https:\/\/www.facebook.com\/algarve7","article_published_time":"2023-04-08T09:10:00+00:00","og_image":[{"width":1024,"height":768,"url":"https:\/\/algarve7.pt\/wp-content\/uploads\/2023\/04\/336383161_253399243779661_4853765061234293248_n.jpg","type":"image\/jpeg"}],"author":"Algarve 7","twitter_card":"summary_large_image","twitter_creator":"@Algarvesete","twitter_site":"@Algarvesete","twitter_misc":{"Escrito por":"Algarve 7","Tempo estimado de leitura":"3 minutos"},"schema":{"@context":"https:\/\/schema.org","@graph":[{"@type":"Article","@id":"https:\/\/algarve7.pt\/index.php\/2023\/04\/ministro-do-ambiente-e-secretario-de-estado-das-florestas-visitaram-monchique\/ambiente\/10\/10\/#article","isPartOf":{"@id":"https:\/\/algarve7.pt\/index.php\/2023\/04\/ministro-do-ambiente-e-secretario-de-estado-das-florestas-visitaram-monchique\/ambiente\/10\/10\/"},"author":{"name":"Algarve 7","@id":"https:\/\/algarve7.pt\/#\/schema\/person\/23fa70681308e7b319a3204bcea45e0c"},"headline":"Ministro do Ambiente e Secret\u00e1rio de Estado das Florestas visitaram Monchique","datePublished":"2023-04-08T09:10:00+00:00","mainEntityOfPage":{"@id":"https:\/\/algarve7.pt\/index.php\/2023\/04\/ministro-do-ambiente-e-secretario-de-estado-das-florestas-visitaram-monchique\/ambiente\/10\/10\/"},"wordCount":484,"publisher":{"@id":"https:\/\/algarve7.pt\/#organization"},"image":{"@id":"https:\/\/algarve7.pt\/index.php\/2023\/04\/ministro-do-ambiente-e-secretario-de-estado-das-florestas-visitaram-monchique\/ambiente\/10\/10\/#primaryimage"},"thumbnailUrl":"https:\/\/algarve7.pt\/wp-content\/uploads\/2023\/04\/336383161_253399243779661_4853765061234293248_n.jpg","keywords":["Algarve","Ambiente","Monchique"],"articleSection":["Ambiente"],"inLanguage":"pt-PT"},{"@type":"WebPage","@id":"https:\/\/algarve7.pt\/index.php\/2023\/04\/ministro-do-ambiente-e-secretario-de-estado-das-florestas-visitaram-monchique\/ambiente\/10\/10\/","url":"https:\/\/algarve7.pt\/index.php\/2023\/04\/ministro-do-ambiente-e-secretario-de-estado-das-florestas-visitaram-monchique\/ambiente\/10\/10\/","name":"Ministro do Ambiente e Secret\u00e1rio de Estado das Florestas visitaram Monchique - Algarve 7","isPartOf":{"@id":"https:\/\/algarve7.pt\/#website"},"primaryImageOfPage":{"@id":"https:\/\/algarve7.pt\/index.php\/2023\/04\/ministro-do-ambiente-e-secretario-de-estado-das-florestas-visitaram-monchique\/ambiente\/10\/10\/#primaryimage"},"image":{"@id":"https:\/\/algarve7.pt\/index.php\/2023\/04\/ministro-do-ambiente-e-secretario-de-estado-das-florestas-visitaram-monchique\/ambiente\/10\/10\/#primaryimage"},"thumbnailUrl":"https:\/\/algarve7.pt\/wp-content\/uploads\/2023\/04\/336383161_253399243779661_4853765061234293248_n.jpg","datePublished":"2023-04-08T09:10:00+00:00","description":"Ministro do Ambiente e Secret\u00e1rio de Estado das Florestas visitaram Monchique Ambiente","breadcrumb":{"@id":"https:\/\/algarve7.pt\/index.php\/2023\/04\/ministro-do-ambiente-e-secretario-de-estado-das-florestas-visitaram-monchique\/ambiente\/10\/10\/#breadcrumb"},"inLanguage":"pt-PT","potentialAction":[{"@type":"ReadAction","target":["https:\/\/algarve7.pt\/index.php\/2023\/04\/ministro-do-ambiente-e-secretario-de-estado-das-florestas-visitaram-monchique\/ambiente\/10\/10\/"]}]},{"@type":"ImageObject","inLanguage":"pt-PT","@id":"https:\/\/algarve7.pt\/index.php\/2023\/04\/ministro-do-ambiente-e-secretario-de-estado-das-florestas-visitaram-monchique\/ambiente\/10\/10\/#primaryimage","url":"https:\/\/algarve7.pt\/wp-content\/uploads\/2023\/04\/336383161_253399243779661_4853765061234293248_n.jpg","contentUrl":"https:\/\/algarve7.pt\/wp-content\/uploads\/2023\/04\/336383161_253399243779661_4853765061234293248_n.jpg","width":1024,"height":768},{"@type":"BreadcrumbList","@id":"https:\/\/algarve7.pt\/index.php\/2023\/04\/ministro-do-ambiente-e-secretario-de-estado-das-florestas-visitaram-monchique\/ambiente\/10\/10\/#breadcrumb","itemListElement":[{"@type":"ListItem","position":1,"name":"In\u00edcio","item":"https:\/\/algarve7.pt\/"},{"@type":"ListItem","position":2,"name":"Ministro do Ambiente e Secret\u00e1rio de Estado das Florestas visitaram Monchique"}]},{"@type":"WebSite","@id":"https:\/\/algarve7.pt\/#website","url":"https:\/\/algarve7.pt\/","name":"Algarve 7","description":"Informa\u00e7\u00e3o sobre o Algarve","publisher":{"@id":"https:\/\/algarve7.pt\/#organization"},"potentialAction":[{"@type":"SearchAction","target":{"@type":"EntryPoint","urlTemplate":"https:\/\/algarve7.pt\/?s={search_term_string}"},"query-input":{"@type":"PropertyValueSpecification","valueRequired":true,"valueName":"search_term_string"}}],"inLanguage":"pt-PT"},{"@type":"Organization","@id":"https:\/\/algarve7.pt\/#organization","name":"Algarve 7","url":"https:\/\/algarve7.pt\/","logo":{"@type":"ImageObject","inLanguage":"pt-PT","@id":"https:\/\/algarve7.pt\/#\/schema\/logo\/image\/","url":"https:\/\/algarve7.pt\/wp-content\/uploads\/2020\/10\/Logo-8.jpg","contentUrl":"https:\/\/algarve7.pt\/wp-content\/uploads\/2020\/10\/Logo-8.jpg","width":1680,"height":1186,"caption":"Algarve 7"},"image":{"@id":"https:\/\/algarve7.pt\/#\/schema\/logo\/image\/"},"sameAs":["https:\/\/www.facebook.com\/algarve7","https:\/\/x.com\/Algarvesete","https:\/\/www.instagram.com\/jornalalgarve7\/","https:\/\/www.linkedin.com\/company\/algarve7","https:\/\/www.pinterest.pt\/geral0939\/_created\/"]},{"@type":"Person","@id":"https:\/\/algarve7.pt\/#\/schema\/person\/23fa70681308e7b319a3204bcea45e0c","name":"Algarve 7","sameAs":["https:\/\/algarve7.pt","https:\/\/www.facebook.com\/algarve7"],"url":"https:\/\/algarve7.pt\/index.php\/author\/geralalgarve7-pt\/"}]}},"jetpack_publicize_connections":[],"jetpack_featured_media_url":"https:\/\/algarve7.pt\/wp-content\/uploads\/2023\/04\/336383161_253399243779661_4853765061234293248_n.jpg","jetpack_shortlink":"https:\/\/wp.me\/pcezmW-70N","jetpack_sharing_enabled":true,"_links":{"self":[{"href":"https:\/\/algarve7.pt\/index.php\/wp-json\/wp\/v2\/posts\/26957","targetHints":{"allow":["GET"]}}],"collection":[{"href":"https:\/\/algarve7.pt\/index.php\/wp-json\/wp\/v2\/posts"}],"about":[{"href":"https:\/\/algarve7.pt\/index.php\/wp-json\/wp\/v2\/types\/post"}],"author":[{"embeddable":true,"href":"https:\/\/algarve7.pt\/index.php\/wp-json\/wp\/v2\/users\/1"}],"replies":[{"embeddable":true,"href":"https:\/\/algarve7.pt\/index.php\/wp-json\/wp\/v2\/comments?post=26957"}],"version-history":[{"count":0,"href":"https:\/\/algarve7.pt\/index.php\/wp-json\/wp\/v2\/posts\/26957\/revisions"}],"wp:featuredmedia":[{"embeddable":true,"href":"https:\/\/algarve7.pt\/index.php\/wp-json\/wp\/v2\/media\/26958"}],"wp:attachment":[{"href":"https:\/\/algarve7.pt\/index.php\/wp-json\/wp\/v2\/media?parent=26957"}],"wp:term":[{"taxonomy":"category","embeddable":true,"href":"https:\/\/algarve7.pt\/index.php\/wp-json\/wp\/v2\/categories?post=26957"},{"taxonomy":"post_tag","embeddable":true,"href":"https:\/\/algarve7.pt\/index.php\/wp-json\/wp\/v2\/tags?post=26957"}],"curies":[{"name":"wp","href":"https:\/\/api.w.org\/{rel}","templated":true}]}}