{"id":26954,"date":"2023-04-07T13:28:00","date_gmt":"2023-04-07T12:28:00","guid":{"rendered":"https:\/\/algarve7.pt\/?p=26954"},"modified":"2023-04-07T13:28:02","modified_gmt":"2023-04-07T12:28:02","slug":"primeira-comunidade-compassiva-do-algarve-foi-apresentada-oficialmente","status":"publish","type":"post","link":"https:\/\/algarve7.pt\/index.php\/2023\/04\/primeira-comunidade-compassiva-do-algarve-foi-apresentada-oficialmente\/saude\/13\/28\/","title":{"rendered":"Primeira Comunidade Compassiva do Algarve foi apresentada oficialmente"},"content":{"rendered":"\n<figure class=\"wp-block-table\"><table><tbody><tr><td>O Centro Hospitalar Universit\u00e1rio do Algarve (CHUA) e a Cruz Vermelha Portuguesa \u2013 Delega\u00e7\u00e3o de Faro-Loul\u00e9 apresentaram ontem, 5 de abril, publicamente a primeira Comunidade Compassiva do Algarve, denominada \u00abViver ComPaix\u00e3o\u00bb, no Teatro Lethes, em Faro.\u00a0<br><br>Durante a sess\u00e3o de abertura, Paulo Neves, vogal executivo do CHUA, revelou que tem sido \u201cum orgulho ver todos os projetos que a equipa de cuidados paliativos do CHUA tem vindo a apresentar ao Conselho de Administra\u00e7\u00e3o\u201d e desafiou os presentes a continuarem com o projeto mesmo quando j\u00e1 n\u00e3o exista este capital inicial. \u201cO compromisso do CHUA, enquanto entidade p\u00fablica, mantenha o aporte de recursos humanos e financeiros em parceria\u201d, referiu.\u00a0<br><br>J\u00e1 Dora Val\u00e9rio Lu\u00eds, presidente da Cruz Vermelha Portuguesa \u2013 Delega\u00e7\u00e3o de Faro-Loul\u00e9, referiu a import\u00e2ncia das comunidades compassivas e de \u201cas pessoas aprenderem a preparar-se para a morte: trabalhar o luto \u00e9 essencial, n\u00e3o s\u00f3 daqueles que ficam, mas tamb\u00e9m daqueles que sabem que est\u00e3o a ir\u201d.\u00a0<br><br>O lan\u00e7amento da Comunidade Compassiva do Algarve enquadra-se no protocolo celebrado entre a APCP e a Funda\u00e7\u00e3o \u201cla Caixa\u201d e BPI para a cria\u00e7\u00e3o de mais tr\u00eas comunidades compassivas em Portugal no \u00e2mbito do Concurso lan\u00e7ado para apoio a Movimentos Associativos do Programa Humaniza. Ana Feij\u00f3 Cunha, da Funda\u00e7\u00e3o \u201cla Caixa\u201d, afirmou que um dos principais objetivos do Humaniza \u00e9 melhorar a qualidade de vida das pessoas com doen\u00e7a avan\u00e7ada e dos seus familiares. Referiu ainda que a interven\u00e7\u00e3o da Funda\u00e7\u00e3o procura refor\u00e7ar e complementar as respostas existentes e que \u201cQueremos trabalhar de m\u00e3o dada com quem est\u00e1 no terreno\u201d.\u00a0<br><br>\u201cExistem um n\u00famero de necessidades que t\u00eam de ser supridas e os projetos existem porque s\u00e3o feitos de pessoas, mas sobretudo para dar resposta \u00e0s pessoas\u201d, salientou Hugo Lucas, da Associa\u00e7\u00e3o Portuguesa de Cuidados Paliativos.\u00a0<br><br>De acordo com Giovanni Cerullo, m\u00e9dico da Equipa de Cuidados Paliativos da Unidade Hospitalar de Faro e um dos principais impulsionadores do projeto, \u201c\u00e9 mais um motivo de orgulho pelo facto do CHUA ser o impulsionador da cria\u00e7\u00e3o de uma comunidade compassiva na regi\u00e3o do Algarve, comunidade essa que ir\u00e1 melhorar a qualidade de vida das pessoas e criar uma cultura de compaix\u00e3o. A comunidade somos n\u00f3s e podemos fazer a diferen\u00e7a\u201d.\u00a0<br><br>J\u00e1 V\u00edtor Alua, coordenador do projeto \u00abViver ComPaix\u00e3o\u00bb, agradeceu \u00e0 Cruz Vermelha a abertura que deu para a realiza\u00e7\u00e3o deste projeto e tamb\u00e9m agradeceu aos parceiros que s\u00e3o uma garantia de que \u201ca comunidade compassiva que hoje nasce tem condi\u00e7\u00f5es para realizar os seus objetivos e crescer numa din\u00e2mica de partilha comunit\u00e1ria com todos os agentes, institucionais, tecido empresarial, academia, associa\u00e7\u00f5es e projetos\u201d.\u00a0<br><br>Seguiu-se a palestra \u201cO que \u00e9 isso, afinal, Viver Compaix\u00e3o?\u201d, onde esteve presente a S\u00edlvia Villar, da Associa\u00e7\u00e3o Borba Compassiva. A respons\u00e1vel da primeira comunidade compassiva de Portugal relembrou a necessidade de voltarmos a viver em comunidade, apelando \u00e0 entreajuda das pessoas.\u00a0<br><br>O encerramento desta apresenta\u00e7\u00e3o culminou com um momento musical levado a palco por Ricardo Martins e C\u00e1tia Solan Alhandra, bem como com a entrega de diplomas a todas as entidades representantes e parceiras do projeto.\u00a0<br><br>Recorde-se que esta primeira Comunidade Compassiva do Algarve foi um dos projetos vencedores do \u201cPortugal Compassivo \u2013 La\u00e7os Que Cuidam\u201d, um concurso que resultou de um protocolo de coopera\u00e7\u00e3o entre a Associa\u00e7\u00e3o Portuguesa de Cuidados Paliativos e a Funda\u00e7\u00e3o \u201cla Caixa\u201d e que tem como objetivo principal impulsionar a cria\u00e7\u00e3o de comunidades compassivas que permitam o cumprimento dos crit\u00e9rios vigentes de certifica\u00e7\u00e3o pelo movimento internacional \u201cCharter for Compassion\u201d.<\/td><\/tr><\/tbody><\/table><\/figure>\n","protected":false},"excerpt":{"rendered":"<p>O Centro Hospitalar Universit\u00e1rio do Algarve (CHUA) e a Cruz Vermelha Portuguesa \u2013 Delega\u00e7\u00e3o de Faro-Loul\u00e9 apresentaram ontem, 5 de<\/p>\n","protected":false},"author":1,"featured_media":26955,"comment_status":"closed","ping_status":"open","sticky":false,"template":"","format":"standard","meta":{"colormag_page_container_layout":"default_layout","colormag_page_sidebar_layout":"default_layout","_monsterinsights_skip_tracking":false,"_monsterinsights_sitenote_active":false,"_monsterinsights_sitenote_note":"","_monsterinsights_sitenote_category":0,"jetpack_post_was_ever_published":false,"_jetpack_newsletter_access":"","_jetpack_dont_email_post_to_subs":false,"_jetpack_newsletter_tier_id":0,"_jetpack_memberships_contains_paywalled_content":false,"_jetpack_memberships_contains_paid_content":false,"footnotes":"","jetpack_publicize_message":"","jetpack_publicize_feature_enabled":true,"jetpack_social_post_already_shared":true,"jetpack_social_options":{"image_generator_settings":{"template":"highway","default_image_id":0,"font":"","enabled":false},"version":2}},"categories":[59],"tags":[36,181,942,58],"class_list":["post-26954","post","type-post","status-publish","format-standard","has-post-thumbnail","hentry","category-saude","tag-algarve","tag-chua","tag-comunidade-compassiva-do-algarve","tag-saude"],"yoast_head":"<!-- This site is optimized with the Yoast SEO plugin v27.5 - https:\/\/yoast.com\/product\/yoast-seo-wordpress\/ -->\n<title>Primeira Comunidade Compassiva do Algarve foi apresentada oficialmente - Algarve 7<\/title>\n<meta name=\"description\" content=\"Primeira Comunidade Compassiva do Algarve foi apresentada oficialmente Sa\u00fade\" \/>\n<meta name=\"robots\" content=\"index, follow, max-snippet:-1, max-image-preview:large, max-video-preview:-1\" \/>\n<link rel=\"canonical\" href=\"https:\/\/algarve7.pt\/index.php\/2023\/04\/primeira-comunidade-compassiva-do-algarve-foi-apresentada-oficialmente\/saude\/13\/28\/\" \/>\n<meta property=\"og:locale\" content=\"pt_PT\" \/>\n<meta property=\"og:type\" content=\"article\" \/>\n<meta property=\"og:title\" content=\"Primeira Comunidade Compassiva do Algarve foi apresentada oficialmente - Algarve 7\" \/>\n<meta property=\"og:description\" content=\"Primeira Comunidade Compassiva do Algarve foi apresentada oficialmente Sa\u00fade\" \/>\n<meta property=\"og:url\" content=\"https:\/\/algarve7.pt\/index.php\/2023\/04\/primeira-comunidade-compassiva-do-algarve-foi-apresentada-oficialmente\/saude\/13\/28\/\" \/>\n<meta property=\"og:site_name\" content=\"Algarve 7\" \/>\n<meta property=\"article:publisher\" content=\"https:\/\/www.facebook.com\/algarve7\" \/>\n<meta property=\"article:author\" content=\"https:\/\/www.facebook.com\/algarve7\" \/>\n<meta property=\"article:published_time\" content=\"2023-04-07T12:28:00+00:00\" \/>\n<meta property=\"article:modified_time\" content=\"2023-04-07T12:28:02+00:00\" \/>\n<meta property=\"og:image\" content=\"https:\/\/algarve7.pt\/wp-content\/uploads\/2023\/04\/IMG_5790.jpg\" \/>\n\t<meta property=\"og:image:width\" content=\"1024\" \/>\n\t<meta property=\"og:image:height\" content=\"683\" \/>\n\t<meta property=\"og:image:type\" content=\"image\/jpeg\" \/>\n<meta name=\"author\" content=\"Algarve 7\" \/>\n<meta name=\"twitter:card\" content=\"summary_large_image\" \/>\n<meta name=\"twitter:creator\" content=\"@Algarvesete\" \/>\n<meta name=\"twitter:site\" content=\"@Algarvesete\" \/>\n<meta name=\"twitter:label1\" content=\"Escrito por\" \/>\n\t<meta name=\"twitter:data1\" content=\"Algarve 7\" \/>\n\t<meta name=\"twitter:label2\" content=\"Tempo estimado de leitura\" \/>\n\t<meta name=\"twitter:data2\" content=\"4 minutos\" \/>\n<script type=\"application\/ld+json\" class=\"yoast-schema-graph\">{\"@context\":\"https:\\\/\\\/schema.org\",\"@graph\":[{\"@type\":\"Article\",\"@id\":\"https:\\\/\\\/algarve7.pt\\\/index.php\\\/2023\\\/04\\\/primeira-comunidade-compassiva-do-algarve-foi-apresentada-oficialmente\\\/saude\\\/13\\\/28\\\/#article\",\"isPartOf\":{\"@id\":\"https:\\\/\\\/algarve7.pt\\\/index.php\\\/2023\\\/04\\\/primeira-comunidade-compassiva-do-algarve-foi-apresentada-oficialmente\\\/saude\\\/13\\\/28\\\/\"},\"author\":{\"name\":\"Algarve 7\",\"@id\":\"https:\\\/\\\/algarve7.pt\\\/#\\\/schema\\\/person\\\/23fa70681308e7b319a3204bcea45e0c\"},\"headline\":\"Primeira Comunidade Compassiva do Algarve foi apresentada oficialmente\",\"datePublished\":\"2023-04-07T12:28:00+00:00\",\"dateModified\":\"2023-04-07T12:28:02+00:00\",\"mainEntityOfPage\":{\"@id\":\"https:\\\/\\\/algarve7.pt\\\/index.php\\\/2023\\\/04\\\/primeira-comunidade-compassiva-do-algarve-foi-apresentada-oficialmente\\\/saude\\\/13\\\/28\\\/\"},\"wordCount\":627,\"publisher\":{\"@id\":\"https:\\\/\\\/algarve7.pt\\\/#organization\"},\"image\":{\"@id\":\"https:\\\/\\\/algarve7.pt\\\/index.php\\\/2023\\\/04\\\/primeira-comunidade-compassiva-do-algarve-foi-apresentada-oficialmente\\\/saude\\\/13\\\/28\\\/#primaryimage\"},\"thumbnailUrl\":\"https:\\\/\\\/algarve7.pt\\\/wp-content\\\/uploads\\\/2023\\\/04\\\/IMG_5790.jpg\",\"keywords\":[\"Algarve\",\"CHUA\",\"Comunidade Compassiva do Algarve\",\"Sa\u00fade\"],\"articleSection\":[\"Sa\u00fade\"],\"inLanguage\":\"pt-PT\"},{\"@type\":\"WebPage\",\"@id\":\"https:\\\/\\\/algarve7.pt\\\/index.php\\\/2023\\\/04\\\/primeira-comunidade-compassiva-do-algarve-foi-apresentada-oficialmente\\\/saude\\\/13\\\/28\\\/\",\"url\":\"https:\\\/\\\/algarve7.pt\\\/index.php\\\/2023\\\/04\\\/primeira-comunidade-compassiva-do-algarve-foi-apresentada-oficialmente\\\/saude\\\/13\\\/28\\\/\",\"name\":\"Primeira Comunidade Compassiva do Algarve foi apresentada oficialmente - Algarve 7\",\"isPartOf\":{\"@id\":\"https:\\\/\\\/algarve7.pt\\\/#website\"},\"primaryImageOfPage\":{\"@id\":\"https:\\\/\\\/algarve7.pt\\\/index.php\\\/2023\\\/04\\\/primeira-comunidade-compassiva-do-algarve-foi-apresentada-oficialmente\\\/saude\\\/13\\\/28\\\/#primaryimage\"},\"image\":{\"@id\":\"https:\\\/\\\/algarve7.pt\\\/index.php\\\/2023\\\/04\\\/primeira-comunidade-compassiva-do-algarve-foi-apresentada-oficialmente\\\/saude\\\/13\\\/28\\\/#primaryimage\"},\"thumbnailUrl\":\"https:\\\/\\\/algarve7.pt\\\/wp-content\\\/uploads\\\/2023\\\/04\\\/IMG_5790.jpg\",\"datePublished\":\"2023-04-07T12:28:00+00:00\",\"dateModified\":\"2023-04-07T12:28:02+00:00\",\"description\":\"Primeira Comunidade Compassiva do Algarve foi apresentada oficialmente Sa\u00fade\",\"breadcrumb\":{\"@id\":\"https:\\\/\\\/algarve7.pt\\\/index.php\\\/2023\\\/04\\\/primeira-comunidade-compassiva-do-algarve-foi-apresentada-oficialmente\\\/saude\\\/13\\\/28\\\/#breadcrumb\"},\"inLanguage\":\"pt-PT\",\"potentialAction\":[{\"@type\":\"ReadAction\",\"target\":[\"https:\\\/\\\/algarve7.pt\\\/index.php\\\/2023\\\/04\\\/primeira-comunidade-compassiva-do-algarve-foi-apresentada-oficialmente\\\/saude\\\/13\\\/28\\\/\"]}]},{\"@type\":\"ImageObject\",\"inLanguage\":\"pt-PT\",\"@id\":\"https:\\\/\\\/algarve7.pt\\\/index.php\\\/2023\\\/04\\\/primeira-comunidade-compassiva-do-algarve-foi-apresentada-oficialmente\\\/saude\\\/13\\\/28\\\/#primaryimage\",\"url\":\"https:\\\/\\\/algarve7.pt\\\/wp-content\\\/uploads\\\/2023\\\/04\\\/IMG_5790.jpg\",\"contentUrl\":\"https:\\\/\\\/algarve7.pt\\\/wp-content\\\/uploads\\\/2023\\\/04\\\/IMG_5790.jpg\",\"width\":1024,\"height\":683},{\"@type\":\"BreadcrumbList\",\"@id\":\"https:\\\/\\\/algarve7.pt\\\/index.php\\\/2023\\\/04\\\/primeira-comunidade-compassiva-do-algarve-foi-apresentada-oficialmente\\\/saude\\\/13\\\/28\\\/#breadcrumb\",\"itemListElement\":[{\"@type\":\"ListItem\",\"position\":1,\"name\":\"In\u00edcio\",\"item\":\"https:\\\/\\\/algarve7.pt\\\/\"},{\"@type\":\"ListItem\",\"position\":2,\"name\":\"Primeira Comunidade Compassiva do Algarve foi apresentada oficialmente\"}]},{\"@type\":\"WebSite\",\"@id\":\"https:\\\/\\\/algarve7.pt\\\/#website\",\"url\":\"https:\\\/\\\/algarve7.pt\\\/\",\"name\":\"Algarve 7\",\"description\":\"Informa\u00e7\u00e3o sobre o Algarve\",\"publisher\":{\"@id\":\"https:\\\/\\\/algarve7.pt\\\/#organization\"},\"potentialAction\":[{\"@type\":\"SearchAction\",\"target\":{\"@type\":\"EntryPoint\",\"urlTemplate\":\"https:\\\/\\\/algarve7.pt\\\/?s={search_term_string}\"},\"query-input\":{\"@type\":\"PropertyValueSpecification\",\"valueRequired\":true,\"valueName\":\"search_term_string\"}}],\"inLanguage\":\"pt-PT\"},{\"@type\":\"Organization\",\"@id\":\"https:\\\/\\\/algarve7.pt\\\/#organization\",\"name\":\"Algarve 7\",\"url\":\"https:\\\/\\\/algarve7.pt\\\/\",\"logo\":{\"@type\":\"ImageObject\",\"inLanguage\":\"pt-PT\",\"@id\":\"https:\\\/\\\/algarve7.pt\\\/#\\\/schema\\\/logo\\\/image\\\/\",\"url\":\"https:\\\/\\\/algarve7.pt\\\/wp-content\\\/uploads\\\/2020\\\/10\\\/Logo-8.jpg\",\"contentUrl\":\"https:\\\/\\\/algarve7.pt\\\/wp-content\\\/uploads\\\/2020\\\/10\\\/Logo-8.jpg\",\"width\":1680,\"height\":1186,\"caption\":\"Algarve 7\"},\"image\":{\"@id\":\"https:\\\/\\\/algarve7.pt\\\/#\\\/schema\\\/logo\\\/image\\\/\"},\"sameAs\":[\"https:\\\/\\\/www.facebook.com\\\/algarve7\",\"https:\\\/\\\/x.com\\\/Algarvesete\",\"https:\\\/\\\/www.instagram.com\\\/jornalalgarve7\\\/\",\"https:\\\/\\\/www.linkedin.com\\\/company\\\/algarve7\",\"https:\\\/\\\/www.pinterest.pt\\\/geral0939\\\/_created\\\/\"]},{\"@type\":\"Person\",\"@id\":\"https:\\\/\\\/algarve7.pt\\\/#\\\/schema\\\/person\\\/23fa70681308e7b319a3204bcea45e0c\",\"name\":\"Algarve 7\",\"sameAs\":[\"https:\\\/\\\/algarve7.pt\",\"https:\\\/\\\/www.facebook.com\\\/algarve7\"],\"url\":\"https:\\\/\\\/algarve7.pt\\\/index.php\\\/author\\\/geralalgarve7-pt\\\/\"}]}<\/script>\n<!-- \/ Yoast SEO plugin. -->","yoast_head_json":{"title":"Primeira Comunidade Compassiva do Algarve foi apresentada oficialmente - Algarve 7","description":"Primeira Comunidade Compassiva do Algarve foi apresentada oficialmente Sa\u00fade","robots":{"index":"index","follow":"follow","max-snippet":"max-snippet:-1","max-image-preview":"max-image-preview:large","max-video-preview":"max-video-preview:-1"},"canonical":"https:\/\/algarve7.pt\/index.php\/2023\/04\/primeira-comunidade-compassiva-do-algarve-foi-apresentada-oficialmente\/saude\/13\/28\/","og_locale":"pt_PT","og_type":"article","og_title":"Primeira Comunidade Compassiva do Algarve foi apresentada oficialmente - Algarve 7","og_description":"Primeira Comunidade Compassiva do Algarve foi apresentada oficialmente Sa\u00fade","og_url":"https:\/\/algarve7.pt\/index.php\/2023\/04\/primeira-comunidade-compassiva-do-algarve-foi-apresentada-oficialmente\/saude\/13\/28\/","og_site_name":"Algarve 7","article_publisher":"https:\/\/www.facebook.com\/algarve7","article_author":"https:\/\/www.facebook.com\/algarve7","article_published_time":"2023-04-07T12:28:00+00:00","article_modified_time":"2023-04-07T12:28:02+00:00","og_image":[{"width":1024,"height":683,"url":"https:\/\/algarve7.pt\/wp-content\/uploads\/2023\/04\/IMG_5790.jpg","type":"image\/jpeg"}],"author":"Algarve 7","twitter_card":"summary_large_image","twitter_creator":"@Algarvesete","twitter_site":"@Algarvesete","twitter_misc":{"Escrito por":"Algarve 7","Tempo estimado de leitura":"4 minutos"},"schema":{"@context":"https:\/\/schema.org","@graph":[{"@type":"Article","@id":"https:\/\/algarve7.pt\/index.php\/2023\/04\/primeira-comunidade-compassiva-do-algarve-foi-apresentada-oficialmente\/saude\/13\/28\/#article","isPartOf":{"@id":"https:\/\/algarve7.pt\/index.php\/2023\/04\/primeira-comunidade-compassiva-do-algarve-foi-apresentada-oficialmente\/saude\/13\/28\/"},"author":{"name":"Algarve 7","@id":"https:\/\/algarve7.pt\/#\/schema\/person\/23fa70681308e7b319a3204bcea45e0c"},"headline":"Primeira Comunidade Compassiva do Algarve foi apresentada oficialmente","datePublished":"2023-04-07T12:28:00+00:00","dateModified":"2023-04-07T12:28:02+00:00","mainEntityOfPage":{"@id":"https:\/\/algarve7.pt\/index.php\/2023\/04\/primeira-comunidade-compassiva-do-algarve-foi-apresentada-oficialmente\/saude\/13\/28\/"},"wordCount":627,"publisher":{"@id":"https:\/\/algarve7.pt\/#organization"},"image":{"@id":"https:\/\/algarve7.pt\/index.php\/2023\/04\/primeira-comunidade-compassiva-do-algarve-foi-apresentada-oficialmente\/saude\/13\/28\/#primaryimage"},"thumbnailUrl":"https:\/\/algarve7.pt\/wp-content\/uploads\/2023\/04\/IMG_5790.jpg","keywords":["Algarve","CHUA","Comunidade Compassiva do Algarve","Sa\u00fade"],"articleSection":["Sa\u00fade"],"inLanguage":"pt-PT"},{"@type":"WebPage","@id":"https:\/\/algarve7.pt\/index.php\/2023\/04\/primeira-comunidade-compassiva-do-algarve-foi-apresentada-oficialmente\/saude\/13\/28\/","url":"https:\/\/algarve7.pt\/index.php\/2023\/04\/primeira-comunidade-compassiva-do-algarve-foi-apresentada-oficialmente\/saude\/13\/28\/","name":"Primeira Comunidade Compassiva do Algarve foi apresentada oficialmente - Algarve 7","isPartOf":{"@id":"https:\/\/algarve7.pt\/#website"},"primaryImageOfPage":{"@id":"https:\/\/algarve7.pt\/index.php\/2023\/04\/primeira-comunidade-compassiva-do-algarve-foi-apresentada-oficialmente\/saude\/13\/28\/#primaryimage"},"image":{"@id":"https:\/\/algarve7.pt\/index.php\/2023\/04\/primeira-comunidade-compassiva-do-algarve-foi-apresentada-oficialmente\/saude\/13\/28\/#primaryimage"},"thumbnailUrl":"https:\/\/algarve7.pt\/wp-content\/uploads\/2023\/04\/IMG_5790.jpg","datePublished":"2023-04-07T12:28:00+00:00","dateModified":"2023-04-07T12:28:02+00:00","description":"Primeira Comunidade Compassiva do Algarve foi apresentada oficialmente Sa\u00fade","breadcrumb":{"@id":"https:\/\/algarve7.pt\/index.php\/2023\/04\/primeira-comunidade-compassiva-do-algarve-foi-apresentada-oficialmente\/saude\/13\/28\/#breadcrumb"},"inLanguage":"pt-PT","potentialAction":[{"@type":"ReadAction","target":["https:\/\/algarve7.pt\/index.php\/2023\/04\/primeira-comunidade-compassiva-do-algarve-foi-apresentada-oficialmente\/saude\/13\/28\/"]}]},{"@type":"ImageObject","inLanguage":"pt-PT","@id":"https:\/\/algarve7.pt\/index.php\/2023\/04\/primeira-comunidade-compassiva-do-algarve-foi-apresentada-oficialmente\/saude\/13\/28\/#primaryimage","url":"https:\/\/algarve7.pt\/wp-content\/uploads\/2023\/04\/IMG_5790.jpg","contentUrl":"https:\/\/algarve7.pt\/wp-content\/uploads\/2023\/04\/IMG_5790.jpg","width":1024,"height":683},{"@type":"BreadcrumbList","@id":"https:\/\/algarve7.pt\/index.php\/2023\/04\/primeira-comunidade-compassiva-do-algarve-foi-apresentada-oficialmente\/saude\/13\/28\/#breadcrumb","itemListElement":[{"@type":"ListItem","position":1,"name":"In\u00edcio","item":"https:\/\/algarve7.pt\/"},{"@type":"ListItem","position":2,"name":"Primeira Comunidade Compassiva do Algarve foi apresentada oficialmente"}]},{"@type":"WebSite","@id":"https:\/\/algarve7.pt\/#website","url":"https:\/\/algarve7.pt\/","name":"Algarve 7","description":"Informa\u00e7\u00e3o sobre o Algarve","publisher":{"@id":"https:\/\/algarve7.pt\/#organization"},"potentialAction":[{"@type":"SearchAction","target":{"@type":"EntryPoint","urlTemplate":"https:\/\/algarve7.pt\/?s={search_term_string}"},"query-input":{"@type":"PropertyValueSpecification","valueRequired":true,"valueName":"search_term_string"}}],"inLanguage":"pt-PT"},{"@type":"Organization","@id":"https:\/\/algarve7.pt\/#organization","name":"Algarve 7","url":"https:\/\/algarve7.pt\/","logo":{"@type":"ImageObject","inLanguage":"pt-PT","@id":"https:\/\/algarve7.pt\/#\/schema\/logo\/image\/","url":"https:\/\/algarve7.pt\/wp-content\/uploads\/2020\/10\/Logo-8.jpg","contentUrl":"https:\/\/algarve7.pt\/wp-content\/uploads\/2020\/10\/Logo-8.jpg","width":1680,"height":1186,"caption":"Algarve 7"},"image":{"@id":"https:\/\/algarve7.pt\/#\/schema\/logo\/image\/"},"sameAs":["https:\/\/www.facebook.com\/algarve7","https:\/\/x.com\/Algarvesete","https:\/\/www.instagram.com\/jornalalgarve7\/","https:\/\/www.linkedin.com\/company\/algarve7","https:\/\/www.pinterest.pt\/geral0939\/_created\/"]},{"@type":"Person","@id":"https:\/\/algarve7.pt\/#\/schema\/person\/23fa70681308e7b319a3204bcea45e0c","name":"Algarve 7","sameAs":["https:\/\/algarve7.pt","https:\/\/www.facebook.com\/algarve7"],"url":"https:\/\/algarve7.pt\/index.php\/author\/geralalgarve7-pt\/"}]}},"jetpack_publicize_connections":[],"jetpack_featured_media_url":"https:\/\/algarve7.pt\/wp-content\/uploads\/2023\/04\/IMG_5790.jpg","jetpack_shortlink":"https:\/\/wp.me\/pcezmW-70K","jetpack_sharing_enabled":true,"_links":{"self":[{"href":"https:\/\/algarve7.pt\/index.php\/wp-json\/wp\/v2\/posts\/26954","targetHints":{"allow":["GET"]}}],"collection":[{"href":"https:\/\/algarve7.pt\/index.php\/wp-json\/wp\/v2\/posts"}],"about":[{"href":"https:\/\/algarve7.pt\/index.php\/wp-json\/wp\/v2\/types\/post"}],"author":[{"embeddable":true,"href":"https:\/\/algarve7.pt\/index.php\/wp-json\/wp\/v2\/users\/1"}],"replies":[{"embeddable":true,"href":"https:\/\/algarve7.pt\/index.php\/wp-json\/wp\/v2\/comments?post=26954"}],"version-history":[{"count":0,"href":"https:\/\/algarve7.pt\/index.php\/wp-json\/wp\/v2\/posts\/26954\/revisions"}],"wp:featuredmedia":[{"embeddable":true,"href":"https:\/\/algarve7.pt\/index.php\/wp-json\/wp\/v2\/media\/26955"}],"wp:attachment":[{"href":"https:\/\/algarve7.pt\/index.php\/wp-json\/wp\/v2\/media?parent=26954"}],"wp:term":[{"taxonomy":"category","embeddable":true,"href":"https:\/\/algarve7.pt\/index.php\/wp-json\/wp\/v2\/categories?post=26954"},{"taxonomy":"post_tag","embeddable":true,"href":"https:\/\/algarve7.pt\/index.php\/wp-json\/wp\/v2\/tags?post=26954"}],"curies":[{"name":"wp","href":"https:\/\/api.w.org\/{rel}","templated":true}]}}