{"id":26816,"date":"2023-04-04T10:29:00","date_gmt":"2023-04-04T09:29:00","guid":{"rendered":"https:\/\/algarve7.pt\/?p=26816"},"modified":"2023-04-03T21:29:43","modified_gmt":"2023-04-03T20:29:43","slug":"amal-abre-aviso-para-gestao-eficiente-da-agua","status":"publish","type":"post","link":"https:\/\/algarve7.pt\/index.php\/2023\/04\/amal-abre-aviso-para-gestao-eficiente-da-agua\/ambiente\/10\/29\/","title":{"rendered":"AMAL abre Aviso para gest\u00e3o eficiente da \u00e1gua \u00a0"},"content":{"rendered":"\n<p>Enquadrado no Programa de Recupera\u00e7\u00e3o e Resili\u00eancia (PRR), a AMAL &#8211;&nbsp;Comunidade Intermunicipal do Algarve acaba de lan\u00e7ar&nbsp;o 2\u00ba Aviso, no valor de 7 milh\u00f5es de euros, para apoio a projectos que promovam a gest\u00e3o eficiente dos sistemas de abastecimento de \u00e1gua do Algarve. As candidaturas podem ser apresentadas at\u00e9 ao pr\u00f3ximo dia 2 de junho.<\/p>\n\n\n\n<p>No \u00e2mbito deste Aviso s\u00e3o eleg\u00edveis as candidaturas que visem a setoriza\u00e7\u00e3o de redes, a monitoriza\u00e7\u00e3o e o controlo de perdas reais de \u00e1gua, para uma melhor gest\u00e3o nos sistemas de distribui\u00e7\u00e3o em baixa do Algarve.<\/p>\n\n\n\n<p>Tem como principais benefici\u00e1rios as entidades gestoras das redes de abastecimento de \u00e1gua em baixa, ou seja, os munic\u00edpios e as suas associa\u00e7\u00f5es, assim como o setor empresarial e empresas concession\u00e1rias municipais. O apoio dado \u00e0s candidaturas ser\u00e1 a fundo perdido, uma subven\u00e7\u00e3o a 100%, n\u00e3o reembols\u00e1vel, financiada atrav\u00e9s do fundo Next Generation EU.<br>Consulte o Aviso em&nbsp;<a href=\"https:\/\/amal.pt\/images\/2023\/Aviso_2_SM1-31Mar2023.pdf\" target=\"_blank\" rel=\"noreferrer noopener\">https:\/\/amal.pt\/images\/2023\/Aviso_2_SM1-31Mar2023.pdf<\/a>.<\/p>\n\n\n\n<p>A prop\u00f3sito do lan\u00e7amento deste 2\u00ba Aviso, a AMAL reuniu, na passada sexta-feira, com autarcas e t\u00e9cnicos municipais ligados a esta \u00e1rea, para apresenta\u00e7\u00e3o das condi\u00e7\u00f5es de acesso e formaliza\u00e7\u00e3o das candidaturas.<\/p>\n\n\n\n<p>Foi igualmente apresentado o ponto de situa\u00e7\u00e3o do que j\u00e1 est\u00e1 a ser executado no \u00e2mbito da 1\u00aa fase de candidaturas que decorreu em setembro de 2021, atrav\u00e9s da qual est\u00e3o a ser aplicados 14 milh\u00f5es de euros para execu\u00e7\u00e3o de 54 empreitadas de requalifica\u00e7\u00e3o de redes e implementa\u00e7\u00e3o de zonas de medi\u00e7\u00e3o e controlo. O investimento em redu\u00e7\u00e3o de press\u00f5es est\u00e1 igualmente a ser apoiado.<\/p>\n\n\n\n<p>A execu\u00e7\u00e3o do investimento, associado \u00e0 efici\u00eancia h\u00eddrica no Algarve, enquadrado no PRR e que envolve outras medidas para al\u00e9m desta que \u00e9 gerida pela AMAL, \u00e9 coordenada pela Ag\u00eancia Portuguesa do Ambiente, atrav\u00e9s da Administra\u00e7\u00e3o da Regi\u00e3o Hidrogr\u00e1fica do Algarve.<\/p>\n","protected":false},"excerpt":{"rendered":"<p>Enquadrado no Programa de Recupera\u00e7\u00e3o e Resili\u00eancia (PRR), a AMAL &#8211;&nbsp;Comunidade Intermunicipal do Algarve acaba de lan\u00e7ar&nbsp;o 2\u00ba Aviso, no<\/p>\n","protected":false},"author":1,"featured_media":13462,"comment_status":"closed","ping_status":"open","sticky":false,"template":"","format":"standard","meta":{"colormag_page_container_layout":"default_layout","colormag_page_sidebar_layout":"default_layout","_monsterinsights_skip_tracking":false,"_monsterinsights_sitenote_active":false,"_monsterinsights_sitenote_note":"","_monsterinsights_sitenote_category":0,"jetpack_post_was_ever_published":false,"_jetpack_newsletter_access":"","_jetpack_dont_email_post_to_subs":false,"_jetpack_newsletter_tier_id":0,"_jetpack_memberships_contains_paywalled_content":false,"_jetpack_memberships_contains_paid_content":false,"footnotes":"","jetpack_publicize_message":"","jetpack_publicize_feature_enabled":true,"jetpack_social_post_already_shared":true,"jetpack_social_options":{"image_generator_settings":{"template":"highway","default_image_id":0,"font":"","enabled":false},"version":2}},"categories":[5],"tags":[36,207,32],"class_list":["post-26816","post","type-post","status-publish","format-standard","has-post-thumbnail","hentry","category-ambiente","tag-algarve","tag-amal","tag-ambiente"],"yoast_head":"<!-- This site is optimized with the Yoast SEO plugin v27.5 - https:\/\/yoast.com\/product\/yoast-seo-wordpress\/ -->\n<title>AMAL abre Aviso para gest\u00e3o eficiente da \u00e1gua \u00a0 - Algarve 7<\/title>\n<meta name=\"description\" content=\"AMAL abre Aviso para gest\u00e3o eficiente da \u00e1gua \u00a0 Ambiente\" \/>\n<meta name=\"robots\" content=\"index, follow, max-snippet:-1, max-image-preview:large, max-video-preview:-1\" \/>\n<link rel=\"canonical\" href=\"https:\/\/algarve7.pt\/index.php\/2023\/04\/amal-abre-aviso-para-gestao-eficiente-da-agua\/ambiente\/10\/29\/\" \/>\n<meta property=\"og:locale\" content=\"pt_PT\" \/>\n<meta property=\"og:type\" content=\"article\" \/>\n<meta property=\"og:title\" content=\"AMAL abre Aviso para gest\u00e3o eficiente da \u00e1gua \u00a0 - Algarve 7\" \/>\n<meta property=\"og:description\" content=\"AMAL abre Aviso para gest\u00e3o eficiente da \u00e1gua \u00a0 Ambiente\" \/>\n<meta property=\"og:url\" content=\"https:\/\/algarve7.pt\/index.php\/2023\/04\/amal-abre-aviso-para-gestao-eficiente-da-agua\/ambiente\/10\/29\/\" \/>\n<meta property=\"og:site_name\" content=\"Algarve 7\" \/>\n<meta property=\"article:publisher\" content=\"https:\/\/www.facebook.com\/algarve7\" \/>\n<meta property=\"article:author\" content=\"https:\/\/www.facebook.com\/algarve7\" \/>\n<meta property=\"article:published_time\" content=\"2023-04-04T09:29:00+00:00\" \/>\n<meta property=\"og:image\" content=\"https:\/\/algarve7.pt\/wp-content\/uploads\/2021\/11\/prr.jpg\" \/>\n\t<meta property=\"og:image:width\" content=\"1500\" \/>\n\t<meta property=\"og:image:height\" content=\"1000\" \/>\n\t<meta property=\"og:image:type\" content=\"image\/jpeg\" \/>\n<meta name=\"author\" content=\"Algarve 7\" \/>\n<meta name=\"twitter:card\" content=\"summary_large_image\" \/>\n<meta name=\"twitter:creator\" content=\"@Algarvesete\" \/>\n<meta name=\"twitter:site\" content=\"@Algarvesete\" \/>\n<meta name=\"twitter:label1\" content=\"Escrito por\" \/>\n\t<meta name=\"twitter:data1\" content=\"Algarve 7\" \/>\n\t<meta name=\"twitter:label2\" content=\"Tempo estimado de leitura\" \/>\n\t<meta name=\"twitter:data2\" content=\"2 minutos\" \/>\n<script type=\"application\/ld+json\" class=\"yoast-schema-graph\">{\"@context\":\"https:\\\/\\\/schema.org\",\"@graph\":[{\"@type\":\"Article\",\"@id\":\"https:\\\/\\\/algarve7.pt\\\/index.php\\\/2023\\\/04\\\/amal-abre-aviso-para-gestao-eficiente-da-agua\\\/ambiente\\\/10\\\/29\\\/#article\",\"isPartOf\":{\"@id\":\"https:\\\/\\\/algarve7.pt\\\/index.php\\\/2023\\\/04\\\/amal-abre-aviso-para-gestao-eficiente-da-agua\\\/ambiente\\\/10\\\/29\\\/\"},\"author\":{\"name\":\"Algarve 7\",\"@id\":\"https:\\\/\\\/algarve7.pt\\\/#\\\/schema\\\/person\\\/23fa70681308e7b319a3204bcea45e0c\"},\"headline\":\"AMAL abre Aviso para gest\u00e3o eficiente da \u00e1gua \u00a0\",\"datePublished\":\"2023-04-04T09:29:00+00:00\",\"mainEntityOfPage\":{\"@id\":\"https:\\\/\\\/algarve7.pt\\\/index.php\\\/2023\\\/04\\\/amal-abre-aviso-para-gestao-eficiente-da-agua\\\/ambiente\\\/10\\\/29\\\/\"},\"wordCount\":344,\"publisher\":{\"@id\":\"https:\\\/\\\/algarve7.pt\\\/#organization\"},\"image\":{\"@id\":\"https:\\\/\\\/algarve7.pt\\\/index.php\\\/2023\\\/04\\\/amal-abre-aviso-para-gestao-eficiente-da-agua\\\/ambiente\\\/10\\\/29\\\/#primaryimage\"},\"thumbnailUrl\":\"https:\\\/\\\/algarve7.pt\\\/wp-content\\\/uploads\\\/2021\\\/11\\\/prr.jpg\",\"keywords\":[\"Algarve\",\"Amal\",\"Ambiente\"],\"articleSection\":[\"Ambiente\"],\"inLanguage\":\"pt-PT\"},{\"@type\":\"WebPage\",\"@id\":\"https:\\\/\\\/algarve7.pt\\\/index.php\\\/2023\\\/04\\\/amal-abre-aviso-para-gestao-eficiente-da-agua\\\/ambiente\\\/10\\\/29\\\/\",\"url\":\"https:\\\/\\\/algarve7.pt\\\/index.php\\\/2023\\\/04\\\/amal-abre-aviso-para-gestao-eficiente-da-agua\\\/ambiente\\\/10\\\/29\\\/\",\"name\":\"AMAL abre Aviso para gest\u00e3o eficiente da \u00e1gua \u00a0 - Algarve 7\",\"isPartOf\":{\"@id\":\"https:\\\/\\\/algarve7.pt\\\/#website\"},\"primaryImageOfPage\":{\"@id\":\"https:\\\/\\\/algarve7.pt\\\/index.php\\\/2023\\\/04\\\/amal-abre-aviso-para-gestao-eficiente-da-agua\\\/ambiente\\\/10\\\/29\\\/#primaryimage\"},\"image\":{\"@id\":\"https:\\\/\\\/algarve7.pt\\\/index.php\\\/2023\\\/04\\\/amal-abre-aviso-para-gestao-eficiente-da-agua\\\/ambiente\\\/10\\\/29\\\/#primaryimage\"},\"thumbnailUrl\":\"https:\\\/\\\/algarve7.pt\\\/wp-content\\\/uploads\\\/2021\\\/11\\\/prr.jpg\",\"datePublished\":\"2023-04-04T09:29:00+00:00\",\"description\":\"AMAL abre Aviso para gest\u00e3o eficiente da \u00e1gua \u00a0 Ambiente\",\"breadcrumb\":{\"@id\":\"https:\\\/\\\/algarve7.pt\\\/index.php\\\/2023\\\/04\\\/amal-abre-aviso-para-gestao-eficiente-da-agua\\\/ambiente\\\/10\\\/29\\\/#breadcrumb\"},\"inLanguage\":\"pt-PT\",\"potentialAction\":[{\"@type\":\"ReadAction\",\"target\":[\"https:\\\/\\\/algarve7.pt\\\/index.php\\\/2023\\\/04\\\/amal-abre-aviso-para-gestao-eficiente-da-agua\\\/ambiente\\\/10\\\/29\\\/\"]}]},{\"@type\":\"ImageObject\",\"inLanguage\":\"pt-PT\",\"@id\":\"https:\\\/\\\/algarve7.pt\\\/index.php\\\/2023\\\/04\\\/amal-abre-aviso-para-gestao-eficiente-da-agua\\\/ambiente\\\/10\\\/29\\\/#primaryimage\",\"url\":\"https:\\\/\\\/algarve7.pt\\\/wp-content\\\/uploads\\\/2021\\\/11\\\/prr.jpg\",\"contentUrl\":\"https:\\\/\\\/algarve7.pt\\\/wp-content\\\/uploads\\\/2021\\\/11\\\/prr.jpg\",\"width\":1500,\"height\":1000},{\"@type\":\"BreadcrumbList\",\"@id\":\"https:\\\/\\\/algarve7.pt\\\/index.php\\\/2023\\\/04\\\/amal-abre-aviso-para-gestao-eficiente-da-agua\\\/ambiente\\\/10\\\/29\\\/#breadcrumb\",\"itemListElement\":[{\"@type\":\"ListItem\",\"position\":1,\"name\":\"In\u00edcio\",\"item\":\"https:\\\/\\\/algarve7.pt\\\/\"},{\"@type\":\"ListItem\",\"position\":2,\"name\":\"AMAL abre Aviso para gest\u00e3o eficiente da \u00e1gua \u00a0\"}]},{\"@type\":\"WebSite\",\"@id\":\"https:\\\/\\\/algarve7.pt\\\/#website\",\"url\":\"https:\\\/\\\/algarve7.pt\\\/\",\"name\":\"Algarve 7\",\"description\":\"Informa\u00e7\u00e3o sobre o Algarve\",\"publisher\":{\"@id\":\"https:\\\/\\\/algarve7.pt\\\/#organization\"},\"potentialAction\":[{\"@type\":\"SearchAction\",\"target\":{\"@type\":\"EntryPoint\",\"urlTemplate\":\"https:\\\/\\\/algarve7.pt\\\/?s={search_term_string}\"},\"query-input\":{\"@type\":\"PropertyValueSpecification\",\"valueRequired\":true,\"valueName\":\"search_term_string\"}}],\"inLanguage\":\"pt-PT\"},{\"@type\":\"Organization\",\"@id\":\"https:\\\/\\\/algarve7.pt\\\/#organization\",\"name\":\"Algarve 7\",\"url\":\"https:\\\/\\\/algarve7.pt\\\/\",\"logo\":{\"@type\":\"ImageObject\",\"inLanguage\":\"pt-PT\",\"@id\":\"https:\\\/\\\/algarve7.pt\\\/#\\\/schema\\\/logo\\\/image\\\/\",\"url\":\"https:\\\/\\\/algarve7.pt\\\/wp-content\\\/uploads\\\/2020\\\/10\\\/Logo-8.jpg\",\"contentUrl\":\"https:\\\/\\\/algarve7.pt\\\/wp-content\\\/uploads\\\/2020\\\/10\\\/Logo-8.jpg\",\"width\":1680,\"height\":1186,\"caption\":\"Algarve 7\"},\"image\":{\"@id\":\"https:\\\/\\\/algarve7.pt\\\/#\\\/schema\\\/logo\\\/image\\\/\"},\"sameAs\":[\"https:\\\/\\\/www.facebook.com\\\/algarve7\",\"https:\\\/\\\/x.com\\\/Algarvesete\",\"https:\\\/\\\/www.instagram.com\\\/jornalalgarve7\\\/\",\"https:\\\/\\\/www.linkedin.com\\\/company\\\/algarve7\",\"https:\\\/\\\/www.pinterest.pt\\\/geral0939\\\/_created\\\/\"]},{\"@type\":\"Person\",\"@id\":\"https:\\\/\\\/algarve7.pt\\\/#\\\/schema\\\/person\\\/23fa70681308e7b319a3204bcea45e0c\",\"name\":\"Algarve 7\",\"sameAs\":[\"https:\\\/\\\/algarve7.pt\",\"https:\\\/\\\/www.facebook.com\\\/algarve7\"],\"url\":\"https:\\\/\\\/algarve7.pt\\\/index.php\\\/author\\\/geralalgarve7-pt\\\/\"}]}<\/script>\n<!-- \/ Yoast SEO plugin. -->","yoast_head_json":{"title":"AMAL abre Aviso para gest\u00e3o eficiente da \u00e1gua \u00a0 - Algarve 7","description":"AMAL abre Aviso para gest\u00e3o eficiente da \u00e1gua \u00a0 Ambiente","robots":{"index":"index","follow":"follow","max-snippet":"max-snippet:-1","max-image-preview":"max-image-preview:large","max-video-preview":"max-video-preview:-1"},"canonical":"https:\/\/algarve7.pt\/index.php\/2023\/04\/amal-abre-aviso-para-gestao-eficiente-da-agua\/ambiente\/10\/29\/","og_locale":"pt_PT","og_type":"article","og_title":"AMAL abre Aviso para gest\u00e3o eficiente da \u00e1gua \u00a0 - Algarve 7","og_description":"AMAL abre Aviso para gest\u00e3o eficiente da \u00e1gua \u00a0 Ambiente","og_url":"https:\/\/algarve7.pt\/index.php\/2023\/04\/amal-abre-aviso-para-gestao-eficiente-da-agua\/ambiente\/10\/29\/","og_site_name":"Algarve 7","article_publisher":"https:\/\/www.facebook.com\/algarve7","article_author":"https:\/\/www.facebook.com\/algarve7","article_published_time":"2023-04-04T09:29:00+00:00","og_image":[{"width":1500,"height":1000,"url":"https:\/\/algarve7.pt\/wp-content\/uploads\/2021\/11\/prr.jpg","type":"image\/jpeg"}],"author":"Algarve 7","twitter_card":"summary_large_image","twitter_creator":"@Algarvesete","twitter_site":"@Algarvesete","twitter_misc":{"Escrito por":"Algarve 7","Tempo estimado de leitura":"2 minutos"},"schema":{"@context":"https:\/\/schema.org","@graph":[{"@type":"Article","@id":"https:\/\/algarve7.pt\/index.php\/2023\/04\/amal-abre-aviso-para-gestao-eficiente-da-agua\/ambiente\/10\/29\/#article","isPartOf":{"@id":"https:\/\/algarve7.pt\/index.php\/2023\/04\/amal-abre-aviso-para-gestao-eficiente-da-agua\/ambiente\/10\/29\/"},"author":{"name":"Algarve 7","@id":"https:\/\/algarve7.pt\/#\/schema\/person\/23fa70681308e7b319a3204bcea45e0c"},"headline":"AMAL abre Aviso para gest\u00e3o eficiente da \u00e1gua \u00a0","datePublished":"2023-04-04T09:29:00+00:00","mainEntityOfPage":{"@id":"https:\/\/algarve7.pt\/index.php\/2023\/04\/amal-abre-aviso-para-gestao-eficiente-da-agua\/ambiente\/10\/29\/"},"wordCount":344,"publisher":{"@id":"https:\/\/algarve7.pt\/#organization"},"image":{"@id":"https:\/\/algarve7.pt\/index.php\/2023\/04\/amal-abre-aviso-para-gestao-eficiente-da-agua\/ambiente\/10\/29\/#primaryimage"},"thumbnailUrl":"https:\/\/algarve7.pt\/wp-content\/uploads\/2021\/11\/prr.jpg","keywords":["Algarve","Amal","Ambiente"],"articleSection":["Ambiente"],"inLanguage":"pt-PT"},{"@type":"WebPage","@id":"https:\/\/algarve7.pt\/index.php\/2023\/04\/amal-abre-aviso-para-gestao-eficiente-da-agua\/ambiente\/10\/29\/","url":"https:\/\/algarve7.pt\/index.php\/2023\/04\/amal-abre-aviso-para-gestao-eficiente-da-agua\/ambiente\/10\/29\/","name":"AMAL abre Aviso para gest\u00e3o eficiente da \u00e1gua \u00a0 - Algarve 7","isPartOf":{"@id":"https:\/\/algarve7.pt\/#website"},"primaryImageOfPage":{"@id":"https:\/\/algarve7.pt\/index.php\/2023\/04\/amal-abre-aviso-para-gestao-eficiente-da-agua\/ambiente\/10\/29\/#primaryimage"},"image":{"@id":"https:\/\/algarve7.pt\/index.php\/2023\/04\/amal-abre-aviso-para-gestao-eficiente-da-agua\/ambiente\/10\/29\/#primaryimage"},"thumbnailUrl":"https:\/\/algarve7.pt\/wp-content\/uploads\/2021\/11\/prr.jpg","datePublished":"2023-04-04T09:29:00+00:00","description":"AMAL abre Aviso para gest\u00e3o eficiente da \u00e1gua \u00a0 Ambiente","breadcrumb":{"@id":"https:\/\/algarve7.pt\/index.php\/2023\/04\/amal-abre-aviso-para-gestao-eficiente-da-agua\/ambiente\/10\/29\/#breadcrumb"},"inLanguage":"pt-PT","potentialAction":[{"@type":"ReadAction","target":["https:\/\/algarve7.pt\/index.php\/2023\/04\/amal-abre-aviso-para-gestao-eficiente-da-agua\/ambiente\/10\/29\/"]}]},{"@type":"ImageObject","inLanguage":"pt-PT","@id":"https:\/\/algarve7.pt\/index.php\/2023\/04\/amal-abre-aviso-para-gestao-eficiente-da-agua\/ambiente\/10\/29\/#primaryimage","url":"https:\/\/algarve7.pt\/wp-content\/uploads\/2021\/11\/prr.jpg","contentUrl":"https:\/\/algarve7.pt\/wp-content\/uploads\/2021\/11\/prr.jpg","width":1500,"height":1000},{"@type":"BreadcrumbList","@id":"https:\/\/algarve7.pt\/index.php\/2023\/04\/amal-abre-aviso-para-gestao-eficiente-da-agua\/ambiente\/10\/29\/#breadcrumb","itemListElement":[{"@type":"ListItem","position":1,"name":"In\u00edcio","item":"https:\/\/algarve7.pt\/"},{"@type":"ListItem","position":2,"name":"AMAL abre Aviso para gest\u00e3o eficiente da \u00e1gua \u00a0"}]},{"@type":"WebSite","@id":"https:\/\/algarve7.pt\/#website","url":"https:\/\/algarve7.pt\/","name":"Algarve 7","description":"Informa\u00e7\u00e3o sobre o Algarve","publisher":{"@id":"https:\/\/algarve7.pt\/#organization"},"potentialAction":[{"@type":"SearchAction","target":{"@type":"EntryPoint","urlTemplate":"https:\/\/algarve7.pt\/?s={search_term_string}"},"query-input":{"@type":"PropertyValueSpecification","valueRequired":true,"valueName":"search_term_string"}}],"inLanguage":"pt-PT"},{"@type":"Organization","@id":"https:\/\/algarve7.pt\/#organization","name":"Algarve 7","url":"https:\/\/algarve7.pt\/","logo":{"@type":"ImageObject","inLanguage":"pt-PT","@id":"https:\/\/algarve7.pt\/#\/schema\/logo\/image\/","url":"https:\/\/algarve7.pt\/wp-content\/uploads\/2020\/10\/Logo-8.jpg","contentUrl":"https:\/\/algarve7.pt\/wp-content\/uploads\/2020\/10\/Logo-8.jpg","width":1680,"height":1186,"caption":"Algarve 7"},"image":{"@id":"https:\/\/algarve7.pt\/#\/schema\/logo\/image\/"},"sameAs":["https:\/\/www.facebook.com\/algarve7","https:\/\/x.com\/Algarvesete","https:\/\/www.instagram.com\/jornalalgarve7\/","https:\/\/www.linkedin.com\/company\/algarve7","https:\/\/www.pinterest.pt\/geral0939\/_created\/"]},{"@type":"Person","@id":"https:\/\/algarve7.pt\/#\/schema\/person\/23fa70681308e7b319a3204bcea45e0c","name":"Algarve 7","sameAs":["https:\/\/algarve7.pt","https:\/\/www.facebook.com\/algarve7"],"url":"https:\/\/algarve7.pt\/index.php\/author\/geralalgarve7-pt\/"}]}},"jetpack_publicize_connections":[],"jetpack_featured_media_url":"https:\/\/algarve7.pt\/wp-content\/uploads\/2021\/11\/prr.jpg","jetpack_shortlink":"https:\/\/wp.me\/pcezmW-6Yw","jetpack_sharing_enabled":true,"_links":{"self":[{"href":"https:\/\/algarve7.pt\/index.php\/wp-json\/wp\/v2\/posts\/26816","targetHints":{"allow":["GET"]}}],"collection":[{"href":"https:\/\/algarve7.pt\/index.php\/wp-json\/wp\/v2\/posts"}],"about":[{"href":"https:\/\/algarve7.pt\/index.php\/wp-json\/wp\/v2\/types\/post"}],"author":[{"embeddable":true,"href":"https:\/\/algarve7.pt\/index.php\/wp-json\/wp\/v2\/users\/1"}],"replies":[{"embeddable":true,"href":"https:\/\/algarve7.pt\/index.php\/wp-json\/wp\/v2\/comments?post=26816"}],"version-history":[{"count":0,"href":"https:\/\/algarve7.pt\/index.php\/wp-json\/wp\/v2\/posts\/26816\/revisions"}],"wp:featuredmedia":[{"embeddable":true,"href":"https:\/\/algarve7.pt\/index.php\/wp-json\/wp\/v2\/media\/13462"}],"wp:attachment":[{"href":"https:\/\/algarve7.pt\/index.php\/wp-json\/wp\/v2\/media?parent=26816"}],"wp:term":[{"taxonomy":"category","embeddable":true,"href":"https:\/\/algarve7.pt\/index.php\/wp-json\/wp\/v2\/categories?post=26816"},{"taxonomy":"post_tag","embeddable":true,"href":"https:\/\/algarve7.pt\/index.php\/wp-json\/wp\/v2\/tags?post=26816"}],"curies":[{"name":"wp","href":"https:\/\/api.w.org\/{rel}","templated":true}]}}