{"id":26718,"date":"2023-03-30T12:13:55","date_gmt":"2023-03-30T11:13:55","guid":{"rendered":"https:\/\/algarve7.pt\/?p=26718"},"modified":"2023-03-30T12:13:57","modified_gmt":"2023-03-30T11:13:57","slug":"ermida-de-na-sr-a-de-guadalupe-mais-acessivel-para-os-visitantes","status":"publish","type":"post","link":"https:\/\/algarve7.pt\/index.php\/2023\/03\/ermida-de-na-sr-a-de-guadalupe-mais-acessivel-para-os-visitantes\/cultura\/12\/13\/","title":{"rendered":"Ermida de N\u00aa Sr.\u00aa de Guadalupe mais acess\u00edvel para os visitantes"},"content":{"rendered":"\n<p>A Dire\u00e7\u00e3o Regional de&nbsp;Cultura do Algarve&nbsp;concluiu a execu\u00e7\u00e3o do&nbsp;<strong>Projeto de Acessibilidade na Ermida de N\u00aa Sr.\u00aa de Guadalupe<\/strong>, monumento nacional sob a sua tutela, localizado junto \u00e0 aldeia da Raposeira, no concelho de Vila do Bispo. Trata-se de uma iniciativa realizada com o financiamento do Turismo de Portugal, atrav\u00e9s do&nbsp;<em>Valorizar \u2013 Programa de Apoio \u00e0 Valoriza\u00e7\u00e3o e Qualifica\u00e7\u00e3o do Destino<\/em>, atrav\u00e9s da Linha de Apoio ao Turismo Acess\u00edvel.<\/p>\n\n\n\n<p>O objetivo primordial deste projeto foi o de dotar a Ermida de Nossa Senhora de Guadalupe de um percurso acess\u00edvel para qualquer visitante com mobilidade reduzida, tempor\u00e1ria ou permanente, e o de promover uma comunica\u00e7\u00e3o inclusiva, \u00fatil a todos os visitantes, considerando estrat\u00e9gicas, a\u00e7\u00f5es e recursos para eliminar barreiras f\u00edsicas, intelectuais, sensoriais, sociais ou culturais.&nbsp;<\/p>\n\n\n\n<p>V\u00e1rias foram as<a><\/a>&nbsp;solu\u00e7\u00f5es de acessibilidade integradas no projeto. Desde logo, a instala\u00e7\u00e3o de um passadi\u00e7o e rampa de acesso ao pr\u00f3prio templo, que torna acess\u00edvel o interior do monumento a visitantes em cadeira de rodas ou com mobilidade condicionada. As restantes interven\u00e7\u00f5es prendem-se com outro tipo de necessidades, oferecendo m\u00faltiplas oportunidades de aprendizagem, com uma estrat\u00e9gia de comunica\u00e7\u00e3o multissensorial e multimodal.&nbsp;<\/p>\n\n\n\n<p>Foram colocados pain\u00e9is de sinal\u00e9tica com informa\u00e7\u00e3o de contextualiza\u00e7\u00e3o hist\u00f3rica, quer no interior da ermida, quer no espa\u00e7o envolvente. No Centro de Acolhimento deste monumento nacional est\u00e1 dispon\u00edvel, para consulta, um&nbsp;<em>kit<\/em>&nbsp;com informa\u00e7\u00e3o em escrita simples, contraste crom\u00e1tico, texto ampliado e braille (PT), e placas com imagem em relevo, em 2 D.<\/p>\n\n\n\n<p>A implanta\u00e7\u00e3o de um m\u00fapi, com equipamento multim\u00e9dia interativo, junto ao Centro de Acolhimento do monumento, permite a todo o visitante aceder a informa\u00e7\u00e3o de contextualiza\u00e7\u00e3o hist\u00f3rica, desde as origens do culto a N\u00aa Sr.\u00aa de Guadalupe, sobre a sua difus\u00e3o pela Pen\u00ednsula Ib\u00e9rica e pelo Mundo, as poss\u00edveis origens desta ermida em terras algarvias, os seus elementos arquitect\u00f3nicos, as mem\u00f3rias associadas e ainda os mitos das Virgens Negras. Est\u00e1 ainda dispon\u00edvel, neste equipamento, a audiodescri\u00e7\u00e3o da ermida.&nbsp;<\/p>\n\n\n\n<p>Por \u00faltimo, uma das solu\u00e7\u00f5es mais visuais e sensoriais, o efeito hologr\u00e1fico, colocado no interior do templo, que nos conta a origem lend\u00e1ria do culto \u00e0 Virgem de Guadalupe e da sua difus\u00e3o pelo Mundo, at\u00e9 ao aparecimento desta ermida em terras algarvias. Esta op\u00e7\u00e3o permite oferecer uma experi\u00eancia sensorial a todo o tipo de p\u00fablico, sejam crian\u00e7as de tenra idade, sejam pessoas com baixa literacia, sejam idosos com pouca apet\u00eancia para a intera\u00e7\u00e3o com as novas tecnologias.<\/p>\n\n\n\n<p>Todos os conte\u00fados do projeto s\u00e3o apresentados em tr\u00eas idiomas (portugu\u00eas, ingl\u00eas e alem\u00e3o), numa locu\u00e7\u00e3o com uma linguagem acess\u00edvel. A LGP &#8211; L\u00edngua Gestual Portuguesa e o SI (Sinal Internacional) s\u00e3o tamb\u00e9m op\u00e7\u00f5es nos v\u00eddeos disponibilizados no m\u00fapi, assim como na anima\u00e7\u00e3o da experi\u00eancia hologr\u00e1fica, solu\u00e7\u00e3o que integra tamb\u00e9m a audiodescri\u00e7\u00e3o.<\/p>\n\n\n\n<p>A Ermida de N\u00aa Sr.\u00aa de Guadalupe \u00e9 um dos mais enigm\u00e1ticos testemunhos do g\u00f3tico na regi\u00e3o algarvia e de particular relev\u00e2ncia hist\u00f3rica, no contexto da paisagem patrimonial associada ao Promont\u00f3rio de Sagres. &nbsp;<\/p>\n\n\n\n<p>O monumento pode ser visitado todos os dias, exceto \u00e0s segundas-feiras e nos feriados de 1 de janeiro, 22 de janeiro (feriado municipal), domingo de P\u00e1scoa, 1 de maio e 25 de dezembro. O visitante pode adquirir o bilhete circuito \u201cRota do Infante\u201d, que integra tamb\u00e9m a visita \u00e0 Fortaleza de Sagres.<\/p>\n","protected":false},"excerpt":{"rendered":"<p>A Dire\u00e7\u00e3o Regional de&nbsp;Cultura do Algarve&nbsp;concluiu a execu\u00e7\u00e3o do&nbsp;Projeto de Acessibilidade na Ermida de N\u00aa Sr.\u00aa de Guadalupe, monumento nacional<\/p>\n","protected":false},"author":1,"featured_media":26719,"comment_status":"closed","ping_status":"open","sticky":false,"template":"","format":"standard","meta":{"colormag_page_container_layout":"default_layout","colormag_page_sidebar_layout":"default_layout","_monsterinsights_skip_tracking":false,"_monsterinsights_sitenote_active":false,"_monsterinsights_sitenote_note":"","_monsterinsights_sitenote_category":0,"jetpack_post_was_ever_published":false,"_jetpack_newsletter_access":"","_jetpack_dont_email_post_to_subs":false,"_jetpack_newsletter_tier_id":0,"_jetpack_memberships_contains_paywalled_content":false,"_jetpack_memberships_contains_paid_content":false,"footnotes":"","jetpack_publicize_message":"","jetpack_publicize_feature_enabled":true,"jetpack_social_post_already_shared":true,"jetpack_social_options":{"image_generator_settings":{"template":"highway","default_image_id":0,"font":"","enabled":false},"version":2}},"categories":[14],"tags":[36,35,932],"class_list":["post-26718","post","type-post","status-publish","format-standard","has-post-thumbnail","hentry","category-cultura","tag-algarve","tag-cultura","tag-ermida-de-na-sr-a-de-guadalupe"],"yoast_head":"<!-- This site is optimized with the Yoast SEO plugin v27.5 - https:\/\/yoast.com\/product\/yoast-seo-wordpress\/ -->\n<title>Ermida de N\u00aa Sr.\u00aa de Guadalupe mais acess\u00edvel para os visitantes - Algarve 7<\/title>\n<meta name=\"description\" content=\"Ermida de N\u00aa Sr.\u00aa de Guadalupe mais acess\u00edvel para os visitantes Cultura\" \/>\n<meta name=\"robots\" content=\"index, follow, max-snippet:-1, max-image-preview:large, max-video-preview:-1\" \/>\n<link rel=\"canonical\" href=\"https:\/\/algarve7.pt\/index.php\/2023\/03\/ermida-de-na-sr-a-de-guadalupe-mais-acessivel-para-os-visitantes\/cultura\/12\/13\/\" \/>\n<meta property=\"og:locale\" content=\"pt_PT\" \/>\n<meta property=\"og:type\" content=\"article\" \/>\n<meta property=\"og:title\" content=\"Ermida de N\u00aa Sr.\u00aa de Guadalupe mais acess\u00edvel para os visitantes - Algarve 7\" \/>\n<meta property=\"og:description\" content=\"Ermida de N\u00aa Sr.\u00aa de Guadalupe mais acess\u00edvel para os visitantes Cultura\" \/>\n<meta property=\"og:url\" content=\"https:\/\/algarve7.pt\/index.php\/2023\/03\/ermida-de-na-sr-a-de-guadalupe-mais-acessivel-para-os-visitantes\/cultura\/12\/13\/\" \/>\n<meta property=\"og:site_name\" content=\"Algarve 7\" \/>\n<meta property=\"article:publisher\" content=\"https:\/\/www.facebook.com\/algarve7\" \/>\n<meta property=\"article:author\" content=\"https:\/\/www.facebook.com\/algarve7\" \/>\n<meta property=\"article:published_time\" content=\"2023-03-30T11:13:55+00:00\" \/>\n<meta property=\"article:modified_time\" content=\"2023-03-30T11:13:57+00:00\" \/>\n<meta property=\"og:image\" content=\"https:\/\/algarve7.pt\/wp-content\/uploads\/2023\/03\/Ermida-de-Guadalupe.jpg\" \/>\n\t<meta property=\"og:image:width\" content=\"1024\" \/>\n\t<meta property=\"og:image:height\" content=\"461\" \/>\n\t<meta property=\"og:image:type\" content=\"image\/jpeg\" \/>\n<meta name=\"author\" content=\"Algarve 7\" \/>\n<meta name=\"twitter:card\" content=\"summary_large_image\" \/>\n<meta name=\"twitter:creator\" content=\"@Algarvesete\" \/>\n<meta name=\"twitter:site\" content=\"@Algarvesete\" \/>\n<meta name=\"twitter:label1\" content=\"Escrito por\" \/>\n\t<meta name=\"twitter:data1\" content=\"Algarve 7\" \/>\n\t<meta name=\"twitter:label2\" content=\"Tempo estimado de leitura\" \/>\n\t<meta name=\"twitter:data2\" content=\"3 minutos\" \/>\n<script type=\"application\/ld+json\" class=\"yoast-schema-graph\">{\"@context\":\"https:\\\/\\\/schema.org\",\"@graph\":[{\"@type\":\"Article\",\"@id\":\"https:\\\/\\\/algarve7.pt\\\/index.php\\\/2023\\\/03\\\/ermida-de-na-sr-a-de-guadalupe-mais-acessivel-para-os-visitantes\\\/cultura\\\/12\\\/13\\\/#article\",\"isPartOf\":{\"@id\":\"https:\\\/\\\/algarve7.pt\\\/index.php\\\/2023\\\/03\\\/ermida-de-na-sr-a-de-guadalupe-mais-acessivel-para-os-visitantes\\\/cultura\\\/12\\\/13\\\/\"},\"author\":{\"name\":\"Algarve 7\",\"@id\":\"https:\\\/\\\/algarve7.pt\\\/#\\\/schema\\\/person\\\/23fa70681308e7b319a3204bcea45e0c\"},\"headline\":\"Ermida de N\u00aa Sr.\u00aa de Guadalupe mais acess\u00edvel para os visitantes\",\"datePublished\":\"2023-03-30T11:13:55+00:00\",\"dateModified\":\"2023-03-30T11:13:57+00:00\",\"mainEntityOfPage\":{\"@id\":\"https:\\\/\\\/algarve7.pt\\\/index.php\\\/2023\\\/03\\\/ermida-de-na-sr-a-de-guadalupe-mais-acessivel-para-os-visitantes\\\/cultura\\\/12\\\/13\\\/\"},\"wordCount\":631,\"publisher\":{\"@id\":\"https:\\\/\\\/algarve7.pt\\\/#organization\"},\"image\":{\"@id\":\"https:\\\/\\\/algarve7.pt\\\/index.php\\\/2023\\\/03\\\/ermida-de-na-sr-a-de-guadalupe-mais-acessivel-para-os-visitantes\\\/cultura\\\/12\\\/13\\\/#primaryimage\"},\"thumbnailUrl\":\"https:\\\/\\\/algarve7.pt\\\/wp-content\\\/uploads\\\/2023\\\/03\\\/Ermida-de-Guadalupe.jpg\",\"keywords\":[\"Algarve\",\"Cultura\",\"Ermida de N\u00aa Sr.\u00aa de Guadalupe\"],\"articleSection\":[\"Cultura\"],\"inLanguage\":\"pt-PT\"},{\"@type\":\"WebPage\",\"@id\":\"https:\\\/\\\/algarve7.pt\\\/index.php\\\/2023\\\/03\\\/ermida-de-na-sr-a-de-guadalupe-mais-acessivel-para-os-visitantes\\\/cultura\\\/12\\\/13\\\/\",\"url\":\"https:\\\/\\\/algarve7.pt\\\/index.php\\\/2023\\\/03\\\/ermida-de-na-sr-a-de-guadalupe-mais-acessivel-para-os-visitantes\\\/cultura\\\/12\\\/13\\\/\",\"name\":\"Ermida de N\u00aa Sr.\u00aa de Guadalupe mais acess\u00edvel para os visitantes - Algarve 7\",\"isPartOf\":{\"@id\":\"https:\\\/\\\/algarve7.pt\\\/#website\"},\"primaryImageOfPage\":{\"@id\":\"https:\\\/\\\/algarve7.pt\\\/index.php\\\/2023\\\/03\\\/ermida-de-na-sr-a-de-guadalupe-mais-acessivel-para-os-visitantes\\\/cultura\\\/12\\\/13\\\/#primaryimage\"},\"image\":{\"@id\":\"https:\\\/\\\/algarve7.pt\\\/index.php\\\/2023\\\/03\\\/ermida-de-na-sr-a-de-guadalupe-mais-acessivel-para-os-visitantes\\\/cultura\\\/12\\\/13\\\/#primaryimage\"},\"thumbnailUrl\":\"https:\\\/\\\/algarve7.pt\\\/wp-content\\\/uploads\\\/2023\\\/03\\\/Ermida-de-Guadalupe.jpg\",\"datePublished\":\"2023-03-30T11:13:55+00:00\",\"dateModified\":\"2023-03-30T11:13:57+00:00\",\"description\":\"Ermida de N\u00aa Sr.\u00aa de Guadalupe mais acess\u00edvel para os visitantes Cultura\",\"breadcrumb\":{\"@id\":\"https:\\\/\\\/algarve7.pt\\\/index.php\\\/2023\\\/03\\\/ermida-de-na-sr-a-de-guadalupe-mais-acessivel-para-os-visitantes\\\/cultura\\\/12\\\/13\\\/#breadcrumb\"},\"inLanguage\":\"pt-PT\",\"potentialAction\":[{\"@type\":\"ReadAction\",\"target\":[\"https:\\\/\\\/algarve7.pt\\\/index.php\\\/2023\\\/03\\\/ermida-de-na-sr-a-de-guadalupe-mais-acessivel-para-os-visitantes\\\/cultura\\\/12\\\/13\\\/\"]}]},{\"@type\":\"ImageObject\",\"inLanguage\":\"pt-PT\",\"@id\":\"https:\\\/\\\/algarve7.pt\\\/index.php\\\/2023\\\/03\\\/ermida-de-na-sr-a-de-guadalupe-mais-acessivel-para-os-visitantes\\\/cultura\\\/12\\\/13\\\/#primaryimage\",\"url\":\"https:\\\/\\\/algarve7.pt\\\/wp-content\\\/uploads\\\/2023\\\/03\\\/Ermida-de-Guadalupe.jpg\",\"contentUrl\":\"https:\\\/\\\/algarve7.pt\\\/wp-content\\\/uploads\\\/2023\\\/03\\\/Ermida-de-Guadalupe.jpg\",\"width\":1024,\"height\":461},{\"@type\":\"BreadcrumbList\",\"@id\":\"https:\\\/\\\/algarve7.pt\\\/index.php\\\/2023\\\/03\\\/ermida-de-na-sr-a-de-guadalupe-mais-acessivel-para-os-visitantes\\\/cultura\\\/12\\\/13\\\/#breadcrumb\",\"itemListElement\":[{\"@type\":\"ListItem\",\"position\":1,\"name\":\"In\u00edcio\",\"item\":\"https:\\\/\\\/algarve7.pt\\\/\"},{\"@type\":\"ListItem\",\"position\":2,\"name\":\"Ermida de N\u00aa Sr.\u00aa de Guadalupe mais acess\u00edvel para os visitantes\"}]},{\"@type\":\"WebSite\",\"@id\":\"https:\\\/\\\/algarve7.pt\\\/#website\",\"url\":\"https:\\\/\\\/algarve7.pt\\\/\",\"name\":\"Algarve 7\",\"description\":\"Informa\u00e7\u00e3o sobre o Algarve\",\"publisher\":{\"@id\":\"https:\\\/\\\/algarve7.pt\\\/#organization\"},\"potentialAction\":[{\"@type\":\"SearchAction\",\"target\":{\"@type\":\"EntryPoint\",\"urlTemplate\":\"https:\\\/\\\/algarve7.pt\\\/?s={search_term_string}\"},\"query-input\":{\"@type\":\"PropertyValueSpecification\",\"valueRequired\":true,\"valueName\":\"search_term_string\"}}],\"inLanguage\":\"pt-PT\"},{\"@type\":\"Organization\",\"@id\":\"https:\\\/\\\/algarve7.pt\\\/#organization\",\"name\":\"Algarve 7\",\"url\":\"https:\\\/\\\/algarve7.pt\\\/\",\"logo\":{\"@type\":\"ImageObject\",\"inLanguage\":\"pt-PT\",\"@id\":\"https:\\\/\\\/algarve7.pt\\\/#\\\/schema\\\/logo\\\/image\\\/\",\"url\":\"https:\\\/\\\/algarve7.pt\\\/wp-content\\\/uploads\\\/2020\\\/10\\\/Logo-8.jpg\",\"contentUrl\":\"https:\\\/\\\/algarve7.pt\\\/wp-content\\\/uploads\\\/2020\\\/10\\\/Logo-8.jpg\",\"width\":1680,\"height\":1186,\"caption\":\"Algarve 7\"},\"image\":{\"@id\":\"https:\\\/\\\/algarve7.pt\\\/#\\\/schema\\\/logo\\\/image\\\/\"},\"sameAs\":[\"https:\\\/\\\/www.facebook.com\\\/algarve7\",\"https:\\\/\\\/x.com\\\/Algarvesete\",\"https:\\\/\\\/www.instagram.com\\\/jornalalgarve7\\\/\",\"https:\\\/\\\/www.linkedin.com\\\/company\\\/algarve7\",\"https:\\\/\\\/www.pinterest.pt\\\/geral0939\\\/_created\\\/\"]},{\"@type\":\"Person\",\"@id\":\"https:\\\/\\\/algarve7.pt\\\/#\\\/schema\\\/person\\\/23fa70681308e7b319a3204bcea45e0c\",\"name\":\"Algarve 7\",\"sameAs\":[\"https:\\\/\\\/algarve7.pt\",\"https:\\\/\\\/www.facebook.com\\\/algarve7\"],\"url\":\"https:\\\/\\\/algarve7.pt\\\/index.php\\\/author\\\/geralalgarve7-pt\\\/\"}]}<\/script>\n<!-- \/ Yoast SEO plugin. -->","yoast_head_json":{"title":"Ermida de N\u00aa Sr.\u00aa de Guadalupe mais acess\u00edvel para os visitantes - Algarve 7","description":"Ermida de N\u00aa Sr.\u00aa de Guadalupe mais acess\u00edvel para os visitantes Cultura","robots":{"index":"index","follow":"follow","max-snippet":"max-snippet:-1","max-image-preview":"max-image-preview:large","max-video-preview":"max-video-preview:-1"},"canonical":"https:\/\/algarve7.pt\/index.php\/2023\/03\/ermida-de-na-sr-a-de-guadalupe-mais-acessivel-para-os-visitantes\/cultura\/12\/13\/","og_locale":"pt_PT","og_type":"article","og_title":"Ermida de N\u00aa Sr.\u00aa de Guadalupe mais acess\u00edvel para os visitantes - Algarve 7","og_description":"Ermida de N\u00aa Sr.\u00aa de Guadalupe mais acess\u00edvel para os visitantes Cultura","og_url":"https:\/\/algarve7.pt\/index.php\/2023\/03\/ermida-de-na-sr-a-de-guadalupe-mais-acessivel-para-os-visitantes\/cultura\/12\/13\/","og_site_name":"Algarve 7","article_publisher":"https:\/\/www.facebook.com\/algarve7","article_author":"https:\/\/www.facebook.com\/algarve7","article_published_time":"2023-03-30T11:13:55+00:00","article_modified_time":"2023-03-30T11:13:57+00:00","og_image":[{"width":1024,"height":461,"url":"https:\/\/algarve7.pt\/wp-content\/uploads\/2023\/03\/Ermida-de-Guadalupe.jpg","type":"image\/jpeg"}],"author":"Algarve 7","twitter_card":"summary_large_image","twitter_creator":"@Algarvesete","twitter_site":"@Algarvesete","twitter_misc":{"Escrito por":"Algarve 7","Tempo estimado de leitura":"3 minutos"},"schema":{"@context":"https:\/\/schema.org","@graph":[{"@type":"Article","@id":"https:\/\/algarve7.pt\/index.php\/2023\/03\/ermida-de-na-sr-a-de-guadalupe-mais-acessivel-para-os-visitantes\/cultura\/12\/13\/#article","isPartOf":{"@id":"https:\/\/algarve7.pt\/index.php\/2023\/03\/ermida-de-na-sr-a-de-guadalupe-mais-acessivel-para-os-visitantes\/cultura\/12\/13\/"},"author":{"name":"Algarve 7","@id":"https:\/\/algarve7.pt\/#\/schema\/person\/23fa70681308e7b319a3204bcea45e0c"},"headline":"Ermida de N\u00aa Sr.\u00aa de Guadalupe mais acess\u00edvel para os visitantes","datePublished":"2023-03-30T11:13:55+00:00","dateModified":"2023-03-30T11:13:57+00:00","mainEntityOfPage":{"@id":"https:\/\/algarve7.pt\/index.php\/2023\/03\/ermida-de-na-sr-a-de-guadalupe-mais-acessivel-para-os-visitantes\/cultura\/12\/13\/"},"wordCount":631,"publisher":{"@id":"https:\/\/algarve7.pt\/#organization"},"image":{"@id":"https:\/\/algarve7.pt\/index.php\/2023\/03\/ermida-de-na-sr-a-de-guadalupe-mais-acessivel-para-os-visitantes\/cultura\/12\/13\/#primaryimage"},"thumbnailUrl":"https:\/\/algarve7.pt\/wp-content\/uploads\/2023\/03\/Ermida-de-Guadalupe.jpg","keywords":["Algarve","Cultura","Ermida de N\u00aa Sr.\u00aa de Guadalupe"],"articleSection":["Cultura"],"inLanguage":"pt-PT"},{"@type":"WebPage","@id":"https:\/\/algarve7.pt\/index.php\/2023\/03\/ermida-de-na-sr-a-de-guadalupe-mais-acessivel-para-os-visitantes\/cultura\/12\/13\/","url":"https:\/\/algarve7.pt\/index.php\/2023\/03\/ermida-de-na-sr-a-de-guadalupe-mais-acessivel-para-os-visitantes\/cultura\/12\/13\/","name":"Ermida de N\u00aa Sr.\u00aa de Guadalupe mais acess\u00edvel para os visitantes - Algarve 7","isPartOf":{"@id":"https:\/\/algarve7.pt\/#website"},"primaryImageOfPage":{"@id":"https:\/\/algarve7.pt\/index.php\/2023\/03\/ermida-de-na-sr-a-de-guadalupe-mais-acessivel-para-os-visitantes\/cultura\/12\/13\/#primaryimage"},"image":{"@id":"https:\/\/algarve7.pt\/index.php\/2023\/03\/ermida-de-na-sr-a-de-guadalupe-mais-acessivel-para-os-visitantes\/cultura\/12\/13\/#primaryimage"},"thumbnailUrl":"https:\/\/algarve7.pt\/wp-content\/uploads\/2023\/03\/Ermida-de-Guadalupe.jpg","datePublished":"2023-03-30T11:13:55+00:00","dateModified":"2023-03-30T11:13:57+00:00","description":"Ermida de N\u00aa Sr.\u00aa de Guadalupe mais acess\u00edvel para os visitantes Cultura","breadcrumb":{"@id":"https:\/\/algarve7.pt\/index.php\/2023\/03\/ermida-de-na-sr-a-de-guadalupe-mais-acessivel-para-os-visitantes\/cultura\/12\/13\/#breadcrumb"},"inLanguage":"pt-PT","potentialAction":[{"@type":"ReadAction","target":["https:\/\/algarve7.pt\/index.php\/2023\/03\/ermida-de-na-sr-a-de-guadalupe-mais-acessivel-para-os-visitantes\/cultura\/12\/13\/"]}]},{"@type":"ImageObject","inLanguage":"pt-PT","@id":"https:\/\/algarve7.pt\/index.php\/2023\/03\/ermida-de-na-sr-a-de-guadalupe-mais-acessivel-para-os-visitantes\/cultura\/12\/13\/#primaryimage","url":"https:\/\/algarve7.pt\/wp-content\/uploads\/2023\/03\/Ermida-de-Guadalupe.jpg","contentUrl":"https:\/\/algarve7.pt\/wp-content\/uploads\/2023\/03\/Ermida-de-Guadalupe.jpg","width":1024,"height":461},{"@type":"BreadcrumbList","@id":"https:\/\/algarve7.pt\/index.php\/2023\/03\/ermida-de-na-sr-a-de-guadalupe-mais-acessivel-para-os-visitantes\/cultura\/12\/13\/#breadcrumb","itemListElement":[{"@type":"ListItem","position":1,"name":"In\u00edcio","item":"https:\/\/algarve7.pt\/"},{"@type":"ListItem","position":2,"name":"Ermida de N\u00aa Sr.\u00aa de Guadalupe mais acess\u00edvel para os visitantes"}]},{"@type":"WebSite","@id":"https:\/\/algarve7.pt\/#website","url":"https:\/\/algarve7.pt\/","name":"Algarve 7","description":"Informa\u00e7\u00e3o sobre o Algarve","publisher":{"@id":"https:\/\/algarve7.pt\/#organization"},"potentialAction":[{"@type":"SearchAction","target":{"@type":"EntryPoint","urlTemplate":"https:\/\/algarve7.pt\/?s={search_term_string}"},"query-input":{"@type":"PropertyValueSpecification","valueRequired":true,"valueName":"search_term_string"}}],"inLanguage":"pt-PT"},{"@type":"Organization","@id":"https:\/\/algarve7.pt\/#organization","name":"Algarve 7","url":"https:\/\/algarve7.pt\/","logo":{"@type":"ImageObject","inLanguage":"pt-PT","@id":"https:\/\/algarve7.pt\/#\/schema\/logo\/image\/","url":"https:\/\/algarve7.pt\/wp-content\/uploads\/2020\/10\/Logo-8.jpg","contentUrl":"https:\/\/algarve7.pt\/wp-content\/uploads\/2020\/10\/Logo-8.jpg","width":1680,"height":1186,"caption":"Algarve 7"},"image":{"@id":"https:\/\/algarve7.pt\/#\/schema\/logo\/image\/"},"sameAs":["https:\/\/www.facebook.com\/algarve7","https:\/\/x.com\/Algarvesete","https:\/\/www.instagram.com\/jornalalgarve7\/","https:\/\/www.linkedin.com\/company\/algarve7","https:\/\/www.pinterest.pt\/geral0939\/_created\/"]},{"@type":"Person","@id":"https:\/\/algarve7.pt\/#\/schema\/person\/23fa70681308e7b319a3204bcea45e0c","name":"Algarve 7","sameAs":["https:\/\/algarve7.pt","https:\/\/www.facebook.com\/algarve7"],"url":"https:\/\/algarve7.pt\/index.php\/author\/geralalgarve7-pt\/"}]}},"jetpack_publicize_connections":[],"jetpack_featured_media_url":"https:\/\/algarve7.pt\/wp-content\/uploads\/2023\/03\/Ermida-de-Guadalupe.jpg","jetpack_shortlink":"https:\/\/wp.me\/pcezmW-6WW","jetpack_sharing_enabled":true,"_links":{"self":[{"href":"https:\/\/algarve7.pt\/index.php\/wp-json\/wp\/v2\/posts\/26718","targetHints":{"allow":["GET"]}}],"collection":[{"href":"https:\/\/algarve7.pt\/index.php\/wp-json\/wp\/v2\/posts"}],"about":[{"href":"https:\/\/algarve7.pt\/index.php\/wp-json\/wp\/v2\/types\/post"}],"author":[{"embeddable":true,"href":"https:\/\/algarve7.pt\/index.php\/wp-json\/wp\/v2\/users\/1"}],"replies":[{"embeddable":true,"href":"https:\/\/algarve7.pt\/index.php\/wp-json\/wp\/v2\/comments?post=26718"}],"version-history":[{"count":0,"href":"https:\/\/algarve7.pt\/index.php\/wp-json\/wp\/v2\/posts\/26718\/revisions"}],"wp:featuredmedia":[{"embeddable":true,"href":"https:\/\/algarve7.pt\/index.php\/wp-json\/wp\/v2\/media\/26719"}],"wp:attachment":[{"href":"https:\/\/algarve7.pt\/index.php\/wp-json\/wp\/v2\/media?parent=26718"}],"wp:term":[{"taxonomy":"category","embeddable":true,"href":"https:\/\/algarve7.pt\/index.php\/wp-json\/wp\/v2\/categories?post=26718"},{"taxonomy":"post_tag","embeddable":true,"href":"https:\/\/algarve7.pt\/index.php\/wp-json\/wp\/v2\/tags?post=26718"}],"curies":[{"name":"wp","href":"https:\/\/api.w.org\/{rel}","templated":true}]}}