{"id":26679,"date":"2023-03-29T13:05:00","date_gmt":"2023-03-29T12:05:00","guid":{"rendered":"https:\/\/algarve7.pt\/?p=26679"},"modified":"2023-03-28T18:01:44","modified_gmt":"2023-03-28T17:01:44","slug":"chua-promove-acao-de-sensibilizacao-e-rastreio-na-ilha-da-culatra","status":"publish","type":"post","link":"https:\/\/algarve7.pt\/index.php\/2023\/03\/chua-promove-acao-de-sensibilizacao-e-rastreio-na-ilha-da-culatra\/saude\/13\/05\/","title":{"rendered":"CHUA promove a\u00e7\u00e3o de sensibiliza\u00e7\u00e3o e rastreio na ilha da Culatra"},"content":{"rendered":"\n<p>Uma equipa de profissionais do Centro Hospitalar Universit\u00e1rio do Algarve (CHUA) rumou ontem, 28 de mar\u00e7o, \u00e0 Ilha da Culatra para promover junto das 19 crian\u00e7as da Escola B\u00e1sica o projeto \u00abFast Heroes\u00bb, \u201cum programa educacional premiado que tem como tema os super-her\u00f3is e como objetivo promover compet\u00eancias relacionais e a capacidade de ajudar o pr\u00f3ximo, de uma forma l\u00fadica e divertida\u201d, como explica a organiza\u00e7\u00e3o.<\/p>\n\n\n\n<p>Seguiu-se o rastreio aos fatores de risco de AVC, realizado no Pavilh\u00e3o Polidesportivo do Clube Uni\u00e3o Culatrense, onde foram realizados rastreios a 134 pessoas. \u201cEstamos de cora\u00e7\u00e3o cheio, uma vez que \u00e9 a primeira vez que recebemos uma iniciativa deste g\u00e9nero\u201d, referiu S\u00edlvia Padinha, da Associa\u00e7\u00e3o de Moradores da Culatra, que salientou a import\u00e2ncia desta primeira abordagem de proximidade \u00e0 popula\u00e7\u00e3o mais isolada, que aderiu em peso a este rastreio.<\/p>\n\n\n\n<p>De acordo com Ana Paula Fidalgo, coordenadora da Unidade de AVC do CHUA, \u201cesta iniciativa foi um ganho na sa\u00fade do Algarve e conseguimos sentir por parte da popula\u00e7\u00e3o um grande conforto com a equipa do CHUA na aproxima\u00e7\u00e3o a esta comunidade isolada\u201d.<\/p>\n\n\n\n<p>Como explica a organiza\u00e7\u00e3o, \u201cas iniciativas inserem-se nas a\u00e7\u00f5es de sensibiliza\u00e7\u00e3o promovidas pela Sociedade Portuguesa do AVC, no \u00e2mbito do Dia Nacional do AVC, que se assinala a 31 de mar\u00e7o, e est\u00e3o a ser dinamizadas por um grupo de profissionais m\u00e9dicos, psic\u00f3logos, assistentes sociais, enfermeiros, terapeutas, fisioterapeutas, dietistas, t\u00e9cnicos de cardiopneumologia e de neurofisiologia e assistentes t\u00e9cnicos do CHUA\u201d.<\/p>\n\n\n\n<p>Nesta a\u00e7\u00e3o esteve presente Manuel Lu\u00eds Neves, em representa\u00e7\u00e3o do Grupo de Ajuda M\u00fatua (GAM) de Faro, que agradeceu \u00e0 equipa multidisciplinar da Unidade de AVC, pelo excelente trabalho que t\u00eam efetuado em prol dos doentes com AVC no Algarve, referindo a import\u00e2ncia de continuar a apostar nestas iniciativas junto da popula\u00e7\u00e3o. Em representa\u00e7\u00e3o do Conselho de Administra\u00e7\u00e3o do CHUA esteve o vogal executivo Paulo Neves, que lan\u00e7ou o desafio inicial \u00e0 organiza\u00e7\u00e3o para a realiza\u00e7\u00e3o desta iniciativa na Ilha da Culatra.<\/p>\n\n\n\n<p>Esta iniciativa contou com os apoios do Gin\u00e1sio Clube Naval de Faro, da Associa\u00e7\u00e3o dos Moradores da Ilha da Culatra, da Portugal AVC, da Sociedade Portuguesa do AVC, do Projeto \u00abFast Heroes\u00bb, da Farm\u00e1cia da Penha e do Conselho de Administra\u00e7\u00e3o do CHUA, que possibilitou esta iniciativa de proximidade junto da popula\u00e7\u00e3o.<\/p>\n\n\n\n<p><strong>V\u00e1rios eventos durante a semana assinalam o Dia Nacional do AVC<\/strong><\/p>\n\n\n\n<p>As a\u00e7\u00f5es de sensibiliza\u00e7\u00e3o arrancaram ontem, 27 de mar\u00e7o pelas 10h00, em Castro Marim, com uma aula aberta sobre o tema \u00abComo \u201cfugir\u201d do AVC\u00bb, seguindo-se uma visita \u00e0s escolas aderentes do projeto \u00abFast Heroes\u00bb, onde foi abordado o tema \u00abComer melhor para melhor crescer\u00bb.<\/p>\n\n\n\n<p>A a\u00e7\u00e3o segue no dia 30 de mar\u00e7o para Alcoutim onde decorre, a partir das 09h30 no Sal\u00e3o Nobre dos Pa\u00e7os do Concelho, uma palestra tem\u00e1tica que conta com as interven\u00e7\u00f5es do Presidente ARS Algarve, do Presidente C\u00e2mara Municipal de Alcoutim, da Presidente do CA do CHUA, da Diretora do Agrupamento das Escolas de Alcoutim e da Coordenadora Unidade de AVC do CHUA.<\/p>\n\n\n\n<p>Para as 10H00 est\u00e1 marcada a aula aberta sobre o tema \u00abComo \u201cfugir\u201d do AVC\u00bb. \u00c0s 11H30 a comitiva visita a escola local.<\/p>\n\n\n\n<p>A programa\u00e7\u00e3o prossegue no dia 31 de mar\u00e7o em Faro, Olh\u00e3o e Portim\u00e3o com o \u00abFast Heroes\u00bb que passa pelas escolas. Ainda nesse dia, e numa iniciativa direcionada para profissionais de sa\u00fade, decorre no refeit\u00f3rio do CHUA, em Faro, a a\u00e7\u00e3o \u00abComer com sa\u00fade \u00e9 comer com sabor\u201d.<\/p>\n","protected":false},"excerpt":{"rendered":"<p>Uma equipa de profissionais do Centro Hospitalar Universit\u00e1rio do Algarve (CHUA) rumou ontem, 28 de mar\u00e7o, \u00e0 Ilha da Culatra<\/p>\n","protected":false},"author":1,"featured_media":26680,"comment_status":"closed","ping_status":"open","sticky":false,"template":"","format":"standard","meta":{"colormag_page_container_layout":"default_layout","colormag_page_sidebar_layout":"default_layout","_monsterinsights_skip_tracking":false,"_monsterinsights_sitenote_active":false,"_monsterinsights_sitenote_note":"","_monsterinsights_sitenote_category":0,"jetpack_post_was_ever_published":false,"_jetpack_newsletter_access":"","_jetpack_dont_email_post_to_subs":false,"_jetpack_newsletter_tier_id":0,"_jetpack_memberships_contains_paywalled_content":false,"_jetpack_memberships_contains_paid_content":false,"footnotes":"","jetpack_publicize_message":"","jetpack_publicize_feature_enabled":true,"jetpack_social_post_already_shared":true,"jetpack_social_options":{"image_generator_settings":{"template":"highway","default_image_id":0,"font":"","enabled":false},"version":2}},"categories":[59],"tags":[36,181,211,58],"class_list":["post-26679","post","type-post","status-publish","format-standard","has-post-thumbnail","hentry","category-saude","tag-algarve","tag-chua","tag-ilha-da-culatra","tag-saude"],"yoast_head":"<!-- This site is optimized with the Yoast SEO plugin v27.5 - https:\/\/yoast.com\/product\/yoast-seo-wordpress\/ -->\n<title>CHUA promove a\u00e7\u00e3o de sensibiliza\u00e7\u00e3o e rastreio na ilha da Culatra - Algarve 7<\/title>\n<meta name=\"description\" content=\"CHUA promove a\u00e7\u00e3o de sensibiliza\u00e7\u00e3o e rastreio na ilha da Culatra Sa\u00fade\" \/>\n<meta name=\"robots\" content=\"index, follow, max-snippet:-1, max-image-preview:large, max-video-preview:-1\" \/>\n<link rel=\"canonical\" href=\"https:\/\/algarve7.pt\/index.php\/2023\/03\/chua-promove-acao-de-sensibilizacao-e-rastreio-na-ilha-da-culatra\/saude\/13\/05\/\" \/>\n<meta property=\"og:locale\" content=\"pt_PT\" \/>\n<meta property=\"og:type\" content=\"article\" \/>\n<meta property=\"og:title\" content=\"CHUA promove a\u00e7\u00e3o de sensibiliza\u00e7\u00e3o e rastreio na ilha da Culatra - Algarve 7\" \/>\n<meta property=\"og:description\" content=\"CHUA promove a\u00e7\u00e3o de sensibiliza\u00e7\u00e3o e rastreio na ilha da Culatra Sa\u00fade\" \/>\n<meta property=\"og:url\" content=\"https:\/\/algarve7.pt\/index.php\/2023\/03\/chua-promove-acao-de-sensibilizacao-e-rastreio-na-ilha-da-culatra\/saude\/13\/05\/\" \/>\n<meta property=\"og:site_name\" content=\"Algarve 7\" \/>\n<meta property=\"article:publisher\" content=\"https:\/\/www.facebook.com\/algarve7\" \/>\n<meta property=\"article:author\" content=\"https:\/\/www.facebook.com\/algarve7\" \/>\n<meta property=\"article:published_time\" content=\"2023-03-29T12:05:00+00:00\" \/>\n<meta property=\"og:image\" content=\"https:\/\/algarve7.pt\/wp-content\/uploads\/2023\/03\/AVC-Culatra-59.jpg\" \/>\n\t<meta property=\"og:image:width\" content=\"1024\" \/>\n\t<meta property=\"og:image:height\" content=\"683\" \/>\n\t<meta property=\"og:image:type\" content=\"image\/jpeg\" \/>\n<meta name=\"author\" content=\"Algarve 7\" \/>\n<meta name=\"twitter:card\" content=\"summary_large_image\" \/>\n<meta name=\"twitter:creator\" content=\"@Algarvesete\" \/>\n<meta name=\"twitter:site\" content=\"@Algarvesete\" \/>\n<meta name=\"twitter:label1\" content=\"Escrito por\" \/>\n\t<meta name=\"twitter:data1\" content=\"Algarve 7\" \/>\n\t<meta name=\"twitter:label2\" content=\"Tempo estimado de leitura\" \/>\n\t<meta name=\"twitter:data2\" content=\"4 minutos\" \/>\n<script type=\"application\/ld+json\" class=\"yoast-schema-graph\">{\"@context\":\"https:\\\/\\\/schema.org\",\"@graph\":[{\"@type\":\"Article\",\"@id\":\"https:\\\/\\\/algarve7.pt\\\/index.php\\\/2023\\\/03\\\/chua-promove-acao-de-sensibilizacao-e-rastreio-na-ilha-da-culatra\\\/saude\\\/13\\\/05\\\/#article\",\"isPartOf\":{\"@id\":\"https:\\\/\\\/algarve7.pt\\\/index.php\\\/2023\\\/03\\\/chua-promove-acao-de-sensibilizacao-e-rastreio-na-ilha-da-culatra\\\/saude\\\/13\\\/05\\\/\"},\"author\":{\"name\":\"Algarve 7\",\"@id\":\"https:\\\/\\\/algarve7.pt\\\/#\\\/schema\\\/person\\\/23fa70681308e7b319a3204bcea45e0c\"},\"headline\":\"CHUA promove a\u00e7\u00e3o de sensibiliza\u00e7\u00e3o e rastreio na ilha da Culatra\",\"datePublished\":\"2023-03-29T12:05:00+00:00\",\"mainEntityOfPage\":{\"@id\":\"https:\\\/\\\/algarve7.pt\\\/index.php\\\/2023\\\/03\\\/chua-promove-acao-de-sensibilizacao-e-rastreio-na-ilha-da-culatra\\\/saude\\\/13\\\/05\\\/\"},\"wordCount\":628,\"publisher\":{\"@id\":\"https:\\\/\\\/algarve7.pt\\\/#organization\"},\"image\":{\"@id\":\"https:\\\/\\\/algarve7.pt\\\/index.php\\\/2023\\\/03\\\/chua-promove-acao-de-sensibilizacao-e-rastreio-na-ilha-da-culatra\\\/saude\\\/13\\\/05\\\/#primaryimage\"},\"thumbnailUrl\":\"https:\\\/\\\/algarve7.pt\\\/wp-content\\\/uploads\\\/2023\\\/03\\\/AVC-Culatra-59.jpg\",\"keywords\":[\"Algarve\",\"CHUA\",\"Ilha da Culatra\",\"Sa\u00fade\"],\"articleSection\":[\"Sa\u00fade\"],\"inLanguage\":\"pt-PT\"},{\"@type\":\"WebPage\",\"@id\":\"https:\\\/\\\/algarve7.pt\\\/index.php\\\/2023\\\/03\\\/chua-promove-acao-de-sensibilizacao-e-rastreio-na-ilha-da-culatra\\\/saude\\\/13\\\/05\\\/\",\"url\":\"https:\\\/\\\/algarve7.pt\\\/index.php\\\/2023\\\/03\\\/chua-promove-acao-de-sensibilizacao-e-rastreio-na-ilha-da-culatra\\\/saude\\\/13\\\/05\\\/\",\"name\":\"CHUA promove a\u00e7\u00e3o de sensibiliza\u00e7\u00e3o e rastreio na ilha da Culatra - Algarve 7\",\"isPartOf\":{\"@id\":\"https:\\\/\\\/algarve7.pt\\\/#website\"},\"primaryImageOfPage\":{\"@id\":\"https:\\\/\\\/algarve7.pt\\\/index.php\\\/2023\\\/03\\\/chua-promove-acao-de-sensibilizacao-e-rastreio-na-ilha-da-culatra\\\/saude\\\/13\\\/05\\\/#primaryimage\"},\"image\":{\"@id\":\"https:\\\/\\\/algarve7.pt\\\/index.php\\\/2023\\\/03\\\/chua-promove-acao-de-sensibilizacao-e-rastreio-na-ilha-da-culatra\\\/saude\\\/13\\\/05\\\/#primaryimage\"},\"thumbnailUrl\":\"https:\\\/\\\/algarve7.pt\\\/wp-content\\\/uploads\\\/2023\\\/03\\\/AVC-Culatra-59.jpg\",\"datePublished\":\"2023-03-29T12:05:00+00:00\",\"description\":\"CHUA promove a\u00e7\u00e3o de sensibiliza\u00e7\u00e3o e rastreio na ilha da Culatra Sa\u00fade\",\"breadcrumb\":{\"@id\":\"https:\\\/\\\/algarve7.pt\\\/index.php\\\/2023\\\/03\\\/chua-promove-acao-de-sensibilizacao-e-rastreio-na-ilha-da-culatra\\\/saude\\\/13\\\/05\\\/#breadcrumb\"},\"inLanguage\":\"pt-PT\",\"potentialAction\":[{\"@type\":\"ReadAction\",\"target\":[\"https:\\\/\\\/algarve7.pt\\\/index.php\\\/2023\\\/03\\\/chua-promove-acao-de-sensibilizacao-e-rastreio-na-ilha-da-culatra\\\/saude\\\/13\\\/05\\\/\"]}]},{\"@type\":\"ImageObject\",\"inLanguage\":\"pt-PT\",\"@id\":\"https:\\\/\\\/algarve7.pt\\\/index.php\\\/2023\\\/03\\\/chua-promove-acao-de-sensibilizacao-e-rastreio-na-ilha-da-culatra\\\/saude\\\/13\\\/05\\\/#primaryimage\",\"url\":\"https:\\\/\\\/algarve7.pt\\\/wp-content\\\/uploads\\\/2023\\\/03\\\/AVC-Culatra-59.jpg\",\"contentUrl\":\"https:\\\/\\\/algarve7.pt\\\/wp-content\\\/uploads\\\/2023\\\/03\\\/AVC-Culatra-59.jpg\",\"width\":1024,\"height\":683},{\"@type\":\"BreadcrumbList\",\"@id\":\"https:\\\/\\\/algarve7.pt\\\/index.php\\\/2023\\\/03\\\/chua-promove-acao-de-sensibilizacao-e-rastreio-na-ilha-da-culatra\\\/saude\\\/13\\\/05\\\/#breadcrumb\",\"itemListElement\":[{\"@type\":\"ListItem\",\"position\":1,\"name\":\"In\u00edcio\",\"item\":\"https:\\\/\\\/algarve7.pt\\\/\"},{\"@type\":\"ListItem\",\"position\":2,\"name\":\"CHUA promove a\u00e7\u00e3o de sensibiliza\u00e7\u00e3o e rastreio na ilha da Culatra\"}]},{\"@type\":\"WebSite\",\"@id\":\"https:\\\/\\\/algarve7.pt\\\/#website\",\"url\":\"https:\\\/\\\/algarve7.pt\\\/\",\"name\":\"Algarve 7\",\"description\":\"Informa\u00e7\u00e3o sobre o Algarve\",\"publisher\":{\"@id\":\"https:\\\/\\\/algarve7.pt\\\/#organization\"},\"potentialAction\":[{\"@type\":\"SearchAction\",\"target\":{\"@type\":\"EntryPoint\",\"urlTemplate\":\"https:\\\/\\\/algarve7.pt\\\/?s={search_term_string}\"},\"query-input\":{\"@type\":\"PropertyValueSpecification\",\"valueRequired\":true,\"valueName\":\"search_term_string\"}}],\"inLanguage\":\"pt-PT\"},{\"@type\":\"Organization\",\"@id\":\"https:\\\/\\\/algarve7.pt\\\/#organization\",\"name\":\"Algarve 7\",\"url\":\"https:\\\/\\\/algarve7.pt\\\/\",\"logo\":{\"@type\":\"ImageObject\",\"inLanguage\":\"pt-PT\",\"@id\":\"https:\\\/\\\/algarve7.pt\\\/#\\\/schema\\\/logo\\\/image\\\/\",\"url\":\"https:\\\/\\\/algarve7.pt\\\/wp-content\\\/uploads\\\/2020\\\/10\\\/Logo-8.jpg\",\"contentUrl\":\"https:\\\/\\\/algarve7.pt\\\/wp-content\\\/uploads\\\/2020\\\/10\\\/Logo-8.jpg\",\"width\":1680,\"height\":1186,\"caption\":\"Algarve 7\"},\"image\":{\"@id\":\"https:\\\/\\\/algarve7.pt\\\/#\\\/schema\\\/logo\\\/image\\\/\"},\"sameAs\":[\"https:\\\/\\\/www.facebook.com\\\/algarve7\",\"https:\\\/\\\/x.com\\\/Algarvesete\",\"https:\\\/\\\/www.instagram.com\\\/jornalalgarve7\\\/\",\"https:\\\/\\\/www.linkedin.com\\\/company\\\/algarve7\",\"https:\\\/\\\/www.pinterest.pt\\\/geral0939\\\/_created\\\/\"]},{\"@type\":\"Person\",\"@id\":\"https:\\\/\\\/algarve7.pt\\\/#\\\/schema\\\/person\\\/23fa70681308e7b319a3204bcea45e0c\",\"name\":\"Algarve 7\",\"sameAs\":[\"https:\\\/\\\/algarve7.pt\",\"https:\\\/\\\/www.facebook.com\\\/algarve7\"],\"url\":\"https:\\\/\\\/algarve7.pt\\\/index.php\\\/author\\\/geralalgarve7-pt\\\/\"}]}<\/script>\n<!-- \/ Yoast SEO plugin. -->","yoast_head_json":{"title":"CHUA promove a\u00e7\u00e3o de sensibiliza\u00e7\u00e3o e rastreio na ilha da Culatra - Algarve 7","description":"CHUA promove a\u00e7\u00e3o de sensibiliza\u00e7\u00e3o e rastreio na ilha da Culatra Sa\u00fade","robots":{"index":"index","follow":"follow","max-snippet":"max-snippet:-1","max-image-preview":"max-image-preview:large","max-video-preview":"max-video-preview:-1"},"canonical":"https:\/\/algarve7.pt\/index.php\/2023\/03\/chua-promove-acao-de-sensibilizacao-e-rastreio-na-ilha-da-culatra\/saude\/13\/05\/","og_locale":"pt_PT","og_type":"article","og_title":"CHUA promove a\u00e7\u00e3o de sensibiliza\u00e7\u00e3o e rastreio na ilha da Culatra - Algarve 7","og_description":"CHUA promove a\u00e7\u00e3o de sensibiliza\u00e7\u00e3o e rastreio na ilha da Culatra Sa\u00fade","og_url":"https:\/\/algarve7.pt\/index.php\/2023\/03\/chua-promove-acao-de-sensibilizacao-e-rastreio-na-ilha-da-culatra\/saude\/13\/05\/","og_site_name":"Algarve 7","article_publisher":"https:\/\/www.facebook.com\/algarve7","article_author":"https:\/\/www.facebook.com\/algarve7","article_published_time":"2023-03-29T12:05:00+00:00","og_image":[{"width":1024,"height":683,"url":"https:\/\/algarve7.pt\/wp-content\/uploads\/2023\/03\/AVC-Culatra-59.jpg","type":"image\/jpeg"}],"author":"Algarve 7","twitter_card":"summary_large_image","twitter_creator":"@Algarvesete","twitter_site":"@Algarvesete","twitter_misc":{"Escrito por":"Algarve 7","Tempo estimado de leitura":"4 minutos"},"schema":{"@context":"https:\/\/schema.org","@graph":[{"@type":"Article","@id":"https:\/\/algarve7.pt\/index.php\/2023\/03\/chua-promove-acao-de-sensibilizacao-e-rastreio-na-ilha-da-culatra\/saude\/13\/05\/#article","isPartOf":{"@id":"https:\/\/algarve7.pt\/index.php\/2023\/03\/chua-promove-acao-de-sensibilizacao-e-rastreio-na-ilha-da-culatra\/saude\/13\/05\/"},"author":{"name":"Algarve 7","@id":"https:\/\/algarve7.pt\/#\/schema\/person\/23fa70681308e7b319a3204bcea45e0c"},"headline":"CHUA promove a\u00e7\u00e3o de sensibiliza\u00e7\u00e3o e rastreio na ilha da Culatra","datePublished":"2023-03-29T12:05:00+00:00","mainEntityOfPage":{"@id":"https:\/\/algarve7.pt\/index.php\/2023\/03\/chua-promove-acao-de-sensibilizacao-e-rastreio-na-ilha-da-culatra\/saude\/13\/05\/"},"wordCount":628,"publisher":{"@id":"https:\/\/algarve7.pt\/#organization"},"image":{"@id":"https:\/\/algarve7.pt\/index.php\/2023\/03\/chua-promove-acao-de-sensibilizacao-e-rastreio-na-ilha-da-culatra\/saude\/13\/05\/#primaryimage"},"thumbnailUrl":"https:\/\/algarve7.pt\/wp-content\/uploads\/2023\/03\/AVC-Culatra-59.jpg","keywords":["Algarve","CHUA","Ilha da Culatra","Sa\u00fade"],"articleSection":["Sa\u00fade"],"inLanguage":"pt-PT"},{"@type":"WebPage","@id":"https:\/\/algarve7.pt\/index.php\/2023\/03\/chua-promove-acao-de-sensibilizacao-e-rastreio-na-ilha-da-culatra\/saude\/13\/05\/","url":"https:\/\/algarve7.pt\/index.php\/2023\/03\/chua-promove-acao-de-sensibilizacao-e-rastreio-na-ilha-da-culatra\/saude\/13\/05\/","name":"CHUA promove a\u00e7\u00e3o de sensibiliza\u00e7\u00e3o e rastreio na ilha da Culatra - Algarve 7","isPartOf":{"@id":"https:\/\/algarve7.pt\/#website"},"primaryImageOfPage":{"@id":"https:\/\/algarve7.pt\/index.php\/2023\/03\/chua-promove-acao-de-sensibilizacao-e-rastreio-na-ilha-da-culatra\/saude\/13\/05\/#primaryimage"},"image":{"@id":"https:\/\/algarve7.pt\/index.php\/2023\/03\/chua-promove-acao-de-sensibilizacao-e-rastreio-na-ilha-da-culatra\/saude\/13\/05\/#primaryimage"},"thumbnailUrl":"https:\/\/algarve7.pt\/wp-content\/uploads\/2023\/03\/AVC-Culatra-59.jpg","datePublished":"2023-03-29T12:05:00+00:00","description":"CHUA promove a\u00e7\u00e3o de sensibiliza\u00e7\u00e3o e rastreio na ilha da Culatra Sa\u00fade","breadcrumb":{"@id":"https:\/\/algarve7.pt\/index.php\/2023\/03\/chua-promove-acao-de-sensibilizacao-e-rastreio-na-ilha-da-culatra\/saude\/13\/05\/#breadcrumb"},"inLanguage":"pt-PT","potentialAction":[{"@type":"ReadAction","target":["https:\/\/algarve7.pt\/index.php\/2023\/03\/chua-promove-acao-de-sensibilizacao-e-rastreio-na-ilha-da-culatra\/saude\/13\/05\/"]}]},{"@type":"ImageObject","inLanguage":"pt-PT","@id":"https:\/\/algarve7.pt\/index.php\/2023\/03\/chua-promove-acao-de-sensibilizacao-e-rastreio-na-ilha-da-culatra\/saude\/13\/05\/#primaryimage","url":"https:\/\/algarve7.pt\/wp-content\/uploads\/2023\/03\/AVC-Culatra-59.jpg","contentUrl":"https:\/\/algarve7.pt\/wp-content\/uploads\/2023\/03\/AVC-Culatra-59.jpg","width":1024,"height":683},{"@type":"BreadcrumbList","@id":"https:\/\/algarve7.pt\/index.php\/2023\/03\/chua-promove-acao-de-sensibilizacao-e-rastreio-na-ilha-da-culatra\/saude\/13\/05\/#breadcrumb","itemListElement":[{"@type":"ListItem","position":1,"name":"In\u00edcio","item":"https:\/\/algarve7.pt\/"},{"@type":"ListItem","position":2,"name":"CHUA promove a\u00e7\u00e3o de sensibiliza\u00e7\u00e3o e rastreio na ilha da Culatra"}]},{"@type":"WebSite","@id":"https:\/\/algarve7.pt\/#website","url":"https:\/\/algarve7.pt\/","name":"Algarve 7","description":"Informa\u00e7\u00e3o sobre o Algarve","publisher":{"@id":"https:\/\/algarve7.pt\/#organization"},"potentialAction":[{"@type":"SearchAction","target":{"@type":"EntryPoint","urlTemplate":"https:\/\/algarve7.pt\/?s={search_term_string}"},"query-input":{"@type":"PropertyValueSpecification","valueRequired":true,"valueName":"search_term_string"}}],"inLanguage":"pt-PT"},{"@type":"Organization","@id":"https:\/\/algarve7.pt\/#organization","name":"Algarve 7","url":"https:\/\/algarve7.pt\/","logo":{"@type":"ImageObject","inLanguage":"pt-PT","@id":"https:\/\/algarve7.pt\/#\/schema\/logo\/image\/","url":"https:\/\/algarve7.pt\/wp-content\/uploads\/2020\/10\/Logo-8.jpg","contentUrl":"https:\/\/algarve7.pt\/wp-content\/uploads\/2020\/10\/Logo-8.jpg","width":1680,"height":1186,"caption":"Algarve 7"},"image":{"@id":"https:\/\/algarve7.pt\/#\/schema\/logo\/image\/"},"sameAs":["https:\/\/www.facebook.com\/algarve7","https:\/\/x.com\/Algarvesete","https:\/\/www.instagram.com\/jornalalgarve7\/","https:\/\/www.linkedin.com\/company\/algarve7","https:\/\/www.pinterest.pt\/geral0939\/_created\/"]},{"@type":"Person","@id":"https:\/\/algarve7.pt\/#\/schema\/person\/23fa70681308e7b319a3204bcea45e0c","name":"Algarve 7","sameAs":["https:\/\/algarve7.pt","https:\/\/www.facebook.com\/algarve7"],"url":"https:\/\/algarve7.pt\/index.php\/author\/geralalgarve7-pt\/"}]}},"jetpack_publicize_connections":[],"jetpack_featured_media_url":"https:\/\/algarve7.pt\/wp-content\/uploads\/2023\/03\/AVC-Culatra-59.jpg","jetpack_shortlink":"https:\/\/wp.me\/pcezmW-6Wj","jetpack_sharing_enabled":true,"_links":{"self":[{"href":"https:\/\/algarve7.pt\/index.php\/wp-json\/wp\/v2\/posts\/26679","targetHints":{"allow":["GET"]}}],"collection":[{"href":"https:\/\/algarve7.pt\/index.php\/wp-json\/wp\/v2\/posts"}],"about":[{"href":"https:\/\/algarve7.pt\/index.php\/wp-json\/wp\/v2\/types\/post"}],"author":[{"embeddable":true,"href":"https:\/\/algarve7.pt\/index.php\/wp-json\/wp\/v2\/users\/1"}],"replies":[{"embeddable":true,"href":"https:\/\/algarve7.pt\/index.php\/wp-json\/wp\/v2\/comments?post=26679"}],"version-history":[{"count":0,"href":"https:\/\/algarve7.pt\/index.php\/wp-json\/wp\/v2\/posts\/26679\/revisions"}],"wp:featuredmedia":[{"embeddable":true,"href":"https:\/\/algarve7.pt\/index.php\/wp-json\/wp\/v2\/media\/26680"}],"wp:attachment":[{"href":"https:\/\/algarve7.pt\/index.php\/wp-json\/wp\/v2\/media?parent=26679"}],"wp:term":[{"taxonomy":"category","embeddable":true,"href":"https:\/\/algarve7.pt\/index.php\/wp-json\/wp\/v2\/categories?post=26679"},{"taxonomy":"post_tag","embeddable":true,"href":"https:\/\/algarve7.pt\/index.php\/wp-json\/wp\/v2\/tags?post=26679"}],"curies":[{"name":"wp","href":"https:\/\/api.w.org\/{rel}","templated":true}]}}