{"id":26676,"date":"2023-03-29T12:15:00","date_gmt":"2023-03-29T11:15:00","guid":{"rendered":"https:\/\/algarve7.pt\/?p=26676"},"modified":"2023-03-28T16:45:56","modified_gmt":"2023-03-28T15:45:56","slug":"secretario-de-estado-da-juventude-e-desporto-conheceu-dinamica-desportiva-sao-brasense","status":"publish","type":"post","link":"https:\/\/algarve7.pt\/index.php\/2023\/03\/secretario-de-estado-da-juventude-e-desporto-conheceu-dinamica-desportiva-sao-brasense\/desporto\/12\/15\/","title":{"rendered":"Secret\u00e1rio de Estado da Juventude e Desporto conheceu din\u00e2mica desportiva s\u00e3o-brasense"},"content":{"rendered":"\n<p>O Munic\u00edpio de S\u00e3o Br\u00e1s de Alportel recebeu na passada segunda-feira, 27 de mar\u00e7o, a visita do Secret\u00e1rio de Estado da Juventude e do Desporto, Jo\u00e3o Paulo Correia.<\/p>\n\n\n\n<p>Ap\u00f3s uma breve reuni\u00e3o, no edif\u00edcio dos Pa\u00e7os do Concelho, com o executivo municipal, dirigentes desportivos do munic\u00edpio e o Diretor Regional do Desporto, o Secret\u00e1rio de Estado visitou algumas&nbsp; infraestruturas desportivas do concelho e teve oportunidade de conhecer algumas das obras de reabilita\u00e7\u00e3o j\u00e1 concretizadas, bem como projetos em curso ou em prepara\u00e7\u00e3o, nomeadamente na \u00e1rea da efici\u00eancia energ\u00e9tica.<\/p>\n\n\n\n<p>O campo municipal Afre Louren\u00e7o em relvado sint\u00e9tico, inaugurado em junho de 2022; o Complexo de T\u00e9nis e Padel, que foi alvo de reabilita\u00e7\u00e3o e que se prepara para ser alvo de uma beneficia\u00e7\u00e3o com a cria\u00e7\u00e3o de uma cobertura para um dos campos: bem como o campo de basquetebol, cuja obra est\u00e1 em curso, concretizando mais uma melhoria no Parque de Desporto e tornando realidade a proposta vencedora do Or\u00e7amento Participativo foram alguns dos espa\u00e7os desportivos visitados por Jo\u00e3o Paulo Correia na sua desloca\u00e7\u00e3o&nbsp; S\u00e3o Br\u00e1s de Alportel, no \u00e2mbito da sua rota no Algarve.<\/p>\n\n\n\n<p>Espa\u00e7os que nascem do interesse crescente dos s\u00e3o-brasenses pela pr\u00e1tica desportiva, independentemente das faixas et\u00e1rias e das dificuldades motoras e que t\u00eam colocado novos e bons desafios ao Munic\u00edpio que tem vindo a adaptar os equipamentos desportivos para a pr\u00e1tica do desporto adaptado.<\/p>\n\n\n\n<p>Um interesse que \u00e9 comprovado pelo n\u00famero de praticantes nas mais variadas modalidades dispon\u00edveis no concelho atrav\u00e9s das associa\u00e7\u00f5es locais, de projetos empresariais dedicados \u00e0 promo\u00e7\u00e3o da pr\u00e1tica desportiva e ainda de projetos de promo\u00e7\u00e3o da vida ativa s\u00e9nior que s\u00e3o promovidos em parceria entre o Munic\u00edpio e a Junta de Freguesia de S\u00e3o Br\u00e1s de Alportel.<\/p>\n","protected":false},"excerpt":{"rendered":"<p>O Munic\u00edpio de S\u00e3o Br\u00e1s de Alportel recebeu na passada segunda-feira, 27 de mar\u00e7o, a visita do Secret\u00e1rio de Estado<\/p>\n","protected":false},"author":1,"featured_media":26677,"comment_status":"closed","ping_status":"open","sticky":false,"template":"","format":"standard","meta":{"colormag_page_container_layout":"default_layout","colormag_page_sidebar_layout":"default_layout","_monsterinsights_skip_tracking":false,"_monsterinsights_sitenote_active":false,"_monsterinsights_sitenote_note":"","_monsterinsights_sitenote_category":0,"jetpack_post_was_ever_published":false,"_jetpack_newsletter_access":"","_jetpack_dont_email_post_to_subs":false,"_jetpack_newsletter_tier_id":0,"_jetpack_memberships_contains_paywalled_content":false,"_jetpack_memberships_contains_paid_content":false,"footnotes":"","jetpack_publicize_message":"","jetpack_publicize_feature_enabled":true,"jetpack_social_post_already_shared":true,"jetpack_social_options":{"image_generator_settings":{"template":"highway","default_image_id":0,"font":"","enabled":false},"version":2}},"categories":[15],"tags":[36,40,63],"class_list":["post-26676","post","type-post","status-publish","format-standard","has-post-thumbnail","hentry","category-desporto","tag-algarve","tag-desporto","tag-sao-bras-de-alportel"],"yoast_head":"<!-- This site is optimized with the Yoast SEO plugin v27.5 - https:\/\/yoast.com\/product\/yoast-seo-wordpress\/ -->\n<title>Secret\u00e1rio de Estado da Juventude e Desporto conheceu din\u00e2mica desportiva s\u00e3o-brasense - Algarve 7<\/title>\n<meta name=\"description\" content=\"Secret\u00e1rio de Estado da Juventude e Desporto conheceu din\u00e2mica desportiva s\u00e3o-brasense Desporto\" \/>\n<meta name=\"robots\" content=\"index, follow, max-snippet:-1, max-image-preview:large, max-video-preview:-1\" \/>\n<link rel=\"canonical\" href=\"https:\/\/algarve7.pt\/index.php\/2023\/03\/secretario-de-estado-da-juventude-e-desporto-conheceu-dinamica-desportiva-sao-brasense\/desporto\/12\/15\/\" \/>\n<meta property=\"og:locale\" content=\"pt_PT\" \/>\n<meta property=\"og:type\" content=\"article\" \/>\n<meta property=\"og:title\" content=\"Secret\u00e1rio de Estado da Juventude e Desporto conheceu din\u00e2mica desportiva s\u00e3o-brasense - Algarve 7\" \/>\n<meta property=\"og:description\" content=\"Secret\u00e1rio de Estado da Juventude e Desporto conheceu din\u00e2mica desportiva s\u00e3o-brasense Desporto\" \/>\n<meta property=\"og:url\" content=\"https:\/\/algarve7.pt\/index.php\/2023\/03\/secretario-de-estado-da-juventude-e-desporto-conheceu-dinamica-desportiva-sao-brasense\/desporto\/12\/15\/\" \/>\n<meta property=\"og:site_name\" content=\"Algarve 7\" \/>\n<meta property=\"article:publisher\" content=\"https:\/\/www.facebook.com\/algarve7\" \/>\n<meta property=\"article:author\" content=\"https:\/\/www.facebook.com\/algarve7\" \/>\n<meta property=\"article:published_time\" content=\"2023-03-29T11:15:00+00:00\" \/>\n<meta property=\"og:image\" content=\"https:\/\/algarve7.pt\/wp-content\/uploads\/2023\/03\/visita_sec_estado_desporto_27_marco_2023-190_-Large.jpg\" \/>\n\t<meta property=\"og:image:width\" content=\"1024\" \/>\n\t<meta property=\"og:image:height\" content=\"683\" \/>\n\t<meta property=\"og:image:type\" content=\"image\/jpeg\" \/>\n<meta name=\"author\" content=\"Algarve 7\" \/>\n<meta name=\"twitter:card\" content=\"summary_large_image\" \/>\n<meta name=\"twitter:creator\" content=\"@Algarvesete\" \/>\n<meta name=\"twitter:site\" content=\"@Algarvesete\" \/>\n<meta name=\"twitter:label1\" content=\"Escrito por\" \/>\n\t<meta name=\"twitter:data1\" content=\"Algarve 7\" \/>\n\t<meta name=\"twitter:label2\" content=\"Tempo estimado de leitura\" \/>\n\t<meta name=\"twitter:data2\" content=\"2 minutos\" \/>\n<script type=\"application\/ld+json\" class=\"yoast-schema-graph\">{\"@context\":\"https:\\\/\\\/schema.org\",\"@graph\":[{\"@type\":\"Article\",\"@id\":\"https:\\\/\\\/algarve7.pt\\\/index.php\\\/2023\\\/03\\\/secretario-de-estado-da-juventude-e-desporto-conheceu-dinamica-desportiva-sao-brasense\\\/desporto\\\/12\\\/15\\\/#article\",\"isPartOf\":{\"@id\":\"https:\\\/\\\/algarve7.pt\\\/index.php\\\/2023\\\/03\\\/secretario-de-estado-da-juventude-e-desporto-conheceu-dinamica-desportiva-sao-brasense\\\/desporto\\\/12\\\/15\\\/\"},\"author\":{\"name\":\"Algarve 7\",\"@id\":\"https:\\\/\\\/algarve7.pt\\\/#\\\/schema\\\/person\\\/23fa70681308e7b319a3204bcea45e0c\"},\"headline\":\"Secret\u00e1rio de Estado da Juventude e Desporto conheceu din\u00e2mica desportiva s\u00e3o-brasense\",\"datePublished\":\"2023-03-29T11:15:00+00:00\",\"mainEntityOfPage\":{\"@id\":\"https:\\\/\\\/algarve7.pt\\\/index.php\\\/2023\\\/03\\\/secretario-de-estado-da-juventude-e-desporto-conheceu-dinamica-desportiva-sao-brasense\\\/desporto\\\/12\\\/15\\\/\"},\"wordCount\":343,\"publisher\":{\"@id\":\"https:\\\/\\\/algarve7.pt\\\/#organization\"},\"image\":{\"@id\":\"https:\\\/\\\/algarve7.pt\\\/index.php\\\/2023\\\/03\\\/secretario-de-estado-da-juventude-e-desporto-conheceu-dinamica-desportiva-sao-brasense\\\/desporto\\\/12\\\/15\\\/#primaryimage\"},\"thumbnailUrl\":\"https:\\\/\\\/algarve7.pt\\\/wp-content\\\/uploads\\\/2023\\\/03\\\/visita_sec_estado_desporto_27_marco_2023-190_-Large.jpg\",\"keywords\":[\"Algarve\",\"Desporto\",\"S\u00e3o Br\u00e1s de Alportel\"],\"articleSection\":[\"Desporto\"],\"inLanguage\":\"pt-PT\"},{\"@type\":\"WebPage\",\"@id\":\"https:\\\/\\\/algarve7.pt\\\/index.php\\\/2023\\\/03\\\/secretario-de-estado-da-juventude-e-desporto-conheceu-dinamica-desportiva-sao-brasense\\\/desporto\\\/12\\\/15\\\/\",\"url\":\"https:\\\/\\\/algarve7.pt\\\/index.php\\\/2023\\\/03\\\/secretario-de-estado-da-juventude-e-desporto-conheceu-dinamica-desportiva-sao-brasense\\\/desporto\\\/12\\\/15\\\/\",\"name\":\"Secret\u00e1rio de Estado da Juventude e Desporto conheceu din\u00e2mica desportiva s\u00e3o-brasense - Algarve 7\",\"isPartOf\":{\"@id\":\"https:\\\/\\\/algarve7.pt\\\/#website\"},\"primaryImageOfPage\":{\"@id\":\"https:\\\/\\\/algarve7.pt\\\/index.php\\\/2023\\\/03\\\/secretario-de-estado-da-juventude-e-desporto-conheceu-dinamica-desportiva-sao-brasense\\\/desporto\\\/12\\\/15\\\/#primaryimage\"},\"image\":{\"@id\":\"https:\\\/\\\/algarve7.pt\\\/index.php\\\/2023\\\/03\\\/secretario-de-estado-da-juventude-e-desporto-conheceu-dinamica-desportiva-sao-brasense\\\/desporto\\\/12\\\/15\\\/#primaryimage\"},\"thumbnailUrl\":\"https:\\\/\\\/algarve7.pt\\\/wp-content\\\/uploads\\\/2023\\\/03\\\/visita_sec_estado_desporto_27_marco_2023-190_-Large.jpg\",\"datePublished\":\"2023-03-29T11:15:00+00:00\",\"description\":\"Secret\u00e1rio de Estado da Juventude e Desporto conheceu din\u00e2mica desportiva s\u00e3o-brasense Desporto\",\"breadcrumb\":{\"@id\":\"https:\\\/\\\/algarve7.pt\\\/index.php\\\/2023\\\/03\\\/secretario-de-estado-da-juventude-e-desporto-conheceu-dinamica-desportiva-sao-brasense\\\/desporto\\\/12\\\/15\\\/#breadcrumb\"},\"inLanguage\":\"pt-PT\",\"potentialAction\":[{\"@type\":\"ReadAction\",\"target\":[\"https:\\\/\\\/algarve7.pt\\\/index.php\\\/2023\\\/03\\\/secretario-de-estado-da-juventude-e-desporto-conheceu-dinamica-desportiva-sao-brasense\\\/desporto\\\/12\\\/15\\\/\"]}]},{\"@type\":\"ImageObject\",\"inLanguage\":\"pt-PT\",\"@id\":\"https:\\\/\\\/algarve7.pt\\\/index.php\\\/2023\\\/03\\\/secretario-de-estado-da-juventude-e-desporto-conheceu-dinamica-desportiva-sao-brasense\\\/desporto\\\/12\\\/15\\\/#primaryimage\",\"url\":\"https:\\\/\\\/algarve7.pt\\\/wp-content\\\/uploads\\\/2023\\\/03\\\/visita_sec_estado_desporto_27_marco_2023-190_-Large.jpg\",\"contentUrl\":\"https:\\\/\\\/algarve7.pt\\\/wp-content\\\/uploads\\\/2023\\\/03\\\/visita_sec_estado_desporto_27_marco_2023-190_-Large.jpg\",\"width\":1024,\"height\":683},{\"@type\":\"BreadcrumbList\",\"@id\":\"https:\\\/\\\/algarve7.pt\\\/index.php\\\/2023\\\/03\\\/secretario-de-estado-da-juventude-e-desporto-conheceu-dinamica-desportiva-sao-brasense\\\/desporto\\\/12\\\/15\\\/#breadcrumb\",\"itemListElement\":[{\"@type\":\"ListItem\",\"position\":1,\"name\":\"In\u00edcio\",\"item\":\"https:\\\/\\\/algarve7.pt\\\/\"},{\"@type\":\"ListItem\",\"position\":2,\"name\":\"Secret\u00e1rio de Estado da Juventude e Desporto conheceu din\u00e2mica desportiva s\u00e3o-brasense\"}]},{\"@type\":\"WebSite\",\"@id\":\"https:\\\/\\\/algarve7.pt\\\/#website\",\"url\":\"https:\\\/\\\/algarve7.pt\\\/\",\"name\":\"Algarve 7\",\"description\":\"Informa\u00e7\u00e3o sobre o Algarve\",\"publisher\":{\"@id\":\"https:\\\/\\\/algarve7.pt\\\/#organization\"},\"potentialAction\":[{\"@type\":\"SearchAction\",\"target\":{\"@type\":\"EntryPoint\",\"urlTemplate\":\"https:\\\/\\\/algarve7.pt\\\/?s={search_term_string}\"},\"query-input\":{\"@type\":\"PropertyValueSpecification\",\"valueRequired\":true,\"valueName\":\"search_term_string\"}}],\"inLanguage\":\"pt-PT\"},{\"@type\":\"Organization\",\"@id\":\"https:\\\/\\\/algarve7.pt\\\/#organization\",\"name\":\"Algarve 7\",\"url\":\"https:\\\/\\\/algarve7.pt\\\/\",\"logo\":{\"@type\":\"ImageObject\",\"inLanguage\":\"pt-PT\",\"@id\":\"https:\\\/\\\/algarve7.pt\\\/#\\\/schema\\\/logo\\\/image\\\/\",\"url\":\"https:\\\/\\\/algarve7.pt\\\/wp-content\\\/uploads\\\/2020\\\/10\\\/Logo-8.jpg\",\"contentUrl\":\"https:\\\/\\\/algarve7.pt\\\/wp-content\\\/uploads\\\/2020\\\/10\\\/Logo-8.jpg\",\"width\":1680,\"height\":1186,\"caption\":\"Algarve 7\"},\"image\":{\"@id\":\"https:\\\/\\\/algarve7.pt\\\/#\\\/schema\\\/logo\\\/image\\\/\"},\"sameAs\":[\"https:\\\/\\\/www.facebook.com\\\/algarve7\",\"https:\\\/\\\/x.com\\\/Algarvesete\",\"https:\\\/\\\/www.instagram.com\\\/jornalalgarve7\\\/\",\"https:\\\/\\\/www.linkedin.com\\\/company\\\/algarve7\",\"https:\\\/\\\/www.pinterest.pt\\\/geral0939\\\/_created\\\/\"]},{\"@type\":\"Person\",\"@id\":\"https:\\\/\\\/algarve7.pt\\\/#\\\/schema\\\/person\\\/23fa70681308e7b319a3204bcea45e0c\",\"name\":\"Algarve 7\",\"sameAs\":[\"https:\\\/\\\/algarve7.pt\",\"https:\\\/\\\/www.facebook.com\\\/algarve7\"],\"url\":\"https:\\\/\\\/algarve7.pt\\\/index.php\\\/author\\\/geralalgarve7-pt\\\/\"}]}<\/script>\n<!-- \/ Yoast SEO plugin. -->","yoast_head_json":{"title":"Secret\u00e1rio de Estado da Juventude e Desporto conheceu din\u00e2mica desportiva s\u00e3o-brasense - Algarve 7","description":"Secret\u00e1rio de Estado da Juventude e Desporto conheceu din\u00e2mica desportiva s\u00e3o-brasense Desporto","robots":{"index":"index","follow":"follow","max-snippet":"max-snippet:-1","max-image-preview":"max-image-preview:large","max-video-preview":"max-video-preview:-1"},"canonical":"https:\/\/algarve7.pt\/index.php\/2023\/03\/secretario-de-estado-da-juventude-e-desporto-conheceu-dinamica-desportiva-sao-brasense\/desporto\/12\/15\/","og_locale":"pt_PT","og_type":"article","og_title":"Secret\u00e1rio de Estado da Juventude e Desporto conheceu din\u00e2mica desportiva s\u00e3o-brasense - Algarve 7","og_description":"Secret\u00e1rio de Estado da Juventude e Desporto conheceu din\u00e2mica desportiva s\u00e3o-brasense Desporto","og_url":"https:\/\/algarve7.pt\/index.php\/2023\/03\/secretario-de-estado-da-juventude-e-desporto-conheceu-dinamica-desportiva-sao-brasense\/desporto\/12\/15\/","og_site_name":"Algarve 7","article_publisher":"https:\/\/www.facebook.com\/algarve7","article_author":"https:\/\/www.facebook.com\/algarve7","article_published_time":"2023-03-29T11:15:00+00:00","og_image":[{"width":1024,"height":683,"url":"https:\/\/algarve7.pt\/wp-content\/uploads\/2023\/03\/visita_sec_estado_desporto_27_marco_2023-190_-Large.jpg","type":"image\/jpeg"}],"author":"Algarve 7","twitter_card":"summary_large_image","twitter_creator":"@Algarvesete","twitter_site":"@Algarvesete","twitter_misc":{"Escrito por":"Algarve 7","Tempo estimado de leitura":"2 minutos"},"schema":{"@context":"https:\/\/schema.org","@graph":[{"@type":"Article","@id":"https:\/\/algarve7.pt\/index.php\/2023\/03\/secretario-de-estado-da-juventude-e-desporto-conheceu-dinamica-desportiva-sao-brasense\/desporto\/12\/15\/#article","isPartOf":{"@id":"https:\/\/algarve7.pt\/index.php\/2023\/03\/secretario-de-estado-da-juventude-e-desporto-conheceu-dinamica-desportiva-sao-brasense\/desporto\/12\/15\/"},"author":{"name":"Algarve 7","@id":"https:\/\/algarve7.pt\/#\/schema\/person\/23fa70681308e7b319a3204bcea45e0c"},"headline":"Secret\u00e1rio de Estado da Juventude e Desporto conheceu din\u00e2mica desportiva s\u00e3o-brasense","datePublished":"2023-03-29T11:15:00+00:00","mainEntityOfPage":{"@id":"https:\/\/algarve7.pt\/index.php\/2023\/03\/secretario-de-estado-da-juventude-e-desporto-conheceu-dinamica-desportiva-sao-brasense\/desporto\/12\/15\/"},"wordCount":343,"publisher":{"@id":"https:\/\/algarve7.pt\/#organization"},"image":{"@id":"https:\/\/algarve7.pt\/index.php\/2023\/03\/secretario-de-estado-da-juventude-e-desporto-conheceu-dinamica-desportiva-sao-brasense\/desporto\/12\/15\/#primaryimage"},"thumbnailUrl":"https:\/\/algarve7.pt\/wp-content\/uploads\/2023\/03\/visita_sec_estado_desporto_27_marco_2023-190_-Large.jpg","keywords":["Algarve","Desporto","S\u00e3o Br\u00e1s de Alportel"],"articleSection":["Desporto"],"inLanguage":"pt-PT"},{"@type":"WebPage","@id":"https:\/\/algarve7.pt\/index.php\/2023\/03\/secretario-de-estado-da-juventude-e-desporto-conheceu-dinamica-desportiva-sao-brasense\/desporto\/12\/15\/","url":"https:\/\/algarve7.pt\/index.php\/2023\/03\/secretario-de-estado-da-juventude-e-desporto-conheceu-dinamica-desportiva-sao-brasense\/desporto\/12\/15\/","name":"Secret\u00e1rio de Estado da Juventude e Desporto conheceu din\u00e2mica desportiva s\u00e3o-brasense - Algarve 7","isPartOf":{"@id":"https:\/\/algarve7.pt\/#website"},"primaryImageOfPage":{"@id":"https:\/\/algarve7.pt\/index.php\/2023\/03\/secretario-de-estado-da-juventude-e-desporto-conheceu-dinamica-desportiva-sao-brasense\/desporto\/12\/15\/#primaryimage"},"image":{"@id":"https:\/\/algarve7.pt\/index.php\/2023\/03\/secretario-de-estado-da-juventude-e-desporto-conheceu-dinamica-desportiva-sao-brasense\/desporto\/12\/15\/#primaryimage"},"thumbnailUrl":"https:\/\/algarve7.pt\/wp-content\/uploads\/2023\/03\/visita_sec_estado_desporto_27_marco_2023-190_-Large.jpg","datePublished":"2023-03-29T11:15:00+00:00","description":"Secret\u00e1rio de Estado da Juventude e Desporto conheceu din\u00e2mica desportiva s\u00e3o-brasense Desporto","breadcrumb":{"@id":"https:\/\/algarve7.pt\/index.php\/2023\/03\/secretario-de-estado-da-juventude-e-desporto-conheceu-dinamica-desportiva-sao-brasense\/desporto\/12\/15\/#breadcrumb"},"inLanguage":"pt-PT","potentialAction":[{"@type":"ReadAction","target":["https:\/\/algarve7.pt\/index.php\/2023\/03\/secretario-de-estado-da-juventude-e-desporto-conheceu-dinamica-desportiva-sao-brasense\/desporto\/12\/15\/"]}]},{"@type":"ImageObject","inLanguage":"pt-PT","@id":"https:\/\/algarve7.pt\/index.php\/2023\/03\/secretario-de-estado-da-juventude-e-desporto-conheceu-dinamica-desportiva-sao-brasense\/desporto\/12\/15\/#primaryimage","url":"https:\/\/algarve7.pt\/wp-content\/uploads\/2023\/03\/visita_sec_estado_desporto_27_marco_2023-190_-Large.jpg","contentUrl":"https:\/\/algarve7.pt\/wp-content\/uploads\/2023\/03\/visita_sec_estado_desporto_27_marco_2023-190_-Large.jpg","width":1024,"height":683},{"@type":"BreadcrumbList","@id":"https:\/\/algarve7.pt\/index.php\/2023\/03\/secretario-de-estado-da-juventude-e-desporto-conheceu-dinamica-desportiva-sao-brasense\/desporto\/12\/15\/#breadcrumb","itemListElement":[{"@type":"ListItem","position":1,"name":"In\u00edcio","item":"https:\/\/algarve7.pt\/"},{"@type":"ListItem","position":2,"name":"Secret\u00e1rio de Estado da Juventude e Desporto conheceu din\u00e2mica desportiva s\u00e3o-brasense"}]},{"@type":"WebSite","@id":"https:\/\/algarve7.pt\/#website","url":"https:\/\/algarve7.pt\/","name":"Algarve 7","description":"Informa\u00e7\u00e3o sobre o Algarve","publisher":{"@id":"https:\/\/algarve7.pt\/#organization"},"potentialAction":[{"@type":"SearchAction","target":{"@type":"EntryPoint","urlTemplate":"https:\/\/algarve7.pt\/?s={search_term_string}"},"query-input":{"@type":"PropertyValueSpecification","valueRequired":true,"valueName":"search_term_string"}}],"inLanguage":"pt-PT"},{"@type":"Organization","@id":"https:\/\/algarve7.pt\/#organization","name":"Algarve 7","url":"https:\/\/algarve7.pt\/","logo":{"@type":"ImageObject","inLanguage":"pt-PT","@id":"https:\/\/algarve7.pt\/#\/schema\/logo\/image\/","url":"https:\/\/algarve7.pt\/wp-content\/uploads\/2020\/10\/Logo-8.jpg","contentUrl":"https:\/\/algarve7.pt\/wp-content\/uploads\/2020\/10\/Logo-8.jpg","width":1680,"height":1186,"caption":"Algarve 7"},"image":{"@id":"https:\/\/algarve7.pt\/#\/schema\/logo\/image\/"},"sameAs":["https:\/\/www.facebook.com\/algarve7","https:\/\/x.com\/Algarvesete","https:\/\/www.instagram.com\/jornalalgarve7\/","https:\/\/www.linkedin.com\/company\/algarve7","https:\/\/www.pinterest.pt\/geral0939\/_created\/"]},{"@type":"Person","@id":"https:\/\/algarve7.pt\/#\/schema\/person\/23fa70681308e7b319a3204bcea45e0c","name":"Algarve 7","sameAs":["https:\/\/algarve7.pt","https:\/\/www.facebook.com\/algarve7"],"url":"https:\/\/algarve7.pt\/index.php\/author\/geralalgarve7-pt\/"}]}},"jetpack_publicize_connections":[],"jetpack_featured_media_url":"https:\/\/algarve7.pt\/wp-content\/uploads\/2023\/03\/visita_sec_estado_desporto_27_marco_2023-190_-Large.jpg","jetpack_shortlink":"https:\/\/wp.me\/pcezmW-6Wg","jetpack_sharing_enabled":true,"_links":{"self":[{"href":"https:\/\/algarve7.pt\/index.php\/wp-json\/wp\/v2\/posts\/26676","targetHints":{"allow":["GET"]}}],"collection":[{"href":"https:\/\/algarve7.pt\/index.php\/wp-json\/wp\/v2\/posts"}],"about":[{"href":"https:\/\/algarve7.pt\/index.php\/wp-json\/wp\/v2\/types\/post"}],"author":[{"embeddable":true,"href":"https:\/\/algarve7.pt\/index.php\/wp-json\/wp\/v2\/users\/1"}],"replies":[{"embeddable":true,"href":"https:\/\/algarve7.pt\/index.php\/wp-json\/wp\/v2\/comments?post=26676"}],"version-history":[{"count":0,"href":"https:\/\/algarve7.pt\/index.php\/wp-json\/wp\/v2\/posts\/26676\/revisions"}],"wp:featuredmedia":[{"embeddable":true,"href":"https:\/\/algarve7.pt\/index.php\/wp-json\/wp\/v2\/media\/26677"}],"wp:attachment":[{"href":"https:\/\/algarve7.pt\/index.php\/wp-json\/wp\/v2\/media?parent=26676"}],"wp:term":[{"taxonomy":"category","embeddable":true,"href":"https:\/\/algarve7.pt\/index.php\/wp-json\/wp\/v2\/categories?post=26676"},{"taxonomy":"post_tag","embeddable":true,"href":"https:\/\/algarve7.pt\/index.php\/wp-json\/wp\/v2\/tags?post=26676"}],"curies":[{"name":"wp","href":"https:\/\/api.w.org\/{rel}","templated":true}]}}