{"id":26642,"date":"2023-03-28T13:45:00","date_gmt":"2023-03-28T12:45:00","guid":{"rendered":"https:\/\/algarve7.pt\/?p=26642"},"modified":"2023-03-27T19:41:31","modified_gmt":"2023-03-27T18:41:31","slug":"casa-cheia-para-acolher-o-regresso-dos-ralis-ao-algarve","status":"publish","type":"post","link":"https:\/\/algarve7.pt\/index.php\/2023\/03\/casa-cheia-para-acolher-o-regresso-dos-ralis-ao-algarve\/desporto\/13\/45\/","title":{"rendered":"Casa cheia para acolher o regresso dos ralis ao Algarve"},"content":{"rendered":"\n<p>78 Concorrentes ir\u00e3o estar \u00e0 partida de uma edi\u00e7\u00e3o bastante diferente do Rallye Casinos do Algarve<\/p>\n\n\n\n<p>Prestes a arrancar para a estrada, a prova m\u00e1xima dos ralis a sul ir\u00e1 contar este ano com um n\u00famero de concorrentes \u00e0 partida que n\u00e3o se via deste 2006! Tal deve-se ao carisma especial que se prende com esta prova, com o regresso aos pisos de terra, que marcaram a primeira metade da hist\u00f3ria do Rallye Casinos do Algarve, e ainda a implementa\u00e7\u00e3o do modelo de \u201crali \u00fanico\u201d sugerido por v\u00e1rios parceiros \u00e0 Federa\u00e7\u00e3o Portuguesa de Automobilismo e Karting, juntando assim concorrentes n\u00e3o s\u00f3 do Campeonato Portugu\u00eas de Ralis, mas tamb\u00e9m dos campeonatos de 2 Rodas Motrizes, Junior e Cl\u00e1ssicos, juntando-se ainda o Promo e a vertente regional sul. A prova pontua tamb\u00e9m para a competi\u00e7\u00e3o Rally &amp; You, destinada a descobrir novos valores entre as duas rodas motrizes.<\/p>\n\n\n\n<p>Para lutar pela vit\u00f3ria \u00e0 geral existem 15 viaturas da categoria principal, com o destaque a ir para os dois carros da Hyundai Portugal, um destinado ao irland\u00eas Craig Breen, vencedor da primeira prova do campeonato disputada recentemente em Fafe, e o outro ao her\u00f3i local, o bicampe\u00e3o nacional Ricardo Teod\u00f3sio. A maior oposi\u00e7\u00e3o aos carros coreanos dever\u00e1 vir do Skoda de Miguel Correia e dos Citroen de Jos\u00e9 Pedro Fontes e Bernardo Sousa. Nota ainda para a presen\u00e7a internacional nesta categoria (para al\u00e9m de Breen), com o saudita Rakhan al-Rashed e o espanhol Jos\u00e9 Luis Pelaez e para a aus\u00eancia do campe\u00e3o em t\u00edtulo Armindo Ara\u00fajo, ainda a recuperar das mazelas sofridas no acidente ocorrido no Rali Serras de Fafe.<\/p>\n\n\n\n<p>Entre as duas rodas motrizes, Ernesto Cunha chega de Fafe na lideran\u00e7a, mas decerto contar\u00e1 com a forte oposi\u00e7\u00e3o dos seus advers\u00e1rios, nomeadamente Ricardo Sousa ou Daniel Nunes. Quem dever\u00e1 querer ter uma palavra a dizer entre as 2 Rodas Motrizes, mas tamb\u00e9m entre os concorrentes do Campeonato Junior de Ralis, ser\u00e3o os promissores Hugo Lopes e Gon\u00e7alo Henriques, capazes j\u00e1 de performances \u201cgra\u00fadas\u201d! No plantel dos Cl\u00e1ssicos, prev\u00ea-se uma batalha a tr\u00eas entre os Mitsubishi de Jos\u00e9 Merceano, Lu\u00eds Mota e Nuno Mateus, acompanhados nestas contas pelo pequeno Nissan Micra de Jo\u00e3o Lucas.<\/p>\n\n\n\n<p>Teremos tamb\u00e9m em a\u00e7\u00e3o os campeonatos Promo, Promo Sul e Start Sul. Entre os dois primeiros, no universo de Mitsubishi \u00e0 partida (e o curioso Toyota Yaris de Nelson Silva), \u00e9 bastante apelativa a presen\u00e7a de tr\u00eas grandes gl\u00f3rias dos ralis nacionais, nomeadamente Fernando Peres, Adruzilo Lopes e Rui Madeira, eles que ser\u00e3o os grandes favoritos \u00e0 vit\u00f3ria entre estes concorrentes, havendo tamb\u00e9m que contar com concorrentes do Promo nacional como Fernando Teot\u00f3nio e Rui Borges ou os \u201csulistas\u201d M\u00e1rcio Marreiros e Rui Rijo. Entre as duas rodas motrizes ser\u00e1 esperada uma grande luta entre Viana Martins (Peugeot), Paulo Anselmo (BMW) e Jo\u00e3o Monteiro (Toyota).<\/p>\n\n\n\n<p>A prova come\u00e7ar\u00e1 com o qualifying disputado em Lagoa na sexta-feira dia 31 de mar\u00e7o, dia em que os concorrentes depois seguir\u00e3o para a super-especial de abertura em Lagos (pelas 21h00). No dia seguinte a a\u00e7\u00e3o ir\u00e1 passar-se sobretudo no concelho de Silves, onde os concorrentes ir\u00e3o disputar 8 provas especiais de classifica\u00e7\u00e3o, 4 de manh\u00e3 e 4 \u00e0 tarde, vindo depois para Portim\u00e3o para a realiza\u00e7\u00e3o de uma city stage junto \u00e0 Rotunda Salgueiro Maia. A prova ter\u00e1 depois o seu momento de consagra\u00e7\u00e3o no p\u00f3dio final sito no Hotel Algarve Casino. Lembrar tamb\u00e9m que as verifica\u00e7\u00f5es t\u00e9cnicas, parques fechado e de assist\u00eancia estar\u00e3o localizados no Parque de Feiras e Exposi\u00e7\u00f5es de Lagoa (FATACIL).<\/p>\n","protected":false},"excerpt":{"rendered":"<p>78 Concorrentes ir\u00e3o estar \u00e0 partida de uma edi\u00e7\u00e3o bastante diferente do Rallye Casinos do Algarve Prestes a arrancar para<\/p>\n","protected":false},"author":1,"featured_media":26643,"comment_status":"closed","ping_status":"open","sticky":false,"template":"","format":"standard","meta":{"colormag_page_container_layout":"default_layout","colormag_page_sidebar_layout":"default_layout","_monsterinsights_skip_tracking":false,"_monsterinsights_sitenote_active":false,"_monsterinsights_sitenote_note":"","_monsterinsights_sitenote_category":0,"jetpack_post_was_ever_published":false,"_jetpack_newsletter_access":"","_jetpack_dont_email_post_to_subs":false,"_jetpack_newsletter_tier_id":0,"_jetpack_memberships_contains_paywalled_content":false,"_jetpack_memberships_contains_paid_content":false,"footnotes":"","jetpack_publicize_message":"","jetpack_publicize_feature_enabled":true,"jetpack_social_post_already_shared":true,"jetpack_social_options":{"image_generator_settings":{"template":"highway","default_image_id":0,"font":"","enabled":false},"version":2}},"categories":[15],"tags":[36,40,753],"class_list":["post-26642","post","type-post","status-publish","format-standard","has-post-thumbnail","hentry","category-desporto","tag-algarve","tag-desporto","tag-rallye-casinos-do-algarve"],"yoast_head":"<!-- This site is optimized with the Yoast SEO plugin v27.5 - https:\/\/yoast.com\/product\/yoast-seo-wordpress\/ -->\n<title>Casa cheia para acolher o regresso dos ralis ao Algarve - Algarve 7<\/title>\n<meta name=\"description\" content=\"Casa cheia para acolher o regresso dos ralis ao Algarve Desporto\" \/>\n<meta name=\"robots\" content=\"index, follow, max-snippet:-1, max-image-preview:large, max-video-preview:-1\" \/>\n<link rel=\"canonical\" href=\"https:\/\/algarve7.pt\/index.php\/2023\/03\/casa-cheia-para-acolher-o-regresso-dos-ralis-ao-algarve\/desporto\/13\/45\/\" \/>\n<meta property=\"og:locale\" content=\"pt_PT\" \/>\n<meta property=\"og:type\" content=\"article\" \/>\n<meta property=\"og:title\" content=\"Casa cheia para acolher o regresso dos ralis ao Algarve - Algarve 7\" \/>\n<meta property=\"og:description\" content=\"Casa cheia para acolher o regresso dos ralis ao Algarve Desporto\" \/>\n<meta property=\"og:url\" content=\"https:\/\/algarve7.pt\/index.php\/2023\/03\/casa-cheia-para-acolher-o-regresso-dos-ralis-ao-algarve\/desporto\/13\/45\/\" \/>\n<meta property=\"og:site_name\" content=\"Algarve 7\" \/>\n<meta property=\"article:publisher\" content=\"https:\/\/www.facebook.com\/algarve7\" \/>\n<meta property=\"article:author\" content=\"https:\/\/www.facebook.com\/algarve7\" \/>\n<meta property=\"article:published_time\" content=\"2023-03-28T12:45:00+00:00\" \/>\n<meta property=\"og:image\" content=\"https:\/\/algarve7.pt\/wp-content\/uploads\/2023\/03\/Captura-de-ecra-2023-03-06-as-19.46.34-1.png\" \/>\n\t<meta property=\"og:image:width\" content=\"1024\" \/>\n\t<meta property=\"og:image:height\" content=\"582\" \/>\n\t<meta property=\"og:image:type\" content=\"image\/png\" \/>\n<meta name=\"author\" content=\"Algarve 7\" \/>\n<meta name=\"twitter:card\" content=\"summary_large_image\" \/>\n<meta name=\"twitter:creator\" content=\"@Algarvesete\" \/>\n<meta name=\"twitter:site\" content=\"@Algarvesete\" \/>\n<meta name=\"twitter:label1\" content=\"Escrito por\" \/>\n\t<meta name=\"twitter:data1\" content=\"Algarve 7\" \/>\n\t<meta name=\"twitter:label2\" content=\"Tempo estimado de leitura\" \/>\n\t<meta name=\"twitter:data2\" content=\"4 minutos\" \/>\n<script type=\"application\/ld+json\" class=\"yoast-schema-graph\">{\"@context\":\"https:\\\/\\\/schema.org\",\"@graph\":[{\"@type\":\"Article\",\"@id\":\"https:\\\/\\\/algarve7.pt\\\/index.php\\\/2023\\\/03\\\/casa-cheia-para-acolher-o-regresso-dos-ralis-ao-algarve\\\/desporto\\\/13\\\/45\\\/#article\",\"isPartOf\":{\"@id\":\"https:\\\/\\\/algarve7.pt\\\/index.php\\\/2023\\\/03\\\/casa-cheia-para-acolher-o-regresso-dos-ralis-ao-algarve\\\/desporto\\\/13\\\/45\\\/\"},\"author\":{\"name\":\"Algarve 7\",\"@id\":\"https:\\\/\\\/algarve7.pt\\\/#\\\/schema\\\/person\\\/23fa70681308e7b319a3204bcea45e0c\"},\"headline\":\"Casa cheia para acolher o regresso dos ralis ao Algarve\",\"datePublished\":\"2023-03-28T12:45:00+00:00\",\"mainEntityOfPage\":{\"@id\":\"https:\\\/\\\/algarve7.pt\\\/index.php\\\/2023\\\/03\\\/casa-cheia-para-acolher-o-regresso-dos-ralis-ao-algarve\\\/desporto\\\/13\\\/45\\\/\"},\"wordCount\":639,\"publisher\":{\"@id\":\"https:\\\/\\\/algarve7.pt\\\/#organization\"},\"image\":{\"@id\":\"https:\\\/\\\/algarve7.pt\\\/index.php\\\/2023\\\/03\\\/casa-cheia-para-acolher-o-regresso-dos-ralis-ao-algarve\\\/desporto\\\/13\\\/45\\\/#primaryimage\"},\"thumbnailUrl\":\"https:\\\/\\\/algarve7.pt\\\/wp-content\\\/uploads\\\/2023\\\/03\\\/Captura-de-ecra-2023-03-06-as-19.46.34-1.png\",\"keywords\":[\"Algarve\",\"Desporto\",\"Rallye Casinos do Algarve\"],\"articleSection\":[\"Desporto\"],\"inLanguage\":\"pt-PT\"},{\"@type\":\"WebPage\",\"@id\":\"https:\\\/\\\/algarve7.pt\\\/index.php\\\/2023\\\/03\\\/casa-cheia-para-acolher-o-regresso-dos-ralis-ao-algarve\\\/desporto\\\/13\\\/45\\\/\",\"url\":\"https:\\\/\\\/algarve7.pt\\\/index.php\\\/2023\\\/03\\\/casa-cheia-para-acolher-o-regresso-dos-ralis-ao-algarve\\\/desporto\\\/13\\\/45\\\/\",\"name\":\"Casa cheia para acolher o regresso dos ralis ao Algarve - Algarve 7\",\"isPartOf\":{\"@id\":\"https:\\\/\\\/algarve7.pt\\\/#website\"},\"primaryImageOfPage\":{\"@id\":\"https:\\\/\\\/algarve7.pt\\\/index.php\\\/2023\\\/03\\\/casa-cheia-para-acolher-o-regresso-dos-ralis-ao-algarve\\\/desporto\\\/13\\\/45\\\/#primaryimage\"},\"image\":{\"@id\":\"https:\\\/\\\/algarve7.pt\\\/index.php\\\/2023\\\/03\\\/casa-cheia-para-acolher-o-regresso-dos-ralis-ao-algarve\\\/desporto\\\/13\\\/45\\\/#primaryimage\"},\"thumbnailUrl\":\"https:\\\/\\\/algarve7.pt\\\/wp-content\\\/uploads\\\/2023\\\/03\\\/Captura-de-ecra-2023-03-06-as-19.46.34-1.png\",\"datePublished\":\"2023-03-28T12:45:00+00:00\",\"description\":\"Casa cheia para acolher o regresso dos ralis ao Algarve Desporto\",\"breadcrumb\":{\"@id\":\"https:\\\/\\\/algarve7.pt\\\/index.php\\\/2023\\\/03\\\/casa-cheia-para-acolher-o-regresso-dos-ralis-ao-algarve\\\/desporto\\\/13\\\/45\\\/#breadcrumb\"},\"inLanguage\":\"pt-PT\",\"potentialAction\":[{\"@type\":\"ReadAction\",\"target\":[\"https:\\\/\\\/algarve7.pt\\\/index.php\\\/2023\\\/03\\\/casa-cheia-para-acolher-o-regresso-dos-ralis-ao-algarve\\\/desporto\\\/13\\\/45\\\/\"]}]},{\"@type\":\"ImageObject\",\"inLanguage\":\"pt-PT\",\"@id\":\"https:\\\/\\\/algarve7.pt\\\/index.php\\\/2023\\\/03\\\/casa-cheia-para-acolher-o-regresso-dos-ralis-ao-algarve\\\/desporto\\\/13\\\/45\\\/#primaryimage\",\"url\":\"https:\\\/\\\/algarve7.pt\\\/wp-content\\\/uploads\\\/2023\\\/03\\\/Captura-de-ecra-2023-03-06-as-19.46.34-1.png\",\"contentUrl\":\"https:\\\/\\\/algarve7.pt\\\/wp-content\\\/uploads\\\/2023\\\/03\\\/Captura-de-ecra-2023-03-06-as-19.46.34-1.png\",\"width\":1024,\"height\":582},{\"@type\":\"BreadcrumbList\",\"@id\":\"https:\\\/\\\/algarve7.pt\\\/index.php\\\/2023\\\/03\\\/casa-cheia-para-acolher-o-regresso-dos-ralis-ao-algarve\\\/desporto\\\/13\\\/45\\\/#breadcrumb\",\"itemListElement\":[{\"@type\":\"ListItem\",\"position\":1,\"name\":\"In\u00edcio\",\"item\":\"https:\\\/\\\/algarve7.pt\\\/\"},{\"@type\":\"ListItem\",\"position\":2,\"name\":\"Casa cheia para acolher o regresso dos ralis ao Algarve\"}]},{\"@type\":\"WebSite\",\"@id\":\"https:\\\/\\\/algarve7.pt\\\/#website\",\"url\":\"https:\\\/\\\/algarve7.pt\\\/\",\"name\":\"Algarve 7\",\"description\":\"Informa\u00e7\u00e3o sobre o Algarve\",\"publisher\":{\"@id\":\"https:\\\/\\\/algarve7.pt\\\/#organization\"},\"potentialAction\":[{\"@type\":\"SearchAction\",\"target\":{\"@type\":\"EntryPoint\",\"urlTemplate\":\"https:\\\/\\\/algarve7.pt\\\/?s={search_term_string}\"},\"query-input\":{\"@type\":\"PropertyValueSpecification\",\"valueRequired\":true,\"valueName\":\"search_term_string\"}}],\"inLanguage\":\"pt-PT\"},{\"@type\":\"Organization\",\"@id\":\"https:\\\/\\\/algarve7.pt\\\/#organization\",\"name\":\"Algarve 7\",\"url\":\"https:\\\/\\\/algarve7.pt\\\/\",\"logo\":{\"@type\":\"ImageObject\",\"inLanguage\":\"pt-PT\",\"@id\":\"https:\\\/\\\/algarve7.pt\\\/#\\\/schema\\\/logo\\\/image\\\/\",\"url\":\"https:\\\/\\\/algarve7.pt\\\/wp-content\\\/uploads\\\/2020\\\/10\\\/Logo-8.jpg\",\"contentUrl\":\"https:\\\/\\\/algarve7.pt\\\/wp-content\\\/uploads\\\/2020\\\/10\\\/Logo-8.jpg\",\"width\":1680,\"height\":1186,\"caption\":\"Algarve 7\"},\"image\":{\"@id\":\"https:\\\/\\\/algarve7.pt\\\/#\\\/schema\\\/logo\\\/image\\\/\"},\"sameAs\":[\"https:\\\/\\\/www.facebook.com\\\/algarve7\",\"https:\\\/\\\/x.com\\\/Algarvesete\",\"https:\\\/\\\/www.instagram.com\\\/jornalalgarve7\\\/\",\"https:\\\/\\\/www.linkedin.com\\\/company\\\/algarve7\",\"https:\\\/\\\/www.pinterest.pt\\\/geral0939\\\/_created\\\/\"]},{\"@type\":\"Person\",\"@id\":\"https:\\\/\\\/algarve7.pt\\\/#\\\/schema\\\/person\\\/23fa70681308e7b319a3204bcea45e0c\",\"name\":\"Algarve 7\",\"sameAs\":[\"https:\\\/\\\/algarve7.pt\",\"https:\\\/\\\/www.facebook.com\\\/algarve7\"],\"url\":\"https:\\\/\\\/algarve7.pt\\\/index.php\\\/author\\\/geralalgarve7-pt\\\/\"}]}<\/script>\n<!-- \/ Yoast SEO plugin. -->","yoast_head_json":{"title":"Casa cheia para acolher o regresso dos ralis ao Algarve - Algarve 7","description":"Casa cheia para acolher o regresso dos ralis ao Algarve Desporto","robots":{"index":"index","follow":"follow","max-snippet":"max-snippet:-1","max-image-preview":"max-image-preview:large","max-video-preview":"max-video-preview:-1"},"canonical":"https:\/\/algarve7.pt\/index.php\/2023\/03\/casa-cheia-para-acolher-o-regresso-dos-ralis-ao-algarve\/desporto\/13\/45\/","og_locale":"pt_PT","og_type":"article","og_title":"Casa cheia para acolher o regresso dos ralis ao Algarve - Algarve 7","og_description":"Casa cheia para acolher o regresso dos ralis ao Algarve Desporto","og_url":"https:\/\/algarve7.pt\/index.php\/2023\/03\/casa-cheia-para-acolher-o-regresso-dos-ralis-ao-algarve\/desporto\/13\/45\/","og_site_name":"Algarve 7","article_publisher":"https:\/\/www.facebook.com\/algarve7","article_author":"https:\/\/www.facebook.com\/algarve7","article_published_time":"2023-03-28T12:45:00+00:00","og_image":[{"width":1024,"height":582,"url":"https:\/\/algarve7.pt\/wp-content\/uploads\/2023\/03\/Captura-de-ecra-2023-03-06-as-19.46.34-1.png","type":"image\/png"}],"author":"Algarve 7","twitter_card":"summary_large_image","twitter_creator":"@Algarvesete","twitter_site":"@Algarvesete","twitter_misc":{"Escrito por":"Algarve 7","Tempo estimado de leitura":"4 minutos"},"schema":{"@context":"https:\/\/schema.org","@graph":[{"@type":"Article","@id":"https:\/\/algarve7.pt\/index.php\/2023\/03\/casa-cheia-para-acolher-o-regresso-dos-ralis-ao-algarve\/desporto\/13\/45\/#article","isPartOf":{"@id":"https:\/\/algarve7.pt\/index.php\/2023\/03\/casa-cheia-para-acolher-o-regresso-dos-ralis-ao-algarve\/desporto\/13\/45\/"},"author":{"name":"Algarve 7","@id":"https:\/\/algarve7.pt\/#\/schema\/person\/23fa70681308e7b319a3204bcea45e0c"},"headline":"Casa cheia para acolher o regresso dos ralis ao Algarve","datePublished":"2023-03-28T12:45:00+00:00","mainEntityOfPage":{"@id":"https:\/\/algarve7.pt\/index.php\/2023\/03\/casa-cheia-para-acolher-o-regresso-dos-ralis-ao-algarve\/desporto\/13\/45\/"},"wordCount":639,"publisher":{"@id":"https:\/\/algarve7.pt\/#organization"},"image":{"@id":"https:\/\/algarve7.pt\/index.php\/2023\/03\/casa-cheia-para-acolher-o-regresso-dos-ralis-ao-algarve\/desporto\/13\/45\/#primaryimage"},"thumbnailUrl":"https:\/\/algarve7.pt\/wp-content\/uploads\/2023\/03\/Captura-de-ecra-2023-03-06-as-19.46.34-1.png","keywords":["Algarve","Desporto","Rallye Casinos do Algarve"],"articleSection":["Desporto"],"inLanguage":"pt-PT"},{"@type":"WebPage","@id":"https:\/\/algarve7.pt\/index.php\/2023\/03\/casa-cheia-para-acolher-o-regresso-dos-ralis-ao-algarve\/desporto\/13\/45\/","url":"https:\/\/algarve7.pt\/index.php\/2023\/03\/casa-cheia-para-acolher-o-regresso-dos-ralis-ao-algarve\/desporto\/13\/45\/","name":"Casa cheia para acolher o regresso dos ralis ao Algarve - Algarve 7","isPartOf":{"@id":"https:\/\/algarve7.pt\/#website"},"primaryImageOfPage":{"@id":"https:\/\/algarve7.pt\/index.php\/2023\/03\/casa-cheia-para-acolher-o-regresso-dos-ralis-ao-algarve\/desporto\/13\/45\/#primaryimage"},"image":{"@id":"https:\/\/algarve7.pt\/index.php\/2023\/03\/casa-cheia-para-acolher-o-regresso-dos-ralis-ao-algarve\/desporto\/13\/45\/#primaryimage"},"thumbnailUrl":"https:\/\/algarve7.pt\/wp-content\/uploads\/2023\/03\/Captura-de-ecra-2023-03-06-as-19.46.34-1.png","datePublished":"2023-03-28T12:45:00+00:00","description":"Casa cheia para acolher o regresso dos ralis ao Algarve Desporto","breadcrumb":{"@id":"https:\/\/algarve7.pt\/index.php\/2023\/03\/casa-cheia-para-acolher-o-regresso-dos-ralis-ao-algarve\/desporto\/13\/45\/#breadcrumb"},"inLanguage":"pt-PT","potentialAction":[{"@type":"ReadAction","target":["https:\/\/algarve7.pt\/index.php\/2023\/03\/casa-cheia-para-acolher-o-regresso-dos-ralis-ao-algarve\/desporto\/13\/45\/"]}]},{"@type":"ImageObject","inLanguage":"pt-PT","@id":"https:\/\/algarve7.pt\/index.php\/2023\/03\/casa-cheia-para-acolher-o-regresso-dos-ralis-ao-algarve\/desporto\/13\/45\/#primaryimage","url":"https:\/\/algarve7.pt\/wp-content\/uploads\/2023\/03\/Captura-de-ecra-2023-03-06-as-19.46.34-1.png","contentUrl":"https:\/\/algarve7.pt\/wp-content\/uploads\/2023\/03\/Captura-de-ecra-2023-03-06-as-19.46.34-1.png","width":1024,"height":582},{"@type":"BreadcrumbList","@id":"https:\/\/algarve7.pt\/index.php\/2023\/03\/casa-cheia-para-acolher-o-regresso-dos-ralis-ao-algarve\/desporto\/13\/45\/#breadcrumb","itemListElement":[{"@type":"ListItem","position":1,"name":"In\u00edcio","item":"https:\/\/algarve7.pt\/"},{"@type":"ListItem","position":2,"name":"Casa cheia para acolher o regresso dos ralis ao Algarve"}]},{"@type":"WebSite","@id":"https:\/\/algarve7.pt\/#website","url":"https:\/\/algarve7.pt\/","name":"Algarve 7","description":"Informa\u00e7\u00e3o sobre o Algarve","publisher":{"@id":"https:\/\/algarve7.pt\/#organization"},"potentialAction":[{"@type":"SearchAction","target":{"@type":"EntryPoint","urlTemplate":"https:\/\/algarve7.pt\/?s={search_term_string}"},"query-input":{"@type":"PropertyValueSpecification","valueRequired":true,"valueName":"search_term_string"}}],"inLanguage":"pt-PT"},{"@type":"Organization","@id":"https:\/\/algarve7.pt\/#organization","name":"Algarve 7","url":"https:\/\/algarve7.pt\/","logo":{"@type":"ImageObject","inLanguage":"pt-PT","@id":"https:\/\/algarve7.pt\/#\/schema\/logo\/image\/","url":"https:\/\/algarve7.pt\/wp-content\/uploads\/2020\/10\/Logo-8.jpg","contentUrl":"https:\/\/algarve7.pt\/wp-content\/uploads\/2020\/10\/Logo-8.jpg","width":1680,"height":1186,"caption":"Algarve 7"},"image":{"@id":"https:\/\/algarve7.pt\/#\/schema\/logo\/image\/"},"sameAs":["https:\/\/www.facebook.com\/algarve7","https:\/\/x.com\/Algarvesete","https:\/\/www.instagram.com\/jornalalgarve7\/","https:\/\/www.linkedin.com\/company\/algarve7","https:\/\/www.pinterest.pt\/geral0939\/_created\/"]},{"@type":"Person","@id":"https:\/\/algarve7.pt\/#\/schema\/person\/23fa70681308e7b319a3204bcea45e0c","name":"Algarve 7","sameAs":["https:\/\/algarve7.pt","https:\/\/www.facebook.com\/algarve7"],"url":"https:\/\/algarve7.pt\/index.php\/author\/geralalgarve7-pt\/"}]}},"jetpack_publicize_connections":[],"jetpack_featured_media_url":"https:\/\/algarve7.pt\/wp-content\/uploads\/2023\/03\/Captura-de-ecra-2023-03-06-as-19.46.34-1.png","jetpack_shortlink":"https:\/\/wp.me\/pcezmW-6VI","jetpack_sharing_enabled":true,"_links":{"self":[{"href":"https:\/\/algarve7.pt\/index.php\/wp-json\/wp\/v2\/posts\/26642","targetHints":{"allow":["GET"]}}],"collection":[{"href":"https:\/\/algarve7.pt\/index.php\/wp-json\/wp\/v2\/posts"}],"about":[{"href":"https:\/\/algarve7.pt\/index.php\/wp-json\/wp\/v2\/types\/post"}],"author":[{"embeddable":true,"href":"https:\/\/algarve7.pt\/index.php\/wp-json\/wp\/v2\/users\/1"}],"replies":[{"embeddable":true,"href":"https:\/\/algarve7.pt\/index.php\/wp-json\/wp\/v2\/comments?post=26642"}],"version-history":[{"count":0,"href":"https:\/\/algarve7.pt\/index.php\/wp-json\/wp\/v2\/posts\/26642\/revisions"}],"wp:featuredmedia":[{"embeddable":true,"href":"https:\/\/algarve7.pt\/index.php\/wp-json\/wp\/v2\/media\/26643"}],"wp:attachment":[{"href":"https:\/\/algarve7.pt\/index.php\/wp-json\/wp\/v2\/media?parent=26642"}],"wp:term":[{"taxonomy":"category","embeddable":true,"href":"https:\/\/algarve7.pt\/index.php\/wp-json\/wp\/v2\/categories?post=26642"},{"taxonomy":"post_tag","embeddable":true,"href":"https:\/\/algarve7.pt\/index.php\/wp-json\/wp\/v2\/tags?post=26642"}],"curies":[{"name":"wp","href":"https:\/\/api.w.org\/{rel}","templated":true}]}}