{"id":26620,"date":"2023-03-28T12:30:00","date_gmt":"2023-03-28T11:30:00","guid":{"rendered":"https:\/\/algarve7.pt\/?p=26620"},"modified":"2023-03-27T17:52:56","modified_gmt":"2023-03-27T16:52:56","slug":"vamos-falar-sobre-a-doenca-de-alzheimer-no-chua","status":"publish","type":"post","link":"https:\/\/algarve7.pt\/index.php\/2023\/03\/vamos-falar-sobre-a-doenca-de-alzheimer-no-chua\/saude\/12\/30\/","title":{"rendered":"Vamos falar sobre a Doen\u00e7a de Alzheimer no CHUA"},"content":{"rendered":"\n<p>No dia pr\u00f3ximo dia <strong>29 de mar\u00e7o<\/strong> o tema que entra em palco, das <strong>15h30 \u00e0s 17h30<\/strong>, no audit\u00f3rio do <strong>Centro Hospitalar e Universit\u00e1rio do Algarve<\/strong> (CHUA) \u00e9 o <strong>Alzheimer<\/strong>. Uma iniciativa promovida pelo Espa\u00e7o Sa\u00fade 360\u00ba Algarve, em parceria com a Alzheimer Portugal &#8211; Associa\u00e7\u00e3o Portuguesa de Familiares e Amigos dos Doentes de Alzheimer \u2013 N\u00facleo do Algarve.<\/p>\n\n\n\n<p>Em Portugal estima-se que 194 mil pessoas t\u00eam dem\u00eancia, das quais entre 60% a 80% t\u00eam Alzheimer. Na maioria dos casos, esta doen\u00e7a manifesta-se aos 65 anos, contudo, e embora raros, existem casos que come\u00e7a aos 60 anos. Torna-se assim imperativo fazer diagn\u00f3sticos e estar atento aos principais sintomas.<\/p>\n\n\n\n<p>Mas ser\u00e1 que ter Alzheimer \u00e9 sin\u00f3nimo de perda de identidade total e de qualidade de vida? Como prevenir a progress\u00e3o da doen\u00e7a? Onde encontrar ajuda para apoiar estes doentes e suas fam\u00edlias? Que tipo de apoios financeiros est\u00e3o dispon\u00edveis para estes doentes?<\/p>\n\n\n\n<p>O<strong> \u201cSa\u00fade em Dia: Vamos falar sobre a Doen\u00e7a de Alzheimer\u201d, <\/strong>nasce para dar resposta \u00e0s quest\u00f5es anteriores ao analisar as causas e formas de preven\u00e7\u00e3o da doen\u00e7a, abordar o seu impacto no comportamento e na qualidade de vida do doente e fam\u00edlia, e analisar os recursos atualmente existentes para apoiar estes doentes e cuidadores, de forma a aliviar o impacto da patologia.<\/p>\n\n\n\n<p>\u201c<em>\u00c9 urgente criar respostas para as pessoas com dem\u00eancia, especialmente quando em Portugal o n\u00famero de pessoas com estas patologias ultrapassa a tend\u00eancia europeia, estando previsto que duplique at\u00e9 2050. S\u00e3o dados como estes que nos levam a agir e a querer fazer mais. \u00c9, por isso mesmo, que desenvolvemos iniciativas como esta, que pretendem esclarecer os doentes e as suas fam\u00edlias, e que os ajudam a encontrar os apoios necess\u00e1rios para uma melhoria da sua qualidade e vida<\/em>&#8220;, refere Ricardo Valente Santos, psic\u00f3logo e gestor do projeto Espa\u00e7o Sa\u00fade 360\u00ba Algarve.&nbsp;<\/p>\n\n\n\n<p>A prele\u00e7\u00e3o estar\u00e1 a cargo da Dra. Edite Reis, Educadora Social e Coordenadora do N\u00facleo do Algarve da Alzheimer Portugal, que vai desmitificar o problema e esclarecer d\u00favidas sobre esta patologia, nomeadamente o diagn\u00f3stico, a interven\u00e7\u00e3o e os mecanismos de apoio existentes.<\/p>\n\n\n\n<p>A sess\u00e3o \u201cSa\u00fade em Dia: Vamos falar sobre a Doen\u00e7a de Alzheimer\u201d est\u00e1 enquadrada na atividade \u201cSa\u00fade em Dia\u201d, um conjunto de sess\u00f5es informativas que pretendem esclarecer a popula\u00e7\u00e3o algarvia sobre importantes temas relacionados com a \u00e1rea da sa\u00fade, atrav\u00e9s de uma comunica\u00e7\u00e3o simples e objetiva, que desmitifica alguns conceitos err\u00f3neos. Para isso, contam com o importante apoio de profissionais de sa\u00fade e de Associa\u00e7\u00f5es de doentes associadas \u00e0 Plataforma Sa\u00fade em Di\u00e1logo, que se juntam nesta miss\u00e3o de promover a literacia em sa\u00fade no seio da comunidade idosa do Algarve.<\/p>\n\n\n\n<p>A iniciativa \u00e9 gratuita e aberta ao p\u00fablico em geral, mediante inscri\u00e7\u00e3o obrigat\u00f3ria <a href=\"https:\/\/docs.google.com\/forms\/d\/e\/1FAIpQLSflSpDTBwG9-btnMPfnKmNw80c56Ah804eqVda7w2ozIZnASg\/viewform?usp=sf_link\" target=\"_blank\" rel=\"noreferrer noopener\">aqui<\/a>.<\/p>\n","protected":false},"excerpt":{"rendered":"<p>No dia pr\u00f3ximo dia 29 de mar\u00e7o o tema que entra em palco, das 15h30 \u00e0s 17h30, no audit\u00f3rio do<\/p>\n","protected":false},"author":1,"featured_media":26621,"comment_status":"closed","ping_status":"open","sticky":false,"template":"","format":"standard","meta":{"colormag_page_container_layout":"default_layout","colormag_page_sidebar_layout":"default_layout","_monsterinsights_skip_tracking":false,"_monsterinsights_sitenote_active":false,"_monsterinsights_sitenote_note":"","_monsterinsights_sitenote_category":0,"jetpack_post_was_ever_published":false,"_jetpack_newsletter_access":"","_jetpack_dont_email_post_to_subs":false,"_jetpack_newsletter_tier_id":0,"_jetpack_memberships_contains_paywalled_content":false,"_jetpack_memberships_contains_paid_content":false,"footnotes":"","jetpack_publicize_message":"","jetpack_publicize_feature_enabled":true,"jetpack_social_post_already_shared":true,"jetpack_social_options":{"image_generator_settings":{"template":"highway","default_image_id":0,"font":"","enabled":false},"version":2}},"categories":[59],"tags":[36,181,57,58],"class_list":["post-26620","post","type-post","status-publish","format-standard","has-post-thumbnail","hentry","category-saude","tag-algarve","tag-chua","tag-faro","tag-saude"],"yoast_head":"<!-- This site is optimized with the Yoast SEO plugin v27.5 - https:\/\/yoast.com\/product\/yoast-seo-wordpress\/ -->\n<title>Vamos falar sobre a Doen\u00e7a de Alzheimer no CHUA - Algarve 7<\/title>\n<meta name=\"description\" content=\"Vamos falar sobre a Doen\u00e7a de Alzheimer no CHUA Sa\u00fade\" \/>\n<meta name=\"robots\" content=\"index, follow, max-snippet:-1, max-image-preview:large, max-video-preview:-1\" \/>\n<link rel=\"canonical\" href=\"https:\/\/algarve7.pt\/index.php\/2023\/03\/vamos-falar-sobre-a-doenca-de-alzheimer-no-chua\/saude\/12\/30\/\" \/>\n<meta property=\"og:locale\" content=\"pt_PT\" \/>\n<meta property=\"og:type\" content=\"article\" \/>\n<meta property=\"og:title\" content=\"Vamos falar sobre a Doen\u00e7a de Alzheimer no CHUA - Algarve 7\" \/>\n<meta property=\"og:description\" content=\"Vamos falar sobre a Doen\u00e7a de Alzheimer no CHUA Sa\u00fade\" \/>\n<meta property=\"og:url\" content=\"https:\/\/algarve7.pt\/index.php\/2023\/03\/vamos-falar-sobre-a-doenca-de-alzheimer-no-chua\/saude\/12\/30\/\" \/>\n<meta property=\"og:site_name\" content=\"Algarve 7\" \/>\n<meta property=\"article:publisher\" content=\"https:\/\/www.facebook.com\/algarve7\" \/>\n<meta property=\"article:author\" content=\"https:\/\/www.facebook.com\/algarve7\" \/>\n<meta property=\"article:published_time\" content=\"2023-03-28T11:30:00+00:00\" \/>\n<meta property=\"og:image\" content=\"https:\/\/algarve7.pt\/wp-content\/uploads\/2023\/03\/EspacoSaude360_Logotipo.jpg\" \/>\n\t<meta property=\"og:image:width\" content=\"800\" \/>\n\t<meta property=\"og:image:height\" content=\"450\" \/>\n\t<meta property=\"og:image:type\" content=\"image\/jpeg\" \/>\n<meta name=\"author\" content=\"Algarve 7\" \/>\n<meta name=\"twitter:card\" content=\"summary_large_image\" \/>\n<meta name=\"twitter:creator\" content=\"@Algarvesete\" \/>\n<meta name=\"twitter:site\" content=\"@Algarvesete\" \/>\n<meta name=\"twitter:label1\" content=\"Escrito por\" \/>\n\t<meta name=\"twitter:data1\" content=\"Algarve 7\" \/>\n\t<meta name=\"twitter:label2\" content=\"Tempo estimado de leitura\" \/>\n\t<meta name=\"twitter:data2\" content=\"3 minutos\" \/>\n<script type=\"application\/ld+json\" class=\"yoast-schema-graph\">{\"@context\":\"https:\\\/\\\/schema.org\",\"@graph\":[{\"@type\":\"Article\",\"@id\":\"https:\\\/\\\/algarve7.pt\\\/index.php\\\/2023\\\/03\\\/vamos-falar-sobre-a-doenca-de-alzheimer-no-chua\\\/saude\\\/12\\\/30\\\/#article\",\"isPartOf\":{\"@id\":\"https:\\\/\\\/algarve7.pt\\\/index.php\\\/2023\\\/03\\\/vamos-falar-sobre-a-doenca-de-alzheimer-no-chua\\\/saude\\\/12\\\/30\\\/\"},\"author\":{\"name\":\"Algarve 7\",\"@id\":\"https:\\\/\\\/algarve7.pt\\\/#\\\/schema\\\/person\\\/23fa70681308e7b319a3204bcea45e0c\"},\"headline\":\"Vamos falar sobre a Doen\u00e7a de Alzheimer no CHUA\",\"datePublished\":\"2023-03-28T11:30:00+00:00\",\"mainEntityOfPage\":{\"@id\":\"https:\\\/\\\/algarve7.pt\\\/index.php\\\/2023\\\/03\\\/vamos-falar-sobre-a-doenca-de-alzheimer-no-chua\\\/saude\\\/12\\\/30\\\/\"},\"wordCount\":507,\"publisher\":{\"@id\":\"https:\\\/\\\/algarve7.pt\\\/#organization\"},\"image\":{\"@id\":\"https:\\\/\\\/algarve7.pt\\\/index.php\\\/2023\\\/03\\\/vamos-falar-sobre-a-doenca-de-alzheimer-no-chua\\\/saude\\\/12\\\/30\\\/#primaryimage\"},\"thumbnailUrl\":\"https:\\\/\\\/algarve7.pt\\\/wp-content\\\/uploads\\\/2023\\\/03\\\/EspacoSaude360_Logotipo.jpg\",\"keywords\":[\"Algarve\",\"CHUA\",\"Faro\",\"Sa\u00fade\"],\"articleSection\":[\"Sa\u00fade\"],\"inLanguage\":\"pt-PT\"},{\"@type\":\"WebPage\",\"@id\":\"https:\\\/\\\/algarve7.pt\\\/index.php\\\/2023\\\/03\\\/vamos-falar-sobre-a-doenca-de-alzheimer-no-chua\\\/saude\\\/12\\\/30\\\/\",\"url\":\"https:\\\/\\\/algarve7.pt\\\/index.php\\\/2023\\\/03\\\/vamos-falar-sobre-a-doenca-de-alzheimer-no-chua\\\/saude\\\/12\\\/30\\\/\",\"name\":\"Vamos falar sobre a Doen\u00e7a de Alzheimer no CHUA - Algarve 7\",\"isPartOf\":{\"@id\":\"https:\\\/\\\/algarve7.pt\\\/#website\"},\"primaryImageOfPage\":{\"@id\":\"https:\\\/\\\/algarve7.pt\\\/index.php\\\/2023\\\/03\\\/vamos-falar-sobre-a-doenca-de-alzheimer-no-chua\\\/saude\\\/12\\\/30\\\/#primaryimage\"},\"image\":{\"@id\":\"https:\\\/\\\/algarve7.pt\\\/index.php\\\/2023\\\/03\\\/vamos-falar-sobre-a-doenca-de-alzheimer-no-chua\\\/saude\\\/12\\\/30\\\/#primaryimage\"},\"thumbnailUrl\":\"https:\\\/\\\/algarve7.pt\\\/wp-content\\\/uploads\\\/2023\\\/03\\\/EspacoSaude360_Logotipo.jpg\",\"datePublished\":\"2023-03-28T11:30:00+00:00\",\"description\":\"Vamos falar sobre a Doen\u00e7a de Alzheimer no CHUA Sa\u00fade\",\"breadcrumb\":{\"@id\":\"https:\\\/\\\/algarve7.pt\\\/index.php\\\/2023\\\/03\\\/vamos-falar-sobre-a-doenca-de-alzheimer-no-chua\\\/saude\\\/12\\\/30\\\/#breadcrumb\"},\"inLanguage\":\"pt-PT\",\"potentialAction\":[{\"@type\":\"ReadAction\",\"target\":[\"https:\\\/\\\/algarve7.pt\\\/index.php\\\/2023\\\/03\\\/vamos-falar-sobre-a-doenca-de-alzheimer-no-chua\\\/saude\\\/12\\\/30\\\/\"]}]},{\"@type\":\"ImageObject\",\"inLanguage\":\"pt-PT\",\"@id\":\"https:\\\/\\\/algarve7.pt\\\/index.php\\\/2023\\\/03\\\/vamos-falar-sobre-a-doenca-de-alzheimer-no-chua\\\/saude\\\/12\\\/30\\\/#primaryimage\",\"url\":\"https:\\\/\\\/algarve7.pt\\\/wp-content\\\/uploads\\\/2023\\\/03\\\/EspacoSaude360_Logotipo.jpg\",\"contentUrl\":\"https:\\\/\\\/algarve7.pt\\\/wp-content\\\/uploads\\\/2023\\\/03\\\/EspacoSaude360_Logotipo.jpg\",\"width\":800,\"height\":450},{\"@type\":\"BreadcrumbList\",\"@id\":\"https:\\\/\\\/algarve7.pt\\\/index.php\\\/2023\\\/03\\\/vamos-falar-sobre-a-doenca-de-alzheimer-no-chua\\\/saude\\\/12\\\/30\\\/#breadcrumb\",\"itemListElement\":[{\"@type\":\"ListItem\",\"position\":1,\"name\":\"In\u00edcio\",\"item\":\"https:\\\/\\\/algarve7.pt\\\/\"},{\"@type\":\"ListItem\",\"position\":2,\"name\":\"Vamos falar sobre a Doen\u00e7a de Alzheimer no CHUA\"}]},{\"@type\":\"WebSite\",\"@id\":\"https:\\\/\\\/algarve7.pt\\\/#website\",\"url\":\"https:\\\/\\\/algarve7.pt\\\/\",\"name\":\"Algarve 7\",\"description\":\"Informa\u00e7\u00e3o sobre o Algarve\",\"publisher\":{\"@id\":\"https:\\\/\\\/algarve7.pt\\\/#organization\"},\"potentialAction\":[{\"@type\":\"SearchAction\",\"target\":{\"@type\":\"EntryPoint\",\"urlTemplate\":\"https:\\\/\\\/algarve7.pt\\\/?s={search_term_string}\"},\"query-input\":{\"@type\":\"PropertyValueSpecification\",\"valueRequired\":true,\"valueName\":\"search_term_string\"}}],\"inLanguage\":\"pt-PT\"},{\"@type\":\"Organization\",\"@id\":\"https:\\\/\\\/algarve7.pt\\\/#organization\",\"name\":\"Algarve 7\",\"url\":\"https:\\\/\\\/algarve7.pt\\\/\",\"logo\":{\"@type\":\"ImageObject\",\"inLanguage\":\"pt-PT\",\"@id\":\"https:\\\/\\\/algarve7.pt\\\/#\\\/schema\\\/logo\\\/image\\\/\",\"url\":\"https:\\\/\\\/algarve7.pt\\\/wp-content\\\/uploads\\\/2020\\\/10\\\/Logo-8.jpg\",\"contentUrl\":\"https:\\\/\\\/algarve7.pt\\\/wp-content\\\/uploads\\\/2020\\\/10\\\/Logo-8.jpg\",\"width\":1680,\"height\":1186,\"caption\":\"Algarve 7\"},\"image\":{\"@id\":\"https:\\\/\\\/algarve7.pt\\\/#\\\/schema\\\/logo\\\/image\\\/\"},\"sameAs\":[\"https:\\\/\\\/www.facebook.com\\\/algarve7\",\"https:\\\/\\\/x.com\\\/Algarvesete\",\"https:\\\/\\\/www.instagram.com\\\/jornalalgarve7\\\/\",\"https:\\\/\\\/www.linkedin.com\\\/company\\\/algarve7\",\"https:\\\/\\\/www.pinterest.pt\\\/geral0939\\\/_created\\\/\"]},{\"@type\":\"Person\",\"@id\":\"https:\\\/\\\/algarve7.pt\\\/#\\\/schema\\\/person\\\/23fa70681308e7b319a3204bcea45e0c\",\"name\":\"Algarve 7\",\"sameAs\":[\"https:\\\/\\\/algarve7.pt\",\"https:\\\/\\\/www.facebook.com\\\/algarve7\"],\"url\":\"https:\\\/\\\/algarve7.pt\\\/index.php\\\/author\\\/geralalgarve7-pt\\\/\"}]}<\/script>\n<!-- \/ Yoast SEO plugin. -->","yoast_head_json":{"title":"Vamos falar sobre a Doen\u00e7a de Alzheimer no CHUA - Algarve 7","description":"Vamos falar sobre a Doen\u00e7a de Alzheimer no CHUA Sa\u00fade","robots":{"index":"index","follow":"follow","max-snippet":"max-snippet:-1","max-image-preview":"max-image-preview:large","max-video-preview":"max-video-preview:-1"},"canonical":"https:\/\/algarve7.pt\/index.php\/2023\/03\/vamos-falar-sobre-a-doenca-de-alzheimer-no-chua\/saude\/12\/30\/","og_locale":"pt_PT","og_type":"article","og_title":"Vamos falar sobre a Doen\u00e7a de Alzheimer no CHUA - Algarve 7","og_description":"Vamos falar sobre a Doen\u00e7a de Alzheimer no CHUA Sa\u00fade","og_url":"https:\/\/algarve7.pt\/index.php\/2023\/03\/vamos-falar-sobre-a-doenca-de-alzheimer-no-chua\/saude\/12\/30\/","og_site_name":"Algarve 7","article_publisher":"https:\/\/www.facebook.com\/algarve7","article_author":"https:\/\/www.facebook.com\/algarve7","article_published_time":"2023-03-28T11:30:00+00:00","og_image":[{"width":800,"height":450,"url":"https:\/\/algarve7.pt\/wp-content\/uploads\/2023\/03\/EspacoSaude360_Logotipo.jpg","type":"image\/jpeg"}],"author":"Algarve 7","twitter_card":"summary_large_image","twitter_creator":"@Algarvesete","twitter_site":"@Algarvesete","twitter_misc":{"Escrito por":"Algarve 7","Tempo estimado de leitura":"3 minutos"},"schema":{"@context":"https:\/\/schema.org","@graph":[{"@type":"Article","@id":"https:\/\/algarve7.pt\/index.php\/2023\/03\/vamos-falar-sobre-a-doenca-de-alzheimer-no-chua\/saude\/12\/30\/#article","isPartOf":{"@id":"https:\/\/algarve7.pt\/index.php\/2023\/03\/vamos-falar-sobre-a-doenca-de-alzheimer-no-chua\/saude\/12\/30\/"},"author":{"name":"Algarve 7","@id":"https:\/\/algarve7.pt\/#\/schema\/person\/23fa70681308e7b319a3204bcea45e0c"},"headline":"Vamos falar sobre a Doen\u00e7a de Alzheimer no CHUA","datePublished":"2023-03-28T11:30:00+00:00","mainEntityOfPage":{"@id":"https:\/\/algarve7.pt\/index.php\/2023\/03\/vamos-falar-sobre-a-doenca-de-alzheimer-no-chua\/saude\/12\/30\/"},"wordCount":507,"publisher":{"@id":"https:\/\/algarve7.pt\/#organization"},"image":{"@id":"https:\/\/algarve7.pt\/index.php\/2023\/03\/vamos-falar-sobre-a-doenca-de-alzheimer-no-chua\/saude\/12\/30\/#primaryimage"},"thumbnailUrl":"https:\/\/algarve7.pt\/wp-content\/uploads\/2023\/03\/EspacoSaude360_Logotipo.jpg","keywords":["Algarve","CHUA","Faro","Sa\u00fade"],"articleSection":["Sa\u00fade"],"inLanguage":"pt-PT"},{"@type":"WebPage","@id":"https:\/\/algarve7.pt\/index.php\/2023\/03\/vamos-falar-sobre-a-doenca-de-alzheimer-no-chua\/saude\/12\/30\/","url":"https:\/\/algarve7.pt\/index.php\/2023\/03\/vamos-falar-sobre-a-doenca-de-alzheimer-no-chua\/saude\/12\/30\/","name":"Vamos falar sobre a Doen\u00e7a de Alzheimer no CHUA - Algarve 7","isPartOf":{"@id":"https:\/\/algarve7.pt\/#website"},"primaryImageOfPage":{"@id":"https:\/\/algarve7.pt\/index.php\/2023\/03\/vamos-falar-sobre-a-doenca-de-alzheimer-no-chua\/saude\/12\/30\/#primaryimage"},"image":{"@id":"https:\/\/algarve7.pt\/index.php\/2023\/03\/vamos-falar-sobre-a-doenca-de-alzheimer-no-chua\/saude\/12\/30\/#primaryimage"},"thumbnailUrl":"https:\/\/algarve7.pt\/wp-content\/uploads\/2023\/03\/EspacoSaude360_Logotipo.jpg","datePublished":"2023-03-28T11:30:00+00:00","description":"Vamos falar sobre a Doen\u00e7a de Alzheimer no CHUA Sa\u00fade","breadcrumb":{"@id":"https:\/\/algarve7.pt\/index.php\/2023\/03\/vamos-falar-sobre-a-doenca-de-alzheimer-no-chua\/saude\/12\/30\/#breadcrumb"},"inLanguage":"pt-PT","potentialAction":[{"@type":"ReadAction","target":["https:\/\/algarve7.pt\/index.php\/2023\/03\/vamos-falar-sobre-a-doenca-de-alzheimer-no-chua\/saude\/12\/30\/"]}]},{"@type":"ImageObject","inLanguage":"pt-PT","@id":"https:\/\/algarve7.pt\/index.php\/2023\/03\/vamos-falar-sobre-a-doenca-de-alzheimer-no-chua\/saude\/12\/30\/#primaryimage","url":"https:\/\/algarve7.pt\/wp-content\/uploads\/2023\/03\/EspacoSaude360_Logotipo.jpg","contentUrl":"https:\/\/algarve7.pt\/wp-content\/uploads\/2023\/03\/EspacoSaude360_Logotipo.jpg","width":800,"height":450},{"@type":"BreadcrumbList","@id":"https:\/\/algarve7.pt\/index.php\/2023\/03\/vamos-falar-sobre-a-doenca-de-alzheimer-no-chua\/saude\/12\/30\/#breadcrumb","itemListElement":[{"@type":"ListItem","position":1,"name":"In\u00edcio","item":"https:\/\/algarve7.pt\/"},{"@type":"ListItem","position":2,"name":"Vamos falar sobre a Doen\u00e7a de Alzheimer no CHUA"}]},{"@type":"WebSite","@id":"https:\/\/algarve7.pt\/#website","url":"https:\/\/algarve7.pt\/","name":"Algarve 7","description":"Informa\u00e7\u00e3o sobre o Algarve","publisher":{"@id":"https:\/\/algarve7.pt\/#organization"},"potentialAction":[{"@type":"SearchAction","target":{"@type":"EntryPoint","urlTemplate":"https:\/\/algarve7.pt\/?s={search_term_string}"},"query-input":{"@type":"PropertyValueSpecification","valueRequired":true,"valueName":"search_term_string"}}],"inLanguage":"pt-PT"},{"@type":"Organization","@id":"https:\/\/algarve7.pt\/#organization","name":"Algarve 7","url":"https:\/\/algarve7.pt\/","logo":{"@type":"ImageObject","inLanguage":"pt-PT","@id":"https:\/\/algarve7.pt\/#\/schema\/logo\/image\/","url":"https:\/\/algarve7.pt\/wp-content\/uploads\/2020\/10\/Logo-8.jpg","contentUrl":"https:\/\/algarve7.pt\/wp-content\/uploads\/2020\/10\/Logo-8.jpg","width":1680,"height":1186,"caption":"Algarve 7"},"image":{"@id":"https:\/\/algarve7.pt\/#\/schema\/logo\/image\/"},"sameAs":["https:\/\/www.facebook.com\/algarve7","https:\/\/x.com\/Algarvesete","https:\/\/www.instagram.com\/jornalalgarve7\/","https:\/\/www.linkedin.com\/company\/algarve7","https:\/\/www.pinterest.pt\/geral0939\/_created\/"]},{"@type":"Person","@id":"https:\/\/algarve7.pt\/#\/schema\/person\/23fa70681308e7b319a3204bcea45e0c","name":"Algarve 7","sameAs":["https:\/\/algarve7.pt","https:\/\/www.facebook.com\/algarve7"],"url":"https:\/\/algarve7.pt\/index.php\/author\/geralalgarve7-pt\/"}]}},"jetpack_publicize_connections":[],"jetpack_featured_media_url":"https:\/\/algarve7.pt\/wp-content\/uploads\/2023\/03\/EspacoSaude360_Logotipo.jpg","jetpack_shortlink":"https:\/\/wp.me\/pcezmW-6Vm","jetpack_sharing_enabled":true,"_links":{"self":[{"href":"https:\/\/algarve7.pt\/index.php\/wp-json\/wp\/v2\/posts\/26620","targetHints":{"allow":["GET"]}}],"collection":[{"href":"https:\/\/algarve7.pt\/index.php\/wp-json\/wp\/v2\/posts"}],"about":[{"href":"https:\/\/algarve7.pt\/index.php\/wp-json\/wp\/v2\/types\/post"}],"author":[{"embeddable":true,"href":"https:\/\/algarve7.pt\/index.php\/wp-json\/wp\/v2\/users\/1"}],"replies":[{"embeddable":true,"href":"https:\/\/algarve7.pt\/index.php\/wp-json\/wp\/v2\/comments?post=26620"}],"version-history":[{"count":0,"href":"https:\/\/algarve7.pt\/index.php\/wp-json\/wp\/v2\/posts\/26620\/revisions"}],"wp:featuredmedia":[{"embeddable":true,"href":"https:\/\/algarve7.pt\/index.php\/wp-json\/wp\/v2\/media\/26621"}],"wp:attachment":[{"href":"https:\/\/algarve7.pt\/index.php\/wp-json\/wp\/v2\/media?parent=26620"}],"wp:term":[{"taxonomy":"category","embeddable":true,"href":"https:\/\/algarve7.pt\/index.php\/wp-json\/wp\/v2\/categories?post=26620"},{"taxonomy":"post_tag","embeddable":true,"href":"https:\/\/algarve7.pt\/index.php\/wp-json\/wp\/v2\/tags?post=26620"}],"curies":[{"name":"wp","href":"https:\/\/api.w.org\/{rel}","templated":true}]}}