{"id":2659,"date":"2020-10-19T15:20:47","date_gmt":"2020-10-19T14:20:47","guid":{"rendered":"https:\/\/algarve7.pt\/?p=2659"},"modified":"2020-10-19T14:21:15","modified_gmt":"2020-10-19T13:21:15","slug":"cidadania-e-direitos-dos-consumidores-e-tema-de-webinar-promovido-pelo-municipio-de-olhao-e-a-deco","status":"publish","type":"post","link":"https:\/\/algarve7.pt\/index.php\/2020\/10\/cidadania-e-direitos-dos-consumidores-e-tema-de-webinar-promovido-pelo-municipio-de-olhao-e-a-deco\/atualidade\/15\/20\/","title":{"rendered":"Cidadania e Direitos dos Consumidores \u00e9 tema de webinar promovido pelo Munic\u00edpio de Olh\u00e3o e a Deco"},"content":{"rendered":"\n<p>O Munic\u00edpio de Olh\u00e3o promove na pr\u00f3xima sexta feira, 23 de outubro, entre as 10h00 e as 11h30, o webinar\u00a0<em>Cidadania e Direitos dos Consumidores<\/em>, numa parceria com a Associa\u00e7\u00e3o Portuguesa para a Defesa do Consumidor (DECO).<\/p>\n\n\n\n<p>Olh\u00e3o assinala, desta forma, o Dia Municipal para a Igualdade, atrav\u00e9s da disponibiliza\u00e7\u00e3o de informa\u00e7\u00e3o na \u00e1rea dos direitos dos consumidores, tema cada vez mais importante para o exerc\u00edcio da cidadania e para a defesa da qualidade de vida.<\/p>\n\n\n\n<p>O webinar, gratuito mas sujeito a inscri\u00e7\u00e3o pr\u00e9via, ter\u00e1 lugar atrav\u00e9s de uma plataforma de videoconfer\u00eancia. Os interessados podem agendar a sua participa\u00e7\u00e3o at\u00e9 ao pr\u00f3ximo dia 21 de outubro, atrav\u00e9s de mensagem a enviar para\u00a0<a href=\"mailto:redesocial@cm-olhao.pt\" target=\"_blank\" rel=\"noreferrer noopener\">redesocial@cm-olhao.pt<\/a>, com a indica\u00e7\u00e3o do nome da institui\u00e7\u00e3o que representam, nome dos participantes e respetivo email, para o qual ser\u00e1 posteriormente enviado o link de acesso.<\/p>\n","protected":false},"excerpt":{"rendered":"<p>O Munic\u00edpio de Olh\u00e3o promove na pr\u00f3xima sexta feira, 23 de outubro, entre as 10h00 e as 11h30, o webinar\u00a0Cidadania<\/p>\n","protected":false},"author":1,"featured_media":2660,"comment_status":"closed","ping_status":"open","sticky":false,"template":"","format":"standard","meta":{"colormag_page_container_layout":"default_layout","colormag_page_sidebar_layout":"default_layout","_monsterinsights_skip_tracking":false,"_monsterinsights_sitenote_active":false,"_monsterinsights_sitenote_note":"","_monsterinsights_sitenote_category":0,"jetpack_post_was_ever_published":false,"_jetpack_newsletter_access":"","_jetpack_dont_email_post_to_subs":false,"_jetpack_newsletter_tier_id":0,"_jetpack_memberships_contains_paywalled_content":false,"_jetpack_memberships_contains_paid_content":false,"footnotes":"","jetpack_publicize_message":"","jetpack_publicize_feature_enabled":true,"jetpack_social_post_already_shared":true,"jetpack_social_options":{"image_generator_settings":{"template":"highway","default_image_id":0,"font":"","enabled":false},"version":2}},"categories":[11],"tags":[36,62,134,37],"class_list":["post-2659","post","type-post","status-publish","format-standard","has-post-thumbnail","hentry","category-atualidade","tag-algarve","tag-atualidade","tag-deco","tag-olhao"],"yoast_head":"<!-- This site is optimized with the Yoast SEO plugin v27.5 - https:\/\/yoast.com\/product\/yoast-seo-wordpress\/ -->\n<title>Cidadania e Direitos dos Consumidores \u00e9 tema de webinar promovido pelo Munic\u00edpio de Olh\u00e3o e a Deco - Algarve 7<\/title>\n<meta name=\"description\" content=\"Cidadania e Direitos dos Consumidores \u00e9 tema de webinar promovido pelo Munic\u00edpio de Olh\u00e3o e a Deco\" \/>\n<meta name=\"robots\" content=\"index, follow, max-snippet:-1, max-image-preview:large, max-video-preview:-1\" \/>\n<link rel=\"canonical\" href=\"https:\/\/algarve7.pt\/index.php\/2020\/10\/cidadania-e-direitos-dos-consumidores-e-tema-de-webinar-promovido-pelo-municipio-de-olhao-e-a-deco\/atualidade\/15\/20\/\" \/>\n<meta property=\"og:locale\" content=\"pt_PT\" \/>\n<meta property=\"og:type\" content=\"article\" \/>\n<meta property=\"og:title\" content=\"Cidadania e Direitos dos Consumidores \u00e9 tema de webinar promovido pelo Munic\u00edpio de Olh\u00e3o e a Deco - Algarve 7\" \/>\n<meta property=\"og:description\" content=\"Cidadania e Direitos dos Consumidores \u00e9 tema de webinar promovido pelo Munic\u00edpio de Olh\u00e3o e a Deco\" \/>\n<meta property=\"og:url\" content=\"https:\/\/algarve7.pt\/index.php\/2020\/10\/cidadania-e-direitos-dos-consumidores-e-tema-de-webinar-promovido-pelo-municipio-de-olhao-e-a-deco\/atualidade\/15\/20\/\" \/>\n<meta property=\"og:site_name\" content=\"Algarve 7\" \/>\n<meta property=\"article:publisher\" content=\"https:\/\/www.facebook.com\/algarve7\" \/>\n<meta property=\"article:author\" content=\"https:\/\/www.facebook.com\/algarve7\" \/>\n<meta property=\"article:published_time\" content=\"2020-10-19T14:20:47+00:00\" \/>\n<meta property=\"og:image\" content=\"https:\/\/algarve7.pt\/wp-content\/uploads\/2020\/10\/cartaz-webinar-DECO_Olhao.23out.png\" \/>\n\t<meta property=\"og:image:width\" content=\"960\" \/>\n\t<meta property=\"og:image:height\" content=\"960\" \/>\n\t<meta property=\"og:image:type\" content=\"image\/png\" \/>\n<meta name=\"author\" content=\"Algarve 7\" \/>\n<meta name=\"twitter:card\" content=\"summary_large_image\" \/>\n<meta name=\"twitter:creator\" content=\"@Algarvesete\" \/>\n<meta name=\"twitter:site\" content=\"@Algarvesete\" \/>\n<meta name=\"twitter:label1\" content=\"Escrito por\" \/>\n\t<meta name=\"twitter:data1\" content=\"Algarve 7\" \/>\n\t<meta name=\"twitter:label2\" content=\"Tempo estimado de leitura\" \/>\n\t<meta name=\"twitter:data2\" content=\"1 minuto\" \/>\n<script type=\"application\/ld+json\" class=\"yoast-schema-graph\">{\"@context\":\"https:\\\/\\\/schema.org\",\"@graph\":[{\"@type\":\"Article\",\"@id\":\"https:\\\/\\\/algarve7.pt\\\/index.php\\\/2020\\\/10\\\/cidadania-e-direitos-dos-consumidores-e-tema-de-webinar-promovido-pelo-municipio-de-olhao-e-a-deco\\\/atualidade\\\/15\\\/20\\\/#article\",\"isPartOf\":{\"@id\":\"https:\\\/\\\/algarve7.pt\\\/index.php\\\/2020\\\/10\\\/cidadania-e-direitos-dos-consumidores-e-tema-de-webinar-promovido-pelo-municipio-de-olhao-e-a-deco\\\/atualidade\\\/15\\\/20\\\/\"},\"author\":{\"name\":\"Algarve 7\",\"@id\":\"https:\\\/\\\/algarve7.pt\\\/#\\\/schema\\\/person\\\/23fa70681308e7b319a3204bcea45e0c\"},\"headline\":\"Cidadania e Direitos dos Consumidores \u00e9 tema de webinar promovido pelo Munic\u00edpio de Olh\u00e3o e a Deco\",\"datePublished\":\"2020-10-19T14:20:47+00:00\",\"mainEntityOfPage\":{\"@id\":\"https:\\\/\\\/algarve7.pt\\\/index.php\\\/2020\\\/10\\\/cidadania-e-direitos-dos-consumidores-e-tema-de-webinar-promovido-pelo-municipio-de-olhao-e-a-deco\\\/atualidade\\\/15\\\/20\\\/\"},\"wordCount\":174,\"publisher\":{\"@id\":\"https:\\\/\\\/algarve7.pt\\\/#organization\"},\"image\":{\"@id\":\"https:\\\/\\\/algarve7.pt\\\/index.php\\\/2020\\\/10\\\/cidadania-e-direitos-dos-consumidores-e-tema-de-webinar-promovido-pelo-municipio-de-olhao-e-a-deco\\\/atualidade\\\/15\\\/20\\\/#primaryimage\"},\"thumbnailUrl\":\"https:\\\/\\\/algarve7.pt\\\/wp-content\\\/uploads\\\/2020\\\/10\\\/cartaz-webinar-DECO_Olhao.23out.png\",\"keywords\":[\"Algarve\",\"Atualidade\",\"DECO\",\"Olh\u00e3o\"],\"articleSection\":[\"Atualidade\"],\"inLanguage\":\"pt-PT\"},{\"@type\":\"WebPage\",\"@id\":\"https:\\\/\\\/algarve7.pt\\\/index.php\\\/2020\\\/10\\\/cidadania-e-direitos-dos-consumidores-e-tema-de-webinar-promovido-pelo-municipio-de-olhao-e-a-deco\\\/atualidade\\\/15\\\/20\\\/\",\"url\":\"https:\\\/\\\/algarve7.pt\\\/index.php\\\/2020\\\/10\\\/cidadania-e-direitos-dos-consumidores-e-tema-de-webinar-promovido-pelo-municipio-de-olhao-e-a-deco\\\/atualidade\\\/15\\\/20\\\/\",\"name\":\"Cidadania e Direitos dos Consumidores \u00e9 tema de webinar promovido pelo Munic\u00edpio de Olh\u00e3o e a Deco - Algarve 7\",\"isPartOf\":{\"@id\":\"https:\\\/\\\/algarve7.pt\\\/#website\"},\"primaryImageOfPage\":{\"@id\":\"https:\\\/\\\/algarve7.pt\\\/index.php\\\/2020\\\/10\\\/cidadania-e-direitos-dos-consumidores-e-tema-de-webinar-promovido-pelo-municipio-de-olhao-e-a-deco\\\/atualidade\\\/15\\\/20\\\/#primaryimage\"},\"image\":{\"@id\":\"https:\\\/\\\/algarve7.pt\\\/index.php\\\/2020\\\/10\\\/cidadania-e-direitos-dos-consumidores-e-tema-de-webinar-promovido-pelo-municipio-de-olhao-e-a-deco\\\/atualidade\\\/15\\\/20\\\/#primaryimage\"},\"thumbnailUrl\":\"https:\\\/\\\/algarve7.pt\\\/wp-content\\\/uploads\\\/2020\\\/10\\\/cartaz-webinar-DECO_Olhao.23out.png\",\"datePublished\":\"2020-10-19T14:20:47+00:00\",\"description\":\"Cidadania e Direitos dos Consumidores \u00e9 tema de webinar promovido pelo Munic\u00edpio de Olh\u00e3o e a Deco\",\"breadcrumb\":{\"@id\":\"https:\\\/\\\/algarve7.pt\\\/index.php\\\/2020\\\/10\\\/cidadania-e-direitos-dos-consumidores-e-tema-de-webinar-promovido-pelo-municipio-de-olhao-e-a-deco\\\/atualidade\\\/15\\\/20\\\/#breadcrumb\"},\"inLanguage\":\"pt-PT\",\"potentialAction\":[{\"@type\":\"ReadAction\",\"target\":[\"https:\\\/\\\/algarve7.pt\\\/index.php\\\/2020\\\/10\\\/cidadania-e-direitos-dos-consumidores-e-tema-de-webinar-promovido-pelo-municipio-de-olhao-e-a-deco\\\/atualidade\\\/15\\\/20\\\/\"]}]},{\"@type\":\"ImageObject\",\"inLanguage\":\"pt-PT\",\"@id\":\"https:\\\/\\\/algarve7.pt\\\/index.php\\\/2020\\\/10\\\/cidadania-e-direitos-dos-consumidores-e-tema-de-webinar-promovido-pelo-municipio-de-olhao-e-a-deco\\\/atualidade\\\/15\\\/20\\\/#primaryimage\",\"url\":\"https:\\\/\\\/algarve7.pt\\\/wp-content\\\/uploads\\\/2020\\\/10\\\/cartaz-webinar-DECO_Olhao.23out.png\",\"contentUrl\":\"https:\\\/\\\/algarve7.pt\\\/wp-content\\\/uploads\\\/2020\\\/10\\\/cartaz-webinar-DECO_Olhao.23out.png\",\"width\":960,\"height\":960},{\"@type\":\"BreadcrumbList\",\"@id\":\"https:\\\/\\\/algarve7.pt\\\/index.php\\\/2020\\\/10\\\/cidadania-e-direitos-dos-consumidores-e-tema-de-webinar-promovido-pelo-municipio-de-olhao-e-a-deco\\\/atualidade\\\/15\\\/20\\\/#breadcrumb\",\"itemListElement\":[{\"@type\":\"ListItem\",\"position\":1,\"name\":\"In\u00edcio\",\"item\":\"https:\\\/\\\/algarve7.pt\\\/\"},{\"@type\":\"ListItem\",\"position\":2,\"name\":\"Cidadania e Direitos dos Consumidores \u00e9 tema de webinar promovido pelo Munic\u00edpio de Olh\u00e3o e a Deco\"}]},{\"@type\":\"WebSite\",\"@id\":\"https:\\\/\\\/algarve7.pt\\\/#website\",\"url\":\"https:\\\/\\\/algarve7.pt\\\/\",\"name\":\"Algarve 7\",\"description\":\"Informa\u00e7\u00e3o sobre o Algarve\",\"publisher\":{\"@id\":\"https:\\\/\\\/algarve7.pt\\\/#organization\"},\"potentialAction\":[{\"@type\":\"SearchAction\",\"target\":{\"@type\":\"EntryPoint\",\"urlTemplate\":\"https:\\\/\\\/algarve7.pt\\\/?s={search_term_string}\"},\"query-input\":{\"@type\":\"PropertyValueSpecification\",\"valueRequired\":true,\"valueName\":\"search_term_string\"}}],\"inLanguage\":\"pt-PT\"},{\"@type\":\"Organization\",\"@id\":\"https:\\\/\\\/algarve7.pt\\\/#organization\",\"name\":\"Algarve 7\",\"url\":\"https:\\\/\\\/algarve7.pt\\\/\",\"logo\":{\"@type\":\"ImageObject\",\"inLanguage\":\"pt-PT\",\"@id\":\"https:\\\/\\\/algarve7.pt\\\/#\\\/schema\\\/logo\\\/image\\\/\",\"url\":\"https:\\\/\\\/algarve7.pt\\\/wp-content\\\/uploads\\\/2020\\\/10\\\/Logo-8.jpg\",\"contentUrl\":\"https:\\\/\\\/algarve7.pt\\\/wp-content\\\/uploads\\\/2020\\\/10\\\/Logo-8.jpg\",\"width\":1680,\"height\":1186,\"caption\":\"Algarve 7\"},\"image\":{\"@id\":\"https:\\\/\\\/algarve7.pt\\\/#\\\/schema\\\/logo\\\/image\\\/\"},\"sameAs\":[\"https:\\\/\\\/www.facebook.com\\\/algarve7\",\"https:\\\/\\\/x.com\\\/Algarvesete\",\"https:\\\/\\\/www.instagram.com\\\/jornalalgarve7\\\/\",\"https:\\\/\\\/www.linkedin.com\\\/company\\\/algarve7\",\"https:\\\/\\\/www.pinterest.pt\\\/geral0939\\\/_created\\\/\"]},{\"@type\":\"Person\",\"@id\":\"https:\\\/\\\/algarve7.pt\\\/#\\\/schema\\\/person\\\/23fa70681308e7b319a3204bcea45e0c\",\"name\":\"Algarve 7\",\"sameAs\":[\"https:\\\/\\\/algarve7.pt\",\"https:\\\/\\\/www.facebook.com\\\/algarve7\"],\"url\":\"https:\\\/\\\/algarve7.pt\\\/index.php\\\/author\\\/geralalgarve7-pt\\\/\"}]}<\/script>\n<!-- \/ Yoast SEO plugin. -->","yoast_head_json":{"title":"Cidadania e Direitos dos Consumidores \u00e9 tema de webinar promovido pelo Munic\u00edpio de Olh\u00e3o e a Deco - Algarve 7","description":"Cidadania e Direitos dos Consumidores \u00e9 tema de webinar promovido pelo Munic\u00edpio de Olh\u00e3o e a Deco","robots":{"index":"index","follow":"follow","max-snippet":"max-snippet:-1","max-image-preview":"max-image-preview:large","max-video-preview":"max-video-preview:-1"},"canonical":"https:\/\/algarve7.pt\/index.php\/2020\/10\/cidadania-e-direitos-dos-consumidores-e-tema-de-webinar-promovido-pelo-municipio-de-olhao-e-a-deco\/atualidade\/15\/20\/","og_locale":"pt_PT","og_type":"article","og_title":"Cidadania e Direitos dos Consumidores \u00e9 tema de webinar promovido pelo Munic\u00edpio de Olh\u00e3o e a Deco - Algarve 7","og_description":"Cidadania e Direitos dos Consumidores \u00e9 tema de webinar promovido pelo Munic\u00edpio de Olh\u00e3o e a Deco","og_url":"https:\/\/algarve7.pt\/index.php\/2020\/10\/cidadania-e-direitos-dos-consumidores-e-tema-de-webinar-promovido-pelo-municipio-de-olhao-e-a-deco\/atualidade\/15\/20\/","og_site_name":"Algarve 7","article_publisher":"https:\/\/www.facebook.com\/algarve7","article_author":"https:\/\/www.facebook.com\/algarve7","article_published_time":"2020-10-19T14:20:47+00:00","og_image":[{"width":960,"height":960,"url":"https:\/\/algarve7.pt\/wp-content\/uploads\/2020\/10\/cartaz-webinar-DECO_Olhao.23out.png","type":"image\/png"}],"author":"Algarve 7","twitter_card":"summary_large_image","twitter_creator":"@Algarvesete","twitter_site":"@Algarvesete","twitter_misc":{"Escrito por":"Algarve 7","Tempo estimado de leitura":"1 minuto"},"schema":{"@context":"https:\/\/schema.org","@graph":[{"@type":"Article","@id":"https:\/\/algarve7.pt\/index.php\/2020\/10\/cidadania-e-direitos-dos-consumidores-e-tema-de-webinar-promovido-pelo-municipio-de-olhao-e-a-deco\/atualidade\/15\/20\/#article","isPartOf":{"@id":"https:\/\/algarve7.pt\/index.php\/2020\/10\/cidadania-e-direitos-dos-consumidores-e-tema-de-webinar-promovido-pelo-municipio-de-olhao-e-a-deco\/atualidade\/15\/20\/"},"author":{"name":"Algarve 7","@id":"https:\/\/algarve7.pt\/#\/schema\/person\/23fa70681308e7b319a3204bcea45e0c"},"headline":"Cidadania e Direitos dos Consumidores \u00e9 tema de webinar promovido pelo Munic\u00edpio de Olh\u00e3o e a Deco","datePublished":"2020-10-19T14:20:47+00:00","mainEntityOfPage":{"@id":"https:\/\/algarve7.pt\/index.php\/2020\/10\/cidadania-e-direitos-dos-consumidores-e-tema-de-webinar-promovido-pelo-municipio-de-olhao-e-a-deco\/atualidade\/15\/20\/"},"wordCount":174,"publisher":{"@id":"https:\/\/algarve7.pt\/#organization"},"image":{"@id":"https:\/\/algarve7.pt\/index.php\/2020\/10\/cidadania-e-direitos-dos-consumidores-e-tema-de-webinar-promovido-pelo-municipio-de-olhao-e-a-deco\/atualidade\/15\/20\/#primaryimage"},"thumbnailUrl":"https:\/\/algarve7.pt\/wp-content\/uploads\/2020\/10\/cartaz-webinar-DECO_Olhao.23out.png","keywords":["Algarve","Atualidade","DECO","Olh\u00e3o"],"articleSection":["Atualidade"],"inLanguage":"pt-PT"},{"@type":"WebPage","@id":"https:\/\/algarve7.pt\/index.php\/2020\/10\/cidadania-e-direitos-dos-consumidores-e-tema-de-webinar-promovido-pelo-municipio-de-olhao-e-a-deco\/atualidade\/15\/20\/","url":"https:\/\/algarve7.pt\/index.php\/2020\/10\/cidadania-e-direitos-dos-consumidores-e-tema-de-webinar-promovido-pelo-municipio-de-olhao-e-a-deco\/atualidade\/15\/20\/","name":"Cidadania e Direitos dos Consumidores \u00e9 tema de webinar promovido pelo Munic\u00edpio de Olh\u00e3o e a Deco - Algarve 7","isPartOf":{"@id":"https:\/\/algarve7.pt\/#website"},"primaryImageOfPage":{"@id":"https:\/\/algarve7.pt\/index.php\/2020\/10\/cidadania-e-direitos-dos-consumidores-e-tema-de-webinar-promovido-pelo-municipio-de-olhao-e-a-deco\/atualidade\/15\/20\/#primaryimage"},"image":{"@id":"https:\/\/algarve7.pt\/index.php\/2020\/10\/cidadania-e-direitos-dos-consumidores-e-tema-de-webinar-promovido-pelo-municipio-de-olhao-e-a-deco\/atualidade\/15\/20\/#primaryimage"},"thumbnailUrl":"https:\/\/algarve7.pt\/wp-content\/uploads\/2020\/10\/cartaz-webinar-DECO_Olhao.23out.png","datePublished":"2020-10-19T14:20:47+00:00","description":"Cidadania e Direitos dos Consumidores \u00e9 tema de webinar promovido pelo Munic\u00edpio de Olh\u00e3o e a Deco","breadcrumb":{"@id":"https:\/\/algarve7.pt\/index.php\/2020\/10\/cidadania-e-direitos-dos-consumidores-e-tema-de-webinar-promovido-pelo-municipio-de-olhao-e-a-deco\/atualidade\/15\/20\/#breadcrumb"},"inLanguage":"pt-PT","potentialAction":[{"@type":"ReadAction","target":["https:\/\/algarve7.pt\/index.php\/2020\/10\/cidadania-e-direitos-dos-consumidores-e-tema-de-webinar-promovido-pelo-municipio-de-olhao-e-a-deco\/atualidade\/15\/20\/"]}]},{"@type":"ImageObject","inLanguage":"pt-PT","@id":"https:\/\/algarve7.pt\/index.php\/2020\/10\/cidadania-e-direitos-dos-consumidores-e-tema-de-webinar-promovido-pelo-municipio-de-olhao-e-a-deco\/atualidade\/15\/20\/#primaryimage","url":"https:\/\/algarve7.pt\/wp-content\/uploads\/2020\/10\/cartaz-webinar-DECO_Olhao.23out.png","contentUrl":"https:\/\/algarve7.pt\/wp-content\/uploads\/2020\/10\/cartaz-webinar-DECO_Olhao.23out.png","width":960,"height":960},{"@type":"BreadcrumbList","@id":"https:\/\/algarve7.pt\/index.php\/2020\/10\/cidadania-e-direitos-dos-consumidores-e-tema-de-webinar-promovido-pelo-municipio-de-olhao-e-a-deco\/atualidade\/15\/20\/#breadcrumb","itemListElement":[{"@type":"ListItem","position":1,"name":"In\u00edcio","item":"https:\/\/algarve7.pt\/"},{"@type":"ListItem","position":2,"name":"Cidadania e Direitos dos Consumidores \u00e9 tema de webinar promovido pelo Munic\u00edpio de Olh\u00e3o e a Deco"}]},{"@type":"WebSite","@id":"https:\/\/algarve7.pt\/#website","url":"https:\/\/algarve7.pt\/","name":"Algarve 7","description":"Informa\u00e7\u00e3o sobre o Algarve","publisher":{"@id":"https:\/\/algarve7.pt\/#organization"},"potentialAction":[{"@type":"SearchAction","target":{"@type":"EntryPoint","urlTemplate":"https:\/\/algarve7.pt\/?s={search_term_string}"},"query-input":{"@type":"PropertyValueSpecification","valueRequired":true,"valueName":"search_term_string"}}],"inLanguage":"pt-PT"},{"@type":"Organization","@id":"https:\/\/algarve7.pt\/#organization","name":"Algarve 7","url":"https:\/\/algarve7.pt\/","logo":{"@type":"ImageObject","inLanguage":"pt-PT","@id":"https:\/\/algarve7.pt\/#\/schema\/logo\/image\/","url":"https:\/\/algarve7.pt\/wp-content\/uploads\/2020\/10\/Logo-8.jpg","contentUrl":"https:\/\/algarve7.pt\/wp-content\/uploads\/2020\/10\/Logo-8.jpg","width":1680,"height":1186,"caption":"Algarve 7"},"image":{"@id":"https:\/\/algarve7.pt\/#\/schema\/logo\/image\/"},"sameAs":["https:\/\/www.facebook.com\/algarve7","https:\/\/x.com\/Algarvesete","https:\/\/www.instagram.com\/jornalalgarve7\/","https:\/\/www.linkedin.com\/company\/algarve7","https:\/\/www.pinterest.pt\/geral0939\/_created\/"]},{"@type":"Person","@id":"https:\/\/algarve7.pt\/#\/schema\/person\/23fa70681308e7b319a3204bcea45e0c","name":"Algarve 7","sameAs":["https:\/\/algarve7.pt","https:\/\/www.facebook.com\/algarve7"],"url":"https:\/\/algarve7.pt\/index.php\/author\/geralalgarve7-pt\/"}]}},"jetpack_publicize_connections":[],"jetpack_featured_media_url":"https:\/\/algarve7.pt\/wp-content\/uploads\/2020\/10\/cartaz-webinar-DECO_Olhao.23out.png","jetpack_shortlink":"https:\/\/wp.me\/pcezmW-GT","jetpack_sharing_enabled":true,"_links":{"self":[{"href":"https:\/\/algarve7.pt\/index.php\/wp-json\/wp\/v2\/posts\/2659","targetHints":{"allow":["GET"]}}],"collection":[{"href":"https:\/\/algarve7.pt\/index.php\/wp-json\/wp\/v2\/posts"}],"about":[{"href":"https:\/\/algarve7.pt\/index.php\/wp-json\/wp\/v2\/types\/post"}],"author":[{"embeddable":true,"href":"https:\/\/algarve7.pt\/index.php\/wp-json\/wp\/v2\/users\/1"}],"replies":[{"embeddable":true,"href":"https:\/\/algarve7.pt\/index.php\/wp-json\/wp\/v2\/comments?post=2659"}],"version-history":[{"count":0,"href":"https:\/\/algarve7.pt\/index.php\/wp-json\/wp\/v2\/posts\/2659\/revisions"}],"wp:featuredmedia":[{"embeddable":true,"href":"https:\/\/algarve7.pt\/index.php\/wp-json\/wp\/v2\/media\/2660"}],"wp:attachment":[{"href":"https:\/\/algarve7.pt\/index.php\/wp-json\/wp\/v2\/media?parent=2659"}],"wp:term":[{"taxonomy":"category","embeddable":true,"href":"https:\/\/algarve7.pt\/index.php\/wp-json\/wp\/v2\/categories?post=2659"},{"taxonomy":"post_tag","embeddable":true,"href":"https:\/\/algarve7.pt\/index.php\/wp-json\/wp\/v2\/tags?post=2659"}],"curies":[{"name":"wp","href":"https:\/\/api.w.org\/{rel}","templated":true}]}}