{"id":26532,"date":"2023-03-25T13:38:41","date_gmt":"2023-03-25T13:38:41","guid":{"rendered":"https:\/\/algarve7.pt\/?p=26532"},"modified":"2023-03-25T13:38:43","modified_gmt":"2023-03-25T13:38:43","slug":"mata-do-liceu-de-faro-requalificada-ja-reabriu-a-populacao","status":"publish","type":"post","link":"https:\/\/algarve7.pt\/index.php\/2023\/03\/mata-do-liceu-de-faro-requalificada-ja-reabriu-a-populacao\/atualidade\/13\/38\/","title":{"rendered":"Mata do liceu de Faro requalificada j\u00e1 reabriu \u00e0 popula\u00e7\u00e3o"},"content":{"rendered":"\n<p>A Mata do Liceu foi na passada sexta-feira inaugurada e reaberta ao p\u00fablico ap\u00f3s uma profunda requalifica\u00e7\u00e3o. Esta interven\u00e7\u00e3o, com um custo total superior a 1,5 milh\u00f5es de euros, permite agora devolver ao usufruto da popula\u00e7\u00e3o este espa\u00e7o p\u00fablico de excel\u00eancia ao mesmo tempo que garante condi\u00e7\u00f5es de vida a este coberto vegetal para os pr\u00f3ximos 20 ou 30 anos.<\/p>\n\n\n\n<p>A requalifica\u00e7\u00e3o deste espa\u00e7o verde incluiu uma reorganiza\u00e7\u00e3o dos percursos e equipamentos anteriormente existentes, al\u00e9m da introdu\u00e7\u00e3o de outros, bem como a planta\u00e7\u00e3o de 280 novas \u00e1rvores, em substitui\u00e7\u00e3o das abatidas \u2013 na sequ\u00eancia de parecer da Dire\u00e7\u00e3o Regional da Natureza e Florestas do Algarve (ICNF), pedido pelo Munic\u00edpio antes do in\u00edcio da empreitada, que produziu um relat\u00f3rio que atestava as deficientes condi\u00e7\u00f5es fitossanit\u00e1rias do espa\u00e7o, nomeadamente pelas quest\u00f5es sanit\u00e1rias do mesmo e pelo risco de queda eminente de ramos e \u00e1rvores mortas.<\/p>\n\n\n\n<p>Parte das \u00e1rvores plantadas no \u00e2mbito da requalifica\u00e7\u00e3o s\u00e3o aut\u00f3ctones e outras de crescimento mais r\u00e1pido mas com elevada resist\u00eancia a pragas. Dentro destas, houve uma forte aposta nas \u00e1rvores folhosas de modo a incrementar a deposi\u00e7\u00e3o de mat\u00e9ria org\u00e2nica no solo, sendo este complementado com planta\u00e7\u00f5es ao n\u00edvel do estrato arbustivo e subarbustivo.<\/p>\n\n\n\n<p>Foi ainda instalado um relvado com cerca de 1.500 metros quadrados para usufruto da popula\u00e7\u00e3o e semeado 2.160 metros quadrados de prado florido de sequeiro que s\u00f3 carece de rega para a instala\u00e7\u00e3o e cujo corte s\u00f3 ser\u00e1 efetuado duas a tr\u00eas vezes por ano. Este prado, que ser\u00e1 amarelo e castanho no ver\u00e3o, e verde no outono e inverno, tem baixa manuten\u00e7\u00e3o (sem consumo de \u00e1gua e dispensando tratamentos fitossanit\u00e1rios) e promove a biodiversidade de flora mas tamb\u00e9m de fauna, uma vez que atrai insetos polinizadores.<\/p>\n\n\n\n<p>Na requalifica\u00e7\u00e3o, foi ainda inclu\u00eddo um circuito de manuten\u00e7\u00e3o para corrida \u2013 uma vez que este espa\u00e7o j\u00e1 era anteriormente muito procurado para este efeito \u2013 e foram criados novos espa\u00e7os equipamentos, nomeadamente dois espa\u00e7os de jogo e recreio, uma zona de <em>street workout, <\/em>um anfiteatro e uma zona de jogo de basquete informal. Foi ainda previsto um percurso acess\u00edvel a todos que vai absorver os atravessamentos errantes por toda a mata, causadores de compacta\u00e7\u00e3o do solo devido ao pisoteio excessivo.<\/p>\n\n\n\n<p>Al\u00e9m disso, foi ainda previsto um sistema de drenagem que inclui valas de escoamento de \u00e1gua que conduzem a \u00e1gua a bacias de reten\u00e7\u00e3o e infiltra\u00e7\u00e3o, podendo estas depress\u00f5es reter a \u00e1gua da chuva e promover a infiltra\u00e7\u00e3o e abastecimento dos aqu\u00edferos, ao mesmo tempo que diminui os pcios de concentra\u00e7\u00e3o de \u00e1gua nas zonas baixas da cidade.<\/p>\n\n\n\n<p>No \u00e2mbito da inaugura\u00e7\u00e3o da requalifica\u00e7\u00e3o, Rog\u00e9rio Bacalhau, Presidente da C\u00e2mara Municipal de Faro, congratulou-se com a abertura deste espa\u00e7o depois de \u201cuma obra de grande dimens\u00e3o que vem permitir dar vida ao coberto vegetal existente e que vai garantir que temos Mata para os pr\u00f3ximos 20 ou 30 anos\u201d. \u201cIsto porque se n\u00e3o tivessemos feito esta interven\u00e7\u00e3o, ou outra desta dimens\u00e3o, seguramente n\u00e3o ter\u00edamos\u201d, acrescentou o Autarca,<\/p>\n\n\n\n<p>\u201cA Mata est\u00e1 agora muito agrad\u00e1vel, com zonas de estar, de frui\u00e7\u00e3o, conv\u00edvio, lazer e estou perfeitamente convencido que a popula\u00e7\u00e3o se vai apropriar deste espa\u00e7o, como ali\u00e1s j\u00e1 aconteceu com a Alameda [inaugurada ap\u00f3s requalifica\u00e7\u00e3o em abril de 2022]\u201d, considerou Rog\u00e9rio Bacalhau, deixando, no entanto, um alerta: \u201cDemos uma nova vida a este espa\u00e7o, garantindo mais conforto e uma melhoria da qualidade de vida para os nossos mun\u00edcipes e a quem nos visita, mas agora teremos que, todos, zelar por este espa\u00e7o (al\u00e9m da manuten\u00e7\u00e3o que ficar\u00e1 a cargo da Uni\u00e3o de Freguesias de Faro) \u2013 \u00e9 preciso ter cuidado, n\u00e3o deixar os c\u00e3es \u00e0 solta, n\u00e3o grafitar, n\u00e3o deixar lixo, \u00e9 preciso, no fundo, tratar bem aquilo que \u00e9 nosso. Se assim for, poderemos continuar a usufruir deste espa\u00e7o com a qualidade que todos desejamos\u201d, concluiu o Presidente da C\u00e2mara Municipal de Faro.<\/p>\n","protected":false},"excerpt":{"rendered":"<p>A Mata do Liceu foi na passada sexta-feira inaugurada e reaberta ao p\u00fablico ap\u00f3s uma profunda requalifica\u00e7\u00e3o. Esta interven\u00e7\u00e3o, com<\/p>\n","protected":false},"author":1,"featured_media":26533,"comment_status":"closed","ping_status":"open","sticky":false,"template":"","format":"standard","meta":{"colormag_page_container_layout":"default_layout","colormag_page_sidebar_layout":"default_layout","_monsterinsights_skip_tracking":false,"_monsterinsights_sitenote_active":false,"_monsterinsights_sitenote_note":"","_monsterinsights_sitenote_category":0,"jetpack_post_was_ever_published":false,"_jetpack_newsletter_access":"","_jetpack_dont_email_post_to_subs":false,"_jetpack_newsletter_tier_id":0,"_jetpack_memberships_contains_paywalled_content":false,"_jetpack_memberships_contains_paid_content":false,"footnotes":"","jetpack_publicize_message":"","jetpack_publicize_feature_enabled":true,"jetpack_social_post_already_shared":true,"jetpack_social_options":{"image_generator_settings":{"template":"highway","default_image_id":0,"font":"","enabled":false},"version":2}},"categories":[11],"tags":[36,62,57],"class_list":["post-26532","post","type-post","status-publish","format-standard","has-post-thumbnail","hentry","category-atualidade","tag-algarve","tag-atualidade","tag-faro"],"yoast_head":"<!-- This site is optimized with the Yoast SEO plugin v27.5 - https:\/\/yoast.com\/product\/yoast-seo-wordpress\/ -->\n<title>Mata do liceu de Faro requalificada j\u00e1 reabriu \u00e0 popula\u00e7\u00e3o - Algarve 7<\/title>\n<meta name=\"description\" content=\"Mata do liceu de Faro requalificada j\u00e1 reabriu \u00e0 popula\u00e7\u00e3o Atualidade\" \/>\n<meta name=\"robots\" content=\"index, follow, max-snippet:-1, max-image-preview:large, max-video-preview:-1\" \/>\n<link rel=\"canonical\" href=\"https:\/\/algarve7.pt\/index.php\/2023\/03\/mata-do-liceu-de-faro-requalificada-ja-reabriu-a-populacao\/atualidade\/13\/38\/\" \/>\n<meta property=\"og:locale\" content=\"pt_PT\" \/>\n<meta property=\"og:type\" content=\"article\" \/>\n<meta property=\"og:title\" content=\"Mata do liceu de Faro requalificada j\u00e1 reabriu \u00e0 popula\u00e7\u00e3o - Algarve 7\" \/>\n<meta property=\"og:description\" content=\"Mata do liceu de Faro requalificada j\u00e1 reabriu \u00e0 popula\u00e7\u00e3o Atualidade\" \/>\n<meta property=\"og:url\" content=\"https:\/\/algarve7.pt\/index.php\/2023\/03\/mata-do-liceu-de-faro-requalificada-ja-reabriu-a-populacao\/atualidade\/13\/38\/\" \/>\n<meta property=\"og:site_name\" content=\"Algarve 7\" \/>\n<meta property=\"article:publisher\" content=\"https:\/\/www.facebook.com\/algarve7\" \/>\n<meta property=\"article:author\" content=\"https:\/\/www.facebook.com\/algarve7\" \/>\n<meta property=\"article:published_time\" content=\"2023-03-25T13:38:41+00:00\" \/>\n<meta property=\"article:modified_time\" content=\"2023-03-25T13:38:43+00:00\" \/>\n<meta property=\"og:image\" content=\"https:\/\/algarve7.pt\/wp-content\/uploads\/2023\/03\/Mata-do-Liceu-5.jpg\" \/>\n\t<meta property=\"og:image:width\" content=\"812\" \/>\n\t<meta property=\"og:image:height\" content=\"541\" \/>\n\t<meta property=\"og:image:type\" content=\"image\/jpeg\" \/>\n<meta name=\"author\" content=\"Algarve 7\" \/>\n<meta name=\"twitter:card\" content=\"summary_large_image\" \/>\n<meta name=\"twitter:creator\" content=\"@Algarvesete\" \/>\n<meta name=\"twitter:site\" content=\"@Algarvesete\" \/>\n<meta name=\"twitter:label1\" content=\"Escrito por\" \/>\n\t<meta name=\"twitter:data1\" content=\"Algarve 7\" \/>\n\t<meta name=\"twitter:label2\" content=\"Tempo estimado de leitura\" \/>\n\t<meta name=\"twitter:data2\" content=\"4 minutos\" \/>\n<script type=\"application\/ld+json\" class=\"yoast-schema-graph\">{\"@context\":\"https:\\\/\\\/schema.org\",\"@graph\":[{\"@type\":\"Article\",\"@id\":\"https:\\\/\\\/algarve7.pt\\\/index.php\\\/2023\\\/03\\\/mata-do-liceu-de-faro-requalificada-ja-reabriu-a-populacao\\\/atualidade\\\/13\\\/38\\\/#article\",\"isPartOf\":{\"@id\":\"https:\\\/\\\/algarve7.pt\\\/index.php\\\/2023\\\/03\\\/mata-do-liceu-de-faro-requalificada-ja-reabriu-a-populacao\\\/atualidade\\\/13\\\/38\\\/\"},\"author\":{\"name\":\"Algarve 7\",\"@id\":\"https:\\\/\\\/algarve7.pt\\\/#\\\/schema\\\/person\\\/23fa70681308e7b319a3204bcea45e0c\"},\"headline\":\"Mata do liceu de Faro requalificada j\u00e1 reabriu \u00e0 popula\u00e7\u00e3o\",\"datePublished\":\"2023-03-25T13:38:41+00:00\",\"dateModified\":\"2023-03-25T13:38:43+00:00\",\"mainEntityOfPage\":{\"@id\":\"https:\\\/\\\/algarve7.pt\\\/index.php\\\/2023\\\/03\\\/mata-do-liceu-de-faro-requalificada-ja-reabriu-a-populacao\\\/atualidade\\\/13\\\/38\\\/\"},\"wordCount\":722,\"publisher\":{\"@id\":\"https:\\\/\\\/algarve7.pt\\\/#organization\"},\"image\":{\"@id\":\"https:\\\/\\\/algarve7.pt\\\/index.php\\\/2023\\\/03\\\/mata-do-liceu-de-faro-requalificada-ja-reabriu-a-populacao\\\/atualidade\\\/13\\\/38\\\/#primaryimage\"},\"thumbnailUrl\":\"https:\\\/\\\/algarve7.pt\\\/wp-content\\\/uploads\\\/2023\\\/03\\\/Mata-do-Liceu-5.jpg\",\"keywords\":[\"Algarve\",\"Atualidade\",\"Faro\"],\"articleSection\":[\"Atualidade\"],\"inLanguage\":\"pt-PT\"},{\"@type\":\"WebPage\",\"@id\":\"https:\\\/\\\/algarve7.pt\\\/index.php\\\/2023\\\/03\\\/mata-do-liceu-de-faro-requalificada-ja-reabriu-a-populacao\\\/atualidade\\\/13\\\/38\\\/\",\"url\":\"https:\\\/\\\/algarve7.pt\\\/index.php\\\/2023\\\/03\\\/mata-do-liceu-de-faro-requalificada-ja-reabriu-a-populacao\\\/atualidade\\\/13\\\/38\\\/\",\"name\":\"Mata do liceu de Faro requalificada j\u00e1 reabriu \u00e0 popula\u00e7\u00e3o - Algarve 7\",\"isPartOf\":{\"@id\":\"https:\\\/\\\/algarve7.pt\\\/#website\"},\"primaryImageOfPage\":{\"@id\":\"https:\\\/\\\/algarve7.pt\\\/index.php\\\/2023\\\/03\\\/mata-do-liceu-de-faro-requalificada-ja-reabriu-a-populacao\\\/atualidade\\\/13\\\/38\\\/#primaryimage\"},\"image\":{\"@id\":\"https:\\\/\\\/algarve7.pt\\\/index.php\\\/2023\\\/03\\\/mata-do-liceu-de-faro-requalificada-ja-reabriu-a-populacao\\\/atualidade\\\/13\\\/38\\\/#primaryimage\"},\"thumbnailUrl\":\"https:\\\/\\\/algarve7.pt\\\/wp-content\\\/uploads\\\/2023\\\/03\\\/Mata-do-Liceu-5.jpg\",\"datePublished\":\"2023-03-25T13:38:41+00:00\",\"dateModified\":\"2023-03-25T13:38:43+00:00\",\"description\":\"Mata do liceu de Faro requalificada j\u00e1 reabriu \u00e0 popula\u00e7\u00e3o Atualidade\",\"breadcrumb\":{\"@id\":\"https:\\\/\\\/algarve7.pt\\\/index.php\\\/2023\\\/03\\\/mata-do-liceu-de-faro-requalificada-ja-reabriu-a-populacao\\\/atualidade\\\/13\\\/38\\\/#breadcrumb\"},\"inLanguage\":\"pt-PT\",\"potentialAction\":[{\"@type\":\"ReadAction\",\"target\":[\"https:\\\/\\\/algarve7.pt\\\/index.php\\\/2023\\\/03\\\/mata-do-liceu-de-faro-requalificada-ja-reabriu-a-populacao\\\/atualidade\\\/13\\\/38\\\/\"]}]},{\"@type\":\"ImageObject\",\"inLanguage\":\"pt-PT\",\"@id\":\"https:\\\/\\\/algarve7.pt\\\/index.php\\\/2023\\\/03\\\/mata-do-liceu-de-faro-requalificada-ja-reabriu-a-populacao\\\/atualidade\\\/13\\\/38\\\/#primaryimage\",\"url\":\"https:\\\/\\\/algarve7.pt\\\/wp-content\\\/uploads\\\/2023\\\/03\\\/Mata-do-Liceu-5.jpg\",\"contentUrl\":\"https:\\\/\\\/algarve7.pt\\\/wp-content\\\/uploads\\\/2023\\\/03\\\/Mata-do-Liceu-5.jpg\",\"width\":812,\"height\":541},{\"@type\":\"BreadcrumbList\",\"@id\":\"https:\\\/\\\/algarve7.pt\\\/index.php\\\/2023\\\/03\\\/mata-do-liceu-de-faro-requalificada-ja-reabriu-a-populacao\\\/atualidade\\\/13\\\/38\\\/#breadcrumb\",\"itemListElement\":[{\"@type\":\"ListItem\",\"position\":1,\"name\":\"In\u00edcio\",\"item\":\"https:\\\/\\\/algarve7.pt\\\/\"},{\"@type\":\"ListItem\",\"position\":2,\"name\":\"Mata do liceu de Faro requalificada j\u00e1 reabriu \u00e0 popula\u00e7\u00e3o\"}]},{\"@type\":\"WebSite\",\"@id\":\"https:\\\/\\\/algarve7.pt\\\/#website\",\"url\":\"https:\\\/\\\/algarve7.pt\\\/\",\"name\":\"Algarve 7\",\"description\":\"Informa\u00e7\u00e3o sobre o Algarve\",\"publisher\":{\"@id\":\"https:\\\/\\\/algarve7.pt\\\/#organization\"},\"potentialAction\":[{\"@type\":\"SearchAction\",\"target\":{\"@type\":\"EntryPoint\",\"urlTemplate\":\"https:\\\/\\\/algarve7.pt\\\/?s={search_term_string}\"},\"query-input\":{\"@type\":\"PropertyValueSpecification\",\"valueRequired\":true,\"valueName\":\"search_term_string\"}}],\"inLanguage\":\"pt-PT\"},{\"@type\":\"Organization\",\"@id\":\"https:\\\/\\\/algarve7.pt\\\/#organization\",\"name\":\"Algarve 7\",\"url\":\"https:\\\/\\\/algarve7.pt\\\/\",\"logo\":{\"@type\":\"ImageObject\",\"inLanguage\":\"pt-PT\",\"@id\":\"https:\\\/\\\/algarve7.pt\\\/#\\\/schema\\\/logo\\\/image\\\/\",\"url\":\"https:\\\/\\\/algarve7.pt\\\/wp-content\\\/uploads\\\/2020\\\/10\\\/Logo-8.jpg\",\"contentUrl\":\"https:\\\/\\\/algarve7.pt\\\/wp-content\\\/uploads\\\/2020\\\/10\\\/Logo-8.jpg\",\"width\":1680,\"height\":1186,\"caption\":\"Algarve 7\"},\"image\":{\"@id\":\"https:\\\/\\\/algarve7.pt\\\/#\\\/schema\\\/logo\\\/image\\\/\"},\"sameAs\":[\"https:\\\/\\\/www.facebook.com\\\/algarve7\",\"https:\\\/\\\/x.com\\\/Algarvesete\",\"https:\\\/\\\/www.instagram.com\\\/jornalalgarve7\\\/\",\"https:\\\/\\\/www.linkedin.com\\\/company\\\/algarve7\",\"https:\\\/\\\/www.pinterest.pt\\\/geral0939\\\/_created\\\/\"]},{\"@type\":\"Person\",\"@id\":\"https:\\\/\\\/algarve7.pt\\\/#\\\/schema\\\/person\\\/23fa70681308e7b319a3204bcea45e0c\",\"name\":\"Algarve 7\",\"sameAs\":[\"https:\\\/\\\/algarve7.pt\",\"https:\\\/\\\/www.facebook.com\\\/algarve7\"],\"url\":\"https:\\\/\\\/algarve7.pt\\\/index.php\\\/author\\\/geralalgarve7-pt\\\/\"}]}<\/script>\n<!-- \/ Yoast SEO plugin. -->","yoast_head_json":{"title":"Mata do liceu de Faro requalificada j\u00e1 reabriu \u00e0 popula\u00e7\u00e3o - Algarve 7","description":"Mata do liceu de Faro requalificada j\u00e1 reabriu \u00e0 popula\u00e7\u00e3o Atualidade","robots":{"index":"index","follow":"follow","max-snippet":"max-snippet:-1","max-image-preview":"max-image-preview:large","max-video-preview":"max-video-preview:-1"},"canonical":"https:\/\/algarve7.pt\/index.php\/2023\/03\/mata-do-liceu-de-faro-requalificada-ja-reabriu-a-populacao\/atualidade\/13\/38\/","og_locale":"pt_PT","og_type":"article","og_title":"Mata do liceu de Faro requalificada j\u00e1 reabriu \u00e0 popula\u00e7\u00e3o - Algarve 7","og_description":"Mata do liceu de Faro requalificada j\u00e1 reabriu \u00e0 popula\u00e7\u00e3o Atualidade","og_url":"https:\/\/algarve7.pt\/index.php\/2023\/03\/mata-do-liceu-de-faro-requalificada-ja-reabriu-a-populacao\/atualidade\/13\/38\/","og_site_name":"Algarve 7","article_publisher":"https:\/\/www.facebook.com\/algarve7","article_author":"https:\/\/www.facebook.com\/algarve7","article_published_time":"2023-03-25T13:38:41+00:00","article_modified_time":"2023-03-25T13:38:43+00:00","og_image":[{"width":812,"height":541,"url":"https:\/\/algarve7.pt\/wp-content\/uploads\/2023\/03\/Mata-do-Liceu-5.jpg","type":"image\/jpeg"}],"author":"Algarve 7","twitter_card":"summary_large_image","twitter_creator":"@Algarvesete","twitter_site":"@Algarvesete","twitter_misc":{"Escrito por":"Algarve 7","Tempo estimado de leitura":"4 minutos"},"schema":{"@context":"https:\/\/schema.org","@graph":[{"@type":"Article","@id":"https:\/\/algarve7.pt\/index.php\/2023\/03\/mata-do-liceu-de-faro-requalificada-ja-reabriu-a-populacao\/atualidade\/13\/38\/#article","isPartOf":{"@id":"https:\/\/algarve7.pt\/index.php\/2023\/03\/mata-do-liceu-de-faro-requalificada-ja-reabriu-a-populacao\/atualidade\/13\/38\/"},"author":{"name":"Algarve 7","@id":"https:\/\/algarve7.pt\/#\/schema\/person\/23fa70681308e7b319a3204bcea45e0c"},"headline":"Mata do liceu de Faro requalificada j\u00e1 reabriu \u00e0 popula\u00e7\u00e3o","datePublished":"2023-03-25T13:38:41+00:00","dateModified":"2023-03-25T13:38:43+00:00","mainEntityOfPage":{"@id":"https:\/\/algarve7.pt\/index.php\/2023\/03\/mata-do-liceu-de-faro-requalificada-ja-reabriu-a-populacao\/atualidade\/13\/38\/"},"wordCount":722,"publisher":{"@id":"https:\/\/algarve7.pt\/#organization"},"image":{"@id":"https:\/\/algarve7.pt\/index.php\/2023\/03\/mata-do-liceu-de-faro-requalificada-ja-reabriu-a-populacao\/atualidade\/13\/38\/#primaryimage"},"thumbnailUrl":"https:\/\/algarve7.pt\/wp-content\/uploads\/2023\/03\/Mata-do-Liceu-5.jpg","keywords":["Algarve","Atualidade","Faro"],"articleSection":["Atualidade"],"inLanguage":"pt-PT"},{"@type":"WebPage","@id":"https:\/\/algarve7.pt\/index.php\/2023\/03\/mata-do-liceu-de-faro-requalificada-ja-reabriu-a-populacao\/atualidade\/13\/38\/","url":"https:\/\/algarve7.pt\/index.php\/2023\/03\/mata-do-liceu-de-faro-requalificada-ja-reabriu-a-populacao\/atualidade\/13\/38\/","name":"Mata do liceu de Faro requalificada j\u00e1 reabriu \u00e0 popula\u00e7\u00e3o - Algarve 7","isPartOf":{"@id":"https:\/\/algarve7.pt\/#website"},"primaryImageOfPage":{"@id":"https:\/\/algarve7.pt\/index.php\/2023\/03\/mata-do-liceu-de-faro-requalificada-ja-reabriu-a-populacao\/atualidade\/13\/38\/#primaryimage"},"image":{"@id":"https:\/\/algarve7.pt\/index.php\/2023\/03\/mata-do-liceu-de-faro-requalificada-ja-reabriu-a-populacao\/atualidade\/13\/38\/#primaryimage"},"thumbnailUrl":"https:\/\/algarve7.pt\/wp-content\/uploads\/2023\/03\/Mata-do-Liceu-5.jpg","datePublished":"2023-03-25T13:38:41+00:00","dateModified":"2023-03-25T13:38:43+00:00","description":"Mata do liceu de Faro requalificada j\u00e1 reabriu \u00e0 popula\u00e7\u00e3o Atualidade","breadcrumb":{"@id":"https:\/\/algarve7.pt\/index.php\/2023\/03\/mata-do-liceu-de-faro-requalificada-ja-reabriu-a-populacao\/atualidade\/13\/38\/#breadcrumb"},"inLanguage":"pt-PT","potentialAction":[{"@type":"ReadAction","target":["https:\/\/algarve7.pt\/index.php\/2023\/03\/mata-do-liceu-de-faro-requalificada-ja-reabriu-a-populacao\/atualidade\/13\/38\/"]}]},{"@type":"ImageObject","inLanguage":"pt-PT","@id":"https:\/\/algarve7.pt\/index.php\/2023\/03\/mata-do-liceu-de-faro-requalificada-ja-reabriu-a-populacao\/atualidade\/13\/38\/#primaryimage","url":"https:\/\/algarve7.pt\/wp-content\/uploads\/2023\/03\/Mata-do-Liceu-5.jpg","contentUrl":"https:\/\/algarve7.pt\/wp-content\/uploads\/2023\/03\/Mata-do-Liceu-5.jpg","width":812,"height":541},{"@type":"BreadcrumbList","@id":"https:\/\/algarve7.pt\/index.php\/2023\/03\/mata-do-liceu-de-faro-requalificada-ja-reabriu-a-populacao\/atualidade\/13\/38\/#breadcrumb","itemListElement":[{"@type":"ListItem","position":1,"name":"In\u00edcio","item":"https:\/\/algarve7.pt\/"},{"@type":"ListItem","position":2,"name":"Mata do liceu de Faro requalificada j\u00e1 reabriu \u00e0 popula\u00e7\u00e3o"}]},{"@type":"WebSite","@id":"https:\/\/algarve7.pt\/#website","url":"https:\/\/algarve7.pt\/","name":"Algarve 7","description":"Informa\u00e7\u00e3o sobre o Algarve","publisher":{"@id":"https:\/\/algarve7.pt\/#organization"},"potentialAction":[{"@type":"SearchAction","target":{"@type":"EntryPoint","urlTemplate":"https:\/\/algarve7.pt\/?s={search_term_string}"},"query-input":{"@type":"PropertyValueSpecification","valueRequired":true,"valueName":"search_term_string"}}],"inLanguage":"pt-PT"},{"@type":"Organization","@id":"https:\/\/algarve7.pt\/#organization","name":"Algarve 7","url":"https:\/\/algarve7.pt\/","logo":{"@type":"ImageObject","inLanguage":"pt-PT","@id":"https:\/\/algarve7.pt\/#\/schema\/logo\/image\/","url":"https:\/\/algarve7.pt\/wp-content\/uploads\/2020\/10\/Logo-8.jpg","contentUrl":"https:\/\/algarve7.pt\/wp-content\/uploads\/2020\/10\/Logo-8.jpg","width":1680,"height":1186,"caption":"Algarve 7"},"image":{"@id":"https:\/\/algarve7.pt\/#\/schema\/logo\/image\/"},"sameAs":["https:\/\/www.facebook.com\/algarve7","https:\/\/x.com\/Algarvesete","https:\/\/www.instagram.com\/jornalalgarve7\/","https:\/\/www.linkedin.com\/company\/algarve7","https:\/\/www.pinterest.pt\/geral0939\/_created\/"]},{"@type":"Person","@id":"https:\/\/algarve7.pt\/#\/schema\/person\/23fa70681308e7b319a3204bcea45e0c","name":"Algarve 7","sameAs":["https:\/\/algarve7.pt","https:\/\/www.facebook.com\/algarve7"],"url":"https:\/\/algarve7.pt\/index.php\/author\/geralalgarve7-pt\/"}]}},"jetpack_publicize_connections":[],"jetpack_featured_media_url":"https:\/\/algarve7.pt\/wp-content\/uploads\/2023\/03\/Mata-do-Liceu-5.jpg","jetpack_shortlink":"https:\/\/wp.me\/pcezmW-6TW","jetpack_sharing_enabled":true,"_links":{"self":[{"href":"https:\/\/algarve7.pt\/index.php\/wp-json\/wp\/v2\/posts\/26532","targetHints":{"allow":["GET"]}}],"collection":[{"href":"https:\/\/algarve7.pt\/index.php\/wp-json\/wp\/v2\/posts"}],"about":[{"href":"https:\/\/algarve7.pt\/index.php\/wp-json\/wp\/v2\/types\/post"}],"author":[{"embeddable":true,"href":"https:\/\/algarve7.pt\/index.php\/wp-json\/wp\/v2\/users\/1"}],"replies":[{"embeddable":true,"href":"https:\/\/algarve7.pt\/index.php\/wp-json\/wp\/v2\/comments?post=26532"}],"version-history":[{"count":0,"href":"https:\/\/algarve7.pt\/index.php\/wp-json\/wp\/v2\/posts\/26532\/revisions"}],"wp:featuredmedia":[{"embeddable":true,"href":"https:\/\/algarve7.pt\/index.php\/wp-json\/wp\/v2\/media\/26533"}],"wp:attachment":[{"href":"https:\/\/algarve7.pt\/index.php\/wp-json\/wp\/v2\/media?parent=26532"}],"wp:term":[{"taxonomy":"category","embeddable":true,"href":"https:\/\/algarve7.pt\/index.php\/wp-json\/wp\/v2\/categories?post=26532"},{"taxonomy":"post_tag","embeddable":true,"href":"https:\/\/algarve7.pt\/index.php\/wp-json\/wp\/v2\/tags?post=26532"}],"curies":[{"name":"wp","href":"https:\/\/api.w.org\/{rel}","templated":true}]}}