{"id":26528,"date":"2023-03-25T12:10:00","date_gmt":"2023-03-25T12:10:00","guid":{"rendered":"https:\/\/algarve7.pt\/?p=26528"},"modified":"2023-03-25T12:10:01","modified_gmt":"2023-03-25T12:10:01","slug":"repsol-assina-acordo-com-o-autodromo-internacional-do-algarve-e-leva-mais-energia-ao-motogp","status":"publish","type":"post","link":"https:\/\/algarve7.pt\/index.php\/2023\/03\/repsol-assina-acordo-com-o-autodromo-internacional-do-algarve-e-leva-mais-energia-ao-motogp\/ambiente\/12\/10\/","title":{"rendered":"Repsol assina acordo com o Aut\u00f3dromo Internacional do Algarve e leva mais energia ao MotoGP"},"content":{"rendered":"\n<p>A Repsol assinou um acordo de colabora\u00e7\u00e3o com o Aut\u00f3dromo Internacional do Algarve (AIA), circuito escolhido para receber a abertura do Campeonato do Mundo de MotoGP, em 2023.<\/p>\n\n\n\n<p>Esta parceria estrat\u00e9gica, que estar\u00e1 em vigor at\u00e9 2027, pretende aprofundar as rela\u00e7\u00f5es de parceria entre a multienergetica e o AIA, por forma a potenciar vantagens e regalias para ambas as institui\u00e7\u00f5es. A presen\u00e7a institucional da Repsol ser\u00e1 assim refor\u00e7ada durante as provas motorizadas a decorrer no AIA, durante o per\u00edodo acordado.<\/p>\n\n\n\n<p>As duas entidades pretendem, assim, trabalhar em conjunto para liderar a transi\u00e7\u00e3o energ\u00e9tica numa perspetiva sustent\u00e1vel, assegurando a presen\u00e7a de combust\u00edveis mais eficientes e de \u00faltima gera\u00e7\u00e3o, em corridas de alto n\u00edvel, e garantindo o m\u00e1ximo desempenho e efici\u00eancia energ\u00e9tica, enquanto minimizam as emiss\u00f5es de CO2. &nbsp;<\/p>\n\n\n\n<p>Em linha com este trabalho e de acordo com o compromisso de ser uma empresa com zero emiss\u00f5es l\u00edquidas no ano 2050, a Repsol est\u00e1 a desenvolver diferentes solu\u00e7\u00f5es com baixa pegada de carbono em todos os \u00e2mbitos da mobilidade, incluindo o da alta competi\u00e7\u00e3o.<\/p>\n\n\n\n<p>A primeira etapa da temporada do MotoGP em 2023 acontecer\u00e1 j\u00e1 este fim-de-semana, de 24 a 26 de mar\u00e7o, e contar\u00e1 com a presen\u00e7a de v\u00e1rios pilotos de topo, bem como milhares de f\u00e3s de todo o mundo.<\/p>\n\n\n\n<p>Esta parceria reafirma o compromisso da Repsol com o mundo do desporto. A presen\u00e7a da multienerg\u00e9tica na competi\u00e7\u00e3o remonta ao ano de 1969 e vai al\u00e9m do pr\u00f3prio conceito de patroc\u00ednio desportivo.<\/p>\n\n\n\n<p>Combust\u00edveis renov\u00e1veis no desporto motorizado de alta competi\u00e7\u00e3o<\/p>\n\n\n\n<p>A Repsol tem vindo a trabalhar no desenvolvimento de combust\u00edveis renov\u00e1veis com a inten\u00e7\u00e3o de os tornar uma verdadeira alternativa para complementar outras formas de descarboniza\u00e7\u00e3o da mobilidade, tais como a eletrifica\u00e7\u00e3o ou o hidrog\u00e9nio renov\u00e1vel, por forma a reduzir as emiss\u00f5es dos transportes nos pr\u00f3ximos anos.<\/p>\n\n\n\n<p>No que diz respeito aos combust\u00edveis renov\u00e1veis para competi\u00e7\u00e3o, para al\u00e9m do Moto GP, a empresa multienerg\u00e9tica tem tamb\u00e9m vindo a desenvolv\u00ea-los extensivamente noutros concursos, tais como o Rally Dakar, onde a equipa de Rally Repsol j\u00e1 utiliza combust\u00edvel renov\u00e1vel, e a F\u00f3rmula 4, um concurso no qual a Repsol est\u00e1 a fornecer um combust\u00edvel 100% renov\u00e1vel este ano.<\/p>\n\n\n\n<p>Para a pr\u00f3xima temporada, 2024, os combust\u00edveis renov\u00e1veis ser\u00e3o uma realidade no MotoGP. Um novo tipo de combust\u00edvel proveniente de fontes renov\u00e1veis, como os res\u00edduos org\u00e2nicos, \u00e9 apresentado como uma das principais solu\u00e7\u00f5es para reduzir eficazmente as emiss\u00f5es no futuro imediato. Gra\u00e7as ao compromisso assumido pela Dorna e pela FIM, os combust\u00edveis de MotoGP ter\u00e3o de ser pelo menos 40% de combust\u00edveis n\u00e3o f\u00f3sseis at\u00e9 2024 e 100% at\u00e9 2027.<\/p>\n\n\n\n<p>Durante a primeira metade de 2023, a Repsol vai iniciar a primeira f\u00e1brica de biocombust\u00edveis avan\u00e7ada de Espanha em Cartagena, que produzir\u00e1 250.000 toneladas de combust\u00edveis renov\u00e1veis a partir de res\u00edduos. A empresa multienerg\u00e9tica est\u00e1 tamb\u00e9m a fazer progressos na sua f\u00e1brica de combust\u00edveis sint\u00e9ticos em Bilbao, que iniciar\u00e1 a produ\u00e7\u00e3o na fase de demonstra\u00e7\u00e3o em 2024. Estas instala\u00e7\u00f5es desempenham um papel fundamental no objetivo da Repsol de atingir uma capacidade de produ\u00e7\u00e3o de 1,3 milh\u00f5es de toneladas de combust\u00edveis renov\u00e1veis at\u00e9 2025 e mais de 2 milh\u00f5es de toneladas at\u00e9 2030, liderando assim este mercado na Pen\u00ednsula Ib\u00e9rica e avan\u00e7ando decisivamente para zero emiss\u00f5es l\u00edquidas at\u00e9 2050.<\/p>\n","protected":false},"excerpt":{"rendered":"<p>A Repsol assinou um acordo de colabora\u00e7\u00e3o com o Aut\u00f3dromo Internacional do Algarve (AIA), circuito escolhido para receber a abertura<\/p>\n","protected":false},"author":1,"featured_media":26529,"comment_status":"closed","ping_status":"open","sticky":false,"template":"","format":"standard","meta":{"colormag_page_container_layout":"default_layout","colormag_page_sidebar_layout":"default_layout","_monsterinsights_skip_tracking":false,"_monsterinsights_sitenote_active":false,"_monsterinsights_sitenote_note":"","_monsterinsights_sitenote_category":0,"jetpack_post_was_ever_published":false,"_jetpack_newsletter_access":"","_jetpack_dont_email_post_to_subs":false,"_jetpack_newsletter_tier_id":0,"_jetpack_memberships_contains_paywalled_content":false,"_jetpack_memberships_contains_paid_content":false,"footnotes":"","jetpack_publicize_message":"","jetpack_publicize_feature_enabled":true,"jetpack_social_post_already_shared":true,"jetpack_social_options":{"image_generator_settings":{"template":"highway","default_image_id":0,"font":"","enabled":false},"version":2}},"categories":[5],"tags":[36,32,239],"class_list":["post-26528","post","type-post","status-publish","format-standard","has-post-thumbnail","hentry","category-ambiente","tag-algarve","tag-ambiente","tag-autodromo-internacional-do-algarve"],"yoast_head":"<!-- This site is optimized with the Yoast SEO plugin v27.5 - https:\/\/yoast.com\/product\/yoast-seo-wordpress\/ -->\n<title>Repsol assina acordo com o Aut\u00f3dromo Internacional do Algarve e leva mais energia ao MotoGP - Algarve 7<\/title>\n<meta name=\"description\" content=\"Repsol assina acordo com o Aut\u00f3dromo Internacional do Algarve e leva mais energia ao MotoGP Ambiente\" \/>\n<meta name=\"robots\" content=\"index, follow, max-snippet:-1, max-image-preview:large, max-video-preview:-1\" \/>\n<link rel=\"canonical\" href=\"https:\/\/algarve7.pt\/index.php\/2023\/03\/repsol-assina-acordo-com-o-autodromo-internacional-do-algarve-e-leva-mais-energia-ao-motogp\/ambiente\/12\/10\/\" \/>\n<meta property=\"og:locale\" content=\"pt_PT\" \/>\n<meta property=\"og:type\" content=\"article\" \/>\n<meta property=\"og:title\" content=\"Repsol assina acordo com o Aut\u00f3dromo Internacional do Algarve e leva mais energia ao MotoGP - Algarve 7\" \/>\n<meta property=\"og:description\" content=\"Repsol assina acordo com o Aut\u00f3dromo Internacional do Algarve e leva mais energia ao MotoGP Ambiente\" \/>\n<meta property=\"og:url\" content=\"https:\/\/algarve7.pt\/index.php\/2023\/03\/repsol-assina-acordo-com-o-autodromo-internacional-do-algarve-e-leva-mais-energia-ao-motogp\/ambiente\/12\/10\/\" \/>\n<meta property=\"og:site_name\" content=\"Algarve 7\" \/>\n<meta property=\"article:publisher\" content=\"https:\/\/www.facebook.com\/algarve7\" \/>\n<meta property=\"article:author\" content=\"https:\/\/www.facebook.com\/algarve7\" \/>\n<meta property=\"article:published_time\" content=\"2023-03-25T12:10:00+00:00\" \/>\n<meta property=\"article:modified_time\" content=\"2023-03-25T12:10:01+00:00\" \/>\n<meta property=\"og:image\" content=\"https:\/\/algarve7.pt\/wp-content\/uploads\/2023\/03\/66866_PrI_1295098134.jpg\" \/>\n\t<meta property=\"og:image:width\" content=\"1024\" \/>\n\t<meta property=\"og:image:height\" content=\"683\" \/>\n\t<meta property=\"og:image:type\" content=\"image\/jpeg\" \/>\n<meta name=\"author\" content=\"Algarve 7\" \/>\n<meta name=\"twitter:card\" content=\"summary_large_image\" \/>\n<meta name=\"twitter:creator\" content=\"@Algarvesete\" \/>\n<meta name=\"twitter:site\" content=\"@Algarvesete\" \/>\n<meta name=\"twitter:label1\" content=\"Escrito por\" \/>\n\t<meta name=\"twitter:data1\" content=\"Algarve 7\" \/>\n\t<meta name=\"twitter:label2\" content=\"Tempo estimado de leitura\" \/>\n\t<meta name=\"twitter:data2\" content=\"3 minutos\" \/>\n<script type=\"application\/ld+json\" class=\"yoast-schema-graph\">{\"@context\":\"https:\\\/\\\/schema.org\",\"@graph\":[{\"@type\":\"Article\",\"@id\":\"https:\\\/\\\/algarve7.pt\\\/index.php\\\/2023\\\/03\\\/repsol-assina-acordo-com-o-autodromo-internacional-do-algarve-e-leva-mais-energia-ao-motogp\\\/ambiente\\\/12\\\/10\\\/#article\",\"isPartOf\":{\"@id\":\"https:\\\/\\\/algarve7.pt\\\/index.php\\\/2023\\\/03\\\/repsol-assina-acordo-com-o-autodromo-internacional-do-algarve-e-leva-mais-energia-ao-motogp\\\/ambiente\\\/12\\\/10\\\/\"},\"author\":{\"name\":\"Algarve 7\",\"@id\":\"https:\\\/\\\/algarve7.pt\\\/#\\\/schema\\\/person\\\/23fa70681308e7b319a3204bcea45e0c\"},\"headline\":\"Repsol assina acordo com o Aut\u00f3dromo Internacional do Algarve e leva mais energia ao MotoGP\",\"datePublished\":\"2023-03-25T12:10:00+00:00\",\"dateModified\":\"2023-03-25T12:10:01+00:00\",\"mainEntityOfPage\":{\"@id\":\"https:\\\/\\\/algarve7.pt\\\/index.php\\\/2023\\\/03\\\/repsol-assina-acordo-com-o-autodromo-internacional-do-algarve-e-leva-mais-energia-ao-motogp\\\/ambiente\\\/12\\\/10\\\/\"},\"wordCount\":624,\"publisher\":{\"@id\":\"https:\\\/\\\/algarve7.pt\\\/#organization\"},\"image\":{\"@id\":\"https:\\\/\\\/algarve7.pt\\\/index.php\\\/2023\\\/03\\\/repsol-assina-acordo-com-o-autodromo-internacional-do-algarve-e-leva-mais-energia-ao-motogp\\\/ambiente\\\/12\\\/10\\\/#primaryimage\"},\"thumbnailUrl\":\"https:\\\/\\\/algarve7.pt\\\/wp-content\\\/uploads\\\/2023\\\/03\\\/66866_PrI_1295098134.jpg\",\"keywords\":[\"Algarve\",\"Ambiente\",\"Aut\u00f3dromo Internacional do Algarve\"],\"articleSection\":[\"Ambiente\"],\"inLanguage\":\"pt-PT\"},{\"@type\":\"WebPage\",\"@id\":\"https:\\\/\\\/algarve7.pt\\\/index.php\\\/2023\\\/03\\\/repsol-assina-acordo-com-o-autodromo-internacional-do-algarve-e-leva-mais-energia-ao-motogp\\\/ambiente\\\/12\\\/10\\\/\",\"url\":\"https:\\\/\\\/algarve7.pt\\\/index.php\\\/2023\\\/03\\\/repsol-assina-acordo-com-o-autodromo-internacional-do-algarve-e-leva-mais-energia-ao-motogp\\\/ambiente\\\/12\\\/10\\\/\",\"name\":\"Repsol assina acordo com o Aut\u00f3dromo Internacional do Algarve e leva mais energia ao MotoGP - Algarve 7\",\"isPartOf\":{\"@id\":\"https:\\\/\\\/algarve7.pt\\\/#website\"},\"primaryImageOfPage\":{\"@id\":\"https:\\\/\\\/algarve7.pt\\\/index.php\\\/2023\\\/03\\\/repsol-assina-acordo-com-o-autodromo-internacional-do-algarve-e-leva-mais-energia-ao-motogp\\\/ambiente\\\/12\\\/10\\\/#primaryimage\"},\"image\":{\"@id\":\"https:\\\/\\\/algarve7.pt\\\/index.php\\\/2023\\\/03\\\/repsol-assina-acordo-com-o-autodromo-internacional-do-algarve-e-leva-mais-energia-ao-motogp\\\/ambiente\\\/12\\\/10\\\/#primaryimage\"},\"thumbnailUrl\":\"https:\\\/\\\/algarve7.pt\\\/wp-content\\\/uploads\\\/2023\\\/03\\\/66866_PrI_1295098134.jpg\",\"datePublished\":\"2023-03-25T12:10:00+00:00\",\"dateModified\":\"2023-03-25T12:10:01+00:00\",\"description\":\"Repsol assina acordo com o Aut\u00f3dromo Internacional do Algarve e leva mais energia ao MotoGP Ambiente\",\"breadcrumb\":{\"@id\":\"https:\\\/\\\/algarve7.pt\\\/index.php\\\/2023\\\/03\\\/repsol-assina-acordo-com-o-autodromo-internacional-do-algarve-e-leva-mais-energia-ao-motogp\\\/ambiente\\\/12\\\/10\\\/#breadcrumb\"},\"inLanguage\":\"pt-PT\",\"potentialAction\":[{\"@type\":\"ReadAction\",\"target\":[\"https:\\\/\\\/algarve7.pt\\\/index.php\\\/2023\\\/03\\\/repsol-assina-acordo-com-o-autodromo-internacional-do-algarve-e-leva-mais-energia-ao-motogp\\\/ambiente\\\/12\\\/10\\\/\"]}]},{\"@type\":\"ImageObject\",\"inLanguage\":\"pt-PT\",\"@id\":\"https:\\\/\\\/algarve7.pt\\\/index.php\\\/2023\\\/03\\\/repsol-assina-acordo-com-o-autodromo-internacional-do-algarve-e-leva-mais-energia-ao-motogp\\\/ambiente\\\/12\\\/10\\\/#primaryimage\",\"url\":\"https:\\\/\\\/algarve7.pt\\\/wp-content\\\/uploads\\\/2023\\\/03\\\/66866_PrI_1295098134.jpg\",\"contentUrl\":\"https:\\\/\\\/algarve7.pt\\\/wp-content\\\/uploads\\\/2023\\\/03\\\/66866_PrI_1295098134.jpg\",\"width\":1024,\"height\":683},{\"@type\":\"BreadcrumbList\",\"@id\":\"https:\\\/\\\/algarve7.pt\\\/index.php\\\/2023\\\/03\\\/repsol-assina-acordo-com-o-autodromo-internacional-do-algarve-e-leva-mais-energia-ao-motogp\\\/ambiente\\\/12\\\/10\\\/#breadcrumb\",\"itemListElement\":[{\"@type\":\"ListItem\",\"position\":1,\"name\":\"In\u00edcio\",\"item\":\"https:\\\/\\\/algarve7.pt\\\/\"},{\"@type\":\"ListItem\",\"position\":2,\"name\":\"Repsol assina acordo com o Aut\u00f3dromo Internacional do Algarve e leva mais energia ao MotoGP\"}]},{\"@type\":\"WebSite\",\"@id\":\"https:\\\/\\\/algarve7.pt\\\/#website\",\"url\":\"https:\\\/\\\/algarve7.pt\\\/\",\"name\":\"Algarve 7\",\"description\":\"Informa\u00e7\u00e3o sobre o Algarve\",\"publisher\":{\"@id\":\"https:\\\/\\\/algarve7.pt\\\/#organization\"},\"potentialAction\":[{\"@type\":\"SearchAction\",\"target\":{\"@type\":\"EntryPoint\",\"urlTemplate\":\"https:\\\/\\\/algarve7.pt\\\/?s={search_term_string}\"},\"query-input\":{\"@type\":\"PropertyValueSpecification\",\"valueRequired\":true,\"valueName\":\"search_term_string\"}}],\"inLanguage\":\"pt-PT\"},{\"@type\":\"Organization\",\"@id\":\"https:\\\/\\\/algarve7.pt\\\/#organization\",\"name\":\"Algarve 7\",\"url\":\"https:\\\/\\\/algarve7.pt\\\/\",\"logo\":{\"@type\":\"ImageObject\",\"inLanguage\":\"pt-PT\",\"@id\":\"https:\\\/\\\/algarve7.pt\\\/#\\\/schema\\\/logo\\\/image\\\/\",\"url\":\"https:\\\/\\\/algarve7.pt\\\/wp-content\\\/uploads\\\/2020\\\/10\\\/Logo-8.jpg\",\"contentUrl\":\"https:\\\/\\\/algarve7.pt\\\/wp-content\\\/uploads\\\/2020\\\/10\\\/Logo-8.jpg\",\"width\":1680,\"height\":1186,\"caption\":\"Algarve 7\"},\"image\":{\"@id\":\"https:\\\/\\\/algarve7.pt\\\/#\\\/schema\\\/logo\\\/image\\\/\"},\"sameAs\":[\"https:\\\/\\\/www.facebook.com\\\/algarve7\",\"https:\\\/\\\/x.com\\\/Algarvesete\",\"https:\\\/\\\/www.instagram.com\\\/jornalalgarve7\\\/\",\"https:\\\/\\\/www.linkedin.com\\\/company\\\/algarve7\",\"https:\\\/\\\/www.pinterest.pt\\\/geral0939\\\/_created\\\/\"]},{\"@type\":\"Person\",\"@id\":\"https:\\\/\\\/algarve7.pt\\\/#\\\/schema\\\/person\\\/23fa70681308e7b319a3204bcea45e0c\",\"name\":\"Algarve 7\",\"sameAs\":[\"https:\\\/\\\/algarve7.pt\",\"https:\\\/\\\/www.facebook.com\\\/algarve7\"],\"url\":\"https:\\\/\\\/algarve7.pt\\\/index.php\\\/author\\\/geralalgarve7-pt\\\/\"}]}<\/script>\n<!-- \/ Yoast SEO plugin. -->","yoast_head_json":{"title":"Repsol assina acordo com o Aut\u00f3dromo Internacional do Algarve e leva mais energia ao MotoGP - Algarve 7","description":"Repsol assina acordo com o Aut\u00f3dromo Internacional do Algarve e leva mais energia ao MotoGP Ambiente","robots":{"index":"index","follow":"follow","max-snippet":"max-snippet:-1","max-image-preview":"max-image-preview:large","max-video-preview":"max-video-preview:-1"},"canonical":"https:\/\/algarve7.pt\/index.php\/2023\/03\/repsol-assina-acordo-com-o-autodromo-internacional-do-algarve-e-leva-mais-energia-ao-motogp\/ambiente\/12\/10\/","og_locale":"pt_PT","og_type":"article","og_title":"Repsol assina acordo com o Aut\u00f3dromo Internacional do Algarve e leva mais energia ao MotoGP - Algarve 7","og_description":"Repsol assina acordo com o Aut\u00f3dromo Internacional do Algarve e leva mais energia ao MotoGP Ambiente","og_url":"https:\/\/algarve7.pt\/index.php\/2023\/03\/repsol-assina-acordo-com-o-autodromo-internacional-do-algarve-e-leva-mais-energia-ao-motogp\/ambiente\/12\/10\/","og_site_name":"Algarve 7","article_publisher":"https:\/\/www.facebook.com\/algarve7","article_author":"https:\/\/www.facebook.com\/algarve7","article_published_time":"2023-03-25T12:10:00+00:00","article_modified_time":"2023-03-25T12:10:01+00:00","og_image":[{"width":1024,"height":683,"url":"https:\/\/algarve7.pt\/wp-content\/uploads\/2023\/03\/66866_PrI_1295098134.jpg","type":"image\/jpeg"}],"author":"Algarve 7","twitter_card":"summary_large_image","twitter_creator":"@Algarvesete","twitter_site":"@Algarvesete","twitter_misc":{"Escrito por":"Algarve 7","Tempo estimado de leitura":"3 minutos"},"schema":{"@context":"https:\/\/schema.org","@graph":[{"@type":"Article","@id":"https:\/\/algarve7.pt\/index.php\/2023\/03\/repsol-assina-acordo-com-o-autodromo-internacional-do-algarve-e-leva-mais-energia-ao-motogp\/ambiente\/12\/10\/#article","isPartOf":{"@id":"https:\/\/algarve7.pt\/index.php\/2023\/03\/repsol-assina-acordo-com-o-autodromo-internacional-do-algarve-e-leva-mais-energia-ao-motogp\/ambiente\/12\/10\/"},"author":{"name":"Algarve 7","@id":"https:\/\/algarve7.pt\/#\/schema\/person\/23fa70681308e7b319a3204bcea45e0c"},"headline":"Repsol assina acordo com o Aut\u00f3dromo Internacional do Algarve e leva mais energia ao MotoGP","datePublished":"2023-03-25T12:10:00+00:00","dateModified":"2023-03-25T12:10:01+00:00","mainEntityOfPage":{"@id":"https:\/\/algarve7.pt\/index.php\/2023\/03\/repsol-assina-acordo-com-o-autodromo-internacional-do-algarve-e-leva-mais-energia-ao-motogp\/ambiente\/12\/10\/"},"wordCount":624,"publisher":{"@id":"https:\/\/algarve7.pt\/#organization"},"image":{"@id":"https:\/\/algarve7.pt\/index.php\/2023\/03\/repsol-assina-acordo-com-o-autodromo-internacional-do-algarve-e-leva-mais-energia-ao-motogp\/ambiente\/12\/10\/#primaryimage"},"thumbnailUrl":"https:\/\/algarve7.pt\/wp-content\/uploads\/2023\/03\/66866_PrI_1295098134.jpg","keywords":["Algarve","Ambiente","Aut\u00f3dromo Internacional do Algarve"],"articleSection":["Ambiente"],"inLanguage":"pt-PT"},{"@type":"WebPage","@id":"https:\/\/algarve7.pt\/index.php\/2023\/03\/repsol-assina-acordo-com-o-autodromo-internacional-do-algarve-e-leva-mais-energia-ao-motogp\/ambiente\/12\/10\/","url":"https:\/\/algarve7.pt\/index.php\/2023\/03\/repsol-assina-acordo-com-o-autodromo-internacional-do-algarve-e-leva-mais-energia-ao-motogp\/ambiente\/12\/10\/","name":"Repsol assina acordo com o Aut\u00f3dromo Internacional do Algarve e leva mais energia ao MotoGP - Algarve 7","isPartOf":{"@id":"https:\/\/algarve7.pt\/#website"},"primaryImageOfPage":{"@id":"https:\/\/algarve7.pt\/index.php\/2023\/03\/repsol-assina-acordo-com-o-autodromo-internacional-do-algarve-e-leva-mais-energia-ao-motogp\/ambiente\/12\/10\/#primaryimage"},"image":{"@id":"https:\/\/algarve7.pt\/index.php\/2023\/03\/repsol-assina-acordo-com-o-autodromo-internacional-do-algarve-e-leva-mais-energia-ao-motogp\/ambiente\/12\/10\/#primaryimage"},"thumbnailUrl":"https:\/\/algarve7.pt\/wp-content\/uploads\/2023\/03\/66866_PrI_1295098134.jpg","datePublished":"2023-03-25T12:10:00+00:00","dateModified":"2023-03-25T12:10:01+00:00","description":"Repsol assina acordo com o Aut\u00f3dromo Internacional do Algarve e leva mais energia ao MotoGP Ambiente","breadcrumb":{"@id":"https:\/\/algarve7.pt\/index.php\/2023\/03\/repsol-assina-acordo-com-o-autodromo-internacional-do-algarve-e-leva-mais-energia-ao-motogp\/ambiente\/12\/10\/#breadcrumb"},"inLanguage":"pt-PT","potentialAction":[{"@type":"ReadAction","target":["https:\/\/algarve7.pt\/index.php\/2023\/03\/repsol-assina-acordo-com-o-autodromo-internacional-do-algarve-e-leva-mais-energia-ao-motogp\/ambiente\/12\/10\/"]}]},{"@type":"ImageObject","inLanguage":"pt-PT","@id":"https:\/\/algarve7.pt\/index.php\/2023\/03\/repsol-assina-acordo-com-o-autodromo-internacional-do-algarve-e-leva-mais-energia-ao-motogp\/ambiente\/12\/10\/#primaryimage","url":"https:\/\/algarve7.pt\/wp-content\/uploads\/2023\/03\/66866_PrI_1295098134.jpg","contentUrl":"https:\/\/algarve7.pt\/wp-content\/uploads\/2023\/03\/66866_PrI_1295098134.jpg","width":1024,"height":683},{"@type":"BreadcrumbList","@id":"https:\/\/algarve7.pt\/index.php\/2023\/03\/repsol-assina-acordo-com-o-autodromo-internacional-do-algarve-e-leva-mais-energia-ao-motogp\/ambiente\/12\/10\/#breadcrumb","itemListElement":[{"@type":"ListItem","position":1,"name":"In\u00edcio","item":"https:\/\/algarve7.pt\/"},{"@type":"ListItem","position":2,"name":"Repsol assina acordo com o Aut\u00f3dromo Internacional do Algarve e leva mais energia ao MotoGP"}]},{"@type":"WebSite","@id":"https:\/\/algarve7.pt\/#website","url":"https:\/\/algarve7.pt\/","name":"Algarve 7","description":"Informa\u00e7\u00e3o sobre o Algarve","publisher":{"@id":"https:\/\/algarve7.pt\/#organization"},"potentialAction":[{"@type":"SearchAction","target":{"@type":"EntryPoint","urlTemplate":"https:\/\/algarve7.pt\/?s={search_term_string}"},"query-input":{"@type":"PropertyValueSpecification","valueRequired":true,"valueName":"search_term_string"}}],"inLanguage":"pt-PT"},{"@type":"Organization","@id":"https:\/\/algarve7.pt\/#organization","name":"Algarve 7","url":"https:\/\/algarve7.pt\/","logo":{"@type":"ImageObject","inLanguage":"pt-PT","@id":"https:\/\/algarve7.pt\/#\/schema\/logo\/image\/","url":"https:\/\/algarve7.pt\/wp-content\/uploads\/2020\/10\/Logo-8.jpg","contentUrl":"https:\/\/algarve7.pt\/wp-content\/uploads\/2020\/10\/Logo-8.jpg","width":1680,"height":1186,"caption":"Algarve 7"},"image":{"@id":"https:\/\/algarve7.pt\/#\/schema\/logo\/image\/"},"sameAs":["https:\/\/www.facebook.com\/algarve7","https:\/\/x.com\/Algarvesete","https:\/\/www.instagram.com\/jornalalgarve7\/","https:\/\/www.linkedin.com\/company\/algarve7","https:\/\/www.pinterest.pt\/geral0939\/_created\/"]},{"@type":"Person","@id":"https:\/\/algarve7.pt\/#\/schema\/person\/23fa70681308e7b319a3204bcea45e0c","name":"Algarve 7","sameAs":["https:\/\/algarve7.pt","https:\/\/www.facebook.com\/algarve7"],"url":"https:\/\/algarve7.pt\/index.php\/author\/geralalgarve7-pt\/"}]}},"jetpack_publicize_connections":[],"jetpack_featured_media_url":"https:\/\/algarve7.pt\/wp-content\/uploads\/2023\/03\/66866_PrI_1295098134.jpg","jetpack_shortlink":"https:\/\/wp.me\/pcezmW-6TS","jetpack_sharing_enabled":true,"_links":{"self":[{"href":"https:\/\/algarve7.pt\/index.php\/wp-json\/wp\/v2\/posts\/26528","targetHints":{"allow":["GET"]}}],"collection":[{"href":"https:\/\/algarve7.pt\/index.php\/wp-json\/wp\/v2\/posts"}],"about":[{"href":"https:\/\/algarve7.pt\/index.php\/wp-json\/wp\/v2\/types\/post"}],"author":[{"embeddable":true,"href":"https:\/\/algarve7.pt\/index.php\/wp-json\/wp\/v2\/users\/1"}],"replies":[{"embeddable":true,"href":"https:\/\/algarve7.pt\/index.php\/wp-json\/wp\/v2\/comments?post=26528"}],"version-history":[{"count":0,"href":"https:\/\/algarve7.pt\/index.php\/wp-json\/wp\/v2\/posts\/26528\/revisions"}],"wp:featuredmedia":[{"embeddable":true,"href":"https:\/\/algarve7.pt\/index.php\/wp-json\/wp\/v2\/media\/26529"}],"wp:attachment":[{"href":"https:\/\/algarve7.pt\/index.php\/wp-json\/wp\/v2\/media?parent=26528"}],"wp:term":[{"taxonomy":"category","embeddable":true,"href":"https:\/\/algarve7.pt\/index.php\/wp-json\/wp\/v2\/categories?post=26528"},{"taxonomy":"post_tag","embeddable":true,"href":"https:\/\/algarve7.pt\/index.php\/wp-json\/wp\/v2\/tags?post=26528"}],"curies":[{"name":"wp","href":"https:\/\/api.w.org\/{rel}","templated":true}]}}