{"id":26516,"date":"2023-03-25T11:50:16","date_gmt":"2023-03-25T11:50:16","guid":{"rendered":"https:\/\/algarve7.pt\/?p=26516"},"modified":"2023-03-25T11:50:18","modified_gmt":"2023-03-25T11:50:18","slug":"em-alcoutim-a-pascoa-e-animada-pela-feira-de-doces-davo","status":"publish","type":"post","link":"https:\/\/algarve7.pt\/index.php\/2023\/03\/em-alcoutim-a-pascoa-e-animada-pela-feira-de-doces-davo\/cultura\/11\/50\/","title":{"rendered":"Em Alcoutim a P\u00e1scoa \u00e9 animada pela Feira de Doces d\u2019Av\u00f3"},"content":{"rendered":"\n<p>O magn\u00edfico cen\u00e1rio do cais da vila de Alcoutim, com o Guadiana e a vizinha Espanha como pano de fundo, vai acolher nos dias 7 e 8 de abril a XVI Feira de Doces d\u2019Av\u00f3. Organizado pelo Munic\u00edpio de Alcoutim, o evento decorrer\u00e1 entre as 14h00 e as 19h00 e tem entrada livre.<\/p>\n\n\n\n<p>Aquele que \u00e9 o evento mais doce que se realiza no munic\u00edpio e, talvez por isso, um dos mais apreciados pelas crian\u00e7as, conta, como habitualmente, com ateliers, que lhes s\u00e3o dedicados, alusivos \u00e0 \u00e9poca festiva da P\u00e1scoa, como a pintura de ovos e confe\u00e7\u00e3o de folares, bem como modelagem de bal\u00f5es, truques de magia e pinturas faciais.<\/p>\n\n\n\n<p>Do programa consta ainda muita anima\u00e7\u00e3o musical a cargo da \u201cBanda da Aldeia\u201d e da Banda \u201cRunt\u00e1t\u00e1\u201d, assim como um baile da Pinha, com a artista Sandrine, a partir das 21h30 de sexta-feira, dia 7.<\/p>\n\n\n\n<p>Atraindo anualmente milhares de visitantes nacionais e do pa\u00eds vizinho, que est\u00e3o na regi\u00e3o a gozar umas mini-f\u00e9rias de P\u00e1scoa, o certame constitui um incentivo \u00e0 produ\u00e7\u00e3o e comercializa\u00e7\u00e3o dos doces t\u00edpicos da serra algarvia e \u00e9 j\u00e1 uma refer\u00eancia no calend\u00e1rio de eventos na regi\u00e3o.<\/p>\n","protected":false},"excerpt":{"rendered":"<p>O magn\u00edfico cen\u00e1rio do cais da vila de Alcoutim, com o Guadiana e a vizinha Espanha como pano de fundo,<\/p>\n","protected":false},"author":1,"featured_media":26517,"comment_status":"closed","ping_status":"open","sticky":false,"template":"","format":"standard","meta":{"colormag_page_container_layout":"default_layout","colormag_page_sidebar_layout":"default_layout","_monsterinsights_skip_tracking":false,"_monsterinsights_sitenote_active":false,"_monsterinsights_sitenote_note":"","_monsterinsights_sitenote_category":0,"jetpack_post_was_ever_published":false,"_jetpack_newsletter_access":"","_jetpack_dont_email_post_to_subs":false,"_jetpack_newsletter_tier_id":0,"_jetpack_memberships_contains_paywalled_content":false,"_jetpack_memberships_contains_paid_content":false,"footnotes":"","jetpack_publicize_message":"","jetpack_publicize_feature_enabled":true,"jetpack_social_post_already_shared":true,"jetpack_social_options":{"image_generator_settings":{"template":"highway","default_image_id":0,"font":"","enabled":false},"version":2}},"categories":[14],"tags":[79,36,35],"class_list":["post-26516","post","type-post","status-publish","format-standard","has-post-thumbnail","hentry","category-cultura","tag-alcoutim","tag-algarve","tag-cultura"],"yoast_head":"<!-- This site is optimized with the Yoast SEO plugin v27.4 - https:\/\/yoast.com\/product\/yoast-seo-wordpress\/ -->\n<title>Em Alcoutim a P\u00e1scoa \u00e9 animada pela Feira de Doces d\u2019Av\u00f3 - Algarve 7<\/title>\n<meta name=\"description\" content=\"Em Alcoutim a P\u00e1scoa \u00e9 animada pela Feira de Doces d\u2019Av\u00f3 Cultura\" \/>\n<meta name=\"robots\" content=\"index, follow, max-snippet:-1, max-image-preview:large, max-video-preview:-1\" \/>\n<link rel=\"canonical\" href=\"https:\/\/algarve7.pt\/index.php\/2023\/03\/em-alcoutim-a-pascoa-e-animada-pela-feira-de-doces-davo\/cultura\/11\/50\/\" \/>\n<meta property=\"og:locale\" content=\"pt_PT\" \/>\n<meta property=\"og:type\" content=\"article\" \/>\n<meta property=\"og:title\" content=\"Em Alcoutim a P\u00e1scoa \u00e9 animada pela Feira de Doces d\u2019Av\u00f3 - Algarve 7\" \/>\n<meta property=\"og:description\" content=\"Em Alcoutim a P\u00e1scoa \u00e9 animada pela Feira de Doces d\u2019Av\u00f3 Cultura\" \/>\n<meta property=\"og:url\" content=\"https:\/\/algarve7.pt\/index.php\/2023\/03\/em-alcoutim-a-pascoa-e-animada-pela-feira-de-doces-davo\/cultura\/11\/50\/\" \/>\n<meta property=\"og:site_name\" content=\"Algarve 7\" \/>\n<meta property=\"article:publisher\" content=\"https:\/\/www.facebook.com\/algarve7\" \/>\n<meta property=\"article:author\" content=\"https:\/\/www.facebook.com\/algarve7\" \/>\n<meta property=\"article:published_time\" content=\"2023-03-25T11:50:16+00:00\" \/>\n<meta property=\"article:modified_time\" content=\"2023-03-25T11:50:18+00:00\" \/>\n<meta property=\"og:image\" content=\"https:\/\/algarve7.pt\/wp-content\/uploads\/2023\/03\/IMG_6213.jpg\" \/>\n\t<meta property=\"og:image:width\" content=\"1024\" \/>\n\t<meta property=\"og:image:height\" content=\"682\" \/>\n\t<meta property=\"og:image:type\" content=\"image\/jpeg\" \/>\n<meta name=\"author\" content=\"Algarve 7\" \/>\n<meta name=\"twitter:card\" content=\"summary_large_image\" \/>\n<meta name=\"twitter:creator\" content=\"@Algarvesete\" \/>\n<meta name=\"twitter:site\" content=\"@Algarvesete\" \/>\n<meta name=\"twitter:label1\" content=\"Escrito por\" \/>\n\t<meta name=\"twitter:data1\" content=\"Algarve 7\" \/>\n\t<meta name=\"twitter:label2\" content=\"Tempo estimado de leitura\" \/>\n\t<meta name=\"twitter:data2\" content=\"2 minutos\" \/>\n<script type=\"application\/ld+json\" class=\"yoast-schema-graph\">{\"@context\":\"https:\\\/\\\/schema.org\",\"@graph\":[{\"@type\":\"Article\",\"@id\":\"https:\\\/\\\/algarve7.pt\\\/index.php\\\/2023\\\/03\\\/em-alcoutim-a-pascoa-e-animada-pela-feira-de-doces-davo\\\/cultura\\\/11\\\/50\\\/#article\",\"isPartOf\":{\"@id\":\"https:\\\/\\\/algarve7.pt\\\/index.php\\\/2023\\\/03\\\/em-alcoutim-a-pascoa-e-animada-pela-feira-de-doces-davo\\\/cultura\\\/11\\\/50\\\/\"},\"author\":{\"name\":\"Algarve 7\",\"@id\":\"https:\\\/\\\/algarve7.pt\\\/#\\\/schema\\\/person\\\/23fa70681308e7b319a3204bcea45e0c\"},\"headline\":\"Em Alcoutim a P\u00e1scoa \u00e9 animada pela Feira de Doces d\u2019Av\u00f3\",\"datePublished\":\"2023-03-25T11:50:16+00:00\",\"dateModified\":\"2023-03-25T11:50:18+00:00\",\"mainEntityOfPage\":{\"@id\":\"https:\\\/\\\/algarve7.pt\\\/index.php\\\/2023\\\/03\\\/em-alcoutim-a-pascoa-e-animada-pela-feira-de-doces-davo\\\/cultura\\\/11\\\/50\\\/\"},\"wordCount\":219,\"publisher\":{\"@id\":\"https:\\\/\\\/algarve7.pt\\\/#organization\"},\"image\":{\"@id\":\"https:\\\/\\\/algarve7.pt\\\/index.php\\\/2023\\\/03\\\/em-alcoutim-a-pascoa-e-animada-pela-feira-de-doces-davo\\\/cultura\\\/11\\\/50\\\/#primaryimage\"},\"thumbnailUrl\":\"https:\\\/\\\/algarve7.pt\\\/wp-content\\\/uploads\\\/2023\\\/03\\\/IMG_6213.jpg\",\"keywords\":[\"Alcoutim\",\"Algarve\",\"Cultura\"],\"articleSection\":[\"Cultura\"],\"inLanguage\":\"pt-PT\"},{\"@type\":\"WebPage\",\"@id\":\"https:\\\/\\\/algarve7.pt\\\/index.php\\\/2023\\\/03\\\/em-alcoutim-a-pascoa-e-animada-pela-feira-de-doces-davo\\\/cultura\\\/11\\\/50\\\/\",\"url\":\"https:\\\/\\\/algarve7.pt\\\/index.php\\\/2023\\\/03\\\/em-alcoutim-a-pascoa-e-animada-pela-feira-de-doces-davo\\\/cultura\\\/11\\\/50\\\/\",\"name\":\"Em Alcoutim a P\u00e1scoa \u00e9 animada pela Feira de Doces d\u2019Av\u00f3 - Algarve 7\",\"isPartOf\":{\"@id\":\"https:\\\/\\\/algarve7.pt\\\/#website\"},\"primaryImageOfPage\":{\"@id\":\"https:\\\/\\\/algarve7.pt\\\/index.php\\\/2023\\\/03\\\/em-alcoutim-a-pascoa-e-animada-pela-feira-de-doces-davo\\\/cultura\\\/11\\\/50\\\/#primaryimage\"},\"image\":{\"@id\":\"https:\\\/\\\/algarve7.pt\\\/index.php\\\/2023\\\/03\\\/em-alcoutim-a-pascoa-e-animada-pela-feira-de-doces-davo\\\/cultura\\\/11\\\/50\\\/#primaryimage\"},\"thumbnailUrl\":\"https:\\\/\\\/algarve7.pt\\\/wp-content\\\/uploads\\\/2023\\\/03\\\/IMG_6213.jpg\",\"datePublished\":\"2023-03-25T11:50:16+00:00\",\"dateModified\":\"2023-03-25T11:50:18+00:00\",\"description\":\"Em Alcoutim a P\u00e1scoa \u00e9 animada pela Feira de Doces d\u2019Av\u00f3 Cultura\",\"breadcrumb\":{\"@id\":\"https:\\\/\\\/algarve7.pt\\\/index.php\\\/2023\\\/03\\\/em-alcoutim-a-pascoa-e-animada-pela-feira-de-doces-davo\\\/cultura\\\/11\\\/50\\\/#breadcrumb\"},\"inLanguage\":\"pt-PT\",\"potentialAction\":[{\"@type\":\"ReadAction\",\"target\":[\"https:\\\/\\\/algarve7.pt\\\/index.php\\\/2023\\\/03\\\/em-alcoutim-a-pascoa-e-animada-pela-feira-de-doces-davo\\\/cultura\\\/11\\\/50\\\/\"]}]},{\"@type\":\"ImageObject\",\"inLanguage\":\"pt-PT\",\"@id\":\"https:\\\/\\\/algarve7.pt\\\/index.php\\\/2023\\\/03\\\/em-alcoutim-a-pascoa-e-animada-pela-feira-de-doces-davo\\\/cultura\\\/11\\\/50\\\/#primaryimage\",\"url\":\"https:\\\/\\\/algarve7.pt\\\/wp-content\\\/uploads\\\/2023\\\/03\\\/IMG_6213.jpg\",\"contentUrl\":\"https:\\\/\\\/algarve7.pt\\\/wp-content\\\/uploads\\\/2023\\\/03\\\/IMG_6213.jpg\",\"width\":1024,\"height\":682},{\"@type\":\"BreadcrumbList\",\"@id\":\"https:\\\/\\\/algarve7.pt\\\/index.php\\\/2023\\\/03\\\/em-alcoutim-a-pascoa-e-animada-pela-feira-de-doces-davo\\\/cultura\\\/11\\\/50\\\/#breadcrumb\",\"itemListElement\":[{\"@type\":\"ListItem\",\"position\":1,\"name\":\"In\u00edcio\",\"item\":\"https:\\\/\\\/algarve7.pt\\\/\"},{\"@type\":\"ListItem\",\"position\":2,\"name\":\"Em Alcoutim a P\u00e1scoa \u00e9 animada pela Feira de Doces d\u2019Av\u00f3\"}]},{\"@type\":\"WebSite\",\"@id\":\"https:\\\/\\\/algarve7.pt\\\/#website\",\"url\":\"https:\\\/\\\/algarve7.pt\\\/\",\"name\":\"Algarve 7\",\"description\":\"Informa\u00e7\u00e3o sobre o Algarve\",\"publisher\":{\"@id\":\"https:\\\/\\\/algarve7.pt\\\/#organization\"},\"potentialAction\":[{\"@type\":\"SearchAction\",\"target\":{\"@type\":\"EntryPoint\",\"urlTemplate\":\"https:\\\/\\\/algarve7.pt\\\/?s={search_term_string}\"},\"query-input\":{\"@type\":\"PropertyValueSpecification\",\"valueRequired\":true,\"valueName\":\"search_term_string\"}}],\"inLanguage\":\"pt-PT\"},{\"@type\":\"Organization\",\"@id\":\"https:\\\/\\\/algarve7.pt\\\/#organization\",\"name\":\"Algarve 7\",\"url\":\"https:\\\/\\\/algarve7.pt\\\/\",\"logo\":{\"@type\":\"ImageObject\",\"inLanguage\":\"pt-PT\",\"@id\":\"https:\\\/\\\/algarve7.pt\\\/#\\\/schema\\\/logo\\\/image\\\/\",\"url\":\"https:\\\/\\\/algarve7.pt\\\/wp-content\\\/uploads\\\/2020\\\/10\\\/Logo-8.jpg\",\"contentUrl\":\"https:\\\/\\\/algarve7.pt\\\/wp-content\\\/uploads\\\/2020\\\/10\\\/Logo-8.jpg\",\"width\":1680,\"height\":1186,\"caption\":\"Algarve 7\"},\"image\":{\"@id\":\"https:\\\/\\\/algarve7.pt\\\/#\\\/schema\\\/logo\\\/image\\\/\"},\"sameAs\":[\"https:\\\/\\\/www.facebook.com\\\/algarve7\",\"https:\\\/\\\/x.com\\\/Algarvesete\",\"https:\\\/\\\/www.instagram.com\\\/jornalalgarve7\\\/\",\"https:\\\/\\\/www.linkedin.com\\\/company\\\/algarve7\",\"https:\\\/\\\/www.pinterest.pt\\\/geral0939\\\/_created\\\/\"]},{\"@type\":\"Person\",\"@id\":\"https:\\\/\\\/algarve7.pt\\\/#\\\/schema\\\/person\\\/23fa70681308e7b319a3204bcea45e0c\",\"name\":\"Algarve 7\",\"sameAs\":[\"https:\\\/\\\/algarve7.pt\",\"https:\\\/\\\/www.facebook.com\\\/algarve7\"],\"url\":\"https:\\\/\\\/algarve7.pt\\\/index.php\\\/author\\\/geralalgarve7-pt\\\/\"}]}<\/script>\n<!-- \/ Yoast SEO plugin. -->","yoast_head_json":{"title":"Em Alcoutim a P\u00e1scoa \u00e9 animada pela Feira de Doces d\u2019Av\u00f3 - Algarve 7","description":"Em Alcoutim a P\u00e1scoa \u00e9 animada pela Feira de Doces d\u2019Av\u00f3 Cultura","robots":{"index":"index","follow":"follow","max-snippet":"max-snippet:-1","max-image-preview":"max-image-preview:large","max-video-preview":"max-video-preview:-1"},"canonical":"https:\/\/algarve7.pt\/index.php\/2023\/03\/em-alcoutim-a-pascoa-e-animada-pela-feira-de-doces-davo\/cultura\/11\/50\/","og_locale":"pt_PT","og_type":"article","og_title":"Em Alcoutim a P\u00e1scoa \u00e9 animada pela Feira de Doces d\u2019Av\u00f3 - Algarve 7","og_description":"Em Alcoutim a P\u00e1scoa \u00e9 animada pela Feira de Doces d\u2019Av\u00f3 Cultura","og_url":"https:\/\/algarve7.pt\/index.php\/2023\/03\/em-alcoutim-a-pascoa-e-animada-pela-feira-de-doces-davo\/cultura\/11\/50\/","og_site_name":"Algarve 7","article_publisher":"https:\/\/www.facebook.com\/algarve7","article_author":"https:\/\/www.facebook.com\/algarve7","article_published_time":"2023-03-25T11:50:16+00:00","article_modified_time":"2023-03-25T11:50:18+00:00","og_image":[{"width":1024,"height":682,"url":"https:\/\/algarve7.pt\/wp-content\/uploads\/2023\/03\/IMG_6213.jpg","type":"image\/jpeg"}],"author":"Algarve 7","twitter_card":"summary_large_image","twitter_creator":"@Algarvesete","twitter_site":"@Algarvesete","twitter_misc":{"Escrito por":"Algarve 7","Tempo estimado de leitura":"2 minutos"},"schema":{"@context":"https:\/\/schema.org","@graph":[{"@type":"Article","@id":"https:\/\/algarve7.pt\/index.php\/2023\/03\/em-alcoutim-a-pascoa-e-animada-pela-feira-de-doces-davo\/cultura\/11\/50\/#article","isPartOf":{"@id":"https:\/\/algarve7.pt\/index.php\/2023\/03\/em-alcoutim-a-pascoa-e-animada-pela-feira-de-doces-davo\/cultura\/11\/50\/"},"author":{"name":"Algarve 7","@id":"https:\/\/algarve7.pt\/#\/schema\/person\/23fa70681308e7b319a3204bcea45e0c"},"headline":"Em Alcoutim a P\u00e1scoa \u00e9 animada pela Feira de Doces d\u2019Av\u00f3","datePublished":"2023-03-25T11:50:16+00:00","dateModified":"2023-03-25T11:50:18+00:00","mainEntityOfPage":{"@id":"https:\/\/algarve7.pt\/index.php\/2023\/03\/em-alcoutim-a-pascoa-e-animada-pela-feira-de-doces-davo\/cultura\/11\/50\/"},"wordCount":219,"publisher":{"@id":"https:\/\/algarve7.pt\/#organization"},"image":{"@id":"https:\/\/algarve7.pt\/index.php\/2023\/03\/em-alcoutim-a-pascoa-e-animada-pela-feira-de-doces-davo\/cultura\/11\/50\/#primaryimage"},"thumbnailUrl":"https:\/\/algarve7.pt\/wp-content\/uploads\/2023\/03\/IMG_6213.jpg","keywords":["Alcoutim","Algarve","Cultura"],"articleSection":["Cultura"],"inLanguage":"pt-PT"},{"@type":"WebPage","@id":"https:\/\/algarve7.pt\/index.php\/2023\/03\/em-alcoutim-a-pascoa-e-animada-pela-feira-de-doces-davo\/cultura\/11\/50\/","url":"https:\/\/algarve7.pt\/index.php\/2023\/03\/em-alcoutim-a-pascoa-e-animada-pela-feira-de-doces-davo\/cultura\/11\/50\/","name":"Em Alcoutim a P\u00e1scoa \u00e9 animada pela Feira de Doces d\u2019Av\u00f3 - Algarve 7","isPartOf":{"@id":"https:\/\/algarve7.pt\/#website"},"primaryImageOfPage":{"@id":"https:\/\/algarve7.pt\/index.php\/2023\/03\/em-alcoutim-a-pascoa-e-animada-pela-feira-de-doces-davo\/cultura\/11\/50\/#primaryimage"},"image":{"@id":"https:\/\/algarve7.pt\/index.php\/2023\/03\/em-alcoutim-a-pascoa-e-animada-pela-feira-de-doces-davo\/cultura\/11\/50\/#primaryimage"},"thumbnailUrl":"https:\/\/algarve7.pt\/wp-content\/uploads\/2023\/03\/IMG_6213.jpg","datePublished":"2023-03-25T11:50:16+00:00","dateModified":"2023-03-25T11:50:18+00:00","description":"Em Alcoutim a P\u00e1scoa \u00e9 animada pela Feira de Doces d\u2019Av\u00f3 Cultura","breadcrumb":{"@id":"https:\/\/algarve7.pt\/index.php\/2023\/03\/em-alcoutim-a-pascoa-e-animada-pela-feira-de-doces-davo\/cultura\/11\/50\/#breadcrumb"},"inLanguage":"pt-PT","potentialAction":[{"@type":"ReadAction","target":["https:\/\/algarve7.pt\/index.php\/2023\/03\/em-alcoutim-a-pascoa-e-animada-pela-feira-de-doces-davo\/cultura\/11\/50\/"]}]},{"@type":"ImageObject","inLanguage":"pt-PT","@id":"https:\/\/algarve7.pt\/index.php\/2023\/03\/em-alcoutim-a-pascoa-e-animada-pela-feira-de-doces-davo\/cultura\/11\/50\/#primaryimage","url":"https:\/\/algarve7.pt\/wp-content\/uploads\/2023\/03\/IMG_6213.jpg","contentUrl":"https:\/\/algarve7.pt\/wp-content\/uploads\/2023\/03\/IMG_6213.jpg","width":1024,"height":682},{"@type":"BreadcrumbList","@id":"https:\/\/algarve7.pt\/index.php\/2023\/03\/em-alcoutim-a-pascoa-e-animada-pela-feira-de-doces-davo\/cultura\/11\/50\/#breadcrumb","itemListElement":[{"@type":"ListItem","position":1,"name":"In\u00edcio","item":"https:\/\/algarve7.pt\/"},{"@type":"ListItem","position":2,"name":"Em Alcoutim a P\u00e1scoa \u00e9 animada pela Feira de Doces d\u2019Av\u00f3"}]},{"@type":"WebSite","@id":"https:\/\/algarve7.pt\/#website","url":"https:\/\/algarve7.pt\/","name":"Algarve 7","description":"Informa\u00e7\u00e3o sobre o Algarve","publisher":{"@id":"https:\/\/algarve7.pt\/#organization"},"potentialAction":[{"@type":"SearchAction","target":{"@type":"EntryPoint","urlTemplate":"https:\/\/algarve7.pt\/?s={search_term_string}"},"query-input":{"@type":"PropertyValueSpecification","valueRequired":true,"valueName":"search_term_string"}}],"inLanguage":"pt-PT"},{"@type":"Organization","@id":"https:\/\/algarve7.pt\/#organization","name":"Algarve 7","url":"https:\/\/algarve7.pt\/","logo":{"@type":"ImageObject","inLanguage":"pt-PT","@id":"https:\/\/algarve7.pt\/#\/schema\/logo\/image\/","url":"https:\/\/algarve7.pt\/wp-content\/uploads\/2020\/10\/Logo-8.jpg","contentUrl":"https:\/\/algarve7.pt\/wp-content\/uploads\/2020\/10\/Logo-8.jpg","width":1680,"height":1186,"caption":"Algarve 7"},"image":{"@id":"https:\/\/algarve7.pt\/#\/schema\/logo\/image\/"},"sameAs":["https:\/\/www.facebook.com\/algarve7","https:\/\/x.com\/Algarvesete","https:\/\/www.instagram.com\/jornalalgarve7\/","https:\/\/www.linkedin.com\/company\/algarve7","https:\/\/www.pinterest.pt\/geral0939\/_created\/"]},{"@type":"Person","@id":"https:\/\/algarve7.pt\/#\/schema\/person\/23fa70681308e7b319a3204bcea45e0c","name":"Algarve 7","sameAs":["https:\/\/algarve7.pt","https:\/\/www.facebook.com\/algarve7"],"url":"https:\/\/algarve7.pt\/index.php\/author\/geralalgarve7-pt\/"}]}},"jetpack_publicize_connections":[],"jetpack_featured_media_url":"https:\/\/algarve7.pt\/wp-content\/uploads\/2023\/03\/IMG_6213.jpg","jetpack_shortlink":"https:\/\/wp.me\/pcezmW-6TG","jetpack_sharing_enabled":true,"_links":{"self":[{"href":"https:\/\/algarve7.pt\/index.php\/wp-json\/wp\/v2\/posts\/26516","targetHints":{"allow":["GET"]}}],"collection":[{"href":"https:\/\/algarve7.pt\/index.php\/wp-json\/wp\/v2\/posts"}],"about":[{"href":"https:\/\/algarve7.pt\/index.php\/wp-json\/wp\/v2\/types\/post"}],"author":[{"embeddable":true,"href":"https:\/\/algarve7.pt\/index.php\/wp-json\/wp\/v2\/users\/1"}],"replies":[{"embeddable":true,"href":"https:\/\/algarve7.pt\/index.php\/wp-json\/wp\/v2\/comments?post=26516"}],"version-history":[{"count":0,"href":"https:\/\/algarve7.pt\/index.php\/wp-json\/wp\/v2\/posts\/26516\/revisions"}],"wp:featuredmedia":[{"embeddable":true,"href":"https:\/\/algarve7.pt\/index.php\/wp-json\/wp\/v2\/media\/26517"}],"wp:attachment":[{"href":"https:\/\/algarve7.pt\/index.php\/wp-json\/wp\/v2\/media?parent=26516"}],"wp:term":[{"taxonomy":"category","embeddable":true,"href":"https:\/\/algarve7.pt\/index.php\/wp-json\/wp\/v2\/categories?post=26516"},{"taxonomy":"post_tag","embeddable":true,"href":"https:\/\/algarve7.pt\/index.php\/wp-json\/wp\/v2\/tags?post=26516"}],"curies":[{"name":"wp","href":"https:\/\/api.w.org\/{rel}","templated":true}]}}