{"id":26513,"date":"2023-03-25T10:15:34","date_gmt":"2023-03-25T10:15:34","guid":{"rendered":"https:\/\/algarve7.pt\/?p=26513"},"modified":"2023-03-25T10:15:36","modified_gmt":"2023-03-25T10:15:36","slug":"a-democracia-esta-em-perigo-alertou-a-voz-disruptiva-de-carmo-afonso-em-loule","status":"publish","type":"post","link":"https:\/\/algarve7.pt\/index.php\/2023\/03\/a-democracia-esta-em-perigo-alertou-a-voz-disruptiva-de-carmo-afonso-em-loule\/atualidade\/10\/15\/","title":{"rendered":"\u201cA democracia est\u00e1 em perigo!\u201d alertou a voz disruptiva de Carmo Afonso, em Loul\u00e9"},"content":{"rendered":"\n<p>Uma Europa e um mundo sobressaltados pelo fantasma do populismo. Um pa\u00eds que est\u00e1 a deslocar-se \u00e0 direita e onde a \u201cPaz, P\u00e3o, Habita\u00e7\u00e3o, Sa\u00fade e Educa\u00e7\u00e3o\u201d perderam o significado de outros tempos. Uma guerra que s\u00f3 ter\u00e1 fim pela via diplom\u00e1tica. Estas foram algumas das ideias deixadas por Carmo Afonso, esta quinta-feira, no Sal\u00e3o Nobre dos Pa\u00e7os do Concelho, uma algarvia da Serra do Caldeir\u00e3o que \u00e9 hoje uma voz dissonante com forte presen\u00e7a no espa\u00e7o medi\u00e1tico.<\/p>\n\n\n\n<p>A convite do Munic\u00edpio de Loul\u00e9 para discorrer sobre o tema \u201cCrise da democracia \u2013 o que fazer?\u201d, com enquadramento no ciclo \u201cHorizontes do Futuro\u201d, a conferencista fez uma abordagem ao que se passa no mundo atual, numa noite em que uma plateia bastante entusiasmada teve tamb\u00e9m uma palavra a acrescentar \u00e0s muitas reflex\u00f5es, durante o debate que se seguiu.<\/p>\n\n\n\n<p>Se at\u00e9 2019 era garantido que a democracia portuguesa estava consolidada, para a cronista foi nessa altura que o aparecimento dos populismos fez soar o alarme. \u201cHoje somos uma democracia em que a terceira for\u00e7a pol\u00edtica \u00e9 um partido de extrema-direita.<\/p>\n\n\n\n<p>Da parte da esquerda, Carmo Afonso considerou que longe vai o radicalismo do p\u00f3s-25 de Abril e que partidos como o Bloco de Esquerda ou Partido Comunista s\u00e3o hoje erradamente visto como extremistas. \u201cEst\u00e3o a defender n\u00e3o uma subvers\u00e3o do sistema, mas os direitos dos trabalhadores, defendem a Constitui\u00e7\u00e3o e fazem uma luta trabalhista\u201d, notou.<\/p>\n\n\n\n<p>Numa \u00e9poca em que os alicerces da democracia \u2013 \u201cPaz, P\u00e3o, Habita\u00e7\u00e3o, Sa\u00fade e Educa\u00e7\u00e3o\u201d &#8211; est\u00e3o em risco, o escalar do populismo surge tamb\u00e9m \u201cporque as pessoas sentem uma grande frustra\u00e7\u00e3o pois n\u00e3o t\u00eam as suas necessidades concretizadas\u201d e a extrema-direita \u201c\u00e9 especialista em apontar um culpado\u201d.<\/p>\n\n\n\n<p>&nbsp;\u201cA democracia est\u00e1 em perigo!\u201d, alertou Carmo Afonso, considerando que o que est\u00e1 em causa s\u00e3o os valores conservadores e antiprogressistas e um retrocesso na luta antirracista e feminista. Mas referindo que este n\u00e3o \u00e9 apenas um problema portugu\u00eas, mas que acontece em pa\u00edses europeus como Espanha, Fran\u00e7a, It\u00e1lia ou Su\u00e9cia, e mesmo fora da Europa, com os antigos presidentes norte-americano, Donald Trump, e brasileiro, Jair Bolsonaro.<\/p>\n\n\n\n<p>Num mundo em que o \u201cn\u00f3s est\u00e1 mais fraco\u201d, a cronista do \u201cP\u00fablico\u201d diz ser fundamental a organiza\u00e7\u00e3o das pessoas em grupos. \u201cTemos que voltar \u00e0s estruturas coletivas. \u00c9 a\u00ed que se faz a reflex\u00e3o pol\u00edtica, que pode haver processos transformadores\u201d. Isto por contraposi\u00e7\u00e3o \u00e0s redes sociais que considera ser um \u201cpalco\u201d para um \u201cativismo que n\u00e3o \u00e9 suficiente\u201d j\u00e1 que se trata de conte\u00fados \u201cde consumo r\u00e1pido e imediato\u201d. \u201cN\u00e3o \u00e9 o tempo que \u00e9 preciso para fazer uma resolu\u00e7\u00e3o, quanto mais uma luta\u201d, argumentou.<\/p>\n\n\n\n<p>Apesar de se assumir como uma mulher de esquerda, considera ser muito importante \u201cuma direita forte e saud\u00e1vel\u201d. \u00c9, pois, defensora de \u201cuma altern\u00e2ncia democr\u00e1tica\u201d.<\/p>\n\n\n\n<p>E se os problemas de emprego, habita\u00e7\u00e3o, educa\u00e7\u00e3o e sa\u00fade s\u00e3o \u201cmato para arder\u201d para os populistas, a Guerra \u201cveio tamb\u00e9m mexer com os portugueses\u201d. Este foi outro dos cap\u00edtulos desta confer\u00eancia.<\/p>\n\n\n\n<p>Quanto ao conflito, a vis\u00e3o de Carmo Afonso \u00e9 bastante assertiva no que toca o posicionamento do pa\u00eds. \u201cPortugal sempre defendeu o eixo euro-atl\u00e2ntico, o mundo ocidental, que tem coisas muito boas, mas em nome dessas coisas boas particip\u00e1mos em coisas muito m\u00e1s, como a guerra do Iraque. Fazemos parte de um lado e quem puser em causa o imperialismo americano est\u00e1 sempre em minoria\u201d, considerou.<\/p>\n\n\n\n<p>Ainda em rela\u00e7\u00e3o \u00e0 Guerra diz ser necess\u00e1ria uma reflex\u00e3o no espa\u00e7o p\u00fablico sobre os antecedentes. \u201cAlgu\u00e9m acredita que a R\u00fassia sair\u00e1 derrotada? Como \u00e9 que n\u00e3o estamos do lado de uma solu\u00e7\u00e3o negociada?\u201d, questionou. E sublinhou o agudizar da situa\u00e7\u00e3o: \u201cEstamos cada vez mais numa trincheira de onde \u00e9 dif\u00edcil sair\u2026\u201d.<\/p>\n\n\n\n<p>Em resposta ao \u201cdesporto nacional que \u00e9 o fechar os olhos\u201d deixou uma palavra de otimismo: \u201cTodos n\u00f3s podemos sempre fazer alguma coisa para melhorar os direitos coletivos, temos que participar. Nunca deixem de ter uma voz com luz pr\u00f3pria. O espa\u00e7o p\u00fablico precisa da interven\u00e7\u00e3o de todos\u201d, assegurou.<\/p>\n\n\n\n<p>Nesta partilha de ideias houve ainda tempo para as palavras e opini\u00f5es do p\u00fablico. Em resposta a um aluno da Escola Secund\u00e1ria de Loul\u00e9 que perguntou se \u201cAinda acredita em n\u00f3s, jovens? Acha que ainda \u00e9 poss\u00edvel mudar?\u201d, a oradora respondeu: \u201c\u00c9 poss\u00edvel, mas \u00e9 sobretudo preciso!\u201d.<\/p>\n","protected":false},"excerpt":{"rendered":"<p>Uma Europa e um mundo sobressaltados pelo fantasma do populismo. Um pa\u00eds que est\u00e1 a deslocar-se \u00e0 direita e onde<\/p>\n","protected":false},"author":1,"featured_media":26514,"comment_status":"closed","ping_status":"open","sticky":false,"template":"","format":"standard","meta":{"colormag_page_container_layout":"default_layout","colormag_page_sidebar_layout":"default_layout","_monsterinsights_skip_tracking":false,"_monsterinsights_sitenote_active":false,"_monsterinsights_sitenote_note":"","_monsterinsights_sitenote_category":0,"jetpack_post_was_ever_published":false,"_jetpack_newsletter_access":"","_jetpack_dont_email_post_to_subs":false,"_jetpack_newsletter_tier_id":0,"_jetpack_memberships_contains_paywalled_content":false,"_jetpack_memberships_contains_paid_content":false,"footnotes":"","jetpack_publicize_message":"","jetpack_publicize_feature_enabled":true,"jetpack_social_post_already_shared":true,"jetpack_social_options":{"image_generator_settings":{"template":"highway","default_image_id":0,"font":"","enabled":false},"version":2}},"categories":[11],"tags":[36,62,886,31],"class_list":["post-26513","post","type-post","status-publish","format-standard","has-post-thumbnail","hentry","category-atualidade","tag-algarve","tag-atualidade","tag-horizontes-do-futuro","tag-loule"],"yoast_head":"<!-- This site is optimized with the Yoast SEO plugin v27.4 - https:\/\/yoast.com\/product\/yoast-seo-wordpress\/ -->\n<title>\u201cA democracia est\u00e1 em perigo!\u201d alertou a voz disruptiva de Carmo Afonso, em Loul\u00e9 - Algarve 7<\/title>\n<meta name=\"description\" content=\"\u201cA democracia est\u00e1 em perigo!\u201d alertou a voz disruptiva de Carmo Afonso, em Loul\u00e9 Atualidade\" \/>\n<meta name=\"robots\" content=\"index, follow, max-snippet:-1, max-image-preview:large, max-video-preview:-1\" \/>\n<link rel=\"canonical\" href=\"https:\/\/algarve7.pt\/index.php\/2023\/03\/a-democracia-esta-em-perigo-alertou-a-voz-disruptiva-de-carmo-afonso-em-loule\/atualidade\/10\/15\/\" \/>\n<meta property=\"og:locale\" content=\"pt_PT\" \/>\n<meta property=\"og:type\" content=\"article\" \/>\n<meta property=\"og:title\" content=\"\u201cA democracia est\u00e1 em perigo!\u201d alertou a voz disruptiva de Carmo Afonso, em Loul\u00e9 - Algarve 7\" \/>\n<meta property=\"og:description\" content=\"\u201cA democracia est\u00e1 em perigo!\u201d alertou a voz disruptiva de Carmo Afonso, em Loul\u00e9 Atualidade\" \/>\n<meta property=\"og:url\" content=\"https:\/\/algarve7.pt\/index.php\/2023\/03\/a-democracia-esta-em-perigo-alertou-a-voz-disruptiva-de-carmo-afonso-em-loule\/atualidade\/10\/15\/\" \/>\n<meta property=\"og:site_name\" content=\"Algarve 7\" \/>\n<meta property=\"article:publisher\" content=\"https:\/\/www.facebook.com\/algarve7\" \/>\n<meta property=\"article:author\" content=\"https:\/\/www.facebook.com\/algarve7\" \/>\n<meta property=\"article:published_time\" content=\"2023-03-25T10:15:34+00:00\" \/>\n<meta property=\"article:modified_time\" content=\"2023-03-25T10:15:36+00:00\" \/>\n<meta property=\"og:image\" content=\"https:\/\/algarve7.pt\/wp-content\/uploads\/2023\/03\/Horizontes-do-futuro-Carmo-Afonso-23-03-2023-7.jpg\" \/>\n\t<meta property=\"og:image:width\" content=\"1024\" \/>\n\t<meta property=\"og:image:height\" content=\"683\" \/>\n\t<meta property=\"og:image:type\" content=\"image\/jpeg\" \/>\n<meta name=\"author\" content=\"Algarve 7\" \/>\n<meta name=\"twitter:card\" content=\"summary_large_image\" \/>\n<meta name=\"twitter:creator\" content=\"@Algarvesete\" \/>\n<meta name=\"twitter:site\" content=\"@Algarvesete\" \/>\n<meta name=\"twitter:label1\" content=\"Escrito por\" \/>\n\t<meta name=\"twitter:data1\" content=\"Algarve 7\" \/>\n\t<meta name=\"twitter:label2\" content=\"Tempo estimado de leitura\" \/>\n\t<meta name=\"twitter:data2\" content=\"4 minutos\" \/>\n<script type=\"application\/ld+json\" class=\"yoast-schema-graph\">{\"@context\":\"https:\\\/\\\/schema.org\",\"@graph\":[{\"@type\":\"Article\",\"@id\":\"https:\\\/\\\/algarve7.pt\\\/index.php\\\/2023\\\/03\\\/a-democracia-esta-em-perigo-alertou-a-voz-disruptiva-de-carmo-afonso-em-loule\\\/atualidade\\\/10\\\/15\\\/#article\",\"isPartOf\":{\"@id\":\"https:\\\/\\\/algarve7.pt\\\/index.php\\\/2023\\\/03\\\/a-democracia-esta-em-perigo-alertou-a-voz-disruptiva-de-carmo-afonso-em-loule\\\/atualidade\\\/10\\\/15\\\/\"},\"author\":{\"name\":\"Algarve 7\",\"@id\":\"https:\\\/\\\/algarve7.pt\\\/#\\\/schema\\\/person\\\/23fa70681308e7b319a3204bcea45e0c\"},\"headline\":\"\u201cA democracia est\u00e1 em perigo!\u201d alertou a voz disruptiva de Carmo Afonso, em Loul\u00e9\",\"datePublished\":\"2023-03-25T10:15:34+00:00\",\"dateModified\":\"2023-03-25T10:15:36+00:00\",\"mainEntityOfPage\":{\"@id\":\"https:\\\/\\\/algarve7.pt\\\/index.php\\\/2023\\\/03\\\/a-democracia-esta-em-perigo-alertou-a-voz-disruptiva-de-carmo-afonso-em-loule\\\/atualidade\\\/10\\\/15\\\/\"},\"wordCount\":787,\"publisher\":{\"@id\":\"https:\\\/\\\/algarve7.pt\\\/#organization\"},\"image\":{\"@id\":\"https:\\\/\\\/algarve7.pt\\\/index.php\\\/2023\\\/03\\\/a-democracia-esta-em-perigo-alertou-a-voz-disruptiva-de-carmo-afonso-em-loule\\\/atualidade\\\/10\\\/15\\\/#primaryimage\"},\"thumbnailUrl\":\"https:\\\/\\\/algarve7.pt\\\/wp-content\\\/uploads\\\/2023\\\/03\\\/Horizontes-do-futuro-Carmo-Afonso-23-03-2023-7.jpg\",\"keywords\":[\"Algarve\",\"Atualidade\",\"horizontes do futuro\",\"Loul\u00e9\"],\"articleSection\":[\"Atualidade\"],\"inLanguage\":\"pt-PT\"},{\"@type\":\"WebPage\",\"@id\":\"https:\\\/\\\/algarve7.pt\\\/index.php\\\/2023\\\/03\\\/a-democracia-esta-em-perigo-alertou-a-voz-disruptiva-de-carmo-afonso-em-loule\\\/atualidade\\\/10\\\/15\\\/\",\"url\":\"https:\\\/\\\/algarve7.pt\\\/index.php\\\/2023\\\/03\\\/a-democracia-esta-em-perigo-alertou-a-voz-disruptiva-de-carmo-afonso-em-loule\\\/atualidade\\\/10\\\/15\\\/\",\"name\":\"\u201cA democracia est\u00e1 em perigo!\u201d alertou a voz disruptiva de Carmo Afonso, em Loul\u00e9 - Algarve 7\",\"isPartOf\":{\"@id\":\"https:\\\/\\\/algarve7.pt\\\/#website\"},\"primaryImageOfPage\":{\"@id\":\"https:\\\/\\\/algarve7.pt\\\/index.php\\\/2023\\\/03\\\/a-democracia-esta-em-perigo-alertou-a-voz-disruptiva-de-carmo-afonso-em-loule\\\/atualidade\\\/10\\\/15\\\/#primaryimage\"},\"image\":{\"@id\":\"https:\\\/\\\/algarve7.pt\\\/index.php\\\/2023\\\/03\\\/a-democracia-esta-em-perigo-alertou-a-voz-disruptiva-de-carmo-afonso-em-loule\\\/atualidade\\\/10\\\/15\\\/#primaryimage\"},\"thumbnailUrl\":\"https:\\\/\\\/algarve7.pt\\\/wp-content\\\/uploads\\\/2023\\\/03\\\/Horizontes-do-futuro-Carmo-Afonso-23-03-2023-7.jpg\",\"datePublished\":\"2023-03-25T10:15:34+00:00\",\"dateModified\":\"2023-03-25T10:15:36+00:00\",\"description\":\"\u201cA democracia est\u00e1 em perigo!\u201d alertou a voz disruptiva de Carmo Afonso, em Loul\u00e9 Atualidade\",\"breadcrumb\":{\"@id\":\"https:\\\/\\\/algarve7.pt\\\/index.php\\\/2023\\\/03\\\/a-democracia-esta-em-perigo-alertou-a-voz-disruptiva-de-carmo-afonso-em-loule\\\/atualidade\\\/10\\\/15\\\/#breadcrumb\"},\"inLanguage\":\"pt-PT\",\"potentialAction\":[{\"@type\":\"ReadAction\",\"target\":[\"https:\\\/\\\/algarve7.pt\\\/index.php\\\/2023\\\/03\\\/a-democracia-esta-em-perigo-alertou-a-voz-disruptiva-de-carmo-afonso-em-loule\\\/atualidade\\\/10\\\/15\\\/\"]}]},{\"@type\":\"ImageObject\",\"inLanguage\":\"pt-PT\",\"@id\":\"https:\\\/\\\/algarve7.pt\\\/index.php\\\/2023\\\/03\\\/a-democracia-esta-em-perigo-alertou-a-voz-disruptiva-de-carmo-afonso-em-loule\\\/atualidade\\\/10\\\/15\\\/#primaryimage\",\"url\":\"https:\\\/\\\/algarve7.pt\\\/wp-content\\\/uploads\\\/2023\\\/03\\\/Horizontes-do-futuro-Carmo-Afonso-23-03-2023-7.jpg\",\"contentUrl\":\"https:\\\/\\\/algarve7.pt\\\/wp-content\\\/uploads\\\/2023\\\/03\\\/Horizontes-do-futuro-Carmo-Afonso-23-03-2023-7.jpg\",\"width\":1024,\"height\":683},{\"@type\":\"BreadcrumbList\",\"@id\":\"https:\\\/\\\/algarve7.pt\\\/index.php\\\/2023\\\/03\\\/a-democracia-esta-em-perigo-alertou-a-voz-disruptiva-de-carmo-afonso-em-loule\\\/atualidade\\\/10\\\/15\\\/#breadcrumb\",\"itemListElement\":[{\"@type\":\"ListItem\",\"position\":1,\"name\":\"In\u00edcio\",\"item\":\"https:\\\/\\\/algarve7.pt\\\/\"},{\"@type\":\"ListItem\",\"position\":2,\"name\":\"\u201cA democracia est\u00e1 em perigo!\u201d alertou a voz disruptiva de Carmo Afonso, em Loul\u00e9\"}]},{\"@type\":\"WebSite\",\"@id\":\"https:\\\/\\\/algarve7.pt\\\/#website\",\"url\":\"https:\\\/\\\/algarve7.pt\\\/\",\"name\":\"Algarve 7\",\"description\":\"Informa\u00e7\u00e3o sobre o Algarve\",\"publisher\":{\"@id\":\"https:\\\/\\\/algarve7.pt\\\/#organization\"},\"potentialAction\":[{\"@type\":\"SearchAction\",\"target\":{\"@type\":\"EntryPoint\",\"urlTemplate\":\"https:\\\/\\\/algarve7.pt\\\/?s={search_term_string}\"},\"query-input\":{\"@type\":\"PropertyValueSpecification\",\"valueRequired\":true,\"valueName\":\"search_term_string\"}}],\"inLanguage\":\"pt-PT\"},{\"@type\":\"Organization\",\"@id\":\"https:\\\/\\\/algarve7.pt\\\/#organization\",\"name\":\"Algarve 7\",\"url\":\"https:\\\/\\\/algarve7.pt\\\/\",\"logo\":{\"@type\":\"ImageObject\",\"inLanguage\":\"pt-PT\",\"@id\":\"https:\\\/\\\/algarve7.pt\\\/#\\\/schema\\\/logo\\\/image\\\/\",\"url\":\"https:\\\/\\\/algarve7.pt\\\/wp-content\\\/uploads\\\/2020\\\/10\\\/Logo-8.jpg\",\"contentUrl\":\"https:\\\/\\\/algarve7.pt\\\/wp-content\\\/uploads\\\/2020\\\/10\\\/Logo-8.jpg\",\"width\":1680,\"height\":1186,\"caption\":\"Algarve 7\"},\"image\":{\"@id\":\"https:\\\/\\\/algarve7.pt\\\/#\\\/schema\\\/logo\\\/image\\\/\"},\"sameAs\":[\"https:\\\/\\\/www.facebook.com\\\/algarve7\",\"https:\\\/\\\/x.com\\\/Algarvesete\",\"https:\\\/\\\/www.instagram.com\\\/jornalalgarve7\\\/\",\"https:\\\/\\\/www.linkedin.com\\\/company\\\/algarve7\",\"https:\\\/\\\/www.pinterest.pt\\\/geral0939\\\/_created\\\/\"]},{\"@type\":\"Person\",\"@id\":\"https:\\\/\\\/algarve7.pt\\\/#\\\/schema\\\/person\\\/23fa70681308e7b319a3204bcea45e0c\",\"name\":\"Algarve 7\",\"sameAs\":[\"https:\\\/\\\/algarve7.pt\",\"https:\\\/\\\/www.facebook.com\\\/algarve7\"],\"url\":\"https:\\\/\\\/algarve7.pt\\\/index.php\\\/author\\\/geralalgarve7-pt\\\/\"}]}<\/script>\n<!-- \/ Yoast SEO plugin. -->","yoast_head_json":{"title":"\u201cA democracia est\u00e1 em perigo!\u201d alertou a voz disruptiva de Carmo Afonso, em Loul\u00e9 - Algarve 7","description":"\u201cA democracia est\u00e1 em perigo!\u201d alertou a voz disruptiva de Carmo Afonso, em Loul\u00e9 Atualidade","robots":{"index":"index","follow":"follow","max-snippet":"max-snippet:-1","max-image-preview":"max-image-preview:large","max-video-preview":"max-video-preview:-1"},"canonical":"https:\/\/algarve7.pt\/index.php\/2023\/03\/a-democracia-esta-em-perigo-alertou-a-voz-disruptiva-de-carmo-afonso-em-loule\/atualidade\/10\/15\/","og_locale":"pt_PT","og_type":"article","og_title":"\u201cA democracia est\u00e1 em perigo!\u201d alertou a voz disruptiva de Carmo Afonso, em Loul\u00e9 - Algarve 7","og_description":"\u201cA democracia est\u00e1 em perigo!\u201d alertou a voz disruptiva de Carmo Afonso, em Loul\u00e9 Atualidade","og_url":"https:\/\/algarve7.pt\/index.php\/2023\/03\/a-democracia-esta-em-perigo-alertou-a-voz-disruptiva-de-carmo-afonso-em-loule\/atualidade\/10\/15\/","og_site_name":"Algarve 7","article_publisher":"https:\/\/www.facebook.com\/algarve7","article_author":"https:\/\/www.facebook.com\/algarve7","article_published_time":"2023-03-25T10:15:34+00:00","article_modified_time":"2023-03-25T10:15:36+00:00","og_image":[{"width":1024,"height":683,"url":"https:\/\/algarve7.pt\/wp-content\/uploads\/2023\/03\/Horizontes-do-futuro-Carmo-Afonso-23-03-2023-7.jpg","type":"image\/jpeg"}],"author":"Algarve 7","twitter_card":"summary_large_image","twitter_creator":"@Algarvesete","twitter_site":"@Algarvesete","twitter_misc":{"Escrito por":"Algarve 7","Tempo estimado de leitura":"4 minutos"},"schema":{"@context":"https:\/\/schema.org","@graph":[{"@type":"Article","@id":"https:\/\/algarve7.pt\/index.php\/2023\/03\/a-democracia-esta-em-perigo-alertou-a-voz-disruptiva-de-carmo-afonso-em-loule\/atualidade\/10\/15\/#article","isPartOf":{"@id":"https:\/\/algarve7.pt\/index.php\/2023\/03\/a-democracia-esta-em-perigo-alertou-a-voz-disruptiva-de-carmo-afonso-em-loule\/atualidade\/10\/15\/"},"author":{"name":"Algarve 7","@id":"https:\/\/algarve7.pt\/#\/schema\/person\/23fa70681308e7b319a3204bcea45e0c"},"headline":"\u201cA democracia est\u00e1 em perigo!\u201d alertou a voz disruptiva de Carmo Afonso, em Loul\u00e9","datePublished":"2023-03-25T10:15:34+00:00","dateModified":"2023-03-25T10:15:36+00:00","mainEntityOfPage":{"@id":"https:\/\/algarve7.pt\/index.php\/2023\/03\/a-democracia-esta-em-perigo-alertou-a-voz-disruptiva-de-carmo-afonso-em-loule\/atualidade\/10\/15\/"},"wordCount":787,"publisher":{"@id":"https:\/\/algarve7.pt\/#organization"},"image":{"@id":"https:\/\/algarve7.pt\/index.php\/2023\/03\/a-democracia-esta-em-perigo-alertou-a-voz-disruptiva-de-carmo-afonso-em-loule\/atualidade\/10\/15\/#primaryimage"},"thumbnailUrl":"https:\/\/algarve7.pt\/wp-content\/uploads\/2023\/03\/Horizontes-do-futuro-Carmo-Afonso-23-03-2023-7.jpg","keywords":["Algarve","Atualidade","horizontes do futuro","Loul\u00e9"],"articleSection":["Atualidade"],"inLanguage":"pt-PT"},{"@type":"WebPage","@id":"https:\/\/algarve7.pt\/index.php\/2023\/03\/a-democracia-esta-em-perigo-alertou-a-voz-disruptiva-de-carmo-afonso-em-loule\/atualidade\/10\/15\/","url":"https:\/\/algarve7.pt\/index.php\/2023\/03\/a-democracia-esta-em-perigo-alertou-a-voz-disruptiva-de-carmo-afonso-em-loule\/atualidade\/10\/15\/","name":"\u201cA democracia est\u00e1 em perigo!\u201d alertou a voz disruptiva de Carmo Afonso, em Loul\u00e9 - Algarve 7","isPartOf":{"@id":"https:\/\/algarve7.pt\/#website"},"primaryImageOfPage":{"@id":"https:\/\/algarve7.pt\/index.php\/2023\/03\/a-democracia-esta-em-perigo-alertou-a-voz-disruptiva-de-carmo-afonso-em-loule\/atualidade\/10\/15\/#primaryimage"},"image":{"@id":"https:\/\/algarve7.pt\/index.php\/2023\/03\/a-democracia-esta-em-perigo-alertou-a-voz-disruptiva-de-carmo-afonso-em-loule\/atualidade\/10\/15\/#primaryimage"},"thumbnailUrl":"https:\/\/algarve7.pt\/wp-content\/uploads\/2023\/03\/Horizontes-do-futuro-Carmo-Afonso-23-03-2023-7.jpg","datePublished":"2023-03-25T10:15:34+00:00","dateModified":"2023-03-25T10:15:36+00:00","description":"\u201cA democracia est\u00e1 em perigo!\u201d alertou a voz disruptiva de Carmo Afonso, em Loul\u00e9 Atualidade","breadcrumb":{"@id":"https:\/\/algarve7.pt\/index.php\/2023\/03\/a-democracia-esta-em-perigo-alertou-a-voz-disruptiva-de-carmo-afonso-em-loule\/atualidade\/10\/15\/#breadcrumb"},"inLanguage":"pt-PT","potentialAction":[{"@type":"ReadAction","target":["https:\/\/algarve7.pt\/index.php\/2023\/03\/a-democracia-esta-em-perigo-alertou-a-voz-disruptiva-de-carmo-afonso-em-loule\/atualidade\/10\/15\/"]}]},{"@type":"ImageObject","inLanguage":"pt-PT","@id":"https:\/\/algarve7.pt\/index.php\/2023\/03\/a-democracia-esta-em-perigo-alertou-a-voz-disruptiva-de-carmo-afonso-em-loule\/atualidade\/10\/15\/#primaryimage","url":"https:\/\/algarve7.pt\/wp-content\/uploads\/2023\/03\/Horizontes-do-futuro-Carmo-Afonso-23-03-2023-7.jpg","contentUrl":"https:\/\/algarve7.pt\/wp-content\/uploads\/2023\/03\/Horizontes-do-futuro-Carmo-Afonso-23-03-2023-7.jpg","width":1024,"height":683},{"@type":"BreadcrumbList","@id":"https:\/\/algarve7.pt\/index.php\/2023\/03\/a-democracia-esta-em-perigo-alertou-a-voz-disruptiva-de-carmo-afonso-em-loule\/atualidade\/10\/15\/#breadcrumb","itemListElement":[{"@type":"ListItem","position":1,"name":"In\u00edcio","item":"https:\/\/algarve7.pt\/"},{"@type":"ListItem","position":2,"name":"\u201cA democracia est\u00e1 em perigo!\u201d alertou a voz disruptiva de Carmo Afonso, em Loul\u00e9"}]},{"@type":"WebSite","@id":"https:\/\/algarve7.pt\/#website","url":"https:\/\/algarve7.pt\/","name":"Algarve 7","description":"Informa\u00e7\u00e3o sobre o Algarve","publisher":{"@id":"https:\/\/algarve7.pt\/#organization"},"potentialAction":[{"@type":"SearchAction","target":{"@type":"EntryPoint","urlTemplate":"https:\/\/algarve7.pt\/?s={search_term_string}"},"query-input":{"@type":"PropertyValueSpecification","valueRequired":true,"valueName":"search_term_string"}}],"inLanguage":"pt-PT"},{"@type":"Organization","@id":"https:\/\/algarve7.pt\/#organization","name":"Algarve 7","url":"https:\/\/algarve7.pt\/","logo":{"@type":"ImageObject","inLanguage":"pt-PT","@id":"https:\/\/algarve7.pt\/#\/schema\/logo\/image\/","url":"https:\/\/algarve7.pt\/wp-content\/uploads\/2020\/10\/Logo-8.jpg","contentUrl":"https:\/\/algarve7.pt\/wp-content\/uploads\/2020\/10\/Logo-8.jpg","width":1680,"height":1186,"caption":"Algarve 7"},"image":{"@id":"https:\/\/algarve7.pt\/#\/schema\/logo\/image\/"},"sameAs":["https:\/\/www.facebook.com\/algarve7","https:\/\/x.com\/Algarvesete","https:\/\/www.instagram.com\/jornalalgarve7\/","https:\/\/www.linkedin.com\/company\/algarve7","https:\/\/www.pinterest.pt\/geral0939\/_created\/"]},{"@type":"Person","@id":"https:\/\/algarve7.pt\/#\/schema\/person\/23fa70681308e7b319a3204bcea45e0c","name":"Algarve 7","sameAs":["https:\/\/algarve7.pt","https:\/\/www.facebook.com\/algarve7"],"url":"https:\/\/algarve7.pt\/index.php\/author\/geralalgarve7-pt\/"}]}},"jetpack_publicize_connections":[],"jetpack_featured_media_url":"https:\/\/algarve7.pt\/wp-content\/uploads\/2023\/03\/Horizontes-do-futuro-Carmo-Afonso-23-03-2023-7.jpg","jetpack_shortlink":"https:\/\/wp.me\/pcezmW-6TD","jetpack_sharing_enabled":true,"_links":{"self":[{"href":"https:\/\/algarve7.pt\/index.php\/wp-json\/wp\/v2\/posts\/26513","targetHints":{"allow":["GET"]}}],"collection":[{"href":"https:\/\/algarve7.pt\/index.php\/wp-json\/wp\/v2\/posts"}],"about":[{"href":"https:\/\/algarve7.pt\/index.php\/wp-json\/wp\/v2\/types\/post"}],"author":[{"embeddable":true,"href":"https:\/\/algarve7.pt\/index.php\/wp-json\/wp\/v2\/users\/1"}],"replies":[{"embeddable":true,"href":"https:\/\/algarve7.pt\/index.php\/wp-json\/wp\/v2\/comments?post=26513"}],"version-history":[{"count":0,"href":"https:\/\/algarve7.pt\/index.php\/wp-json\/wp\/v2\/posts\/26513\/revisions"}],"wp:featuredmedia":[{"embeddable":true,"href":"https:\/\/algarve7.pt\/index.php\/wp-json\/wp\/v2\/media\/26514"}],"wp:attachment":[{"href":"https:\/\/algarve7.pt\/index.php\/wp-json\/wp\/v2\/media?parent=26513"}],"wp:term":[{"taxonomy":"category","embeddable":true,"href":"https:\/\/algarve7.pt\/index.php\/wp-json\/wp\/v2\/categories?post=26513"},{"taxonomy":"post_tag","embeddable":true,"href":"https:\/\/algarve7.pt\/index.php\/wp-json\/wp\/v2\/tags?post=26513"}],"curies":[{"name":"wp","href":"https:\/\/api.w.org\/{rel}","templated":true}]}}