{"id":2638,"date":"2020-10-19T11:13:38","date_gmt":"2020-10-19T10:13:38","guid":{"rendered":"https:\/\/algarve7.pt\/?p=2638"},"modified":"2020-10-19T11:13:39","modified_gmt":"2020-10-19T10:13:39","slug":"vacina-da-gripe-para-mais-grupos-a-partir-de-hoje-dia-19-outubro","status":"publish","type":"post","link":"https:\/\/algarve7.pt\/index.php\/2020\/10\/vacina-da-gripe-para-mais-grupos-a-partir-de-hoje-dia-19-outubro\/saude\/11\/13\/","title":{"rendered":"Vacina da gripe para mais grupos a partir de hoje, dia 19 Outubro."},"content":{"rendered":"\n<p>A vacina da gripe est\u00e1 a partir de hoje dispon\u00edvel para mais grupos populacionais com o in\u00edcio da segunda fase da campanha, que estende a vacina\u00e7\u00e3o a pessoas com 65 ou mais anos e pessoas com doen\u00e7as cr\u00f3nicas.<\/p>\n\n\n\n<p>Sob o tema \u00abVacine-se por si, Vacine-se por todos\u00bb a campanha de vacina\u00e7\u00e3o do Servi\u00e7o Nacional de Sa\u00fade (SNS) arrancou em 28 de setembro, com uma primeira fase que incluiu apenas as faixas da popula\u00e7\u00e3o consideradas priorit\u00e1rias, como residentes em lares de idosos, gr\u00e1vidas e profissionais de sa\u00fade e do setor social que prestam cuidados.&nbsp;&nbsp;&nbsp;<\/p>\n\n\n\n<p>Na segunda fase, que se inicia esta segunda-feira, dia 19 de outubro, a vacina passa a ser tamb\u00e9m administrada a outros grupos de risco: pessoas com 65 ou mais anos e pessoas com doen\u00e7as cr\u00f3nicas.&nbsp;&nbsp;<\/p>\n\n\n\n<p>Habitualmente, a campanha de vacina\u00e7\u00e3o come\u00e7a apenas em 15 de outubro, mas este ano arrancou mais cedo devido \u00e0 pandemia de Covid-19.&nbsp;<\/p>\n","protected":false},"excerpt":{"rendered":"<p>A vacina da gripe est\u00e1 a partir de hoje dispon\u00edvel para mais grupos populacionais com o in\u00edcio da segunda fase<\/p>\n","protected":false},"author":1,"featured_media":2639,"comment_status":"closed","ping_status":"open","sticky":false,"template":"","format":"standard","meta":{"colormag_page_container_layout":"default_layout","colormag_page_sidebar_layout":"default_layout","_monsterinsights_skip_tracking":false,"_monsterinsights_sitenote_active":false,"_monsterinsights_sitenote_note":"","_monsterinsights_sitenote_category":0,"jetpack_post_was_ever_published":false,"_jetpack_newsletter_access":"","_jetpack_dont_email_post_to_subs":false,"_jetpack_newsletter_tier_id":0,"_jetpack_memberships_contains_paywalled_content":false,"_jetpack_memberships_contains_paid_content":false,"footnotes":"","jetpack_publicize_message":"","jetpack_publicize_feature_enabled":true,"jetpack_social_post_already_shared":true,"jetpack_social_options":{"image_generator_settings":{"template":"highway","default_image_id":0,"font":"","enabled":false},"version":2}},"categories":[59],"tags":[168,58],"class_list":["post-2638","post","type-post","status-publish","format-standard","has-post-thumbnail","hentry","category-saude","tag-gripe","tag-saude"],"yoast_head":"<!-- This site is optimized with the Yoast SEO plugin v27.4 - https:\/\/yoast.com\/product\/yoast-seo-wordpress\/ -->\n<title>Vacina da gripe para mais grupos a partir de hoje, dia 19 Outubro. - Algarve 7<\/title>\n<meta name=\"description\" content=\"Vacina da gripe para mais grupos a partir de hoje, dia 19 Outubro.\" \/>\n<meta name=\"robots\" content=\"index, follow, max-snippet:-1, max-image-preview:large, max-video-preview:-1\" \/>\n<link rel=\"canonical\" href=\"https:\/\/algarve7.pt\/index.php\/2020\/10\/vacina-da-gripe-para-mais-grupos-a-partir-de-hoje-dia-19-outubro\/saude\/11\/13\/\" \/>\n<meta property=\"og:locale\" content=\"pt_PT\" \/>\n<meta property=\"og:type\" content=\"article\" \/>\n<meta property=\"og:title\" content=\"Vacina da gripe para mais grupos a partir de hoje, dia 19 Outubro. - Algarve 7\" \/>\n<meta property=\"og:description\" content=\"Vacina da gripe para mais grupos a partir de hoje, dia 19 Outubro.\" \/>\n<meta property=\"og:url\" content=\"https:\/\/algarve7.pt\/index.php\/2020\/10\/vacina-da-gripe-para-mais-grupos-a-partir-de-hoje-dia-19-outubro\/saude\/11\/13\/\" \/>\n<meta property=\"og:site_name\" content=\"Algarve 7\" \/>\n<meta property=\"article:publisher\" content=\"https:\/\/www.facebook.com\/algarve7\" \/>\n<meta property=\"article:author\" content=\"https:\/\/www.facebook.com\/algarve7\" \/>\n<meta property=\"article:published_time\" content=\"2020-10-19T10:13:38+00:00\" \/>\n<meta property=\"article:modified_time\" content=\"2020-10-19T10:13:39+00:00\" \/>\n<meta property=\"og:image\" content=\"https:\/\/algarve7.pt\/wp-content\/uploads\/2020\/10\/Vacina651.jpg\" \/>\n\t<meta property=\"og:image:width\" content=\"651\" \/>\n\t<meta property=\"og:image:height\" content=\"407\" \/>\n\t<meta property=\"og:image:type\" content=\"image\/jpeg\" \/>\n<meta name=\"author\" content=\"Algarve 7\" \/>\n<meta name=\"twitter:card\" content=\"summary_large_image\" \/>\n<meta name=\"twitter:creator\" content=\"@Algarvesete\" \/>\n<meta name=\"twitter:site\" content=\"@Algarvesete\" \/>\n<meta name=\"twitter:label1\" content=\"Escrito por\" \/>\n\t<meta name=\"twitter:data1\" content=\"Algarve 7\" \/>\n\t<meta name=\"twitter:label2\" content=\"Tempo estimado de leitura\" \/>\n\t<meta name=\"twitter:data2\" content=\"1 minuto\" \/>\n<script type=\"application\/ld+json\" class=\"yoast-schema-graph\">{\"@context\":\"https:\\\/\\\/schema.org\",\"@graph\":[{\"@type\":\"Article\",\"@id\":\"https:\\\/\\\/algarve7.pt\\\/index.php\\\/2020\\\/10\\\/vacina-da-gripe-para-mais-grupos-a-partir-de-hoje-dia-19-outubro\\\/saude\\\/11\\\/13\\\/#article\",\"isPartOf\":{\"@id\":\"https:\\\/\\\/algarve7.pt\\\/index.php\\\/2020\\\/10\\\/vacina-da-gripe-para-mais-grupos-a-partir-de-hoje-dia-19-outubro\\\/saude\\\/11\\\/13\\\/\"},\"author\":{\"name\":\"Algarve 7\",\"@id\":\"https:\\\/\\\/algarve7.pt\\\/#\\\/schema\\\/person\\\/23fa70681308e7b319a3204bcea45e0c\"},\"headline\":\"Vacina da gripe para mais grupos a partir de hoje, dia 19 Outubro.\",\"datePublished\":\"2020-10-19T10:13:38+00:00\",\"dateModified\":\"2020-10-19T10:13:39+00:00\",\"mainEntityOfPage\":{\"@id\":\"https:\\\/\\\/algarve7.pt\\\/index.php\\\/2020\\\/10\\\/vacina-da-gripe-para-mais-grupos-a-partir-de-hoje-dia-19-outubro\\\/saude\\\/11\\\/13\\\/\"},\"wordCount\":179,\"publisher\":{\"@id\":\"https:\\\/\\\/algarve7.pt\\\/#organization\"},\"image\":{\"@id\":\"https:\\\/\\\/algarve7.pt\\\/index.php\\\/2020\\\/10\\\/vacina-da-gripe-para-mais-grupos-a-partir-de-hoje-dia-19-outubro\\\/saude\\\/11\\\/13\\\/#primaryimage\"},\"thumbnailUrl\":\"https:\\\/\\\/algarve7.pt\\\/wp-content\\\/uploads\\\/2020\\\/10\\\/Vacina651.jpg\",\"keywords\":[\"Gripe\",\"Sa\u00fade\"],\"articleSection\":[\"Sa\u00fade\"],\"inLanguage\":\"pt-PT\"},{\"@type\":\"WebPage\",\"@id\":\"https:\\\/\\\/algarve7.pt\\\/index.php\\\/2020\\\/10\\\/vacina-da-gripe-para-mais-grupos-a-partir-de-hoje-dia-19-outubro\\\/saude\\\/11\\\/13\\\/\",\"url\":\"https:\\\/\\\/algarve7.pt\\\/index.php\\\/2020\\\/10\\\/vacina-da-gripe-para-mais-grupos-a-partir-de-hoje-dia-19-outubro\\\/saude\\\/11\\\/13\\\/\",\"name\":\"Vacina da gripe para mais grupos a partir de hoje, dia 19 Outubro. - Algarve 7\",\"isPartOf\":{\"@id\":\"https:\\\/\\\/algarve7.pt\\\/#website\"},\"primaryImageOfPage\":{\"@id\":\"https:\\\/\\\/algarve7.pt\\\/index.php\\\/2020\\\/10\\\/vacina-da-gripe-para-mais-grupos-a-partir-de-hoje-dia-19-outubro\\\/saude\\\/11\\\/13\\\/#primaryimage\"},\"image\":{\"@id\":\"https:\\\/\\\/algarve7.pt\\\/index.php\\\/2020\\\/10\\\/vacina-da-gripe-para-mais-grupos-a-partir-de-hoje-dia-19-outubro\\\/saude\\\/11\\\/13\\\/#primaryimage\"},\"thumbnailUrl\":\"https:\\\/\\\/algarve7.pt\\\/wp-content\\\/uploads\\\/2020\\\/10\\\/Vacina651.jpg\",\"datePublished\":\"2020-10-19T10:13:38+00:00\",\"dateModified\":\"2020-10-19T10:13:39+00:00\",\"description\":\"Vacina da gripe para mais grupos a partir de hoje, dia 19 Outubro.\",\"breadcrumb\":{\"@id\":\"https:\\\/\\\/algarve7.pt\\\/index.php\\\/2020\\\/10\\\/vacina-da-gripe-para-mais-grupos-a-partir-de-hoje-dia-19-outubro\\\/saude\\\/11\\\/13\\\/#breadcrumb\"},\"inLanguage\":\"pt-PT\",\"potentialAction\":[{\"@type\":\"ReadAction\",\"target\":[\"https:\\\/\\\/algarve7.pt\\\/index.php\\\/2020\\\/10\\\/vacina-da-gripe-para-mais-grupos-a-partir-de-hoje-dia-19-outubro\\\/saude\\\/11\\\/13\\\/\"]}]},{\"@type\":\"ImageObject\",\"inLanguage\":\"pt-PT\",\"@id\":\"https:\\\/\\\/algarve7.pt\\\/index.php\\\/2020\\\/10\\\/vacina-da-gripe-para-mais-grupos-a-partir-de-hoje-dia-19-outubro\\\/saude\\\/11\\\/13\\\/#primaryimage\",\"url\":\"https:\\\/\\\/algarve7.pt\\\/wp-content\\\/uploads\\\/2020\\\/10\\\/Vacina651.jpg\",\"contentUrl\":\"https:\\\/\\\/algarve7.pt\\\/wp-content\\\/uploads\\\/2020\\\/10\\\/Vacina651.jpg\",\"width\":651,\"height\":407},{\"@type\":\"BreadcrumbList\",\"@id\":\"https:\\\/\\\/algarve7.pt\\\/index.php\\\/2020\\\/10\\\/vacina-da-gripe-para-mais-grupos-a-partir-de-hoje-dia-19-outubro\\\/saude\\\/11\\\/13\\\/#breadcrumb\",\"itemListElement\":[{\"@type\":\"ListItem\",\"position\":1,\"name\":\"In\u00edcio\",\"item\":\"https:\\\/\\\/algarve7.pt\\\/\"},{\"@type\":\"ListItem\",\"position\":2,\"name\":\"Vacina da gripe para mais grupos a partir de hoje, dia 19 Outubro.\"}]},{\"@type\":\"WebSite\",\"@id\":\"https:\\\/\\\/algarve7.pt\\\/#website\",\"url\":\"https:\\\/\\\/algarve7.pt\\\/\",\"name\":\"Algarve 7\",\"description\":\"Informa\u00e7\u00e3o sobre o Algarve\",\"publisher\":{\"@id\":\"https:\\\/\\\/algarve7.pt\\\/#organization\"},\"potentialAction\":[{\"@type\":\"SearchAction\",\"target\":{\"@type\":\"EntryPoint\",\"urlTemplate\":\"https:\\\/\\\/algarve7.pt\\\/?s={search_term_string}\"},\"query-input\":{\"@type\":\"PropertyValueSpecification\",\"valueRequired\":true,\"valueName\":\"search_term_string\"}}],\"inLanguage\":\"pt-PT\"},{\"@type\":\"Organization\",\"@id\":\"https:\\\/\\\/algarve7.pt\\\/#organization\",\"name\":\"Algarve 7\",\"url\":\"https:\\\/\\\/algarve7.pt\\\/\",\"logo\":{\"@type\":\"ImageObject\",\"inLanguage\":\"pt-PT\",\"@id\":\"https:\\\/\\\/algarve7.pt\\\/#\\\/schema\\\/logo\\\/image\\\/\",\"url\":\"https:\\\/\\\/algarve7.pt\\\/wp-content\\\/uploads\\\/2020\\\/10\\\/Logo-8.jpg\",\"contentUrl\":\"https:\\\/\\\/algarve7.pt\\\/wp-content\\\/uploads\\\/2020\\\/10\\\/Logo-8.jpg\",\"width\":1680,\"height\":1186,\"caption\":\"Algarve 7\"},\"image\":{\"@id\":\"https:\\\/\\\/algarve7.pt\\\/#\\\/schema\\\/logo\\\/image\\\/\"},\"sameAs\":[\"https:\\\/\\\/www.facebook.com\\\/algarve7\",\"https:\\\/\\\/x.com\\\/Algarvesete\",\"https:\\\/\\\/www.instagram.com\\\/jornalalgarve7\\\/\",\"https:\\\/\\\/www.linkedin.com\\\/company\\\/algarve7\",\"https:\\\/\\\/www.pinterest.pt\\\/geral0939\\\/_created\\\/\"]},{\"@type\":\"Person\",\"@id\":\"https:\\\/\\\/algarve7.pt\\\/#\\\/schema\\\/person\\\/23fa70681308e7b319a3204bcea45e0c\",\"name\":\"Algarve 7\",\"sameAs\":[\"https:\\\/\\\/algarve7.pt\",\"https:\\\/\\\/www.facebook.com\\\/algarve7\"],\"url\":\"https:\\\/\\\/algarve7.pt\\\/index.php\\\/author\\\/geralalgarve7-pt\\\/\"}]}<\/script>\n<!-- \/ Yoast SEO plugin. -->","yoast_head_json":{"title":"Vacina da gripe para mais grupos a partir de hoje, dia 19 Outubro. - Algarve 7","description":"Vacina da gripe para mais grupos a partir de hoje, dia 19 Outubro.","robots":{"index":"index","follow":"follow","max-snippet":"max-snippet:-1","max-image-preview":"max-image-preview:large","max-video-preview":"max-video-preview:-1"},"canonical":"https:\/\/algarve7.pt\/index.php\/2020\/10\/vacina-da-gripe-para-mais-grupos-a-partir-de-hoje-dia-19-outubro\/saude\/11\/13\/","og_locale":"pt_PT","og_type":"article","og_title":"Vacina da gripe para mais grupos a partir de hoje, dia 19 Outubro. - Algarve 7","og_description":"Vacina da gripe para mais grupos a partir de hoje, dia 19 Outubro.","og_url":"https:\/\/algarve7.pt\/index.php\/2020\/10\/vacina-da-gripe-para-mais-grupos-a-partir-de-hoje-dia-19-outubro\/saude\/11\/13\/","og_site_name":"Algarve 7","article_publisher":"https:\/\/www.facebook.com\/algarve7","article_author":"https:\/\/www.facebook.com\/algarve7","article_published_time":"2020-10-19T10:13:38+00:00","article_modified_time":"2020-10-19T10:13:39+00:00","og_image":[{"width":651,"height":407,"url":"https:\/\/algarve7.pt\/wp-content\/uploads\/2020\/10\/Vacina651.jpg","type":"image\/jpeg"}],"author":"Algarve 7","twitter_card":"summary_large_image","twitter_creator":"@Algarvesete","twitter_site":"@Algarvesete","twitter_misc":{"Escrito por":"Algarve 7","Tempo estimado de leitura":"1 minuto"},"schema":{"@context":"https:\/\/schema.org","@graph":[{"@type":"Article","@id":"https:\/\/algarve7.pt\/index.php\/2020\/10\/vacina-da-gripe-para-mais-grupos-a-partir-de-hoje-dia-19-outubro\/saude\/11\/13\/#article","isPartOf":{"@id":"https:\/\/algarve7.pt\/index.php\/2020\/10\/vacina-da-gripe-para-mais-grupos-a-partir-de-hoje-dia-19-outubro\/saude\/11\/13\/"},"author":{"name":"Algarve 7","@id":"https:\/\/algarve7.pt\/#\/schema\/person\/23fa70681308e7b319a3204bcea45e0c"},"headline":"Vacina da gripe para mais grupos a partir de hoje, dia 19 Outubro.","datePublished":"2020-10-19T10:13:38+00:00","dateModified":"2020-10-19T10:13:39+00:00","mainEntityOfPage":{"@id":"https:\/\/algarve7.pt\/index.php\/2020\/10\/vacina-da-gripe-para-mais-grupos-a-partir-de-hoje-dia-19-outubro\/saude\/11\/13\/"},"wordCount":179,"publisher":{"@id":"https:\/\/algarve7.pt\/#organization"},"image":{"@id":"https:\/\/algarve7.pt\/index.php\/2020\/10\/vacina-da-gripe-para-mais-grupos-a-partir-de-hoje-dia-19-outubro\/saude\/11\/13\/#primaryimage"},"thumbnailUrl":"https:\/\/algarve7.pt\/wp-content\/uploads\/2020\/10\/Vacina651.jpg","keywords":["Gripe","Sa\u00fade"],"articleSection":["Sa\u00fade"],"inLanguage":"pt-PT"},{"@type":"WebPage","@id":"https:\/\/algarve7.pt\/index.php\/2020\/10\/vacina-da-gripe-para-mais-grupos-a-partir-de-hoje-dia-19-outubro\/saude\/11\/13\/","url":"https:\/\/algarve7.pt\/index.php\/2020\/10\/vacina-da-gripe-para-mais-grupos-a-partir-de-hoje-dia-19-outubro\/saude\/11\/13\/","name":"Vacina da gripe para mais grupos a partir de hoje, dia 19 Outubro. - Algarve 7","isPartOf":{"@id":"https:\/\/algarve7.pt\/#website"},"primaryImageOfPage":{"@id":"https:\/\/algarve7.pt\/index.php\/2020\/10\/vacina-da-gripe-para-mais-grupos-a-partir-de-hoje-dia-19-outubro\/saude\/11\/13\/#primaryimage"},"image":{"@id":"https:\/\/algarve7.pt\/index.php\/2020\/10\/vacina-da-gripe-para-mais-grupos-a-partir-de-hoje-dia-19-outubro\/saude\/11\/13\/#primaryimage"},"thumbnailUrl":"https:\/\/algarve7.pt\/wp-content\/uploads\/2020\/10\/Vacina651.jpg","datePublished":"2020-10-19T10:13:38+00:00","dateModified":"2020-10-19T10:13:39+00:00","description":"Vacina da gripe para mais grupos a partir de hoje, dia 19 Outubro.","breadcrumb":{"@id":"https:\/\/algarve7.pt\/index.php\/2020\/10\/vacina-da-gripe-para-mais-grupos-a-partir-de-hoje-dia-19-outubro\/saude\/11\/13\/#breadcrumb"},"inLanguage":"pt-PT","potentialAction":[{"@type":"ReadAction","target":["https:\/\/algarve7.pt\/index.php\/2020\/10\/vacina-da-gripe-para-mais-grupos-a-partir-de-hoje-dia-19-outubro\/saude\/11\/13\/"]}]},{"@type":"ImageObject","inLanguage":"pt-PT","@id":"https:\/\/algarve7.pt\/index.php\/2020\/10\/vacina-da-gripe-para-mais-grupos-a-partir-de-hoje-dia-19-outubro\/saude\/11\/13\/#primaryimage","url":"https:\/\/algarve7.pt\/wp-content\/uploads\/2020\/10\/Vacina651.jpg","contentUrl":"https:\/\/algarve7.pt\/wp-content\/uploads\/2020\/10\/Vacina651.jpg","width":651,"height":407},{"@type":"BreadcrumbList","@id":"https:\/\/algarve7.pt\/index.php\/2020\/10\/vacina-da-gripe-para-mais-grupos-a-partir-de-hoje-dia-19-outubro\/saude\/11\/13\/#breadcrumb","itemListElement":[{"@type":"ListItem","position":1,"name":"In\u00edcio","item":"https:\/\/algarve7.pt\/"},{"@type":"ListItem","position":2,"name":"Vacina da gripe para mais grupos a partir de hoje, dia 19 Outubro."}]},{"@type":"WebSite","@id":"https:\/\/algarve7.pt\/#website","url":"https:\/\/algarve7.pt\/","name":"Algarve 7","description":"Informa\u00e7\u00e3o sobre o Algarve","publisher":{"@id":"https:\/\/algarve7.pt\/#organization"},"potentialAction":[{"@type":"SearchAction","target":{"@type":"EntryPoint","urlTemplate":"https:\/\/algarve7.pt\/?s={search_term_string}"},"query-input":{"@type":"PropertyValueSpecification","valueRequired":true,"valueName":"search_term_string"}}],"inLanguage":"pt-PT"},{"@type":"Organization","@id":"https:\/\/algarve7.pt\/#organization","name":"Algarve 7","url":"https:\/\/algarve7.pt\/","logo":{"@type":"ImageObject","inLanguage":"pt-PT","@id":"https:\/\/algarve7.pt\/#\/schema\/logo\/image\/","url":"https:\/\/algarve7.pt\/wp-content\/uploads\/2020\/10\/Logo-8.jpg","contentUrl":"https:\/\/algarve7.pt\/wp-content\/uploads\/2020\/10\/Logo-8.jpg","width":1680,"height":1186,"caption":"Algarve 7"},"image":{"@id":"https:\/\/algarve7.pt\/#\/schema\/logo\/image\/"},"sameAs":["https:\/\/www.facebook.com\/algarve7","https:\/\/x.com\/Algarvesete","https:\/\/www.instagram.com\/jornalalgarve7\/","https:\/\/www.linkedin.com\/company\/algarve7","https:\/\/www.pinterest.pt\/geral0939\/_created\/"]},{"@type":"Person","@id":"https:\/\/algarve7.pt\/#\/schema\/person\/23fa70681308e7b319a3204bcea45e0c","name":"Algarve 7","sameAs":["https:\/\/algarve7.pt","https:\/\/www.facebook.com\/algarve7"],"url":"https:\/\/algarve7.pt\/index.php\/author\/geralalgarve7-pt\/"}]}},"jetpack_publicize_connections":[],"jetpack_featured_media_url":"https:\/\/algarve7.pt\/wp-content\/uploads\/2020\/10\/Vacina651.jpg","jetpack_shortlink":"https:\/\/wp.me\/pcezmW-Gy","jetpack_sharing_enabled":true,"_links":{"self":[{"href":"https:\/\/algarve7.pt\/index.php\/wp-json\/wp\/v2\/posts\/2638","targetHints":{"allow":["GET"]}}],"collection":[{"href":"https:\/\/algarve7.pt\/index.php\/wp-json\/wp\/v2\/posts"}],"about":[{"href":"https:\/\/algarve7.pt\/index.php\/wp-json\/wp\/v2\/types\/post"}],"author":[{"embeddable":true,"href":"https:\/\/algarve7.pt\/index.php\/wp-json\/wp\/v2\/users\/1"}],"replies":[{"embeddable":true,"href":"https:\/\/algarve7.pt\/index.php\/wp-json\/wp\/v2\/comments?post=2638"}],"version-history":[{"count":0,"href":"https:\/\/algarve7.pt\/index.php\/wp-json\/wp\/v2\/posts\/2638\/revisions"}],"wp:featuredmedia":[{"embeddable":true,"href":"https:\/\/algarve7.pt\/index.php\/wp-json\/wp\/v2\/media\/2639"}],"wp:attachment":[{"href":"https:\/\/algarve7.pt\/index.php\/wp-json\/wp\/v2\/media?parent=2638"}],"wp:term":[{"taxonomy":"category","embeddable":true,"href":"https:\/\/algarve7.pt\/index.php\/wp-json\/wp\/v2\/categories?post=2638"},{"taxonomy":"post_tag","embeddable":true,"href":"https:\/\/algarve7.pt\/index.php\/wp-json\/wp\/v2\/tags?post=2638"}],"curies":[{"name":"wp","href":"https:\/\/api.w.org\/{rel}","templated":true}]}}