{"id":26312,"date":"2023-03-19T11:30:00","date_gmt":"2023-03-19T11:30:00","guid":{"rendered":"https:\/\/algarve7.pt\/?p=26312"},"modified":"2023-03-17T19:12:16","modified_gmt":"2023-03-17T19:12:16","slug":"sapadores-florestais-de-sao-bras-de-alportel-5-anos-ao-servico-da-comunidade","status":"publish","type":"post","link":"https:\/\/algarve7.pt\/index.php\/2023\/03\/sapadores-florestais-de-sao-bras-de-alportel-5-anos-ao-servico-da-comunidade\/atualidade\/11\/30\/","title":{"rendered":"Sapadores Florestais de S\u00e3o Br\u00e1s de Alportel: 5 anos ao servi\u00e7o da comunidade"},"content":{"rendered":"\n<p>Ao servi\u00e7o da comunidade s\u00e3o-brasense, desde 15 de mar\u00e7o de 2018, a Equipa de Sapadores Florestais do Munic\u00edpio de S\u00e3o Br\u00e1s de Alportel completa hoje os seus cinco anos de atividade cont\u00ednua na miss\u00e3o de preven\u00e7\u00e3o de inc\u00eandios rurais, valoriza\u00e7\u00e3o do territ\u00f3rio e proximidade com a popula\u00e7\u00e3o.<\/p>\n\n\n\n<p>Sob coordena\u00e7\u00e3o do Instituto de Conserva\u00e7\u00e3o da Natureza e Florestas, gerida pelo Munic\u00edpio de S\u00e3o Br\u00e1s de Alportel e integrada no Servi\u00e7o Municipal de Prote\u00e7\u00e3o Civil, esta equipa tem vindo a desenvolver in\u00fameros trabalhos preventivos de extrema import\u00e2ncia no territ\u00f3rio do munic\u00edpio, tanto ao n\u00edvel da Defesa da Floresta Contra Inc\u00eandios como na manuten\u00e7\u00e3o do espa\u00e7o rural.<\/p>\n\n\n\n<p>A limpeza e manuten\u00e7\u00e3o de caminhos e acessos em espa\u00e7o rural ou florestal, a cria\u00e7\u00e3o de Faixas de Gest\u00e3o de Combust\u00edvel na envolvente de infraestruturas, a limpeza e desobstru\u00e7\u00e3o de linhas de \u00e1gua s\u00e3o alguns dos trabalhos que os sapadores concretizam de forma cont\u00ednua no concelho.<\/p>\n\n\n\n<p>Pr\u00f3xima da comunidade, tem vindo a desenvolver a\u00e7\u00f5es de sensibiliza\u00e7\u00e3o, acompanhamento e apoio na realiza\u00e7\u00e3o de queimas, e um conjunto de a\u00e7\u00f5es de vigil\u00e2ncia do espa\u00e7o florestal e caso de necessidade, est\u00e1 devidamente equipada e preparada para a primeira interven\u00e7\u00e3o e apoio ao combate nos inc\u00eandios rurais.&nbsp;&nbsp;&nbsp;<\/p>\n\n\n\n<p>Importa recordar que o Sapador Florestal \u00e9 um trabalhador especializado com perfil e forma\u00e7\u00e3o espec\u00edfica adequados ao exerc\u00edcio das fun\u00e7\u00f5es de gest\u00e3o florestal e de defesa da floresta, e nos termos da Lei de Bases da Prote\u00e7\u00e3o Civil, o sapador florestal \u00e9 um agente de prote\u00e7\u00e3o civil.<\/p>\n\n\n\n<p>No \u00e2mbito das suas fun\u00e7\u00f5es os sapadores florestais realizam as seguintes atividades:<\/p>\n\n\n\n<p>\u00d8 Silvicultura preventiva, nomeadamente a gest\u00e3o de combust\u00edvel florestal, recorrendo a t\u00e9cnicas manuais, moto manuais, mec\u00e2nicas ou fogo controlado, entre outras;<\/p>\n\n\n\n<p>\u00d8 Manuten\u00e7\u00e3o e prote\u00e7\u00e3o de povoamentos florestais, promovendo a gest\u00e3o florestal e o controlo de agentes bi\u00f3ticos nocivos;<\/p>\n\n\n\n<p>\u00d8 Silvicultura de car\u00e1ter geral;<\/p>\n\n\n\n<p>\u00d8 Instala\u00e7\u00e3o, manuten\u00e7\u00e3o e beneficia\u00e7\u00e3o de infraestruturas de defesa da floresta e de apoio \u00e0 gest\u00e3o rural;<\/p>\n\n\n\n<p>\u00d8 Sensibiliza\u00e7\u00e3o das popula\u00e7\u00f5es;<\/p>\n\n\n\n<p>\u00d8 Vigil\u00e2ncia, primeira interven\u00e7\u00e3o e apoio ao combate a inc\u00eandios rurais, apoio a opera\u00e7\u00f5es de rescaldo e vigil\u00e2ncia ativa p\u00f3s-rescaldo;<\/p>\n\n\n\n<p>\u00d8 A\u00e7\u00f5es de estabiliza\u00e7\u00e3o de emerg\u00eancia que promovam a recupera\u00e7\u00e3o do potencial produtivo.<\/p>\n\n\n\n<p>\u201cA equipa de sapadores florestais tem sido fundamental, quer na concretiza\u00e7\u00e3o de trabalhos essenciais \u00e0 preven\u00e7\u00e3o, quer na articula\u00e7\u00e3o de a\u00e7\u00f5es com outras entidades parceiras, de forma a otimizar recursos e ampliar a capacidade de execu\u00e7\u00e3o no territ\u00f3rio s\u00e3o-brasense. O trabalho realizado pelos elementos desta equipa de sapadores \u00e9 essencial para a prote\u00e7\u00e3o e salvaguarda da nossa popula\u00e7\u00e3o e do nosso territ\u00f3rio\u201d, refere Vitor Guerreiro, Presidente da C\u00e2mara Municipal de S\u00e3o Br\u00e1s de Alportel.<\/p>\n","protected":false},"excerpt":{"rendered":"<p>Ao servi\u00e7o da comunidade s\u00e3o-brasense, desde 15 de mar\u00e7o de 2018, a Equipa de Sapadores Florestais do Munic\u00edpio de S\u00e3o<\/p>\n","protected":false},"author":1,"featured_media":26313,"comment_status":"closed","ping_status":"open","sticky":false,"template":"","format":"standard","meta":{"colormag_page_container_layout":"default_layout","colormag_page_sidebar_layout":"default_layout","_monsterinsights_skip_tracking":false,"_monsterinsights_sitenote_active":false,"_monsterinsights_sitenote_note":"","_monsterinsights_sitenote_category":0,"jetpack_post_was_ever_published":false,"_jetpack_newsletter_access":"","_jetpack_dont_email_post_to_subs":false,"_jetpack_newsletter_tier_id":0,"_jetpack_memberships_contains_paywalled_content":false,"_jetpack_memberships_contains_paid_content":false,"footnotes":"","jetpack_publicize_message":"","jetpack_publicize_feature_enabled":true,"jetpack_social_post_already_shared":true,"jetpack_social_options":{"image_generator_settings":{"template":"highway","default_image_id":0,"font":"","enabled":false},"version":2}},"categories":[11],"tags":[36,62,104,63],"class_list":["post-26312","post","type-post","status-publish","format-standard","has-post-thumbnail","hentry","category-atualidade","tag-algarve","tag-atualidade","tag-bombeiros","tag-sao-bras-de-alportel"],"yoast_head":"<!-- This site is optimized with the Yoast SEO plugin v27.4 - https:\/\/yoast.com\/product\/yoast-seo-wordpress\/ -->\n<title>Sapadores Florestais de S\u00e3o Br\u00e1s de Alportel: 5 anos ao servi\u00e7o da comunidade - Algarve 7<\/title>\n<meta name=\"description\" content=\"Sapadores Florestais de S\u00e3o Br\u00e1s de Alportel: 5 anos ao servi\u00e7o da comunidade Atualidade\" \/>\n<meta name=\"robots\" content=\"index, follow, max-snippet:-1, max-image-preview:large, max-video-preview:-1\" \/>\n<link rel=\"canonical\" href=\"https:\/\/algarve7.pt\/index.php\/2023\/03\/sapadores-florestais-de-sao-bras-de-alportel-5-anos-ao-servico-da-comunidade\/atualidade\/11\/30\/\" \/>\n<meta property=\"og:locale\" content=\"pt_PT\" \/>\n<meta property=\"og:type\" content=\"article\" \/>\n<meta property=\"og:title\" content=\"Sapadores Florestais de S\u00e3o Br\u00e1s de Alportel: 5 anos ao servi\u00e7o da comunidade - Algarve 7\" \/>\n<meta property=\"og:description\" content=\"Sapadores Florestais de S\u00e3o Br\u00e1s de Alportel: 5 anos ao servi\u00e7o da comunidade Atualidade\" \/>\n<meta property=\"og:url\" content=\"https:\/\/algarve7.pt\/index.php\/2023\/03\/sapadores-florestais-de-sao-bras-de-alportel-5-anos-ao-servico-da-comunidade\/atualidade\/11\/30\/\" \/>\n<meta property=\"og:site_name\" content=\"Algarve 7\" \/>\n<meta property=\"article:publisher\" content=\"https:\/\/www.facebook.com\/algarve7\" \/>\n<meta property=\"article:author\" content=\"https:\/\/www.facebook.com\/algarve7\" \/>\n<meta property=\"article:published_time\" content=\"2023-03-19T11:30:00+00:00\" \/>\n<meta property=\"og:image\" content=\"https:\/\/algarve7.pt\/wp-content\/uploads\/2023\/03\/Sapadores_Florestais_5_anos_SBA_marco_2023-2-Large.jpg\" \/>\n\t<meta property=\"og:image:width\" content=\"1024\" \/>\n\t<meta property=\"og:image:height\" content=\"683\" \/>\n\t<meta property=\"og:image:type\" content=\"image\/jpeg\" \/>\n<meta name=\"author\" content=\"Algarve 7\" \/>\n<meta name=\"twitter:card\" content=\"summary_large_image\" \/>\n<meta name=\"twitter:creator\" content=\"@Algarvesete\" \/>\n<meta name=\"twitter:site\" content=\"@Algarvesete\" \/>\n<meta name=\"twitter:label1\" content=\"Escrito por\" \/>\n\t<meta name=\"twitter:data1\" content=\"Algarve 7\" \/>\n\t<meta name=\"twitter:label2\" content=\"Tempo estimado de leitura\" \/>\n\t<meta name=\"twitter:data2\" content=\"3 minutos\" \/>\n<script type=\"application\/ld+json\" class=\"yoast-schema-graph\">{\"@context\":\"https:\\\/\\\/schema.org\",\"@graph\":[{\"@type\":\"Article\",\"@id\":\"https:\\\/\\\/algarve7.pt\\\/index.php\\\/2023\\\/03\\\/sapadores-florestais-de-sao-bras-de-alportel-5-anos-ao-servico-da-comunidade\\\/atualidade\\\/11\\\/30\\\/#article\",\"isPartOf\":{\"@id\":\"https:\\\/\\\/algarve7.pt\\\/index.php\\\/2023\\\/03\\\/sapadores-florestais-de-sao-bras-de-alportel-5-anos-ao-servico-da-comunidade\\\/atualidade\\\/11\\\/30\\\/\"},\"author\":{\"name\":\"Algarve 7\",\"@id\":\"https:\\\/\\\/algarve7.pt\\\/#\\\/schema\\\/person\\\/23fa70681308e7b319a3204bcea45e0c\"},\"headline\":\"Sapadores Florestais de S\u00e3o Br\u00e1s de Alportel: 5 anos ao servi\u00e7o da comunidade\",\"datePublished\":\"2023-03-19T11:30:00+00:00\",\"mainEntityOfPage\":{\"@id\":\"https:\\\/\\\/algarve7.pt\\\/index.php\\\/2023\\\/03\\\/sapadores-florestais-de-sao-bras-de-alportel-5-anos-ao-servico-da-comunidade\\\/atualidade\\\/11\\\/30\\\/\"},\"wordCount\":523,\"publisher\":{\"@id\":\"https:\\\/\\\/algarve7.pt\\\/#organization\"},\"image\":{\"@id\":\"https:\\\/\\\/algarve7.pt\\\/index.php\\\/2023\\\/03\\\/sapadores-florestais-de-sao-bras-de-alportel-5-anos-ao-servico-da-comunidade\\\/atualidade\\\/11\\\/30\\\/#primaryimage\"},\"thumbnailUrl\":\"https:\\\/\\\/algarve7.pt\\\/wp-content\\\/uploads\\\/2023\\\/03\\\/Sapadores_Florestais_5_anos_SBA_marco_2023-2-Large.jpg\",\"keywords\":[\"Algarve\",\"Atualidade\",\"Bombeiros\",\"S\u00e3o Br\u00e1s de Alportel\"],\"articleSection\":[\"Atualidade\"],\"inLanguage\":\"pt-PT\"},{\"@type\":\"WebPage\",\"@id\":\"https:\\\/\\\/algarve7.pt\\\/index.php\\\/2023\\\/03\\\/sapadores-florestais-de-sao-bras-de-alportel-5-anos-ao-servico-da-comunidade\\\/atualidade\\\/11\\\/30\\\/\",\"url\":\"https:\\\/\\\/algarve7.pt\\\/index.php\\\/2023\\\/03\\\/sapadores-florestais-de-sao-bras-de-alportel-5-anos-ao-servico-da-comunidade\\\/atualidade\\\/11\\\/30\\\/\",\"name\":\"Sapadores Florestais de S\u00e3o Br\u00e1s de Alportel: 5 anos ao servi\u00e7o da comunidade - Algarve 7\",\"isPartOf\":{\"@id\":\"https:\\\/\\\/algarve7.pt\\\/#website\"},\"primaryImageOfPage\":{\"@id\":\"https:\\\/\\\/algarve7.pt\\\/index.php\\\/2023\\\/03\\\/sapadores-florestais-de-sao-bras-de-alportel-5-anos-ao-servico-da-comunidade\\\/atualidade\\\/11\\\/30\\\/#primaryimage\"},\"image\":{\"@id\":\"https:\\\/\\\/algarve7.pt\\\/index.php\\\/2023\\\/03\\\/sapadores-florestais-de-sao-bras-de-alportel-5-anos-ao-servico-da-comunidade\\\/atualidade\\\/11\\\/30\\\/#primaryimage\"},\"thumbnailUrl\":\"https:\\\/\\\/algarve7.pt\\\/wp-content\\\/uploads\\\/2023\\\/03\\\/Sapadores_Florestais_5_anos_SBA_marco_2023-2-Large.jpg\",\"datePublished\":\"2023-03-19T11:30:00+00:00\",\"description\":\"Sapadores Florestais de S\u00e3o Br\u00e1s de Alportel: 5 anos ao servi\u00e7o da comunidade Atualidade\",\"breadcrumb\":{\"@id\":\"https:\\\/\\\/algarve7.pt\\\/index.php\\\/2023\\\/03\\\/sapadores-florestais-de-sao-bras-de-alportel-5-anos-ao-servico-da-comunidade\\\/atualidade\\\/11\\\/30\\\/#breadcrumb\"},\"inLanguage\":\"pt-PT\",\"potentialAction\":[{\"@type\":\"ReadAction\",\"target\":[\"https:\\\/\\\/algarve7.pt\\\/index.php\\\/2023\\\/03\\\/sapadores-florestais-de-sao-bras-de-alportel-5-anos-ao-servico-da-comunidade\\\/atualidade\\\/11\\\/30\\\/\"]}]},{\"@type\":\"ImageObject\",\"inLanguage\":\"pt-PT\",\"@id\":\"https:\\\/\\\/algarve7.pt\\\/index.php\\\/2023\\\/03\\\/sapadores-florestais-de-sao-bras-de-alportel-5-anos-ao-servico-da-comunidade\\\/atualidade\\\/11\\\/30\\\/#primaryimage\",\"url\":\"https:\\\/\\\/algarve7.pt\\\/wp-content\\\/uploads\\\/2023\\\/03\\\/Sapadores_Florestais_5_anos_SBA_marco_2023-2-Large.jpg\",\"contentUrl\":\"https:\\\/\\\/algarve7.pt\\\/wp-content\\\/uploads\\\/2023\\\/03\\\/Sapadores_Florestais_5_anos_SBA_marco_2023-2-Large.jpg\",\"width\":1024,\"height\":683},{\"@type\":\"BreadcrumbList\",\"@id\":\"https:\\\/\\\/algarve7.pt\\\/index.php\\\/2023\\\/03\\\/sapadores-florestais-de-sao-bras-de-alportel-5-anos-ao-servico-da-comunidade\\\/atualidade\\\/11\\\/30\\\/#breadcrumb\",\"itemListElement\":[{\"@type\":\"ListItem\",\"position\":1,\"name\":\"In\u00edcio\",\"item\":\"https:\\\/\\\/algarve7.pt\\\/\"},{\"@type\":\"ListItem\",\"position\":2,\"name\":\"Sapadores Florestais de S\u00e3o Br\u00e1s de Alportel: 5 anos ao servi\u00e7o da comunidade\"}]},{\"@type\":\"WebSite\",\"@id\":\"https:\\\/\\\/algarve7.pt\\\/#website\",\"url\":\"https:\\\/\\\/algarve7.pt\\\/\",\"name\":\"Algarve 7\",\"description\":\"Informa\u00e7\u00e3o sobre o Algarve\",\"publisher\":{\"@id\":\"https:\\\/\\\/algarve7.pt\\\/#organization\"},\"potentialAction\":[{\"@type\":\"SearchAction\",\"target\":{\"@type\":\"EntryPoint\",\"urlTemplate\":\"https:\\\/\\\/algarve7.pt\\\/?s={search_term_string}\"},\"query-input\":{\"@type\":\"PropertyValueSpecification\",\"valueRequired\":true,\"valueName\":\"search_term_string\"}}],\"inLanguage\":\"pt-PT\"},{\"@type\":\"Organization\",\"@id\":\"https:\\\/\\\/algarve7.pt\\\/#organization\",\"name\":\"Algarve 7\",\"url\":\"https:\\\/\\\/algarve7.pt\\\/\",\"logo\":{\"@type\":\"ImageObject\",\"inLanguage\":\"pt-PT\",\"@id\":\"https:\\\/\\\/algarve7.pt\\\/#\\\/schema\\\/logo\\\/image\\\/\",\"url\":\"https:\\\/\\\/algarve7.pt\\\/wp-content\\\/uploads\\\/2020\\\/10\\\/Logo-8.jpg\",\"contentUrl\":\"https:\\\/\\\/algarve7.pt\\\/wp-content\\\/uploads\\\/2020\\\/10\\\/Logo-8.jpg\",\"width\":1680,\"height\":1186,\"caption\":\"Algarve 7\"},\"image\":{\"@id\":\"https:\\\/\\\/algarve7.pt\\\/#\\\/schema\\\/logo\\\/image\\\/\"},\"sameAs\":[\"https:\\\/\\\/www.facebook.com\\\/algarve7\",\"https:\\\/\\\/x.com\\\/Algarvesete\",\"https:\\\/\\\/www.instagram.com\\\/jornalalgarve7\\\/\",\"https:\\\/\\\/www.linkedin.com\\\/company\\\/algarve7\",\"https:\\\/\\\/www.pinterest.pt\\\/geral0939\\\/_created\\\/\"]},{\"@type\":\"Person\",\"@id\":\"https:\\\/\\\/algarve7.pt\\\/#\\\/schema\\\/person\\\/23fa70681308e7b319a3204bcea45e0c\",\"name\":\"Algarve 7\",\"sameAs\":[\"https:\\\/\\\/algarve7.pt\",\"https:\\\/\\\/www.facebook.com\\\/algarve7\"],\"url\":\"https:\\\/\\\/algarve7.pt\\\/index.php\\\/author\\\/geralalgarve7-pt\\\/\"}]}<\/script>\n<!-- \/ Yoast SEO plugin. -->","yoast_head_json":{"title":"Sapadores Florestais de S\u00e3o Br\u00e1s de Alportel: 5 anos ao servi\u00e7o da comunidade - Algarve 7","description":"Sapadores Florestais de S\u00e3o Br\u00e1s de Alportel: 5 anos ao servi\u00e7o da comunidade Atualidade","robots":{"index":"index","follow":"follow","max-snippet":"max-snippet:-1","max-image-preview":"max-image-preview:large","max-video-preview":"max-video-preview:-1"},"canonical":"https:\/\/algarve7.pt\/index.php\/2023\/03\/sapadores-florestais-de-sao-bras-de-alportel-5-anos-ao-servico-da-comunidade\/atualidade\/11\/30\/","og_locale":"pt_PT","og_type":"article","og_title":"Sapadores Florestais de S\u00e3o Br\u00e1s de Alportel: 5 anos ao servi\u00e7o da comunidade - Algarve 7","og_description":"Sapadores Florestais de S\u00e3o Br\u00e1s de Alportel: 5 anos ao servi\u00e7o da comunidade Atualidade","og_url":"https:\/\/algarve7.pt\/index.php\/2023\/03\/sapadores-florestais-de-sao-bras-de-alportel-5-anos-ao-servico-da-comunidade\/atualidade\/11\/30\/","og_site_name":"Algarve 7","article_publisher":"https:\/\/www.facebook.com\/algarve7","article_author":"https:\/\/www.facebook.com\/algarve7","article_published_time":"2023-03-19T11:30:00+00:00","og_image":[{"width":1024,"height":683,"url":"https:\/\/algarve7.pt\/wp-content\/uploads\/2023\/03\/Sapadores_Florestais_5_anos_SBA_marco_2023-2-Large.jpg","type":"image\/jpeg"}],"author":"Algarve 7","twitter_card":"summary_large_image","twitter_creator":"@Algarvesete","twitter_site":"@Algarvesete","twitter_misc":{"Escrito por":"Algarve 7","Tempo estimado de leitura":"3 minutos"},"schema":{"@context":"https:\/\/schema.org","@graph":[{"@type":"Article","@id":"https:\/\/algarve7.pt\/index.php\/2023\/03\/sapadores-florestais-de-sao-bras-de-alportel-5-anos-ao-servico-da-comunidade\/atualidade\/11\/30\/#article","isPartOf":{"@id":"https:\/\/algarve7.pt\/index.php\/2023\/03\/sapadores-florestais-de-sao-bras-de-alportel-5-anos-ao-servico-da-comunidade\/atualidade\/11\/30\/"},"author":{"name":"Algarve 7","@id":"https:\/\/algarve7.pt\/#\/schema\/person\/23fa70681308e7b319a3204bcea45e0c"},"headline":"Sapadores Florestais de S\u00e3o Br\u00e1s de Alportel: 5 anos ao servi\u00e7o da comunidade","datePublished":"2023-03-19T11:30:00+00:00","mainEntityOfPage":{"@id":"https:\/\/algarve7.pt\/index.php\/2023\/03\/sapadores-florestais-de-sao-bras-de-alportel-5-anos-ao-servico-da-comunidade\/atualidade\/11\/30\/"},"wordCount":523,"publisher":{"@id":"https:\/\/algarve7.pt\/#organization"},"image":{"@id":"https:\/\/algarve7.pt\/index.php\/2023\/03\/sapadores-florestais-de-sao-bras-de-alportel-5-anos-ao-servico-da-comunidade\/atualidade\/11\/30\/#primaryimage"},"thumbnailUrl":"https:\/\/algarve7.pt\/wp-content\/uploads\/2023\/03\/Sapadores_Florestais_5_anos_SBA_marco_2023-2-Large.jpg","keywords":["Algarve","Atualidade","Bombeiros","S\u00e3o Br\u00e1s de Alportel"],"articleSection":["Atualidade"],"inLanguage":"pt-PT"},{"@type":"WebPage","@id":"https:\/\/algarve7.pt\/index.php\/2023\/03\/sapadores-florestais-de-sao-bras-de-alportel-5-anos-ao-servico-da-comunidade\/atualidade\/11\/30\/","url":"https:\/\/algarve7.pt\/index.php\/2023\/03\/sapadores-florestais-de-sao-bras-de-alportel-5-anos-ao-servico-da-comunidade\/atualidade\/11\/30\/","name":"Sapadores Florestais de S\u00e3o Br\u00e1s de Alportel: 5 anos ao servi\u00e7o da comunidade - Algarve 7","isPartOf":{"@id":"https:\/\/algarve7.pt\/#website"},"primaryImageOfPage":{"@id":"https:\/\/algarve7.pt\/index.php\/2023\/03\/sapadores-florestais-de-sao-bras-de-alportel-5-anos-ao-servico-da-comunidade\/atualidade\/11\/30\/#primaryimage"},"image":{"@id":"https:\/\/algarve7.pt\/index.php\/2023\/03\/sapadores-florestais-de-sao-bras-de-alportel-5-anos-ao-servico-da-comunidade\/atualidade\/11\/30\/#primaryimage"},"thumbnailUrl":"https:\/\/algarve7.pt\/wp-content\/uploads\/2023\/03\/Sapadores_Florestais_5_anos_SBA_marco_2023-2-Large.jpg","datePublished":"2023-03-19T11:30:00+00:00","description":"Sapadores Florestais de S\u00e3o Br\u00e1s de Alportel: 5 anos ao servi\u00e7o da comunidade Atualidade","breadcrumb":{"@id":"https:\/\/algarve7.pt\/index.php\/2023\/03\/sapadores-florestais-de-sao-bras-de-alportel-5-anos-ao-servico-da-comunidade\/atualidade\/11\/30\/#breadcrumb"},"inLanguage":"pt-PT","potentialAction":[{"@type":"ReadAction","target":["https:\/\/algarve7.pt\/index.php\/2023\/03\/sapadores-florestais-de-sao-bras-de-alportel-5-anos-ao-servico-da-comunidade\/atualidade\/11\/30\/"]}]},{"@type":"ImageObject","inLanguage":"pt-PT","@id":"https:\/\/algarve7.pt\/index.php\/2023\/03\/sapadores-florestais-de-sao-bras-de-alportel-5-anos-ao-servico-da-comunidade\/atualidade\/11\/30\/#primaryimage","url":"https:\/\/algarve7.pt\/wp-content\/uploads\/2023\/03\/Sapadores_Florestais_5_anos_SBA_marco_2023-2-Large.jpg","contentUrl":"https:\/\/algarve7.pt\/wp-content\/uploads\/2023\/03\/Sapadores_Florestais_5_anos_SBA_marco_2023-2-Large.jpg","width":1024,"height":683},{"@type":"BreadcrumbList","@id":"https:\/\/algarve7.pt\/index.php\/2023\/03\/sapadores-florestais-de-sao-bras-de-alportel-5-anos-ao-servico-da-comunidade\/atualidade\/11\/30\/#breadcrumb","itemListElement":[{"@type":"ListItem","position":1,"name":"In\u00edcio","item":"https:\/\/algarve7.pt\/"},{"@type":"ListItem","position":2,"name":"Sapadores Florestais de S\u00e3o Br\u00e1s de Alportel: 5 anos ao servi\u00e7o da comunidade"}]},{"@type":"WebSite","@id":"https:\/\/algarve7.pt\/#website","url":"https:\/\/algarve7.pt\/","name":"Algarve 7","description":"Informa\u00e7\u00e3o sobre o Algarve","publisher":{"@id":"https:\/\/algarve7.pt\/#organization"},"potentialAction":[{"@type":"SearchAction","target":{"@type":"EntryPoint","urlTemplate":"https:\/\/algarve7.pt\/?s={search_term_string}"},"query-input":{"@type":"PropertyValueSpecification","valueRequired":true,"valueName":"search_term_string"}}],"inLanguage":"pt-PT"},{"@type":"Organization","@id":"https:\/\/algarve7.pt\/#organization","name":"Algarve 7","url":"https:\/\/algarve7.pt\/","logo":{"@type":"ImageObject","inLanguage":"pt-PT","@id":"https:\/\/algarve7.pt\/#\/schema\/logo\/image\/","url":"https:\/\/algarve7.pt\/wp-content\/uploads\/2020\/10\/Logo-8.jpg","contentUrl":"https:\/\/algarve7.pt\/wp-content\/uploads\/2020\/10\/Logo-8.jpg","width":1680,"height":1186,"caption":"Algarve 7"},"image":{"@id":"https:\/\/algarve7.pt\/#\/schema\/logo\/image\/"},"sameAs":["https:\/\/www.facebook.com\/algarve7","https:\/\/x.com\/Algarvesete","https:\/\/www.instagram.com\/jornalalgarve7\/","https:\/\/www.linkedin.com\/company\/algarve7","https:\/\/www.pinterest.pt\/geral0939\/_created\/"]},{"@type":"Person","@id":"https:\/\/algarve7.pt\/#\/schema\/person\/23fa70681308e7b319a3204bcea45e0c","name":"Algarve 7","sameAs":["https:\/\/algarve7.pt","https:\/\/www.facebook.com\/algarve7"],"url":"https:\/\/algarve7.pt\/index.php\/author\/geralalgarve7-pt\/"}]}},"jetpack_publicize_connections":[],"jetpack_featured_media_url":"https:\/\/algarve7.pt\/wp-content\/uploads\/2023\/03\/Sapadores_Florestais_5_anos_SBA_marco_2023-2-Large.jpg","jetpack_shortlink":"https:\/\/wp.me\/pcezmW-6Qo","jetpack_sharing_enabled":true,"_links":{"self":[{"href":"https:\/\/algarve7.pt\/index.php\/wp-json\/wp\/v2\/posts\/26312","targetHints":{"allow":["GET"]}}],"collection":[{"href":"https:\/\/algarve7.pt\/index.php\/wp-json\/wp\/v2\/posts"}],"about":[{"href":"https:\/\/algarve7.pt\/index.php\/wp-json\/wp\/v2\/types\/post"}],"author":[{"embeddable":true,"href":"https:\/\/algarve7.pt\/index.php\/wp-json\/wp\/v2\/users\/1"}],"replies":[{"embeddable":true,"href":"https:\/\/algarve7.pt\/index.php\/wp-json\/wp\/v2\/comments?post=26312"}],"version-history":[{"count":0,"href":"https:\/\/algarve7.pt\/index.php\/wp-json\/wp\/v2\/posts\/26312\/revisions"}],"wp:featuredmedia":[{"embeddable":true,"href":"https:\/\/algarve7.pt\/index.php\/wp-json\/wp\/v2\/media\/26313"}],"wp:attachment":[{"href":"https:\/\/algarve7.pt\/index.php\/wp-json\/wp\/v2\/media?parent=26312"}],"wp:term":[{"taxonomy":"category","embeddable":true,"href":"https:\/\/algarve7.pt\/index.php\/wp-json\/wp\/v2\/categories?post=26312"},{"taxonomy":"post_tag","embeddable":true,"href":"https:\/\/algarve7.pt\/index.php\/wp-json\/wp\/v2\/tags?post=26312"}],"curies":[{"name":"wp","href":"https:\/\/api.w.org\/{rel}","templated":true}]}}