{"id":26307,"date":"2023-03-19T09:52:00","date_gmt":"2023-03-19T09:52:00","guid":{"rendered":"https:\/\/algarve7.pt\/?p=26307"},"modified":"2023-03-17T18:53:47","modified_gmt":"2023-03-17T18:53:47","slug":"orquestra-do-algarve-interpreta-concerto-da-pascoa-no-teatro-municipal-de-portimao","status":"publish","type":"post","link":"https:\/\/algarve7.pt\/index.php\/2023\/03\/orquestra-do-algarve-interpreta-concerto-da-pascoa-no-teatro-municipal-de-portimao\/cultura\/09\/52\/","title":{"rendered":"Orquestra do Algarve interpreta Concerto da P\u00e1scoa no Teatro Municipal de Portim\u00e3o"},"content":{"rendered":"\n<p>O Grande Audit\u00f3rio do TEMPO \u2013 Teatro Municipal de Portim\u00e3o recebe na noite de 8 de abril o Concerto da P\u00e1scoa a cargo da Orquestra do Algarve, sob a batuta do seu novo maestro titular, Martim Sousa Tavares.<\/p>\n\n\n\n<p>Durante o espet\u00e1culo, com in\u00edcio marcado para as 21h00, ser\u00e3o interpretadas obras de Benjamin Britten&nbsp;(Lachrymae&nbsp;c\/ viola d&#8217;arco solo), Antonio Vivaldi (Sinfonia&nbsp;Al Santo Sepolcro), Richard Wagner (M\u00fasica de Sexta-Feira Santa&nbsp;de Parsifal) e Joseph Haydn (Sinfonia n\u00ba96,&nbsp;O Milagre), que evocam os \u00faltimos momentos da vida de Cristo e o milagre da sua ressurrei\u00e7\u00e3o, simbolizando musicalmente algumas das principais simbologias pascais.<\/p>\n\n\n\n<p>Este concerto \u00e9 tamb\u00e9m a ocasi\u00e3o para ouvir Sofia Silva Sousa, jovem e premiada violetista portuguesa que atualmente desenvolve a sua carreira na London Symphony Orchestra e que atuar\u00e1 como solista em viola d\u2019arco.<\/p>\n\n\n\n<p>A atravessar por mudan\u00e7as importantes, com vista a melhor desempenhar o seu papel enquanto agente cultural da regi\u00e3o, a ainda Orquestra Cl\u00e1ssica do Sul regressar\u00e1 a partir de 1 de abril \u00e0 designa\u00e7\u00e3o original de Orquestra do Algarve, acompanhando esta medida de novo logotipo, novo site e nova identidade visual, al\u00e9m de se ter refor\u00e7ado no in\u00edcio do ano com o jovem maestro titular Martim Sousa Tavares.<\/p>\n\n\n\n<p>Reconhecido pela sua vis\u00e3o ousada e refrescante de promover a m\u00fasica cl\u00e1ssica em Portugal, Martim Sousa Tavares vem contrariando a ideia generalizada de se tratar de um g\u00e9nero s\u00e9rio e formal.<\/p>\n\n\n\n<p>Maestro fundador da premiada Orquestra Sem Fronteiras (Idanha-a-Nova), bem como da Orchestra di Maggio (Brescia), e um dos jurados mais marcantes do Programa \u201c\u00cddolos\u201d da SIC, o m\u00fasico possui uma atividade intensa e de proximidade com o p\u00fablico no \u00e2mbito da comunica\u00e7\u00e3o cultural e assinou mais de 150 programas na RTP2, RTP Palco e Antena 2.<\/p>\n\n\n\n<p>\u00c9 seu objetivo imprimir um estilo din\u00e2mico \u00e0 renovada Orquestra do Algarve e estimular os jovens a ouvir e a sentir a m\u00fasica erudita de maior qualidade produzida desde o s\u00e9culo XVIII.<\/p>\n\n\n\n<p>Os ingressos para o Concerto de P\u00e1scoa de 8 de abril no TEMPO t\u00eam um custo de 10 euros e podem ser adquiridos desde j\u00e1 em <a href=\"https:\/\/tempo.bol.pt\/\" target=\"_blank\" rel=\"noreferrer noopener\">https:\/\/tempo.bol.pt<\/a>\u00a0ou na bilheteira do TEMPO, de ter\u00e7a a sexta-feira entre as 13h00 e as 18h00, e no dia do espet\u00e1culo das 13h00 \u00e0s 21h00.<\/p>\n","protected":false},"excerpt":{"rendered":"<p>O Grande Audit\u00f3rio do TEMPO \u2013 Teatro Municipal de Portim\u00e3o recebe na noite de 8 de abril o Concerto da<\/p>\n","protected":false},"author":1,"featured_media":26308,"comment_status":"closed","ping_status":"open","sticky":false,"template":"","format":"standard","meta":{"colormag_page_container_layout":"default_layout","colormag_page_sidebar_layout":"default_layout","_monsterinsights_skip_tracking":false,"_monsterinsights_sitenote_active":false,"_monsterinsights_sitenote_note":"","_monsterinsights_sitenote_category":0,"jetpack_post_was_ever_published":false,"_jetpack_newsletter_access":"","_jetpack_dont_email_post_to_subs":false,"_jetpack_newsletter_tier_id":0,"_jetpack_memberships_contains_paywalled_content":false,"_jetpack_memberships_contains_paid_content":false,"footnotes":"","jetpack_publicize_message":"","jetpack_publicize_feature_enabled":true,"jetpack_social_post_already_shared":true,"jetpack_social_options":{"image_generator_settings":{"template":"highway","default_image_id":0,"font":"","enabled":false},"version":2}},"categories":[14],"tags":[36,35,502,72],"class_list":["post-26307","post","type-post","status-publish","format-standard","has-post-thumbnail","hentry","category-cultura","tag-algarve","tag-cultura","tag-orquestra-classica-do-sul","tag-portimao"],"yoast_head":"<!-- This site is optimized with the Yoast SEO plugin v27.4 - https:\/\/yoast.com\/product\/yoast-seo-wordpress\/ -->\n<title>Orquestra do Algarve interpreta Concerto da P\u00e1scoa no Teatro Municipal de Portim\u00e3o - Algarve 7<\/title>\n<meta name=\"description\" content=\"Orquestra do Algarve interpreta Concerto da P\u00e1scoa no Teatro Municipal de Portim\u00e3o Cultura\" \/>\n<meta name=\"robots\" content=\"index, follow, max-snippet:-1, max-image-preview:large, max-video-preview:-1\" \/>\n<link rel=\"canonical\" href=\"https:\/\/algarve7.pt\/index.php\/2023\/03\/orquestra-do-algarve-interpreta-concerto-da-pascoa-no-teatro-municipal-de-portimao\/cultura\/09\/52\/\" \/>\n<meta property=\"og:locale\" content=\"pt_PT\" \/>\n<meta property=\"og:type\" content=\"article\" \/>\n<meta property=\"og:title\" content=\"Orquestra do Algarve interpreta Concerto da P\u00e1scoa no Teatro Municipal de Portim\u00e3o - Algarve 7\" \/>\n<meta property=\"og:description\" content=\"Orquestra do Algarve interpreta Concerto da P\u00e1scoa no Teatro Municipal de Portim\u00e3o Cultura\" \/>\n<meta property=\"og:url\" content=\"https:\/\/algarve7.pt\/index.php\/2023\/03\/orquestra-do-algarve-interpreta-concerto-da-pascoa-no-teatro-municipal-de-portimao\/cultura\/09\/52\/\" \/>\n<meta property=\"og:site_name\" content=\"Algarve 7\" \/>\n<meta property=\"article:publisher\" content=\"https:\/\/www.facebook.com\/algarve7\" \/>\n<meta property=\"article:author\" content=\"https:\/\/www.facebook.com\/algarve7\" \/>\n<meta property=\"article:published_time\" content=\"2023-03-19T09:52:00+00:00\" \/>\n<meta property=\"og:image\" content=\"https:\/\/algarve7.pt\/wp-content\/uploads\/2023\/03\/Maestro-Martim-Sousa-Tavares.jpg\" \/>\n\t<meta property=\"og:image:width\" content=\"1024\" \/>\n\t<meta property=\"og:image:height\" content=\"683\" \/>\n\t<meta property=\"og:image:type\" content=\"image\/jpeg\" \/>\n<meta name=\"author\" content=\"Algarve 7\" \/>\n<meta name=\"twitter:card\" content=\"summary_large_image\" \/>\n<meta name=\"twitter:creator\" content=\"@Algarvesete\" \/>\n<meta name=\"twitter:site\" content=\"@Algarvesete\" \/>\n<meta name=\"twitter:label1\" content=\"Escrito por\" \/>\n\t<meta name=\"twitter:data1\" content=\"Algarve 7\" \/>\n\t<meta name=\"twitter:label2\" content=\"Tempo estimado de leitura\" \/>\n\t<meta name=\"twitter:data2\" content=\"3 minutos\" \/>\n<script type=\"application\/ld+json\" class=\"yoast-schema-graph\">{\"@context\":\"https:\\\/\\\/schema.org\",\"@graph\":[{\"@type\":\"Article\",\"@id\":\"https:\\\/\\\/algarve7.pt\\\/index.php\\\/2023\\\/03\\\/orquestra-do-algarve-interpreta-concerto-da-pascoa-no-teatro-municipal-de-portimao\\\/cultura\\\/09\\\/52\\\/#article\",\"isPartOf\":{\"@id\":\"https:\\\/\\\/algarve7.pt\\\/index.php\\\/2023\\\/03\\\/orquestra-do-algarve-interpreta-concerto-da-pascoa-no-teatro-municipal-de-portimao\\\/cultura\\\/09\\\/52\\\/\"},\"author\":{\"name\":\"Algarve 7\",\"@id\":\"https:\\\/\\\/algarve7.pt\\\/#\\\/schema\\\/person\\\/23fa70681308e7b319a3204bcea45e0c\"},\"headline\":\"Orquestra do Algarve interpreta Concerto da P\u00e1scoa no Teatro Municipal de Portim\u00e3o\",\"datePublished\":\"2023-03-19T09:52:00+00:00\",\"mainEntityOfPage\":{\"@id\":\"https:\\\/\\\/algarve7.pt\\\/index.php\\\/2023\\\/03\\\/orquestra-do-algarve-interpreta-concerto-da-pascoa-no-teatro-municipal-de-portimao\\\/cultura\\\/09\\\/52\\\/\"},\"wordCount\":417,\"publisher\":{\"@id\":\"https:\\\/\\\/algarve7.pt\\\/#organization\"},\"image\":{\"@id\":\"https:\\\/\\\/algarve7.pt\\\/index.php\\\/2023\\\/03\\\/orquestra-do-algarve-interpreta-concerto-da-pascoa-no-teatro-municipal-de-portimao\\\/cultura\\\/09\\\/52\\\/#primaryimage\"},\"thumbnailUrl\":\"https:\\\/\\\/algarve7.pt\\\/wp-content\\\/uploads\\\/2023\\\/03\\\/Maestro-Martim-Sousa-Tavares.jpg\",\"keywords\":[\"Algarve\",\"Cultura\",\"Orquestra Cl\u00e1ssica do Sul\",\"Portim\u00e3o\"],\"articleSection\":[\"Cultura\"],\"inLanguage\":\"pt-PT\"},{\"@type\":\"WebPage\",\"@id\":\"https:\\\/\\\/algarve7.pt\\\/index.php\\\/2023\\\/03\\\/orquestra-do-algarve-interpreta-concerto-da-pascoa-no-teatro-municipal-de-portimao\\\/cultura\\\/09\\\/52\\\/\",\"url\":\"https:\\\/\\\/algarve7.pt\\\/index.php\\\/2023\\\/03\\\/orquestra-do-algarve-interpreta-concerto-da-pascoa-no-teatro-municipal-de-portimao\\\/cultura\\\/09\\\/52\\\/\",\"name\":\"Orquestra do Algarve interpreta Concerto da P\u00e1scoa no Teatro Municipal de Portim\u00e3o - Algarve 7\",\"isPartOf\":{\"@id\":\"https:\\\/\\\/algarve7.pt\\\/#website\"},\"primaryImageOfPage\":{\"@id\":\"https:\\\/\\\/algarve7.pt\\\/index.php\\\/2023\\\/03\\\/orquestra-do-algarve-interpreta-concerto-da-pascoa-no-teatro-municipal-de-portimao\\\/cultura\\\/09\\\/52\\\/#primaryimage\"},\"image\":{\"@id\":\"https:\\\/\\\/algarve7.pt\\\/index.php\\\/2023\\\/03\\\/orquestra-do-algarve-interpreta-concerto-da-pascoa-no-teatro-municipal-de-portimao\\\/cultura\\\/09\\\/52\\\/#primaryimage\"},\"thumbnailUrl\":\"https:\\\/\\\/algarve7.pt\\\/wp-content\\\/uploads\\\/2023\\\/03\\\/Maestro-Martim-Sousa-Tavares.jpg\",\"datePublished\":\"2023-03-19T09:52:00+00:00\",\"description\":\"Orquestra do Algarve interpreta Concerto da P\u00e1scoa no Teatro Municipal de Portim\u00e3o Cultura\",\"breadcrumb\":{\"@id\":\"https:\\\/\\\/algarve7.pt\\\/index.php\\\/2023\\\/03\\\/orquestra-do-algarve-interpreta-concerto-da-pascoa-no-teatro-municipal-de-portimao\\\/cultura\\\/09\\\/52\\\/#breadcrumb\"},\"inLanguage\":\"pt-PT\",\"potentialAction\":[{\"@type\":\"ReadAction\",\"target\":[\"https:\\\/\\\/algarve7.pt\\\/index.php\\\/2023\\\/03\\\/orquestra-do-algarve-interpreta-concerto-da-pascoa-no-teatro-municipal-de-portimao\\\/cultura\\\/09\\\/52\\\/\"]}]},{\"@type\":\"ImageObject\",\"inLanguage\":\"pt-PT\",\"@id\":\"https:\\\/\\\/algarve7.pt\\\/index.php\\\/2023\\\/03\\\/orquestra-do-algarve-interpreta-concerto-da-pascoa-no-teatro-municipal-de-portimao\\\/cultura\\\/09\\\/52\\\/#primaryimage\",\"url\":\"https:\\\/\\\/algarve7.pt\\\/wp-content\\\/uploads\\\/2023\\\/03\\\/Maestro-Martim-Sousa-Tavares.jpg\",\"contentUrl\":\"https:\\\/\\\/algarve7.pt\\\/wp-content\\\/uploads\\\/2023\\\/03\\\/Maestro-Martim-Sousa-Tavares.jpg\",\"width\":1024,\"height\":683,\"caption\":\"Concerto no teatro das Figuras da Orquestra Classica do Sul ( OCS ) de apresenta\u00e7\u00e3o do novo maestro Martim Sousa Tavares . O programa foi The Unaswered Questions , de Charles Ives , Fantasia on a theme by Thomas Tallis , de Ralph Vaugham Williams , e a quarta sinfonia de Ludwig Van Beethoven . Faro , 06 de Fevereiro de 2023 . \u00a9Enric Vives-Rubio\"},{\"@type\":\"BreadcrumbList\",\"@id\":\"https:\\\/\\\/algarve7.pt\\\/index.php\\\/2023\\\/03\\\/orquestra-do-algarve-interpreta-concerto-da-pascoa-no-teatro-municipal-de-portimao\\\/cultura\\\/09\\\/52\\\/#breadcrumb\",\"itemListElement\":[{\"@type\":\"ListItem\",\"position\":1,\"name\":\"In\u00edcio\",\"item\":\"https:\\\/\\\/algarve7.pt\\\/\"},{\"@type\":\"ListItem\",\"position\":2,\"name\":\"Orquestra do Algarve interpreta Concerto da P\u00e1scoa no Teatro Municipal de Portim\u00e3o\"}]},{\"@type\":\"WebSite\",\"@id\":\"https:\\\/\\\/algarve7.pt\\\/#website\",\"url\":\"https:\\\/\\\/algarve7.pt\\\/\",\"name\":\"Algarve 7\",\"description\":\"Informa\u00e7\u00e3o sobre o Algarve\",\"publisher\":{\"@id\":\"https:\\\/\\\/algarve7.pt\\\/#organization\"},\"potentialAction\":[{\"@type\":\"SearchAction\",\"target\":{\"@type\":\"EntryPoint\",\"urlTemplate\":\"https:\\\/\\\/algarve7.pt\\\/?s={search_term_string}\"},\"query-input\":{\"@type\":\"PropertyValueSpecification\",\"valueRequired\":true,\"valueName\":\"search_term_string\"}}],\"inLanguage\":\"pt-PT\"},{\"@type\":\"Organization\",\"@id\":\"https:\\\/\\\/algarve7.pt\\\/#organization\",\"name\":\"Algarve 7\",\"url\":\"https:\\\/\\\/algarve7.pt\\\/\",\"logo\":{\"@type\":\"ImageObject\",\"inLanguage\":\"pt-PT\",\"@id\":\"https:\\\/\\\/algarve7.pt\\\/#\\\/schema\\\/logo\\\/image\\\/\",\"url\":\"https:\\\/\\\/algarve7.pt\\\/wp-content\\\/uploads\\\/2020\\\/10\\\/Logo-8.jpg\",\"contentUrl\":\"https:\\\/\\\/algarve7.pt\\\/wp-content\\\/uploads\\\/2020\\\/10\\\/Logo-8.jpg\",\"width\":1680,\"height\":1186,\"caption\":\"Algarve 7\"},\"image\":{\"@id\":\"https:\\\/\\\/algarve7.pt\\\/#\\\/schema\\\/logo\\\/image\\\/\"},\"sameAs\":[\"https:\\\/\\\/www.facebook.com\\\/algarve7\",\"https:\\\/\\\/x.com\\\/Algarvesete\",\"https:\\\/\\\/www.instagram.com\\\/jornalalgarve7\\\/\",\"https:\\\/\\\/www.linkedin.com\\\/company\\\/algarve7\",\"https:\\\/\\\/www.pinterest.pt\\\/geral0939\\\/_created\\\/\"]},{\"@type\":\"Person\",\"@id\":\"https:\\\/\\\/algarve7.pt\\\/#\\\/schema\\\/person\\\/23fa70681308e7b319a3204bcea45e0c\",\"name\":\"Algarve 7\",\"sameAs\":[\"https:\\\/\\\/algarve7.pt\",\"https:\\\/\\\/www.facebook.com\\\/algarve7\"],\"url\":\"https:\\\/\\\/algarve7.pt\\\/index.php\\\/author\\\/geralalgarve7-pt\\\/\"}]}<\/script>\n<!-- \/ Yoast SEO plugin. -->","yoast_head_json":{"title":"Orquestra do Algarve interpreta Concerto da P\u00e1scoa no Teatro Municipal de Portim\u00e3o - Algarve 7","description":"Orquestra do Algarve interpreta Concerto da P\u00e1scoa no Teatro Municipal de Portim\u00e3o Cultura","robots":{"index":"index","follow":"follow","max-snippet":"max-snippet:-1","max-image-preview":"max-image-preview:large","max-video-preview":"max-video-preview:-1"},"canonical":"https:\/\/algarve7.pt\/index.php\/2023\/03\/orquestra-do-algarve-interpreta-concerto-da-pascoa-no-teatro-municipal-de-portimao\/cultura\/09\/52\/","og_locale":"pt_PT","og_type":"article","og_title":"Orquestra do Algarve interpreta Concerto da P\u00e1scoa no Teatro Municipal de Portim\u00e3o - Algarve 7","og_description":"Orquestra do Algarve interpreta Concerto da P\u00e1scoa no Teatro Municipal de Portim\u00e3o Cultura","og_url":"https:\/\/algarve7.pt\/index.php\/2023\/03\/orquestra-do-algarve-interpreta-concerto-da-pascoa-no-teatro-municipal-de-portimao\/cultura\/09\/52\/","og_site_name":"Algarve 7","article_publisher":"https:\/\/www.facebook.com\/algarve7","article_author":"https:\/\/www.facebook.com\/algarve7","article_published_time":"2023-03-19T09:52:00+00:00","og_image":[{"width":1024,"height":683,"url":"https:\/\/algarve7.pt\/wp-content\/uploads\/2023\/03\/Maestro-Martim-Sousa-Tavares.jpg","type":"image\/jpeg"}],"author":"Algarve 7","twitter_card":"summary_large_image","twitter_creator":"@Algarvesete","twitter_site":"@Algarvesete","twitter_misc":{"Escrito por":"Algarve 7","Tempo estimado de leitura":"3 minutos"},"schema":{"@context":"https:\/\/schema.org","@graph":[{"@type":"Article","@id":"https:\/\/algarve7.pt\/index.php\/2023\/03\/orquestra-do-algarve-interpreta-concerto-da-pascoa-no-teatro-municipal-de-portimao\/cultura\/09\/52\/#article","isPartOf":{"@id":"https:\/\/algarve7.pt\/index.php\/2023\/03\/orquestra-do-algarve-interpreta-concerto-da-pascoa-no-teatro-municipal-de-portimao\/cultura\/09\/52\/"},"author":{"name":"Algarve 7","@id":"https:\/\/algarve7.pt\/#\/schema\/person\/23fa70681308e7b319a3204bcea45e0c"},"headline":"Orquestra do Algarve interpreta Concerto da P\u00e1scoa no Teatro Municipal de Portim\u00e3o","datePublished":"2023-03-19T09:52:00+00:00","mainEntityOfPage":{"@id":"https:\/\/algarve7.pt\/index.php\/2023\/03\/orquestra-do-algarve-interpreta-concerto-da-pascoa-no-teatro-municipal-de-portimao\/cultura\/09\/52\/"},"wordCount":417,"publisher":{"@id":"https:\/\/algarve7.pt\/#organization"},"image":{"@id":"https:\/\/algarve7.pt\/index.php\/2023\/03\/orquestra-do-algarve-interpreta-concerto-da-pascoa-no-teatro-municipal-de-portimao\/cultura\/09\/52\/#primaryimage"},"thumbnailUrl":"https:\/\/algarve7.pt\/wp-content\/uploads\/2023\/03\/Maestro-Martim-Sousa-Tavares.jpg","keywords":["Algarve","Cultura","Orquestra Cl\u00e1ssica do Sul","Portim\u00e3o"],"articleSection":["Cultura"],"inLanguage":"pt-PT"},{"@type":"WebPage","@id":"https:\/\/algarve7.pt\/index.php\/2023\/03\/orquestra-do-algarve-interpreta-concerto-da-pascoa-no-teatro-municipal-de-portimao\/cultura\/09\/52\/","url":"https:\/\/algarve7.pt\/index.php\/2023\/03\/orquestra-do-algarve-interpreta-concerto-da-pascoa-no-teatro-municipal-de-portimao\/cultura\/09\/52\/","name":"Orquestra do Algarve interpreta Concerto da P\u00e1scoa no Teatro Municipal de Portim\u00e3o - Algarve 7","isPartOf":{"@id":"https:\/\/algarve7.pt\/#website"},"primaryImageOfPage":{"@id":"https:\/\/algarve7.pt\/index.php\/2023\/03\/orquestra-do-algarve-interpreta-concerto-da-pascoa-no-teatro-municipal-de-portimao\/cultura\/09\/52\/#primaryimage"},"image":{"@id":"https:\/\/algarve7.pt\/index.php\/2023\/03\/orquestra-do-algarve-interpreta-concerto-da-pascoa-no-teatro-municipal-de-portimao\/cultura\/09\/52\/#primaryimage"},"thumbnailUrl":"https:\/\/algarve7.pt\/wp-content\/uploads\/2023\/03\/Maestro-Martim-Sousa-Tavares.jpg","datePublished":"2023-03-19T09:52:00+00:00","description":"Orquestra do Algarve interpreta Concerto da P\u00e1scoa no Teatro Municipal de Portim\u00e3o Cultura","breadcrumb":{"@id":"https:\/\/algarve7.pt\/index.php\/2023\/03\/orquestra-do-algarve-interpreta-concerto-da-pascoa-no-teatro-municipal-de-portimao\/cultura\/09\/52\/#breadcrumb"},"inLanguage":"pt-PT","potentialAction":[{"@type":"ReadAction","target":["https:\/\/algarve7.pt\/index.php\/2023\/03\/orquestra-do-algarve-interpreta-concerto-da-pascoa-no-teatro-municipal-de-portimao\/cultura\/09\/52\/"]}]},{"@type":"ImageObject","inLanguage":"pt-PT","@id":"https:\/\/algarve7.pt\/index.php\/2023\/03\/orquestra-do-algarve-interpreta-concerto-da-pascoa-no-teatro-municipal-de-portimao\/cultura\/09\/52\/#primaryimage","url":"https:\/\/algarve7.pt\/wp-content\/uploads\/2023\/03\/Maestro-Martim-Sousa-Tavares.jpg","contentUrl":"https:\/\/algarve7.pt\/wp-content\/uploads\/2023\/03\/Maestro-Martim-Sousa-Tavares.jpg","width":1024,"height":683,"caption":"Concerto no teatro das Figuras da Orquestra Classica do Sul ( OCS ) de apresenta\u00e7\u00e3o do novo maestro Martim Sousa Tavares . O programa foi The Unaswered Questions , de Charles Ives , Fantasia on a theme by Thomas Tallis , de Ralph Vaugham Williams , e a quarta sinfonia de Ludwig Van Beethoven . Faro , 06 de Fevereiro de 2023 . \u00a9Enric Vives-Rubio"},{"@type":"BreadcrumbList","@id":"https:\/\/algarve7.pt\/index.php\/2023\/03\/orquestra-do-algarve-interpreta-concerto-da-pascoa-no-teatro-municipal-de-portimao\/cultura\/09\/52\/#breadcrumb","itemListElement":[{"@type":"ListItem","position":1,"name":"In\u00edcio","item":"https:\/\/algarve7.pt\/"},{"@type":"ListItem","position":2,"name":"Orquestra do Algarve interpreta Concerto da P\u00e1scoa no Teatro Municipal de Portim\u00e3o"}]},{"@type":"WebSite","@id":"https:\/\/algarve7.pt\/#website","url":"https:\/\/algarve7.pt\/","name":"Algarve 7","description":"Informa\u00e7\u00e3o sobre o Algarve","publisher":{"@id":"https:\/\/algarve7.pt\/#organization"},"potentialAction":[{"@type":"SearchAction","target":{"@type":"EntryPoint","urlTemplate":"https:\/\/algarve7.pt\/?s={search_term_string}"},"query-input":{"@type":"PropertyValueSpecification","valueRequired":true,"valueName":"search_term_string"}}],"inLanguage":"pt-PT"},{"@type":"Organization","@id":"https:\/\/algarve7.pt\/#organization","name":"Algarve 7","url":"https:\/\/algarve7.pt\/","logo":{"@type":"ImageObject","inLanguage":"pt-PT","@id":"https:\/\/algarve7.pt\/#\/schema\/logo\/image\/","url":"https:\/\/algarve7.pt\/wp-content\/uploads\/2020\/10\/Logo-8.jpg","contentUrl":"https:\/\/algarve7.pt\/wp-content\/uploads\/2020\/10\/Logo-8.jpg","width":1680,"height":1186,"caption":"Algarve 7"},"image":{"@id":"https:\/\/algarve7.pt\/#\/schema\/logo\/image\/"},"sameAs":["https:\/\/www.facebook.com\/algarve7","https:\/\/x.com\/Algarvesete","https:\/\/www.instagram.com\/jornalalgarve7\/","https:\/\/www.linkedin.com\/company\/algarve7","https:\/\/www.pinterest.pt\/geral0939\/_created\/"]},{"@type":"Person","@id":"https:\/\/algarve7.pt\/#\/schema\/person\/23fa70681308e7b319a3204bcea45e0c","name":"Algarve 7","sameAs":["https:\/\/algarve7.pt","https:\/\/www.facebook.com\/algarve7"],"url":"https:\/\/algarve7.pt\/index.php\/author\/geralalgarve7-pt\/"}]}},"jetpack_publicize_connections":[],"jetpack_featured_media_url":"https:\/\/algarve7.pt\/wp-content\/uploads\/2023\/03\/Maestro-Martim-Sousa-Tavares.jpg","jetpack_shortlink":"https:\/\/wp.me\/pcezmW-6Qj","jetpack_sharing_enabled":true,"_links":{"self":[{"href":"https:\/\/algarve7.pt\/index.php\/wp-json\/wp\/v2\/posts\/26307","targetHints":{"allow":["GET"]}}],"collection":[{"href":"https:\/\/algarve7.pt\/index.php\/wp-json\/wp\/v2\/posts"}],"about":[{"href":"https:\/\/algarve7.pt\/index.php\/wp-json\/wp\/v2\/types\/post"}],"author":[{"embeddable":true,"href":"https:\/\/algarve7.pt\/index.php\/wp-json\/wp\/v2\/users\/1"}],"replies":[{"embeddable":true,"href":"https:\/\/algarve7.pt\/index.php\/wp-json\/wp\/v2\/comments?post=26307"}],"version-history":[{"count":0,"href":"https:\/\/algarve7.pt\/index.php\/wp-json\/wp\/v2\/posts\/26307\/revisions"}],"wp:featuredmedia":[{"embeddable":true,"href":"https:\/\/algarve7.pt\/index.php\/wp-json\/wp\/v2\/media\/26308"}],"wp:attachment":[{"href":"https:\/\/algarve7.pt\/index.php\/wp-json\/wp\/v2\/media?parent=26307"}],"wp:term":[{"taxonomy":"category","embeddable":true,"href":"https:\/\/algarve7.pt\/index.php\/wp-json\/wp\/v2\/categories?post=26307"},{"taxonomy":"post_tag","embeddable":true,"href":"https:\/\/algarve7.pt\/index.php\/wp-json\/wp\/v2\/tags?post=26307"}],"curies":[{"name":"wp","href":"https:\/\/api.w.org\/{rel}","templated":true}]}}