{"id":26075,"date":"2023-03-09T16:22:16","date_gmt":"2023-03-09T16:22:16","guid":{"rendered":"https:\/\/algarve7.pt\/?p=26075"},"modified":"2023-03-09T16:22:18","modified_gmt":"2023-03-09T16:22:18","slug":"municipio-de-sao-bras-de-alportel-recebeu-premio-de-autarquia-familiarmente-responsavel","status":"publish","type":"post","link":"https:\/\/algarve7.pt\/index.php\/2023\/03\/municipio-de-sao-bras-de-alportel-recebeu-premio-de-autarquia-familiarmente-responsavel\/atualidade\/16\/22\/","title":{"rendered":"Munic\u00edpio de S\u00e3o Br\u00e1s de Alportel recebeu pr\u00e9mio de autarquia familiarmente respons\u00e1vel"},"content":{"rendered":"\n<p>O Munic\u00edpio de S\u00e3o Br\u00e1s de Alportel recebeu no passado dia 26 de janeiro, o Pr\u00e9mio de Autarquia Familiarmente Respons\u00e1vel. Um pr\u00e9mio atribu\u00eddo pelo Observat\u00f3rio das Autarquias Familiarmente Respons\u00e1veis e que visa reconhecer o trabalho positivo realizado pelas autarquias portuguesas ao n\u00edvel das pol\u00edticas p\u00fablicas e das medidas adotadas que t\u00eam como principal objetivo apoiar as fam\u00edlias e atender \u00e0s suas necessidades.<\/p>\n\n\n\n<p>Uma iniciativa que parte do princ\u00edpio de que a \u201cfam\u00edlia \u00e9 o ber\u00e7o do amanh\u00e3, \u00e9 na fam\u00edlia que nascem, crescem e se desenvolvem f\u00edsica e emocionalmente os jovens, e por consequ\u00eancia a sociedade, pelo que h\u00e1 que proporcionar condi\u00e7\u00f5es que favore\u00e7am n\u00e3o s\u00f3 a garantia de que existe capital humano suficiente para garantir um futuro sustent\u00e1vel, mas que esse capital humano tamb\u00e9m possui as compet\u00eancias emocionais, comportamentais e formativas necess\u00e1rias\u201d, refere o Observat\u00f3rio das Autarquias Familiarmente Respons\u00e1veis.<\/p>\n\n\n\n<p>No \u00e2mbito desta Candidatura, referente \u00e0 atividade municipal de 2021, as medidas do Programa \u201cVale Mais Fam\u00edlia\u201d, nomeadamente &nbsp;Vale + Natalidade (oferta de vale para uso no com\u00e9rcio local a nascidos e ou adotados), Vale + Educa\u00e7\u00e3o (entrega anual de vales para aquisi\u00e7\u00e3o de material escolar a alunos do 1\u00ba ciclo at\u00e9 ao ensino secund\u00e1rio),Vale + Sa\u00fade (com rastreios oftalmol\u00f3gicos para crian\u00e7as que frequentam o pr\u00e9-escolar) e programa de forma\u00e7\u00e3o parental \u201cMais Fam\u00edlia, Novos Desafios\u201d que atrav\u00e9s de sess\u00f5es regulares, abertas \u00e0 participa\u00e7\u00e3o de todos para fornecer ferramentas para uma parentalidade positiva, s\u00e3o exemplos do trabalho realizado nesta \u00e1rea pelo Munic\u00edpio, ao qual se juntam muitas respostas sociais, como seja o Programa M\u00e3o Amiga (que apoia fam\u00edlias carenciadas e fam\u00edlias com membros que t\u00eam dificuldades motoras a adaptar e melhorar as suas habita\u00e7\u00f5es), o apoio no transporte escolar.<\/p>\n\n\n\n<p>A organiza\u00e7\u00e3o de atividades destinadas a garantir o prolongamento do hor\u00e1rio a crian\u00e7as do pr\u00e9-escolar e 1\u00ba ciclo de forma a compatibilizar o per\u00edodo letivo com o hor\u00e1rio laboral dos pais \u00e9 outra medida impactante que ganha nova dimens\u00e3o durante os per\u00edodos de pausa letiva com programas especiais para as f\u00e9rias, al\u00e9m de outras propostas de atividades em espa\u00e7os municipais.<\/p>\n\n\n\n<p>Mais recentemente, a autarquia criou tamb\u00e9m programas de atividades para jovens, como seja o projeto \u201cJovens Seguros &lt;&gt; Fam\u00edlias Felizes\u201d, tem em curso um projeto teatral para jovens e promove tamb\u00e9m, em parceria com uma institui\u00e7\u00e3o local, um programa de atividades para jovens com defici\u00eancia e ou algumas dificuldades, procurando ajudar estas fam\u00edlias e promover a inclus\u00e3o.<\/p>\n\n\n\n<p>Ainda na \u00e1rea da educa\u00e7\u00e3o, o Munic\u00edpio atribui anualmente bolsas de estudo para alunos s\u00e3o-brasenses que frequentam o ensino superior com bons resultados, mas que s\u00e3o oriundos de fam\u00edlias com menores rendimentos econ\u00f3micos.<\/p>\n\n\n\n<p>O Munic\u00edpio de S\u00e3o Br\u00e1s de Alportel tem vindo a trabalhar o apoio \u00e0s fam\u00edlias de uma forma transversal e multidisciplinar, sendo por isso ainda de destacar, por exemplo, a crescente rede de passeios acess\u00edveis no concelho, que s\u00e3o promotores de maior inclus\u00e3o de todos os cidad\u00e3os, independentemente das suas limita\u00e7\u00f5es e especificidades.<\/p>\n\n\n\n<p>A t\u00edtulo de exemplo de um imenso conjunto de atividades, podemos referir os ateli\u00eas criativos \u201cA Crescer e a Aprender\u201d que a Biblioteca Municipal promove mensalmente, entre um conjunto vasto de oferta de atividades para as fam\u00edlias.<\/p>\n\n\n\n<p>No que concerne ao apoio \u00e0s fam\u00edlias mais vulner\u00e1veis, a autarquia tem vindo a incrementar um conjunto muito vasto de respostas sociais, entre os quais apoio ao n\u00edvel dos bens essenciais mediante&nbsp; funcionamento de uma Loja Social, complementada por um Armaz\u00e9m Social, um conjunto de apoios sociais concedidos atrav\u00e9s do Centro de Apoio \u00e0 Comunidade, que funciona como uma loja do cidad\u00e3o social; os programas de apoio ao arrendamento e os mais recentes avan\u00e7os ao n\u00edvel da Estrat\u00e9gia Local de Habita\u00e7\u00e3o. \u00c9 tamb\u00e9m no Centro de Apoio \u00e0 Comunidade que est\u00e1 sediado o Gabinete Municipal de Psicologia e se realiza o apoio \u00e0s fam\u00edlias imigrantes, num munic\u00edpio que tem tamb\u00e9m ao dispor da comunidade um Servi\u00e7o de Apoio ao Residente Estrangeiro com a figura de Provedor do Residente Estrangeiro.<\/p>\n\n\n\n<p>O Banco <em>Municipal<\/em> de <em>Medicamentos \u00e9 outra medida implementada pelo Munic\u00edpio e que visa apoiar os mun\u00edcipes mais vulner\u00e1veis a aceder aos medicamentos que precisam, \u00e1 qual se juntou, com grande relev\u00e2ncia, o Fundo Social de Emerg\u00eancia.<\/em><em><\/em><\/p>\n\n\n\n<p><em>A popula\u00e7\u00e3o s\u00e9nior tamb\u00e9m merece especial aten\u00e7\u00e3o ao dispor de um conjunto de atividades mensais, &nbsp;benef\u00edcios &nbsp;e descontos atrav\u00e9s do cart\u00e3o S\u00e9nior Municipal, um Gabinete de Psicologia S\u00e9nior, Programas de Interven\u00e7\u00e3o Comunit\u00e1ria, como a Rede Envolve, Projeto Bem me quer e Projeto ra\u00edzes. Em per\u00edodo pand\u00e9micos os apoios aos seniores foram refor\u00e7ados com novas respostas de combate ao isolamento como a \u201clinha da Amizade\u201d e apoio domicili\u00e1rio &nbsp;de pequenas compras ou afazeres que permanecem at\u00e9 aos dias de hoje. <\/em><em><\/em><\/p>\n\n\n\n<p><em>Dada a crescente preocupa\u00e7\u00e3o com os seniores que vivem em situa\u00e7\u00f5es de vulnerabilidade e risco \u00e9 cada vez mais relevante o trabalho do Grupo de Interven\u00e7\u00e3o S\u00e9nior que a autarquia criou, como se de uma Comiss\u00e3o de Prote\u00e7\u00e3o de idosos se tratasse, num exemplar trabalho de parceria com as diversas entidades, juntando esfor\u00e7os para proteger os idosos mais fr\u00e1geis.<\/em><em><\/em><\/p>\n\n\n\n<p><em>O Pr\u00e9mio teve ainda em considera\u00e7\u00e3o o esfor\u00e7o desenvolvido pela autarquia na promo\u00e7\u00e3o do equil\u00edbrio e concilia\u00e7\u00e3o da vida laboral e familiar junto dos seus colaboradores, estando em curso a elabora\u00e7\u00e3o do Plano Municipal para a Igualdade e n\u00e3o Descrimina\u00e7\u00e3o que tem uma dimens\u00e3o interna muito importante.<\/em><em><\/em><\/p>\n\n\n\n<p><em>Uma estrat\u00e9gia global, de implementa\u00e7\u00e3o faseada nas m\u00faltiplas \u00e1reas de interven\u00e7\u00e3o municipal mas sempre com a qualidade de vida e apoio \u00e0 fam\u00edlia no seu foco. <\/em><em><\/em><\/p>\n","protected":false},"excerpt":{"rendered":"<p>O Munic\u00edpio de S\u00e3o Br\u00e1s de Alportel recebeu no passado dia 26 de janeiro, o Pr\u00e9mio de Autarquia Familiarmente Respons\u00e1vel.<\/p>\n","protected":false},"author":1,"featured_media":26076,"comment_status":"closed","ping_status":"open","sticky":false,"template":"","format":"standard","meta":{"colormag_page_container_layout":"default_layout","colormag_page_sidebar_layout":"default_layout","_monsterinsights_skip_tracking":false,"_monsterinsights_sitenote_active":false,"_monsterinsights_sitenote_note":"","_monsterinsights_sitenote_category":0,"jetpack_post_was_ever_published":false,"_jetpack_newsletter_access":"","_jetpack_dont_email_post_to_subs":false,"_jetpack_newsletter_tier_id":0,"_jetpack_memberships_contains_paywalled_content":false,"_jetpack_memberships_contains_paid_content":false,"footnotes":"","jetpack_publicize_message":"","jetpack_publicize_feature_enabled":true,"jetpack_social_post_already_shared":true,"jetpack_social_options":{"image_generator_settings":{"template":"highway","default_image_id":0,"font":"","enabled":false},"version":2}},"categories":[11],"tags":[36,62,63],"class_list":["post-26075","post","type-post","status-publish","format-standard","has-post-thumbnail","hentry","category-atualidade","tag-algarve","tag-atualidade","tag-sao-bras-de-alportel"],"yoast_head":"<!-- This site is optimized with the Yoast SEO plugin v27.5 - https:\/\/yoast.com\/product\/yoast-seo-wordpress\/ -->\n<title>Munic\u00edpio de S\u00e3o Br\u00e1s de Alportel recebeu pr\u00e9mio de autarquia familiarmente respons\u00e1vel - Algarve 7<\/title>\n<meta name=\"description\" content=\"Munic\u00edpio de S\u00e3o Br\u00e1s de Alportel recebeu pr\u00e9mio de autarquia familiarmente respons\u00e1vel Atualidade\" \/>\n<meta name=\"robots\" content=\"index, follow, max-snippet:-1, max-image-preview:large, max-video-preview:-1\" \/>\n<link rel=\"canonical\" href=\"https:\/\/algarve7.pt\/index.php\/2023\/03\/municipio-de-sao-bras-de-alportel-recebeu-premio-de-autarquia-familiarmente-responsavel\/atualidade\/16\/22\/\" \/>\n<meta property=\"og:locale\" content=\"pt_PT\" \/>\n<meta property=\"og:type\" content=\"article\" \/>\n<meta property=\"og:title\" content=\"Munic\u00edpio de S\u00e3o Br\u00e1s de Alportel recebeu pr\u00e9mio de autarquia familiarmente respons\u00e1vel - Algarve 7\" \/>\n<meta property=\"og:description\" content=\"Munic\u00edpio de S\u00e3o Br\u00e1s de Alportel recebeu pr\u00e9mio de autarquia familiarmente respons\u00e1vel Atualidade\" \/>\n<meta property=\"og:url\" content=\"https:\/\/algarve7.pt\/index.php\/2023\/03\/municipio-de-sao-bras-de-alportel-recebeu-premio-de-autarquia-familiarmente-responsavel\/atualidade\/16\/22\/\" \/>\n<meta property=\"og:site_name\" content=\"Algarve 7\" \/>\n<meta property=\"article:publisher\" content=\"https:\/\/www.facebook.com\/algarve7\" \/>\n<meta property=\"article:author\" content=\"https:\/\/www.facebook.com\/algarve7\" \/>\n<meta property=\"article:published_time\" content=\"2023-03-09T16:22:16+00:00\" \/>\n<meta property=\"article:modified_time\" content=\"2023-03-09T16:22:18+00:00\" \/>\n<meta property=\"og:image\" content=\"https:\/\/algarve7.pt\/wp-content\/uploads\/2023\/03\/Autarquia_familiarmente_responsavel_bandeira_marco_2023-Large.jpg\" \/>\n\t<meta property=\"og:image:width\" content=\"1024\" \/>\n\t<meta property=\"og:image:height\" content=\"683\" \/>\n\t<meta property=\"og:image:type\" content=\"image\/jpeg\" \/>\n<meta name=\"author\" content=\"Algarve 7\" \/>\n<meta name=\"twitter:card\" content=\"summary_large_image\" \/>\n<meta name=\"twitter:creator\" content=\"@Algarvesete\" \/>\n<meta name=\"twitter:site\" content=\"@Algarvesete\" \/>\n<meta name=\"twitter:label1\" content=\"Escrito por\" \/>\n\t<meta name=\"twitter:data1\" content=\"Algarve 7\" \/>\n\t<meta name=\"twitter:label2\" content=\"Tempo estimado de leitura\" \/>\n\t<meta name=\"twitter:data2\" content=\"5 minutos\" \/>\n<script type=\"application\/ld+json\" class=\"yoast-schema-graph\">{\"@context\":\"https:\\\/\\\/schema.org\",\"@graph\":[{\"@type\":\"Article\",\"@id\":\"https:\\\/\\\/algarve7.pt\\\/index.php\\\/2023\\\/03\\\/municipio-de-sao-bras-de-alportel-recebeu-premio-de-autarquia-familiarmente-responsavel\\\/atualidade\\\/16\\\/22\\\/#article\",\"isPartOf\":{\"@id\":\"https:\\\/\\\/algarve7.pt\\\/index.php\\\/2023\\\/03\\\/municipio-de-sao-bras-de-alportel-recebeu-premio-de-autarquia-familiarmente-responsavel\\\/atualidade\\\/16\\\/22\\\/\"},\"author\":{\"name\":\"Algarve 7\",\"@id\":\"https:\\\/\\\/algarve7.pt\\\/#\\\/schema\\\/person\\\/23fa70681308e7b319a3204bcea45e0c\"},\"headline\":\"Munic\u00edpio de S\u00e3o Br\u00e1s de Alportel recebeu pr\u00e9mio de autarquia familiarmente respons\u00e1vel\",\"datePublished\":\"2023-03-09T16:22:16+00:00\",\"dateModified\":\"2023-03-09T16:22:18+00:00\",\"mainEntityOfPage\":{\"@id\":\"https:\\\/\\\/algarve7.pt\\\/index.php\\\/2023\\\/03\\\/municipio-de-sao-bras-de-alportel-recebeu-premio-de-autarquia-familiarmente-responsavel\\\/atualidade\\\/16\\\/22\\\/\"},\"wordCount\":1045,\"publisher\":{\"@id\":\"https:\\\/\\\/algarve7.pt\\\/#organization\"},\"image\":{\"@id\":\"https:\\\/\\\/algarve7.pt\\\/index.php\\\/2023\\\/03\\\/municipio-de-sao-bras-de-alportel-recebeu-premio-de-autarquia-familiarmente-responsavel\\\/atualidade\\\/16\\\/22\\\/#primaryimage\"},\"thumbnailUrl\":\"https:\\\/\\\/algarve7.pt\\\/wp-content\\\/uploads\\\/2023\\\/03\\\/Autarquia_familiarmente_responsavel_bandeira_marco_2023-Large.jpg\",\"keywords\":[\"Algarve\",\"Atualidade\",\"S\u00e3o Br\u00e1s de Alportel\"],\"articleSection\":[\"Atualidade\"],\"inLanguage\":\"pt-PT\"},{\"@type\":\"WebPage\",\"@id\":\"https:\\\/\\\/algarve7.pt\\\/index.php\\\/2023\\\/03\\\/municipio-de-sao-bras-de-alportel-recebeu-premio-de-autarquia-familiarmente-responsavel\\\/atualidade\\\/16\\\/22\\\/\",\"url\":\"https:\\\/\\\/algarve7.pt\\\/index.php\\\/2023\\\/03\\\/municipio-de-sao-bras-de-alportel-recebeu-premio-de-autarquia-familiarmente-responsavel\\\/atualidade\\\/16\\\/22\\\/\",\"name\":\"Munic\u00edpio de S\u00e3o Br\u00e1s de Alportel recebeu pr\u00e9mio de autarquia familiarmente respons\u00e1vel - Algarve 7\",\"isPartOf\":{\"@id\":\"https:\\\/\\\/algarve7.pt\\\/#website\"},\"primaryImageOfPage\":{\"@id\":\"https:\\\/\\\/algarve7.pt\\\/index.php\\\/2023\\\/03\\\/municipio-de-sao-bras-de-alportel-recebeu-premio-de-autarquia-familiarmente-responsavel\\\/atualidade\\\/16\\\/22\\\/#primaryimage\"},\"image\":{\"@id\":\"https:\\\/\\\/algarve7.pt\\\/index.php\\\/2023\\\/03\\\/municipio-de-sao-bras-de-alportel-recebeu-premio-de-autarquia-familiarmente-responsavel\\\/atualidade\\\/16\\\/22\\\/#primaryimage\"},\"thumbnailUrl\":\"https:\\\/\\\/algarve7.pt\\\/wp-content\\\/uploads\\\/2023\\\/03\\\/Autarquia_familiarmente_responsavel_bandeira_marco_2023-Large.jpg\",\"datePublished\":\"2023-03-09T16:22:16+00:00\",\"dateModified\":\"2023-03-09T16:22:18+00:00\",\"description\":\"Munic\u00edpio de S\u00e3o Br\u00e1s de Alportel recebeu pr\u00e9mio de autarquia familiarmente respons\u00e1vel Atualidade\",\"breadcrumb\":{\"@id\":\"https:\\\/\\\/algarve7.pt\\\/index.php\\\/2023\\\/03\\\/municipio-de-sao-bras-de-alportel-recebeu-premio-de-autarquia-familiarmente-responsavel\\\/atualidade\\\/16\\\/22\\\/#breadcrumb\"},\"inLanguage\":\"pt-PT\",\"potentialAction\":[{\"@type\":\"ReadAction\",\"target\":[\"https:\\\/\\\/algarve7.pt\\\/index.php\\\/2023\\\/03\\\/municipio-de-sao-bras-de-alportel-recebeu-premio-de-autarquia-familiarmente-responsavel\\\/atualidade\\\/16\\\/22\\\/\"]}]},{\"@type\":\"ImageObject\",\"inLanguage\":\"pt-PT\",\"@id\":\"https:\\\/\\\/algarve7.pt\\\/index.php\\\/2023\\\/03\\\/municipio-de-sao-bras-de-alportel-recebeu-premio-de-autarquia-familiarmente-responsavel\\\/atualidade\\\/16\\\/22\\\/#primaryimage\",\"url\":\"https:\\\/\\\/algarve7.pt\\\/wp-content\\\/uploads\\\/2023\\\/03\\\/Autarquia_familiarmente_responsavel_bandeira_marco_2023-Large.jpg\",\"contentUrl\":\"https:\\\/\\\/algarve7.pt\\\/wp-content\\\/uploads\\\/2023\\\/03\\\/Autarquia_familiarmente_responsavel_bandeira_marco_2023-Large.jpg\",\"width\":1024,\"height\":683},{\"@type\":\"BreadcrumbList\",\"@id\":\"https:\\\/\\\/algarve7.pt\\\/index.php\\\/2023\\\/03\\\/municipio-de-sao-bras-de-alportel-recebeu-premio-de-autarquia-familiarmente-responsavel\\\/atualidade\\\/16\\\/22\\\/#breadcrumb\",\"itemListElement\":[{\"@type\":\"ListItem\",\"position\":1,\"name\":\"In\u00edcio\",\"item\":\"https:\\\/\\\/algarve7.pt\\\/\"},{\"@type\":\"ListItem\",\"position\":2,\"name\":\"Munic\u00edpio de S\u00e3o Br\u00e1s de Alportel recebeu pr\u00e9mio de autarquia familiarmente respons\u00e1vel\"}]},{\"@type\":\"WebSite\",\"@id\":\"https:\\\/\\\/algarve7.pt\\\/#website\",\"url\":\"https:\\\/\\\/algarve7.pt\\\/\",\"name\":\"Algarve 7\",\"description\":\"Informa\u00e7\u00e3o sobre o Algarve\",\"publisher\":{\"@id\":\"https:\\\/\\\/algarve7.pt\\\/#organization\"},\"potentialAction\":[{\"@type\":\"SearchAction\",\"target\":{\"@type\":\"EntryPoint\",\"urlTemplate\":\"https:\\\/\\\/algarve7.pt\\\/?s={search_term_string}\"},\"query-input\":{\"@type\":\"PropertyValueSpecification\",\"valueRequired\":true,\"valueName\":\"search_term_string\"}}],\"inLanguage\":\"pt-PT\"},{\"@type\":\"Organization\",\"@id\":\"https:\\\/\\\/algarve7.pt\\\/#organization\",\"name\":\"Algarve 7\",\"url\":\"https:\\\/\\\/algarve7.pt\\\/\",\"logo\":{\"@type\":\"ImageObject\",\"inLanguage\":\"pt-PT\",\"@id\":\"https:\\\/\\\/algarve7.pt\\\/#\\\/schema\\\/logo\\\/image\\\/\",\"url\":\"https:\\\/\\\/algarve7.pt\\\/wp-content\\\/uploads\\\/2020\\\/10\\\/Logo-8.jpg\",\"contentUrl\":\"https:\\\/\\\/algarve7.pt\\\/wp-content\\\/uploads\\\/2020\\\/10\\\/Logo-8.jpg\",\"width\":1680,\"height\":1186,\"caption\":\"Algarve 7\"},\"image\":{\"@id\":\"https:\\\/\\\/algarve7.pt\\\/#\\\/schema\\\/logo\\\/image\\\/\"},\"sameAs\":[\"https:\\\/\\\/www.facebook.com\\\/algarve7\",\"https:\\\/\\\/x.com\\\/Algarvesete\",\"https:\\\/\\\/www.instagram.com\\\/jornalalgarve7\\\/\",\"https:\\\/\\\/www.linkedin.com\\\/company\\\/algarve7\",\"https:\\\/\\\/www.pinterest.pt\\\/geral0939\\\/_created\\\/\"]},{\"@type\":\"Person\",\"@id\":\"https:\\\/\\\/algarve7.pt\\\/#\\\/schema\\\/person\\\/23fa70681308e7b319a3204bcea45e0c\",\"name\":\"Algarve 7\",\"sameAs\":[\"https:\\\/\\\/algarve7.pt\",\"https:\\\/\\\/www.facebook.com\\\/algarve7\"],\"url\":\"https:\\\/\\\/algarve7.pt\\\/index.php\\\/author\\\/geralalgarve7-pt\\\/\"}]}<\/script>\n<!-- \/ Yoast SEO plugin. -->","yoast_head_json":{"title":"Munic\u00edpio de S\u00e3o Br\u00e1s de Alportel recebeu pr\u00e9mio de autarquia familiarmente respons\u00e1vel - Algarve 7","description":"Munic\u00edpio de S\u00e3o Br\u00e1s de Alportel recebeu pr\u00e9mio de autarquia familiarmente respons\u00e1vel Atualidade","robots":{"index":"index","follow":"follow","max-snippet":"max-snippet:-1","max-image-preview":"max-image-preview:large","max-video-preview":"max-video-preview:-1"},"canonical":"https:\/\/algarve7.pt\/index.php\/2023\/03\/municipio-de-sao-bras-de-alportel-recebeu-premio-de-autarquia-familiarmente-responsavel\/atualidade\/16\/22\/","og_locale":"pt_PT","og_type":"article","og_title":"Munic\u00edpio de S\u00e3o Br\u00e1s de Alportel recebeu pr\u00e9mio de autarquia familiarmente respons\u00e1vel - Algarve 7","og_description":"Munic\u00edpio de S\u00e3o Br\u00e1s de Alportel recebeu pr\u00e9mio de autarquia familiarmente respons\u00e1vel Atualidade","og_url":"https:\/\/algarve7.pt\/index.php\/2023\/03\/municipio-de-sao-bras-de-alportel-recebeu-premio-de-autarquia-familiarmente-responsavel\/atualidade\/16\/22\/","og_site_name":"Algarve 7","article_publisher":"https:\/\/www.facebook.com\/algarve7","article_author":"https:\/\/www.facebook.com\/algarve7","article_published_time":"2023-03-09T16:22:16+00:00","article_modified_time":"2023-03-09T16:22:18+00:00","og_image":[{"width":1024,"height":683,"url":"https:\/\/algarve7.pt\/wp-content\/uploads\/2023\/03\/Autarquia_familiarmente_responsavel_bandeira_marco_2023-Large.jpg","type":"image\/jpeg"}],"author":"Algarve 7","twitter_card":"summary_large_image","twitter_creator":"@Algarvesete","twitter_site":"@Algarvesete","twitter_misc":{"Escrito por":"Algarve 7","Tempo estimado de leitura":"5 minutos"},"schema":{"@context":"https:\/\/schema.org","@graph":[{"@type":"Article","@id":"https:\/\/algarve7.pt\/index.php\/2023\/03\/municipio-de-sao-bras-de-alportel-recebeu-premio-de-autarquia-familiarmente-responsavel\/atualidade\/16\/22\/#article","isPartOf":{"@id":"https:\/\/algarve7.pt\/index.php\/2023\/03\/municipio-de-sao-bras-de-alportel-recebeu-premio-de-autarquia-familiarmente-responsavel\/atualidade\/16\/22\/"},"author":{"name":"Algarve 7","@id":"https:\/\/algarve7.pt\/#\/schema\/person\/23fa70681308e7b319a3204bcea45e0c"},"headline":"Munic\u00edpio de S\u00e3o Br\u00e1s de Alportel recebeu pr\u00e9mio de autarquia familiarmente respons\u00e1vel","datePublished":"2023-03-09T16:22:16+00:00","dateModified":"2023-03-09T16:22:18+00:00","mainEntityOfPage":{"@id":"https:\/\/algarve7.pt\/index.php\/2023\/03\/municipio-de-sao-bras-de-alportel-recebeu-premio-de-autarquia-familiarmente-responsavel\/atualidade\/16\/22\/"},"wordCount":1045,"publisher":{"@id":"https:\/\/algarve7.pt\/#organization"},"image":{"@id":"https:\/\/algarve7.pt\/index.php\/2023\/03\/municipio-de-sao-bras-de-alportel-recebeu-premio-de-autarquia-familiarmente-responsavel\/atualidade\/16\/22\/#primaryimage"},"thumbnailUrl":"https:\/\/algarve7.pt\/wp-content\/uploads\/2023\/03\/Autarquia_familiarmente_responsavel_bandeira_marco_2023-Large.jpg","keywords":["Algarve","Atualidade","S\u00e3o Br\u00e1s de Alportel"],"articleSection":["Atualidade"],"inLanguage":"pt-PT"},{"@type":"WebPage","@id":"https:\/\/algarve7.pt\/index.php\/2023\/03\/municipio-de-sao-bras-de-alportel-recebeu-premio-de-autarquia-familiarmente-responsavel\/atualidade\/16\/22\/","url":"https:\/\/algarve7.pt\/index.php\/2023\/03\/municipio-de-sao-bras-de-alportel-recebeu-premio-de-autarquia-familiarmente-responsavel\/atualidade\/16\/22\/","name":"Munic\u00edpio de S\u00e3o Br\u00e1s de Alportel recebeu pr\u00e9mio de autarquia familiarmente respons\u00e1vel - Algarve 7","isPartOf":{"@id":"https:\/\/algarve7.pt\/#website"},"primaryImageOfPage":{"@id":"https:\/\/algarve7.pt\/index.php\/2023\/03\/municipio-de-sao-bras-de-alportel-recebeu-premio-de-autarquia-familiarmente-responsavel\/atualidade\/16\/22\/#primaryimage"},"image":{"@id":"https:\/\/algarve7.pt\/index.php\/2023\/03\/municipio-de-sao-bras-de-alportel-recebeu-premio-de-autarquia-familiarmente-responsavel\/atualidade\/16\/22\/#primaryimage"},"thumbnailUrl":"https:\/\/algarve7.pt\/wp-content\/uploads\/2023\/03\/Autarquia_familiarmente_responsavel_bandeira_marco_2023-Large.jpg","datePublished":"2023-03-09T16:22:16+00:00","dateModified":"2023-03-09T16:22:18+00:00","description":"Munic\u00edpio de S\u00e3o Br\u00e1s de Alportel recebeu pr\u00e9mio de autarquia familiarmente respons\u00e1vel Atualidade","breadcrumb":{"@id":"https:\/\/algarve7.pt\/index.php\/2023\/03\/municipio-de-sao-bras-de-alportel-recebeu-premio-de-autarquia-familiarmente-responsavel\/atualidade\/16\/22\/#breadcrumb"},"inLanguage":"pt-PT","potentialAction":[{"@type":"ReadAction","target":["https:\/\/algarve7.pt\/index.php\/2023\/03\/municipio-de-sao-bras-de-alportel-recebeu-premio-de-autarquia-familiarmente-responsavel\/atualidade\/16\/22\/"]}]},{"@type":"ImageObject","inLanguage":"pt-PT","@id":"https:\/\/algarve7.pt\/index.php\/2023\/03\/municipio-de-sao-bras-de-alportel-recebeu-premio-de-autarquia-familiarmente-responsavel\/atualidade\/16\/22\/#primaryimage","url":"https:\/\/algarve7.pt\/wp-content\/uploads\/2023\/03\/Autarquia_familiarmente_responsavel_bandeira_marco_2023-Large.jpg","contentUrl":"https:\/\/algarve7.pt\/wp-content\/uploads\/2023\/03\/Autarquia_familiarmente_responsavel_bandeira_marco_2023-Large.jpg","width":1024,"height":683},{"@type":"BreadcrumbList","@id":"https:\/\/algarve7.pt\/index.php\/2023\/03\/municipio-de-sao-bras-de-alportel-recebeu-premio-de-autarquia-familiarmente-responsavel\/atualidade\/16\/22\/#breadcrumb","itemListElement":[{"@type":"ListItem","position":1,"name":"In\u00edcio","item":"https:\/\/algarve7.pt\/"},{"@type":"ListItem","position":2,"name":"Munic\u00edpio de S\u00e3o Br\u00e1s de Alportel recebeu pr\u00e9mio de autarquia familiarmente respons\u00e1vel"}]},{"@type":"WebSite","@id":"https:\/\/algarve7.pt\/#website","url":"https:\/\/algarve7.pt\/","name":"Algarve 7","description":"Informa\u00e7\u00e3o sobre o Algarve","publisher":{"@id":"https:\/\/algarve7.pt\/#organization"},"potentialAction":[{"@type":"SearchAction","target":{"@type":"EntryPoint","urlTemplate":"https:\/\/algarve7.pt\/?s={search_term_string}"},"query-input":{"@type":"PropertyValueSpecification","valueRequired":true,"valueName":"search_term_string"}}],"inLanguage":"pt-PT"},{"@type":"Organization","@id":"https:\/\/algarve7.pt\/#organization","name":"Algarve 7","url":"https:\/\/algarve7.pt\/","logo":{"@type":"ImageObject","inLanguage":"pt-PT","@id":"https:\/\/algarve7.pt\/#\/schema\/logo\/image\/","url":"https:\/\/algarve7.pt\/wp-content\/uploads\/2020\/10\/Logo-8.jpg","contentUrl":"https:\/\/algarve7.pt\/wp-content\/uploads\/2020\/10\/Logo-8.jpg","width":1680,"height":1186,"caption":"Algarve 7"},"image":{"@id":"https:\/\/algarve7.pt\/#\/schema\/logo\/image\/"},"sameAs":["https:\/\/www.facebook.com\/algarve7","https:\/\/x.com\/Algarvesete","https:\/\/www.instagram.com\/jornalalgarve7\/","https:\/\/www.linkedin.com\/company\/algarve7","https:\/\/www.pinterest.pt\/geral0939\/_created\/"]},{"@type":"Person","@id":"https:\/\/algarve7.pt\/#\/schema\/person\/23fa70681308e7b319a3204bcea45e0c","name":"Algarve 7","sameAs":["https:\/\/algarve7.pt","https:\/\/www.facebook.com\/algarve7"],"url":"https:\/\/algarve7.pt\/index.php\/author\/geralalgarve7-pt\/"}]}},"jetpack_publicize_connections":[],"jetpack_featured_media_url":"https:\/\/algarve7.pt\/wp-content\/uploads\/2023\/03\/Autarquia_familiarmente_responsavel_bandeira_marco_2023-Large.jpg","jetpack_shortlink":"https:\/\/wp.me\/pcezmW-6Mz","jetpack_sharing_enabled":true,"_links":{"self":[{"href":"https:\/\/algarve7.pt\/index.php\/wp-json\/wp\/v2\/posts\/26075","targetHints":{"allow":["GET"]}}],"collection":[{"href":"https:\/\/algarve7.pt\/index.php\/wp-json\/wp\/v2\/posts"}],"about":[{"href":"https:\/\/algarve7.pt\/index.php\/wp-json\/wp\/v2\/types\/post"}],"author":[{"embeddable":true,"href":"https:\/\/algarve7.pt\/index.php\/wp-json\/wp\/v2\/users\/1"}],"replies":[{"embeddable":true,"href":"https:\/\/algarve7.pt\/index.php\/wp-json\/wp\/v2\/comments?post=26075"}],"version-history":[{"count":0,"href":"https:\/\/algarve7.pt\/index.php\/wp-json\/wp\/v2\/posts\/26075\/revisions"}],"wp:featuredmedia":[{"embeddable":true,"href":"https:\/\/algarve7.pt\/index.php\/wp-json\/wp\/v2\/media\/26076"}],"wp:attachment":[{"href":"https:\/\/algarve7.pt\/index.php\/wp-json\/wp\/v2\/media?parent=26075"}],"wp:term":[{"taxonomy":"category","embeddable":true,"href":"https:\/\/algarve7.pt\/index.php\/wp-json\/wp\/v2\/categories?post=26075"},{"taxonomy":"post_tag","embeddable":true,"href":"https:\/\/algarve7.pt\/index.php\/wp-json\/wp\/v2\/tags?post=26075"}],"curies":[{"name":"wp","href":"https:\/\/api.w.org\/{rel}","templated":true}]}}