{"id":26069,"date":"2023-03-09T15:27:16","date_gmt":"2023-03-09T15:27:16","guid":{"rendered":"https:\/\/algarve7.pt\/?p=26069"},"modified":"2023-03-09T15:27:19","modified_gmt":"2023-03-09T15:27:19","slug":"lagos-apresentou-plano-municipal-de-saude-e-de-desenvolvimento-para-o-cluster-de-saude-e-bem-estar","status":"publish","type":"post","link":"https:\/\/algarve7.pt\/index.php\/2023\/03\/lagos-apresentou-plano-municipal-de-saude-e-de-desenvolvimento-para-o-cluster-de-saude-e-bem-estar\/saude\/15\/27\/","title":{"rendered":"Lagos apresentou Plano Municipal de Sa\u00fade e de Desenvolvimento para o Cluster de Sa\u00fade e Bem-Estar"},"content":{"rendered":"\n<p>Com a transfer\u00eancia de compet\u00eancias da \u00e1rea da Sa\u00fade para as autarquias, as responsabilidades nesta \u00e1rea t\u00e3o sens\u00edvel incentivaram a C\u00e2mara Municipal de Lagos a procurar a colabora\u00e7\u00e3o da Escola Nacional de Sa\u00fade P\u00fablica (ENSP) que, pela sua experi\u00eancia t\u00e9cnico-cient\u00edfica, foi um parceiro essencial na elabora\u00e7\u00e3o deste documento estruturante que servir\u00e1 como pilar nas pol\u00edticas e estrat\u00e9gias do munic\u00edpio neste setor, o qual contou com o contributo de entidades ligadas \u00e0 sa\u00fade, a\u00e7\u00e3o social, educa\u00e7\u00e3o, ambiente, entre outros.<\/p>\n\n\n\n<p>A sess\u00e3o de apresenta\u00e7\u00e3o contou com as interven\u00e7\u00f5es de Hugo Pereira, presidente da C\u00e2mara Municipal de Lagos, Paulo Morgado, presidente da ARS Algarve, Adalberto Campos Fernandes e Paulo Sousa, ambos respons\u00e1veis pelo plano atrav\u00e9s da ENSP-NOVA. Funcionando como base deste estudo, foi feito um diagn\u00f3stico do concelho de Lagos, apresentando dados ligados \u00e0 demografia e socioeconomia, habita\u00e7\u00e3o e mobilidade, ambiente f\u00edsico, natalidade e sa\u00fade materno-infantil, estilos de vida, morbilidade, mortalidade, recursos de sa\u00fade e acessibilidade, farm\u00e1cias comunit\u00e1rias e dispensa de medicamentos e plano nacional de vacina\u00e7\u00e3o. Entre as estat\u00edsticas apresentadas, destacaram-se algumas problem\u00e1ticas como a falta de m\u00e9dicos nos servi\u00e7os de sa\u00fade prim\u00e1rios, comum a toda a regi\u00e3o, o aumento da popula\u00e7\u00e3o residente em detrimento dos recursos de sa\u00fade necess\u00e1rios para dar resposta e o aumento de morbilidades e mortalidade no concelho devido a problemas derivados do estilo de vida.<\/p>\n\n\n\n<p>Mediante a an\u00e1lise de indicadores sociodemogr\u00e1ficos, econ\u00f3micos e de sa\u00fade o documento reuniu tamb\u00e9m uma s\u00e9rie de recomenda\u00e7\u00f5es consideradas como priorit\u00e1rias entre as quais: envolver e criar parcerias em torno da sa\u00fade e bem-estar; aumentar o n\u00famero de consultas ao domic\u00edlio; melhorar e redimensionar o Centro de Sa\u00fade de Lagos e diferentes unidades funcionais; refor\u00e7ar a articula\u00e7\u00e3o entre os Cuidados de Sa\u00fade Prim\u00e1rios e Centro Hospital e Universit\u00e1rio do Algarve; criar uma Unidade de Sa\u00fade Digital; disponibilizar Unidades M\u00f3veis para os munic\u00edpios das Terras do Infante; desenvolver mais programas de promo\u00e7\u00e3o de sa\u00fade, envelhecimento ativo e estilo de vida saud\u00e1vel; reunir condi\u00e7\u00f5es para implementa\u00e7\u00e3o de Unidade de Hospitaliza\u00e7\u00e3o Domicili\u00e1ria; apostar no desenvolvimento do Turismo de Sa\u00fade.<\/p>\n\n\n\n<p>Elogiando o trabalho rigoroso efetuado pela ENSP-NOVA, Hugo Pereira, em nome da C\u00e2mara Municipal de Lagos, mostrou-se motivado para integrar os eixos estrat\u00e9gicos deste novo plano nos alicerces das pol\u00edticas de Sa\u00fade que o munic\u00edpio tem agora a seu cargo para desenvolvimento deste setor no concelho, dentro das suas compet\u00eancias e atribui\u00e7\u00f5es e em articula\u00e7\u00e3o com os diferentes atores e num quadro de governan\u00e7a multin\u00edvel.<\/p>\n","protected":false},"excerpt":{"rendered":"<p>Com a transfer\u00eancia de compet\u00eancias da \u00e1rea da Sa\u00fade para as autarquias, as responsabilidades nesta \u00e1rea t\u00e3o sens\u00edvel incentivaram a<\/p>\n","protected":false},"author":1,"featured_media":26070,"comment_status":"closed","ping_status":"open","sticky":false,"template":"","format":"standard","meta":{"colormag_page_container_layout":"default_layout","colormag_page_sidebar_layout":"default_layout","_monsterinsights_skip_tracking":false,"_monsterinsights_sitenote_active":false,"_monsterinsights_sitenote_note":"","_monsterinsights_sitenote_category":0,"jetpack_post_was_ever_published":false,"_jetpack_newsletter_access":"","_jetpack_dont_email_post_to_subs":false,"_jetpack_newsletter_tier_id":0,"_jetpack_memberships_contains_paywalled_content":false,"_jetpack_memberships_contains_paid_content":false,"footnotes":"","jetpack_publicize_message":"","jetpack_publicize_feature_enabled":true,"jetpack_social_post_already_shared":true,"jetpack_social_options":{"image_generator_settings":{"template":"highway","default_image_id":0,"font":"","enabled":false},"version":2}},"categories":[59],"tags":[36,68,58],"class_list":["post-26069","post","type-post","status-publish","format-standard","has-post-thumbnail","hentry","category-saude","tag-algarve","tag-lagos","tag-saude"],"yoast_head":"<!-- This site is optimized with the Yoast SEO plugin v27.5 - https:\/\/yoast.com\/product\/yoast-seo-wordpress\/ -->\n<title>Lagos apresentou Plano Municipal de Sa\u00fade e de Desenvolvimento para o Cluster de Sa\u00fade e Bem-Estar - Algarve 7<\/title>\n<meta name=\"description\" content=\"Lagos apresentou Plano Municipal de Sa\u00fade e de Desenvolvimento para o Cluster de Sa\u00fade e Bem-Estar Sa\u00fade\" \/>\n<meta name=\"robots\" content=\"index, follow, max-snippet:-1, max-image-preview:large, max-video-preview:-1\" \/>\n<link rel=\"canonical\" href=\"https:\/\/algarve7.pt\/index.php\/2023\/03\/lagos-apresentou-plano-municipal-de-saude-e-de-desenvolvimento-para-o-cluster-de-saude-e-bem-estar\/saude\/15\/27\/\" \/>\n<meta property=\"og:locale\" content=\"pt_PT\" \/>\n<meta property=\"og:type\" content=\"article\" \/>\n<meta property=\"og:title\" content=\"Lagos apresentou Plano Municipal de Sa\u00fade e de Desenvolvimento para o Cluster de Sa\u00fade e Bem-Estar - Algarve 7\" \/>\n<meta property=\"og:description\" content=\"Lagos apresentou Plano Municipal de Sa\u00fade e de Desenvolvimento para o Cluster de Sa\u00fade e Bem-Estar Sa\u00fade\" \/>\n<meta property=\"og:url\" content=\"https:\/\/algarve7.pt\/index.php\/2023\/03\/lagos-apresentou-plano-municipal-de-saude-e-de-desenvolvimento-para-o-cluster-de-saude-e-bem-estar\/saude\/15\/27\/\" \/>\n<meta property=\"og:site_name\" content=\"Algarve 7\" \/>\n<meta property=\"article:publisher\" content=\"https:\/\/www.facebook.com\/algarve7\" \/>\n<meta property=\"article:author\" content=\"https:\/\/www.facebook.com\/algarve7\" \/>\n<meta property=\"article:published_time\" content=\"2023-03-09T15:27:16+00:00\" \/>\n<meta property=\"article:modified_time\" content=\"2023-03-09T15:27:19+00:00\" \/>\n<meta property=\"og:image\" content=\"https:\/\/algarve7.pt\/wp-content\/uploads\/2023\/03\/Apresentacao-Plano-Mun.Saude-5-OCS.jpg\" \/>\n\t<meta property=\"og:image:width\" content=\"1024\" \/>\n\t<meta property=\"og:image:height\" content=\"682\" \/>\n\t<meta property=\"og:image:type\" content=\"image\/jpeg\" \/>\n<meta name=\"author\" content=\"Algarve 7\" \/>\n<meta name=\"twitter:card\" content=\"summary_large_image\" \/>\n<meta name=\"twitter:creator\" content=\"@Algarvesete\" \/>\n<meta name=\"twitter:site\" content=\"@Algarvesete\" \/>\n<meta name=\"twitter:label1\" content=\"Escrito por\" \/>\n\t<meta name=\"twitter:data1\" content=\"Algarve 7\" \/>\n\t<meta name=\"twitter:label2\" content=\"Tempo estimado de leitura\" \/>\n\t<meta name=\"twitter:data2\" content=\"3 minutos\" \/>\n<script type=\"application\/ld+json\" class=\"yoast-schema-graph\">{\"@context\":\"https:\\\/\\\/schema.org\",\"@graph\":[{\"@type\":\"Article\",\"@id\":\"https:\\\/\\\/algarve7.pt\\\/index.php\\\/2023\\\/03\\\/lagos-apresentou-plano-municipal-de-saude-e-de-desenvolvimento-para-o-cluster-de-saude-e-bem-estar\\\/saude\\\/15\\\/27\\\/#article\",\"isPartOf\":{\"@id\":\"https:\\\/\\\/algarve7.pt\\\/index.php\\\/2023\\\/03\\\/lagos-apresentou-plano-municipal-de-saude-e-de-desenvolvimento-para-o-cluster-de-saude-e-bem-estar\\\/saude\\\/15\\\/27\\\/\"},\"author\":{\"name\":\"Algarve 7\",\"@id\":\"https:\\\/\\\/algarve7.pt\\\/#\\\/schema\\\/person\\\/23fa70681308e7b319a3204bcea45e0c\"},\"headline\":\"Lagos apresentou Plano Municipal de Sa\u00fade e de Desenvolvimento para o Cluster de Sa\u00fade e Bem-Estar\",\"datePublished\":\"2023-03-09T15:27:16+00:00\",\"dateModified\":\"2023-03-09T15:27:19+00:00\",\"mainEntityOfPage\":{\"@id\":\"https:\\\/\\\/algarve7.pt\\\/index.php\\\/2023\\\/03\\\/lagos-apresentou-plano-municipal-de-saude-e-de-desenvolvimento-para-o-cluster-de-saude-e-bem-estar\\\/saude\\\/15\\\/27\\\/\"},\"wordCount\":496,\"publisher\":{\"@id\":\"https:\\\/\\\/algarve7.pt\\\/#organization\"},\"image\":{\"@id\":\"https:\\\/\\\/algarve7.pt\\\/index.php\\\/2023\\\/03\\\/lagos-apresentou-plano-municipal-de-saude-e-de-desenvolvimento-para-o-cluster-de-saude-e-bem-estar\\\/saude\\\/15\\\/27\\\/#primaryimage\"},\"thumbnailUrl\":\"https:\\\/\\\/algarve7.pt\\\/wp-content\\\/uploads\\\/2023\\\/03\\\/Apresentacao-Plano-Mun.Saude-5-OCS.jpg\",\"keywords\":[\"Algarve\",\"Lagos\",\"Sa\u00fade\"],\"articleSection\":[\"Sa\u00fade\"],\"inLanguage\":\"pt-PT\"},{\"@type\":\"WebPage\",\"@id\":\"https:\\\/\\\/algarve7.pt\\\/index.php\\\/2023\\\/03\\\/lagos-apresentou-plano-municipal-de-saude-e-de-desenvolvimento-para-o-cluster-de-saude-e-bem-estar\\\/saude\\\/15\\\/27\\\/\",\"url\":\"https:\\\/\\\/algarve7.pt\\\/index.php\\\/2023\\\/03\\\/lagos-apresentou-plano-municipal-de-saude-e-de-desenvolvimento-para-o-cluster-de-saude-e-bem-estar\\\/saude\\\/15\\\/27\\\/\",\"name\":\"Lagos apresentou Plano Municipal de Sa\u00fade e de Desenvolvimento para o Cluster de Sa\u00fade e Bem-Estar - Algarve 7\",\"isPartOf\":{\"@id\":\"https:\\\/\\\/algarve7.pt\\\/#website\"},\"primaryImageOfPage\":{\"@id\":\"https:\\\/\\\/algarve7.pt\\\/index.php\\\/2023\\\/03\\\/lagos-apresentou-plano-municipal-de-saude-e-de-desenvolvimento-para-o-cluster-de-saude-e-bem-estar\\\/saude\\\/15\\\/27\\\/#primaryimage\"},\"image\":{\"@id\":\"https:\\\/\\\/algarve7.pt\\\/index.php\\\/2023\\\/03\\\/lagos-apresentou-plano-municipal-de-saude-e-de-desenvolvimento-para-o-cluster-de-saude-e-bem-estar\\\/saude\\\/15\\\/27\\\/#primaryimage\"},\"thumbnailUrl\":\"https:\\\/\\\/algarve7.pt\\\/wp-content\\\/uploads\\\/2023\\\/03\\\/Apresentacao-Plano-Mun.Saude-5-OCS.jpg\",\"datePublished\":\"2023-03-09T15:27:16+00:00\",\"dateModified\":\"2023-03-09T15:27:19+00:00\",\"description\":\"Lagos apresentou Plano Municipal de Sa\u00fade e de Desenvolvimento para o Cluster de Sa\u00fade e Bem-Estar Sa\u00fade\",\"breadcrumb\":{\"@id\":\"https:\\\/\\\/algarve7.pt\\\/index.php\\\/2023\\\/03\\\/lagos-apresentou-plano-municipal-de-saude-e-de-desenvolvimento-para-o-cluster-de-saude-e-bem-estar\\\/saude\\\/15\\\/27\\\/#breadcrumb\"},\"inLanguage\":\"pt-PT\",\"potentialAction\":[{\"@type\":\"ReadAction\",\"target\":[\"https:\\\/\\\/algarve7.pt\\\/index.php\\\/2023\\\/03\\\/lagos-apresentou-plano-municipal-de-saude-e-de-desenvolvimento-para-o-cluster-de-saude-e-bem-estar\\\/saude\\\/15\\\/27\\\/\"]}]},{\"@type\":\"ImageObject\",\"inLanguage\":\"pt-PT\",\"@id\":\"https:\\\/\\\/algarve7.pt\\\/index.php\\\/2023\\\/03\\\/lagos-apresentou-plano-municipal-de-saude-e-de-desenvolvimento-para-o-cluster-de-saude-e-bem-estar\\\/saude\\\/15\\\/27\\\/#primaryimage\",\"url\":\"https:\\\/\\\/algarve7.pt\\\/wp-content\\\/uploads\\\/2023\\\/03\\\/Apresentacao-Plano-Mun.Saude-5-OCS.jpg\",\"contentUrl\":\"https:\\\/\\\/algarve7.pt\\\/wp-content\\\/uploads\\\/2023\\\/03\\\/Apresentacao-Plano-Mun.Saude-5-OCS.jpg\",\"width\":1024,\"height\":682},{\"@type\":\"BreadcrumbList\",\"@id\":\"https:\\\/\\\/algarve7.pt\\\/index.php\\\/2023\\\/03\\\/lagos-apresentou-plano-municipal-de-saude-e-de-desenvolvimento-para-o-cluster-de-saude-e-bem-estar\\\/saude\\\/15\\\/27\\\/#breadcrumb\",\"itemListElement\":[{\"@type\":\"ListItem\",\"position\":1,\"name\":\"In\u00edcio\",\"item\":\"https:\\\/\\\/algarve7.pt\\\/\"},{\"@type\":\"ListItem\",\"position\":2,\"name\":\"Lagos apresentou Plano Municipal de Sa\u00fade e de Desenvolvimento para o Cluster de Sa\u00fade e Bem-Estar\"}]},{\"@type\":\"WebSite\",\"@id\":\"https:\\\/\\\/algarve7.pt\\\/#website\",\"url\":\"https:\\\/\\\/algarve7.pt\\\/\",\"name\":\"Algarve 7\",\"description\":\"Informa\u00e7\u00e3o sobre o Algarve\",\"publisher\":{\"@id\":\"https:\\\/\\\/algarve7.pt\\\/#organization\"},\"potentialAction\":[{\"@type\":\"SearchAction\",\"target\":{\"@type\":\"EntryPoint\",\"urlTemplate\":\"https:\\\/\\\/algarve7.pt\\\/?s={search_term_string}\"},\"query-input\":{\"@type\":\"PropertyValueSpecification\",\"valueRequired\":true,\"valueName\":\"search_term_string\"}}],\"inLanguage\":\"pt-PT\"},{\"@type\":\"Organization\",\"@id\":\"https:\\\/\\\/algarve7.pt\\\/#organization\",\"name\":\"Algarve 7\",\"url\":\"https:\\\/\\\/algarve7.pt\\\/\",\"logo\":{\"@type\":\"ImageObject\",\"inLanguage\":\"pt-PT\",\"@id\":\"https:\\\/\\\/algarve7.pt\\\/#\\\/schema\\\/logo\\\/image\\\/\",\"url\":\"https:\\\/\\\/algarve7.pt\\\/wp-content\\\/uploads\\\/2020\\\/10\\\/Logo-8.jpg\",\"contentUrl\":\"https:\\\/\\\/algarve7.pt\\\/wp-content\\\/uploads\\\/2020\\\/10\\\/Logo-8.jpg\",\"width\":1680,\"height\":1186,\"caption\":\"Algarve 7\"},\"image\":{\"@id\":\"https:\\\/\\\/algarve7.pt\\\/#\\\/schema\\\/logo\\\/image\\\/\"},\"sameAs\":[\"https:\\\/\\\/www.facebook.com\\\/algarve7\",\"https:\\\/\\\/x.com\\\/Algarvesete\",\"https:\\\/\\\/www.instagram.com\\\/jornalalgarve7\\\/\",\"https:\\\/\\\/www.linkedin.com\\\/company\\\/algarve7\",\"https:\\\/\\\/www.pinterest.pt\\\/geral0939\\\/_created\\\/\"]},{\"@type\":\"Person\",\"@id\":\"https:\\\/\\\/algarve7.pt\\\/#\\\/schema\\\/person\\\/23fa70681308e7b319a3204bcea45e0c\",\"name\":\"Algarve 7\",\"sameAs\":[\"https:\\\/\\\/algarve7.pt\",\"https:\\\/\\\/www.facebook.com\\\/algarve7\"],\"url\":\"https:\\\/\\\/algarve7.pt\\\/index.php\\\/author\\\/geralalgarve7-pt\\\/\"}]}<\/script>\n<!-- \/ Yoast SEO plugin. -->","yoast_head_json":{"title":"Lagos apresentou Plano Municipal de Sa\u00fade e de Desenvolvimento para o Cluster de Sa\u00fade e Bem-Estar - Algarve 7","description":"Lagos apresentou Plano Municipal de Sa\u00fade e de Desenvolvimento para o Cluster de Sa\u00fade e Bem-Estar Sa\u00fade","robots":{"index":"index","follow":"follow","max-snippet":"max-snippet:-1","max-image-preview":"max-image-preview:large","max-video-preview":"max-video-preview:-1"},"canonical":"https:\/\/algarve7.pt\/index.php\/2023\/03\/lagos-apresentou-plano-municipal-de-saude-e-de-desenvolvimento-para-o-cluster-de-saude-e-bem-estar\/saude\/15\/27\/","og_locale":"pt_PT","og_type":"article","og_title":"Lagos apresentou Plano Municipal de Sa\u00fade e de Desenvolvimento para o Cluster de Sa\u00fade e Bem-Estar - Algarve 7","og_description":"Lagos apresentou Plano Municipal de Sa\u00fade e de Desenvolvimento para o Cluster de Sa\u00fade e Bem-Estar Sa\u00fade","og_url":"https:\/\/algarve7.pt\/index.php\/2023\/03\/lagos-apresentou-plano-municipal-de-saude-e-de-desenvolvimento-para-o-cluster-de-saude-e-bem-estar\/saude\/15\/27\/","og_site_name":"Algarve 7","article_publisher":"https:\/\/www.facebook.com\/algarve7","article_author":"https:\/\/www.facebook.com\/algarve7","article_published_time":"2023-03-09T15:27:16+00:00","article_modified_time":"2023-03-09T15:27:19+00:00","og_image":[{"width":1024,"height":682,"url":"https:\/\/algarve7.pt\/wp-content\/uploads\/2023\/03\/Apresentacao-Plano-Mun.Saude-5-OCS.jpg","type":"image\/jpeg"}],"author":"Algarve 7","twitter_card":"summary_large_image","twitter_creator":"@Algarvesete","twitter_site":"@Algarvesete","twitter_misc":{"Escrito por":"Algarve 7","Tempo estimado de leitura":"3 minutos"},"schema":{"@context":"https:\/\/schema.org","@graph":[{"@type":"Article","@id":"https:\/\/algarve7.pt\/index.php\/2023\/03\/lagos-apresentou-plano-municipal-de-saude-e-de-desenvolvimento-para-o-cluster-de-saude-e-bem-estar\/saude\/15\/27\/#article","isPartOf":{"@id":"https:\/\/algarve7.pt\/index.php\/2023\/03\/lagos-apresentou-plano-municipal-de-saude-e-de-desenvolvimento-para-o-cluster-de-saude-e-bem-estar\/saude\/15\/27\/"},"author":{"name":"Algarve 7","@id":"https:\/\/algarve7.pt\/#\/schema\/person\/23fa70681308e7b319a3204bcea45e0c"},"headline":"Lagos apresentou Plano Municipal de Sa\u00fade e de Desenvolvimento para o Cluster de Sa\u00fade e Bem-Estar","datePublished":"2023-03-09T15:27:16+00:00","dateModified":"2023-03-09T15:27:19+00:00","mainEntityOfPage":{"@id":"https:\/\/algarve7.pt\/index.php\/2023\/03\/lagos-apresentou-plano-municipal-de-saude-e-de-desenvolvimento-para-o-cluster-de-saude-e-bem-estar\/saude\/15\/27\/"},"wordCount":496,"publisher":{"@id":"https:\/\/algarve7.pt\/#organization"},"image":{"@id":"https:\/\/algarve7.pt\/index.php\/2023\/03\/lagos-apresentou-plano-municipal-de-saude-e-de-desenvolvimento-para-o-cluster-de-saude-e-bem-estar\/saude\/15\/27\/#primaryimage"},"thumbnailUrl":"https:\/\/algarve7.pt\/wp-content\/uploads\/2023\/03\/Apresentacao-Plano-Mun.Saude-5-OCS.jpg","keywords":["Algarve","Lagos","Sa\u00fade"],"articleSection":["Sa\u00fade"],"inLanguage":"pt-PT"},{"@type":"WebPage","@id":"https:\/\/algarve7.pt\/index.php\/2023\/03\/lagos-apresentou-plano-municipal-de-saude-e-de-desenvolvimento-para-o-cluster-de-saude-e-bem-estar\/saude\/15\/27\/","url":"https:\/\/algarve7.pt\/index.php\/2023\/03\/lagos-apresentou-plano-municipal-de-saude-e-de-desenvolvimento-para-o-cluster-de-saude-e-bem-estar\/saude\/15\/27\/","name":"Lagos apresentou Plano Municipal de Sa\u00fade e de Desenvolvimento para o Cluster de Sa\u00fade e Bem-Estar - Algarve 7","isPartOf":{"@id":"https:\/\/algarve7.pt\/#website"},"primaryImageOfPage":{"@id":"https:\/\/algarve7.pt\/index.php\/2023\/03\/lagos-apresentou-plano-municipal-de-saude-e-de-desenvolvimento-para-o-cluster-de-saude-e-bem-estar\/saude\/15\/27\/#primaryimage"},"image":{"@id":"https:\/\/algarve7.pt\/index.php\/2023\/03\/lagos-apresentou-plano-municipal-de-saude-e-de-desenvolvimento-para-o-cluster-de-saude-e-bem-estar\/saude\/15\/27\/#primaryimage"},"thumbnailUrl":"https:\/\/algarve7.pt\/wp-content\/uploads\/2023\/03\/Apresentacao-Plano-Mun.Saude-5-OCS.jpg","datePublished":"2023-03-09T15:27:16+00:00","dateModified":"2023-03-09T15:27:19+00:00","description":"Lagos apresentou Plano Municipal de Sa\u00fade e de Desenvolvimento para o Cluster de Sa\u00fade e Bem-Estar Sa\u00fade","breadcrumb":{"@id":"https:\/\/algarve7.pt\/index.php\/2023\/03\/lagos-apresentou-plano-municipal-de-saude-e-de-desenvolvimento-para-o-cluster-de-saude-e-bem-estar\/saude\/15\/27\/#breadcrumb"},"inLanguage":"pt-PT","potentialAction":[{"@type":"ReadAction","target":["https:\/\/algarve7.pt\/index.php\/2023\/03\/lagos-apresentou-plano-municipal-de-saude-e-de-desenvolvimento-para-o-cluster-de-saude-e-bem-estar\/saude\/15\/27\/"]}]},{"@type":"ImageObject","inLanguage":"pt-PT","@id":"https:\/\/algarve7.pt\/index.php\/2023\/03\/lagos-apresentou-plano-municipal-de-saude-e-de-desenvolvimento-para-o-cluster-de-saude-e-bem-estar\/saude\/15\/27\/#primaryimage","url":"https:\/\/algarve7.pt\/wp-content\/uploads\/2023\/03\/Apresentacao-Plano-Mun.Saude-5-OCS.jpg","contentUrl":"https:\/\/algarve7.pt\/wp-content\/uploads\/2023\/03\/Apresentacao-Plano-Mun.Saude-5-OCS.jpg","width":1024,"height":682},{"@type":"BreadcrumbList","@id":"https:\/\/algarve7.pt\/index.php\/2023\/03\/lagos-apresentou-plano-municipal-de-saude-e-de-desenvolvimento-para-o-cluster-de-saude-e-bem-estar\/saude\/15\/27\/#breadcrumb","itemListElement":[{"@type":"ListItem","position":1,"name":"In\u00edcio","item":"https:\/\/algarve7.pt\/"},{"@type":"ListItem","position":2,"name":"Lagos apresentou Plano Municipal de Sa\u00fade e de Desenvolvimento para o Cluster de Sa\u00fade e Bem-Estar"}]},{"@type":"WebSite","@id":"https:\/\/algarve7.pt\/#website","url":"https:\/\/algarve7.pt\/","name":"Algarve 7","description":"Informa\u00e7\u00e3o sobre o Algarve","publisher":{"@id":"https:\/\/algarve7.pt\/#organization"},"potentialAction":[{"@type":"SearchAction","target":{"@type":"EntryPoint","urlTemplate":"https:\/\/algarve7.pt\/?s={search_term_string}"},"query-input":{"@type":"PropertyValueSpecification","valueRequired":true,"valueName":"search_term_string"}}],"inLanguage":"pt-PT"},{"@type":"Organization","@id":"https:\/\/algarve7.pt\/#organization","name":"Algarve 7","url":"https:\/\/algarve7.pt\/","logo":{"@type":"ImageObject","inLanguage":"pt-PT","@id":"https:\/\/algarve7.pt\/#\/schema\/logo\/image\/","url":"https:\/\/algarve7.pt\/wp-content\/uploads\/2020\/10\/Logo-8.jpg","contentUrl":"https:\/\/algarve7.pt\/wp-content\/uploads\/2020\/10\/Logo-8.jpg","width":1680,"height":1186,"caption":"Algarve 7"},"image":{"@id":"https:\/\/algarve7.pt\/#\/schema\/logo\/image\/"},"sameAs":["https:\/\/www.facebook.com\/algarve7","https:\/\/x.com\/Algarvesete","https:\/\/www.instagram.com\/jornalalgarve7\/","https:\/\/www.linkedin.com\/company\/algarve7","https:\/\/www.pinterest.pt\/geral0939\/_created\/"]},{"@type":"Person","@id":"https:\/\/algarve7.pt\/#\/schema\/person\/23fa70681308e7b319a3204bcea45e0c","name":"Algarve 7","sameAs":["https:\/\/algarve7.pt","https:\/\/www.facebook.com\/algarve7"],"url":"https:\/\/algarve7.pt\/index.php\/author\/geralalgarve7-pt\/"}]}},"jetpack_publicize_connections":[],"jetpack_featured_media_url":"https:\/\/algarve7.pt\/wp-content\/uploads\/2023\/03\/Apresentacao-Plano-Mun.Saude-5-OCS.jpg","jetpack_shortlink":"https:\/\/wp.me\/pcezmW-6Mt","jetpack_sharing_enabled":true,"_links":{"self":[{"href":"https:\/\/algarve7.pt\/index.php\/wp-json\/wp\/v2\/posts\/26069","targetHints":{"allow":["GET"]}}],"collection":[{"href":"https:\/\/algarve7.pt\/index.php\/wp-json\/wp\/v2\/posts"}],"about":[{"href":"https:\/\/algarve7.pt\/index.php\/wp-json\/wp\/v2\/types\/post"}],"author":[{"embeddable":true,"href":"https:\/\/algarve7.pt\/index.php\/wp-json\/wp\/v2\/users\/1"}],"replies":[{"embeddable":true,"href":"https:\/\/algarve7.pt\/index.php\/wp-json\/wp\/v2\/comments?post=26069"}],"version-history":[{"count":0,"href":"https:\/\/algarve7.pt\/index.php\/wp-json\/wp\/v2\/posts\/26069\/revisions"}],"wp:featuredmedia":[{"embeddable":true,"href":"https:\/\/algarve7.pt\/index.php\/wp-json\/wp\/v2\/media\/26070"}],"wp:attachment":[{"href":"https:\/\/algarve7.pt\/index.php\/wp-json\/wp\/v2\/media?parent=26069"}],"wp:term":[{"taxonomy":"category","embeddable":true,"href":"https:\/\/algarve7.pt\/index.php\/wp-json\/wp\/v2\/categories?post=26069"},{"taxonomy":"post_tag","embeddable":true,"href":"https:\/\/algarve7.pt\/index.php\/wp-json\/wp\/v2\/tags?post=26069"}],"curies":[{"name":"wp","href":"https:\/\/api.w.org\/{rel}","templated":true}]}}