{"id":25995,"date":"2023-03-06T18:24:55","date_gmt":"2023-03-06T18:24:55","guid":{"rendered":"https:\/\/algarve7.pt\/?p=25995"},"modified":"2023-03-06T18:55:46","modified_gmt":"2023-03-06T18:55:46","slug":"abertas-candidaturas-para-arrendamento-acessivel-em-salir","status":"publish","type":"post","link":"https:\/\/algarve7.pt\/index.php\/2023\/03\/abertas-candidaturas-para-arrendamento-acessivel-em-salir\/atualidade\/18\/24\/","title":{"rendered":"Abertas candidaturas para arrendamento acess\u00edvel em Salir"},"content":{"rendered":"\n<p>A C\u00e2mara Municipal de Loul\u00e9 lan\u00e7ou o concurso em regime de arrendamento acess\u00edvel para 5 fogos habitacionais na freguesia de Salir, cujas candidaturas decorrem de 15 a 31 de mar\u00e7o.<\/p>\n\n\n\n<p>Esta \u00e9 mais uma iniciativa integrada na Estrat\u00e9gia Local de Habita\u00e7\u00e3o do Concelho de Loul\u00e9 e tem um duplo objetivo. Desde logo, apoiar o acesso \u00e0 habita\u00e7\u00e3o, nomeadamente junto de jovens casais e dos mun\u00edcipes que auferem de um rendimento m\u00e9dio (nem sempre compat\u00edvel com os pre\u00e7os das rendas praticados no mercado).<\/p>\n\n\n\n<p>Por outro lado, pretende-se tamb\u00e9m promover a fixa\u00e7\u00e3o de pessoas nesta freguesia do interior, marcada pelo despovoamento e envelhecimento demogr\u00e1fico ao longo das \u00faltimas d\u00e9cadas.<\/p>\n\n\n\n<p>Poder\u00e3o concorrer a este arrendamento os cidad\u00e3os cujo valor do rendimento global do agregado familiar ou habitacional esteja enquadrado nos limites m\u00ednimos e m\u00e1ximos, sendo que a composi\u00e7\u00e3o do agregado dever\u00e1 adequar-se \u00e0 tipologia dos fogos, conforme o definido no Aviso de Concurso, dispon\u00edvel em <a href=\"http:\/\/www.cm-loule,pt\" target=\"_blank\" rel=\"noreferrer noopener\">www.cm-loule,pt<\/a><\/p>\n\n\n\n<p>O limite m\u00ednimo e m\u00e1ximo do valor da renda acess\u00edvel a pagar mensalmente por cada agregado familiar ou habitacional ser\u00e1 de 78,00 \u20ac e 233,00 \u20ac, para os fogos T2, e de 93,00\u20ac e 278,00\u20ac, para os fogos T3.<\/p>\n\n\n\n<p>O contrato de arrendamento acess\u00edvel \u00e9 celebrado pelo prazo de 6 anos, podendo renovar-se por per\u00edodos de 2 anos, se o arrendat\u00e1rio demonstrar que mant\u00e9m as condi\u00e7\u00f5es que determinaram a atribui\u00e7\u00e3o de habita\u00e7\u00e3o.<\/p>\n\n\n\n<p>Os esclarecimentos aos interessados ser\u00e3o efetuados por via telef\u00f3nica, atrav\u00e9s do n\u00famero 289 400 714 (entre as 9h00 e as 17h00) e\/ou o e-mail <a href=\"mailto:arrendamento.acessivel@cm-loule.pt\" target=\"_blank\" rel=\"noreferrer noopener\">arrendamento.acessivel@cm-loule.pt<\/a><\/p>\n\n\n\n<p>A entrega de candidaturas poder\u00e1 ser realizada nos servi\u00e7os de expediente do Munic\u00edpio de Loul\u00e9, sendo que toda a informa\u00e7\u00e3o sobre a documenta\u00e7\u00e3o necess\u00e1ria encontra-se dispon\u00edvel em <a href=\"http:\/\/www.cm-loule.pt\/pt\/menu\/414\/habitacao.aspx#avisos-abertos\" target=\"_blank\" rel=\"noreferrer noopener\">www.cm-loule.pt\/pt\/menu\/414\/habitacao.aspx#avisos-abertos<\/a><\/p>\n\n\n\n<p>Os fogos habitacionais na freguesia de Salir, situados no loteamento da Fonte da Rata, foram constru\u00eddos ao abrigo de apoio financeiro do Plano de Recupera\u00e7\u00e3o e Resili\u00eancia (PRR).<\/p>\n\n\n\n<p>O trabalho realizado no \u00e2mbito da Estrat\u00e9gia Local de Habita\u00e7\u00e3o 2019-2030 do Munic\u00edpio de Loul\u00e9 prossegue. At\u00e9 ao momento, a entrega j\u00e1 conclu\u00edda das primeiras 22 chaves em Loul\u00e9, Quarteira e Almancil, no \u00e2mbito do programa 1\u00ba Direito do IHRU, o concurso p\u00fablico para atribui\u00e7\u00e3o de 2 fogos na freguesia do Ameixial, o apoio no \u00e2mbito do subs\u00eddio ao arrendamento, que contemplou, em duas edi\u00e7\u00f5es, um total de 295 fam\u00edlias, bem como os procedimentos concursais para a constru\u00e7\u00e3o de 64 fogos de habita\u00e7\u00e3o no Loteamento da Clona e a reabilita\u00e7\u00e3o de 18 fogos no Bairro Municipal de Loul\u00e9 \u201cFrederico Ulrich\u201d \u2013 1\u00aa fase, ambos na cidade de Loul\u00e9, s\u00e3o algumas das iniciativas em curso.<\/p>\n","protected":false},"excerpt":{"rendered":"<p>A C\u00e2mara Municipal de Loul\u00e9 lan\u00e7ou o concurso em regime de arrendamento acess\u00edvel para 5 fogos habitacionais na freguesia de<\/p>\n","protected":false},"author":1,"featured_media":25996,"comment_status":"closed","ping_status":"open","sticky":false,"template":"","format":"standard","meta":{"colormag_page_container_layout":"default_layout","colormag_page_sidebar_layout":"default_layout","_monsterinsights_skip_tracking":false,"_monsterinsights_sitenote_active":false,"_monsterinsights_sitenote_note":"","_monsterinsights_sitenote_category":0,"jetpack_post_was_ever_published":false,"_jetpack_newsletter_access":"","_jetpack_dont_email_post_to_subs":false,"_jetpack_newsletter_tier_id":0,"_jetpack_memberships_contains_paywalled_content":false,"_jetpack_memberships_contains_paid_content":false,"footnotes":"","jetpack_publicize_message":"","jetpack_publicize_feature_enabled":true,"jetpack_social_post_already_shared":true,"jetpack_social_options":{"image_generator_settings":{"template":"highway","default_image_id":0,"font":"","enabled":false},"version":2}},"categories":[11],"tags":[36,62,148,34],"class_list":["post-25995","post","type-post","status-publish","format-standard","has-post-thumbnail","hentry","category-atualidade","tag-algarve","tag-atualidade","tag-habitacao","tag-salir"],"yoast_head":"<!-- This site is optimized with the Yoast SEO plugin v27.4 - https:\/\/yoast.com\/product\/yoast-seo-wordpress\/ -->\n<title>Abertas candidaturas para arrendamento acess\u00edvel em Salir - Algarve 7<\/title>\n<meta name=\"description\" content=\"Abertas candidaturas para arrendamento acess\u00edvel em Salir Atualidade\" \/>\n<meta name=\"robots\" content=\"index, follow, max-snippet:-1, max-image-preview:large, max-video-preview:-1\" \/>\n<link rel=\"canonical\" href=\"https:\/\/algarve7.pt\/index.php\/2023\/03\/abertas-candidaturas-para-arrendamento-acessivel-em-salir\/atualidade\/18\/24\/\" \/>\n<meta property=\"og:locale\" content=\"pt_PT\" \/>\n<meta property=\"og:type\" content=\"article\" \/>\n<meta property=\"og:title\" content=\"Abertas candidaturas para arrendamento acess\u00edvel em Salir - Algarve 7\" \/>\n<meta property=\"og:description\" content=\"Abertas candidaturas para arrendamento acess\u00edvel em Salir Atualidade\" \/>\n<meta property=\"og:url\" content=\"https:\/\/algarve7.pt\/index.php\/2023\/03\/abertas-candidaturas-para-arrendamento-acessivel-em-salir\/atualidade\/18\/24\/\" \/>\n<meta property=\"og:site_name\" content=\"Algarve 7\" \/>\n<meta property=\"article:publisher\" content=\"https:\/\/www.facebook.com\/algarve7\" \/>\n<meta property=\"article:author\" content=\"https:\/\/www.facebook.com\/algarve7\" \/>\n<meta property=\"article:published_time\" content=\"2023-03-06T18:24:55+00:00\" \/>\n<meta property=\"article:modified_time\" content=\"2023-03-06T18:55:46+00:00\" \/>\n<meta property=\"og:image\" content=\"https:\/\/algarve7.pt\/wp-content\/uploads\/2023\/03\/Loteamento-Fonte-da-Rata-Salir-14-02-2023-2.jpg\" \/>\n\t<meta property=\"og:image:width\" content=\"1024\" \/>\n\t<meta property=\"og:image:height\" content=\"683\" \/>\n\t<meta property=\"og:image:type\" content=\"image\/jpeg\" \/>\n<meta name=\"author\" content=\"Algarve 7\" \/>\n<meta name=\"twitter:card\" content=\"summary_large_image\" \/>\n<meta name=\"twitter:creator\" content=\"@Algarvesete\" \/>\n<meta name=\"twitter:site\" content=\"@Algarvesete\" \/>\n<meta name=\"twitter:label1\" content=\"Escrito por\" \/>\n\t<meta name=\"twitter:data1\" content=\"Algarve 7\" \/>\n\t<meta name=\"twitter:label2\" content=\"Tempo estimado de leitura\" \/>\n\t<meta name=\"twitter:data2\" content=\"3 minutos\" \/>\n<script type=\"application\/ld+json\" class=\"yoast-schema-graph\">{\"@context\":\"https:\\\/\\\/schema.org\",\"@graph\":[{\"@type\":\"Article\",\"@id\":\"https:\\\/\\\/algarve7.pt\\\/index.php\\\/2023\\\/03\\\/abertas-candidaturas-para-arrendamento-acessivel-em-salir\\\/atualidade\\\/18\\\/24\\\/#article\",\"isPartOf\":{\"@id\":\"https:\\\/\\\/algarve7.pt\\\/index.php\\\/2023\\\/03\\\/abertas-candidaturas-para-arrendamento-acessivel-em-salir\\\/atualidade\\\/18\\\/24\\\/\"},\"author\":{\"name\":\"Algarve 7\",\"@id\":\"https:\\\/\\\/algarve7.pt\\\/#\\\/schema\\\/person\\\/23fa70681308e7b319a3204bcea45e0c\"},\"headline\":\"Abertas candidaturas para arrendamento acess\u00edvel em Salir\",\"datePublished\":\"2023-03-06T18:24:55+00:00\",\"dateModified\":\"2023-03-06T18:55:46+00:00\",\"mainEntityOfPage\":{\"@id\":\"https:\\\/\\\/algarve7.pt\\\/index.php\\\/2023\\\/03\\\/abertas-candidaturas-para-arrendamento-acessivel-em-salir\\\/atualidade\\\/18\\\/24\\\/\"},\"wordCount\":472,\"publisher\":{\"@id\":\"https:\\\/\\\/algarve7.pt\\\/#organization\"},\"image\":{\"@id\":\"https:\\\/\\\/algarve7.pt\\\/index.php\\\/2023\\\/03\\\/abertas-candidaturas-para-arrendamento-acessivel-em-salir\\\/atualidade\\\/18\\\/24\\\/#primaryimage\"},\"thumbnailUrl\":\"https:\\\/\\\/algarve7.pt\\\/wp-content\\\/uploads\\\/2023\\\/03\\\/Loteamento-Fonte-da-Rata-Salir-14-02-2023-2.jpg\",\"keywords\":[\"Algarve\",\"Atualidade\",\"Habita\u00e7\u00e3o\",\"Salir\"],\"articleSection\":[\"Atualidade\"],\"inLanguage\":\"pt-PT\"},{\"@type\":\"WebPage\",\"@id\":\"https:\\\/\\\/algarve7.pt\\\/index.php\\\/2023\\\/03\\\/abertas-candidaturas-para-arrendamento-acessivel-em-salir\\\/atualidade\\\/18\\\/24\\\/\",\"url\":\"https:\\\/\\\/algarve7.pt\\\/index.php\\\/2023\\\/03\\\/abertas-candidaturas-para-arrendamento-acessivel-em-salir\\\/atualidade\\\/18\\\/24\\\/\",\"name\":\"Abertas candidaturas para arrendamento acess\u00edvel em Salir - Algarve 7\",\"isPartOf\":{\"@id\":\"https:\\\/\\\/algarve7.pt\\\/#website\"},\"primaryImageOfPage\":{\"@id\":\"https:\\\/\\\/algarve7.pt\\\/index.php\\\/2023\\\/03\\\/abertas-candidaturas-para-arrendamento-acessivel-em-salir\\\/atualidade\\\/18\\\/24\\\/#primaryimage\"},\"image\":{\"@id\":\"https:\\\/\\\/algarve7.pt\\\/index.php\\\/2023\\\/03\\\/abertas-candidaturas-para-arrendamento-acessivel-em-salir\\\/atualidade\\\/18\\\/24\\\/#primaryimage\"},\"thumbnailUrl\":\"https:\\\/\\\/algarve7.pt\\\/wp-content\\\/uploads\\\/2023\\\/03\\\/Loteamento-Fonte-da-Rata-Salir-14-02-2023-2.jpg\",\"datePublished\":\"2023-03-06T18:24:55+00:00\",\"dateModified\":\"2023-03-06T18:55:46+00:00\",\"description\":\"Abertas candidaturas para arrendamento acess\u00edvel em Salir Atualidade\",\"breadcrumb\":{\"@id\":\"https:\\\/\\\/algarve7.pt\\\/index.php\\\/2023\\\/03\\\/abertas-candidaturas-para-arrendamento-acessivel-em-salir\\\/atualidade\\\/18\\\/24\\\/#breadcrumb\"},\"inLanguage\":\"pt-PT\",\"potentialAction\":[{\"@type\":\"ReadAction\",\"target\":[\"https:\\\/\\\/algarve7.pt\\\/index.php\\\/2023\\\/03\\\/abertas-candidaturas-para-arrendamento-acessivel-em-salir\\\/atualidade\\\/18\\\/24\\\/\"]}]},{\"@type\":\"ImageObject\",\"inLanguage\":\"pt-PT\",\"@id\":\"https:\\\/\\\/algarve7.pt\\\/index.php\\\/2023\\\/03\\\/abertas-candidaturas-para-arrendamento-acessivel-em-salir\\\/atualidade\\\/18\\\/24\\\/#primaryimage\",\"url\":\"https:\\\/\\\/algarve7.pt\\\/wp-content\\\/uploads\\\/2023\\\/03\\\/Loteamento-Fonte-da-Rata-Salir-14-02-2023-2.jpg\",\"contentUrl\":\"https:\\\/\\\/algarve7.pt\\\/wp-content\\\/uploads\\\/2023\\\/03\\\/Loteamento-Fonte-da-Rata-Salir-14-02-2023-2.jpg\",\"width\":1024,\"height\":683},{\"@type\":\"BreadcrumbList\",\"@id\":\"https:\\\/\\\/algarve7.pt\\\/index.php\\\/2023\\\/03\\\/abertas-candidaturas-para-arrendamento-acessivel-em-salir\\\/atualidade\\\/18\\\/24\\\/#breadcrumb\",\"itemListElement\":[{\"@type\":\"ListItem\",\"position\":1,\"name\":\"In\u00edcio\",\"item\":\"https:\\\/\\\/algarve7.pt\\\/\"},{\"@type\":\"ListItem\",\"position\":2,\"name\":\"Abertas candidaturas para arrendamento acess\u00edvel em Salir\"}]},{\"@type\":\"WebSite\",\"@id\":\"https:\\\/\\\/algarve7.pt\\\/#website\",\"url\":\"https:\\\/\\\/algarve7.pt\\\/\",\"name\":\"Algarve 7\",\"description\":\"Informa\u00e7\u00e3o sobre o Algarve\",\"publisher\":{\"@id\":\"https:\\\/\\\/algarve7.pt\\\/#organization\"},\"potentialAction\":[{\"@type\":\"SearchAction\",\"target\":{\"@type\":\"EntryPoint\",\"urlTemplate\":\"https:\\\/\\\/algarve7.pt\\\/?s={search_term_string}\"},\"query-input\":{\"@type\":\"PropertyValueSpecification\",\"valueRequired\":true,\"valueName\":\"search_term_string\"}}],\"inLanguage\":\"pt-PT\"},{\"@type\":\"Organization\",\"@id\":\"https:\\\/\\\/algarve7.pt\\\/#organization\",\"name\":\"Algarve 7\",\"url\":\"https:\\\/\\\/algarve7.pt\\\/\",\"logo\":{\"@type\":\"ImageObject\",\"inLanguage\":\"pt-PT\",\"@id\":\"https:\\\/\\\/algarve7.pt\\\/#\\\/schema\\\/logo\\\/image\\\/\",\"url\":\"https:\\\/\\\/algarve7.pt\\\/wp-content\\\/uploads\\\/2020\\\/10\\\/Logo-8.jpg\",\"contentUrl\":\"https:\\\/\\\/algarve7.pt\\\/wp-content\\\/uploads\\\/2020\\\/10\\\/Logo-8.jpg\",\"width\":1680,\"height\":1186,\"caption\":\"Algarve 7\"},\"image\":{\"@id\":\"https:\\\/\\\/algarve7.pt\\\/#\\\/schema\\\/logo\\\/image\\\/\"},\"sameAs\":[\"https:\\\/\\\/www.facebook.com\\\/algarve7\",\"https:\\\/\\\/x.com\\\/Algarvesete\",\"https:\\\/\\\/www.instagram.com\\\/jornalalgarve7\\\/\",\"https:\\\/\\\/www.linkedin.com\\\/company\\\/algarve7\",\"https:\\\/\\\/www.pinterest.pt\\\/geral0939\\\/_created\\\/\"]},{\"@type\":\"Person\",\"@id\":\"https:\\\/\\\/algarve7.pt\\\/#\\\/schema\\\/person\\\/23fa70681308e7b319a3204bcea45e0c\",\"name\":\"Algarve 7\",\"sameAs\":[\"https:\\\/\\\/algarve7.pt\",\"https:\\\/\\\/www.facebook.com\\\/algarve7\"],\"url\":\"https:\\\/\\\/algarve7.pt\\\/index.php\\\/author\\\/geralalgarve7-pt\\\/\"}]}<\/script>\n<!-- \/ Yoast SEO plugin. -->","yoast_head_json":{"title":"Abertas candidaturas para arrendamento acess\u00edvel em Salir - Algarve 7","description":"Abertas candidaturas para arrendamento acess\u00edvel em Salir Atualidade","robots":{"index":"index","follow":"follow","max-snippet":"max-snippet:-1","max-image-preview":"max-image-preview:large","max-video-preview":"max-video-preview:-1"},"canonical":"https:\/\/algarve7.pt\/index.php\/2023\/03\/abertas-candidaturas-para-arrendamento-acessivel-em-salir\/atualidade\/18\/24\/","og_locale":"pt_PT","og_type":"article","og_title":"Abertas candidaturas para arrendamento acess\u00edvel em Salir - Algarve 7","og_description":"Abertas candidaturas para arrendamento acess\u00edvel em Salir Atualidade","og_url":"https:\/\/algarve7.pt\/index.php\/2023\/03\/abertas-candidaturas-para-arrendamento-acessivel-em-salir\/atualidade\/18\/24\/","og_site_name":"Algarve 7","article_publisher":"https:\/\/www.facebook.com\/algarve7","article_author":"https:\/\/www.facebook.com\/algarve7","article_published_time":"2023-03-06T18:24:55+00:00","article_modified_time":"2023-03-06T18:55:46+00:00","og_image":[{"width":1024,"height":683,"url":"https:\/\/algarve7.pt\/wp-content\/uploads\/2023\/03\/Loteamento-Fonte-da-Rata-Salir-14-02-2023-2.jpg","type":"image\/jpeg"}],"author":"Algarve 7","twitter_card":"summary_large_image","twitter_creator":"@Algarvesete","twitter_site":"@Algarvesete","twitter_misc":{"Escrito por":"Algarve 7","Tempo estimado de leitura":"3 minutos"},"schema":{"@context":"https:\/\/schema.org","@graph":[{"@type":"Article","@id":"https:\/\/algarve7.pt\/index.php\/2023\/03\/abertas-candidaturas-para-arrendamento-acessivel-em-salir\/atualidade\/18\/24\/#article","isPartOf":{"@id":"https:\/\/algarve7.pt\/index.php\/2023\/03\/abertas-candidaturas-para-arrendamento-acessivel-em-salir\/atualidade\/18\/24\/"},"author":{"name":"Algarve 7","@id":"https:\/\/algarve7.pt\/#\/schema\/person\/23fa70681308e7b319a3204bcea45e0c"},"headline":"Abertas candidaturas para arrendamento acess\u00edvel em Salir","datePublished":"2023-03-06T18:24:55+00:00","dateModified":"2023-03-06T18:55:46+00:00","mainEntityOfPage":{"@id":"https:\/\/algarve7.pt\/index.php\/2023\/03\/abertas-candidaturas-para-arrendamento-acessivel-em-salir\/atualidade\/18\/24\/"},"wordCount":472,"publisher":{"@id":"https:\/\/algarve7.pt\/#organization"},"image":{"@id":"https:\/\/algarve7.pt\/index.php\/2023\/03\/abertas-candidaturas-para-arrendamento-acessivel-em-salir\/atualidade\/18\/24\/#primaryimage"},"thumbnailUrl":"https:\/\/algarve7.pt\/wp-content\/uploads\/2023\/03\/Loteamento-Fonte-da-Rata-Salir-14-02-2023-2.jpg","keywords":["Algarve","Atualidade","Habita\u00e7\u00e3o","Salir"],"articleSection":["Atualidade"],"inLanguage":"pt-PT"},{"@type":"WebPage","@id":"https:\/\/algarve7.pt\/index.php\/2023\/03\/abertas-candidaturas-para-arrendamento-acessivel-em-salir\/atualidade\/18\/24\/","url":"https:\/\/algarve7.pt\/index.php\/2023\/03\/abertas-candidaturas-para-arrendamento-acessivel-em-salir\/atualidade\/18\/24\/","name":"Abertas candidaturas para arrendamento acess\u00edvel em Salir - Algarve 7","isPartOf":{"@id":"https:\/\/algarve7.pt\/#website"},"primaryImageOfPage":{"@id":"https:\/\/algarve7.pt\/index.php\/2023\/03\/abertas-candidaturas-para-arrendamento-acessivel-em-salir\/atualidade\/18\/24\/#primaryimage"},"image":{"@id":"https:\/\/algarve7.pt\/index.php\/2023\/03\/abertas-candidaturas-para-arrendamento-acessivel-em-salir\/atualidade\/18\/24\/#primaryimage"},"thumbnailUrl":"https:\/\/algarve7.pt\/wp-content\/uploads\/2023\/03\/Loteamento-Fonte-da-Rata-Salir-14-02-2023-2.jpg","datePublished":"2023-03-06T18:24:55+00:00","dateModified":"2023-03-06T18:55:46+00:00","description":"Abertas candidaturas para arrendamento acess\u00edvel em Salir Atualidade","breadcrumb":{"@id":"https:\/\/algarve7.pt\/index.php\/2023\/03\/abertas-candidaturas-para-arrendamento-acessivel-em-salir\/atualidade\/18\/24\/#breadcrumb"},"inLanguage":"pt-PT","potentialAction":[{"@type":"ReadAction","target":["https:\/\/algarve7.pt\/index.php\/2023\/03\/abertas-candidaturas-para-arrendamento-acessivel-em-salir\/atualidade\/18\/24\/"]}]},{"@type":"ImageObject","inLanguage":"pt-PT","@id":"https:\/\/algarve7.pt\/index.php\/2023\/03\/abertas-candidaturas-para-arrendamento-acessivel-em-salir\/atualidade\/18\/24\/#primaryimage","url":"https:\/\/algarve7.pt\/wp-content\/uploads\/2023\/03\/Loteamento-Fonte-da-Rata-Salir-14-02-2023-2.jpg","contentUrl":"https:\/\/algarve7.pt\/wp-content\/uploads\/2023\/03\/Loteamento-Fonte-da-Rata-Salir-14-02-2023-2.jpg","width":1024,"height":683},{"@type":"BreadcrumbList","@id":"https:\/\/algarve7.pt\/index.php\/2023\/03\/abertas-candidaturas-para-arrendamento-acessivel-em-salir\/atualidade\/18\/24\/#breadcrumb","itemListElement":[{"@type":"ListItem","position":1,"name":"In\u00edcio","item":"https:\/\/algarve7.pt\/"},{"@type":"ListItem","position":2,"name":"Abertas candidaturas para arrendamento acess\u00edvel em Salir"}]},{"@type":"WebSite","@id":"https:\/\/algarve7.pt\/#website","url":"https:\/\/algarve7.pt\/","name":"Algarve 7","description":"Informa\u00e7\u00e3o sobre o Algarve","publisher":{"@id":"https:\/\/algarve7.pt\/#organization"},"potentialAction":[{"@type":"SearchAction","target":{"@type":"EntryPoint","urlTemplate":"https:\/\/algarve7.pt\/?s={search_term_string}"},"query-input":{"@type":"PropertyValueSpecification","valueRequired":true,"valueName":"search_term_string"}}],"inLanguage":"pt-PT"},{"@type":"Organization","@id":"https:\/\/algarve7.pt\/#organization","name":"Algarve 7","url":"https:\/\/algarve7.pt\/","logo":{"@type":"ImageObject","inLanguage":"pt-PT","@id":"https:\/\/algarve7.pt\/#\/schema\/logo\/image\/","url":"https:\/\/algarve7.pt\/wp-content\/uploads\/2020\/10\/Logo-8.jpg","contentUrl":"https:\/\/algarve7.pt\/wp-content\/uploads\/2020\/10\/Logo-8.jpg","width":1680,"height":1186,"caption":"Algarve 7"},"image":{"@id":"https:\/\/algarve7.pt\/#\/schema\/logo\/image\/"},"sameAs":["https:\/\/www.facebook.com\/algarve7","https:\/\/x.com\/Algarvesete","https:\/\/www.instagram.com\/jornalalgarve7\/","https:\/\/www.linkedin.com\/company\/algarve7","https:\/\/www.pinterest.pt\/geral0939\/_created\/"]},{"@type":"Person","@id":"https:\/\/algarve7.pt\/#\/schema\/person\/23fa70681308e7b319a3204bcea45e0c","name":"Algarve 7","sameAs":["https:\/\/algarve7.pt","https:\/\/www.facebook.com\/algarve7"],"url":"https:\/\/algarve7.pt\/index.php\/author\/geralalgarve7-pt\/"}]}},"jetpack_publicize_connections":[],"jetpack_featured_media_url":"https:\/\/algarve7.pt\/wp-content\/uploads\/2023\/03\/Loteamento-Fonte-da-Rata-Salir-14-02-2023-2.jpg","jetpack_shortlink":"https:\/\/wp.me\/pcezmW-6Lh","jetpack_sharing_enabled":true,"_links":{"self":[{"href":"https:\/\/algarve7.pt\/index.php\/wp-json\/wp\/v2\/posts\/25995","targetHints":{"allow":["GET"]}}],"collection":[{"href":"https:\/\/algarve7.pt\/index.php\/wp-json\/wp\/v2\/posts"}],"about":[{"href":"https:\/\/algarve7.pt\/index.php\/wp-json\/wp\/v2\/types\/post"}],"author":[{"embeddable":true,"href":"https:\/\/algarve7.pt\/index.php\/wp-json\/wp\/v2\/users\/1"}],"replies":[{"embeddable":true,"href":"https:\/\/algarve7.pt\/index.php\/wp-json\/wp\/v2\/comments?post=25995"}],"version-history":[{"count":0,"href":"https:\/\/algarve7.pt\/index.php\/wp-json\/wp\/v2\/posts\/25995\/revisions"}],"wp:featuredmedia":[{"embeddable":true,"href":"https:\/\/algarve7.pt\/index.php\/wp-json\/wp\/v2\/media\/25996"}],"wp:attachment":[{"href":"https:\/\/algarve7.pt\/index.php\/wp-json\/wp\/v2\/media?parent=25995"}],"wp:term":[{"taxonomy":"category","embeddable":true,"href":"https:\/\/algarve7.pt\/index.php\/wp-json\/wp\/v2\/categories?post=25995"},{"taxonomy":"post_tag","embeddable":true,"href":"https:\/\/algarve7.pt\/index.php\/wp-json\/wp\/v2\/tags?post=25995"}],"curies":[{"name":"wp","href":"https:\/\/api.w.org\/{rel}","templated":true}]}}