{"id":2598,"date":"2020-10-16T19:21:22","date_gmt":"2020-10-16T18:21:22","guid":{"rendered":"https:\/\/algarve7.pt\/?p=2598"},"modified":"2020-10-16T19:21:23","modified_gmt":"2020-10-16T18:21:23","slug":"sao-bras-de-alportel-reforca-estrategia-de-combate-ao-desemprego","status":"publish","type":"post","link":"https:\/\/algarve7.pt\/index.php\/2020\/10\/sao-bras-de-alportel-reforca-estrategia-de-combate-ao-desemprego\/economia\/19\/21\/","title":{"rendered":"S\u00e3o Br\u00e1s de Alportel refor\u00e7a estrat\u00e9gia de combate ao desemprego"},"content":{"rendered":"\n<p><strong>O Munic\u00edpio de S\u00e3o Br\u00e1s de Alportel tem em marcha uma Estrat\u00e9gia de Combate ao Desemprego que se assume, neste momento, priorit\u00e1ria face ao aumento do n\u00famero de desempregados no concelho.<\/strong><strong><\/strong><\/p>\n\n\n\n<p>Em reuni\u00e3o de c\u00e2mara de 13 de outubro, o executivo municipal aprovou, por unanimidade, a ado\u00e7\u00e3o de um conjunto de 10 novas medidas que v\u00eam refor\u00e7ar as pol\u00edticas de incentivo ao empreendedorismo e de fomento da economia local que o munic\u00edpio tem vindo a desenvolver para apoiar a economia local e minimizar as consequ\u00eancias da crise econ\u00f3mica e social resultante da crise sanit\u00e1ria vivida a n\u00edvel mundial.<\/p>\n\n\n\n<p>A promo\u00e7\u00e3o do emprego, em colabora\u00e7\u00e3o com entidades locais mediante, no recurso a programas de apoio \u00e0 empregabilidade; a cria\u00e7\u00e3o de Grupo nas redes sociais \u201cEmprego + S\u00e3o Br\u00e1s\u201d; a cria\u00e7\u00e3o de servi\u00e7o de apoio ao emprego e empreendedorismo jovem; o desenvolvimento de plano de est\u00e1gios com empresas e entidades assim como o desenvolvimento de Plano de forma\u00e7\u00e3o, destinado a empresas, institui\u00e7\u00f5es, desempregados e empregadores; a cria\u00e7\u00e3o de incentivos municipais para empresas empregadoras, a integrar no or\u00e7amento de 2021; a cria\u00e7\u00e3o de Pr\u00e9mio Empreendedorismo para valoriza\u00e7\u00e3o e apoio a empresas por boas pr\u00e1ticas no fomento do emprego; a divulga\u00e7\u00e3o e apoio na implementa\u00e7\u00e3o de programas comunit\u00e1rios que promovam a mobilidade no emprego e na forma\u00e7\u00e3o profissional no espa\u00e7o europeu; o desenvolvimento de a\u00e7\u00f5es com o Projeto \u201cJovens Seguros &lt;&gt; Fam\u00edlias Felizes\u201d e o fomento da parceria com Agrupamento em prol da empregabilidade dos jovens e da amplia\u00e7\u00e3o da oferta de forma\u00e7\u00e3o profissional s\u00e3o as dez medidas complementares aprovadas esta ter\u00e7a-feira.<\/p>\n\n\n\n<p>Um pacote de medidas que refor\u00e7a a Estrat\u00e9gia Municipal de Combate ao Desemprego integrada no apoio \u00e0 economia local que constitui um dos eixos do plano de a\u00e7\u00e3o do Fundo Municipal de Emerg\u00eancia COVID S\u00e3o Br\u00e1s de Alportel.<\/p>\n\n\n\n<p>Um trabalho desenvolvido em sede da Rede Social do Concelho, e adaptando a Carta Social aos atuais des\u00edgnios do contexto atual.<\/p>\n\n\n\n<p><strong>Estrat\u00e9gia Municipal de Combate ao Desemprego de S\u00e3o Br\u00e1s de Alportel<\/strong><\/p>\n\n\n\n<p><strong>A Estrat\u00e9gia Municipal de Combate ao Desemprego \u00e9 constitu\u00edda por tr\u00eas eixos principais: o Combate ao desemprego atrav\u00e9s do apoio \u00e0 popula\u00e7\u00e3o desempregada, a preven\u00e7\u00e3o do desemprego atrav\u00e9s de medidas de apoio \u00e0s empresas e aos jovens e o planeamento com vista \u00e0 dinamiza\u00e7\u00e3o de investimentos em obras p\u00fablicas, na dinamiza\u00e7\u00e3o da Rede \u201cS\u00e3o Br\u00e1s ON\u201d que integra um conjunto de \u00e1reas empresariais, os projetos \u201cCentro de Incuba\u00e7\u00e3o de Empresas e Empreendedorismo\u201d e \u201cOficina das Artes\u201d, a dinamiza\u00e7\u00e3o do Plano de Pormenor do Parque Empresarial e a revis\u00e3o do Plano Diretor Municipal (PDM) com forte aposta na promo\u00e7\u00e3o do emprego.&nbsp;<\/strong><\/p>\n\n\n\n<p>Ao n\u00edvel do combate ao desemprego, o Munic\u00edpio est\u00e1 a refor\u00e7ar a a\u00e7\u00e3o do Gabinete de Inser\u00e7\u00e3o Profissional, em parceria com Gabinete do Empreendedor, Servi\u00e7os Sociais, Institui\u00e7\u00f5es e empresas do concelho e tamb\u00e9m procurando integrar o maior n\u00famero de pessoas nas medias de apoio dispon\u00edveis, nomeadamente:<\/p>\n\n\n\n<p>&#8211; Medida de Apoio ao Refor\u00e7o de Emerg\u00eancia de Equipamentos Sociais e de Sa\u00fade COVID-19 (MAREESS)<\/p>\n\n\n\n<p>-Medida Incentivo Extraordin\u00e1rio COVID-19<\/p>\n\n\n\n<p>&#8211; Medida Incentivo Ativar<\/p>\n\n\n\n<p>&#8211; Est\u00e1gios de Inser\u00e7\u00e3o<\/p>\n\n\n\n<p>&#8211; Medida Est\u00e1gio Ativar<\/p>\n\n\n\n<p>O Balc\u00e3o da Inclus\u00e3o continua a apoiar a integra\u00e7\u00e3o no mercado de trabalho de pessoas com defici\u00eancia enquanto o Centro Local de Apoio \u00e0 Integra\u00e7\u00e3o de Migrantes prossegue o seu trabalho de apoio \u00e0 integra\u00e7\u00e3o de migrantes na comunidade e no mercado de trabalho.&nbsp;<\/p>\n\n\n\n<p>O Munic\u00edpio est\u00e1 ainda empenhado na capta\u00e7\u00e3o e divulga\u00e7\u00e3o de ofertas de trabalho tendo para o efeito previstas visitas e contactos com empresas e entidades do concelho e procurando uma maior articula\u00e7\u00e3o com os diversos servi\u00e7os p\u00fablicos e privados da comunidade.<\/p>\n\n\n\n<p>Na preven\u00e7\u00e3o do desemprego, o Munic\u00edpio abriu recentemente o Espa\u00e7o Coworking e est\u00e1 a preparar a abertura de um Ninho de Empreendedorismo assim como a implementa\u00e7\u00e3o do programa \u201cEmprego Jovem Ativo\u201d.<\/p>\n\n\n\n<p>Um trabalho que se pretende din\u00e2mico e que se est\u00e1 ainda a debru\u00e7ar no apoio \u00e0s empresas que podem beneficiar de apoio atrav\u00e9s do Gabinete do Empreendedor e da \u201cVia Verde para o Desenvolvimento\u201d que visa dar respostas mais c\u00e9leres \u00e0s empresas atrav\u00e9s de uma ponte entre os servi\u00e7os municipais dedicados ao empreendedorismo e ao urbanismo.<\/p>\n\n\n\n<p>Tendo presente que o desemprego resulta das dificuldades que a pandemia est\u00e1 a colocar \u00e0s empresas, o Munic\u00edpio criou o Plano de Recupera\u00e7\u00e3o Econ\u00f3mica de S\u00e3o Br\u00e1s de Alportel (PRESSA) que tem medidas de apoio a empresas locais e encara o investimento em obras p\u00fablicas como uma forma de continuar a melhorar a qualidade de vida dos mun\u00edcipes e, em simult\u00e2neo, uma forma de apoiar as empresas locais.<\/p>\n\n\n\n<p>O Munic\u00edpio est\u00e1 ainda a refor\u00e7ar o seu Plano de Apoios \u00e0 divulga\u00e7\u00e3o das empresas do concelho atrav\u00e9s de meios digitais e f\u00edsicos. O plano inclui a divulga\u00e7\u00e3o atrav\u00e9s do Portal Com\u00e9rcio e Servi\u00e7os, com os grupos de Facebook \u201cCompre C\u00e1 Dentro\u201d e \u201cV\u00e1 para fora C\u00e1 Dentro mesmo\u201d, com a disponibiliza\u00e7\u00e3o de espa\u00e7os de outdoor e na agenda mensal \u201cS\u00e3o Br\u00e1s Acontece\u201d e a\u00e7\u00f5es de divulga\u00e7\u00e3o no Mercado Municipal. Os produtores locais tamb\u00e9m est\u00e3o integrados nesta estrat\u00e9gia com a realiza\u00e7\u00e3o de iniciativas de promo\u00e7\u00e3o no Mercado Municipal e em feiras tradicionais, com a sua presen\u00e7a na Casa do Artes\u00e3o e outros espa\u00e7os colaborativos.&nbsp;<\/p>\n","protected":false},"excerpt":{"rendered":"<p>O Munic\u00edpio de S\u00e3o Br\u00e1s de Alportel tem em marcha uma Estrat\u00e9gia de Combate ao Desemprego que se assume, neste<\/p>\n","protected":false},"author":1,"featured_media":2599,"comment_status":"closed","ping_status":"open","sticky":false,"template":"","format":"standard","meta":{"colormag_page_container_layout":"default_layout","colormag_page_sidebar_layout":"default_layout","_monsterinsights_skip_tracking":false,"_monsterinsights_sitenote_active":false,"_monsterinsights_sitenote_note":"","_monsterinsights_sitenote_category":0,"jetpack_post_was_ever_published":false,"_jetpack_newsletter_access":"","_jetpack_dont_email_post_to_subs":false,"_jetpack_newsletter_tier_id":0,"_jetpack_memberships_contains_paywalled_content":false,"_jetpack_memberships_contains_paid_content":false,"footnotes":"","jetpack_publicize_message":"","jetpack_publicize_feature_enabled":true,"jetpack_social_post_already_shared":true,"jetpack_social_options":{"image_generator_settings":{"template":"highway","default_image_id":0,"font":"","enabled":false},"version":2}},"categories":[151],"tags":[36,153,63],"class_list":["post-2598","post","type-post","status-publish","format-standard","has-post-thumbnail","hentry","category-economia","tag-algarve","tag-economia","tag-sao-bras-de-alportel"],"yoast_head":"<!-- This site is optimized with the Yoast SEO plugin v27.5 - https:\/\/yoast.com\/product\/yoast-seo-wordpress\/ -->\n<title>S\u00e3o Br\u00e1s de Alportel refor\u00e7a estrat\u00e9gia de combate ao desemprego - Algarve 7<\/title>\n<meta name=\"description\" content=\"S\u00e3o Br\u00e1s de Alportel refor\u00e7a estrat\u00e9gia de combate ao desemprego\" \/>\n<meta name=\"robots\" content=\"index, follow, max-snippet:-1, max-image-preview:large, max-video-preview:-1\" \/>\n<link rel=\"canonical\" href=\"https:\/\/algarve7.pt\/index.php\/2020\/10\/sao-bras-de-alportel-reforca-estrategia-de-combate-ao-desemprego\/economia\/19\/21\/\" \/>\n<meta property=\"og:locale\" content=\"pt_PT\" \/>\n<meta property=\"og:type\" content=\"article\" \/>\n<meta property=\"og:title\" content=\"S\u00e3o Br\u00e1s de Alportel refor\u00e7a estrat\u00e9gia de combate ao desemprego - Algarve 7\" \/>\n<meta property=\"og:description\" content=\"S\u00e3o Br\u00e1s de Alportel refor\u00e7a estrat\u00e9gia de combate ao desemprego\" \/>\n<meta property=\"og:url\" content=\"https:\/\/algarve7.pt\/index.php\/2020\/10\/sao-bras-de-alportel-reforca-estrategia-de-combate-ao-desemprego\/economia\/19\/21\/\" \/>\n<meta property=\"og:site_name\" content=\"Algarve 7\" \/>\n<meta property=\"article:publisher\" content=\"https:\/\/www.facebook.com\/algarve7\" \/>\n<meta property=\"article:author\" content=\"https:\/\/www.facebook.com\/algarve7\" \/>\n<meta property=\"article:published_time\" content=\"2020-10-16T18:21:22+00:00\" \/>\n<meta property=\"article:modified_time\" content=\"2020-10-16T18:21:23+00:00\" \/>\n<meta property=\"og:image\" content=\"https:\/\/algarve7.pt\/wp-content\/uploads\/2020\/10\/Vistascomercio11MAI_3-e1602872463570.jpeg\" \/>\n\t<meta property=\"og:image:width\" content=\"1023\" \/>\n\t<meta property=\"og:image:height\" content=\"696\" \/>\n\t<meta property=\"og:image:type\" content=\"image\/jpeg\" \/>\n<meta name=\"author\" content=\"Algarve 7\" \/>\n<meta name=\"twitter:card\" content=\"summary_large_image\" \/>\n<meta name=\"twitter:creator\" content=\"@Algarvesete\" \/>\n<meta name=\"twitter:site\" content=\"@Algarvesete\" \/>\n<meta name=\"twitter:label1\" content=\"Escrito por\" \/>\n\t<meta name=\"twitter:data1\" content=\"Algarve 7\" \/>\n\t<meta name=\"twitter:label2\" content=\"Tempo estimado de leitura\" \/>\n\t<meta name=\"twitter:data2\" content=\"5 minutos\" \/>\n<script type=\"application\/ld+json\" class=\"yoast-schema-graph\">{\"@context\":\"https:\\\/\\\/schema.org\",\"@graph\":[{\"@type\":\"Article\",\"@id\":\"https:\\\/\\\/algarve7.pt\\\/index.php\\\/2020\\\/10\\\/sao-bras-de-alportel-reforca-estrategia-de-combate-ao-desemprego\\\/economia\\\/19\\\/21\\\/#article\",\"isPartOf\":{\"@id\":\"https:\\\/\\\/algarve7.pt\\\/index.php\\\/2020\\\/10\\\/sao-bras-de-alportel-reforca-estrategia-de-combate-ao-desemprego\\\/economia\\\/19\\\/21\\\/\"},\"author\":{\"name\":\"Algarve 7\",\"@id\":\"https:\\\/\\\/algarve7.pt\\\/#\\\/schema\\\/person\\\/23fa70681308e7b319a3204bcea45e0c\"},\"headline\":\"S\u00e3o Br\u00e1s de Alportel refor\u00e7a estrat\u00e9gia de combate ao desemprego\",\"datePublished\":\"2020-10-16T18:21:22+00:00\",\"dateModified\":\"2020-10-16T18:21:23+00:00\",\"mainEntityOfPage\":{\"@id\":\"https:\\\/\\\/algarve7.pt\\\/index.php\\\/2020\\\/10\\\/sao-bras-de-alportel-reforca-estrategia-de-combate-ao-desemprego\\\/economia\\\/19\\\/21\\\/\"},\"wordCount\":996,\"publisher\":{\"@id\":\"https:\\\/\\\/algarve7.pt\\\/#organization\"},\"image\":{\"@id\":\"https:\\\/\\\/algarve7.pt\\\/index.php\\\/2020\\\/10\\\/sao-bras-de-alportel-reforca-estrategia-de-combate-ao-desemprego\\\/economia\\\/19\\\/21\\\/#primaryimage\"},\"thumbnailUrl\":\"https:\\\/\\\/algarve7.pt\\\/wp-content\\\/uploads\\\/2020\\\/10\\\/Vistascomercio11MAI_3-e1602872463570.jpeg\",\"keywords\":[\"Algarve\",\"Economia\",\"S\u00e3o Br\u00e1s de Alportel\"],\"articleSection\":[\"Economia\"],\"inLanguage\":\"pt-PT\"},{\"@type\":\"WebPage\",\"@id\":\"https:\\\/\\\/algarve7.pt\\\/index.php\\\/2020\\\/10\\\/sao-bras-de-alportel-reforca-estrategia-de-combate-ao-desemprego\\\/economia\\\/19\\\/21\\\/\",\"url\":\"https:\\\/\\\/algarve7.pt\\\/index.php\\\/2020\\\/10\\\/sao-bras-de-alportel-reforca-estrategia-de-combate-ao-desemprego\\\/economia\\\/19\\\/21\\\/\",\"name\":\"S\u00e3o Br\u00e1s de Alportel refor\u00e7a estrat\u00e9gia de combate ao desemprego - Algarve 7\",\"isPartOf\":{\"@id\":\"https:\\\/\\\/algarve7.pt\\\/#website\"},\"primaryImageOfPage\":{\"@id\":\"https:\\\/\\\/algarve7.pt\\\/index.php\\\/2020\\\/10\\\/sao-bras-de-alportel-reforca-estrategia-de-combate-ao-desemprego\\\/economia\\\/19\\\/21\\\/#primaryimage\"},\"image\":{\"@id\":\"https:\\\/\\\/algarve7.pt\\\/index.php\\\/2020\\\/10\\\/sao-bras-de-alportel-reforca-estrategia-de-combate-ao-desemprego\\\/economia\\\/19\\\/21\\\/#primaryimage\"},\"thumbnailUrl\":\"https:\\\/\\\/algarve7.pt\\\/wp-content\\\/uploads\\\/2020\\\/10\\\/Vistascomercio11MAI_3-e1602872463570.jpeg\",\"datePublished\":\"2020-10-16T18:21:22+00:00\",\"dateModified\":\"2020-10-16T18:21:23+00:00\",\"description\":\"S\u00e3o Br\u00e1s de Alportel refor\u00e7a estrat\u00e9gia de combate ao desemprego\",\"breadcrumb\":{\"@id\":\"https:\\\/\\\/algarve7.pt\\\/index.php\\\/2020\\\/10\\\/sao-bras-de-alportel-reforca-estrategia-de-combate-ao-desemprego\\\/economia\\\/19\\\/21\\\/#breadcrumb\"},\"inLanguage\":\"pt-PT\",\"potentialAction\":[{\"@type\":\"ReadAction\",\"target\":[\"https:\\\/\\\/algarve7.pt\\\/index.php\\\/2020\\\/10\\\/sao-bras-de-alportel-reforca-estrategia-de-combate-ao-desemprego\\\/economia\\\/19\\\/21\\\/\"]}]},{\"@type\":\"ImageObject\",\"inLanguage\":\"pt-PT\",\"@id\":\"https:\\\/\\\/algarve7.pt\\\/index.php\\\/2020\\\/10\\\/sao-bras-de-alportel-reforca-estrategia-de-combate-ao-desemprego\\\/economia\\\/19\\\/21\\\/#primaryimage\",\"url\":\"https:\\\/\\\/algarve7.pt\\\/wp-content\\\/uploads\\\/2020\\\/10\\\/Vistascomercio11MAI_3-e1602872463570.jpeg\",\"contentUrl\":\"https:\\\/\\\/algarve7.pt\\\/wp-content\\\/uploads\\\/2020\\\/10\\\/Vistascomercio11MAI_3-e1602872463570.jpeg\",\"width\":1023,\"height\":696},{\"@type\":\"BreadcrumbList\",\"@id\":\"https:\\\/\\\/algarve7.pt\\\/index.php\\\/2020\\\/10\\\/sao-bras-de-alportel-reforca-estrategia-de-combate-ao-desemprego\\\/economia\\\/19\\\/21\\\/#breadcrumb\",\"itemListElement\":[{\"@type\":\"ListItem\",\"position\":1,\"name\":\"In\u00edcio\",\"item\":\"https:\\\/\\\/algarve7.pt\\\/\"},{\"@type\":\"ListItem\",\"position\":2,\"name\":\"S\u00e3o Br\u00e1s de Alportel refor\u00e7a estrat\u00e9gia de combate ao desemprego\"}]},{\"@type\":\"WebSite\",\"@id\":\"https:\\\/\\\/algarve7.pt\\\/#website\",\"url\":\"https:\\\/\\\/algarve7.pt\\\/\",\"name\":\"Algarve 7\",\"description\":\"Informa\u00e7\u00e3o sobre o Algarve\",\"publisher\":{\"@id\":\"https:\\\/\\\/algarve7.pt\\\/#organization\"},\"potentialAction\":[{\"@type\":\"SearchAction\",\"target\":{\"@type\":\"EntryPoint\",\"urlTemplate\":\"https:\\\/\\\/algarve7.pt\\\/?s={search_term_string}\"},\"query-input\":{\"@type\":\"PropertyValueSpecification\",\"valueRequired\":true,\"valueName\":\"search_term_string\"}}],\"inLanguage\":\"pt-PT\"},{\"@type\":\"Organization\",\"@id\":\"https:\\\/\\\/algarve7.pt\\\/#organization\",\"name\":\"Algarve 7\",\"url\":\"https:\\\/\\\/algarve7.pt\\\/\",\"logo\":{\"@type\":\"ImageObject\",\"inLanguage\":\"pt-PT\",\"@id\":\"https:\\\/\\\/algarve7.pt\\\/#\\\/schema\\\/logo\\\/image\\\/\",\"url\":\"https:\\\/\\\/algarve7.pt\\\/wp-content\\\/uploads\\\/2020\\\/10\\\/Logo-8.jpg\",\"contentUrl\":\"https:\\\/\\\/algarve7.pt\\\/wp-content\\\/uploads\\\/2020\\\/10\\\/Logo-8.jpg\",\"width\":1680,\"height\":1186,\"caption\":\"Algarve 7\"},\"image\":{\"@id\":\"https:\\\/\\\/algarve7.pt\\\/#\\\/schema\\\/logo\\\/image\\\/\"},\"sameAs\":[\"https:\\\/\\\/www.facebook.com\\\/algarve7\",\"https:\\\/\\\/x.com\\\/Algarvesete\",\"https:\\\/\\\/www.instagram.com\\\/jornalalgarve7\\\/\",\"https:\\\/\\\/www.linkedin.com\\\/company\\\/algarve7\",\"https:\\\/\\\/www.pinterest.pt\\\/geral0939\\\/_created\\\/\"]},{\"@type\":\"Person\",\"@id\":\"https:\\\/\\\/algarve7.pt\\\/#\\\/schema\\\/person\\\/23fa70681308e7b319a3204bcea45e0c\",\"name\":\"Algarve 7\",\"sameAs\":[\"https:\\\/\\\/algarve7.pt\",\"https:\\\/\\\/www.facebook.com\\\/algarve7\"],\"url\":\"https:\\\/\\\/algarve7.pt\\\/index.php\\\/author\\\/geralalgarve7-pt\\\/\"}]}<\/script>\n<!-- \/ Yoast SEO plugin. -->","yoast_head_json":{"title":"S\u00e3o Br\u00e1s de Alportel refor\u00e7a estrat\u00e9gia de combate ao desemprego - Algarve 7","description":"S\u00e3o Br\u00e1s de Alportel refor\u00e7a estrat\u00e9gia de combate ao desemprego","robots":{"index":"index","follow":"follow","max-snippet":"max-snippet:-1","max-image-preview":"max-image-preview:large","max-video-preview":"max-video-preview:-1"},"canonical":"https:\/\/algarve7.pt\/index.php\/2020\/10\/sao-bras-de-alportel-reforca-estrategia-de-combate-ao-desemprego\/economia\/19\/21\/","og_locale":"pt_PT","og_type":"article","og_title":"S\u00e3o Br\u00e1s de Alportel refor\u00e7a estrat\u00e9gia de combate ao desemprego - Algarve 7","og_description":"S\u00e3o Br\u00e1s de Alportel refor\u00e7a estrat\u00e9gia de combate ao desemprego","og_url":"https:\/\/algarve7.pt\/index.php\/2020\/10\/sao-bras-de-alportel-reforca-estrategia-de-combate-ao-desemprego\/economia\/19\/21\/","og_site_name":"Algarve 7","article_publisher":"https:\/\/www.facebook.com\/algarve7","article_author":"https:\/\/www.facebook.com\/algarve7","article_published_time":"2020-10-16T18:21:22+00:00","article_modified_time":"2020-10-16T18:21:23+00:00","og_image":[{"width":1023,"height":696,"url":"https:\/\/algarve7.pt\/wp-content\/uploads\/2020\/10\/Vistascomercio11MAI_3-e1602872463570.jpeg","type":"image\/jpeg"}],"author":"Algarve 7","twitter_card":"summary_large_image","twitter_creator":"@Algarvesete","twitter_site":"@Algarvesete","twitter_misc":{"Escrito por":"Algarve 7","Tempo estimado de leitura":"5 minutos"},"schema":{"@context":"https:\/\/schema.org","@graph":[{"@type":"Article","@id":"https:\/\/algarve7.pt\/index.php\/2020\/10\/sao-bras-de-alportel-reforca-estrategia-de-combate-ao-desemprego\/economia\/19\/21\/#article","isPartOf":{"@id":"https:\/\/algarve7.pt\/index.php\/2020\/10\/sao-bras-de-alportel-reforca-estrategia-de-combate-ao-desemprego\/economia\/19\/21\/"},"author":{"name":"Algarve 7","@id":"https:\/\/algarve7.pt\/#\/schema\/person\/23fa70681308e7b319a3204bcea45e0c"},"headline":"S\u00e3o Br\u00e1s de Alportel refor\u00e7a estrat\u00e9gia de combate ao desemprego","datePublished":"2020-10-16T18:21:22+00:00","dateModified":"2020-10-16T18:21:23+00:00","mainEntityOfPage":{"@id":"https:\/\/algarve7.pt\/index.php\/2020\/10\/sao-bras-de-alportel-reforca-estrategia-de-combate-ao-desemprego\/economia\/19\/21\/"},"wordCount":996,"publisher":{"@id":"https:\/\/algarve7.pt\/#organization"},"image":{"@id":"https:\/\/algarve7.pt\/index.php\/2020\/10\/sao-bras-de-alportel-reforca-estrategia-de-combate-ao-desemprego\/economia\/19\/21\/#primaryimage"},"thumbnailUrl":"https:\/\/algarve7.pt\/wp-content\/uploads\/2020\/10\/Vistascomercio11MAI_3-e1602872463570.jpeg","keywords":["Algarve","Economia","S\u00e3o Br\u00e1s de Alportel"],"articleSection":["Economia"],"inLanguage":"pt-PT"},{"@type":"WebPage","@id":"https:\/\/algarve7.pt\/index.php\/2020\/10\/sao-bras-de-alportel-reforca-estrategia-de-combate-ao-desemprego\/economia\/19\/21\/","url":"https:\/\/algarve7.pt\/index.php\/2020\/10\/sao-bras-de-alportel-reforca-estrategia-de-combate-ao-desemprego\/economia\/19\/21\/","name":"S\u00e3o Br\u00e1s de Alportel refor\u00e7a estrat\u00e9gia de combate ao desemprego - Algarve 7","isPartOf":{"@id":"https:\/\/algarve7.pt\/#website"},"primaryImageOfPage":{"@id":"https:\/\/algarve7.pt\/index.php\/2020\/10\/sao-bras-de-alportel-reforca-estrategia-de-combate-ao-desemprego\/economia\/19\/21\/#primaryimage"},"image":{"@id":"https:\/\/algarve7.pt\/index.php\/2020\/10\/sao-bras-de-alportel-reforca-estrategia-de-combate-ao-desemprego\/economia\/19\/21\/#primaryimage"},"thumbnailUrl":"https:\/\/algarve7.pt\/wp-content\/uploads\/2020\/10\/Vistascomercio11MAI_3-e1602872463570.jpeg","datePublished":"2020-10-16T18:21:22+00:00","dateModified":"2020-10-16T18:21:23+00:00","description":"S\u00e3o Br\u00e1s de Alportel refor\u00e7a estrat\u00e9gia de combate ao desemprego","breadcrumb":{"@id":"https:\/\/algarve7.pt\/index.php\/2020\/10\/sao-bras-de-alportel-reforca-estrategia-de-combate-ao-desemprego\/economia\/19\/21\/#breadcrumb"},"inLanguage":"pt-PT","potentialAction":[{"@type":"ReadAction","target":["https:\/\/algarve7.pt\/index.php\/2020\/10\/sao-bras-de-alportel-reforca-estrategia-de-combate-ao-desemprego\/economia\/19\/21\/"]}]},{"@type":"ImageObject","inLanguage":"pt-PT","@id":"https:\/\/algarve7.pt\/index.php\/2020\/10\/sao-bras-de-alportel-reforca-estrategia-de-combate-ao-desemprego\/economia\/19\/21\/#primaryimage","url":"https:\/\/algarve7.pt\/wp-content\/uploads\/2020\/10\/Vistascomercio11MAI_3-e1602872463570.jpeg","contentUrl":"https:\/\/algarve7.pt\/wp-content\/uploads\/2020\/10\/Vistascomercio11MAI_3-e1602872463570.jpeg","width":1023,"height":696},{"@type":"BreadcrumbList","@id":"https:\/\/algarve7.pt\/index.php\/2020\/10\/sao-bras-de-alportel-reforca-estrategia-de-combate-ao-desemprego\/economia\/19\/21\/#breadcrumb","itemListElement":[{"@type":"ListItem","position":1,"name":"In\u00edcio","item":"https:\/\/algarve7.pt\/"},{"@type":"ListItem","position":2,"name":"S\u00e3o Br\u00e1s de Alportel refor\u00e7a estrat\u00e9gia de combate ao desemprego"}]},{"@type":"WebSite","@id":"https:\/\/algarve7.pt\/#website","url":"https:\/\/algarve7.pt\/","name":"Algarve 7","description":"Informa\u00e7\u00e3o sobre o Algarve","publisher":{"@id":"https:\/\/algarve7.pt\/#organization"},"potentialAction":[{"@type":"SearchAction","target":{"@type":"EntryPoint","urlTemplate":"https:\/\/algarve7.pt\/?s={search_term_string}"},"query-input":{"@type":"PropertyValueSpecification","valueRequired":true,"valueName":"search_term_string"}}],"inLanguage":"pt-PT"},{"@type":"Organization","@id":"https:\/\/algarve7.pt\/#organization","name":"Algarve 7","url":"https:\/\/algarve7.pt\/","logo":{"@type":"ImageObject","inLanguage":"pt-PT","@id":"https:\/\/algarve7.pt\/#\/schema\/logo\/image\/","url":"https:\/\/algarve7.pt\/wp-content\/uploads\/2020\/10\/Logo-8.jpg","contentUrl":"https:\/\/algarve7.pt\/wp-content\/uploads\/2020\/10\/Logo-8.jpg","width":1680,"height":1186,"caption":"Algarve 7"},"image":{"@id":"https:\/\/algarve7.pt\/#\/schema\/logo\/image\/"},"sameAs":["https:\/\/www.facebook.com\/algarve7","https:\/\/x.com\/Algarvesete","https:\/\/www.instagram.com\/jornalalgarve7\/","https:\/\/www.linkedin.com\/company\/algarve7","https:\/\/www.pinterest.pt\/geral0939\/_created\/"]},{"@type":"Person","@id":"https:\/\/algarve7.pt\/#\/schema\/person\/23fa70681308e7b319a3204bcea45e0c","name":"Algarve 7","sameAs":["https:\/\/algarve7.pt","https:\/\/www.facebook.com\/algarve7"],"url":"https:\/\/algarve7.pt\/index.php\/author\/geralalgarve7-pt\/"}]}},"jetpack_publicize_connections":[],"jetpack_featured_media_url":"https:\/\/algarve7.pt\/wp-content\/uploads\/2020\/10\/Vistascomercio11MAI_3-e1602872463570.jpeg","jetpack_shortlink":"https:\/\/wp.me\/pcezmW-FU","jetpack_sharing_enabled":true,"_links":{"self":[{"href":"https:\/\/algarve7.pt\/index.php\/wp-json\/wp\/v2\/posts\/2598","targetHints":{"allow":["GET"]}}],"collection":[{"href":"https:\/\/algarve7.pt\/index.php\/wp-json\/wp\/v2\/posts"}],"about":[{"href":"https:\/\/algarve7.pt\/index.php\/wp-json\/wp\/v2\/types\/post"}],"author":[{"embeddable":true,"href":"https:\/\/algarve7.pt\/index.php\/wp-json\/wp\/v2\/users\/1"}],"replies":[{"embeddable":true,"href":"https:\/\/algarve7.pt\/index.php\/wp-json\/wp\/v2\/comments?post=2598"}],"version-history":[{"count":0,"href":"https:\/\/algarve7.pt\/index.php\/wp-json\/wp\/v2\/posts\/2598\/revisions"}],"wp:featuredmedia":[{"embeddable":true,"href":"https:\/\/algarve7.pt\/index.php\/wp-json\/wp\/v2\/media\/2599"}],"wp:attachment":[{"href":"https:\/\/algarve7.pt\/index.php\/wp-json\/wp\/v2\/media?parent=2598"}],"wp:term":[{"taxonomy":"category","embeddable":true,"href":"https:\/\/algarve7.pt\/index.php\/wp-json\/wp\/v2\/categories?post=2598"},{"taxonomy":"post_tag","embeddable":true,"href":"https:\/\/algarve7.pt\/index.php\/wp-json\/wp\/v2\/tags?post=2598"}],"curies":[{"name":"wp","href":"https:\/\/api.w.org\/{rel}","templated":true}]}}