{"id":25835,"date":"2023-02-28T09:21:23","date_gmt":"2023-02-28T09:21:23","guid":{"rendered":"https:\/\/algarve7.pt\/?p=25835"},"modified":"2023-02-28T09:21:25","modified_gmt":"2023-02-28T09:21:25","slug":"albufeira-volta-a-receber-a-mostra-de-cinema-universitario-sophia-estudante-2023","status":"publish","type":"post","link":"https:\/\/algarve7.pt\/index.php\/2023\/02\/albufeira-volta-a-receber-a-mostra-de-cinema-universitario-sophia-estudante-2023\/cultura\/09\/21\/","title":{"rendered":"Albufeira volta a receber a mostra de cinema universit\u00e1rio \u201cSophia estudante 2023\u201d"},"content":{"rendered":"\n<p>Depois do \u00eaxito alcan\u00e7ado em 2022, Albufeira volta a receber a Mostra de Cinema Universit\u00e1rio \u201cSophia Estudante 2023\u201d, que decorre no Audit\u00f3rio Municipal de Albufeira de 3 a 5 de mar\u00e7o.<\/p>\n\n\n\n<p>Trata-se de uma iniciativa realizada em colabora\u00e7\u00e3o com a Academia Portuguesa de Cinema \u2013 Associa\u00e7\u00e3o Portuguesa de Artes e Ci\u00eancias Cinematogr\u00e1ficas, que tem por objetivo incentivar e motivar os jovens futuros cineastas, estimular os institutos de ensino e respetivo corpo docente e favorecer o debate e a partilha de experi\u00eancias, atrav\u00e9s da presen\u00e7a de diversos especialistas nacionais e internacionais, realiza\u00e7\u00e3o de <em>workshops<\/em> e oficinas, <em>masterclasses<\/em>, visionamento de filmes nomeados e entrega de pr\u00e9mios aos melhores filmes em competi\u00e7\u00e3o.<\/p>\n\n\n\n<p>Os filmes candidatos ao \u201cSophia Estudante 2023\u201d foram produzidos pelos alunos dos estabelecimentos do ensino superior e t\u00e9cnico, durante o ano letivo 2022\/2023.<\/p>\n\n\n\n<p>O programa tem in\u00edcio no dia 3 de mar\u00e7o (sexta-feira), \u00e0s 17h30, com a sess\u00e3o de Boas-Vindas que conta com a presen\u00e7a do presidente do Munic\u00edpio, Jos\u00e9 Carlos Rolo, e do presidente da Academia Portuguesa de Cinema, Paulo Trancoso. Segue-se \u00e0s 17h50, a apresenta\u00e7\u00e3o de \u201cMitos e Lendas: Como adaptar um mundo fant\u00e1stico para cinema e televis\u00e3o\u201d, Por Frederico Serra (Realizador) e Nuno Soler (Argumentista). Pelas 21h30 decorre a primeira sess\u00e3o de filmes nomeados, que se prolonga at\u00e9 \u00e0s 23h30.<\/p>\n\n\n\n<p>O segundo dia dedicado ao cinema universit\u00e1rio, 4 de mar\u00e7o, come\u00e7a \u00e0s 10h00, com a Masterclass \u201cWork in Progress: A Escrita Audiovisual no S\u00e9culo XXI\u201d, com Jo\u00e3o Nunes. \u00c0s 11h40 realiza-se o Debate \u201cNo Princ\u00edpio era o Verbo: Debate sobre a import\u00e2ncia da escrita para as imagens em movimento\u201d, moderado por Artur Ribeiro, com F\u00e1tima Ribeiro, Patr\u00edcia Muller, Vicente Alves do \u00d3, Miguel Simal e Marta Pais Lopes. Depois do almo\u00e7o, \u00e0s 14h30, realiza-se a segunda sess\u00e3o de visionamento de filmes nomeados e, \u00e0s 16h30, segue-se uma conversa com alunos convidados no foyer do Audit\u00f3rio Municipal.<\/p>\n\n\n\n<p>No domingo, 5 de mar\u00e7o, \u00faltimo dia do evento, o destaque vai para a Cerim\u00f3nia da Entrega dos Pr\u00e9mios, \u00e0s 15h00, que conta com apresenta\u00e7\u00e3o da atriz Dalila Carmo. O programa encerra com o visionamento dos filmes premiados em primeiro lugar.<\/p>\n\n\n\n<p>O presidente da C\u00e2mara Municipal de Albufeira est\u00e1 muito feliz pela realiza\u00e7\u00e3o da segunda edi\u00e7\u00e3o dos pr\u00e9mios \u201cSophia Estudante 2023\u201d, evento que no ano passado atraiu centenas de jovens das escolas do concelho ao Audit\u00f3rio Municipal. \u201cEsta \u00e9 uma excelente oportunidade para os jovens se entusiasmarem e se apaixonarem pela profiss\u00e3o e, quem sabe, no futuro Albufeira venha a ser conhecida, tamb\u00e9m, ao n\u00edvel da s\u00e9tima arte\u201d, sublinhou Jos\u00e9 Carlos Rolo.<\/p>\n","protected":false},"excerpt":{"rendered":"<p>Depois do \u00eaxito alcan\u00e7ado em 2022, Albufeira volta a receber a Mostra de Cinema Universit\u00e1rio \u201cSophia Estudante 2023\u201d, que decorre<\/p>\n","protected":false},"author":1,"featured_media":25836,"comment_status":"closed","ping_status":"open","sticky":false,"template":"","format":"standard","meta":{"colormag_page_container_layout":"default_layout","colormag_page_sidebar_layout":"default_layout","_monsterinsights_skip_tracking":false,"_monsterinsights_sitenote_active":false,"_monsterinsights_sitenote_note":"","_monsterinsights_sitenote_category":0,"jetpack_post_was_ever_published":false,"_jetpack_newsletter_access":"","_jetpack_dont_email_post_to_subs":false,"_jetpack_newsletter_tier_id":0,"_jetpack_memberships_contains_paywalled_content":false,"_jetpack_memberships_contains_paid_content":false,"footnotes":"","jetpack_publicize_message":"","jetpack_publicize_feature_enabled":true,"jetpack_social_post_already_shared":true,"jetpack_social_options":{"image_generator_settings":{"template":"highway","default_image_id":0,"font":"","enabled":false},"version":2}},"categories":[14],"tags":[155,36,43,35],"class_list":["post-25835","post","type-post","status-publish","format-standard","has-post-thumbnail","hentry","category-cultura","tag-albufeira","tag-algarve","tag-cinema","tag-cultura"],"yoast_head":"<!-- This site is optimized with the Yoast SEO plugin v27.5 - https:\/\/yoast.com\/product\/yoast-seo-wordpress\/ -->\n<title>Albufeira volta a receber a mostra de cinema universit\u00e1rio \u201cSophia estudante 2023\u201d - Algarve 7<\/title>\n<meta name=\"description\" content=\"Albufeira volta a receber a mostra de cinema universit\u00e1rio \u201cSophia estudante 2023\u201d Cultura\" \/>\n<meta name=\"robots\" content=\"index, follow, max-snippet:-1, max-image-preview:large, max-video-preview:-1\" \/>\n<link rel=\"canonical\" href=\"https:\/\/algarve7.pt\/index.php\/2023\/02\/albufeira-volta-a-receber-a-mostra-de-cinema-universitario-sophia-estudante-2023\/cultura\/09\/21\/\" \/>\n<meta property=\"og:locale\" content=\"pt_PT\" \/>\n<meta property=\"og:type\" content=\"article\" \/>\n<meta property=\"og:title\" content=\"Albufeira volta a receber a mostra de cinema universit\u00e1rio \u201cSophia estudante 2023\u201d - Algarve 7\" \/>\n<meta property=\"og:description\" content=\"Albufeira volta a receber a mostra de cinema universit\u00e1rio \u201cSophia estudante 2023\u201d Cultura\" \/>\n<meta property=\"og:url\" content=\"https:\/\/algarve7.pt\/index.php\/2023\/02\/albufeira-volta-a-receber-a-mostra-de-cinema-universitario-sophia-estudante-2023\/cultura\/09\/21\/\" \/>\n<meta property=\"og:site_name\" content=\"Algarve 7\" \/>\n<meta property=\"article:publisher\" content=\"https:\/\/www.facebook.com\/algarve7\" \/>\n<meta property=\"article:author\" content=\"https:\/\/www.facebook.com\/algarve7\" \/>\n<meta property=\"article:published_time\" content=\"2023-02-28T09:21:23+00:00\" \/>\n<meta property=\"article:modified_time\" content=\"2023-02-28T09:21:25+00:00\" \/>\n<meta property=\"og:image\" content=\"https:\/\/algarve7.pt\/wp-content\/uploads\/2023\/02\/Captura-de-ecra-2023-02-28-as-09.19.06.png\" \/>\n\t<meta property=\"og:image:width\" content=\"1024\" \/>\n\t<meta property=\"og:image:height\" content=\"591\" \/>\n\t<meta property=\"og:image:type\" content=\"image\/png\" \/>\n<meta name=\"author\" content=\"Algarve 7\" \/>\n<meta name=\"twitter:card\" content=\"summary_large_image\" \/>\n<meta name=\"twitter:creator\" content=\"@Algarvesete\" \/>\n<meta name=\"twitter:site\" content=\"@Algarvesete\" \/>\n<meta name=\"twitter:label1\" content=\"Escrito por\" \/>\n\t<meta name=\"twitter:data1\" content=\"Algarve 7\" \/>\n\t<meta name=\"twitter:label2\" content=\"Tempo estimado de leitura\" \/>\n\t<meta name=\"twitter:data2\" content=\"3 minutos\" \/>\n<script type=\"application\/ld+json\" class=\"yoast-schema-graph\">{\"@context\":\"https:\\\/\\\/schema.org\",\"@graph\":[{\"@type\":\"Article\",\"@id\":\"https:\\\/\\\/algarve7.pt\\\/index.php\\\/2023\\\/02\\\/albufeira-volta-a-receber-a-mostra-de-cinema-universitario-sophia-estudante-2023\\\/cultura\\\/09\\\/21\\\/#article\",\"isPartOf\":{\"@id\":\"https:\\\/\\\/algarve7.pt\\\/index.php\\\/2023\\\/02\\\/albufeira-volta-a-receber-a-mostra-de-cinema-universitario-sophia-estudante-2023\\\/cultura\\\/09\\\/21\\\/\"},\"author\":{\"name\":\"Algarve 7\",\"@id\":\"https:\\\/\\\/algarve7.pt\\\/#\\\/schema\\\/person\\\/23fa70681308e7b319a3204bcea45e0c\"},\"headline\":\"Albufeira volta a receber a mostra de cinema universit\u00e1rio \u201cSophia estudante 2023\u201d\",\"datePublished\":\"2023-02-28T09:21:23+00:00\",\"dateModified\":\"2023-02-28T09:21:25+00:00\",\"mainEntityOfPage\":{\"@id\":\"https:\\\/\\\/algarve7.pt\\\/index.php\\\/2023\\\/02\\\/albufeira-volta-a-receber-a-mostra-de-cinema-universitario-sophia-estudante-2023\\\/cultura\\\/09\\\/21\\\/\"},\"wordCount\":468,\"publisher\":{\"@id\":\"https:\\\/\\\/algarve7.pt\\\/#organization\"},\"image\":{\"@id\":\"https:\\\/\\\/algarve7.pt\\\/index.php\\\/2023\\\/02\\\/albufeira-volta-a-receber-a-mostra-de-cinema-universitario-sophia-estudante-2023\\\/cultura\\\/09\\\/21\\\/#primaryimage\"},\"thumbnailUrl\":\"https:\\\/\\\/algarve7.pt\\\/wp-content\\\/uploads\\\/2023\\\/02\\\/Captura-de-ecra-2023-02-28-as-09.19.06.png\",\"keywords\":[\"Albufeira\",\"Algarve\",\"Cinema\",\"Cultura\"],\"articleSection\":[\"Cultura\"],\"inLanguage\":\"pt-PT\"},{\"@type\":\"WebPage\",\"@id\":\"https:\\\/\\\/algarve7.pt\\\/index.php\\\/2023\\\/02\\\/albufeira-volta-a-receber-a-mostra-de-cinema-universitario-sophia-estudante-2023\\\/cultura\\\/09\\\/21\\\/\",\"url\":\"https:\\\/\\\/algarve7.pt\\\/index.php\\\/2023\\\/02\\\/albufeira-volta-a-receber-a-mostra-de-cinema-universitario-sophia-estudante-2023\\\/cultura\\\/09\\\/21\\\/\",\"name\":\"Albufeira volta a receber a mostra de cinema universit\u00e1rio \u201cSophia estudante 2023\u201d - Algarve 7\",\"isPartOf\":{\"@id\":\"https:\\\/\\\/algarve7.pt\\\/#website\"},\"primaryImageOfPage\":{\"@id\":\"https:\\\/\\\/algarve7.pt\\\/index.php\\\/2023\\\/02\\\/albufeira-volta-a-receber-a-mostra-de-cinema-universitario-sophia-estudante-2023\\\/cultura\\\/09\\\/21\\\/#primaryimage\"},\"image\":{\"@id\":\"https:\\\/\\\/algarve7.pt\\\/index.php\\\/2023\\\/02\\\/albufeira-volta-a-receber-a-mostra-de-cinema-universitario-sophia-estudante-2023\\\/cultura\\\/09\\\/21\\\/#primaryimage\"},\"thumbnailUrl\":\"https:\\\/\\\/algarve7.pt\\\/wp-content\\\/uploads\\\/2023\\\/02\\\/Captura-de-ecra-2023-02-28-as-09.19.06.png\",\"datePublished\":\"2023-02-28T09:21:23+00:00\",\"dateModified\":\"2023-02-28T09:21:25+00:00\",\"description\":\"Albufeira volta a receber a mostra de cinema universit\u00e1rio \u201cSophia estudante 2023\u201d Cultura\",\"breadcrumb\":{\"@id\":\"https:\\\/\\\/algarve7.pt\\\/index.php\\\/2023\\\/02\\\/albufeira-volta-a-receber-a-mostra-de-cinema-universitario-sophia-estudante-2023\\\/cultura\\\/09\\\/21\\\/#breadcrumb\"},\"inLanguage\":\"pt-PT\",\"potentialAction\":[{\"@type\":\"ReadAction\",\"target\":[\"https:\\\/\\\/algarve7.pt\\\/index.php\\\/2023\\\/02\\\/albufeira-volta-a-receber-a-mostra-de-cinema-universitario-sophia-estudante-2023\\\/cultura\\\/09\\\/21\\\/\"]}]},{\"@type\":\"ImageObject\",\"inLanguage\":\"pt-PT\",\"@id\":\"https:\\\/\\\/algarve7.pt\\\/index.php\\\/2023\\\/02\\\/albufeira-volta-a-receber-a-mostra-de-cinema-universitario-sophia-estudante-2023\\\/cultura\\\/09\\\/21\\\/#primaryimage\",\"url\":\"https:\\\/\\\/algarve7.pt\\\/wp-content\\\/uploads\\\/2023\\\/02\\\/Captura-de-ecra-2023-02-28-as-09.19.06.png\",\"contentUrl\":\"https:\\\/\\\/algarve7.pt\\\/wp-content\\\/uploads\\\/2023\\\/02\\\/Captura-de-ecra-2023-02-28-as-09.19.06.png\",\"width\":1024,\"height\":591},{\"@type\":\"BreadcrumbList\",\"@id\":\"https:\\\/\\\/algarve7.pt\\\/index.php\\\/2023\\\/02\\\/albufeira-volta-a-receber-a-mostra-de-cinema-universitario-sophia-estudante-2023\\\/cultura\\\/09\\\/21\\\/#breadcrumb\",\"itemListElement\":[{\"@type\":\"ListItem\",\"position\":1,\"name\":\"In\u00edcio\",\"item\":\"https:\\\/\\\/algarve7.pt\\\/\"},{\"@type\":\"ListItem\",\"position\":2,\"name\":\"Albufeira volta a receber a mostra de cinema universit\u00e1rio \u201cSophia estudante 2023\u201d\"}]},{\"@type\":\"WebSite\",\"@id\":\"https:\\\/\\\/algarve7.pt\\\/#website\",\"url\":\"https:\\\/\\\/algarve7.pt\\\/\",\"name\":\"Algarve 7\",\"description\":\"Informa\u00e7\u00e3o sobre o Algarve\",\"publisher\":{\"@id\":\"https:\\\/\\\/algarve7.pt\\\/#organization\"},\"potentialAction\":[{\"@type\":\"SearchAction\",\"target\":{\"@type\":\"EntryPoint\",\"urlTemplate\":\"https:\\\/\\\/algarve7.pt\\\/?s={search_term_string}\"},\"query-input\":{\"@type\":\"PropertyValueSpecification\",\"valueRequired\":true,\"valueName\":\"search_term_string\"}}],\"inLanguage\":\"pt-PT\"},{\"@type\":\"Organization\",\"@id\":\"https:\\\/\\\/algarve7.pt\\\/#organization\",\"name\":\"Algarve 7\",\"url\":\"https:\\\/\\\/algarve7.pt\\\/\",\"logo\":{\"@type\":\"ImageObject\",\"inLanguage\":\"pt-PT\",\"@id\":\"https:\\\/\\\/algarve7.pt\\\/#\\\/schema\\\/logo\\\/image\\\/\",\"url\":\"https:\\\/\\\/algarve7.pt\\\/wp-content\\\/uploads\\\/2020\\\/10\\\/Logo-8.jpg\",\"contentUrl\":\"https:\\\/\\\/algarve7.pt\\\/wp-content\\\/uploads\\\/2020\\\/10\\\/Logo-8.jpg\",\"width\":1680,\"height\":1186,\"caption\":\"Algarve 7\"},\"image\":{\"@id\":\"https:\\\/\\\/algarve7.pt\\\/#\\\/schema\\\/logo\\\/image\\\/\"},\"sameAs\":[\"https:\\\/\\\/www.facebook.com\\\/algarve7\",\"https:\\\/\\\/x.com\\\/Algarvesete\",\"https:\\\/\\\/www.instagram.com\\\/jornalalgarve7\\\/\",\"https:\\\/\\\/www.linkedin.com\\\/company\\\/algarve7\",\"https:\\\/\\\/www.pinterest.pt\\\/geral0939\\\/_created\\\/\"]},{\"@type\":\"Person\",\"@id\":\"https:\\\/\\\/algarve7.pt\\\/#\\\/schema\\\/person\\\/23fa70681308e7b319a3204bcea45e0c\",\"name\":\"Algarve 7\",\"sameAs\":[\"https:\\\/\\\/algarve7.pt\",\"https:\\\/\\\/www.facebook.com\\\/algarve7\"],\"url\":\"https:\\\/\\\/algarve7.pt\\\/index.php\\\/author\\\/geralalgarve7-pt\\\/\"}]}<\/script>\n<!-- \/ Yoast SEO plugin. -->","yoast_head_json":{"title":"Albufeira volta a receber a mostra de cinema universit\u00e1rio \u201cSophia estudante 2023\u201d - Algarve 7","description":"Albufeira volta a receber a mostra de cinema universit\u00e1rio \u201cSophia estudante 2023\u201d Cultura","robots":{"index":"index","follow":"follow","max-snippet":"max-snippet:-1","max-image-preview":"max-image-preview:large","max-video-preview":"max-video-preview:-1"},"canonical":"https:\/\/algarve7.pt\/index.php\/2023\/02\/albufeira-volta-a-receber-a-mostra-de-cinema-universitario-sophia-estudante-2023\/cultura\/09\/21\/","og_locale":"pt_PT","og_type":"article","og_title":"Albufeira volta a receber a mostra de cinema universit\u00e1rio \u201cSophia estudante 2023\u201d - Algarve 7","og_description":"Albufeira volta a receber a mostra de cinema universit\u00e1rio \u201cSophia estudante 2023\u201d Cultura","og_url":"https:\/\/algarve7.pt\/index.php\/2023\/02\/albufeira-volta-a-receber-a-mostra-de-cinema-universitario-sophia-estudante-2023\/cultura\/09\/21\/","og_site_name":"Algarve 7","article_publisher":"https:\/\/www.facebook.com\/algarve7","article_author":"https:\/\/www.facebook.com\/algarve7","article_published_time":"2023-02-28T09:21:23+00:00","article_modified_time":"2023-02-28T09:21:25+00:00","og_image":[{"width":1024,"height":591,"url":"https:\/\/algarve7.pt\/wp-content\/uploads\/2023\/02\/Captura-de-ecra-2023-02-28-as-09.19.06.png","type":"image\/png"}],"author":"Algarve 7","twitter_card":"summary_large_image","twitter_creator":"@Algarvesete","twitter_site":"@Algarvesete","twitter_misc":{"Escrito por":"Algarve 7","Tempo estimado de leitura":"3 minutos"},"schema":{"@context":"https:\/\/schema.org","@graph":[{"@type":"Article","@id":"https:\/\/algarve7.pt\/index.php\/2023\/02\/albufeira-volta-a-receber-a-mostra-de-cinema-universitario-sophia-estudante-2023\/cultura\/09\/21\/#article","isPartOf":{"@id":"https:\/\/algarve7.pt\/index.php\/2023\/02\/albufeira-volta-a-receber-a-mostra-de-cinema-universitario-sophia-estudante-2023\/cultura\/09\/21\/"},"author":{"name":"Algarve 7","@id":"https:\/\/algarve7.pt\/#\/schema\/person\/23fa70681308e7b319a3204bcea45e0c"},"headline":"Albufeira volta a receber a mostra de cinema universit\u00e1rio \u201cSophia estudante 2023\u201d","datePublished":"2023-02-28T09:21:23+00:00","dateModified":"2023-02-28T09:21:25+00:00","mainEntityOfPage":{"@id":"https:\/\/algarve7.pt\/index.php\/2023\/02\/albufeira-volta-a-receber-a-mostra-de-cinema-universitario-sophia-estudante-2023\/cultura\/09\/21\/"},"wordCount":468,"publisher":{"@id":"https:\/\/algarve7.pt\/#organization"},"image":{"@id":"https:\/\/algarve7.pt\/index.php\/2023\/02\/albufeira-volta-a-receber-a-mostra-de-cinema-universitario-sophia-estudante-2023\/cultura\/09\/21\/#primaryimage"},"thumbnailUrl":"https:\/\/algarve7.pt\/wp-content\/uploads\/2023\/02\/Captura-de-ecra-2023-02-28-as-09.19.06.png","keywords":["Albufeira","Algarve","Cinema","Cultura"],"articleSection":["Cultura"],"inLanguage":"pt-PT"},{"@type":"WebPage","@id":"https:\/\/algarve7.pt\/index.php\/2023\/02\/albufeira-volta-a-receber-a-mostra-de-cinema-universitario-sophia-estudante-2023\/cultura\/09\/21\/","url":"https:\/\/algarve7.pt\/index.php\/2023\/02\/albufeira-volta-a-receber-a-mostra-de-cinema-universitario-sophia-estudante-2023\/cultura\/09\/21\/","name":"Albufeira volta a receber a mostra de cinema universit\u00e1rio \u201cSophia estudante 2023\u201d - Algarve 7","isPartOf":{"@id":"https:\/\/algarve7.pt\/#website"},"primaryImageOfPage":{"@id":"https:\/\/algarve7.pt\/index.php\/2023\/02\/albufeira-volta-a-receber-a-mostra-de-cinema-universitario-sophia-estudante-2023\/cultura\/09\/21\/#primaryimage"},"image":{"@id":"https:\/\/algarve7.pt\/index.php\/2023\/02\/albufeira-volta-a-receber-a-mostra-de-cinema-universitario-sophia-estudante-2023\/cultura\/09\/21\/#primaryimage"},"thumbnailUrl":"https:\/\/algarve7.pt\/wp-content\/uploads\/2023\/02\/Captura-de-ecra-2023-02-28-as-09.19.06.png","datePublished":"2023-02-28T09:21:23+00:00","dateModified":"2023-02-28T09:21:25+00:00","description":"Albufeira volta a receber a mostra de cinema universit\u00e1rio \u201cSophia estudante 2023\u201d Cultura","breadcrumb":{"@id":"https:\/\/algarve7.pt\/index.php\/2023\/02\/albufeira-volta-a-receber-a-mostra-de-cinema-universitario-sophia-estudante-2023\/cultura\/09\/21\/#breadcrumb"},"inLanguage":"pt-PT","potentialAction":[{"@type":"ReadAction","target":["https:\/\/algarve7.pt\/index.php\/2023\/02\/albufeira-volta-a-receber-a-mostra-de-cinema-universitario-sophia-estudante-2023\/cultura\/09\/21\/"]}]},{"@type":"ImageObject","inLanguage":"pt-PT","@id":"https:\/\/algarve7.pt\/index.php\/2023\/02\/albufeira-volta-a-receber-a-mostra-de-cinema-universitario-sophia-estudante-2023\/cultura\/09\/21\/#primaryimage","url":"https:\/\/algarve7.pt\/wp-content\/uploads\/2023\/02\/Captura-de-ecra-2023-02-28-as-09.19.06.png","contentUrl":"https:\/\/algarve7.pt\/wp-content\/uploads\/2023\/02\/Captura-de-ecra-2023-02-28-as-09.19.06.png","width":1024,"height":591},{"@type":"BreadcrumbList","@id":"https:\/\/algarve7.pt\/index.php\/2023\/02\/albufeira-volta-a-receber-a-mostra-de-cinema-universitario-sophia-estudante-2023\/cultura\/09\/21\/#breadcrumb","itemListElement":[{"@type":"ListItem","position":1,"name":"In\u00edcio","item":"https:\/\/algarve7.pt\/"},{"@type":"ListItem","position":2,"name":"Albufeira volta a receber a mostra de cinema universit\u00e1rio \u201cSophia estudante 2023\u201d"}]},{"@type":"WebSite","@id":"https:\/\/algarve7.pt\/#website","url":"https:\/\/algarve7.pt\/","name":"Algarve 7","description":"Informa\u00e7\u00e3o sobre o Algarve","publisher":{"@id":"https:\/\/algarve7.pt\/#organization"},"potentialAction":[{"@type":"SearchAction","target":{"@type":"EntryPoint","urlTemplate":"https:\/\/algarve7.pt\/?s={search_term_string}"},"query-input":{"@type":"PropertyValueSpecification","valueRequired":true,"valueName":"search_term_string"}}],"inLanguage":"pt-PT"},{"@type":"Organization","@id":"https:\/\/algarve7.pt\/#organization","name":"Algarve 7","url":"https:\/\/algarve7.pt\/","logo":{"@type":"ImageObject","inLanguage":"pt-PT","@id":"https:\/\/algarve7.pt\/#\/schema\/logo\/image\/","url":"https:\/\/algarve7.pt\/wp-content\/uploads\/2020\/10\/Logo-8.jpg","contentUrl":"https:\/\/algarve7.pt\/wp-content\/uploads\/2020\/10\/Logo-8.jpg","width":1680,"height":1186,"caption":"Algarve 7"},"image":{"@id":"https:\/\/algarve7.pt\/#\/schema\/logo\/image\/"},"sameAs":["https:\/\/www.facebook.com\/algarve7","https:\/\/x.com\/Algarvesete","https:\/\/www.instagram.com\/jornalalgarve7\/","https:\/\/www.linkedin.com\/company\/algarve7","https:\/\/www.pinterest.pt\/geral0939\/_created\/"]},{"@type":"Person","@id":"https:\/\/algarve7.pt\/#\/schema\/person\/23fa70681308e7b319a3204bcea45e0c","name":"Algarve 7","sameAs":["https:\/\/algarve7.pt","https:\/\/www.facebook.com\/algarve7"],"url":"https:\/\/algarve7.pt\/index.php\/author\/geralalgarve7-pt\/"}]}},"jetpack_publicize_connections":[],"jetpack_featured_media_url":"https:\/\/algarve7.pt\/wp-content\/uploads\/2023\/02\/Captura-de-ecra-2023-02-28-as-09.19.06.png","jetpack_shortlink":"https:\/\/wp.me\/pcezmW-6IH","jetpack_sharing_enabled":true,"_links":{"self":[{"href":"https:\/\/algarve7.pt\/index.php\/wp-json\/wp\/v2\/posts\/25835","targetHints":{"allow":["GET"]}}],"collection":[{"href":"https:\/\/algarve7.pt\/index.php\/wp-json\/wp\/v2\/posts"}],"about":[{"href":"https:\/\/algarve7.pt\/index.php\/wp-json\/wp\/v2\/types\/post"}],"author":[{"embeddable":true,"href":"https:\/\/algarve7.pt\/index.php\/wp-json\/wp\/v2\/users\/1"}],"replies":[{"embeddable":true,"href":"https:\/\/algarve7.pt\/index.php\/wp-json\/wp\/v2\/comments?post=25835"}],"version-history":[{"count":0,"href":"https:\/\/algarve7.pt\/index.php\/wp-json\/wp\/v2\/posts\/25835\/revisions"}],"wp:featuredmedia":[{"embeddable":true,"href":"https:\/\/algarve7.pt\/index.php\/wp-json\/wp\/v2\/media\/25836"}],"wp:attachment":[{"href":"https:\/\/algarve7.pt\/index.php\/wp-json\/wp\/v2\/media?parent=25835"}],"wp:term":[{"taxonomy":"category","embeddable":true,"href":"https:\/\/algarve7.pt\/index.php\/wp-json\/wp\/v2\/categories?post=25835"},{"taxonomy":"post_tag","embeddable":true,"href":"https:\/\/algarve7.pt\/index.php\/wp-json\/wp\/v2\/tags?post=25835"}],"curies":[{"name":"wp","href":"https:\/\/api.w.org\/{rel}","templated":true}]}}